{"id":31241,"date":"2025-10-20T14:21:39","date_gmt":"2025-10-20T12:21:39","guid":{"rendered":"https:\/\/www.caudete.org\/ayuntamiento\/?p=31241"},"modified":"2025-10-28T09:30:21","modified_gmt":"2025-10-28T08:30:21","slug":"vuelve-el-cine-al-auditorio-municipal-con-el-estreno-de-la-casa-de-munecas-de-gabby-la-pelicula","status":"publish","type":"post","link":"https:\/\/www.caudete.org\/ayuntamiento\/vuelve-el-cine-al-auditorio-municipal-con-el-estreno-de-la-casa-de-munecas-de-gabby-la-pelicula\/","title":{"rendered":"Vuelve el Cine al Auditorio Municipal con el estreno de &#8220;La casa de mu\u00f1ecas de Gabby: La Pel\u00edcula&#8221;"},"content":{"rendered":"<p>La magia del <strong>cine infantil regresa al Auditorio Municipal<\/strong>, dentro de la Programaci\u00f3n Cultural de Oto\u00f1o 2025, los pr\u00f3ximos d\u00edas 25 y 26 de octubre con la proyecci\u00f3n de la exitosa pel\u00edcula de animaci\u00f3n y acci\u00f3n real <strong>&#8220;La casa de mu\u00f1ecas de Gabby: La Pel\u00edcula\u201d<\/strong>. El p\u00fablico familiar tendr\u00e1 una doble oportunidad de disfrutar de esta gran aventura en la gran pantalla.<\/p>\n<p><strong>S\u00e1bado 25 y domingo 26 de octubre<\/strong> con pases a las <strong>17:00h y 19:00h ambos d\u00edas<\/strong>.<\/p>\n<p><u>Sinopsis:<\/u> El viaje por carretera de Gabby y su abuela Gigi da un giro inesperado cuando la preciada casa de mu\u00f1ecas de Gabby termina en manos de Vera, una exc\u00e9ntrica dama obsesionada con los gatos. Gabby emprende una emocionante aventura a trav\u00e9s del mundo real para volver a reunir a sus queridos amigos felinos, los Gabby-Gatos, y salvar su casa de mu\u00f1ecas antes de que sea demasiado tarde. Una historia que combina acci\u00f3n real y animaci\u00f3n, explorando la importancia de la amistad, la valent\u00eda y la preservaci\u00f3n de la magia y el asombro de la infancia.<\/p>\n<p>Recomendada para todas las edades<\/p>\n<p>Las entradas para cada sesi\u00f3n se podr\u00e1n adquirir en la taquilla 40 minutos antes de cada funci\u00f3n con un precio \u00fanico de 5\u20ac.<\/p>\n<p>\u00a1No te lo pierdas!<\/p>\n<p><a href=\"https:\/\/www.caudete.org\/ayuntamiento\/wp-content\/uploads\/2025\/10\/Imagen-de-WhatsApp-2025-10-20-a-las-12.34.27_3b32c819.jpg\" rel='prettyPhoto'><img fetchpriority=\"high\" decoding=\"async\" class=\"alignnone wp-image-31242 size-full\" src=\"https:\/\/www.caudete.org\/ayuntamiento\/wp-content\/uploads\/2025\/10\/Imagen-de-WhatsApp-2025-10-20-a-las-12.34.27_3b32c819.jpg\" alt=\"\" width=\"1000\" height=\"1414\" srcset=\"https:\/\/www.caudete.org\/ayuntamiento\/wp-content\/uploads\/2025\/10\/Imagen-de-WhatsApp-2025-10-20-a-las-12.34.27_3b32c819.jpg 1000w, https:\/\/www.caudete.org\/ayuntamiento\/wp-content\/uploads\/2025\/10\/Imagen-de-WhatsApp-2025-10-20-a-las-12.34.27_3b32c819-566x800.jpg 566w, https:\/\/www.caudete.org\/ayuntamiento\/wp-content\/uploads\/2025\/10\/Imagen-de-WhatsApp-2025-10-20-a-las-12.34.27_3b32c819-636x900.jpg 636w, https:\/\/www.caudete.org\/ayuntamiento\/wp-content\/uploads\/2025\/10\/Imagen-de-WhatsApp-2025-10-20-a-las-12.34.27_3b32c819-156x220.jpg 156w, https:\/\/www.caudete.org\/ayuntamiento\/wp-content\/uploads\/2025\/10\/Imagen-de-WhatsApp-2025-10-20-a-las-12.34.27_3b32c819-768x1086.jpg 768w\" sizes=\"(max-width: 1000px) 100vw, 1000px\" \/><\/a><\/p>\n","protected":false},"excerpt":{"rendered":"<p>La magia del cine infantil regresa al Auditorio Municipal, dentro de la Programaci\u00f3n Cultural de Oto\u00f1o 2025, los pr\u00f3ximos d\u00edas 25 y 26 de octubre con la proyecci\u00f3n de la exitosa pel\u00edcula de animaci\u00f3n y acci\u00f3n real &#8220;La casa de mu\u00f1ecas de Gabby: La Pel\u00edcula\u201d. El p\u00fablico familiar tendr\u00e1 una doble oportunidad de disfrutar de &hellip;<\/p>\n","protected":false},"author":6,"featured_media":31247,"comment_status":"closed","ping_status":"open","sticky":false,"template":"","format":"standard","meta":{"ngg_post_thumbnail":0,"footnotes":""},"categories":[14],"tags":[],"class_list":["post-31241","post","type-post","status-publish","format-standard","has-post-thumbnail","hentry","category-cultura"],"yoast_head":"<!-- This site is optimized with the Yoast SEO plugin v27.5 - https:\/\/yoast.com\/product\/yoast-seo-wordpress\/ -->\n<title>Vuelve el Cine al Auditorio Municipal con el estreno de &quot;La casa de mu\u00f1ecas de Gabby: La Pel\u00edcula&quot; - MI Ayuntamiento de Caudete<\/title>\n<meta name=\"description\" content=\"P\u00e1gina Oficial del Ayuntamiento de Caudete (Albacete)\" \/>\n<meta name=\"robots\" content=\"index, follow, max-snippet:-1, max-image-preview:large, max-video-preview:-1\" \/>\n<link rel=\"canonical\" href=\"https:\/\/www.caudete.org\/ayuntamiento\/vuelve-el-cine-al-auditorio-municipal-con-el-estreno-de-la-casa-de-munecas-de-gabby-la-pelicula\/\" \/>\n<meta property=\"og:locale\" content=\"es_ES\" \/>\n<meta property=\"og:type\" content=\"article\" \/>\n<meta property=\"og:title\" content=\"Vuelve el Cine al Auditorio Municipal con el estreno de &quot;La casa de mu\u00f1ecas de Gabby: La Pel\u00edcula&quot; - MI Ayuntamiento de Caudete\" \/>\n<meta property=\"og:description\" content=\"P\u00e1gina Oficial del Ayuntamiento de Caudete (Albacete)\" \/>\n<meta property=\"og:url\" content=\"https:\/\/www.caudete.org\/ayuntamiento\/vuelve-el-cine-al-auditorio-municipal-con-el-estreno-de-la-casa-de-munecas-de-gabby-la-pelicula\/\" \/>\n<meta property=\"og:site_name\" content=\"MI Ayuntamiento de Caudete\" \/>\n<meta property=\"article:publisher\" content=\"https:\/\/www.facebook.com\/ayuntamientocaudete\/\" \/>\n<meta property=\"article:published_time\" content=\"2025-10-20T12:21:39+00:00\" \/>\n<meta property=\"article:modified_time\" content=\"2025-10-28T08:30:21+00:00\" \/>\n<meta property=\"og:image\" content=\"https:\/\/www.caudete.org\/ayuntamiento\/wp-content\/uploads\/2025\/10\/Imagen-de-WhatsApp-2025-10-20-a-las-12.34.27_3b3-port.jpg\" \/>\n\t<meta property=\"og:image:width\" content=\"994\" \/>\n\t<meta property=\"og:image:height\" content=\"626\" \/>\n\t<meta property=\"og:image:type\" content=\"image\/jpeg\" \/>\n<meta name=\"author\" content=\"informatica2\" \/>\n<meta name=\"twitter:card\" content=\"summary_large_image\" \/>\n<meta name=\"twitter:label1\" content=\"Escrito por\" \/>\n\t<meta name=\"twitter:data1\" content=\"informatica2\" \/>\n\t<meta name=\"twitter:label2\" content=\"Tiempo de lectura\" \/>\n\t<meta name=\"twitter:data2\" content=\"2 minutos\" \/>\n<script type=\"application\/ld+json\" class=\"yoast-schema-graph\">{\"@context\":\"https:\\\/\\\/schema.org\",\"@graph\":[{\"@type\":\"Article\",\"@id\":\"https:\\\/\\\/www.caudete.org\\\/ayuntamiento\\\/vuelve-el-cine-al-auditorio-municipal-con-el-estreno-de-la-casa-de-munecas-de-gabby-la-pelicula\\\/#article\",\"isPartOf\":{\"@id\":\"https:\\\/\\\/www.caudete.org\\\/ayuntamiento\\\/vuelve-el-cine-al-auditorio-municipal-con-el-estreno-de-la-casa-de-munecas-de-gabby-la-pelicula\\\/\"},\"author\":{\"name\":\"informatica2\",\"@id\":\"https:\\\/\\\/www.caudete.org\\\/ayuntamiento\\\/#\\\/schema\\\/person\\\/abfa5ffd5010a14e078c21e6e61b6291\"},\"headline\":\"Vuelve el Cine al Auditorio Municipal con el estreno de &#8220;La casa de mu\u00f1ecas de Gabby: La Pel\u00edcula&#8221;\",\"datePublished\":\"2025-10-20T12:21:39+00:00\",\"dateModified\":\"2025-10-28T08:30:21+00:00\",\"mainEntityOfPage\":{\"@id\":\"https:\\\/\\\/www.caudete.org\\\/ayuntamiento\\\/vuelve-el-cine-al-auditorio-municipal-con-el-estreno-de-la-casa-de-munecas-de-gabby-la-pelicula\\\/\"},\"wordCount\":243,\"image\":{\"@id\":\"https:\\\/\\\/www.caudete.org\\\/ayuntamiento\\\/vuelve-el-cine-al-auditorio-municipal-con-el-estreno-de-la-casa-de-munecas-de-gabby-la-pelicula\\\/#primaryimage\"},\"thumbnailUrl\":\"https:\\\/\\\/www.caudete.org\\\/ayuntamiento\\\/wp-content\\\/uploads\\\/2025\\\/10\\\/Imagen-de-WhatsApp-2025-10-20-a-las-12.34.27_3b3-port.jpg\",\"articleSection\":[\"Cultura\"],\"inLanguage\":\"es\"},{\"@type\":\"WebPage\",\"@id\":\"https:\\\/\\\/www.caudete.org\\\/ayuntamiento\\\/vuelve-el-cine-al-auditorio-municipal-con-el-estreno-de-la-casa-de-munecas-de-gabby-la-pelicula\\\/\",\"url\":\"https:\\\/\\\/www.caudete.org\\\/ayuntamiento\\\/vuelve-el-cine-al-auditorio-municipal-con-el-estreno-de-la-casa-de-munecas-de-gabby-la-pelicula\\\/\",\"name\":\"Vuelve el Cine al Auditorio Municipal con el estreno de \\\"La casa de mu\u00f1ecas de Gabby: La Pel\u00edcula\\\" - MI Ayuntamiento de Caudete\",\"isPartOf\":{\"@id\":\"https:\\\/\\\/www.caudete.org\\\/ayuntamiento\\\/#website\"},\"primaryImageOfPage\":{\"@id\":\"https:\\\/\\\/www.caudete.org\\\/ayuntamiento\\\/vuelve-el-cine-al-auditorio-municipal-con-el-estreno-de-la-casa-de-munecas-de-gabby-la-pelicula\\\/#primaryimage\"},\"image\":{\"@id\":\"https:\\\/\\\/www.caudete.org\\\/ayuntamiento\\\/vuelve-el-cine-al-auditorio-municipal-con-el-estreno-de-la-casa-de-munecas-de-gabby-la-pelicula\\\/#primaryimage\"},\"thumbnailUrl\":\"https:\\\/\\\/www.caudete.org\\\/ayuntamiento\\\/wp-content\\\/uploads\\\/2025\\\/10\\\/Imagen-de-WhatsApp-2025-10-20-a-las-12.34.27_3b3-port.jpg\",\"datePublished\":\"2025-10-20T12:21:39+00:00\",\"dateModified\":\"2025-10-28T08:30:21+00:00\",\"author\":{\"@id\":\"https:\\\/\\\/www.caudete.org\\\/ayuntamiento\\\/#\\\/schema\\\/person\\\/abfa5ffd5010a14e078c21e6e61b6291\"},\"description\":\"P\u00e1gina Oficial del Ayuntamiento de Caudete (Albacete)\",\"breadcrumb\":{\"@id\":\"https:\\\/\\\/www.caudete.org\\\/ayuntamiento\\\/vuelve-el-cine-al-auditorio-municipal-con-el-estreno-de-la-casa-de-munecas-de-gabby-la-pelicula\\\/#breadcrumb\"},\"inLanguage\":\"es\",\"potentialAction\":[{\"@type\":\"ReadAction\",\"target\":[\"https:\\\/\\\/www.caudete.org\\\/ayuntamiento\\\/vuelve-el-cine-al-auditorio-municipal-con-el-estreno-de-la-casa-de-munecas-de-gabby-la-pelicula\\\/\"]}]},{\"@type\":\"ImageObject\",\"inLanguage\":\"es\",\"@id\":\"https:\\\/\\\/www.caudete.org\\\/ayuntamiento\\\/vuelve-el-cine-al-auditorio-municipal-con-el-estreno-de-la-casa-de-munecas-de-gabby-la-pelicula\\\/#primaryimage\",\"url\":\"https:\\\/\\\/www.caudete.org\\\/ayuntamiento\\\/wp-content\\\/uploads\\\/2025\\\/10\\\/Imagen-de-WhatsApp-2025-10-20-a-las-12.34.27_3b3-port.jpg\",\"contentUrl\":\"https:\\\/\\\/www.caudete.org\\\/ayuntamiento\\\/wp-content\\\/uploads\\\/2025\\\/10\\\/Imagen-de-WhatsApp-2025-10-20-a-las-12.34.27_3b3-port.jpg\",\"width\":994,\"height\":626},{\"@type\":\"BreadcrumbList\",\"@id\":\"https:\\\/\\\/www.caudete.org\\\/ayuntamiento\\\/vuelve-el-cine-al-auditorio-municipal-con-el-estreno-de-la-casa-de-munecas-de-gabby-la-pelicula\\\/#breadcrumb\",\"itemListElement\":[{\"@type\":\"ListItem\",\"position\":1,\"name\":\"Inicio\",\"item\":\"https:\\\/\\\/www.caudete.org\\\/ayuntamiento\\\/\"},{\"@type\":\"ListItem\",\"position\":2,\"name\":\"Vuelve el Cine al Auditorio Municipal con el estreno de &#8220;La casa de mu\u00f1ecas de Gabby: La Pel\u00edcula&#8221;\"}]},{\"@type\":\"WebSite\",\"@id\":\"https:\\\/\\\/www.caudete.org\\\/ayuntamiento\\\/#website\",\"url\":\"https:\\\/\\\/www.caudete.org\\\/ayuntamiento\\\/\",\"name\":\"MI Ayuntamiento de Caudete\",\"description\":\"P\u00e1gina Oficial del MI Ayuntamiento de Caudete\",\"potentialAction\":[{\"@type\":\"SearchAction\",\"target\":{\"@type\":\"EntryPoint\",\"urlTemplate\":\"https:\\\/\\\/www.caudete.org\\\/ayuntamiento\\\/?s={search_term_string}\"},\"query-input\":{\"@type\":\"PropertyValueSpecification\",\"valueRequired\":true,\"valueName\":\"search_term_string\"}}],\"inLanguage\":\"es\"},{\"@type\":\"Person\",\"@id\":\"https:\\\/\\\/www.caudete.org\\\/ayuntamiento\\\/#\\\/schema\\\/person\\\/abfa5ffd5010a14e078c21e6e61b6291\",\"name\":\"informatica2\",\"image\":{\"@type\":\"ImageObject\",\"inLanguage\":\"es\",\"@id\":\"https:\\\/\\\/secure.gravatar.com\\\/avatar\\\/b089890ff033a3e4d03eec00ecb5a14425217205c513f60ec32ebeaaeb5fa700?s=96&d=mm&r=g\",\"url\":\"https:\\\/\\\/secure.gravatar.com\\\/avatar\\\/b089890ff033a3e4d03eec00ecb5a14425217205c513f60ec32ebeaaeb5fa700?s=96&d=mm&r=g\",\"contentUrl\":\"https:\\\/\\\/secure.gravatar.com\\\/avatar\\\/b089890ff033a3e4d03eec00ecb5a14425217205c513f60ec32ebeaaeb5fa700?s=96&d=mm&r=g\",\"caption\":\"informatica2\"},\"url\":\"https:\\\/\\\/www.caudete.org\\\/ayuntamiento\\\/author\\\/informatica2\\\/\"}]}<\/script>\n<!-- \/ Yoast SEO plugin. -->","yoast_head_json":{"title":"Vuelve el Cine al Auditorio Municipal con el estreno de \"La casa de mu\u00f1ecas de Gabby: La Pel\u00edcula\" - MI Ayuntamiento de Caudete","description":"P\u00e1gina Oficial del Ayuntamiento de Caudete (Albacete)","robots":{"index":"index","follow":"follow","max-snippet":"max-snippet:-1","max-image-preview":"max-image-preview:large","max-video-preview":"max-video-preview:-1"},"canonical":"https:\/\/www.caudete.org\/ayuntamiento\/vuelve-el-cine-al-auditorio-municipal-con-el-estreno-de-la-casa-de-munecas-de-gabby-la-pelicula\/","og_locale":"es_ES","og_type":"article","og_title":"Vuelve el Cine al Auditorio Municipal con el estreno de \"La casa de mu\u00f1ecas de Gabby: La Pel\u00edcula\" - MI Ayuntamiento de Caudete","og_description":"P\u00e1gina Oficial del Ayuntamiento de Caudete (Albacete)","og_url":"https:\/\/www.caudete.org\/ayuntamiento\/vuelve-el-cine-al-auditorio-municipal-con-el-estreno-de-la-casa-de-munecas-de-gabby-la-pelicula\/","og_site_name":"MI Ayuntamiento de Caudete","article_publisher":"https:\/\/www.facebook.com\/ayuntamientocaudete\/","article_published_time":"2025-10-20T12:21:39+00:00","article_modified_time":"2025-10-28T08:30:21+00:00","og_image":[{"width":994,"height":626,"url":"https:\/\/www.caudete.org\/ayuntamiento\/wp-content\/uploads\/2025\/10\/Imagen-de-WhatsApp-2025-10-20-a-las-12.34.27_3b3-port.jpg","type":"image\/jpeg"}],"author":"informatica2","twitter_card":"summary_large_image","twitter_misc":{"Escrito por":"informatica2","Tiempo de lectura":"2 minutos"},"schema":{"@context":"https:\/\/schema.org","@graph":[{"@type":"Article","@id":"https:\/\/www.caudete.org\/ayuntamiento\/vuelve-el-cine-al-auditorio-municipal-con-el-estreno-de-la-casa-de-munecas-de-gabby-la-pelicula\/#article","isPartOf":{"@id":"https:\/\/www.caudete.org\/ayuntamiento\/vuelve-el-cine-al-auditorio-municipal-con-el-estreno-de-la-casa-de-munecas-de-gabby-la-pelicula\/"},"author":{"name":"informatica2","@id":"https:\/\/www.caudete.org\/ayuntamiento\/#\/schema\/person\/abfa5ffd5010a14e078c21e6e61b6291"},"headline":"Vuelve el Cine al Auditorio Municipal con el estreno de &#8220;La casa de mu\u00f1ecas de Gabby: La Pel\u00edcula&#8221;","datePublished":"2025-10-20T12:21:39+00:00","dateModified":"2025-10-28T08:30:21+00:00","mainEntityOfPage":{"@id":"https:\/\/www.caudete.org\/ayuntamiento\/vuelve-el-cine-al-auditorio-municipal-con-el-estreno-de-la-casa-de-munecas-de-gabby-la-pelicula\/"},"wordCount":243,"image":{"@id":"https:\/\/www.caudete.org\/ayuntamiento\/vuelve-el-cine-al-auditorio-municipal-con-el-estreno-de-la-casa-de-munecas-de-gabby-la-pelicula\/#primaryimage"},"thumbnailUrl":"https:\/\/www.caudete.org\/ayuntamiento\/wp-content\/uploads\/2025\/10\/Imagen-de-WhatsApp-2025-10-20-a-las-12.34.27_3b3-port.jpg","articleSection":["Cultura"],"inLanguage":"es"},{"@type":"WebPage","@id":"https:\/\/www.caudete.org\/ayuntamiento\/vuelve-el-cine-al-auditorio-municipal-con-el-estreno-de-la-casa-de-munecas-de-gabby-la-pelicula\/","url":"https:\/\/www.caudete.org\/ayuntamiento\/vuelve-el-cine-al-auditorio-municipal-con-el-estreno-de-la-casa-de-munecas-de-gabby-la-pelicula\/","name":"Vuelve el Cine al Auditorio Municipal con el estreno de \"La casa de mu\u00f1ecas de Gabby: La Pel\u00edcula\" - MI Ayuntamiento de Caudete","isPartOf":{"@id":"https:\/\/www.caudete.org\/ayuntamiento\/#website"},"primaryImageOfPage":{"@id":"https:\/\/www.caudete.org\/ayuntamiento\/vuelve-el-cine-al-auditorio-municipal-con-el-estreno-de-la-casa-de-munecas-de-gabby-la-pelicula\/#primaryimage"},"image":{"@id":"https:\/\/www.caudete.org\/ayuntamiento\/vuelve-el-cine-al-auditorio-municipal-con-el-estreno-de-la-casa-de-munecas-de-gabby-la-pelicula\/#primaryimage"},"thumbnailUrl":"https:\/\/www.caudete.org\/ayuntamiento\/wp-content\/uploads\/2025\/10\/Imagen-de-WhatsApp-2025-10-20-a-las-12.34.27_3b3-port.jpg","datePublished":"2025-10-20T12:21:39+00:00","dateModified":"2025-10-28T08:30:21+00:00","author":{"@id":"https:\/\/www.caudete.org\/ayuntamiento\/#\/schema\/person\/abfa5ffd5010a14e078c21e6e61b6291"},"description":"P\u00e1gina Oficial del Ayuntamiento de Caudete (Albacete)","breadcrumb":{"@id":"https:\/\/www.caudete.org\/ayuntamiento\/vuelve-el-cine-al-auditorio-municipal-con-el-estreno-de-la-casa-de-munecas-de-gabby-la-pelicula\/#breadcrumb"},"inLanguage":"es","potentialAction":[{"@type":"ReadAction","target":["https:\/\/www.caudete.org\/ayuntamiento\/vuelve-el-cine-al-auditorio-municipal-con-el-estreno-de-la-casa-de-munecas-de-gabby-la-pelicula\/"]}]},{"@type":"ImageObject","inLanguage":"es","@id":"https:\/\/www.caudete.org\/ayuntamiento\/vuelve-el-cine-al-auditorio-municipal-con-el-estreno-de-la-casa-de-munecas-de-gabby-la-pelicula\/#primaryimage","url":"https:\/\/www.caudete.org\/ayuntamiento\/wp-content\/uploads\/2025\/10\/Imagen-de-WhatsApp-2025-10-20-a-las-12.34.27_3b3-port.jpg","contentUrl":"https:\/\/www.caudete.org\/ayuntamiento\/wp-content\/uploads\/2025\/10\/Imagen-de-WhatsApp-2025-10-20-a-las-12.34.27_3b3-port.jpg","width":994,"height":626},{"@type":"BreadcrumbList","@id":"https:\/\/www.caudete.org\/ayuntamiento\/vuelve-el-cine-al-auditorio-municipal-con-el-estreno-de-la-casa-de-munecas-de-gabby-la-pelicula\/#breadcrumb","itemListElement":[{"@type":"ListItem","position":1,"name":"Inicio","item":"https:\/\/www.caudete.org\/ayuntamiento\/"},{"@type":"ListItem","position":2,"name":"Vuelve el Cine al Auditorio Municipal con el estreno de &#8220;La casa de mu\u00f1ecas de Gabby: La Pel\u00edcula&#8221;"}]},{"@type":"WebSite","@id":"https:\/\/www.caudete.org\/ayuntamiento\/#website","url":"https:\/\/www.caudete.org\/ayuntamiento\/","name":"MI Ayuntamiento de Caudete","description":"P\u00e1gina Oficial del MI Ayuntamiento de Caudete","potentialAction":[{"@type":"SearchAction","target":{"@type":"EntryPoint","urlTemplate":"https:\/\/www.caudete.org\/ayuntamiento\/?s={search_term_string}"},"query-input":{"@type":"PropertyValueSpecification","valueRequired":true,"valueName":"search_term_string"}}],"inLanguage":"es"},{"@type":"Person","@id":"https:\/\/www.caudete.org\/ayuntamiento\/#\/schema\/person\/abfa5ffd5010a14e078c21e6e61b6291","name":"informatica2","image":{"@type":"ImageObject","inLanguage":"es","@id":"https:\/\/secure.gravatar.com\/avatar\/b089890ff033a3e4d03eec00ecb5a14425217205c513f60ec32ebeaaeb5fa700?s=96&d=mm&r=g","url":"https:\/\/secure.gravatar.com\/avatar\/b089890ff033a3e4d03eec00ecb5a14425217205c513f60ec32ebeaaeb5fa700?s=96&d=mm&r=g","contentUrl":"https:\/\/secure.gravatar.com\/avatar\/b089890ff033a3e4d03eec00ecb5a14425217205c513f60ec32ebeaaeb5fa700?s=96&d=mm&r=g","caption":"informatica2"},"url":"https:\/\/www.caudete.org\/ayuntamiento\/author\/informatica2\/"}]}},"_links":{"self":[{"href":"https:\/\/www.caudete.org\/ayuntamiento\/wp-json\/wp\/v2\/posts\/31241","targetHints":{"allow":["GET"]}}],"collection":[{"href":"https:\/\/www.caudete.org\/ayuntamiento\/wp-json\/wp\/v2\/posts"}],"about":[{"href":"https:\/\/www.caudete.org\/ayuntamiento\/wp-json\/wp\/v2\/types\/post"}],"author":[{"embeddable":true,"href":"https:\/\/www.caudete.org\/ayuntamiento\/wp-json\/wp\/v2\/users\/6"}],"replies":[{"embeddable":true,"href":"https:\/\/www.caudete.org\/ayuntamiento\/wp-json\/wp\/v2\/comments?post=31241"}],"version-history":[{"count":2,"href":"https:\/\/www.caudete.org\/ayuntamiento\/wp-json\/wp\/v2\/posts\/31241\/revisions"}],"predecessor-version":[{"id":31245,"href":"https:\/\/www.caudete.org\/ayuntamiento\/wp-json\/wp\/v2\/posts\/31241\/revisions\/31245"}],"wp:featuredmedia":[{"embeddable":true,"href":"https:\/\/www.caudete.org\/ayuntamiento\/wp-json\/wp\/v2\/media\/31247"}],"wp:attachment":[{"href":"https:\/\/www.caudete.org\/ayuntamiento\/wp-json\/wp\/v2\/media?parent=31241"}],"wp:term":[{"taxonomy":"category","embeddable":true,"href":"https:\/\/www.caudete.org\/ayuntamiento\/wp-json\/wp\/v2\/categories?post=31241"},{"taxonomy":"post_tag","embeddable":true,"href":"https:\/\/www.caudete.org\/ayuntamiento\/wp-json\/wp\/v2\/tags?post=31241"}],"curies":[{"name":"wp","href":"https:\/\/api.w.org\/{rel}","templated":true}]}}