{"id":31254,"date":"2025-10-21T18:06:52","date_gmt":"2025-10-21T16:06:52","guid":{"rendered":"https:\/\/www.caudete.org\/ayuntamiento\/?p=31254"},"modified":"2025-10-21T19:15:17","modified_gmt":"2025-10-21T17:15:17","slug":"el-grupo-de-desarrollo-rural-monte-iberico-corredor-de-almansa-firma-en-chinchilla-los-contratos-de-ayudas-leader-2023-2027","status":"publish","type":"post","link":"https:\/\/www.caudete.org\/ayuntamiento\/el-grupo-de-desarrollo-rural-monte-iberico-corredor-de-almansa-firma-en-chinchilla-los-contratos-de-ayudas-leader-2023-2027\/","title":{"rendered":"El Grupo de Desarrollo Rural Monte Ib\u00e9rico\u2013Corredor de Almansa firma en Chinchilla los contratos de ayudas LEADER 2023-2027"},"content":{"rendered":"<div class=\"x14z9mp xat24cr x1lziwak x1vvkbs xtlvy1s x126k92a\">\n<div dir=\"auto\"><span class=\"html-span xexx8yu xyri2b x18d9i69 x1c1uobl x1hl2dhg x16tdsg8 x1vvkbs x3nfvp2 x1j61x8r x1fcty0u xdj266r xat24cr xm2jcoa x1mpyi22 xxymvpz xlup9mm x1kky2od\"><img decoding=\"async\" class=\"xz74otr x15mokao x1ga7v0g x16uus16 xbiv7yw\" src=\"https:\/\/static.xx.fbcdn.net\/images\/emoji.php\/v9\/t2d\/1\/16\/1f4cd.png\" alt=\"\ud83d\udccd\" width=\"16\" height=\"16\" \/><\/span> En un acto celebrado en el Ayuntamiento de Chinchilla de Montearag\u00f3n, nuestra presidenta Isabel Mart\u00ednez Arnedo ha suscrito junto a los beneficiarios los contratos correspondientes a la nueva convocatoria de ayudas <span class=\"html-span xdj266r x14z9mp xat24cr x1lziwak xexx8yu xyri2b x18d9i69 x1c1uobl x1hl2dhg x16tdsg8 x1vvkbs\"><a class=\"x1i10hfl xjbqb8w x1ejq31n x18oe1m7 x1sy0etr xstzfhl x972fbf x10w94by x1qhh985 x14e42zd x9f619 x1ypdohk xt0psk2 x3ct3a4 xdj266r x14z9mp xat24cr x1lziwak xexx8yu xyri2b x18d9i69 x1c1uobl x16tdsg8 x1hl2dhg xggy1nq x1a2a7pz xkrqix3 x1sur9pj x1fey0fg x1s688f\" tabindex=\"0\" role=\"link\" href=\"https:\/\/www.facebook.com\/hashtag\/leader?__eep__=6&amp;__cft__[0]=AZWjM1-h_O_cz33Ql-PVcvCLPDfDoL3NRHQufR3RV9Q3VccHi2gD4V6Fe78FFJJEc3fDYtep75psvxEB4ecDMzwBNgAewYMOKck6WQmQWBm6BgmGDc3Nc0SYE81Aeos9mmNV2tASMZtRkd5WN4w3bAgAMBp41eG-oVxAAL8xzZKB8w&amp;__tn__=*NK-R\" target=\"_blank\" rel=\"nofollow\">#LEADER<\/a><\/span>, acompa\u00f1ada por el delegado provincial de Agricultura, Ganader\u00eda y Desarrollo Rural, Ram\u00f3n S\u00e1ez, y representantes de entidades locales y empresas del territorio.<\/div>\n<div dir=\"auto\"><\/div>\n<\/div>\n<div class=\"x14z9mp xat24cr x1lziwak x1vvkbs xtlvy1s x126k92a\">\n<div dir=\"auto\"><span class=\"html-span xexx8yu xyri2b x18d9i69 x1c1uobl x1hl2dhg x16tdsg8 x1vvkbs x3nfvp2 x1j61x8r x1fcty0u xdj266r xat24cr xm2jcoa x1mpyi22 xxymvpz xlup9mm x1kky2od\"><img decoding=\"async\" class=\"xz74otr x15mokao x1ga7v0g x16uus16 xbiv7yw\" src=\"https:\/\/static.xx.fbcdn.net\/images\/emoji.php\/v9\/t60\/1\/16\/1f4b6.png\" alt=\"\ud83d\udcb6\" width=\"16\" height=\"16\" \/><\/span> En total, se han formalizado 22 contratos de ayuda, con una inversi\u00f3n de m\u00e1s de 800.000 euros, destinados a:<\/div>\n<div dir=\"auto\"><span class=\"html-span xexx8yu xyri2b x18d9i69 x1c1uobl x1hl2dhg x16tdsg8 x1vvkbs x3nfvp2 x1j61x8r x1fcty0u xdj266r xat24cr xm2jcoa x1mpyi22 xxymvpz xlup9mm x1kky2od\"><img decoding=\"async\" class=\"xz74otr x15mokao x1ga7v0g x16uus16 xbiv7yw\" src=\"https:\/\/static.xx.fbcdn.net\/images\/emoji.php\/v9\/t33\/1\/16\/2705.png\" alt=\"\u2705\" width=\"16\" height=\"16\" \/><\/span> Impulsar el emprendimiento rural.<\/div>\n<div dir=\"auto\"><span class=\"html-span xexx8yu xyri2b x18d9i69 x1c1uobl x1hl2dhg x16tdsg8 x1vvkbs x3nfvp2 x1j61x8r x1fcty0u xdj266r xat24cr xm2jcoa x1mpyi22 xxymvpz xlup9mm x1kky2od\"><img decoding=\"async\" class=\"xz74otr x15mokao x1ga7v0g x16uus16 xbiv7yw\" src=\"https:\/\/static.xx.fbcdn.net\/images\/emoji.php\/v9\/t33\/1\/16\/2705.png\" alt=\"\u2705\" width=\"16\" height=\"16\" \/><\/span> Mejorar infraestructuras y servicios p\u00fablicos locales.<br \/>\n<span class=\"html-span xexx8yu xyri2b x18d9i69 x1c1uobl x1hl2dhg x16tdsg8 x1vvkbs x3nfvp2 x1j61x8r x1fcty0u xdj266r xat24cr xm2jcoa x1mpyi22 xxymvpz xlup9mm x1kky2od\"><img decoding=\"async\" class=\"xz74otr x15mokao x1ga7v0g x16uus16 xbiv7yw\" src=\"https:\/\/static.xx.fbcdn.net\/images\/emoji.php\/v9\/t33\/1\/16\/2705.png\" alt=\"\u2705\" width=\"16\" height=\"16\" \/><\/span> Apoyar la modernizaci\u00f3n y sostenibilidad de pymes y cooperativas.<\/div>\n<\/div>\n<div class=\"x14z9mp xat24cr x1lziwak x1vvkbs xtlvy1s x126k92a\">\n<div dir=\"auto\"><span class=\"html-span xexx8yu xyri2b x18d9i69 x1c1uobl x1hl2dhg x16tdsg8 x1vvkbs x3nfvp2 x1j61x8r x1fcty0u xdj266r xat24cr xm2jcoa x1mpyi22 xxymvpz xlup9mm x1kky2od\"><img loading=\"lazy\" decoding=\"async\" class=\"xz74otr x15mokao x1ga7v0g x16uus16 xbiv7yw\" src=\"https:\/\/static.xx.fbcdn.net\/images\/emoji.php\/v9\/t69\/1\/16\/1f331.png\" alt=\"\ud83c\udf31\" width=\"16\" height=\"16\" \/><\/span> Estas ayudas refuerzan el compromiso del GDR Monte Ib\u00e9rico\u2013Corredor de Almansa con el desarrollo econ\u00f3mico, la innovaci\u00f3n y la fijaci\u00f3n de poblaci\u00f3n en el medio rural.<\/div>\n<\/div>\n","protected":false},"excerpt":{"rendered":"<p>En un acto celebrado en el Ayuntamiento de Chinchilla de Montearag\u00f3n, nuestra presidenta Isabel Mart\u00ednez Arnedo ha suscrito junto a los beneficiarios los contratos correspondientes a la nueva convocatoria de ayudas #LEADER, acompa\u00f1ada por el delegado provincial de Agricultura, Ganader\u00eda y Desarrollo Rural, Ram\u00f3n S\u00e1ez, y representantes de entidades locales y empresas del territorio. En &hellip;<\/p>\n","protected":false},"author":5,"featured_media":31261,"comment_status":"closed","ping_status":"open","sticky":false,"template":"","format":"standard","meta":{"ngg_post_thumbnail":0,"footnotes":""},"categories":[20],"tags":[],"class_list":["post-31254","post","type-post","status-publish","format-standard","has-post-thumbnail","hentry","category-ayuntamiento"],"yoast_head":"<!-- This site is optimized with the Yoast SEO plugin v27.5 - https:\/\/yoast.com\/product\/yoast-seo-wordpress\/ -->\n<title>El Grupo de Desarrollo Rural Monte Ib\u00e9rico\u2013Corredor de Almansa firma en Chinchilla los contratos de ayudas LEADER 2023-2027 - MI Ayuntamiento de Caudete<\/title>\n<meta name=\"description\" content=\"P\u00e1gina Oficial del Ayuntamiento de Caudete (Albacete)\" \/>\n<meta name=\"robots\" content=\"index, follow, max-snippet:-1, max-image-preview:large, max-video-preview:-1\" \/>\n<link rel=\"canonical\" href=\"https:\/\/www.caudete.org\/ayuntamiento\/el-grupo-de-desarrollo-rural-monte-iberico-corredor-de-almansa-firma-en-chinchilla-los-contratos-de-ayudas-leader-2023-2027\/\" \/>\n<meta property=\"og:locale\" content=\"es_ES\" \/>\n<meta property=\"og:type\" content=\"article\" \/>\n<meta property=\"og:title\" content=\"El Grupo de Desarrollo Rural Monte Ib\u00e9rico\u2013Corredor de Almansa firma en Chinchilla los contratos de ayudas LEADER 2023-2027 - MI Ayuntamiento de Caudete\" \/>\n<meta property=\"og:description\" content=\"P\u00e1gina Oficial del Ayuntamiento de Caudete (Albacete)\" \/>\n<meta property=\"og:url\" content=\"https:\/\/www.caudete.org\/ayuntamiento\/el-grupo-de-desarrollo-rural-monte-iberico-corredor-de-almansa-firma-en-chinchilla-los-contratos-de-ayudas-leader-2023-2027\/\" \/>\n<meta property=\"og:site_name\" content=\"MI Ayuntamiento de Caudete\" \/>\n<meta property=\"article:publisher\" content=\"https:\/\/www.facebook.com\/ayuntamientocaudete\/\" \/>\n<meta property=\"article:published_time\" content=\"2025-10-21T16:06:52+00:00\" \/>\n<meta property=\"article:modified_time\" content=\"2025-10-21T17:15:17+00:00\" \/>\n<meta property=\"og:image\" content=\"https:\/\/www.caudete.org\/ayuntamiento\/wp-content\/uploads\/2025\/10\/MonteIberico-Corredor-Almansa3.jpg\" \/>\n\t<meta property=\"og:image:width\" content=\"999\" \/>\n\t<meta property=\"og:image:height\" content=\"537\" \/>\n\t<meta property=\"og:image:type\" content=\"image\/jpeg\" \/>\n<meta name=\"author\" content=\"Dpto Informatica MI Ayuntamiento de Caudete\" \/>\n<meta name=\"twitter:card\" content=\"summary_large_image\" \/>\n<meta name=\"twitter:label1\" content=\"Escrito por\" \/>\n\t<meta name=\"twitter:data1\" content=\"Dpto Informatica MI Ayuntamiento de Caudete\" \/>\n\t<meta name=\"twitter:label2\" content=\"Tiempo de lectura\" \/>\n\t<meta name=\"twitter:data2\" content=\"2 minutos\" \/>\n<script type=\"application\/ld+json\" class=\"yoast-schema-graph\">{\"@context\":\"https:\\\/\\\/schema.org\",\"@graph\":[{\"@type\":\"Article\",\"@id\":\"https:\\\/\\\/www.caudete.org\\\/ayuntamiento\\\/el-grupo-de-desarrollo-rural-monte-iberico-corredor-de-almansa-firma-en-chinchilla-los-contratos-de-ayudas-leader-2023-2027\\\/#article\",\"isPartOf\":{\"@id\":\"https:\\\/\\\/www.caudete.org\\\/ayuntamiento\\\/el-grupo-de-desarrollo-rural-monte-iberico-corredor-de-almansa-firma-en-chinchilla-los-contratos-de-ayudas-leader-2023-2027\\\/\"},\"author\":{\"name\":\"Dpto Informatica MI Ayuntamiento de Caudete\",\"@id\":\"https:\\\/\\\/www.caudete.org\\\/ayuntamiento\\\/#\\\/schema\\\/person\\\/4b9eab41761957db9b1bf9c418d1ef46\"},\"headline\":\"El Grupo de Desarrollo Rural Monte Ib\u00e9rico\u2013Corredor de Almansa firma en Chinchilla los contratos de ayudas LEADER 2023-2027\",\"datePublished\":\"2025-10-21T16:06:52+00:00\",\"dateModified\":\"2025-10-21T17:15:17+00:00\",\"mainEntityOfPage\":{\"@id\":\"https:\\\/\\\/www.caudete.org\\\/ayuntamiento\\\/el-grupo-de-desarrollo-rural-monte-iberico-corredor-de-almansa-firma-en-chinchilla-los-contratos-de-ayudas-leader-2023-2027\\\/\"},\"wordCount\":152,\"image\":{\"@id\":\"https:\\\/\\\/www.caudete.org\\\/ayuntamiento\\\/el-grupo-de-desarrollo-rural-monte-iberico-corredor-de-almansa-firma-en-chinchilla-los-contratos-de-ayudas-leader-2023-2027\\\/#primaryimage\"},\"thumbnailUrl\":\"https:\\\/\\\/www.caudete.org\\\/ayuntamiento\\\/wp-content\\\/uploads\\\/2025\\\/10\\\/MonteIberico-Corredor-Almansa3.jpg\",\"articleSection\":[\"Ayuntamiento\"],\"inLanguage\":\"es\"},{\"@type\":\"WebPage\",\"@id\":\"https:\\\/\\\/www.caudete.org\\\/ayuntamiento\\\/el-grupo-de-desarrollo-rural-monte-iberico-corredor-de-almansa-firma-en-chinchilla-los-contratos-de-ayudas-leader-2023-2027\\\/\",\"url\":\"https:\\\/\\\/www.caudete.org\\\/ayuntamiento\\\/el-grupo-de-desarrollo-rural-monte-iberico-corredor-de-almansa-firma-en-chinchilla-los-contratos-de-ayudas-leader-2023-2027\\\/\",\"name\":\"El Grupo de Desarrollo Rural Monte Ib\u00e9rico\u2013Corredor de Almansa firma en Chinchilla los contratos de ayudas LEADER 2023-2027 - MI Ayuntamiento de Caudete\",\"isPartOf\":{\"@id\":\"https:\\\/\\\/www.caudete.org\\\/ayuntamiento\\\/#website\"},\"primaryImageOfPage\":{\"@id\":\"https:\\\/\\\/www.caudete.org\\\/ayuntamiento\\\/el-grupo-de-desarrollo-rural-monte-iberico-corredor-de-almansa-firma-en-chinchilla-los-contratos-de-ayudas-leader-2023-2027\\\/#primaryimage\"},\"image\":{\"@id\":\"https:\\\/\\\/www.caudete.org\\\/ayuntamiento\\\/el-grupo-de-desarrollo-rural-monte-iberico-corredor-de-almansa-firma-en-chinchilla-los-contratos-de-ayudas-leader-2023-2027\\\/#primaryimage\"},\"thumbnailUrl\":\"https:\\\/\\\/www.caudete.org\\\/ayuntamiento\\\/wp-content\\\/uploads\\\/2025\\\/10\\\/MonteIberico-Corredor-Almansa3.jpg\",\"datePublished\":\"2025-10-21T16:06:52+00:00\",\"dateModified\":\"2025-10-21T17:15:17+00:00\",\"author\":{\"@id\":\"https:\\\/\\\/www.caudete.org\\\/ayuntamiento\\\/#\\\/schema\\\/person\\\/4b9eab41761957db9b1bf9c418d1ef46\"},\"description\":\"P\u00e1gina Oficial del Ayuntamiento de Caudete (Albacete)\",\"breadcrumb\":{\"@id\":\"https:\\\/\\\/www.caudete.org\\\/ayuntamiento\\\/el-grupo-de-desarrollo-rural-monte-iberico-corredor-de-almansa-firma-en-chinchilla-los-contratos-de-ayudas-leader-2023-2027\\\/#breadcrumb\"},\"inLanguage\":\"es\",\"potentialAction\":[{\"@type\":\"ReadAction\",\"target\":[\"https:\\\/\\\/www.caudete.org\\\/ayuntamiento\\\/el-grupo-de-desarrollo-rural-monte-iberico-corredor-de-almansa-firma-en-chinchilla-los-contratos-de-ayudas-leader-2023-2027\\\/\"]}]},{\"@type\":\"ImageObject\",\"inLanguage\":\"es\",\"@id\":\"https:\\\/\\\/www.caudete.org\\\/ayuntamiento\\\/el-grupo-de-desarrollo-rural-monte-iberico-corredor-de-almansa-firma-en-chinchilla-los-contratos-de-ayudas-leader-2023-2027\\\/#primaryimage\",\"url\":\"https:\\\/\\\/www.caudete.org\\\/ayuntamiento\\\/wp-content\\\/uploads\\\/2025\\\/10\\\/MonteIberico-Corredor-Almansa3.jpg\",\"contentUrl\":\"https:\\\/\\\/www.caudete.org\\\/ayuntamiento\\\/wp-content\\\/uploads\\\/2025\\\/10\\\/MonteIberico-Corredor-Almansa3.jpg\",\"width\":999,\"height\":537},{\"@type\":\"BreadcrumbList\",\"@id\":\"https:\\\/\\\/www.caudete.org\\\/ayuntamiento\\\/el-grupo-de-desarrollo-rural-monte-iberico-corredor-de-almansa-firma-en-chinchilla-los-contratos-de-ayudas-leader-2023-2027\\\/#breadcrumb\",\"itemListElement\":[{\"@type\":\"ListItem\",\"position\":1,\"name\":\"Inicio\",\"item\":\"https:\\\/\\\/www.caudete.org\\\/ayuntamiento\\\/\"},{\"@type\":\"ListItem\",\"position\":2,\"name\":\"El Grupo de Desarrollo Rural Monte Ib\u00e9rico\u2013Corredor de Almansa firma en Chinchilla los contratos de ayudas LEADER 2023-2027\"}]},{\"@type\":\"WebSite\",\"@id\":\"https:\\\/\\\/www.caudete.org\\\/ayuntamiento\\\/#website\",\"url\":\"https:\\\/\\\/www.caudete.org\\\/ayuntamiento\\\/\",\"name\":\"MI Ayuntamiento de Caudete\",\"description\":\"P\u00e1gina Oficial del MI Ayuntamiento de Caudete\",\"potentialAction\":[{\"@type\":\"SearchAction\",\"target\":{\"@type\":\"EntryPoint\",\"urlTemplate\":\"https:\\\/\\\/www.caudete.org\\\/ayuntamiento\\\/?s={search_term_string}\"},\"query-input\":{\"@type\":\"PropertyValueSpecification\",\"valueRequired\":true,\"valueName\":\"search_term_string\"}}],\"inLanguage\":\"es\"},{\"@type\":\"Person\",\"@id\":\"https:\\\/\\\/www.caudete.org\\\/ayuntamiento\\\/#\\\/schema\\\/person\\\/4b9eab41761957db9b1bf9c418d1ef46\",\"name\":\"Dpto Informatica MI Ayuntamiento de Caudete\",\"image\":{\"@type\":\"ImageObject\",\"inLanguage\":\"es\",\"@id\":\"https:\\\/\\\/secure.gravatar.com\\\/avatar\\\/ac0321ee4a0a83e82a253e7b2d348ef539e2c8fe16d06b600bde04de1b364fa7?s=96&d=mm&r=g\",\"url\":\"https:\\\/\\\/secure.gravatar.com\\\/avatar\\\/ac0321ee4a0a83e82a253e7b2d348ef539e2c8fe16d06b600bde04de1b364fa7?s=96&d=mm&r=g\",\"contentUrl\":\"https:\\\/\\\/secure.gravatar.com\\\/avatar\\\/ac0321ee4a0a83e82a253e7b2d348ef539e2c8fe16d06b600bde04de1b364fa7?s=96&d=mm&r=g\",\"caption\":\"Dpto Informatica MI Ayuntamiento de Caudete\"},\"url\":\"https:\\\/\\\/www.caudete.org\\\/ayuntamiento\\\/author\\\/informatica\\\/\"}]}<\/script>\n<!-- \/ Yoast SEO plugin. -->","yoast_head_json":{"title":"El Grupo de Desarrollo Rural Monte Ib\u00e9rico\u2013Corredor de Almansa firma en Chinchilla los contratos de ayudas LEADER 2023-2027 - MI Ayuntamiento de Caudete","description":"P\u00e1gina Oficial del Ayuntamiento de Caudete (Albacete)","robots":{"index":"index","follow":"follow","max-snippet":"max-snippet:-1","max-image-preview":"max-image-preview:large","max-video-preview":"max-video-preview:-1"},"canonical":"https:\/\/www.caudete.org\/ayuntamiento\/el-grupo-de-desarrollo-rural-monte-iberico-corredor-de-almansa-firma-en-chinchilla-los-contratos-de-ayudas-leader-2023-2027\/","og_locale":"es_ES","og_type":"article","og_title":"El Grupo de Desarrollo Rural Monte Ib\u00e9rico\u2013Corredor de Almansa firma en Chinchilla los contratos de ayudas LEADER 2023-2027 - MI Ayuntamiento de Caudete","og_description":"P\u00e1gina Oficial del Ayuntamiento de Caudete (Albacete)","og_url":"https:\/\/www.caudete.org\/ayuntamiento\/el-grupo-de-desarrollo-rural-monte-iberico-corredor-de-almansa-firma-en-chinchilla-los-contratos-de-ayudas-leader-2023-2027\/","og_site_name":"MI Ayuntamiento de Caudete","article_publisher":"https:\/\/www.facebook.com\/ayuntamientocaudete\/","article_published_time":"2025-10-21T16:06:52+00:00","article_modified_time":"2025-10-21T17:15:17+00:00","og_image":[{"width":999,"height":537,"url":"https:\/\/www.caudete.org\/ayuntamiento\/wp-content\/uploads\/2025\/10\/MonteIberico-Corredor-Almansa3.jpg","type":"image\/jpeg"}],"author":"Dpto Informatica MI Ayuntamiento de Caudete","twitter_card":"summary_large_image","twitter_misc":{"Escrito por":"Dpto Informatica MI Ayuntamiento de Caudete","Tiempo de lectura":"2 minutos"},"schema":{"@context":"https:\/\/schema.org","@graph":[{"@type":"Article","@id":"https:\/\/www.caudete.org\/ayuntamiento\/el-grupo-de-desarrollo-rural-monte-iberico-corredor-de-almansa-firma-en-chinchilla-los-contratos-de-ayudas-leader-2023-2027\/#article","isPartOf":{"@id":"https:\/\/www.caudete.org\/ayuntamiento\/el-grupo-de-desarrollo-rural-monte-iberico-corredor-de-almansa-firma-en-chinchilla-los-contratos-de-ayudas-leader-2023-2027\/"},"author":{"name":"Dpto Informatica MI Ayuntamiento de Caudete","@id":"https:\/\/www.caudete.org\/ayuntamiento\/#\/schema\/person\/4b9eab41761957db9b1bf9c418d1ef46"},"headline":"El Grupo de Desarrollo Rural Monte Ib\u00e9rico\u2013Corredor de Almansa firma en Chinchilla los contratos de ayudas LEADER 2023-2027","datePublished":"2025-10-21T16:06:52+00:00","dateModified":"2025-10-21T17:15:17+00:00","mainEntityOfPage":{"@id":"https:\/\/www.caudete.org\/ayuntamiento\/el-grupo-de-desarrollo-rural-monte-iberico-corredor-de-almansa-firma-en-chinchilla-los-contratos-de-ayudas-leader-2023-2027\/"},"wordCount":152,"image":{"@id":"https:\/\/www.caudete.org\/ayuntamiento\/el-grupo-de-desarrollo-rural-monte-iberico-corredor-de-almansa-firma-en-chinchilla-los-contratos-de-ayudas-leader-2023-2027\/#primaryimage"},"thumbnailUrl":"https:\/\/www.caudete.org\/ayuntamiento\/wp-content\/uploads\/2025\/10\/MonteIberico-Corredor-Almansa3.jpg","articleSection":["Ayuntamiento"],"inLanguage":"es"},{"@type":"WebPage","@id":"https:\/\/www.caudete.org\/ayuntamiento\/el-grupo-de-desarrollo-rural-monte-iberico-corredor-de-almansa-firma-en-chinchilla-los-contratos-de-ayudas-leader-2023-2027\/","url":"https:\/\/www.caudete.org\/ayuntamiento\/el-grupo-de-desarrollo-rural-monte-iberico-corredor-de-almansa-firma-en-chinchilla-los-contratos-de-ayudas-leader-2023-2027\/","name":"El Grupo de Desarrollo Rural Monte Ib\u00e9rico\u2013Corredor de Almansa firma en Chinchilla los contratos de ayudas LEADER 2023-2027 - MI Ayuntamiento de Caudete","isPartOf":{"@id":"https:\/\/www.caudete.org\/ayuntamiento\/#website"},"primaryImageOfPage":{"@id":"https:\/\/www.caudete.org\/ayuntamiento\/el-grupo-de-desarrollo-rural-monte-iberico-corredor-de-almansa-firma-en-chinchilla-los-contratos-de-ayudas-leader-2023-2027\/#primaryimage"},"image":{"@id":"https:\/\/www.caudete.org\/ayuntamiento\/el-grupo-de-desarrollo-rural-monte-iberico-corredor-de-almansa-firma-en-chinchilla-los-contratos-de-ayudas-leader-2023-2027\/#primaryimage"},"thumbnailUrl":"https:\/\/www.caudete.org\/ayuntamiento\/wp-content\/uploads\/2025\/10\/MonteIberico-Corredor-Almansa3.jpg","datePublished":"2025-10-21T16:06:52+00:00","dateModified":"2025-10-21T17:15:17+00:00","author":{"@id":"https:\/\/www.caudete.org\/ayuntamiento\/#\/schema\/person\/4b9eab41761957db9b1bf9c418d1ef46"},"description":"P\u00e1gina Oficial del Ayuntamiento de Caudete (Albacete)","breadcrumb":{"@id":"https:\/\/www.caudete.org\/ayuntamiento\/el-grupo-de-desarrollo-rural-monte-iberico-corredor-de-almansa-firma-en-chinchilla-los-contratos-de-ayudas-leader-2023-2027\/#breadcrumb"},"inLanguage":"es","potentialAction":[{"@type":"ReadAction","target":["https:\/\/www.caudete.org\/ayuntamiento\/el-grupo-de-desarrollo-rural-monte-iberico-corredor-de-almansa-firma-en-chinchilla-los-contratos-de-ayudas-leader-2023-2027\/"]}]},{"@type":"ImageObject","inLanguage":"es","@id":"https:\/\/www.caudete.org\/ayuntamiento\/el-grupo-de-desarrollo-rural-monte-iberico-corredor-de-almansa-firma-en-chinchilla-los-contratos-de-ayudas-leader-2023-2027\/#primaryimage","url":"https:\/\/www.caudete.org\/ayuntamiento\/wp-content\/uploads\/2025\/10\/MonteIberico-Corredor-Almansa3.jpg","contentUrl":"https:\/\/www.caudete.org\/ayuntamiento\/wp-content\/uploads\/2025\/10\/MonteIberico-Corredor-Almansa3.jpg","width":999,"height":537},{"@type":"BreadcrumbList","@id":"https:\/\/www.caudete.org\/ayuntamiento\/el-grupo-de-desarrollo-rural-monte-iberico-corredor-de-almansa-firma-en-chinchilla-los-contratos-de-ayudas-leader-2023-2027\/#breadcrumb","itemListElement":[{"@type":"ListItem","position":1,"name":"Inicio","item":"https:\/\/www.caudete.org\/ayuntamiento\/"},{"@type":"ListItem","position":2,"name":"El Grupo de Desarrollo Rural Monte Ib\u00e9rico\u2013Corredor de Almansa firma en Chinchilla los contratos de ayudas LEADER 2023-2027"}]},{"@type":"WebSite","@id":"https:\/\/www.caudete.org\/ayuntamiento\/#website","url":"https:\/\/www.caudete.org\/ayuntamiento\/","name":"MI Ayuntamiento de Caudete","description":"P\u00e1gina Oficial del MI Ayuntamiento de Caudete","potentialAction":[{"@type":"SearchAction","target":{"@type":"EntryPoint","urlTemplate":"https:\/\/www.caudete.org\/ayuntamiento\/?s={search_term_string}"},"query-input":{"@type":"PropertyValueSpecification","valueRequired":true,"valueName":"search_term_string"}}],"inLanguage":"es"},{"@type":"Person","@id":"https:\/\/www.caudete.org\/ayuntamiento\/#\/schema\/person\/4b9eab41761957db9b1bf9c418d1ef46","name":"Dpto Informatica MI Ayuntamiento de Caudete","image":{"@type":"ImageObject","inLanguage":"es","@id":"https:\/\/secure.gravatar.com\/avatar\/ac0321ee4a0a83e82a253e7b2d348ef539e2c8fe16d06b600bde04de1b364fa7?s=96&d=mm&r=g","url":"https:\/\/secure.gravatar.com\/avatar\/ac0321ee4a0a83e82a253e7b2d348ef539e2c8fe16d06b600bde04de1b364fa7?s=96&d=mm&r=g","contentUrl":"https:\/\/secure.gravatar.com\/avatar\/ac0321ee4a0a83e82a253e7b2d348ef539e2c8fe16d06b600bde04de1b364fa7?s=96&d=mm&r=g","caption":"Dpto Informatica MI Ayuntamiento de Caudete"},"url":"https:\/\/www.caudete.org\/ayuntamiento\/author\/informatica\/"}]}},"_links":{"self":[{"href":"https:\/\/www.caudete.org\/ayuntamiento\/wp-json\/wp\/v2\/posts\/31254","targetHints":{"allow":["GET"]}}],"collection":[{"href":"https:\/\/www.caudete.org\/ayuntamiento\/wp-json\/wp\/v2\/posts"}],"about":[{"href":"https:\/\/www.caudete.org\/ayuntamiento\/wp-json\/wp\/v2\/types\/post"}],"author":[{"embeddable":true,"href":"https:\/\/www.caudete.org\/ayuntamiento\/wp-json\/wp\/v2\/users\/5"}],"replies":[{"embeddable":true,"href":"https:\/\/www.caudete.org\/ayuntamiento\/wp-json\/wp\/v2\/comments?post=31254"}],"version-history":[{"count":5,"href":"https:\/\/www.caudete.org\/ayuntamiento\/wp-json\/wp\/v2\/posts\/31254\/revisions"}],"predecessor-version":[{"id":31262,"href":"https:\/\/www.caudete.org\/ayuntamiento\/wp-json\/wp\/v2\/posts\/31254\/revisions\/31262"}],"wp:featuredmedia":[{"embeddable":true,"href":"https:\/\/www.caudete.org\/ayuntamiento\/wp-json\/wp\/v2\/media\/31261"}],"wp:attachment":[{"href":"https:\/\/www.caudete.org\/ayuntamiento\/wp-json\/wp\/v2\/media?parent=31254"}],"wp:term":[{"taxonomy":"category","embeddable":true,"href":"https:\/\/www.caudete.org\/ayuntamiento\/wp-json\/wp\/v2\/categories?post=31254"},{"taxonomy":"post_tag","embeddable":true,"href":"https:\/\/www.caudete.org\/ayuntamiento\/wp-json\/wp\/v2\/tags?post=31254"}],"curies":[{"name":"wp","href":"https:\/\/api.w.org\/{rel}","templated":true}]}}