{"id":31263,"date":"2025-10-22T08:15:52","date_gmt":"2025-10-22T06:15:52","guid":{"rendered":"https:\/\/www.caudete.org\/ayuntamiento\/?p=31263"},"modified":"2025-10-22T10:42:19","modified_gmt":"2025-10-22T08:42:19","slug":"ya-se-estan-instalando-los-116-contadores-de-telelectura-que-controlaran-el-consumo-de-agua-del-ayuntamiento","status":"publish","type":"post","link":"https:\/\/www.caudete.org\/ayuntamiento\/ya-se-estan-instalando-los-116-contadores-de-telelectura-que-controlaran-el-consumo-de-agua-del-ayuntamiento\/","title":{"rendered":"Ya se est\u00e1n instalando los 116 contadores de telelectura que controlar\u00e1n el consumo de agua del ayuntamiento"},"content":{"rendered":"<p style=\"text-align: justify;\">En muchas ocasiones me habr\u00e9is escuchado decir, y a la oposici\u00f3n tambi\u00e9n, que no se sabe qu\u00e9 ocurre con el 60-65% del agua que extraemos de los pozos y metemos en la red, es un aut\u00e9ntico disparate, y es verdad.<\/p>\n<p style=\"text-align: justify;\">Quiero que sep\u00e1is que estoy preparando un abanico muy amplio de medidas encaminadas a evitar este problema, las roturas, etc. El camino para poderlas poner en marcha es muy largo, caro y pesado. A lo largo de ese camino se van a ir sucediendo noticias encaminadas a corregirlos, y una de ellas es la siguiente.<\/p>\n<p style=\"text-align: justify;\">Hoy me complace comunicaros que ya estamos en fase de instalaci\u00f3n de los 116 contadores de telelectura que se est\u00e1n ubicando en hornacinas para protegerlos, as\u00ed como la integraci\u00f3n de estos dispositivos al software de gesti\u00f3n utilizado en el ayuntamiento (Grafmeter de Silicon Media S.L.U.). Se van a colocar en zonas verdes y edificios municipales que carecen de contadores para medir el consumo de agua, o los que tienen est\u00e1n ya muy desfasados.<\/p>\n<p style=\"text-align: justify;\">Esta inversi\u00f3n permitir\u00e1 precisar con mayor exactitud:<br \/>\n\u2022 Los consumos de agua realizados en zonas verdes y edificios municipales.<br \/>\n\u2022 Detectar cualquier tipo de anomal\u00eda de funcionamiento de los contadores instalados, detectando posibles fugas interiores o fraudes.<br \/>\n\u2022 Reducir el tiempo de las lecturas, errores y estimaciones actuales, con el objetivo de pasar a una telelectura diaria, sin necesidad de que un lector deba acceder a la ubicaci\u00f3n del contador.<br \/>\n\u2022 Obtener informaci\u00f3n completa y de calidad sobre el estado de la red.<br \/>\nDebemos tener en cuenta que, la mayor parte de las zonas verdes e instalaciones deportivas del municipio no disponen de contador, por lo que no tenemos constancia de los consumos de agua que se producen. Por esto surge la necesidad de instalar contadores de telelectura, los cuales se ubicar\u00e1n en hornacinas prefabricadas .<br \/>\nPor otro lado, muchos de los edificios municipales no disponen de contadores, o si los tienen, por su antig\u00fcedad, han dejado de funcionar correctamente, lo que nos obliga a sustituirlos por contadores inteligentes de telelectura, cumpliendo as\u00ed con la Orden ICT\/155\/2020, la cual indica que la vida \u00fatil de un contador es como m\u00e1ximo de 12 a\u00f1os.<\/p>\n<p style=\"text-align: justify;\">Como ya he dicho anteriormente en total se van a instalar 116 contadores de diferentes calibres y en diferentes puntos del Municipio.<br \/>\nLa inversi\u00f3n va a ser de 57118\u20ac + IVA = 69113\u20ac IVA incluido.<br \/>\nEsta inversi\u00f3n se realizar\u00e1 \u00edntegramente con fondos propios.<\/p>\n<p style=\"text-align: justify;\">Calculamos unos tres meses para realizar toda la instalaci\u00f3n y puesta en funcionamiento a partir de su adjudicaci\u00f3n.<br \/>\nCalculo que podemos reducir del 60 o 65% actual de agua no controlada, a un 35 \u2013 40% lo cual supondr\u00e1 un gran paso en este sentido.<\/p>\n<p style=\"text-align: justify;\">Como siempre, para mejorar el servicio del agua necesitamos vuestra colaboraci\u00f3n, y que cuando surja un problema, de cualquier \u00edndole relacionado con el agua, os pong\u00e1is en contacto con nosotros llamando al siguiente tel\u00e9fono: <strong>96 582 58 69<\/strong>, donde pod\u00e9is dejar mensajes de voz, fotos y v\u00eddeos como si de un m\u00f3vil se tratase.<\/p>\n<p style=\"text-align: justify;\"><span style=\"color: #289c9c; font-size: 14pt;\">\u00a1\u00a1En la concejal\u00eda del Ciclo Integral del Agua nos esforzamos en dar un buen servicio y gestionar bien tu dinero!!<\/span><\/p>\n<p><span style=\"font-size: 14pt;\"><strong>Jos\u00e9 Miguel Moll\u00e1 Nieto, <\/strong><\/span><br \/>\n<span style=\"font-size: 14pt;\"><strong>Concejal del Ciclo Integral del Agua y Alcalde de Caudete<\/strong><\/span><\/p>\n<p><img fetchpriority=\"high\" decoding=\"async\" class=\"alignnone wp-image-31264 size-full\" src=\"https:\/\/www.caudete.org\/ayuntamiento\/wp-content\/uploads\/2025\/10\/WhatsApp-Image-2025-10-22-at-08.02.43.jpg\" alt=\"\" width=\"999\" height=\"1412\" srcset=\"https:\/\/www.caudete.org\/ayuntamiento\/wp-content\/uploads\/2025\/10\/WhatsApp-Image-2025-10-22-at-08.02.43.jpg 999w, https:\/\/www.caudete.org\/ayuntamiento\/wp-content\/uploads\/2025\/10\/WhatsApp-Image-2025-10-22-at-08.02.43-566x800.jpg 566w, https:\/\/www.caudete.org\/ayuntamiento\/wp-content\/uploads\/2025\/10\/WhatsApp-Image-2025-10-22-at-08.02.43-637x900.jpg 637w, https:\/\/www.caudete.org\/ayuntamiento\/wp-content\/uploads\/2025\/10\/WhatsApp-Image-2025-10-22-at-08.02.43-156x220.jpg 156w, https:\/\/www.caudete.org\/ayuntamiento\/wp-content\/uploads\/2025\/10\/WhatsApp-Image-2025-10-22-at-08.02.43-768x1086.jpg 768w\" sizes=\"(max-width: 999px) 100vw, 999px\" \/><\/p>\n","protected":false},"excerpt":{"rendered":"<p>En muchas ocasiones me habr\u00e9is escuchado decir, y a la oposici\u00f3n tambi\u00e9n, que no se sabe qu\u00e9 ocurre con el 60-65% del agua que extraemos de los pozos y metemos en la red, es un aut\u00e9ntico disparate, y es verdad. Quiero que sep\u00e1is que estoy preparando un abanico muy amplio de medidas encaminadas a evitar &hellip;<\/p>\n","protected":false},"author":6,"featured_media":23793,"comment_status":"closed","ping_status":"open","sticky":false,"template":"","format":"standard","meta":{"ngg_post_thumbnail":0,"footnotes":""},"categories":[49],"tags":[],"class_list":["post-31263","post","type-post","status-publish","format-standard","has-post-thumbnail","hentry","category-ciclo-integral-del-agua"],"yoast_head":"<!-- This site is optimized with the Yoast SEO plugin v27.5 - https:\/\/yoast.com\/product\/yoast-seo-wordpress\/ -->\n<title>Ya se est\u00e1n instalando los 116 contadores de telelectura que controlar\u00e1n el consumo de agua del ayuntamiento - MI Ayuntamiento de Caudete<\/title>\n<meta name=\"description\" content=\"P\u00e1gina Oficial del Ayuntamiento de Caudete (Albacete)\" \/>\n<meta name=\"robots\" content=\"index, follow, max-snippet:-1, max-image-preview:large, max-video-preview:-1\" \/>\n<link rel=\"canonical\" href=\"https:\/\/www.caudete.org\/ayuntamiento\/ya-se-estan-instalando-los-116-contadores-de-telelectura-que-controlaran-el-consumo-de-agua-del-ayuntamiento\/\" \/>\n<meta property=\"og:locale\" content=\"es_ES\" \/>\n<meta property=\"og:type\" content=\"article\" \/>\n<meta property=\"og:title\" content=\"Ya se est\u00e1n instalando los 116 contadores de telelectura que controlar\u00e1n el consumo de agua del ayuntamiento - MI Ayuntamiento de Caudete\" \/>\n<meta property=\"og:description\" content=\"P\u00e1gina Oficial del Ayuntamiento de Caudete (Albacete)\" \/>\n<meta property=\"og:url\" content=\"https:\/\/www.caudete.org\/ayuntamiento\/ya-se-estan-instalando-los-116-contadores-de-telelectura-que-controlaran-el-consumo-de-agua-del-ayuntamiento\/\" \/>\n<meta property=\"og:site_name\" content=\"MI Ayuntamiento de Caudete\" \/>\n<meta property=\"article:publisher\" content=\"https:\/\/www.facebook.com\/ayuntamientocaudete\/\" \/>\n<meta property=\"article:published_time\" content=\"2025-10-22T06:15:52+00:00\" \/>\n<meta property=\"article:modified_time\" content=\"2025-10-22T08:42:19+00:00\" \/>\n<meta property=\"og:image\" content=\"https:\/\/www.caudete.org\/ayuntamiento\/wp-content\/uploads\/2023\/11\/agua.jpg\" \/>\n\t<meta property=\"og:image:width\" content=\"1200\" \/>\n\t<meta property=\"og:image:height\" content=\"803\" \/>\n\t<meta property=\"og:image:type\" content=\"image\/jpeg\" \/>\n<meta name=\"author\" content=\"informatica2\" \/>\n<meta name=\"twitter:card\" content=\"summary_large_image\" \/>\n<meta name=\"twitter:label1\" content=\"Escrito por\" \/>\n\t<meta name=\"twitter:data1\" content=\"informatica2\" \/>\n\t<meta name=\"twitter:label2\" content=\"Tiempo de lectura\" \/>\n\t<meta name=\"twitter:data2\" content=\"3 minutos\" \/>\n<script type=\"application\/ld+json\" class=\"yoast-schema-graph\">{\"@context\":\"https:\\\/\\\/schema.org\",\"@graph\":[{\"@type\":\"Article\",\"@id\":\"https:\\\/\\\/www.caudete.org\\\/ayuntamiento\\\/ya-se-estan-instalando-los-116-contadores-de-telelectura-que-controlaran-el-consumo-de-agua-del-ayuntamiento\\\/#article\",\"isPartOf\":{\"@id\":\"https:\\\/\\\/www.caudete.org\\\/ayuntamiento\\\/ya-se-estan-instalando-los-116-contadores-de-telelectura-que-controlaran-el-consumo-de-agua-del-ayuntamiento\\\/\"},\"author\":{\"name\":\"informatica2\",\"@id\":\"https:\\\/\\\/www.caudete.org\\\/ayuntamiento\\\/#\\\/schema\\\/person\\\/abfa5ffd5010a14e078c21e6e61b6291\"},\"headline\":\"Ya se est\u00e1n instalando los 116 contadores de telelectura que controlar\u00e1n el consumo de agua del ayuntamiento\",\"datePublished\":\"2025-10-22T06:15:52+00:00\",\"dateModified\":\"2025-10-22T08:42:19+00:00\",\"mainEntityOfPage\":{\"@id\":\"https:\\\/\\\/www.caudete.org\\\/ayuntamiento\\\/ya-se-estan-instalando-los-116-contadores-de-telelectura-que-controlaran-el-consumo-de-agua-del-ayuntamiento\\\/\"},\"wordCount\":565,\"image\":{\"@id\":\"https:\\\/\\\/www.caudete.org\\\/ayuntamiento\\\/ya-se-estan-instalando-los-116-contadores-de-telelectura-que-controlaran-el-consumo-de-agua-del-ayuntamiento\\\/#primaryimage\"},\"thumbnailUrl\":\"https:\\\/\\\/www.caudete.org\\\/ayuntamiento\\\/wp-content\\\/uploads\\\/2023\\\/11\\\/agua.jpg\",\"articleSection\":[\"Ciclo Integral del Agua\"],\"inLanguage\":\"es\"},{\"@type\":\"WebPage\",\"@id\":\"https:\\\/\\\/www.caudete.org\\\/ayuntamiento\\\/ya-se-estan-instalando-los-116-contadores-de-telelectura-que-controlaran-el-consumo-de-agua-del-ayuntamiento\\\/\",\"url\":\"https:\\\/\\\/www.caudete.org\\\/ayuntamiento\\\/ya-se-estan-instalando-los-116-contadores-de-telelectura-que-controlaran-el-consumo-de-agua-del-ayuntamiento\\\/\",\"name\":\"Ya se est\u00e1n instalando los 116 contadores de telelectura que controlar\u00e1n el consumo de agua del ayuntamiento - MI Ayuntamiento de Caudete\",\"isPartOf\":{\"@id\":\"https:\\\/\\\/www.caudete.org\\\/ayuntamiento\\\/#website\"},\"primaryImageOfPage\":{\"@id\":\"https:\\\/\\\/www.caudete.org\\\/ayuntamiento\\\/ya-se-estan-instalando-los-116-contadores-de-telelectura-que-controlaran-el-consumo-de-agua-del-ayuntamiento\\\/#primaryimage\"},\"image\":{\"@id\":\"https:\\\/\\\/www.caudete.org\\\/ayuntamiento\\\/ya-se-estan-instalando-los-116-contadores-de-telelectura-que-controlaran-el-consumo-de-agua-del-ayuntamiento\\\/#primaryimage\"},\"thumbnailUrl\":\"https:\\\/\\\/www.caudete.org\\\/ayuntamiento\\\/wp-content\\\/uploads\\\/2023\\\/11\\\/agua.jpg\",\"datePublished\":\"2025-10-22T06:15:52+00:00\",\"dateModified\":\"2025-10-22T08:42:19+00:00\",\"author\":{\"@id\":\"https:\\\/\\\/www.caudete.org\\\/ayuntamiento\\\/#\\\/schema\\\/person\\\/abfa5ffd5010a14e078c21e6e61b6291\"},\"description\":\"P\u00e1gina Oficial del Ayuntamiento de Caudete (Albacete)\",\"breadcrumb\":{\"@id\":\"https:\\\/\\\/www.caudete.org\\\/ayuntamiento\\\/ya-se-estan-instalando-los-116-contadores-de-telelectura-que-controlaran-el-consumo-de-agua-del-ayuntamiento\\\/#breadcrumb\"},\"inLanguage\":\"es\",\"potentialAction\":[{\"@type\":\"ReadAction\",\"target\":[\"https:\\\/\\\/www.caudete.org\\\/ayuntamiento\\\/ya-se-estan-instalando-los-116-contadores-de-telelectura-que-controlaran-el-consumo-de-agua-del-ayuntamiento\\\/\"]}]},{\"@type\":\"ImageObject\",\"inLanguage\":\"es\",\"@id\":\"https:\\\/\\\/www.caudete.org\\\/ayuntamiento\\\/ya-se-estan-instalando-los-116-contadores-de-telelectura-que-controlaran-el-consumo-de-agua-del-ayuntamiento\\\/#primaryimage\",\"url\":\"https:\\\/\\\/www.caudete.org\\\/ayuntamiento\\\/wp-content\\\/uploads\\\/2023\\\/11\\\/agua.jpg\",\"contentUrl\":\"https:\\\/\\\/www.caudete.org\\\/ayuntamiento\\\/wp-content\\\/uploads\\\/2023\\\/11\\\/agua.jpg\",\"width\":1200,\"height\":803},{\"@type\":\"BreadcrumbList\",\"@id\":\"https:\\\/\\\/www.caudete.org\\\/ayuntamiento\\\/ya-se-estan-instalando-los-116-contadores-de-telelectura-que-controlaran-el-consumo-de-agua-del-ayuntamiento\\\/#breadcrumb\",\"itemListElement\":[{\"@type\":\"ListItem\",\"position\":1,\"name\":\"Inicio\",\"item\":\"https:\\\/\\\/www.caudete.org\\\/ayuntamiento\\\/\"},{\"@type\":\"ListItem\",\"position\":2,\"name\":\"Ya se est\u00e1n instalando los 116 contadores de telelectura que controlar\u00e1n el consumo de agua del ayuntamiento\"}]},{\"@type\":\"WebSite\",\"@id\":\"https:\\\/\\\/www.caudete.org\\\/ayuntamiento\\\/#website\",\"url\":\"https:\\\/\\\/www.caudete.org\\\/ayuntamiento\\\/\",\"name\":\"MI Ayuntamiento de Caudete\",\"description\":\"P\u00e1gina Oficial del MI Ayuntamiento de Caudete\",\"potentialAction\":[{\"@type\":\"SearchAction\",\"target\":{\"@type\":\"EntryPoint\",\"urlTemplate\":\"https:\\\/\\\/www.caudete.org\\\/ayuntamiento\\\/?s={search_term_string}\"},\"query-input\":{\"@type\":\"PropertyValueSpecification\",\"valueRequired\":true,\"valueName\":\"search_term_string\"}}],\"inLanguage\":\"es\"},{\"@type\":\"Person\",\"@id\":\"https:\\\/\\\/www.caudete.org\\\/ayuntamiento\\\/#\\\/schema\\\/person\\\/abfa5ffd5010a14e078c21e6e61b6291\",\"name\":\"informatica2\",\"image\":{\"@type\":\"ImageObject\",\"inLanguage\":\"es\",\"@id\":\"https:\\\/\\\/secure.gravatar.com\\\/avatar\\\/b089890ff033a3e4d03eec00ecb5a14425217205c513f60ec32ebeaaeb5fa700?s=96&d=mm&r=g\",\"url\":\"https:\\\/\\\/secure.gravatar.com\\\/avatar\\\/b089890ff033a3e4d03eec00ecb5a14425217205c513f60ec32ebeaaeb5fa700?s=96&d=mm&r=g\",\"contentUrl\":\"https:\\\/\\\/secure.gravatar.com\\\/avatar\\\/b089890ff033a3e4d03eec00ecb5a14425217205c513f60ec32ebeaaeb5fa700?s=96&d=mm&r=g\",\"caption\":\"informatica2\"},\"url\":\"https:\\\/\\\/www.caudete.org\\\/ayuntamiento\\\/author\\\/informatica2\\\/\"}]}<\/script>\n<!-- \/ Yoast SEO plugin. -->","yoast_head_json":{"title":"Ya se est\u00e1n instalando los 116 contadores de telelectura que controlar\u00e1n el consumo de agua del ayuntamiento - MI Ayuntamiento de Caudete","description":"P\u00e1gina Oficial del Ayuntamiento de Caudete (Albacete)","robots":{"index":"index","follow":"follow","max-snippet":"max-snippet:-1","max-image-preview":"max-image-preview:large","max-video-preview":"max-video-preview:-1"},"canonical":"https:\/\/www.caudete.org\/ayuntamiento\/ya-se-estan-instalando-los-116-contadores-de-telelectura-que-controlaran-el-consumo-de-agua-del-ayuntamiento\/","og_locale":"es_ES","og_type":"article","og_title":"Ya se est\u00e1n instalando los 116 contadores de telelectura que controlar\u00e1n el consumo de agua del ayuntamiento - MI Ayuntamiento de Caudete","og_description":"P\u00e1gina Oficial del Ayuntamiento de Caudete (Albacete)","og_url":"https:\/\/www.caudete.org\/ayuntamiento\/ya-se-estan-instalando-los-116-contadores-de-telelectura-que-controlaran-el-consumo-de-agua-del-ayuntamiento\/","og_site_name":"MI Ayuntamiento de Caudete","article_publisher":"https:\/\/www.facebook.com\/ayuntamientocaudete\/","article_published_time":"2025-10-22T06:15:52+00:00","article_modified_time":"2025-10-22T08:42:19+00:00","og_image":[{"width":1200,"height":803,"url":"https:\/\/www.caudete.org\/ayuntamiento\/wp-content\/uploads\/2023\/11\/agua.jpg","type":"image\/jpeg"}],"author":"informatica2","twitter_card":"summary_large_image","twitter_misc":{"Escrito por":"informatica2","Tiempo de lectura":"3 minutos"},"schema":{"@context":"https:\/\/schema.org","@graph":[{"@type":"Article","@id":"https:\/\/www.caudete.org\/ayuntamiento\/ya-se-estan-instalando-los-116-contadores-de-telelectura-que-controlaran-el-consumo-de-agua-del-ayuntamiento\/#article","isPartOf":{"@id":"https:\/\/www.caudete.org\/ayuntamiento\/ya-se-estan-instalando-los-116-contadores-de-telelectura-que-controlaran-el-consumo-de-agua-del-ayuntamiento\/"},"author":{"name":"informatica2","@id":"https:\/\/www.caudete.org\/ayuntamiento\/#\/schema\/person\/abfa5ffd5010a14e078c21e6e61b6291"},"headline":"Ya se est\u00e1n instalando los 116 contadores de telelectura que controlar\u00e1n el consumo de agua del ayuntamiento","datePublished":"2025-10-22T06:15:52+00:00","dateModified":"2025-10-22T08:42:19+00:00","mainEntityOfPage":{"@id":"https:\/\/www.caudete.org\/ayuntamiento\/ya-se-estan-instalando-los-116-contadores-de-telelectura-que-controlaran-el-consumo-de-agua-del-ayuntamiento\/"},"wordCount":565,"image":{"@id":"https:\/\/www.caudete.org\/ayuntamiento\/ya-se-estan-instalando-los-116-contadores-de-telelectura-que-controlaran-el-consumo-de-agua-del-ayuntamiento\/#primaryimage"},"thumbnailUrl":"https:\/\/www.caudete.org\/ayuntamiento\/wp-content\/uploads\/2023\/11\/agua.jpg","articleSection":["Ciclo Integral del Agua"],"inLanguage":"es"},{"@type":"WebPage","@id":"https:\/\/www.caudete.org\/ayuntamiento\/ya-se-estan-instalando-los-116-contadores-de-telelectura-que-controlaran-el-consumo-de-agua-del-ayuntamiento\/","url":"https:\/\/www.caudete.org\/ayuntamiento\/ya-se-estan-instalando-los-116-contadores-de-telelectura-que-controlaran-el-consumo-de-agua-del-ayuntamiento\/","name":"Ya se est\u00e1n instalando los 116 contadores de telelectura que controlar\u00e1n el consumo de agua del ayuntamiento - MI Ayuntamiento de Caudete","isPartOf":{"@id":"https:\/\/www.caudete.org\/ayuntamiento\/#website"},"primaryImageOfPage":{"@id":"https:\/\/www.caudete.org\/ayuntamiento\/ya-se-estan-instalando-los-116-contadores-de-telelectura-que-controlaran-el-consumo-de-agua-del-ayuntamiento\/#primaryimage"},"image":{"@id":"https:\/\/www.caudete.org\/ayuntamiento\/ya-se-estan-instalando-los-116-contadores-de-telelectura-que-controlaran-el-consumo-de-agua-del-ayuntamiento\/#primaryimage"},"thumbnailUrl":"https:\/\/www.caudete.org\/ayuntamiento\/wp-content\/uploads\/2023\/11\/agua.jpg","datePublished":"2025-10-22T06:15:52+00:00","dateModified":"2025-10-22T08:42:19+00:00","author":{"@id":"https:\/\/www.caudete.org\/ayuntamiento\/#\/schema\/person\/abfa5ffd5010a14e078c21e6e61b6291"},"description":"P\u00e1gina Oficial del Ayuntamiento de Caudete (Albacete)","breadcrumb":{"@id":"https:\/\/www.caudete.org\/ayuntamiento\/ya-se-estan-instalando-los-116-contadores-de-telelectura-que-controlaran-el-consumo-de-agua-del-ayuntamiento\/#breadcrumb"},"inLanguage":"es","potentialAction":[{"@type":"ReadAction","target":["https:\/\/www.caudete.org\/ayuntamiento\/ya-se-estan-instalando-los-116-contadores-de-telelectura-que-controlaran-el-consumo-de-agua-del-ayuntamiento\/"]}]},{"@type":"ImageObject","inLanguage":"es","@id":"https:\/\/www.caudete.org\/ayuntamiento\/ya-se-estan-instalando-los-116-contadores-de-telelectura-que-controlaran-el-consumo-de-agua-del-ayuntamiento\/#primaryimage","url":"https:\/\/www.caudete.org\/ayuntamiento\/wp-content\/uploads\/2023\/11\/agua.jpg","contentUrl":"https:\/\/www.caudete.org\/ayuntamiento\/wp-content\/uploads\/2023\/11\/agua.jpg","width":1200,"height":803},{"@type":"BreadcrumbList","@id":"https:\/\/www.caudete.org\/ayuntamiento\/ya-se-estan-instalando-los-116-contadores-de-telelectura-que-controlaran-el-consumo-de-agua-del-ayuntamiento\/#breadcrumb","itemListElement":[{"@type":"ListItem","position":1,"name":"Inicio","item":"https:\/\/www.caudete.org\/ayuntamiento\/"},{"@type":"ListItem","position":2,"name":"Ya se est\u00e1n instalando los 116 contadores de telelectura que controlar\u00e1n el consumo de agua del ayuntamiento"}]},{"@type":"WebSite","@id":"https:\/\/www.caudete.org\/ayuntamiento\/#website","url":"https:\/\/www.caudete.org\/ayuntamiento\/","name":"MI Ayuntamiento de Caudete","description":"P\u00e1gina Oficial del MI Ayuntamiento de Caudete","potentialAction":[{"@type":"SearchAction","target":{"@type":"EntryPoint","urlTemplate":"https:\/\/www.caudete.org\/ayuntamiento\/?s={search_term_string}"},"query-input":{"@type":"PropertyValueSpecification","valueRequired":true,"valueName":"search_term_string"}}],"inLanguage":"es"},{"@type":"Person","@id":"https:\/\/www.caudete.org\/ayuntamiento\/#\/schema\/person\/abfa5ffd5010a14e078c21e6e61b6291","name":"informatica2","image":{"@type":"ImageObject","inLanguage":"es","@id":"https:\/\/secure.gravatar.com\/avatar\/b089890ff033a3e4d03eec00ecb5a14425217205c513f60ec32ebeaaeb5fa700?s=96&d=mm&r=g","url":"https:\/\/secure.gravatar.com\/avatar\/b089890ff033a3e4d03eec00ecb5a14425217205c513f60ec32ebeaaeb5fa700?s=96&d=mm&r=g","contentUrl":"https:\/\/secure.gravatar.com\/avatar\/b089890ff033a3e4d03eec00ecb5a14425217205c513f60ec32ebeaaeb5fa700?s=96&d=mm&r=g","caption":"informatica2"},"url":"https:\/\/www.caudete.org\/ayuntamiento\/author\/informatica2\/"}]}},"_links":{"self":[{"href":"https:\/\/www.caudete.org\/ayuntamiento\/wp-json\/wp\/v2\/posts\/31263","targetHints":{"allow":["GET"]}}],"collection":[{"href":"https:\/\/www.caudete.org\/ayuntamiento\/wp-json\/wp\/v2\/posts"}],"about":[{"href":"https:\/\/www.caudete.org\/ayuntamiento\/wp-json\/wp\/v2\/types\/post"}],"author":[{"embeddable":true,"href":"https:\/\/www.caudete.org\/ayuntamiento\/wp-json\/wp\/v2\/users\/6"}],"replies":[{"embeddable":true,"href":"https:\/\/www.caudete.org\/ayuntamiento\/wp-json\/wp\/v2\/comments?post=31263"}],"version-history":[{"count":4,"href":"https:\/\/www.caudete.org\/ayuntamiento\/wp-json\/wp\/v2\/posts\/31263\/revisions"}],"predecessor-version":[{"id":31269,"href":"https:\/\/www.caudete.org\/ayuntamiento\/wp-json\/wp\/v2\/posts\/31263\/revisions\/31269"}],"wp:featuredmedia":[{"embeddable":true,"href":"https:\/\/www.caudete.org\/ayuntamiento\/wp-json\/wp\/v2\/media\/23793"}],"wp:attachment":[{"href":"https:\/\/www.caudete.org\/ayuntamiento\/wp-json\/wp\/v2\/media?parent=31263"}],"wp:term":[{"taxonomy":"category","embeddable":true,"href":"https:\/\/www.caudete.org\/ayuntamiento\/wp-json\/wp\/v2\/categories?post=31263"},{"taxonomy":"post_tag","embeddable":true,"href":"https:\/\/www.caudete.org\/ayuntamiento\/wp-json\/wp\/v2\/tags?post=31263"}],"curies":[{"name":"wp","href":"https:\/\/api.w.org\/{rel}","templated":true}]}}