{"id":31279,"date":"2025-10-23T08:10:02","date_gmt":"2025-10-23T06:10:02","guid":{"rendered":"https:\/\/www.caudete.org\/ayuntamiento\/?p=31279"},"modified":"2025-10-24T11:43:23","modified_gmt":"2025-10-24T09:43:23","slug":"caudete-acepta-89-000-e-de-fondos-europeos-asignados-en-una-convocatoria-de-ayudas-en-el-mes-de-junio","status":"publish","type":"post","link":"https:\/\/www.caudete.org\/ayuntamiento\/caudete-acepta-89-000-e-de-fondos-europeos-asignados-en-una-convocatoria-de-ayudas-en-el-mes-de-junio\/","title":{"rendered":"Caudete acepta 89.000 \u20ac de fondos europeos asignados en una convocatoria de ayudas en el mes de junio"},"content":{"rendered":"<p style=\"text-align: justify;\">Chinchilla de Montearag\u00f3n ha acogido este martes 21 de octubre a la Junta Directiva del G.D.R Monte Ib\u00e9rico-Corredor de Almansa para la firma de contratos de las 3 nuevas convocatorias de ayudas del programa de Desarrollo Rural LEADER 2023-2027.<\/p>\n<p style=\"text-align: justify;\">En estas convocatorias , han sido beneficiados proyectos tanto p\u00fablicos como privados a desarrollar en nuestra comarca.<\/p>\n<p style=\"text-align: justify;\">Las ayudas al emprendimiento ha permitido la incorporaci\u00f3n de 4 personas f\u00edsicas como aut\u00f3nomos\/as y en alg\u00fan caso, va a suponer un relevo generacional tan importante en municipios que sufren despoblaci\u00f3n y pueden llegar a carecer de servicios b\u00e1sicos si este relevo no se lleva a cabo.<\/p>\n<p style=\"text-align: justify;\">Las ayudas a la inversi\u00f3n para pymes y aut\u00f3nomos se han distribuido en 10 proyectos destinados a turismo rural, mejoras en instalaciones industriales, adquisici\u00f3n de maquinaria innovadora, instalaci\u00f3n de placas fotovoltaicas, modernizaci\u00f3n y digitalizaci\u00f3n de empresas existentes.<\/p>\n<p style=\"text-align: justify;\">Las ayudas a la administraci\u00f3n local de la comarca, con un total de 8 proyectos presentados por los ayuntamientos pertenecientes al grupo de desarrollo, van a permitir a estas entidades realizar proyectos de mejoras y embellecimiento de sus poblaciones y en el caso de Caudete, la ayuda ha sido concedida para el equipamiento para la musealizaci\u00f3n del\u00a0centro de interpretaci\u00f3n., que est\u00e1 ubicado en el recinto de la Plaza de Toros \u201dArenas de Caudete\u201d.<\/p>\n<p style=\"text-align: justify;\">La cantidad recibida asciende a 89,000 \u20ac, alcanzando el proyecto una alta puntuaci\u00f3n en la valoraci\u00f3n seg\u00fan los baremos establecidos en la convocatoria, suponiendo un 81% de la financiaci\u00f3n del proyecto final.<\/p>\n<p style=\"text-align: justify;\">Esta solicitud fue presentada el pasado mes de abril y la finalidad de la misma es potenciar y dar a conocer nuestra historia y entidad como pueblo y ofrecer un recurso tur\u00edstico m\u00e1s para todos los que nos visitan.<\/p>\n<p style=\"text-align: justify;\">En la firma de estos contratos de las 3 convocatorias estuvo presente el Delegado Provincial de Agricultura y Desarrollo Rural y esta rubrica por parte del Alcalde de Caudete, Jos\u00e9 Miguel Moll\u00e1, supone la firme aceptaci\u00f3n de esta ayuda por parte del Consistorio.<\/p>\n<p style=\"text-align: justify;\">Desde la representaci\u00f3n que el Ayuntamiento de Caudete tiene en este grupo de Desarrollo Local en la figura de la Concejal de Promoci\u00f3n y Desarrollo Econ\u00f3mico, M\u00aa Dolores Requena, ponemos en valor el incansable trabajo que se lleva a cabo para conseguir que, los pueblos de esta comarca crezcan y se desarrollen econ\u00f3mica, cultural y tur\u00edsticamente y seamos una comarca pr\u00f3spera y con futuro.<\/p>\n<p style=\"text-align: justify;\">\n","protected":false},"excerpt":{"rendered":"<p>Chinchilla de Montearag\u00f3n ha acogido este martes 21 de octubre a la Junta Directiva del G.D.R Monte Ib\u00e9rico-Corredor de Almansa para la firma de contratos de las 3 nuevas convocatorias de ayudas del programa de Desarrollo Rural LEADER 2023-2027. En estas convocatorias , han sido beneficiados proyectos tanto p\u00fablicos como privados a desarrollar en nuestra &hellip;<\/p>\n","protected":false},"author":6,"featured_media":31283,"comment_status":"closed","ping_status":"open","sticky":false,"template":"","format":"standard","meta":{"ngg_post_thumbnail":0,"footnotes":""},"categories":[20],"tags":[],"class_list":["post-31279","post","type-post","status-publish","format-standard","has-post-thumbnail","hentry","category-ayuntamiento"],"yoast_head":"<!-- This site is optimized with the Yoast SEO plugin v27.5 - https:\/\/yoast.com\/product\/yoast-seo-wordpress\/ -->\n<title>Caudete acepta 89.000 \u20ac de fondos europeos asignados en una convocatoria de ayudas en el mes de junio - MI Ayuntamiento de Caudete<\/title>\n<meta name=\"description\" content=\"P\u00e1gina Oficial del Ayuntamiento de Caudete (Albacete)\" \/>\n<meta name=\"robots\" content=\"index, follow, max-snippet:-1, max-image-preview:large, max-video-preview:-1\" \/>\n<link rel=\"canonical\" href=\"https:\/\/www.caudete.org\/ayuntamiento\/caudete-acepta-89-000-e-de-fondos-europeos-asignados-en-una-convocatoria-de-ayudas-en-el-mes-de-junio\/\" \/>\n<meta property=\"og:locale\" content=\"es_ES\" \/>\n<meta property=\"og:type\" content=\"article\" \/>\n<meta property=\"og:title\" content=\"Caudete acepta 89.000 \u20ac de fondos europeos asignados en una convocatoria de ayudas en el mes de junio - MI Ayuntamiento de Caudete\" \/>\n<meta property=\"og:description\" content=\"P\u00e1gina Oficial del Ayuntamiento de Caudete (Albacete)\" \/>\n<meta property=\"og:url\" content=\"https:\/\/www.caudete.org\/ayuntamiento\/caudete-acepta-89-000-e-de-fondos-europeos-asignados-en-una-convocatoria-de-ayudas-en-el-mes-de-junio\/\" \/>\n<meta property=\"og:site_name\" content=\"MI Ayuntamiento de Caudete\" \/>\n<meta property=\"article:publisher\" content=\"https:\/\/www.facebook.com\/ayuntamientocaudete\/\" \/>\n<meta property=\"article:published_time\" content=\"2025-10-23T06:10:02+00:00\" \/>\n<meta property=\"article:modified_time\" content=\"2025-10-24T09:43:23+00:00\" \/>\n<meta property=\"og:image\" content=\"https:\/\/www.caudete.org\/ayuntamiento\/wp-content\/uploads\/2025\/10\/568409816_port.jpg\" \/>\n\t<meta property=\"og:image:width\" content=\"1080\" \/>\n\t<meta property=\"og:image:height\" content=\"921\" \/>\n\t<meta property=\"og:image:type\" content=\"image\/jpeg\" \/>\n<meta name=\"author\" content=\"informatica2\" \/>\n<meta name=\"twitter:card\" content=\"summary_large_image\" \/>\n<meta name=\"twitter:label1\" content=\"Escrito por\" \/>\n\t<meta name=\"twitter:data1\" content=\"informatica2\" \/>\n\t<meta name=\"twitter:label2\" content=\"Tiempo de lectura\" \/>\n\t<meta name=\"twitter:data2\" content=\"2 minutos\" \/>\n<script type=\"application\/ld+json\" class=\"yoast-schema-graph\">{\"@context\":\"https:\\\/\\\/schema.org\",\"@graph\":[{\"@type\":\"Article\",\"@id\":\"https:\\\/\\\/www.caudete.org\\\/ayuntamiento\\\/caudete-acepta-89-000-e-de-fondos-europeos-asignados-en-una-convocatoria-de-ayudas-en-el-mes-de-junio\\\/#article\",\"isPartOf\":{\"@id\":\"https:\\\/\\\/www.caudete.org\\\/ayuntamiento\\\/caudete-acepta-89-000-e-de-fondos-europeos-asignados-en-una-convocatoria-de-ayudas-en-el-mes-de-junio\\\/\"},\"author\":{\"name\":\"informatica2\",\"@id\":\"https:\\\/\\\/www.caudete.org\\\/ayuntamiento\\\/#\\\/schema\\\/person\\\/abfa5ffd5010a14e078c21e6e61b6291\"},\"headline\":\"Caudete acepta 89.000 \u20ac de fondos europeos asignados en una convocatoria de ayudas en el mes de junio\",\"datePublished\":\"2025-10-23T06:10:02+00:00\",\"dateModified\":\"2025-10-24T09:43:23+00:00\",\"mainEntityOfPage\":{\"@id\":\"https:\\\/\\\/www.caudete.org\\\/ayuntamiento\\\/caudete-acepta-89-000-e-de-fondos-europeos-asignados-en-una-convocatoria-de-ayudas-en-el-mes-de-junio\\\/\"},\"wordCount\":432,\"image\":{\"@id\":\"https:\\\/\\\/www.caudete.org\\\/ayuntamiento\\\/caudete-acepta-89-000-e-de-fondos-europeos-asignados-en-una-convocatoria-de-ayudas-en-el-mes-de-junio\\\/#primaryimage\"},\"thumbnailUrl\":\"https:\\\/\\\/www.caudete.org\\\/ayuntamiento\\\/wp-content\\\/uploads\\\/2025\\\/10\\\/568409816_port.jpg\",\"articleSection\":[\"Ayuntamiento\"],\"inLanguage\":\"es\"},{\"@type\":\"WebPage\",\"@id\":\"https:\\\/\\\/www.caudete.org\\\/ayuntamiento\\\/caudete-acepta-89-000-e-de-fondos-europeos-asignados-en-una-convocatoria-de-ayudas-en-el-mes-de-junio\\\/\",\"url\":\"https:\\\/\\\/www.caudete.org\\\/ayuntamiento\\\/caudete-acepta-89-000-e-de-fondos-europeos-asignados-en-una-convocatoria-de-ayudas-en-el-mes-de-junio\\\/\",\"name\":\"Caudete acepta 89.000 \u20ac de fondos europeos asignados en una convocatoria de ayudas en el mes de junio - MI Ayuntamiento de Caudete\",\"isPartOf\":{\"@id\":\"https:\\\/\\\/www.caudete.org\\\/ayuntamiento\\\/#website\"},\"primaryImageOfPage\":{\"@id\":\"https:\\\/\\\/www.caudete.org\\\/ayuntamiento\\\/caudete-acepta-89-000-e-de-fondos-europeos-asignados-en-una-convocatoria-de-ayudas-en-el-mes-de-junio\\\/#primaryimage\"},\"image\":{\"@id\":\"https:\\\/\\\/www.caudete.org\\\/ayuntamiento\\\/caudete-acepta-89-000-e-de-fondos-europeos-asignados-en-una-convocatoria-de-ayudas-en-el-mes-de-junio\\\/#primaryimage\"},\"thumbnailUrl\":\"https:\\\/\\\/www.caudete.org\\\/ayuntamiento\\\/wp-content\\\/uploads\\\/2025\\\/10\\\/568409816_port.jpg\",\"datePublished\":\"2025-10-23T06:10:02+00:00\",\"dateModified\":\"2025-10-24T09:43:23+00:00\",\"author\":{\"@id\":\"https:\\\/\\\/www.caudete.org\\\/ayuntamiento\\\/#\\\/schema\\\/person\\\/abfa5ffd5010a14e078c21e6e61b6291\"},\"description\":\"P\u00e1gina Oficial del Ayuntamiento de Caudete (Albacete)\",\"breadcrumb\":{\"@id\":\"https:\\\/\\\/www.caudete.org\\\/ayuntamiento\\\/caudete-acepta-89-000-e-de-fondos-europeos-asignados-en-una-convocatoria-de-ayudas-en-el-mes-de-junio\\\/#breadcrumb\"},\"inLanguage\":\"es\",\"potentialAction\":[{\"@type\":\"ReadAction\",\"target\":[\"https:\\\/\\\/www.caudete.org\\\/ayuntamiento\\\/caudete-acepta-89-000-e-de-fondos-europeos-asignados-en-una-convocatoria-de-ayudas-en-el-mes-de-junio\\\/\"]}]},{\"@type\":\"ImageObject\",\"inLanguage\":\"es\",\"@id\":\"https:\\\/\\\/www.caudete.org\\\/ayuntamiento\\\/caudete-acepta-89-000-e-de-fondos-europeos-asignados-en-una-convocatoria-de-ayudas-en-el-mes-de-junio\\\/#primaryimage\",\"url\":\"https:\\\/\\\/www.caudete.org\\\/ayuntamiento\\\/wp-content\\\/uploads\\\/2025\\\/10\\\/568409816_port.jpg\",\"contentUrl\":\"https:\\\/\\\/www.caudete.org\\\/ayuntamiento\\\/wp-content\\\/uploads\\\/2025\\\/10\\\/568409816_port.jpg\",\"width\":1080,\"height\":921},{\"@type\":\"BreadcrumbList\",\"@id\":\"https:\\\/\\\/www.caudete.org\\\/ayuntamiento\\\/caudete-acepta-89-000-e-de-fondos-europeos-asignados-en-una-convocatoria-de-ayudas-en-el-mes-de-junio\\\/#breadcrumb\",\"itemListElement\":[{\"@type\":\"ListItem\",\"position\":1,\"name\":\"Inicio\",\"item\":\"https:\\\/\\\/www.caudete.org\\\/ayuntamiento\\\/\"},{\"@type\":\"ListItem\",\"position\":2,\"name\":\"Caudete acepta 89.000 \u20ac de fondos europeos asignados en una convocatoria de ayudas en el mes de junio\"}]},{\"@type\":\"WebSite\",\"@id\":\"https:\\\/\\\/www.caudete.org\\\/ayuntamiento\\\/#website\",\"url\":\"https:\\\/\\\/www.caudete.org\\\/ayuntamiento\\\/\",\"name\":\"MI Ayuntamiento de Caudete\",\"description\":\"P\u00e1gina Oficial del MI Ayuntamiento de Caudete\",\"potentialAction\":[{\"@type\":\"SearchAction\",\"target\":{\"@type\":\"EntryPoint\",\"urlTemplate\":\"https:\\\/\\\/www.caudete.org\\\/ayuntamiento\\\/?s={search_term_string}\"},\"query-input\":{\"@type\":\"PropertyValueSpecification\",\"valueRequired\":true,\"valueName\":\"search_term_string\"}}],\"inLanguage\":\"es\"},{\"@type\":\"Person\",\"@id\":\"https:\\\/\\\/www.caudete.org\\\/ayuntamiento\\\/#\\\/schema\\\/person\\\/abfa5ffd5010a14e078c21e6e61b6291\",\"name\":\"informatica2\",\"image\":{\"@type\":\"ImageObject\",\"inLanguage\":\"es\",\"@id\":\"https:\\\/\\\/secure.gravatar.com\\\/avatar\\\/b089890ff033a3e4d03eec00ecb5a14425217205c513f60ec32ebeaaeb5fa700?s=96&d=mm&r=g\",\"url\":\"https:\\\/\\\/secure.gravatar.com\\\/avatar\\\/b089890ff033a3e4d03eec00ecb5a14425217205c513f60ec32ebeaaeb5fa700?s=96&d=mm&r=g\",\"contentUrl\":\"https:\\\/\\\/secure.gravatar.com\\\/avatar\\\/b089890ff033a3e4d03eec00ecb5a14425217205c513f60ec32ebeaaeb5fa700?s=96&d=mm&r=g\",\"caption\":\"informatica2\"},\"url\":\"https:\\\/\\\/www.caudete.org\\\/ayuntamiento\\\/author\\\/informatica2\\\/\"}]}<\/script>\n<!-- \/ Yoast SEO plugin. -->","yoast_head_json":{"title":"Caudete acepta 89.000 \u20ac de fondos europeos asignados en una convocatoria de ayudas en el mes de junio - MI Ayuntamiento de Caudete","description":"P\u00e1gina Oficial del Ayuntamiento de Caudete (Albacete)","robots":{"index":"index","follow":"follow","max-snippet":"max-snippet:-1","max-image-preview":"max-image-preview:large","max-video-preview":"max-video-preview:-1"},"canonical":"https:\/\/www.caudete.org\/ayuntamiento\/caudete-acepta-89-000-e-de-fondos-europeos-asignados-en-una-convocatoria-de-ayudas-en-el-mes-de-junio\/","og_locale":"es_ES","og_type":"article","og_title":"Caudete acepta 89.000 \u20ac de fondos europeos asignados en una convocatoria de ayudas en el mes de junio - MI Ayuntamiento de Caudete","og_description":"P\u00e1gina Oficial del Ayuntamiento de Caudete (Albacete)","og_url":"https:\/\/www.caudete.org\/ayuntamiento\/caudete-acepta-89-000-e-de-fondos-europeos-asignados-en-una-convocatoria-de-ayudas-en-el-mes-de-junio\/","og_site_name":"MI Ayuntamiento de Caudete","article_publisher":"https:\/\/www.facebook.com\/ayuntamientocaudete\/","article_published_time":"2025-10-23T06:10:02+00:00","article_modified_time":"2025-10-24T09:43:23+00:00","og_image":[{"width":1080,"height":921,"url":"https:\/\/www.caudete.org\/ayuntamiento\/wp-content\/uploads\/2025\/10\/568409816_port.jpg","type":"image\/jpeg"}],"author":"informatica2","twitter_card":"summary_large_image","twitter_misc":{"Escrito por":"informatica2","Tiempo de lectura":"2 minutos"},"schema":{"@context":"https:\/\/schema.org","@graph":[{"@type":"Article","@id":"https:\/\/www.caudete.org\/ayuntamiento\/caudete-acepta-89-000-e-de-fondos-europeos-asignados-en-una-convocatoria-de-ayudas-en-el-mes-de-junio\/#article","isPartOf":{"@id":"https:\/\/www.caudete.org\/ayuntamiento\/caudete-acepta-89-000-e-de-fondos-europeos-asignados-en-una-convocatoria-de-ayudas-en-el-mes-de-junio\/"},"author":{"name":"informatica2","@id":"https:\/\/www.caudete.org\/ayuntamiento\/#\/schema\/person\/abfa5ffd5010a14e078c21e6e61b6291"},"headline":"Caudete acepta 89.000 \u20ac de fondos europeos asignados en una convocatoria de ayudas en el mes de junio","datePublished":"2025-10-23T06:10:02+00:00","dateModified":"2025-10-24T09:43:23+00:00","mainEntityOfPage":{"@id":"https:\/\/www.caudete.org\/ayuntamiento\/caudete-acepta-89-000-e-de-fondos-europeos-asignados-en-una-convocatoria-de-ayudas-en-el-mes-de-junio\/"},"wordCount":432,"image":{"@id":"https:\/\/www.caudete.org\/ayuntamiento\/caudete-acepta-89-000-e-de-fondos-europeos-asignados-en-una-convocatoria-de-ayudas-en-el-mes-de-junio\/#primaryimage"},"thumbnailUrl":"https:\/\/www.caudete.org\/ayuntamiento\/wp-content\/uploads\/2025\/10\/568409816_port.jpg","articleSection":["Ayuntamiento"],"inLanguage":"es"},{"@type":"WebPage","@id":"https:\/\/www.caudete.org\/ayuntamiento\/caudete-acepta-89-000-e-de-fondos-europeos-asignados-en-una-convocatoria-de-ayudas-en-el-mes-de-junio\/","url":"https:\/\/www.caudete.org\/ayuntamiento\/caudete-acepta-89-000-e-de-fondos-europeos-asignados-en-una-convocatoria-de-ayudas-en-el-mes-de-junio\/","name":"Caudete acepta 89.000 \u20ac de fondos europeos asignados en una convocatoria de ayudas en el mes de junio - MI Ayuntamiento de Caudete","isPartOf":{"@id":"https:\/\/www.caudete.org\/ayuntamiento\/#website"},"primaryImageOfPage":{"@id":"https:\/\/www.caudete.org\/ayuntamiento\/caudete-acepta-89-000-e-de-fondos-europeos-asignados-en-una-convocatoria-de-ayudas-en-el-mes-de-junio\/#primaryimage"},"image":{"@id":"https:\/\/www.caudete.org\/ayuntamiento\/caudete-acepta-89-000-e-de-fondos-europeos-asignados-en-una-convocatoria-de-ayudas-en-el-mes-de-junio\/#primaryimage"},"thumbnailUrl":"https:\/\/www.caudete.org\/ayuntamiento\/wp-content\/uploads\/2025\/10\/568409816_port.jpg","datePublished":"2025-10-23T06:10:02+00:00","dateModified":"2025-10-24T09:43:23+00:00","author":{"@id":"https:\/\/www.caudete.org\/ayuntamiento\/#\/schema\/person\/abfa5ffd5010a14e078c21e6e61b6291"},"description":"P\u00e1gina Oficial del Ayuntamiento de Caudete (Albacete)","breadcrumb":{"@id":"https:\/\/www.caudete.org\/ayuntamiento\/caudete-acepta-89-000-e-de-fondos-europeos-asignados-en-una-convocatoria-de-ayudas-en-el-mes-de-junio\/#breadcrumb"},"inLanguage":"es","potentialAction":[{"@type":"ReadAction","target":["https:\/\/www.caudete.org\/ayuntamiento\/caudete-acepta-89-000-e-de-fondos-europeos-asignados-en-una-convocatoria-de-ayudas-en-el-mes-de-junio\/"]}]},{"@type":"ImageObject","inLanguage":"es","@id":"https:\/\/www.caudete.org\/ayuntamiento\/caudete-acepta-89-000-e-de-fondos-europeos-asignados-en-una-convocatoria-de-ayudas-en-el-mes-de-junio\/#primaryimage","url":"https:\/\/www.caudete.org\/ayuntamiento\/wp-content\/uploads\/2025\/10\/568409816_port.jpg","contentUrl":"https:\/\/www.caudete.org\/ayuntamiento\/wp-content\/uploads\/2025\/10\/568409816_port.jpg","width":1080,"height":921},{"@type":"BreadcrumbList","@id":"https:\/\/www.caudete.org\/ayuntamiento\/caudete-acepta-89-000-e-de-fondos-europeos-asignados-en-una-convocatoria-de-ayudas-en-el-mes-de-junio\/#breadcrumb","itemListElement":[{"@type":"ListItem","position":1,"name":"Inicio","item":"https:\/\/www.caudete.org\/ayuntamiento\/"},{"@type":"ListItem","position":2,"name":"Caudete acepta 89.000 \u20ac de fondos europeos asignados en una convocatoria de ayudas en el mes de junio"}]},{"@type":"WebSite","@id":"https:\/\/www.caudete.org\/ayuntamiento\/#website","url":"https:\/\/www.caudete.org\/ayuntamiento\/","name":"MI Ayuntamiento de Caudete","description":"P\u00e1gina Oficial del MI Ayuntamiento de Caudete","potentialAction":[{"@type":"SearchAction","target":{"@type":"EntryPoint","urlTemplate":"https:\/\/www.caudete.org\/ayuntamiento\/?s={search_term_string}"},"query-input":{"@type":"PropertyValueSpecification","valueRequired":true,"valueName":"search_term_string"}}],"inLanguage":"es"},{"@type":"Person","@id":"https:\/\/www.caudete.org\/ayuntamiento\/#\/schema\/person\/abfa5ffd5010a14e078c21e6e61b6291","name":"informatica2","image":{"@type":"ImageObject","inLanguage":"es","@id":"https:\/\/secure.gravatar.com\/avatar\/b089890ff033a3e4d03eec00ecb5a14425217205c513f60ec32ebeaaeb5fa700?s=96&d=mm&r=g","url":"https:\/\/secure.gravatar.com\/avatar\/b089890ff033a3e4d03eec00ecb5a14425217205c513f60ec32ebeaaeb5fa700?s=96&d=mm&r=g","contentUrl":"https:\/\/secure.gravatar.com\/avatar\/b089890ff033a3e4d03eec00ecb5a14425217205c513f60ec32ebeaaeb5fa700?s=96&d=mm&r=g","caption":"informatica2"},"url":"https:\/\/www.caudete.org\/ayuntamiento\/author\/informatica2\/"}]}},"_links":{"self":[{"href":"https:\/\/www.caudete.org\/ayuntamiento\/wp-json\/wp\/v2\/posts\/31279","targetHints":{"allow":["GET"]}}],"collection":[{"href":"https:\/\/www.caudete.org\/ayuntamiento\/wp-json\/wp\/v2\/posts"}],"about":[{"href":"https:\/\/www.caudete.org\/ayuntamiento\/wp-json\/wp\/v2\/types\/post"}],"author":[{"embeddable":true,"href":"https:\/\/www.caudete.org\/ayuntamiento\/wp-json\/wp\/v2\/users\/6"}],"replies":[{"embeddable":true,"href":"https:\/\/www.caudete.org\/ayuntamiento\/wp-json\/wp\/v2\/comments?post=31279"}],"version-history":[{"count":5,"href":"https:\/\/www.caudete.org\/ayuntamiento\/wp-json\/wp\/v2\/posts\/31279\/revisions"}],"predecessor-version":[{"id":31288,"href":"https:\/\/www.caudete.org\/ayuntamiento\/wp-json\/wp\/v2\/posts\/31279\/revisions\/31288"}],"wp:featuredmedia":[{"embeddable":true,"href":"https:\/\/www.caudete.org\/ayuntamiento\/wp-json\/wp\/v2\/media\/31283"}],"wp:attachment":[{"href":"https:\/\/www.caudete.org\/ayuntamiento\/wp-json\/wp\/v2\/media?parent=31279"}],"wp:term":[{"taxonomy":"category","embeddable":true,"href":"https:\/\/www.caudete.org\/ayuntamiento\/wp-json\/wp\/v2\/categories?post=31279"},{"taxonomy":"post_tag","embeddable":true,"href":"https:\/\/www.caudete.org\/ayuntamiento\/wp-json\/wp\/v2\/tags?post=31279"}],"curies":[{"name":"wp","href":"https:\/\/api.w.org\/{rel}","templated":true}]}}