{"id":31317,"date":"2025-10-27T09:31:43","date_gmt":"2025-10-27T08:31:43","guid":{"rendered":"https:\/\/www.caudete.org\/ayuntamiento\/?p=31317"},"modified":"2025-10-27T09:55:15","modified_gmt":"2025-10-27T08:55:15","slug":"el-grupo-de-desarrollo-local-monte-iberico-corredor-de-almansa-impulsa-la-promocion-del-destino-starlight-entre-los-escolares-de-caudete-con-la-astro-agenda","status":"publish","type":"post","link":"https:\/\/www.caudete.org\/ayuntamiento\/el-grupo-de-desarrollo-local-monte-iberico-corredor-de-almansa-impulsa-la-promocion-del-destino-starlight-entre-los-escolares-de-caudete-con-la-astro-agenda\/","title":{"rendered":"El Grupo de Desarrollo Local Monte Ib\u00e9rico\u2013Corredor de Almansa impulsa la promoci\u00f3n del destino Starlight entre los escolares de Caudete con la &#8220;astro agenda&#8221;"},"content":{"rendered":"<p style=\"text-align: justify;\">Siguiendo con las actividades e iniciativas que, desde el grupo de desarrollo local Monte Ib\u00e9rico -Corredor de Almansa se est\u00e1n llevando a cabo para promocionar los puntos Starlight de la comarca, se han repartido agendas escolares entre los alumnos de 5\u00ba y 6\u00ba de primaria de los colegios p\u00fablicos Alc\u00e1zar y Serrano, Gloria Fuertes y El Paseo.<\/p>\n<p style=\"text-align: justify;\">Con estas agendas, se pretende que nuestros chavales conozcan que nuestra comarca ha sido reconocida como destino tur\u00edstico Starlight, t\u00edtulo que reciben aquellos lugares donde podemos observar las estrellas con total claridad porque la contaminaci\u00f3n lum\u00ednica es muy escasa.<\/p>\n<p>En Caudete, este verano realizamos una actividad relacionada con este punto Starlight, ubicado en el paraje de La Toconera , que fue todo un \u00e9xito y esperamos repetirla y que sea de disfrute para todos.<\/p>\n<p>La \u201castro agenda\u201d les muestra ilustraciones de elementos del Universo que nos rodea, relata c\u00f3mo estudiaban la astronom\u00eda desde la Prehistoria y en las diferentes culturas, y cuenta an\u00e9cdotas y curiosidades de nuestro Sistema Solar.<\/p>\n<p>Deseamos que, con esta agenda que va a ser su compa\u00f1era de viaje durante todo el curso, podamos concienciarles un poquito m\u00e1s en el cuidado de nuestro entorno, a valorar la comarca en la que vivimos y a disfrutar aprendiendo curiosidades de lo que nos rodea.<\/p>\n<p>Las encargadas de entregarles este detalle fueron la Concejal de Educaci\u00f3n, Manuela Gonz\u00e1lez y la Concejal de Desarrollo Local y representante de Caudete en el Grupo Monte Ib\u00e9rico, M.\u00aa Dolores Requena.<\/p>\n<p style=\"text-align: justify;\"><span style=\"font-family: georgia, palatino, serif;\"><img fetchpriority=\"high\" decoding=\"async\" class=\"wp-image-31318 size-full aligncenter\" src=\"https:\/\/www.caudete.org\/ayuntamiento\/wp-content\/uploads\/2025\/10\/Portapapeles_10-27-2025_01.jpg\" alt=\"\" width=\"402\" height=\"449\" srcset=\"https:\/\/www.caudete.org\/ayuntamiento\/wp-content\/uploads\/2025\/10\/Portapapeles_10-27-2025_01.jpg 402w, https:\/\/www.caudete.org\/ayuntamiento\/wp-content\/uploads\/2025\/10\/Portapapeles_10-27-2025_01-197x220.jpg 197w\" sizes=\"(max-width: 402px) 100vw, 402px\" \/> <\/span><\/p>\n","protected":false},"excerpt":{"rendered":"<p>Siguiendo con las actividades e iniciativas que, desde el grupo de desarrollo local Monte Ib\u00e9rico -Corredor de Almansa se est\u00e1n llevando a cabo para promocionar los puntos Starlight de la comarca, se han repartido agendas escolares entre los alumnos de 5\u00ba y 6\u00ba de primaria de los colegios p\u00fablicos Alc\u00e1zar y Serrano, Gloria Fuertes y &hellip;<\/p>\n","protected":false},"author":6,"featured_media":31320,"comment_status":"closed","ping_status":"open","sticky":false,"template":"","format":"standard","meta":{"ngg_post_thumbnail":0,"footnotes":""},"categories":[87],"tags":[],"class_list":["post-31317","post","type-post","status-publish","format-standard","has-post-thumbnail","hentry","category-desarrollo-local"],"yoast_head":"<!-- This site is optimized with the Yoast SEO plugin v27.4 - https:\/\/yoast.com\/product\/yoast-seo-wordpress\/ -->\n<title>El Grupo de Desarrollo Local Monte Ib\u00e9rico\u2013Corredor de Almansa impulsa la promoci\u00f3n del destino Starlight entre los escolares de Caudete con la &quot;astro agenda&quot; - MI Ayuntamiento de Caudete<\/title>\n<meta name=\"description\" content=\"P\u00e1gina Oficial del Ayuntamiento de Caudete (Albacete)\" \/>\n<meta name=\"robots\" content=\"index, follow, max-snippet:-1, max-image-preview:large, max-video-preview:-1\" \/>\n<link rel=\"canonical\" href=\"https:\/\/www.caudete.org\/ayuntamiento\/el-grupo-de-desarrollo-local-monte-iberico-corredor-de-almansa-impulsa-la-promocion-del-destino-starlight-entre-los-escolares-de-caudete-con-la-astro-agenda\/\" \/>\n<meta property=\"og:locale\" content=\"es_ES\" \/>\n<meta property=\"og:type\" content=\"article\" \/>\n<meta property=\"og:title\" content=\"El Grupo de Desarrollo Local Monte Ib\u00e9rico\u2013Corredor de Almansa impulsa la promoci\u00f3n del destino Starlight entre los escolares de Caudete con la &quot;astro agenda&quot; - MI Ayuntamiento de Caudete\" \/>\n<meta property=\"og:description\" content=\"P\u00e1gina Oficial del Ayuntamiento de Caudete (Albacete)\" \/>\n<meta property=\"og:url\" content=\"https:\/\/www.caudete.org\/ayuntamiento\/el-grupo-de-desarrollo-local-monte-iberico-corredor-de-almansa-impulsa-la-promocion-del-destino-starlight-entre-los-escolares-de-caudete-con-la-astro-agenda\/\" \/>\n<meta property=\"og:site_name\" content=\"MI Ayuntamiento de Caudete\" \/>\n<meta property=\"article:publisher\" content=\"https:\/\/www.facebook.com\/ayuntamientocaudete\/\" \/>\n<meta property=\"article:published_time\" content=\"2025-10-27T08:31:43+00:00\" \/>\n<meta property=\"article:modified_time\" content=\"2025-10-27T08:55:15+00:00\" \/>\n<meta property=\"og:image\" content=\"https:\/\/www.caudete.org\/ayuntamiento\/wp-content\/uploads\/2025\/10\/Portapapeles_10-27-2025_02-port.jpg\" \/>\n\t<meta property=\"og:image:width\" content=\"408\" \/>\n\t<meta property=\"og:image:height\" content=\"256\" \/>\n\t<meta property=\"og:image:type\" content=\"image\/jpeg\" \/>\n<meta name=\"author\" content=\"informatica2\" \/>\n<meta name=\"twitter:card\" content=\"summary_large_image\" \/>\n<meta name=\"twitter:label1\" content=\"Escrito por\" \/>\n\t<meta name=\"twitter:data1\" content=\"informatica2\" \/>\n\t<meta name=\"twitter:label2\" content=\"Tiempo de lectura\" \/>\n\t<meta name=\"twitter:data2\" content=\"2 minutos\" \/>\n<script type=\"application\/ld+json\" class=\"yoast-schema-graph\">{\"@context\":\"https:\\\/\\\/schema.org\",\"@graph\":[{\"@type\":\"Article\",\"@id\":\"https:\\\/\\\/www.caudete.org\\\/ayuntamiento\\\/el-grupo-de-desarrollo-local-monte-iberico-corredor-de-almansa-impulsa-la-promocion-del-destino-starlight-entre-los-escolares-de-caudete-con-la-astro-agenda\\\/#article\",\"isPartOf\":{\"@id\":\"https:\\\/\\\/www.caudete.org\\\/ayuntamiento\\\/el-grupo-de-desarrollo-local-monte-iberico-corredor-de-almansa-impulsa-la-promocion-del-destino-starlight-entre-los-escolares-de-caudete-con-la-astro-agenda\\\/\"},\"author\":{\"name\":\"informatica2\",\"@id\":\"https:\\\/\\\/www.caudete.org\\\/ayuntamiento\\\/#\\\/schema\\\/person\\\/abfa5ffd5010a14e078c21e6e61b6291\"},\"headline\":\"El Grupo de Desarrollo Local Monte Ib\u00e9rico\u2013Corredor de Almansa impulsa la promoci\u00f3n del destino Starlight entre los escolares de Caudete con la &#8220;astro agenda&#8221;\",\"datePublished\":\"2025-10-27T08:31:43+00:00\",\"dateModified\":\"2025-10-27T08:55:15+00:00\",\"mainEntityOfPage\":{\"@id\":\"https:\\\/\\\/www.caudete.org\\\/ayuntamiento\\\/el-grupo-de-desarrollo-local-monte-iberico-corredor-de-almansa-impulsa-la-promocion-del-destino-starlight-entre-los-escolares-de-caudete-con-la-astro-agenda\\\/\"},\"wordCount\":283,\"publisher\":{\"@id\":\"https:\\\/\\\/www.caudete.org\\\/ayuntamiento\\\/#organization\"},\"image\":{\"@id\":\"https:\\\/\\\/www.caudete.org\\\/ayuntamiento\\\/el-grupo-de-desarrollo-local-monte-iberico-corredor-de-almansa-impulsa-la-promocion-del-destino-starlight-entre-los-escolares-de-caudete-con-la-astro-agenda\\\/#primaryimage\"},\"thumbnailUrl\":\"https:\\\/\\\/www.caudete.org\\\/ayuntamiento\\\/wp-content\\\/uploads\\\/2025\\\/10\\\/Portapapeles_10-27-2025_02-port.jpg\",\"articleSection\":[\"Desarrollo Local\"],\"inLanguage\":\"es\"},{\"@type\":\"WebPage\",\"@id\":\"https:\\\/\\\/www.caudete.org\\\/ayuntamiento\\\/el-grupo-de-desarrollo-local-monte-iberico-corredor-de-almansa-impulsa-la-promocion-del-destino-starlight-entre-los-escolares-de-caudete-con-la-astro-agenda\\\/\",\"url\":\"https:\\\/\\\/www.caudete.org\\\/ayuntamiento\\\/el-grupo-de-desarrollo-local-monte-iberico-corredor-de-almansa-impulsa-la-promocion-del-destino-starlight-entre-los-escolares-de-caudete-con-la-astro-agenda\\\/\",\"name\":\"El Grupo de Desarrollo Local Monte Ib\u00e9rico\u2013Corredor de Almansa impulsa la promoci\u00f3n del destino Starlight entre los escolares de Caudete con la \\\"astro agenda\\\" - MI Ayuntamiento de Caudete\",\"isPartOf\":{\"@id\":\"https:\\\/\\\/www.caudete.org\\\/ayuntamiento\\\/#website\"},\"primaryImageOfPage\":{\"@id\":\"https:\\\/\\\/www.caudete.org\\\/ayuntamiento\\\/el-grupo-de-desarrollo-local-monte-iberico-corredor-de-almansa-impulsa-la-promocion-del-destino-starlight-entre-los-escolares-de-caudete-con-la-astro-agenda\\\/#primaryimage\"},\"image\":{\"@id\":\"https:\\\/\\\/www.caudete.org\\\/ayuntamiento\\\/el-grupo-de-desarrollo-local-monte-iberico-corredor-de-almansa-impulsa-la-promocion-del-destino-starlight-entre-los-escolares-de-caudete-con-la-astro-agenda\\\/#primaryimage\"},\"thumbnailUrl\":\"https:\\\/\\\/www.caudete.org\\\/ayuntamiento\\\/wp-content\\\/uploads\\\/2025\\\/10\\\/Portapapeles_10-27-2025_02-port.jpg\",\"datePublished\":\"2025-10-27T08:31:43+00:00\",\"dateModified\":\"2025-10-27T08:55:15+00:00\",\"description\":\"P\u00e1gina Oficial del Ayuntamiento de Caudete (Albacete)\",\"breadcrumb\":{\"@id\":\"https:\\\/\\\/www.caudete.org\\\/ayuntamiento\\\/el-grupo-de-desarrollo-local-monte-iberico-corredor-de-almansa-impulsa-la-promocion-del-destino-starlight-entre-los-escolares-de-caudete-con-la-astro-agenda\\\/#breadcrumb\"},\"inLanguage\":\"es\",\"potentialAction\":[{\"@type\":\"ReadAction\",\"target\":[\"https:\\\/\\\/www.caudete.org\\\/ayuntamiento\\\/el-grupo-de-desarrollo-local-monte-iberico-corredor-de-almansa-impulsa-la-promocion-del-destino-starlight-entre-los-escolares-de-caudete-con-la-astro-agenda\\\/\"]}]},{\"@type\":\"ImageObject\",\"inLanguage\":\"es\",\"@id\":\"https:\\\/\\\/www.caudete.org\\\/ayuntamiento\\\/el-grupo-de-desarrollo-local-monte-iberico-corredor-de-almansa-impulsa-la-promocion-del-destino-starlight-entre-los-escolares-de-caudete-con-la-astro-agenda\\\/#primaryimage\",\"url\":\"https:\\\/\\\/www.caudete.org\\\/ayuntamiento\\\/wp-content\\\/uploads\\\/2025\\\/10\\\/Portapapeles_10-27-2025_02-port.jpg\",\"contentUrl\":\"https:\\\/\\\/www.caudete.org\\\/ayuntamiento\\\/wp-content\\\/uploads\\\/2025\\\/10\\\/Portapapeles_10-27-2025_02-port.jpg\",\"width\":408,\"height\":256},{\"@type\":\"BreadcrumbList\",\"@id\":\"https:\\\/\\\/www.caudete.org\\\/ayuntamiento\\\/el-grupo-de-desarrollo-local-monte-iberico-corredor-de-almansa-impulsa-la-promocion-del-destino-starlight-entre-los-escolares-de-caudete-con-la-astro-agenda\\\/#breadcrumb\",\"itemListElement\":[{\"@type\":\"ListItem\",\"position\":1,\"name\":\"Inicio\",\"item\":\"https:\\\/\\\/www.caudete.org\\\/ayuntamiento\\\/\"},{\"@type\":\"ListItem\",\"position\":2,\"name\":\"El Grupo de Desarrollo Local Monte Ib\u00e9rico\u2013Corredor de Almansa impulsa la promoci\u00f3n del destino Starlight entre los escolares de Caudete con la &#8220;astro agenda&#8221;\"}]},{\"@type\":\"WebSite\",\"@id\":\"https:\\\/\\\/www.caudete.org\\\/ayuntamiento\\\/#website\",\"url\":\"https:\\\/\\\/www.caudete.org\\\/ayuntamiento\\\/\",\"name\":\"MI Ayuntamiento de Caudete\",\"description\":\"P\u00e1gina Oficial del MI Ayuntamiento de Caudete\",\"publisher\":{\"@id\":\"https:\\\/\\\/www.caudete.org\\\/ayuntamiento\\\/#organization\"},\"potentialAction\":[{\"@type\":\"SearchAction\",\"target\":{\"@type\":\"EntryPoint\",\"urlTemplate\":\"https:\\\/\\\/www.caudete.org\\\/ayuntamiento\\\/?s={search_term_string}\"},\"query-input\":{\"@type\":\"PropertyValueSpecification\",\"valueRequired\":true,\"valueName\":\"search_term_string\"}}],\"inLanguage\":\"es\"},{\"@type\":\"Organization\",\"@id\":\"https:\\\/\\\/www.caudete.org\\\/ayuntamiento\\\/#organization\",\"name\":\"Ayuntamiento de Caudete\",\"url\":\"https:\\\/\\\/www.caudete.org\\\/ayuntamiento\\\/\",\"logo\":{\"@type\":\"ImageObject\",\"inLanguage\":\"es\",\"@id\":\"https:\\\/\\\/www.caudete.org\\\/ayuntamiento\\\/#\\\/schema\\\/logo\\\/image\\\/\",\"url\":\"https:\\\/\\\/www.caudete.org\\\/ayuntamiento\\\/wp-content\\\/uploads\\\/2020\\\/11\\\/logo_ayuntamiento_caudete.jpg\",\"contentUrl\":\"https:\\\/\\\/www.caudete.org\\\/ayuntamiento\\\/wp-content\\\/uploads\\\/2020\\\/11\\\/logo_ayuntamiento_caudete.jpg\",\"width\":600,\"height\":150,\"caption\":\"Ayuntamiento de Caudete\"},\"image\":{\"@id\":\"https:\\\/\\\/www.caudete.org\\\/ayuntamiento\\\/#\\\/schema\\\/logo\\\/image\\\/\"},\"sameAs\":[\"https:\\\/\\\/www.facebook.com\\\/ayuntamientocaudete\\\/\",\"https:\\\/\\\/www.youtube.com\\\/channel\\\/UC6VztHaooNsGpw-tNoBEFnQ\"]},{\"@type\":\"Person\",\"@id\":\"https:\\\/\\\/www.caudete.org\\\/ayuntamiento\\\/#\\\/schema\\\/person\\\/abfa5ffd5010a14e078c21e6e61b6291\",\"name\":\"informatica2\",\"image\":{\"@type\":\"ImageObject\",\"inLanguage\":\"es\",\"@id\":\"https:\\\/\\\/secure.gravatar.com\\\/avatar\\\/b089890ff033a3e4d03eec00ecb5a14425217205c513f60ec32ebeaaeb5fa700?s=96&d=mm&r=g\",\"url\":\"https:\\\/\\\/secure.gravatar.com\\\/avatar\\\/b089890ff033a3e4d03eec00ecb5a14425217205c513f60ec32ebeaaeb5fa700?s=96&d=mm&r=g\",\"contentUrl\":\"https:\\\/\\\/secure.gravatar.com\\\/avatar\\\/b089890ff033a3e4d03eec00ecb5a14425217205c513f60ec32ebeaaeb5fa700?s=96&d=mm&r=g\",\"caption\":\"informatica2\"},\"url\":\"https:\\\/\\\/www.caudete.org\\\/ayuntamiento\\\/author\\\/informatica2\\\/\"}]}<\/script>\n<!-- \/ Yoast SEO plugin. -->","yoast_head_json":{"title":"El Grupo de Desarrollo Local Monte Ib\u00e9rico\u2013Corredor de Almansa impulsa la promoci\u00f3n del destino Starlight entre los escolares de Caudete con la \"astro agenda\" - MI Ayuntamiento de Caudete","description":"P\u00e1gina Oficial del Ayuntamiento de Caudete (Albacete)","robots":{"index":"index","follow":"follow","max-snippet":"max-snippet:-1","max-image-preview":"max-image-preview:large","max-video-preview":"max-video-preview:-1"},"canonical":"https:\/\/www.caudete.org\/ayuntamiento\/el-grupo-de-desarrollo-local-monte-iberico-corredor-de-almansa-impulsa-la-promocion-del-destino-starlight-entre-los-escolares-de-caudete-con-la-astro-agenda\/","og_locale":"es_ES","og_type":"article","og_title":"El Grupo de Desarrollo Local Monte Ib\u00e9rico\u2013Corredor de Almansa impulsa la promoci\u00f3n del destino Starlight entre los escolares de Caudete con la \"astro agenda\" - MI Ayuntamiento de Caudete","og_description":"P\u00e1gina Oficial del Ayuntamiento de Caudete (Albacete)","og_url":"https:\/\/www.caudete.org\/ayuntamiento\/el-grupo-de-desarrollo-local-monte-iberico-corredor-de-almansa-impulsa-la-promocion-del-destino-starlight-entre-los-escolares-de-caudete-con-la-astro-agenda\/","og_site_name":"MI Ayuntamiento de Caudete","article_publisher":"https:\/\/www.facebook.com\/ayuntamientocaudete\/","article_published_time":"2025-10-27T08:31:43+00:00","article_modified_time":"2025-10-27T08:55:15+00:00","og_image":[{"width":408,"height":256,"url":"https:\/\/www.caudete.org\/ayuntamiento\/wp-content\/uploads\/2025\/10\/Portapapeles_10-27-2025_02-port.jpg","type":"image\/jpeg"}],"author":"informatica2","twitter_card":"summary_large_image","twitter_misc":{"Escrito por":"informatica2","Tiempo de lectura":"2 minutos"},"schema":{"@context":"https:\/\/schema.org","@graph":[{"@type":"Article","@id":"https:\/\/www.caudete.org\/ayuntamiento\/el-grupo-de-desarrollo-local-monte-iberico-corredor-de-almansa-impulsa-la-promocion-del-destino-starlight-entre-los-escolares-de-caudete-con-la-astro-agenda\/#article","isPartOf":{"@id":"https:\/\/www.caudete.org\/ayuntamiento\/el-grupo-de-desarrollo-local-monte-iberico-corredor-de-almansa-impulsa-la-promocion-del-destino-starlight-entre-los-escolares-de-caudete-con-la-astro-agenda\/"},"author":{"name":"informatica2","@id":"https:\/\/www.caudete.org\/ayuntamiento\/#\/schema\/person\/abfa5ffd5010a14e078c21e6e61b6291"},"headline":"El Grupo de Desarrollo Local Monte Ib\u00e9rico\u2013Corredor de Almansa impulsa la promoci\u00f3n del destino Starlight entre los escolares de Caudete con la &#8220;astro agenda&#8221;","datePublished":"2025-10-27T08:31:43+00:00","dateModified":"2025-10-27T08:55:15+00:00","mainEntityOfPage":{"@id":"https:\/\/www.caudete.org\/ayuntamiento\/el-grupo-de-desarrollo-local-monte-iberico-corredor-de-almansa-impulsa-la-promocion-del-destino-starlight-entre-los-escolares-de-caudete-con-la-astro-agenda\/"},"wordCount":283,"publisher":{"@id":"https:\/\/www.caudete.org\/ayuntamiento\/#organization"},"image":{"@id":"https:\/\/www.caudete.org\/ayuntamiento\/el-grupo-de-desarrollo-local-monte-iberico-corredor-de-almansa-impulsa-la-promocion-del-destino-starlight-entre-los-escolares-de-caudete-con-la-astro-agenda\/#primaryimage"},"thumbnailUrl":"https:\/\/www.caudete.org\/ayuntamiento\/wp-content\/uploads\/2025\/10\/Portapapeles_10-27-2025_02-port.jpg","articleSection":["Desarrollo Local"],"inLanguage":"es"},{"@type":"WebPage","@id":"https:\/\/www.caudete.org\/ayuntamiento\/el-grupo-de-desarrollo-local-monte-iberico-corredor-de-almansa-impulsa-la-promocion-del-destino-starlight-entre-los-escolares-de-caudete-con-la-astro-agenda\/","url":"https:\/\/www.caudete.org\/ayuntamiento\/el-grupo-de-desarrollo-local-monte-iberico-corredor-de-almansa-impulsa-la-promocion-del-destino-starlight-entre-los-escolares-de-caudete-con-la-astro-agenda\/","name":"El Grupo de Desarrollo Local Monte Ib\u00e9rico\u2013Corredor de Almansa impulsa la promoci\u00f3n del destino Starlight entre los escolares de Caudete con la \"astro agenda\" - MI Ayuntamiento de Caudete","isPartOf":{"@id":"https:\/\/www.caudete.org\/ayuntamiento\/#website"},"primaryImageOfPage":{"@id":"https:\/\/www.caudete.org\/ayuntamiento\/el-grupo-de-desarrollo-local-monte-iberico-corredor-de-almansa-impulsa-la-promocion-del-destino-starlight-entre-los-escolares-de-caudete-con-la-astro-agenda\/#primaryimage"},"image":{"@id":"https:\/\/www.caudete.org\/ayuntamiento\/el-grupo-de-desarrollo-local-monte-iberico-corredor-de-almansa-impulsa-la-promocion-del-destino-starlight-entre-los-escolares-de-caudete-con-la-astro-agenda\/#primaryimage"},"thumbnailUrl":"https:\/\/www.caudete.org\/ayuntamiento\/wp-content\/uploads\/2025\/10\/Portapapeles_10-27-2025_02-port.jpg","datePublished":"2025-10-27T08:31:43+00:00","dateModified":"2025-10-27T08:55:15+00:00","description":"P\u00e1gina Oficial del Ayuntamiento de Caudete (Albacete)","breadcrumb":{"@id":"https:\/\/www.caudete.org\/ayuntamiento\/el-grupo-de-desarrollo-local-monte-iberico-corredor-de-almansa-impulsa-la-promocion-del-destino-starlight-entre-los-escolares-de-caudete-con-la-astro-agenda\/#breadcrumb"},"inLanguage":"es","potentialAction":[{"@type":"ReadAction","target":["https:\/\/www.caudete.org\/ayuntamiento\/el-grupo-de-desarrollo-local-monte-iberico-corredor-de-almansa-impulsa-la-promocion-del-destino-starlight-entre-los-escolares-de-caudete-con-la-astro-agenda\/"]}]},{"@type":"ImageObject","inLanguage":"es","@id":"https:\/\/www.caudete.org\/ayuntamiento\/el-grupo-de-desarrollo-local-monte-iberico-corredor-de-almansa-impulsa-la-promocion-del-destino-starlight-entre-los-escolares-de-caudete-con-la-astro-agenda\/#primaryimage","url":"https:\/\/www.caudete.org\/ayuntamiento\/wp-content\/uploads\/2025\/10\/Portapapeles_10-27-2025_02-port.jpg","contentUrl":"https:\/\/www.caudete.org\/ayuntamiento\/wp-content\/uploads\/2025\/10\/Portapapeles_10-27-2025_02-port.jpg","width":408,"height":256},{"@type":"BreadcrumbList","@id":"https:\/\/www.caudete.org\/ayuntamiento\/el-grupo-de-desarrollo-local-monte-iberico-corredor-de-almansa-impulsa-la-promocion-del-destino-starlight-entre-los-escolares-de-caudete-con-la-astro-agenda\/#breadcrumb","itemListElement":[{"@type":"ListItem","position":1,"name":"Inicio","item":"https:\/\/www.caudete.org\/ayuntamiento\/"},{"@type":"ListItem","position":2,"name":"El Grupo de Desarrollo Local Monte Ib\u00e9rico\u2013Corredor de Almansa impulsa la promoci\u00f3n del destino Starlight entre los escolares de Caudete con la &#8220;astro agenda&#8221;"}]},{"@type":"WebSite","@id":"https:\/\/www.caudete.org\/ayuntamiento\/#website","url":"https:\/\/www.caudete.org\/ayuntamiento\/","name":"MI Ayuntamiento de Caudete","description":"P\u00e1gina Oficial del MI Ayuntamiento de Caudete","publisher":{"@id":"https:\/\/www.caudete.org\/ayuntamiento\/#organization"},"potentialAction":[{"@type":"SearchAction","target":{"@type":"EntryPoint","urlTemplate":"https:\/\/www.caudete.org\/ayuntamiento\/?s={search_term_string}"},"query-input":{"@type":"PropertyValueSpecification","valueRequired":true,"valueName":"search_term_string"}}],"inLanguage":"es"},{"@type":"Organization","@id":"https:\/\/www.caudete.org\/ayuntamiento\/#organization","name":"Ayuntamiento de Caudete","url":"https:\/\/www.caudete.org\/ayuntamiento\/","logo":{"@type":"ImageObject","inLanguage":"es","@id":"https:\/\/www.caudete.org\/ayuntamiento\/#\/schema\/logo\/image\/","url":"https:\/\/www.caudete.org\/ayuntamiento\/wp-content\/uploads\/2020\/11\/logo_ayuntamiento_caudete.jpg","contentUrl":"https:\/\/www.caudete.org\/ayuntamiento\/wp-content\/uploads\/2020\/11\/logo_ayuntamiento_caudete.jpg","width":600,"height":150,"caption":"Ayuntamiento de Caudete"},"image":{"@id":"https:\/\/www.caudete.org\/ayuntamiento\/#\/schema\/logo\/image\/"},"sameAs":["https:\/\/www.facebook.com\/ayuntamientocaudete\/","https:\/\/www.youtube.com\/channel\/UC6VztHaooNsGpw-tNoBEFnQ"]},{"@type":"Person","@id":"https:\/\/www.caudete.org\/ayuntamiento\/#\/schema\/person\/abfa5ffd5010a14e078c21e6e61b6291","name":"informatica2","image":{"@type":"ImageObject","inLanguage":"es","@id":"https:\/\/secure.gravatar.com\/avatar\/b089890ff033a3e4d03eec00ecb5a14425217205c513f60ec32ebeaaeb5fa700?s=96&d=mm&r=g","url":"https:\/\/secure.gravatar.com\/avatar\/b089890ff033a3e4d03eec00ecb5a14425217205c513f60ec32ebeaaeb5fa700?s=96&d=mm&r=g","contentUrl":"https:\/\/secure.gravatar.com\/avatar\/b089890ff033a3e4d03eec00ecb5a14425217205c513f60ec32ebeaaeb5fa700?s=96&d=mm&r=g","caption":"informatica2"},"url":"https:\/\/www.caudete.org\/ayuntamiento\/author\/informatica2\/"}]}},"_links":{"self":[{"href":"https:\/\/www.caudete.org\/ayuntamiento\/wp-json\/wp\/v2\/posts\/31317","targetHints":{"allow":["GET"]}}],"collection":[{"href":"https:\/\/www.caudete.org\/ayuntamiento\/wp-json\/wp\/v2\/posts"}],"about":[{"href":"https:\/\/www.caudete.org\/ayuntamiento\/wp-json\/wp\/v2\/types\/post"}],"author":[{"embeddable":true,"href":"https:\/\/www.caudete.org\/ayuntamiento\/wp-json\/wp\/v2\/users\/6"}],"replies":[{"embeddable":true,"href":"https:\/\/www.caudete.org\/ayuntamiento\/wp-json\/wp\/v2\/comments?post=31317"}],"version-history":[{"count":8,"href":"https:\/\/www.caudete.org\/ayuntamiento\/wp-json\/wp\/v2\/posts\/31317\/revisions"}],"predecessor-version":[{"id":31328,"href":"https:\/\/www.caudete.org\/ayuntamiento\/wp-json\/wp\/v2\/posts\/31317\/revisions\/31328"}],"wp:featuredmedia":[{"embeddable":true,"href":"https:\/\/www.caudete.org\/ayuntamiento\/wp-json\/wp\/v2\/media\/31320"}],"wp:attachment":[{"href":"https:\/\/www.caudete.org\/ayuntamiento\/wp-json\/wp\/v2\/media?parent=31317"}],"wp:term":[{"taxonomy":"category","embeddable":true,"href":"https:\/\/www.caudete.org\/ayuntamiento\/wp-json\/wp\/v2\/categories?post=31317"},{"taxonomy":"post_tag","embeddable":true,"href":"https:\/\/www.caudete.org\/ayuntamiento\/wp-json\/wp\/v2\/tags?post=31317"}],"curies":[{"name":"wp","href":"https:\/\/api.w.org\/{rel}","templated":true}]}}