{"id":31329,"date":"2025-10-27T12:24:19","date_gmt":"2025-10-27T11:24:19","guid":{"rendered":"https:\/\/www.caudete.org\/ayuntamiento\/?p=31329"},"modified":"2025-11-03T08:53:12","modified_gmt":"2025-11-03T07:53:12","slug":"llega-el-terror-al-auditorio-municipal-con-expediente-warren-el-caso-que-marco-el-final","status":"publish","type":"post","link":"https:\/\/www.caudete.org\/ayuntamiento\/llega-el-terror-al-auditorio-municipal-con-expediente-warren-el-caso-que-marco-el-final\/","title":{"rendered":"Llega el terror al Auditorio Municipal con &#8220;Expediente Warren: El Caso que Marc\u00f3 el Final&#8221;"},"content":{"rendered":"<p style=\"text-align: justify;\">La magia del <strong>cine de terror regresa al Auditorio Municipal<\/strong>, dentro de la <strong>Programaci\u00f3n Cultural de Oto\u00f1o 2025<\/strong>, los pr\u00f3ximos d\u00edas s\u00e1bado 1 y domingo 2 de noviembre con la proyecci\u00f3n de la esperada pel\u00edcula de Warner Bros. Pictures, &#8220;Expediente Warren: El Caso que Marc\u00f3 el Final\u201d. Los amantes del terror tendr\u00e1n una doble oportunidad de disfrutar de esta nueva entrega de la <strong>saga de los Warren<\/strong> en la gran pantalla.<\/p>\n<p><strong>S\u00e1bado 1 y domingo 2 de noviembre con pases a las 17:00h y 19:30h ambos d\u00edas.<\/strong><\/p>\n<p>Sinopsis: Los famosos investigadores de fen\u00f3menos paranormales Ed y Lorraine Warren se enfrentan a uno de sus casos m\u00e1s escalofriantes. Esta vez, su investigaci\u00f3n les lleva a un juicio por asesinato inaudito, donde un sospechoso utiliza por primera vez en la historia de Estados Unidos la posesi\u00f3n demon\u00edaca como defensa. Una historia basada en hechos reales que no solo explora el terror, sino tambi\u00e9n los l\u00edmites de la justicia, la fe y el mal que acecha en las sombras, en lo que se considera el caso que puso fin a su era m\u00e1s activa.<\/p>\n<p><strong>Recomendada para mayores de 16 a\u00f1os.<\/strong><\/p>\n<p>Las entradas para cada sesi\u00f3n se podr\u00e1n adquirir en la taquilla 40 minutos antes de cada funci\u00f3n con un <strong>precio \u00fanico de 5\u20ac.<\/strong><\/p>\n<p><strong>\u00a1No te lo pierdas!<\/strong><\/p>\n<p><a href=\"https:\/\/www.caudete.org\/ayuntamiento\/wp-content\/uploads\/2025\/10\/Imagen-de-WhatsApp-2025-10-20-a-las-13.03.08_f7b80dc0.jpg\" rel='prettyPhoto'><img fetchpriority=\"high\" decoding=\"async\" class=\"alignnone wp-image-31331 size-full\" src=\"https:\/\/www.caudete.org\/ayuntamiento\/wp-content\/uploads\/2025\/10\/Imagen-de-WhatsApp-2025-10-20-a-las-13.03.08_f7b80dc0.jpg\" alt=\"\" width=\"1000\" height=\"1414\" srcset=\"https:\/\/www.caudete.org\/ayuntamiento\/wp-content\/uploads\/2025\/10\/Imagen-de-WhatsApp-2025-10-20-a-las-13.03.08_f7b80dc0.jpg 1000w, https:\/\/www.caudete.org\/ayuntamiento\/wp-content\/uploads\/2025\/10\/Imagen-de-WhatsApp-2025-10-20-a-las-13.03.08_f7b80dc0-566x800.jpg 566w, https:\/\/www.caudete.org\/ayuntamiento\/wp-content\/uploads\/2025\/10\/Imagen-de-WhatsApp-2025-10-20-a-las-13.03.08_f7b80dc0-636x900.jpg 636w, https:\/\/www.caudete.org\/ayuntamiento\/wp-content\/uploads\/2025\/10\/Imagen-de-WhatsApp-2025-10-20-a-las-13.03.08_f7b80dc0-156x220.jpg 156w, https:\/\/www.caudete.org\/ayuntamiento\/wp-content\/uploads\/2025\/10\/Imagen-de-WhatsApp-2025-10-20-a-las-13.03.08_f7b80dc0-768x1086.jpg 768w\" sizes=\"(max-width: 1000px) 100vw, 1000px\" \/><\/a><\/p>\n","protected":false},"excerpt":{"rendered":"<p>La magia del cine de terror regresa al Auditorio Municipal, dentro de la Programaci\u00f3n Cultural de Oto\u00f1o 2025, los pr\u00f3ximos d\u00edas s\u00e1bado 1 y domingo 2 de noviembre con la proyecci\u00f3n de la esperada pel\u00edcula de Warner Bros. Pictures, &#8220;Expediente Warren: El Caso que Marc\u00f3 el Final\u201d. Los amantes del terror tendr\u00e1n una doble oportunidad &hellip;<\/p>\n","protected":false},"author":6,"featured_media":31330,"comment_status":"closed","ping_status":"open","sticky":false,"template":"","format":"standard","meta":{"ngg_post_thumbnail":0,"footnotes":""},"categories":[14],"tags":[],"class_list":["post-31329","post","type-post","status-publish","format-standard","has-post-thumbnail","hentry","category-cultura"],"yoast_head":"<!-- This site is optimized with the Yoast SEO plugin v27.5 - https:\/\/yoast.com\/product\/yoast-seo-wordpress\/ -->\n<title>Llega el terror al Auditorio Municipal con &quot;Expediente Warren: El Caso que Marc\u00f3 el Final&quot; - MI Ayuntamiento de Caudete<\/title>\n<meta name=\"description\" content=\"P\u00e1gina Oficial del Ayuntamiento de Caudete (Albacete)\" \/>\n<meta name=\"robots\" content=\"index, follow, max-snippet:-1, max-image-preview:large, max-video-preview:-1\" \/>\n<link rel=\"canonical\" href=\"https:\/\/www.caudete.org\/ayuntamiento\/llega-el-terror-al-auditorio-municipal-con-expediente-warren-el-caso-que-marco-el-final\/\" \/>\n<meta property=\"og:locale\" content=\"es_ES\" \/>\n<meta property=\"og:type\" content=\"article\" \/>\n<meta property=\"og:title\" content=\"Llega el terror al Auditorio Municipal con &quot;Expediente Warren: El Caso que Marc\u00f3 el Final&quot; - MI Ayuntamiento de Caudete\" \/>\n<meta property=\"og:description\" content=\"P\u00e1gina Oficial del Ayuntamiento de Caudete (Albacete)\" \/>\n<meta property=\"og:url\" content=\"https:\/\/www.caudete.org\/ayuntamiento\/llega-el-terror-al-auditorio-municipal-con-expediente-warren-el-caso-que-marco-el-final\/\" \/>\n<meta property=\"og:site_name\" content=\"MI Ayuntamiento de Caudete\" \/>\n<meta property=\"article:publisher\" content=\"https:\/\/www.facebook.com\/ayuntamientocaudete\/\" \/>\n<meta property=\"article:published_time\" content=\"2025-10-27T11:24:19+00:00\" \/>\n<meta property=\"article:modified_time\" content=\"2025-11-03T07:53:12+00:00\" \/>\n<meta property=\"og:image\" content=\"https:\/\/www.caudete.org\/ayuntamiento\/wp-content\/uploads\/2025\/10\/Expediente-Warren.jpg\" \/>\n\t<meta property=\"og:image:width\" content=\"864\" \/>\n\t<meta property=\"og:image:height\" content=\"380\" \/>\n\t<meta property=\"og:image:type\" content=\"image\/jpeg\" \/>\n<meta name=\"author\" content=\"informatica2\" \/>\n<meta name=\"twitter:card\" content=\"summary_large_image\" \/>\n<meta name=\"twitter:label1\" content=\"Escrito por\" \/>\n\t<meta name=\"twitter:data1\" content=\"informatica2\" \/>\n\t<meta name=\"twitter:label2\" content=\"Tiempo de lectura\" \/>\n\t<meta name=\"twitter:data2\" content=\"2 minutos\" \/>\n<script type=\"application\/ld+json\" class=\"yoast-schema-graph\">{\"@context\":\"https:\\\/\\\/schema.org\",\"@graph\":[{\"@type\":\"Article\",\"@id\":\"https:\\\/\\\/www.caudete.org\\\/ayuntamiento\\\/llega-el-terror-al-auditorio-municipal-con-expediente-warren-el-caso-que-marco-el-final\\\/#article\",\"isPartOf\":{\"@id\":\"https:\\\/\\\/www.caudete.org\\\/ayuntamiento\\\/llega-el-terror-al-auditorio-municipal-con-expediente-warren-el-caso-que-marco-el-final\\\/\"},\"author\":{\"name\":\"informatica2\",\"@id\":\"https:\\\/\\\/www.caudete.org\\\/ayuntamiento\\\/#\\\/schema\\\/person\\\/abfa5ffd5010a14e078c21e6e61b6291\"},\"headline\":\"Llega el terror al Auditorio Municipal con &#8220;Expediente Warren: El Caso que Marc\u00f3 el Final&#8221;\",\"datePublished\":\"2025-10-27T11:24:19+00:00\",\"dateModified\":\"2025-11-03T07:53:12+00:00\",\"mainEntityOfPage\":{\"@id\":\"https:\\\/\\\/www.caudete.org\\\/ayuntamiento\\\/llega-el-terror-al-auditorio-municipal-con-expediente-warren-el-caso-que-marco-el-final\\\/\"},\"wordCount\":243,\"image\":{\"@id\":\"https:\\\/\\\/www.caudete.org\\\/ayuntamiento\\\/llega-el-terror-al-auditorio-municipal-con-expediente-warren-el-caso-que-marco-el-final\\\/#primaryimage\"},\"thumbnailUrl\":\"https:\\\/\\\/www.caudete.org\\\/ayuntamiento\\\/wp-content\\\/uploads\\\/2025\\\/10\\\/Expediente-Warren.jpg\",\"articleSection\":[\"Cultura\"],\"inLanguage\":\"es\"},{\"@type\":\"WebPage\",\"@id\":\"https:\\\/\\\/www.caudete.org\\\/ayuntamiento\\\/llega-el-terror-al-auditorio-municipal-con-expediente-warren-el-caso-que-marco-el-final\\\/\",\"url\":\"https:\\\/\\\/www.caudete.org\\\/ayuntamiento\\\/llega-el-terror-al-auditorio-municipal-con-expediente-warren-el-caso-que-marco-el-final\\\/\",\"name\":\"Llega el terror al Auditorio Municipal con \\\"Expediente Warren: El Caso que Marc\u00f3 el Final\\\" - MI Ayuntamiento de Caudete\",\"isPartOf\":{\"@id\":\"https:\\\/\\\/www.caudete.org\\\/ayuntamiento\\\/#website\"},\"primaryImageOfPage\":{\"@id\":\"https:\\\/\\\/www.caudete.org\\\/ayuntamiento\\\/llega-el-terror-al-auditorio-municipal-con-expediente-warren-el-caso-que-marco-el-final\\\/#primaryimage\"},\"image\":{\"@id\":\"https:\\\/\\\/www.caudete.org\\\/ayuntamiento\\\/llega-el-terror-al-auditorio-municipal-con-expediente-warren-el-caso-que-marco-el-final\\\/#primaryimage\"},\"thumbnailUrl\":\"https:\\\/\\\/www.caudete.org\\\/ayuntamiento\\\/wp-content\\\/uploads\\\/2025\\\/10\\\/Expediente-Warren.jpg\",\"datePublished\":\"2025-10-27T11:24:19+00:00\",\"dateModified\":\"2025-11-03T07:53:12+00:00\",\"author\":{\"@id\":\"https:\\\/\\\/www.caudete.org\\\/ayuntamiento\\\/#\\\/schema\\\/person\\\/abfa5ffd5010a14e078c21e6e61b6291\"},\"description\":\"P\u00e1gina Oficial del Ayuntamiento de Caudete (Albacete)\",\"breadcrumb\":{\"@id\":\"https:\\\/\\\/www.caudete.org\\\/ayuntamiento\\\/llega-el-terror-al-auditorio-municipal-con-expediente-warren-el-caso-que-marco-el-final\\\/#breadcrumb\"},\"inLanguage\":\"es\",\"potentialAction\":[{\"@type\":\"ReadAction\",\"target\":[\"https:\\\/\\\/www.caudete.org\\\/ayuntamiento\\\/llega-el-terror-al-auditorio-municipal-con-expediente-warren-el-caso-que-marco-el-final\\\/\"]}]},{\"@type\":\"ImageObject\",\"inLanguage\":\"es\",\"@id\":\"https:\\\/\\\/www.caudete.org\\\/ayuntamiento\\\/llega-el-terror-al-auditorio-municipal-con-expediente-warren-el-caso-que-marco-el-final\\\/#primaryimage\",\"url\":\"https:\\\/\\\/www.caudete.org\\\/ayuntamiento\\\/wp-content\\\/uploads\\\/2025\\\/10\\\/Expediente-Warren.jpg\",\"contentUrl\":\"https:\\\/\\\/www.caudete.org\\\/ayuntamiento\\\/wp-content\\\/uploads\\\/2025\\\/10\\\/Expediente-Warren.jpg\",\"width\":864,\"height\":380},{\"@type\":\"BreadcrumbList\",\"@id\":\"https:\\\/\\\/www.caudete.org\\\/ayuntamiento\\\/llega-el-terror-al-auditorio-municipal-con-expediente-warren-el-caso-que-marco-el-final\\\/#breadcrumb\",\"itemListElement\":[{\"@type\":\"ListItem\",\"position\":1,\"name\":\"Inicio\",\"item\":\"https:\\\/\\\/www.caudete.org\\\/ayuntamiento\\\/\"},{\"@type\":\"ListItem\",\"position\":2,\"name\":\"Llega el terror al Auditorio Municipal con &#8220;Expediente Warren: El Caso que Marc\u00f3 el Final&#8221;\"}]},{\"@type\":\"WebSite\",\"@id\":\"https:\\\/\\\/www.caudete.org\\\/ayuntamiento\\\/#website\",\"url\":\"https:\\\/\\\/www.caudete.org\\\/ayuntamiento\\\/\",\"name\":\"MI Ayuntamiento de Caudete\",\"description\":\"P\u00e1gina Oficial del MI Ayuntamiento de Caudete\",\"potentialAction\":[{\"@type\":\"SearchAction\",\"target\":{\"@type\":\"EntryPoint\",\"urlTemplate\":\"https:\\\/\\\/www.caudete.org\\\/ayuntamiento\\\/?s={search_term_string}\"},\"query-input\":{\"@type\":\"PropertyValueSpecification\",\"valueRequired\":true,\"valueName\":\"search_term_string\"}}],\"inLanguage\":\"es\"},{\"@type\":\"Person\",\"@id\":\"https:\\\/\\\/www.caudete.org\\\/ayuntamiento\\\/#\\\/schema\\\/person\\\/abfa5ffd5010a14e078c21e6e61b6291\",\"name\":\"informatica2\",\"image\":{\"@type\":\"ImageObject\",\"inLanguage\":\"es\",\"@id\":\"https:\\\/\\\/secure.gravatar.com\\\/avatar\\\/b089890ff033a3e4d03eec00ecb5a14425217205c513f60ec32ebeaaeb5fa700?s=96&d=mm&r=g\",\"url\":\"https:\\\/\\\/secure.gravatar.com\\\/avatar\\\/b089890ff033a3e4d03eec00ecb5a14425217205c513f60ec32ebeaaeb5fa700?s=96&d=mm&r=g\",\"contentUrl\":\"https:\\\/\\\/secure.gravatar.com\\\/avatar\\\/b089890ff033a3e4d03eec00ecb5a14425217205c513f60ec32ebeaaeb5fa700?s=96&d=mm&r=g\",\"caption\":\"informatica2\"},\"url\":\"https:\\\/\\\/www.caudete.org\\\/ayuntamiento\\\/author\\\/informatica2\\\/\"}]}<\/script>\n<!-- \/ Yoast SEO plugin. -->","yoast_head_json":{"title":"Llega el terror al Auditorio Municipal con \"Expediente Warren: El Caso que Marc\u00f3 el Final\" - MI Ayuntamiento de Caudete","description":"P\u00e1gina Oficial del Ayuntamiento de Caudete (Albacete)","robots":{"index":"index","follow":"follow","max-snippet":"max-snippet:-1","max-image-preview":"max-image-preview:large","max-video-preview":"max-video-preview:-1"},"canonical":"https:\/\/www.caudete.org\/ayuntamiento\/llega-el-terror-al-auditorio-municipal-con-expediente-warren-el-caso-que-marco-el-final\/","og_locale":"es_ES","og_type":"article","og_title":"Llega el terror al Auditorio Municipal con \"Expediente Warren: El Caso que Marc\u00f3 el Final\" - MI Ayuntamiento de Caudete","og_description":"P\u00e1gina Oficial del Ayuntamiento de Caudete (Albacete)","og_url":"https:\/\/www.caudete.org\/ayuntamiento\/llega-el-terror-al-auditorio-municipal-con-expediente-warren-el-caso-que-marco-el-final\/","og_site_name":"MI Ayuntamiento de Caudete","article_publisher":"https:\/\/www.facebook.com\/ayuntamientocaudete\/","article_published_time":"2025-10-27T11:24:19+00:00","article_modified_time":"2025-11-03T07:53:12+00:00","og_image":[{"width":864,"height":380,"url":"https:\/\/www.caudete.org\/ayuntamiento\/wp-content\/uploads\/2025\/10\/Expediente-Warren.jpg","type":"image\/jpeg"}],"author":"informatica2","twitter_card":"summary_large_image","twitter_misc":{"Escrito por":"informatica2","Tiempo de lectura":"2 minutos"},"schema":{"@context":"https:\/\/schema.org","@graph":[{"@type":"Article","@id":"https:\/\/www.caudete.org\/ayuntamiento\/llega-el-terror-al-auditorio-municipal-con-expediente-warren-el-caso-que-marco-el-final\/#article","isPartOf":{"@id":"https:\/\/www.caudete.org\/ayuntamiento\/llega-el-terror-al-auditorio-municipal-con-expediente-warren-el-caso-que-marco-el-final\/"},"author":{"name":"informatica2","@id":"https:\/\/www.caudete.org\/ayuntamiento\/#\/schema\/person\/abfa5ffd5010a14e078c21e6e61b6291"},"headline":"Llega el terror al Auditorio Municipal con &#8220;Expediente Warren: El Caso que Marc\u00f3 el Final&#8221;","datePublished":"2025-10-27T11:24:19+00:00","dateModified":"2025-11-03T07:53:12+00:00","mainEntityOfPage":{"@id":"https:\/\/www.caudete.org\/ayuntamiento\/llega-el-terror-al-auditorio-municipal-con-expediente-warren-el-caso-que-marco-el-final\/"},"wordCount":243,"image":{"@id":"https:\/\/www.caudete.org\/ayuntamiento\/llega-el-terror-al-auditorio-municipal-con-expediente-warren-el-caso-que-marco-el-final\/#primaryimage"},"thumbnailUrl":"https:\/\/www.caudete.org\/ayuntamiento\/wp-content\/uploads\/2025\/10\/Expediente-Warren.jpg","articleSection":["Cultura"],"inLanguage":"es"},{"@type":"WebPage","@id":"https:\/\/www.caudete.org\/ayuntamiento\/llega-el-terror-al-auditorio-municipal-con-expediente-warren-el-caso-que-marco-el-final\/","url":"https:\/\/www.caudete.org\/ayuntamiento\/llega-el-terror-al-auditorio-municipal-con-expediente-warren-el-caso-que-marco-el-final\/","name":"Llega el terror al Auditorio Municipal con \"Expediente Warren: El Caso que Marc\u00f3 el Final\" - MI Ayuntamiento de Caudete","isPartOf":{"@id":"https:\/\/www.caudete.org\/ayuntamiento\/#website"},"primaryImageOfPage":{"@id":"https:\/\/www.caudete.org\/ayuntamiento\/llega-el-terror-al-auditorio-municipal-con-expediente-warren-el-caso-que-marco-el-final\/#primaryimage"},"image":{"@id":"https:\/\/www.caudete.org\/ayuntamiento\/llega-el-terror-al-auditorio-municipal-con-expediente-warren-el-caso-que-marco-el-final\/#primaryimage"},"thumbnailUrl":"https:\/\/www.caudete.org\/ayuntamiento\/wp-content\/uploads\/2025\/10\/Expediente-Warren.jpg","datePublished":"2025-10-27T11:24:19+00:00","dateModified":"2025-11-03T07:53:12+00:00","author":{"@id":"https:\/\/www.caudete.org\/ayuntamiento\/#\/schema\/person\/abfa5ffd5010a14e078c21e6e61b6291"},"description":"P\u00e1gina Oficial del Ayuntamiento de Caudete (Albacete)","breadcrumb":{"@id":"https:\/\/www.caudete.org\/ayuntamiento\/llega-el-terror-al-auditorio-municipal-con-expediente-warren-el-caso-que-marco-el-final\/#breadcrumb"},"inLanguage":"es","potentialAction":[{"@type":"ReadAction","target":["https:\/\/www.caudete.org\/ayuntamiento\/llega-el-terror-al-auditorio-municipal-con-expediente-warren-el-caso-que-marco-el-final\/"]}]},{"@type":"ImageObject","inLanguage":"es","@id":"https:\/\/www.caudete.org\/ayuntamiento\/llega-el-terror-al-auditorio-municipal-con-expediente-warren-el-caso-que-marco-el-final\/#primaryimage","url":"https:\/\/www.caudete.org\/ayuntamiento\/wp-content\/uploads\/2025\/10\/Expediente-Warren.jpg","contentUrl":"https:\/\/www.caudete.org\/ayuntamiento\/wp-content\/uploads\/2025\/10\/Expediente-Warren.jpg","width":864,"height":380},{"@type":"BreadcrumbList","@id":"https:\/\/www.caudete.org\/ayuntamiento\/llega-el-terror-al-auditorio-municipal-con-expediente-warren-el-caso-que-marco-el-final\/#breadcrumb","itemListElement":[{"@type":"ListItem","position":1,"name":"Inicio","item":"https:\/\/www.caudete.org\/ayuntamiento\/"},{"@type":"ListItem","position":2,"name":"Llega el terror al Auditorio Municipal con &#8220;Expediente Warren: El Caso que Marc\u00f3 el Final&#8221;"}]},{"@type":"WebSite","@id":"https:\/\/www.caudete.org\/ayuntamiento\/#website","url":"https:\/\/www.caudete.org\/ayuntamiento\/","name":"MI Ayuntamiento de Caudete","description":"P\u00e1gina Oficial del MI Ayuntamiento de Caudete","potentialAction":[{"@type":"SearchAction","target":{"@type":"EntryPoint","urlTemplate":"https:\/\/www.caudete.org\/ayuntamiento\/?s={search_term_string}"},"query-input":{"@type":"PropertyValueSpecification","valueRequired":true,"valueName":"search_term_string"}}],"inLanguage":"es"},{"@type":"Person","@id":"https:\/\/www.caudete.org\/ayuntamiento\/#\/schema\/person\/abfa5ffd5010a14e078c21e6e61b6291","name":"informatica2","image":{"@type":"ImageObject","inLanguage":"es","@id":"https:\/\/secure.gravatar.com\/avatar\/b089890ff033a3e4d03eec00ecb5a14425217205c513f60ec32ebeaaeb5fa700?s=96&d=mm&r=g","url":"https:\/\/secure.gravatar.com\/avatar\/b089890ff033a3e4d03eec00ecb5a14425217205c513f60ec32ebeaaeb5fa700?s=96&d=mm&r=g","contentUrl":"https:\/\/secure.gravatar.com\/avatar\/b089890ff033a3e4d03eec00ecb5a14425217205c513f60ec32ebeaaeb5fa700?s=96&d=mm&r=g","caption":"informatica2"},"url":"https:\/\/www.caudete.org\/ayuntamiento\/author\/informatica2\/"}]}},"_links":{"self":[{"href":"https:\/\/www.caudete.org\/ayuntamiento\/wp-json\/wp\/v2\/posts\/31329","targetHints":{"allow":["GET"]}}],"collection":[{"href":"https:\/\/www.caudete.org\/ayuntamiento\/wp-json\/wp\/v2\/posts"}],"about":[{"href":"https:\/\/www.caudete.org\/ayuntamiento\/wp-json\/wp\/v2\/types\/post"}],"author":[{"embeddable":true,"href":"https:\/\/www.caudete.org\/ayuntamiento\/wp-json\/wp\/v2\/users\/6"}],"replies":[{"embeddable":true,"href":"https:\/\/www.caudete.org\/ayuntamiento\/wp-json\/wp\/v2\/comments?post=31329"}],"version-history":[{"count":3,"href":"https:\/\/www.caudete.org\/ayuntamiento\/wp-json\/wp\/v2\/posts\/31329\/revisions"}],"predecessor-version":[{"id":31449,"href":"https:\/\/www.caudete.org\/ayuntamiento\/wp-json\/wp\/v2\/posts\/31329\/revisions\/31449"}],"wp:featuredmedia":[{"embeddable":true,"href":"https:\/\/www.caudete.org\/ayuntamiento\/wp-json\/wp\/v2\/media\/31330"}],"wp:attachment":[{"href":"https:\/\/www.caudete.org\/ayuntamiento\/wp-json\/wp\/v2\/media?parent=31329"}],"wp:term":[{"taxonomy":"category","embeddable":true,"href":"https:\/\/www.caudete.org\/ayuntamiento\/wp-json\/wp\/v2\/categories?post=31329"},{"taxonomy":"post_tag","embeddable":true,"href":"https:\/\/www.caudete.org\/ayuntamiento\/wp-json\/wp\/v2\/tags?post=31329"}],"curies":[{"name":"wp","href":"https:\/\/api.w.org\/{rel}","templated":true}]}}