{"id":31397,"date":"2025-10-29T10:37:13","date_gmt":"2025-10-29T09:37:13","guid":{"rendered":"https:\/\/www.caudete.org\/ayuntamiento\/?p=31397"},"modified":"2025-10-30T14:41:55","modified_gmt":"2025-10-30T13:41:55","slug":"proyecto-caminos-que-unen","status":"publish","type":"post","link":"https:\/\/www.caudete.org\/ayuntamiento\/proyecto-caminos-que-unen\/","title":{"rendered":"Proyecto \u201cCaminos que Unen\u201d, mejora integral de m\u00e1s de 6800 m\u00b2 de caminos rurales"},"content":{"rendered":"<p>La Concejal\u00eda de Medio Rural dirigida por <strong>Francisco Jos\u00e9 Castell\u00f3<\/strong>, llevar\u00e1 a cabo durante este a\u00f1o el asfaltado de m\u00e1s de <strong>6.800 metros cuadrados de caminos rurales<\/strong> del t\u00e9rmino municipal, dentro del <strong>Proyecto \u201cCaminos que Unen\u201d<\/strong>, una iniciativa que nace por la Concejal\u00eda de Medio Rural y con vocaci\u00f3n de continuidad y que permitir\u00e1 actuar cada a\u00f1o sobre distintos caminos rurales del municipio mediante la colaboraci\u00f3n entre vecinos y administraci\u00f3n local.<\/p>\n<p>Esta importante actuaci\u00f3n ha sido posible gracias al <strong>trabajo conjunto entre el Ayuntamiento y los vecinos<\/strong>. Durante los \u00faltimos meses se han mantenido diversas reuniones abiertas para todos aquellos propietarios interesados en mejorar sus caminos, con el objetivo de coordinar actuaciones conjuntas y completar tramos enteros, optimizando as\u00ed los recursos disponibles.<\/p>\n<p>Fruto de este proceso de participaci\u00f3n y colaboraci\u00f3n, <strong>tres caminos han conseguido ponerse de acuerdo para ejecutar las obras este a\u00f1o<\/strong>:<\/p>\n<ul>\n<li><strong>Camino de Los Molinos<\/strong> \u2013 4.550 m\u00b2<\/li>\n<li><strong>Ramal Camino Vereda de Santa Ana<\/strong> \u2013 1.244 m\u00b2<\/li>\n<li><strong>Ramal de Montealegre<\/strong> \u2013 1.020 m\u00b2<\/li>\n<\/ul>\n<p>En total, se actuar\u00e1 sobre <strong>6.814 m\u00b2 de superficie<\/strong>, consolidando un modelo de colaboraci\u00f3n que servir\u00e1 de referencia para futuras actuaciones.<\/p>\n<p>El <strong>Muy Ilustre Ayuntamiento de Caudete<\/strong> aportar\u00e1 <strong>37.041 euros<\/strong> destinados a la ejecuci\u00f3n de los trabajos de asfaltado, adjudicados a la empresa <strong>Guerola<\/strong>.<br \/>\nEsta cantidad corresponde a la <strong>aportaci\u00f3n municipal<\/strong>, financiada \u00edntegramente gracias a la combinaci\u00f3n de una <strong>subvenci\u00f3n de la Diputaci\u00f3n de Albacete<\/strong> y una <strong>aportaci\u00f3n directa del propio Ayuntamiento<\/strong>.<\/p>\n<p>Adem\u00e1s, el Ayuntamiento <strong>asume tambi\u00e9n el coste de las zahorras<\/strong> necesarias en los tramos del <strong>Camino Vereda de Santa Ana<\/strong> y el <strong>Ramal de Montealegre<\/strong>, as\u00ed como todos los <strong>trabajos de preparaci\u00f3n previos al asfaltado<\/strong>, que incluyen <strong>relleno, nivelado, desbroces, ejecuci\u00f3n de cunetas y rulado de la superficie<\/strong>, realizados a trav\u00e9s de la <strong>Mancomunidad<\/strong>, de la cual el concejal <strong>Francisco Jos\u00e9 Castell\u00f3<\/strong> es representante.<br \/>\nEstas labores previas suponen un <strong>ahorro estimado superior a 6.000 euros<\/strong> para los vecinos.<\/p>\n<p>El concejal de Medio Rural, <strong>Francisco Jos\u00e9 Castell\u00f3<\/strong>, ha destacado que \u201c<strong>Caminos que Unen representa una nueva forma de trabajar, basada en la colaboraci\u00f3n y en la eficiencia. En lugar de repartir peque\u00f1as actuaciones, apostamos por mejorar caminos completos, algo que los vecinos ven\u00edan reclamando desde hace a\u00f1os<\/strong>\u201d.<\/p>\n<p>Gracias a las reuniones informativas mantenidas durante los \u00faltimos meses, varios grupos de vecinos han podido <strong>organizarse y aportar la parte proporcional del coste restante<\/strong>, permitiendo que las obras sean <strong>una realidad tras a\u00f1os de espera<\/strong>.<\/p>\n<p>El \u00e9xito de esta primera edici\u00f3n del <strong>Proyecto \u201cCaminos que Unen\u201d<\/strong> ha despertado el inter\u00e9s de otros vecinos y propietarios rurales, por lo que desde la <strong>Concejal\u00eda de Medio Rural<\/strong> ya se ha anunciado que el programa <strong>tendr\u00e1 continuidad el pr\u00f3ximo a\u00f1o<\/strong>, con <strong>nuevas actuaciones que seguir\u00e1n mejorando la red de caminos rurales de Caudete<\/strong>.<\/p>\n<hr \/>\n<p><strong>Francisco Jos\u00e9 Castell\u00f3 Castell\u00f3<\/strong><br \/>\n<em>Concejal de Medio Ambiente, Medio Rural, Servicios y Comunicaci\u00f3n y Prensa<\/em><br \/>\n<strong>Muy Ilustre Ayuntamiento de Caudete<\/strong><\/p>\n","protected":false},"excerpt":{"rendered":"<p>La Concejal\u00eda de Medio Rural dirigida por Francisco Jos\u00e9 Castell\u00f3, llevar\u00e1 a cabo durante este a\u00f1o el asfaltado de m\u00e1s de 6.800 metros cuadrados de caminos rurales del t\u00e9rmino municipal, dentro del Proyecto \u201cCaminos que Unen\u201d, una iniciativa que nace por la Concejal\u00eda de Medio Rural y con vocaci\u00f3n de continuidad y que permitir\u00e1 actuar &hellip;<\/p>\n","protected":false},"author":7,"featured_media":31401,"comment_status":"closed","ping_status":"open","sticky":false,"template":"","format":"standard","meta":{"ngg_post_thumbnail":0,"footnotes":""},"categories":[50],"tags":[],"class_list":["post-31397","post","type-post","status-publish","format-standard","has-post-thumbnail","hentry","category-medio-rural"],"yoast_head":"<!-- This site is optimized with the Yoast SEO plugin v27.5 - https:\/\/yoast.com\/product\/yoast-seo-wordpress\/ -->\n<title>Proyecto \u201cCaminos que Unen\u201d, mejora integral de m\u00e1s de 6800 m\u00b2 de caminos rurales - MI Ayuntamiento de Caudete<\/title>\n<meta name=\"description\" content=\"P\u00e1gina Oficial del Ayuntamiento de Caudete (Albacete)\" \/>\n<meta name=\"robots\" content=\"index, follow, max-snippet:-1, max-image-preview:large, max-video-preview:-1\" \/>\n<link rel=\"canonical\" href=\"https:\/\/www.caudete.org\/ayuntamiento\/proyecto-caminos-que-unen\/\" \/>\n<meta property=\"og:locale\" content=\"es_ES\" \/>\n<meta property=\"og:type\" content=\"article\" \/>\n<meta property=\"og:title\" content=\"Proyecto \u201cCaminos que Unen\u201d, mejora integral de m\u00e1s de 6800 m\u00b2 de caminos rurales - MI Ayuntamiento de Caudete\" \/>\n<meta property=\"og:description\" content=\"P\u00e1gina Oficial del Ayuntamiento de Caudete (Albacete)\" \/>\n<meta property=\"og:url\" content=\"https:\/\/www.caudete.org\/ayuntamiento\/proyecto-caminos-que-unen\/\" \/>\n<meta property=\"og:site_name\" content=\"MI Ayuntamiento de Caudete\" \/>\n<meta property=\"article:publisher\" content=\"https:\/\/www.facebook.com\/ayuntamientocaudete\/\" \/>\n<meta property=\"article:published_time\" content=\"2025-10-29T09:37:13+00:00\" \/>\n<meta property=\"article:modified_time\" content=\"2025-10-30T13:41:55+00:00\" \/>\n<meta property=\"og:image\" content=\"https:\/\/www.caudete.org\/ayuntamiento\/wp-content\/uploads\/2025\/10\/71ecabf0-5377-47b3-b8a7-bc52ef2b33df.jpg\" \/>\n\t<meta property=\"og:image:width\" content=\"2048\" \/>\n\t<meta property=\"og:image:height\" content=\"1875\" \/>\n\t<meta property=\"og:image:type\" content=\"image\/jpeg\" \/>\n<meta name=\"author\" content=\"ConceMediosComunicacion\" \/>\n<meta name=\"twitter:card\" content=\"summary_large_image\" \/>\n<meta name=\"twitter:label1\" content=\"Escrito por\" \/>\n\t<meta name=\"twitter:data1\" content=\"ConceMediosComunicacion\" \/>\n\t<meta name=\"twitter:label2\" content=\"Tiempo de lectura\" \/>\n\t<meta name=\"twitter:data2\" content=\"3 minutos\" \/>\n<script type=\"application\/ld+json\" class=\"yoast-schema-graph\">{\"@context\":\"https:\\\/\\\/schema.org\",\"@graph\":[{\"@type\":\"Article\",\"@id\":\"https:\\\/\\\/www.caudete.org\\\/ayuntamiento\\\/proyecto-caminos-que-unen\\\/#article\",\"isPartOf\":{\"@id\":\"https:\\\/\\\/www.caudete.org\\\/ayuntamiento\\\/proyecto-caminos-que-unen\\\/\"},\"author\":{\"name\":\"ConceMediosComunicacion\",\"@id\":\"https:\\\/\\\/www.caudete.org\\\/ayuntamiento\\\/#\\\/schema\\\/person\\\/20dfe238fe5ee9d5f5e69267aa623e05\"},\"headline\":\"Proyecto \u201cCaminos que Unen\u201d, mejora integral de m\u00e1s de 6800 m\u00b2 de caminos rurales\",\"datePublished\":\"2025-10-29T09:37:13+00:00\",\"dateModified\":\"2025-10-30T13:41:55+00:00\",\"mainEntityOfPage\":{\"@id\":\"https:\\\/\\\/www.caudete.org\\\/ayuntamiento\\\/proyecto-caminos-que-unen\\\/\"},\"wordCount\":515,\"image\":{\"@id\":\"https:\\\/\\\/www.caudete.org\\\/ayuntamiento\\\/proyecto-caminos-que-unen\\\/#primaryimage\"},\"thumbnailUrl\":\"https:\\\/\\\/www.caudete.org\\\/ayuntamiento\\\/wp-content\\\/uploads\\\/2025\\\/10\\\/71ecabf0-5377-47b3-b8a7-bc52ef2b33df.jpg\",\"articleSection\":[\"Medio Rural\"],\"inLanguage\":\"es\"},{\"@type\":\"WebPage\",\"@id\":\"https:\\\/\\\/www.caudete.org\\\/ayuntamiento\\\/proyecto-caminos-que-unen\\\/\",\"url\":\"https:\\\/\\\/www.caudete.org\\\/ayuntamiento\\\/proyecto-caminos-que-unen\\\/\",\"name\":\"Proyecto \u201cCaminos que Unen\u201d, mejora integral de m\u00e1s de 6800 m\u00b2 de caminos rurales - MI Ayuntamiento de Caudete\",\"isPartOf\":{\"@id\":\"https:\\\/\\\/www.caudete.org\\\/ayuntamiento\\\/#website\"},\"primaryImageOfPage\":{\"@id\":\"https:\\\/\\\/www.caudete.org\\\/ayuntamiento\\\/proyecto-caminos-que-unen\\\/#primaryimage\"},\"image\":{\"@id\":\"https:\\\/\\\/www.caudete.org\\\/ayuntamiento\\\/proyecto-caminos-que-unen\\\/#primaryimage\"},\"thumbnailUrl\":\"https:\\\/\\\/www.caudete.org\\\/ayuntamiento\\\/wp-content\\\/uploads\\\/2025\\\/10\\\/71ecabf0-5377-47b3-b8a7-bc52ef2b33df.jpg\",\"datePublished\":\"2025-10-29T09:37:13+00:00\",\"dateModified\":\"2025-10-30T13:41:55+00:00\",\"author\":{\"@id\":\"https:\\\/\\\/www.caudete.org\\\/ayuntamiento\\\/#\\\/schema\\\/person\\\/20dfe238fe5ee9d5f5e69267aa623e05\"},\"description\":\"P\u00e1gina Oficial del Ayuntamiento de Caudete (Albacete)\",\"breadcrumb\":{\"@id\":\"https:\\\/\\\/www.caudete.org\\\/ayuntamiento\\\/proyecto-caminos-que-unen\\\/#breadcrumb\"},\"inLanguage\":\"es\",\"potentialAction\":[{\"@type\":\"ReadAction\",\"target\":[\"https:\\\/\\\/www.caudete.org\\\/ayuntamiento\\\/proyecto-caminos-que-unen\\\/\"]}]},{\"@type\":\"ImageObject\",\"inLanguage\":\"es\",\"@id\":\"https:\\\/\\\/www.caudete.org\\\/ayuntamiento\\\/proyecto-caminos-que-unen\\\/#primaryimage\",\"url\":\"https:\\\/\\\/www.caudete.org\\\/ayuntamiento\\\/wp-content\\\/uploads\\\/2025\\\/10\\\/71ecabf0-5377-47b3-b8a7-bc52ef2b33df.jpg\",\"contentUrl\":\"https:\\\/\\\/www.caudete.org\\\/ayuntamiento\\\/wp-content\\\/uploads\\\/2025\\\/10\\\/71ecabf0-5377-47b3-b8a7-bc52ef2b33df.jpg\",\"width\":2048,\"height\":1875},{\"@type\":\"BreadcrumbList\",\"@id\":\"https:\\\/\\\/www.caudete.org\\\/ayuntamiento\\\/proyecto-caminos-que-unen\\\/#breadcrumb\",\"itemListElement\":[{\"@type\":\"ListItem\",\"position\":1,\"name\":\"Inicio\",\"item\":\"https:\\\/\\\/www.caudete.org\\\/ayuntamiento\\\/\"},{\"@type\":\"ListItem\",\"position\":2,\"name\":\"Proyecto \u201cCaminos que Unen\u201d, mejora integral de m\u00e1s de 6800 m\u00b2 de caminos rurales\"}]},{\"@type\":\"WebSite\",\"@id\":\"https:\\\/\\\/www.caudete.org\\\/ayuntamiento\\\/#website\",\"url\":\"https:\\\/\\\/www.caudete.org\\\/ayuntamiento\\\/\",\"name\":\"MI Ayuntamiento de Caudete\",\"description\":\"P\u00e1gina Oficial del MI Ayuntamiento de Caudete\",\"potentialAction\":[{\"@type\":\"SearchAction\",\"target\":{\"@type\":\"EntryPoint\",\"urlTemplate\":\"https:\\\/\\\/www.caudete.org\\\/ayuntamiento\\\/?s={search_term_string}\"},\"query-input\":{\"@type\":\"PropertyValueSpecification\",\"valueRequired\":true,\"valueName\":\"search_term_string\"}}],\"inLanguage\":\"es\"},{\"@type\":\"Person\",\"@id\":\"https:\\\/\\\/www.caudete.org\\\/ayuntamiento\\\/#\\\/schema\\\/person\\\/20dfe238fe5ee9d5f5e69267aa623e05\",\"name\":\"ConceMediosComunicacion\",\"image\":{\"@type\":\"ImageObject\",\"inLanguage\":\"es\",\"@id\":\"https:\\\/\\\/secure.gravatar.com\\\/avatar\\\/9d162043ba1cd4ab14413e29fdb3655bfccde37e65ca99013604f8d2a19c636d?s=96&d=mm&r=g\",\"url\":\"https:\\\/\\\/secure.gravatar.com\\\/avatar\\\/9d162043ba1cd4ab14413e29fdb3655bfccde37e65ca99013604f8d2a19c636d?s=96&d=mm&r=g\",\"contentUrl\":\"https:\\\/\\\/secure.gravatar.com\\\/avatar\\\/9d162043ba1cd4ab14413e29fdb3655bfccde37e65ca99013604f8d2a19c636d?s=96&d=mm&r=g\",\"caption\":\"ConceMediosComunicacion\"},\"url\":\"https:\\\/\\\/www.caudete.org\\\/ayuntamiento\\\/author\\\/concemedioscomunicacion\\\/\"}]}<\/script>\n<!-- \/ Yoast SEO plugin. -->","yoast_head_json":{"title":"Proyecto \u201cCaminos que Unen\u201d, mejora integral de m\u00e1s de 6800 m\u00b2 de caminos rurales - MI Ayuntamiento de Caudete","description":"P\u00e1gina Oficial del Ayuntamiento de Caudete (Albacete)","robots":{"index":"index","follow":"follow","max-snippet":"max-snippet:-1","max-image-preview":"max-image-preview:large","max-video-preview":"max-video-preview:-1"},"canonical":"https:\/\/www.caudete.org\/ayuntamiento\/proyecto-caminos-que-unen\/","og_locale":"es_ES","og_type":"article","og_title":"Proyecto \u201cCaminos que Unen\u201d, mejora integral de m\u00e1s de 6800 m\u00b2 de caminos rurales - MI Ayuntamiento de Caudete","og_description":"P\u00e1gina Oficial del Ayuntamiento de Caudete (Albacete)","og_url":"https:\/\/www.caudete.org\/ayuntamiento\/proyecto-caminos-que-unen\/","og_site_name":"MI Ayuntamiento de Caudete","article_publisher":"https:\/\/www.facebook.com\/ayuntamientocaudete\/","article_published_time":"2025-10-29T09:37:13+00:00","article_modified_time":"2025-10-30T13:41:55+00:00","og_image":[{"width":2048,"height":1875,"url":"https:\/\/www.caudete.org\/ayuntamiento\/wp-content\/uploads\/2025\/10\/71ecabf0-5377-47b3-b8a7-bc52ef2b33df.jpg","type":"image\/jpeg"}],"author":"ConceMediosComunicacion","twitter_card":"summary_large_image","twitter_misc":{"Escrito por":"ConceMediosComunicacion","Tiempo de lectura":"3 minutos"},"schema":{"@context":"https:\/\/schema.org","@graph":[{"@type":"Article","@id":"https:\/\/www.caudete.org\/ayuntamiento\/proyecto-caminos-que-unen\/#article","isPartOf":{"@id":"https:\/\/www.caudete.org\/ayuntamiento\/proyecto-caminos-que-unen\/"},"author":{"name":"ConceMediosComunicacion","@id":"https:\/\/www.caudete.org\/ayuntamiento\/#\/schema\/person\/20dfe238fe5ee9d5f5e69267aa623e05"},"headline":"Proyecto \u201cCaminos que Unen\u201d, mejora integral de m\u00e1s de 6800 m\u00b2 de caminos rurales","datePublished":"2025-10-29T09:37:13+00:00","dateModified":"2025-10-30T13:41:55+00:00","mainEntityOfPage":{"@id":"https:\/\/www.caudete.org\/ayuntamiento\/proyecto-caminos-que-unen\/"},"wordCount":515,"image":{"@id":"https:\/\/www.caudete.org\/ayuntamiento\/proyecto-caminos-que-unen\/#primaryimage"},"thumbnailUrl":"https:\/\/www.caudete.org\/ayuntamiento\/wp-content\/uploads\/2025\/10\/71ecabf0-5377-47b3-b8a7-bc52ef2b33df.jpg","articleSection":["Medio Rural"],"inLanguage":"es"},{"@type":"WebPage","@id":"https:\/\/www.caudete.org\/ayuntamiento\/proyecto-caminos-que-unen\/","url":"https:\/\/www.caudete.org\/ayuntamiento\/proyecto-caminos-que-unen\/","name":"Proyecto \u201cCaminos que Unen\u201d, mejora integral de m\u00e1s de 6800 m\u00b2 de caminos rurales - MI Ayuntamiento de Caudete","isPartOf":{"@id":"https:\/\/www.caudete.org\/ayuntamiento\/#website"},"primaryImageOfPage":{"@id":"https:\/\/www.caudete.org\/ayuntamiento\/proyecto-caminos-que-unen\/#primaryimage"},"image":{"@id":"https:\/\/www.caudete.org\/ayuntamiento\/proyecto-caminos-que-unen\/#primaryimage"},"thumbnailUrl":"https:\/\/www.caudete.org\/ayuntamiento\/wp-content\/uploads\/2025\/10\/71ecabf0-5377-47b3-b8a7-bc52ef2b33df.jpg","datePublished":"2025-10-29T09:37:13+00:00","dateModified":"2025-10-30T13:41:55+00:00","author":{"@id":"https:\/\/www.caudete.org\/ayuntamiento\/#\/schema\/person\/20dfe238fe5ee9d5f5e69267aa623e05"},"description":"P\u00e1gina Oficial del Ayuntamiento de Caudete (Albacete)","breadcrumb":{"@id":"https:\/\/www.caudete.org\/ayuntamiento\/proyecto-caminos-que-unen\/#breadcrumb"},"inLanguage":"es","potentialAction":[{"@type":"ReadAction","target":["https:\/\/www.caudete.org\/ayuntamiento\/proyecto-caminos-que-unen\/"]}]},{"@type":"ImageObject","inLanguage":"es","@id":"https:\/\/www.caudete.org\/ayuntamiento\/proyecto-caminos-que-unen\/#primaryimage","url":"https:\/\/www.caudete.org\/ayuntamiento\/wp-content\/uploads\/2025\/10\/71ecabf0-5377-47b3-b8a7-bc52ef2b33df.jpg","contentUrl":"https:\/\/www.caudete.org\/ayuntamiento\/wp-content\/uploads\/2025\/10\/71ecabf0-5377-47b3-b8a7-bc52ef2b33df.jpg","width":2048,"height":1875},{"@type":"BreadcrumbList","@id":"https:\/\/www.caudete.org\/ayuntamiento\/proyecto-caminos-que-unen\/#breadcrumb","itemListElement":[{"@type":"ListItem","position":1,"name":"Inicio","item":"https:\/\/www.caudete.org\/ayuntamiento\/"},{"@type":"ListItem","position":2,"name":"Proyecto \u201cCaminos que Unen\u201d, mejora integral de m\u00e1s de 6800 m\u00b2 de caminos rurales"}]},{"@type":"WebSite","@id":"https:\/\/www.caudete.org\/ayuntamiento\/#website","url":"https:\/\/www.caudete.org\/ayuntamiento\/","name":"MI Ayuntamiento de Caudete","description":"P\u00e1gina Oficial del MI Ayuntamiento de Caudete","potentialAction":[{"@type":"SearchAction","target":{"@type":"EntryPoint","urlTemplate":"https:\/\/www.caudete.org\/ayuntamiento\/?s={search_term_string}"},"query-input":{"@type":"PropertyValueSpecification","valueRequired":true,"valueName":"search_term_string"}}],"inLanguage":"es"},{"@type":"Person","@id":"https:\/\/www.caudete.org\/ayuntamiento\/#\/schema\/person\/20dfe238fe5ee9d5f5e69267aa623e05","name":"ConceMediosComunicacion","image":{"@type":"ImageObject","inLanguage":"es","@id":"https:\/\/secure.gravatar.com\/avatar\/9d162043ba1cd4ab14413e29fdb3655bfccde37e65ca99013604f8d2a19c636d?s=96&d=mm&r=g","url":"https:\/\/secure.gravatar.com\/avatar\/9d162043ba1cd4ab14413e29fdb3655bfccde37e65ca99013604f8d2a19c636d?s=96&d=mm&r=g","contentUrl":"https:\/\/secure.gravatar.com\/avatar\/9d162043ba1cd4ab14413e29fdb3655bfccde37e65ca99013604f8d2a19c636d?s=96&d=mm&r=g","caption":"ConceMediosComunicacion"},"url":"https:\/\/www.caudete.org\/ayuntamiento\/author\/concemedioscomunicacion\/"}]}},"_links":{"self":[{"href":"https:\/\/www.caudete.org\/ayuntamiento\/wp-json\/wp\/v2\/posts\/31397","targetHints":{"allow":["GET"]}}],"collection":[{"href":"https:\/\/www.caudete.org\/ayuntamiento\/wp-json\/wp\/v2\/posts"}],"about":[{"href":"https:\/\/www.caudete.org\/ayuntamiento\/wp-json\/wp\/v2\/types\/post"}],"author":[{"embeddable":true,"href":"https:\/\/www.caudete.org\/ayuntamiento\/wp-json\/wp\/v2\/users\/7"}],"replies":[{"embeddable":true,"href":"https:\/\/www.caudete.org\/ayuntamiento\/wp-json\/wp\/v2\/comments?post=31397"}],"version-history":[{"count":7,"href":"https:\/\/www.caudete.org\/ayuntamiento\/wp-json\/wp\/v2\/posts\/31397\/revisions"}],"predecessor-version":[{"id":31425,"href":"https:\/\/www.caudete.org\/ayuntamiento\/wp-json\/wp\/v2\/posts\/31397\/revisions\/31425"}],"wp:featuredmedia":[{"embeddable":true,"href":"https:\/\/www.caudete.org\/ayuntamiento\/wp-json\/wp\/v2\/media\/31401"}],"wp:attachment":[{"href":"https:\/\/www.caudete.org\/ayuntamiento\/wp-json\/wp\/v2\/media?parent=31397"}],"wp:term":[{"taxonomy":"category","embeddable":true,"href":"https:\/\/www.caudete.org\/ayuntamiento\/wp-json\/wp\/v2\/categories?post=31397"},{"taxonomy":"post_tag","embeddable":true,"href":"https:\/\/www.caudete.org\/ayuntamiento\/wp-json\/wp\/v2\/tags?post=31397"}],"curies":[{"name":"wp","href":"https:\/\/api.w.org\/{rel}","templated":true}]}}