{"id":31435,"date":"2025-10-31T12:21:11","date_gmt":"2025-10-31T11:21:11","guid":{"rendered":"https:\/\/www.caudete.org\/ayuntamiento\/?p=31435"},"modified":"2025-10-31T14:14:58","modified_gmt":"2025-10-31T13:14:58","slug":"actuacion-conjunta-de-policia-local-y-guardia-civil-culmina-con-la-detencion-de-dos-personas-por-sustraccion-de-material-en-el-ecoparque-de-caudete","status":"publish","type":"post","link":"https:\/\/www.caudete.org\/ayuntamiento\/actuacion-conjunta-de-policia-local-y-guardia-civil-culmina-con-la-detencion-de-dos-personas-por-sustraccion-de-material-en-el-ecoparque-de-caudete\/","title":{"rendered":"Actuaci\u00f3n conjunta de Polic\u00eda Local y Guardia Civil culmina con la detenci\u00f3n de dos personas por sustracci\u00f3n de material en el Ecoparque de Caudete"},"content":{"rendered":"<p style=\"text-align: justify;\" align=\"justify\"><span style=\"font-family: georgia, palatino, serif; font-size: 12pt;\">Desde la Concejal\u00eda de Seguridad Ciudadana informamos de la detenci\u00f3n y puesta a disposici\u00f3n judicial de dos individuos de nacionalidad extranjera por parte de un dispositivo conjunto de Polic\u00eda Local y Guardia Civil.<\/span><\/p>\n<p style=\"text-align: justify;\" align=\"justify\"><span style=\"font-family: georgia, palatino, serif; font-size: 12pt;\">Los hechos que han provocado esta detenci\u00f3n tuvieron lugar hace unas semanas en el Ecoparque de Caudete. <\/span><\/p>\n<p style=\"text-align: justify;\" align=\"justify\"><span style=\"font-family: georgia, palatino, serif; font-size: 12pt;\">Un veh\u00edculo sospechoso merodea por las inmediaciones del recinto y la Polic\u00eda Local recibe aviso de este hecho.<\/span><\/p>\n<p style=\"text-align: justify;\" align=\"justify\"><span style=\"font-family: georgia, palatino, serif; font-size: 12pt;\">Tras el visionado de las c\u00e1maras, efectivamente se observa el veh\u00edculo en cuesti\u00f3n y c\u00f3mo uno de sus ocupantes se baja del mismo, salta la cancela del recinto y posteriormente comienza a sacar chatarra al exterior por encima de la valla.<\/span><\/p>\n<p style=\"text-align: justify;\" align=\"justify\"><span style=\"font-family: georgia, palatino, serif; font-size: 12pt;\">Polic\u00eda local, de oficio, pone en conocimiento de la Guardia Civil estos hechos y fruto de ello, d\u00edas despu\u00e9s, Guardia Civil detecta el veh\u00edculo en cuesti\u00f3n y requiere de los agentes de Polic\u00eda Local para poder interceptarlo y comprobar la identidad de sus ocupantes.<\/span><\/p>\n<p style=\"text-align: justify;\" align=\"justify\"><span style=\"font-family: georgia, palatino, serif; font-size: 12pt;\">Tras las pertinentes comprobaciones, se corrobora que, tanto el veh\u00edculo como los ocupantes son los mismos detectados por las c\u00e1maras procedi\u00e9ndose a efectuar las correspondientes diligencias y a la detenci\u00f3n de ambos individuos y su puesta a disposici\u00f3n judicial.<\/span><\/p>\n<p style=\"text-align: justify;\" align=\"justify\"><span style=\"font-family: georgia, palatino, serif; font-size: 12pt;\">Con estas acciones se pone de manifiesto la importante actuaci\u00f3n que, d\u00eda a d\u00eda, ambos Cuerpos de Seguridad llevan a cabo y resaltar la eficacia de las actuaciones conjuntas y en colaboraci\u00f3n, que afortunadamente cada vez son m\u00e1s y m\u00e1s exitosas.<\/span><\/p>\n","protected":false},"excerpt":{"rendered":"<p>Desde la Concejal\u00eda de Seguridad Ciudadana informamos de la detenci\u00f3n y puesta a disposici\u00f3n judicial de dos individuos de nacionalidad extranjera por parte de un dispositivo conjunto de Polic\u00eda Local y Guardia Civil. Los hechos que han provocado esta detenci\u00f3n tuvieron lugar hace unas semanas en el Ecoparque de Caudete. Un veh\u00edculo sospechoso merodea por &hellip;<\/p>\n","protected":false},"author":6,"featured_media":31436,"comment_status":"closed","ping_status":"open","sticky":false,"template":"","format":"standard","meta":{"ngg_post_thumbnail":0,"footnotes":""},"categories":[852],"tags":[],"class_list":["post-31435","post","type-post","status-publish","format-standard","has-post-thumbnail","hentry","category-seguridad-ciudadana"],"yoast_head":"<!-- This site is optimized with the Yoast SEO plugin v27.5 - https:\/\/yoast.com\/product\/yoast-seo-wordpress\/ -->\n<title>Actuaci\u00f3n conjunta de Polic\u00eda Local y Guardia Civil culmina con la detenci\u00f3n de dos personas por sustracci\u00f3n de material en el Ecoparque de Caudete - MI Ayuntamiento de Caudete<\/title>\n<meta name=\"description\" content=\"P\u00e1gina Oficial del Ayuntamiento de Caudete (Albacete)\" \/>\n<meta name=\"robots\" content=\"index, follow, max-snippet:-1, max-image-preview:large, max-video-preview:-1\" \/>\n<link rel=\"canonical\" href=\"https:\/\/www.caudete.org\/ayuntamiento\/actuacion-conjunta-de-policia-local-y-guardia-civil-culmina-con-la-detencion-de-dos-personas-por-sustraccion-de-material-en-el-ecoparque-de-caudete\/\" \/>\n<meta property=\"og:locale\" content=\"es_ES\" \/>\n<meta property=\"og:type\" content=\"article\" \/>\n<meta property=\"og:title\" content=\"Actuaci\u00f3n conjunta de Polic\u00eda Local y Guardia Civil culmina con la detenci\u00f3n de dos personas por sustracci\u00f3n de material en el Ecoparque de Caudete - MI Ayuntamiento de Caudete\" \/>\n<meta property=\"og:description\" content=\"P\u00e1gina Oficial del Ayuntamiento de Caudete (Albacete)\" \/>\n<meta property=\"og:url\" content=\"https:\/\/www.caudete.org\/ayuntamiento\/actuacion-conjunta-de-policia-local-y-guardia-civil-culmina-con-la-detencion-de-dos-personas-por-sustraccion-de-material-en-el-ecoparque-de-caudete\/\" \/>\n<meta property=\"og:site_name\" content=\"MI Ayuntamiento de Caudete\" \/>\n<meta property=\"article:publisher\" content=\"https:\/\/www.facebook.com\/ayuntamientocaudete\/\" \/>\n<meta property=\"article:published_time\" content=\"2025-10-31T11:21:11+00:00\" \/>\n<meta property=\"article:modified_time\" content=\"2025-10-31T13:14:58+00:00\" \/>\n<meta property=\"og:image\" content=\"https:\/\/www.caudete.org\/ayuntamiento\/wp-content\/uploads\/2025\/10\/ecoparque.jpg\" \/>\n\t<meta property=\"og:image:width\" content=\"680\" \/>\n\t<meta property=\"og:image:height\" content=\"459\" \/>\n\t<meta property=\"og:image:type\" content=\"image\/jpeg\" \/>\n<meta name=\"author\" content=\"informatica2\" \/>\n<meta name=\"twitter:card\" content=\"summary_large_image\" \/>\n<meta name=\"twitter:label1\" content=\"Escrito por\" \/>\n\t<meta name=\"twitter:data1\" content=\"informatica2\" \/>\n\t<meta name=\"twitter:label2\" content=\"Tiempo de lectura\" \/>\n\t<meta name=\"twitter:data2\" content=\"2 minutos\" \/>\n<script type=\"application\/ld+json\" class=\"yoast-schema-graph\">{\"@context\":\"https:\\\/\\\/schema.org\",\"@graph\":[{\"@type\":\"Article\",\"@id\":\"https:\\\/\\\/www.caudete.org\\\/ayuntamiento\\\/actuacion-conjunta-de-policia-local-y-guardia-civil-culmina-con-la-detencion-de-dos-personas-por-sustraccion-de-material-en-el-ecoparque-de-caudete\\\/#article\",\"isPartOf\":{\"@id\":\"https:\\\/\\\/www.caudete.org\\\/ayuntamiento\\\/actuacion-conjunta-de-policia-local-y-guardia-civil-culmina-con-la-detencion-de-dos-personas-por-sustraccion-de-material-en-el-ecoparque-de-caudete\\\/\"},\"author\":{\"name\":\"informatica2\",\"@id\":\"https:\\\/\\\/www.caudete.org\\\/ayuntamiento\\\/#\\\/schema\\\/person\\\/abfa5ffd5010a14e078c21e6e61b6291\"},\"headline\":\"Actuaci\u00f3n conjunta de Polic\u00eda Local y Guardia Civil culmina con la detenci\u00f3n de dos personas por sustracci\u00f3n de material en el Ecoparque de Caudete\",\"datePublished\":\"2025-10-31T11:21:11+00:00\",\"dateModified\":\"2025-10-31T13:14:58+00:00\",\"mainEntityOfPage\":{\"@id\":\"https:\\\/\\\/www.caudete.org\\\/ayuntamiento\\\/actuacion-conjunta-de-policia-local-y-guardia-civil-culmina-con-la-detencion-de-dos-personas-por-sustraccion-de-material-en-el-ecoparque-de-caudete\\\/\"},\"wordCount\":289,\"image\":{\"@id\":\"https:\\\/\\\/www.caudete.org\\\/ayuntamiento\\\/actuacion-conjunta-de-policia-local-y-guardia-civil-culmina-con-la-detencion-de-dos-personas-por-sustraccion-de-material-en-el-ecoparque-de-caudete\\\/#primaryimage\"},\"thumbnailUrl\":\"https:\\\/\\\/www.caudete.org\\\/ayuntamiento\\\/wp-content\\\/uploads\\\/2025\\\/10\\\/ecoparque.jpg\",\"articleSection\":[\"Seguridad Ciudadana\"],\"inLanguage\":\"es\"},{\"@type\":\"WebPage\",\"@id\":\"https:\\\/\\\/www.caudete.org\\\/ayuntamiento\\\/actuacion-conjunta-de-policia-local-y-guardia-civil-culmina-con-la-detencion-de-dos-personas-por-sustraccion-de-material-en-el-ecoparque-de-caudete\\\/\",\"url\":\"https:\\\/\\\/www.caudete.org\\\/ayuntamiento\\\/actuacion-conjunta-de-policia-local-y-guardia-civil-culmina-con-la-detencion-de-dos-personas-por-sustraccion-de-material-en-el-ecoparque-de-caudete\\\/\",\"name\":\"Actuaci\u00f3n conjunta de Polic\u00eda Local y Guardia Civil culmina con la detenci\u00f3n de dos personas por sustracci\u00f3n de material en el Ecoparque de Caudete - MI Ayuntamiento de Caudete\",\"isPartOf\":{\"@id\":\"https:\\\/\\\/www.caudete.org\\\/ayuntamiento\\\/#website\"},\"primaryImageOfPage\":{\"@id\":\"https:\\\/\\\/www.caudete.org\\\/ayuntamiento\\\/actuacion-conjunta-de-policia-local-y-guardia-civil-culmina-con-la-detencion-de-dos-personas-por-sustraccion-de-material-en-el-ecoparque-de-caudete\\\/#primaryimage\"},\"image\":{\"@id\":\"https:\\\/\\\/www.caudete.org\\\/ayuntamiento\\\/actuacion-conjunta-de-policia-local-y-guardia-civil-culmina-con-la-detencion-de-dos-personas-por-sustraccion-de-material-en-el-ecoparque-de-caudete\\\/#primaryimage\"},\"thumbnailUrl\":\"https:\\\/\\\/www.caudete.org\\\/ayuntamiento\\\/wp-content\\\/uploads\\\/2025\\\/10\\\/ecoparque.jpg\",\"datePublished\":\"2025-10-31T11:21:11+00:00\",\"dateModified\":\"2025-10-31T13:14:58+00:00\",\"author\":{\"@id\":\"https:\\\/\\\/www.caudete.org\\\/ayuntamiento\\\/#\\\/schema\\\/person\\\/abfa5ffd5010a14e078c21e6e61b6291\"},\"description\":\"P\u00e1gina Oficial del Ayuntamiento de Caudete (Albacete)\",\"breadcrumb\":{\"@id\":\"https:\\\/\\\/www.caudete.org\\\/ayuntamiento\\\/actuacion-conjunta-de-policia-local-y-guardia-civil-culmina-con-la-detencion-de-dos-personas-por-sustraccion-de-material-en-el-ecoparque-de-caudete\\\/#breadcrumb\"},\"inLanguage\":\"es\",\"potentialAction\":[{\"@type\":\"ReadAction\",\"target\":[\"https:\\\/\\\/www.caudete.org\\\/ayuntamiento\\\/actuacion-conjunta-de-policia-local-y-guardia-civil-culmina-con-la-detencion-de-dos-personas-por-sustraccion-de-material-en-el-ecoparque-de-caudete\\\/\"]}]},{\"@type\":\"ImageObject\",\"inLanguage\":\"es\",\"@id\":\"https:\\\/\\\/www.caudete.org\\\/ayuntamiento\\\/actuacion-conjunta-de-policia-local-y-guardia-civil-culmina-con-la-detencion-de-dos-personas-por-sustraccion-de-material-en-el-ecoparque-de-caudete\\\/#primaryimage\",\"url\":\"https:\\\/\\\/www.caudete.org\\\/ayuntamiento\\\/wp-content\\\/uploads\\\/2025\\\/10\\\/ecoparque.jpg\",\"contentUrl\":\"https:\\\/\\\/www.caudete.org\\\/ayuntamiento\\\/wp-content\\\/uploads\\\/2025\\\/10\\\/ecoparque.jpg\",\"width\":680,\"height\":459},{\"@type\":\"BreadcrumbList\",\"@id\":\"https:\\\/\\\/www.caudete.org\\\/ayuntamiento\\\/actuacion-conjunta-de-policia-local-y-guardia-civil-culmina-con-la-detencion-de-dos-personas-por-sustraccion-de-material-en-el-ecoparque-de-caudete\\\/#breadcrumb\",\"itemListElement\":[{\"@type\":\"ListItem\",\"position\":1,\"name\":\"Inicio\",\"item\":\"https:\\\/\\\/www.caudete.org\\\/ayuntamiento\\\/\"},{\"@type\":\"ListItem\",\"position\":2,\"name\":\"Actuaci\u00f3n conjunta de Polic\u00eda Local y Guardia Civil culmina con la detenci\u00f3n de dos personas por sustracci\u00f3n de material en el Ecoparque de Caudete\"}]},{\"@type\":\"WebSite\",\"@id\":\"https:\\\/\\\/www.caudete.org\\\/ayuntamiento\\\/#website\",\"url\":\"https:\\\/\\\/www.caudete.org\\\/ayuntamiento\\\/\",\"name\":\"MI Ayuntamiento de Caudete\",\"description\":\"P\u00e1gina Oficial del MI Ayuntamiento de Caudete\",\"potentialAction\":[{\"@type\":\"SearchAction\",\"target\":{\"@type\":\"EntryPoint\",\"urlTemplate\":\"https:\\\/\\\/www.caudete.org\\\/ayuntamiento\\\/?s={search_term_string}\"},\"query-input\":{\"@type\":\"PropertyValueSpecification\",\"valueRequired\":true,\"valueName\":\"search_term_string\"}}],\"inLanguage\":\"es\"},{\"@type\":\"Person\",\"@id\":\"https:\\\/\\\/www.caudete.org\\\/ayuntamiento\\\/#\\\/schema\\\/person\\\/abfa5ffd5010a14e078c21e6e61b6291\",\"name\":\"informatica2\",\"image\":{\"@type\":\"ImageObject\",\"inLanguage\":\"es\",\"@id\":\"https:\\\/\\\/secure.gravatar.com\\\/avatar\\\/b089890ff033a3e4d03eec00ecb5a14425217205c513f60ec32ebeaaeb5fa700?s=96&d=mm&r=g\",\"url\":\"https:\\\/\\\/secure.gravatar.com\\\/avatar\\\/b089890ff033a3e4d03eec00ecb5a14425217205c513f60ec32ebeaaeb5fa700?s=96&d=mm&r=g\",\"contentUrl\":\"https:\\\/\\\/secure.gravatar.com\\\/avatar\\\/b089890ff033a3e4d03eec00ecb5a14425217205c513f60ec32ebeaaeb5fa700?s=96&d=mm&r=g\",\"caption\":\"informatica2\"},\"url\":\"https:\\\/\\\/www.caudete.org\\\/ayuntamiento\\\/author\\\/informatica2\\\/\"}]}<\/script>\n<!-- \/ Yoast SEO plugin. -->","yoast_head_json":{"title":"Actuaci\u00f3n conjunta de Polic\u00eda Local y Guardia Civil culmina con la detenci\u00f3n de dos personas por sustracci\u00f3n de material en el Ecoparque de Caudete - MI Ayuntamiento de Caudete","description":"P\u00e1gina Oficial del Ayuntamiento de Caudete (Albacete)","robots":{"index":"index","follow":"follow","max-snippet":"max-snippet:-1","max-image-preview":"max-image-preview:large","max-video-preview":"max-video-preview:-1"},"canonical":"https:\/\/www.caudete.org\/ayuntamiento\/actuacion-conjunta-de-policia-local-y-guardia-civil-culmina-con-la-detencion-de-dos-personas-por-sustraccion-de-material-en-el-ecoparque-de-caudete\/","og_locale":"es_ES","og_type":"article","og_title":"Actuaci\u00f3n conjunta de Polic\u00eda Local y Guardia Civil culmina con la detenci\u00f3n de dos personas por sustracci\u00f3n de material en el Ecoparque de Caudete - MI Ayuntamiento de Caudete","og_description":"P\u00e1gina Oficial del Ayuntamiento de Caudete (Albacete)","og_url":"https:\/\/www.caudete.org\/ayuntamiento\/actuacion-conjunta-de-policia-local-y-guardia-civil-culmina-con-la-detencion-de-dos-personas-por-sustraccion-de-material-en-el-ecoparque-de-caudete\/","og_site_name":"MI Ayuntamiento de Caudete","article_publisher":"https:\/\/www.facebook.com\/ayuntamientocaudete\/","article_published_time":"2025-10-31T11:21:11+00:00","article_modified_time":"2025-10-31T13:14:58+00:00","og_image":[{"width":680,"height":459,"url":"https:\/\/www.caudete.org\/ayuntamiento\/wp-content\/uploads\/2025\/10\/ecoparque.jpg","type":"image\/jpeg"}],"author":"informatica2","twitter_card":"summary_large_image","twitter_misc":{"Escrito por":"informatica2","Tiempo de lectura":"2 minutos"},"schema":{"@context":"https:\/\/schema.org","@graph":[{"@type":"Article","@id":"https:\/\/www.caudete.org\/ayuntamiento\/actuacion-conjunta-de-policia-local-y-guardia-civil-culmina-con-la-detencion-de-dos-personas-por-sustraccion-de-material-en-el-ecoparque-de-caudete\/#article","isPartOf":{"@id":"https:\/\/www.caudete.org\/ayuntamiento\/actuacion-conjunta-de-policia-local-y-guardia-civil-culmina-con-la-detencion-de-dos-personas-por-sustraccion-de-material-en-el-ecoparque-de-caudete\/"},"author":{"name":"informatica2","@id":"https:\/\/www.caudete.org\/ayuntamiento\/#\/schema\/person\/abfa5ffd5010a14e078c21e6e61b6291"},"headline":"Actuaci\u00f3n conjunta de Polic\u00eda Local y Guardia Civil culmina con la detenci\u00f3n de dos personas por sustracci\u00f3n de material en el Ecoparque de Caudete","datePublished":"2025-10-31T11:21:11+00:00","dateModified":"2025-10-31T13:14:58+00:00","mainEntityOfPage":{"@id":"https:\/\/www.caudete.org\/ayuntamiento\/actuacion-conjunta-de-policia-local-y-guardia-civil-culmina-con-la-detencion-de-dos-personas-por-sustraccion-de-material-en-el-ecoparque-de-caudete\/"},"wordCount":289,"image":{"@id":"https:\/\/www.caudete.org\/ayuntamiento\/actuacion-conjunta-de-policia-local-y-guardia-civil-culmina-con-la-detencion-de-dos-personas-por-sustraccion-de-material-en-el-ecoparque-de-caudete\/#primaryimage"},"thumbnailUrl":"https:\/\/www.caudete.org\/ayuntamiento\/wp-content\/uploads\/2025\/10\/ecoparque.jpg","articleSection":["Seguridad Ciudadana"],"inLanguage":"es"},{"@type":"WebPage","@id":"https:\/\/www.caudete.org\/ayuntamiento\/actuacion-conjunta-de-policia-local-y-guardia-civil-culmina-con-la-detencion-de-dos-personas-por-sustraccion-de-material-en-el-ecoparque-de-caudete\/","url":"https:\/\/www.caudete.org\/ayuntamiento\/actuacion-conjunta-de-policia-local-y-guardia-civil-culmina-con-la-detencion-de-dos-personas-por-sustraccion-de-material-en-el-ecoparque-de-caudete\/","name":"Actuaci\u00f3n conjunta de Polic\u00eda Local y Guardia Civil culmina con la detenci\u00f3n de dos personas por sustracci\u00f3n de material en el Ecoparque de Caudete - MI Ayuntamiento de Caudete","isPartOf":{"@id":"https:\/\/www.caudete.org\/ayuntamiento\/#website"},"primaryImageOfPage":{"@id":"https:\/\/www.caudete.org\/ayuntamiento\/actuacion-conjunta-de-policia-local-y-guardia-civil-culmina-con-la-detencion-de-dos-personas-por-sustraccion-de-material-en-el-ecoparque-de-caudete\/#primaryimage"},"image":{"@id":"https:\/\/www.caudete.org\/ayuntamiento\/actuacion-conjunta-de-policia-local-y-guardia-civil-culmina-con-la-detencion-de-dos-personas-por-sustraccion-de-material-en-el-ecoparque-de-caudete\/#primaryimage"},"thumbnailUrl":"https:\/\/www.caudete.org\/ayuntamiento\/wp-content\/uploads\/2025\/10\/ecoparque.jpg","datePublished":"2025-10-31T11:21:11+00:00","dateModified":"2025-10-31T13:14:58+00:00","author":{"@id":"https:\/\/www.caudete.org\/ayuntamiento\/#\/schema\/person\/abfa5ffd5010a14e078c21e6e61b6291"},"description":"P\u00e1gina Oficial del Ayuntamiento de Caudete (Albacete)","breadcrumb":{"@id":"https:\/\/www.caudete.org\/ayuntamiento\/actuacion-conjunta-de-policia-local-y-guardia-civil-culmina-con-la-detencion-de-dos-personas-por-sustraccion-de-material-en-el-ecoparque-de-caudete\/#breadcrumb"},"inLanguage":"es","potentialAction":[{"@type":"ReadAction","target":["https:\/\/www.caudete.org\/ayuntamiento\/actuacion-conjunta-de-policia-local-y-guardia-civil-culmina-con-la-detencion-de-dos-personas-por-sustraccion-de-material-en-el-ecoparque-de-caudete\/"]}]},{"@type":"ImageObject","inLanguage":"es","@id":"https:\/\/www.caudete.org\/ayuntamiento\/actuacion-conjunta-de-policia-local-y-guardia-civil-culmina-con-la-detencion-de-dos-personas-por-sustraccion-de-material-en-el-ecoparque-de-caudete\/#primaryimage","url":"https:\/\/www.caudete.org\/ayuntamiento\/wp-content\/uploads\/2025\/10\/ecoparque.jpg","contentUrl":"https:\/\/www.caudete.org\/ayuntamiento\/wp-content\/uploads\/2025\/10\/ecoparque.jpg","width":680,"height":459},{"@type":"BreadcrumbList","@id":"https:\/\/www.caudete.org\/ayuntamiento\/actuacion-conjunta-de-policia-local-y-guardia-civil-culmina-con-la-detencion-de-dos-personas-por-sustraccion-de-material-en-el-ecoparque-de-caudete\/#breadcrumb","itemListElement":[{"@type":"ListItem","position":1,"name":"Inicio","item":"https:\/\/www.caudete.org\/ayuntamiento\/"},{"@type":"ListItem","position":2,"name":"Actuaci\u00f3n conjunta de Polic\u00eda Local y Guardia Civil culmina con la detenci\u00f3n de dos personas por sustracci\u00f3n de material en el Ecoparque de Caudete"}]},{"@type":"WebSite","@id":"https:\/\/www.caudete.org\/ayuntamiento\/#website","url":"https:\/\/www.caudete.org\/ayuntamiento\/","name":"MI Ayuntamiento de Caudete","description":"P\u00e1gina Oficial del MI Ayuntamiento de Caudete","potentialAction":[{"@type":"SearchAction","target":{"@type":"EntryPoint","urlTemplate":"https:\/\/www.caudete.org\/ayuntamiento\/?s={search_term_string}"},"query-input":{"@type":"PropertyValueSpecification","valueRequired":true,"valueName":"search_term_string"}}],"inLanguage":"es"},{"@type":"Person","@id":"https:\/\/www.caudete.org\/ayuntamiento\/#\/schema\/person\/abfa5ffd5010a14e078c21e6e61b6291","name":"informatica2","image":{"@type":"ImageObject","inLanguage":"es","@id":"https:\/\/secure.gravatar.com\/avatar\/b089890ff033a3e4d03eec00ecb5a14425217205c513f60ec32ebeaaeb5fa700?s=96&d=mm&r=g","url":"https:\/\/secure.gravatar.com\/avatar\/b089890ff033a3e4d03eec00ecb5a14425217205c513f60ec32ebeaaeb5fa700?s=96&d=mm&r=g","contentUrl":"https:\/\/secure.gravatar.com\/avatar\/b089890ff033a3e4d03eec00ecb5a14425217205c513f60ec32ebeaaeb5fa700?s=96&d=mm&r=g","caption":"informatica2"},"url":"https:\/\/www.caudete.org\/ayuntamiento\/author\/informatica2\/"}]}},"_links":{"self":[{"href":"https:\/\/www.caudete.org\/ayuntamiento\/wp-json\/wp\/v2\/posts\/31435","targetHints":{"allow":["GET"]}}],"collection":[{"href":"https:\/\/www.caudete.org\/ayuntamiento\/wp-json\/wp\/v2\/posts"}],"about":[{"href":"https:\/\/www.caudete.org\/ayuntamiento\/wp-json\/wp\/v2\/types\/post"}],"author":[{"embeddable":true,"href":"https:\/\/www.caudete.org\/ayuntamiento\/wp-json\/wp\/v2\/users\/6"}],"replies":[{"embeddable":true,"href":"https:\/\/www.caudete.org\/ayuntamiento\/wp-json\/wp\/v2\/comments?post=31435"}],"version-history":[{"count":3,"href":"https:\/\/www.caudete.org\/ayuntamiento\/wp-json\/wp\/v2\/posts\/31435\/revisions"}],"predecessor-version":[{"id":31444,"href":"https:\/\/www.caudete.org\/ayuntamiento\/wp-json\/wp\/v2\/posts\/31435\/revisions\/31444"}],"wp:featuredmedia":[{"embeddable":true,"href":"https:\/\/www.caudete.org\/ayuntamiento\/wp-json\/wp\/v2\/media\/31436"}],"wp:attachment":[{"href":"https:\/\/www.caudete.org\/ayuntamiento\/wp-json\/wp\/v2\/media?parent=31435"}],"wp:term":[{"taxonomy":"category","embeddable":true,"href":"https:\/\/www.caudete.org\/ayuntamiento\/wp-json\/wp\/v2\/categories?post=31435"},{"taxonomy":"post_tag","embeddable":true,"href":"https:\/\/www.caudete.org\/ayuntamiento\/wp-json\/wp\/v2\/tags?post=31435"}],"curies":[{"name":"wp","href":"https:\/\/api.w.org\/{rel}","templated":true}]}}