{"id":31488,"date":"2025-11-04T14:29:07","date_gmt":"2025-11-04T13:29:07","guid":{"rendered":"https:\/\/www.caudete.org\/ayuntamiento\/?p=31488"},"modified":"2025-11-05T09:16:05","modified_gmt":"2025-11-05T08:16:05","slug":"el-concejal-de-medio-rural-reclama-la-reparacion-la-via-de-servicio-de-la-a-33","status":"publish","type":"post","link":"https:\/\/www.caudete.org\/ayuntamiento\/el-concejal-de-medio-rural-reclama-la-reparacion-la-via-de-servicio-de-la-a-33\/","title":{"rendered":"El Concejal de Medio Rural reclama la reparaci\u00f3n la v\u00eda  de servicio de la A-33"},"content":{"rendered":"<p data-start=\"0\" data-end=\"256\">La <strong data-start=\"59\" data-end=\"88\">Concejal\u00eda de Medio Rural<\/strong>, informa que se contin\u00faa reclamando la <strong data-start=\"128\" data-end=\"189\">reparaci\u00f3n de la v\u00eda de servicio junto a la Autov\u00eda A-33 desde<\/strong>, una v\u00eda muy utilizada por vecinos y agricultores del municipio.<\/p>\n<p data-start=\"258\" data-end=\"565\">Durante la construcci\u00f3n de la autov\u00eda, este camino sufri\u00f3 un fuerte deterioro debido al paso de maquinaria pesada y veh\u00edculos de obra. La <strong data-start=\"396\" data-end=\"493\">responsabilidad de su arreglo corresponde al Ministerio de Transportes y Movilidad Sostenible<\/strong>, a trav\u00e9s de la <strong data-start=\"510\" data-end=\"562\">Demarcaci\u00f3n de Carreteras del Estado en Albacete<\/strong>.<\/p>\n<p data-start=\"567\" data-end=\"1049\">Desde esta Concejal\u00eda, bajo la iniciativa y seguimiento del <strong data-start=\"627\" data-end=\"672\">concejal Francisco Jos\u00e9 Castell\u00f3 Castell\u00f3<\/strong>, se han enviado <strong data-start=\"689\" data-end=\"721\">tres requerimientos formales<\/strong> al Ministerio solicitando su reparaci\u00f3n (28 de mayo de 2024, 27 de enero de 2025 y 8 de julio de 2025).<br data-start=\"825\" data-end=\"828\" \/>Solo se ha recibido una respuesta parcial, en julio de 2024, donde se reconoc\u00eda la necesidad de actuar con zahorras y un doble tratamiento superficial. Sin embargo,\u00a0 <strong data-start=\"993\" data-end=\"1046\" data-is-only-node=\"\">a d\u00eda de hoy denunciamos que todav\u00eda no se ha realizado ninguna actuaci\u00f3n<\/strong>.<\/p>\n<p data-start=\"1051\" data-end=\"1257\">El <strong data-start=\"1054\" data-end=\"1081\">Concejal de Medio Rural<\/strong> seguir\u00e1 insistiendo y realizando un seguimiento constante hasta conseguir que se repare este camino y se garantice la <strong data-start=\"1200\" data-end=\"1230\">seguridad y el buen acceso<\/strong> para todos los usuarios.<\/p>\n<p data-start=\"1259\" data-end=\"1412\" data-is-last-node=\"\" data-is-only-node=\"\">El <strong data-start=\"1262\" data-end=\"1289\">Ayuntamiento de Caudete<\/strong> mantiene su voluntad de colaboraci\u00f3n con el Ministerio y su compromiso con la <strong data-start=\"1368\" data-end=\"1411\">seguridad y el bienestar de los vecinos<\/strong>.<\/p>\n<p data-start=\"2347\" data-end=\"2528\"><strong data-start=\"2347\" data-end=\"2383\">Francisco Jos\u00e9 Castell\u00f3 Castell\u00f3<\/strong><br data-start=\"2383\" data-end=\"2386\" \/>Concejal de Medio Ambiente, Medio Rural, Servicios Municipales, Medios de Comunicaci\u00f3n y Prensa<br data-start=\"2484\" data-end=\"2487\" \/><strong data-start=\"2487\" data-end=\"2526\">Muy Ilustre Ayuntamiento de Caudete<\/strong><\/p>\n","protected":false},"excerpt":{"rendered":"<p>La Concejal\u00eda de Medio Rural, informa que se contin\u00faa reclamando la reparaci\u00f3n de la v\u00eda de servicio junto a la Autov\u00eda A-33 desde, una v\u00eda muy utilizada por vecinos y agricultores del municipio. Durante la construcci\u00f3n de la autov\u00eda, este camino sufri\u00f3 un fuerte deterioro debido al paso de maquinaria pesada y veh\u00edculos de obra. &hellip;<\/p>\n","protected":false},"author":7,"featured_media":31489,"comment_status":"closed","ping_status":"open","sticky":false,"template":"","format":"standard","meta":{"ngg_post_thumbnail":0,"footnotes":""},"categories":[50],"tags":[],"class_list":["post-31488","post","type-post","status-publish","format-standard","has-post-thumbnail","hentry","category-medio-rural"],"yoast_head":"<!-- This site is optimized with the Yoast SEO plugin v27.5 - https:\/\/yoast.com\/product\/yoast-seo-wordpress\/ -->\n<title>El Concejal de Medio Rural reclama la reparaci\u00f3n la v\u00eda de servicio de la A-33 - MI Ayuntamiento de Caudete<\/title>\n<meta name=\"description\" content=\"P\u00e1gina Oficial del Ayuntamiento de Caudete (Albacete)\" \/>\n<meta name=\"robots\" content=\"index, follow, max-snippet:-1, max-image-preview:large, max-video-preview:-1\" \/>\n<link rel=\"canonical\" href=\"https:\/\/www.caudete.org\/ayuntamiento\/el-concejal-de-medio-rural-reclama-la-reparacion-la-via-de-servicio-de-la-a-33\/\" \/>\n<meta property=\"og:locale\" content=\"es_ES\" \/>\n<meta property=\"og:type\" content=\"article\" \/>\n<meta property=\"og:title\" content=\"El Concejal de Medio Rural reclama la reparaci\u00f3n la v\u00eda de servicio de la A-33 - MI Ayuntamiento de Caudete\" \/>\n<meta property=\"og:description\" content=\"P\u00e1gina Oficial del Ayuntamiento de Caudete (Albacete)\" \/>\n<meta property=\"og:url\" content=\"https:\/\/www.caudete.org\/ayuntamiento\/el-concejal-de-medio-rural-reclama-la-reparacion-la-via-de-servicio-de-la-a-33\/\" \/>\n<meta property=\"og:site_name\" content=\"MI Ayuntamiento de Caudete\" \/>\n<meta property=\"article:publisher\" content=\"https:\/\/www.facebook.com\/ayuntamientocaudete\/\" \/>\n<meta property=\"article:published_time\" content=\"2025-11-04T13:29:07+00:00\" \/>\n<meta property=\"article:modified_time\" content=\"2025-11-05T08:16:05+00:00\" \/>\n<meta property=\"og:image\" content=\"https:\/\/www.caudete.org\/ayuntamiento\/wp-content\/uploads\/2025\/11\/Captura-de-pantalla-2025-11-04-140356.png\" \/>\n\t<meta property=\"og:image:width\" content=\"979\" \/>\n\t<meta property=\"og:image:height\" content=\"651\" \/>\n\t<meta property=\"og:image:type\" content=\"image\/png\" \/>\n<meta name=\"author\" content=\"ConceMediosComunicacion\" \/>\n<meta name=\"twitter:card\" content=\"summary_large_image\" \/>\n<meta name=\"twitter:label1\" content=\"Escrito por\" \/>\n\t<meta name=\"twitter:data1\" content=\"ConceMediosComunicacion\" \/>\n\t<meta name=\"twitter:label2\" content=\"Tiempo de lectura\" \/>\n\t<meta name=\"twitter:data2\" content=\"2 minutos\" \/>\n<script type=\"application\/ld+json\" class=\"yoast-schema-graph\">{\"@context\":\"https:\\\/\\\/schema.org\",\"@graph\":[{\"@type\":\"Article\",\"@id\":\"https:\\\/\\\/www.caudete.org\\\/ayuntamiento\\\/el-concejal-de-medio-rural-reclama-la-reparacion-la-via-de-servicio-de-la-a-33\\\/#article\",\"isPartOf\":{\"@id\":\"https:\\\/\\\/www.caudete.org\\\/ayuntamiento\\\/el-concejal-de-medio-rural-reclama-la-reparacion-la-via-de-servicio-de-la-a-33\\\/\"},\"author\":{\"name\":\"ConceMediosComunicacion\",\"@id\":\"https:\\\/\\\/www.caudete.org\\\/ayuntamiento\\\/#\\\/schema\\\/person\\\/20dfe238fe5ee9d5f5e69267aa623e05\"},\"headline\":\"El Concejal de Medio Rural reclama la reparaci\u00f3n la v\u00eda de servicio de la A-33\",\"datePublished\":\"2025-11-04T13:29:07+00:00\",\"dateModified\":\"2025-11-05T08:16:05+00:00\",\"mainEntityOfPage\":{\"@id\":\"https:\\\/\\\/www.caudete.org\\\/ayuntamiento\\\/el-concejal-de-medio-rural-reclama-la-reparacion-la-via-de-servicio-de-la-a-33\\\/\"},\"wordCount\":267,\"image\":{\"@id\":\"https:\\\/\\\/www.caudete.org\\\/ayuntamiento\\\/el-concejal-de-medio-rural-reclama-la-reparacion-la-via-de-servicio-de-la-a-33\\\/#primaryimage\"},\"thumbnailUrl\":\"https:\\\/\\\/www.caudete.org\\\/ayuntamiento\\\/wp-content\\\/uploads\\\/2025\\\/11\\\/Captura-de-pantalla-2025-11-04-140356.png\",\"articleSection\":[\"Medio Rural\"],\"inLanguage\":\"es\"},{\"@type\":\"WebPage\",\"@id\":\"https:\\\/\\\/www.caudete.org\\\/ayuntamiento\\\/el-concejal-de-medio-rural-reclama-la-reparacion-la-via-de-servicio-de-la-a-33\\\/\",\"url\":\"https:\\\/\\\/www.caudete.org\\\/ayuntamiento\\\/el-concejal-de-medio-rural-reclama-la-reparacion-la-via-de-servicio-de-la-a-33\\\/\",\"name\":\"El Concejal de Medio Rural reclama la reparaci\u00f3n la v\u00eda de servicio de la A-33 - MI Ayuntamiento de Caudete\",\"isPartOf\":{\"@id\":\"https:\\\/\\\/www.caudete.org\\\/ayuntamiento\\\/#website\"},\"primaryImageOfPage\":{\"@id\":\"https:\\\/\\\/www.caudete.org\\\/ayuntamiento\\\/el-concejal-de-medio-rural-reclama-la-reparacion-la-via-de-servicio-de-la-a-33\\\/#primaryimage\"},\"image\":{\"@id\":\"https:\\\/\\\/www.caudete.org\\\/ayuntamiento\\\/el-concejal-de-medio-rural-reclama-la-reparacion-la-via-de-servicio-de-la-a-33\\\/#primaryimage\"},\"thumbnailUrl\":\"https:\\\/\\\/www.caudete.org\\\/ayuntamiento\\\/wp-content\\\/uploads\\\/2025\\\/11\\\/Captura-de-pantalla-2025-11-04-140356.png\",\"datePublished\":\"2025-11-04T13:29:07+00:00\",\"dateModified\":\"2025-11-05T08:16:05+00:00\",\"author\":{\"@id\":\"https:\\\/\\\/www.caudete.org\\\/ayuntamiento\\\/#\\\/schema\\\/person\\\/20dfe238fe5ee9d5f5e69267aa623e05\"},\"description\":\"P\u00e1gina Oficial del Ayuntamiento de Caudete (Albacete)\",\"breadcrumb\":{\"@id\":\"https:\\\/\\\/www.caudete.org\\\/ayuntamiento\\\/el-concejal-de-medio-rural-reclama-la-reparacion-la-via-de-servicio-de-la-a-33\\\/#breadcrumb\"},\"inLanguage\":\"es\",\"potentialAction\":[{\"@type\":\"ReadAction\",\"target\":[\"https:\\\/\\\/www.caudete.org\\\/ayuntamiento\\\/el-concejal-de-medio-rural-reclama-la-reparacion-la-via-de-servicio-de-la-a-33\\\/\"]}]},{\"@type\":\"ImageObject\",\"inLanguage\":\"es\",\"@id\":\"https:\\\/\\\/www.caudete.org\\\/ayuntamiento\\\/el-concejal-de-medio-rural-reclama-la-reparacion-la-via-de-servicio-de-la-a-33\\\/#primaryimage\",\"url\":\"https:\\\/\\\/www.caudete.org\\\/ayuntamiento\\\/wp-content\\\/uploads\\\/2025\\\/11\\\/Captura-de-pantalla-2025-11-04-140356.png\",\"contentUrl\":\"https:\\\/\\\/www.caudete.org\\\/ayuntamiento\\\/wp-content\\\/uploads\\\/2025\\\/11\\\/Captura-de-pantalla-2025-11-04-140356.png\",\"width\":979,\"height\":651},{\"@type\":\"BreadcrumbList\",\"@id\":\"https:\\\/\\\/www.caudete.org\\\/ayuntamiento\\\/el-concejal-de-medio-rural-reclama-la-reparacion-la-via-de-servicio-de-la-a-33\\\/#breadcrumb\",\"itemListElement\":[{\"@type\":\"ListItem\",\"position\":1,\"name\":\"Inicio\",\"item\":\"https:\\\/\\\/www.caudete.org\\\/ayuntamiento\\\/\"},{\"@type\":\"ListItem\",\"position\":2,\"name\":\"El Concejal de Medio Rural reclama la reparaci\u00f3n la v\u00eda de servicio de la A-33\"}]},{\"@type\":\"WebSite\",\"@id\":\"https:\\\/\\\/www.caudete.org\\\/ayuntamiento\\\/#website\",\"url\":\"https:\\\/\\\/www.caudete.org\\\/ayuntamiento\\\/\",\"name\":\"MI Ayuntamiento de Caudete\",\"description\":\"P\u00e1gina Oficial del MI Ayuntamiento de Caudete\",\"potentialAction\":[{\"@type\":\"SearchAction\",\"target\":{\"@type\":\"EntryPoint\",\"urlTemplate\":\"https:\\\/\\\/www.caudete.org\\\/ayuntamiento\\\/?s={search_term_string}\"},\"query-input\":{\"@type\":\"PropertyValueSpecification\",\"valueRequired\":true,\"valueName\":\"search_term_string\"}}],\"inLanguage\":\"es\"},{\"@type\":\"Person\",\"@id\":\"https:\\\/\\\/www.caudete.org\\\/ayuntamiento\\\/#\\\/schema\\\/person\\\/20dfe238fe5ee9d5f5e69267aa623e05\",\"name\":\"ConceMediosComunicacion\",\"image\":{\"@type\":\"ImageObject\",\"inLanguage\":\"es\",\"@id\":\"https:\\\/\\\/secure.gravatar.com\\\/avatar\\\/9d162043ba1cd4ab14413e29fdb3655bfccde37e65ca99013604f8d2a19c636d?s=96&d=mm&r=g\",\"url\":\"https:\\\/\\\/secure.gravatar.com\\\/avatar\\\/9d162043ba1cd4ab14413e29fdb3655bfccde37e65ca99013604f8d2a19c636d?s=96&d=mm&r=g\",\"contentUrl\":\"https:\\\/\\\/secure.gravatar.com\\\/avatar\\\/9d162043ba1cd4ab14413e29fdb3655bfccde37e65ca99013604f8d2a19c636d?s=96&d=mm&r=g\",\"caption\":\"ConceMediosComunicacion\"},\"url\":\"https:\\\/\\\/www.caudete.org\\\/ayuntamiento\\\/author\\\/concemedioscomunicacion\\\/\"}]}<\/script>\n<!-- \/ Yoast SEO plugin. -->","yoast_head_json":{"title":"El Concejal de Medio Rural reclama la reparaci\u00f3n la v\u00eda de servicio de la A-33 - MI Ayuntamiento de Caudete","description":"P\u00e1gina Oficial del Ayuntamiento de Caudete (Albacete)","robots":{"index":"index","follow":"follow","max-snippet":"max-snippet:-1","max-image-preview":"max-image-preview:large","max-video-preview":"max-video-preview:-1"},"canonical":"https:\/\/www.caudete.org\/ayuntamiento\/el-concejal-de-medio-rural-reclama-la-reparacion-la-via-de-servicio-de-la-a-33\/","og_locale":"es_ES","og_type":"article","og_title":"El Concejal de Medio Rural reclama la reparaci\u00f3n la v\u00eda de servicio de la A-33 - MI Ayuntamiento de Caudete","og_description":"P\u00e1gina Oficial del Ayuntamiento de Caudete (Albacete)","og_url":"https:\/\/www.caudete.org\/ayuntamiento\/el-concejal-de-medio-rural-reclama-la-reparacion-la-via-de-servicio-de-la-a-33\/","og_site_name":"MI Ayuntamiento de Caudete","article_publisher":"https:\/\/www.facebook.com\/ayuntamientocaudete\/","article_published_time":"2025-11-04T13:29:07+00:00","article_modified_time":"2025-11-05T08:16:05+00:00","og_image":[{"width":979,"height":651,"url":"https:\/\/www.caudete.org\/ayuntamiento\/wp-content\/uploads\/2025\/11\/Captura-de-pantalla-2025-11-04-140356.png","type":"image\/png"}],"author":"ConceMediosComunicacion","twitter_card":"summary_large_image","twitter_misc":{"Escrito por":"ConceMediosComunicacion","Tiempo de lectura":"2 minutos"},"schema":{"@context":"https:\/\/schema.org","@graph":[{"@type":"Article","@id":"https:\/\/www.caudete.org\/ayuntamiento\/el-concejal-de-medio-rural-reclama-la-reparacion-la-via-de-servicio-de-la-a-33\/#article","isPartOf":{"@id":"https:\/\/www.caudete.org\/ayuntamiento\/el-concejal-de-medio-rural-reclama-la-reparacion-la-via-de-servicio-de-la-a-33\/"},"author":{"name":"ConceMediosComunicacion","@id":"https:\/\/www.caudete.org\/ayuntamiento\/#\/schema\/person\/20dfe238fe5ee9d5f5e69267aa623e05"},"headline":"El Concejal de Medio Rural reclama la reparaci\u00f3n la v\u00eda de servicio de la A-33","datePublished":"2025-11-04T13:29:07+00:00","dateModified":"2025-11-05T08:16:05+00:00","mainEntityOfPage":{"@id":"https:\/\/www.caudete.org\/ayuntamiento\/el-concejal-de-medio-rural-reclama-la-reparacion-la-via-de-servicio-de-la-a-33\/"},"wordCount":267,"image":{"@id":"https:\/\/www.caudete.org\/ayuntamiento\/el-concejal-de-medio-rural-reclama-la-reparacion-la-via-de-servicio-de-la-a-33\/#primaryimage"},"thumbnailUrl":"https:\/\/www.caudete.org\/ayuntamiento\/wp-content\/uploads\/2025\/11\/Captura-de-pantalla-2025-11-04-140356.png","articleSection":["Medio Rural"],"inLanguage":"es"},{"@type":"WebPage","@id":"https:\/\/www.caudete.org\/ayuntamiento\/el-concejal-de-medio-rural-reclama-la-reparacion-la-via-de-servicio-de-la-a-33\/","url":"https:\/\/www.caudete.org\/ayuntamiento\/el-concejal-de-medio-rural-reclama-la-reparacion-la-via-de-servicio-de-la-a-33\/","name":"El Concejal de Medio Rural reclama la reparaci\u00f3n la v\u00eda de servicio de la A-33 - MI Ayuntamiento de Caudete","isPartOf":{"@id":"https:\/\/www.caudete.org\/ayuntamiento\/#website"},"primaryImageOfPage":{"@id":"https:\/\/www.caudete.org\/ayuntamiento\/el-concejal-de-medio-rural-reclama-la-reparacion-la-via-de-servicio-de-la-a-33\/#primaryimage"},"image":{"@id":"https:\/\/www.caudete.org\/ayuntamiento\/el-concejal-de-medio-rural-reclama-la-reparacion-la-via-de-servicio-de-la-a-33\/#primaryimage"},"thumbnailUrl":"https:\/\/www.caudete.org\/ayuntamiento\/wp-content\/uploads\/2025\/11\/Captura-de-pantalla-2025-11-04-140356.png","datePublished":"2025-11-04T13:29:07+00:00","dateModified":"2025-11-05T08:16:05+00:00","author":{"@id":"https:\/\/www.caudete.org\/ayuntamiento\/#\/schema\/person\/20dfe238fe5ee9d5f5e69267aa623e05"},"description":"P\u00e1gina Oficial del Ayuntamiento de Caudete (Albacete)","breadcrumb":{"@id":"https:\/\/www.caudete.org\/ayuntamiento\/el-concejal-de-medio-rural-reclama-la-reparacion-la-via-de-servicio-de-la-a-33\/#breadcrumb"},"inLanguage":"es","potentialAction":[{"@type":"ReadAction","target":["https:\/\/www.caudete.org\/ayuntamiento\/el-concejal-de-medio-rural-reclama-la-reparacion-la-via-de-servicio-de-la-a-33\/"]}]},{"@type":"ImageObject","inLanguage":"es","@id":"https:\/\/www.caudete.org\/ayuntamiento\/el-concejal-de-medio-rural-reclama-la-reparacion-la-via-de-servicio-de-la-a-33\/#primaryimage","url":"https:\/\/www.caudete.org\/ayuntamiento\/wp-content\/uploads\/2025\/11\/Captura-de-pantalla-2025-11-04-140356.png","contentUrl":"https:\/\/www.caudete.org\/ayuntamiento\/wp-content\/uploads\/2025\/11\/Captura-de-pantalla-2025-11-04-140356.png","width":979,"height":651},{"@type":"BreadcrumbList","@id":"https:\/\/www.caudete.org\/ayuntamiento\/el-concejal-de-medio-rural-reclama-la-reparacion-la-via-de-servicio-de-la-a-33\/#breadcrumb","itemListElement":[{"@type":"ListItem","position":1,"name":"Inicio","item":"https:\/\/www.caudete.org\/ayuntamiento\/"},{"@type":"ListItem","position":2,"name":"El Concejal de Medio Rural reclama la reparaci\u00f3n la v\u00eda de servicio de la A-33"}]},{"@type":"WebSite","@id":"https:\/\/www.caudete.org\/ayuntamiento\/#website","url":"https:\/\/www.caudete.org\/ayuntamiento\/","name":"MI Ayuntamiento de Caudete","description":"P\u00e1gina Oficial del MI Ayuntamiento de Caudete","potentialAction":[{"@type":"SearchAction","target":{"@type":"EntryPoint","urlTemplate":"https:\/\/www.caudete.org\/ayuntamiento\/?s={search_term_string}"},"query-input":{"@type":"PropertyValueSpecification","valueRequired":true,"valueName":"search_term_string"}}],"inLanguage":"es"},{"@type":"Person","@id":"https:\/\/www.caudete.org\/ayuntamiento\/#\/schema\/person\/20dfe238fe5ee9d5f5e69267aa623e05","name":"ConceMediosComunicacion","image":{"@type":"ImageObject","inLanguage":"es","@id":"https:\/\/secure.gravatar.com\/avatar\/9d162043ba1cd4ab14413e29fdb3655bfccde37e65ca99013604f8d2a19c636d?s=96&d=mm&r=g","url":"https:\/\/secure.gravatar.com\/avatar\/9d162043ba1cd4ab14413e29fdb3655bfccde37e65ca99013604f8d2a19c636d?s=96&d=mm&r=g","contentUrl":"https:\/\/secure.gravatar.com\/avatar\/9d162043ba1cd4ab14413e29fdb3655bfccde37e65ca99013604f8d2a19c636d?s=96&d=mm&r=g","caption":"ConceMediosComunicacion"},"url":"https:\/\/www.caudete.org\/ayuntamiento\/author\/concemedioscomunicacion\/"}]}},"_links":{"self":[{"href":"https:\/\/www.caudete.org\/ayuntamiento\/wp-json\/wp\/v2\/posts\/31488","targetHints":{"allow":["GET"]}}],"collection":[{"href":"https:\/\/www.caudete.org\/ayuntamiento\/wp-json\/wp\/v2\/posts"}],"about":[{"href":"https:\/\/www.caudete.org\/ayuntamiento\/wp-json\/wp\/v2\/types\/post"}],"author":[{"embeddable":true,"href":"https:\/\/www.caudete.org\/ayuntamiento\/wp-json\/wp\/v2\/users\/7"}],"replies":[{"embeddable":true,"href":"https:\/\/www.caudete.org\/ayuntamiento\/wp-json\/wp\/v2\/comments?post=31488"}],"version-history":[{"count":7,"href":"https:\/\/www.caudete.org\/ayuntamiento\/wp-json\/wp\/v2\/posts\/31488\/revisions"}],"predecessor-version":[{"id":31497,"href":"https:\/\/www.caudete.org\/ayuntamiento\/wp-json\/wp\/v2\/posts\/31488\/revisions\/31497"}],"wp:featuredmedia":[{"embeddable":true,"href":"https:\/\/www.caudete.org\/ayuntamiento\/wp-json\/wp\/v2\/media\/31489"}],"wp:attachment":[{"href":"https:\/\/www.caudete.org\/ayuntamiento\/wp-json\/wp\/v2\/media?parent=31488"}],"wp:term":[{"taxonomy":"category","embeddable":true,"href":"https:\/\/www.caudete.org\/ayuntamiento\/wp-json\/wp\/v2\/categories?post=31488"},{"taxonomy":"post_tag","embeddable":true,"href":"https:\/\/www.caudete.org\/ayuntamiento\/wp-json\/wp\/v2\/tags?post=31488"}],"curies":[{"name":"wp","href":"https:\/\/api.w.org\/{rel}","templated":true}]}}