{"id":31506,"date":"2025-11-06T14:22:55","date_gmt":"2025-11-06T13:22:55","guid":{"rendered":"https:\/\/www.caudete.org\/ayuntamiento\/?p=31506"},"modified":"2025-11-07T08:40:08","modified_gmt":"2025-11-07T07:40:08","slug":"inicio-de-los-trabajos-anuales-de-mantenimiento-de-caminos-rurales","status":"publish","type":"post","link":"https:\/\/www.caudete.org\/ayuntamiento\/inicio-de-los-trabajos-anuales-de-mantenimiento-de-caminos-rurales\/","title":{"rendered":"Inicio de los trabajos anuales de mantenimiento de caminos rurales"},"content":{"rendered":"<p data-start=\"174\" data-end=\"568\">Han comenzado los trabajos anuales de reparaci\u00f3n y mantenimiento de los caminos rurales de Caudete, realizados con las m\u00e1quinas de la Mancomunidad. Estas actuaciones forman parte de la planificaci\u00f3n habitual que se desarrolla cada a\u00f1o para conservar en buen estado nuestra red de caminos, mejorar la seguridad y facilitar el acceso a viviendas, explotaciones agr\u00edcolas y zonas de uso frecuente.<\/p>\n<p data-start=\"570\" data-end=\"929\">La coordinaci\u00f3n de estos trabajos se lleva a cabo desde la Concejal\u00eda de Medio Rural, dirigida por Francisco Jos\u00e9 Castell\u00f3, concejal responsable y representante del municipio en la Mancomunidad de Montearag\u00f3n. Desde esta \u00e1rea se ha organizado la campa\u00f1a siguiendo criterios de eficiencia, seguridad y atenci\u00f3n a las necesidades planteadas por los vecinos.<\/p>\n<p data-start=\"931\" data-end=\"1339\">Como es habitual, el t\u00e9rmino municipal se ha dividido en tres grandes zonas de actuaci\u00f3n. La campa\u00f1a se ha iniciado en la zona de Biar, Bogarra\u00a0 etc&#8230;, aunque en el \u00e1rea de Bogarra no ser\u00e1 posible intervenir por el momento debido al elevado tr\u00e1fico de camiones generado por las obras del puente del paso a nivel, lo que impide trabajar con seguridad. Una vez finalicen dichas obras, se podr\u00e1 actuar con normalidad.<\/p>\n<p data-start=\"1341\" data-end=\"1742\">Tras esta primera fase, la siguiente zona donde se trabajar\u00e1 ser\u00e1 la zona de Montealegre, el \u00e1rea del Cementerio etc&#8230;, donde se llevar\u00e1 a cabo el mantenimiento general de los caminos, nivelaci\u00f3n y adecuaci\u00f3n del firme. Posteriormente, la campa\u00f1a continuar\u00e1 con la tercera zona, correspondiente al \u00e1rea del Palacio, El Collao etc&#8230;, donde tambi\u00e9n se realizar\u00e1n las mejoras previstas para esta temporada.<\/p>\n<p data-start=\"1744\" data-end=\"2048\">Se han tenido en cuenta todas las solicitudes presentadas por los vecinos mediante registro de entrada, y se actuar\u00e1 en aquellos caminos donde sea t\u00e9cnicamente posible dentro de la planificaci\u00f3n establecida. El objetivo es atender el mayor n\u00famero de peticiones y mejorar la red de caminos en su conjunto.<\/p>\n<p data-start=\"2050\" data-end=\"2529\">Como novedad este a\u00f1o, adem\u00e1s de los trabajos habituales de mantenimiento, las m\u00e1quinas de la Mancomunidad realizar\u00e1n la <strong data-start=\"2171\" data-end=\"2236\">preparaci\u00f3n de tres caminos municipales que ser\u00e1n asfaltados pr\u00f3ximamente<\/strong>, alcanzando casi <strong data-start=\"2254\" data-end=\"2288\">7.000 metros de v\u00edas renovadas<\/strong>. Esta intervenci\u00f3n se ejecutar\u00e1 en \u00faltimo lugar, con el fin de reducir al m\u00ednimo el tiempo entre la preparaci\u00f3n y el asfaltado, garantizando as\u00ed el mejor resultado posible y evitando el deterioro del firme antes de su renovaci\u00f3n definitiva.<\/p>\n<hr data-start=\"2531\" data-end=\"2534\" \/>\n<p data-start=\"2536\" data-end=\"2690\"><strong data-start=\"2536\" data-end=\"2575\">Muy Ilustre Ayuntamiento de Caudete<\/strong><br data-start=\"2575\" data-end=\"2578\" \/><strong data-start=\"2578\" data-end=\"2614\">Francisco Jos\u00e9 Castell\u00f3 Castell\u00f3<\/strong><br data-start=\"2614\" data-end=\"2617\" \/>Concejal de Medio Rural<br data-start=\"2640\" data-end=\"2643\" \/>Representante en la Mancomunidad de Montearag\u00f3n<\/p>\n","protected":false},"excerpt":{"rendered":"<p>Han comenzado los trabajos anuales de reparaci\u00f3n y mantenimiento de los caminos rurales de Caudete, realizados con las m\u00e1quinas de la Mancomunidad. Estas actuaciones forman parte de la planificaci\u00f3n habitual que se desarrolla cada a\u00f1o para conservar en buen estado nuestra red de caminos, mejorar la seguridad y facilitar el acceso a viviendas, explotaciones agr\u00edcolas &hellip;<\/p>\n","protected":false},"author":7,"featured_media":31508,"comment_status":"closed","ping_status":"open","sticky":false,"template":"","format":"standard","meta":{"ngg_post_thumbnail":0,"footnotes":""},"categories":[50],"tags":[],"class_list":["post-31506","post","type-post","status-publish","format-standard","has-post-thumbnail","hentry","category-medio-rural"],"yoast_head":"<!-- This site is optimized with the Yoast SEO plugin v27.5 - https:\/\/yoast.com\/product\/yoast-seo-wordpress\/ -->\n<title>Inicio de los trabajos anuales de mantenimiento de caminos rurales - MI Ayuntamiento de Caudete<\/title>\n<meta name=\"description\" content=\"P\u00e1gina Oficial del Ayuntamiento de Caudete (Albacete)\" \/>\n<meta name=\"robots\" content=\"index, follow, max-snippet:-1, max-image-preview:large, max-video-preview:-1\" \/>\n<link rel=\"canonical\" href=\"https:\/\/www.caudete.org\/ayuntamiento\/inicio-de-los-trabajos-anuales-de-mantenimiento-de-caminos-rurales\/\" \/>\n<meta property=\"og:locale\" content=\"es_ES\" \/>\n<meta property=\"og:type\" content=\"article\" \/>\n<meta property=\"og:title\" content=\"Inicio de los trabajos anuales de mantenimiento de caminos rurales - MI Ayuntamiento de Caudete\" \/>\n<meta property=\"og:description\" content=\"P\u00e1gina Oficial del Ayuntamiento de Caudete (Albacete)\" \/>\n<meta property=\"og:url\" content=\"https:\/\/www.caudete.org\/ayuntamiento\/inicio-de-los-trabajos-anuales-de-mantenimiento-de-caminos-rurales\/\" \/>\n<meta property=\"og:site_name\" content=\"MI Ayuntamiento de Caudete\" \/>\n<meta property=\"article:publisher\" content=\"https:\/\/www.facebook.com\/ayuntamientocaudete\/\" \/>\n<meta property=\"article:published_time\" content=\"2025-11-06T13:22:55+00:00\" \/>\n<meta property=\"article:modified_time\" content=\"2025-11-07T07:40:08+00:00\" \/>\n<meta property=\"og:image\" content=\"https:\/\/www.caudete.org\/ayuntamiento\/wp-content\/uploads\/2025\/11\/db679ab0-16d9-495d-8490-069d85701ea2.jpg\" \/>\n\t<meta property=\"og:image:width\" content=\"1600\" \/>\n\t<meta property=\"og:image:height\" content=\"900\" \/>\n\t<meta property=\"og:image:type\" content=\"image\/jpeg\" \/>\n<meta name=\"author\" content=\"ConceMediosComunicacion\" \/>\n<meta name=\"twitter:card\" content=\"summary_large_image\" \/>\n<meta name=\"twitter:label1\" content=\"Escrito por\" \/>\n\t<meta name=\"twitter:data1\" content=\"ConceMediosComunicacion\" \/>\n\t<meta name=\"twitter:label2\" content=\"Tiempo de lectura\" \/>\n\t<meta name=\"twitter:data2\" content=\"2 minutos\" \/>\n<script type=\"application\/ld+json\" class=\"yoast-schema-graph\">{\"@context\":\"https:\\\/\\\/schema.org\",\"@graph\":[{\"@type\":\"Article\",\"@id\":\"https:\\\/\\\/www.caudete.org\\\/ayuntamiento\\\/inicio-de-los-trabajos-anuales-de-mantenimiento-de-caminos-rurales\\\/#article\",\"isPartOf\":{\"@id\":\"https:\\\/\\\/www.caudete.org\\\/ayuntamiento\\\/inicio-de-los-trabajos-anuales-de-mantenimiento-de-caminos-rurales\\\/\"},\"author\":{\"name\":\"ConceMediosComunicacion\",\"@id\":\"https:\\\/\\\/www.caudete.org\\\/ayuntamiento\\\/#\\\/schema\\\/person\\\/20dfe238fe5ee9d5f5e69267aa623e05\"},\"headline\":\"Inicio de los trabajos anuales de mantenimiento de caminos rurales\",\"datePublished\":\"2025-11-06T13:22:55+00:00\",\"dateModified\":\"2025-11-07T07:40:08+00:00\",\"mainEntityOfPage\":{\"@id\":\"https:\\\/\\\/www.caudete.org\\\/ayuntamiento\\\/inicio-de-los-trabajos-anuales-de-mantenimiento-de-caminos-rurales\\\/\"},\"wordCount\":431,\"image\":{\"@id\":\"https:\\\/\\\/www.caudete.org\\\/ayuntamiento\\\/inicio-de-los-trabajos-anuales-de-mantenimiento-de-caminos-rurales\\\/#primaryimage\"},\"thumbnailUrl\":\"https:\\\/\\\/www.caudete.org\\\/ayuntamiento\\\/wp-content\\\/uploads\\\/2025\\\/11\\\/db679ab0-16d9-495d-8490-069d85701ea2.jpg\",\"articleSection\":[\"Medio Rural\"],\"inLanguage\":\"es\"},{\"@type\":\"WebPage\",\"@id\":\"https:\\\/\\\/www.caudete.org\\\/ayuntamiento\\\/inicio-de-los-trabajos-anuales-de-mantenimiento-de-caminos-rurales\\\/\",\"url\":\"https:\\\/\\\/www.caudete.org\\\/ayuntamiento\\\/inicio-de-los-trabajos-anuales-de-mantenimiento-de-caminos-rurales\\\/\",\"name\":\"Inicio de los trabajos anuales de mantenimiento de caminos rurales - MI Ayuntamiento de Caudete\",\"isPartOf\":{\"@id\":\"https:\\\/\\\/www.caudete.org\\\/ayuntamiento\\\/#website\"},\"primaryImageOfPage\":{\"@id\":\"https:\\\/\\\/www.caudete.org\\\/ayuntamiento\\\/inicio-de-los-trabajos-anuales-de-mantenimiento-de-caminos-rurales\\\/#primaryimage\"},\"image\":{\"@id\":\"https:\\\/\\\/www.caudete.org\\\/ayuntamiento\\\/inicio-de-los-trabajos-anuales-de-mantenimiento-de-caminos-rurales\\\/#primaryimage\"},\"thumbnailUrl\":\"https:\\\/\\\/www.caudete.org\\\/ayuntamiento\\\/wp-content\\\/uploads\\\/2025\\\/11\\\/db679ab0-16d9-495d-8490-069d85701ea2.jpg\",\"datePublished\":\"2025-11-06T13:22:55+00:00\",\"dateModified\":\"2025-11-07T07:40:08+00:00\",\"author\":{\"@id\":\"https:\\\/\\\/www.caudete.org\\\/ayuntamiento\\\/#\\\/schema\\\/person\\\/20dfe238fe5ee9d5f5e69267aa623e05\"},\"description\":\"P\u00e1gina Oficial del Ayuntamiento de Caudete (Albacete)\",\"breadcrumb\":{\"@id\":\"https:\\\/\\\/www.caudete.org\\\/ayuntamiento\\\/inicio-de-los-trabajos-anuales-de-mantenimiento-de-caminos-rurales\\\/#breadcrumb\"},\"inLanguage\":\"es\",\"potentialAction\":[{\"@type\":\"ReadAction\",\"target\":[\"https:\\\/\\\/www.caudete.org\\\/ayuntamiento\\\/inicio-de-los-trabajos-anuales-de-mantenimiento-de-caminos-rurales\\\/\"]}]},{\"@type\":\"ImageObject\",\"inLanguage\":\"es\",\"@id\":\"https:\\\/\\\/www.caudete.org\\\/ayuntamiento\\\/inicio-de-los-trabajos-anuales-de-mantenimiento-de-caminos-rurales\\\/#primaryimage\",\"url\":\"https:\\\/\\\/www.caudete.org\\\/ayuntamiento\\\/wp-content\\\/uploads\\\/2025\\\/11\\\/db679ab0-16d9-495d-8490-069d85701ea2.jpg\",\"contentUrl\":\"https:\\\/\\\/www.caudete.org\\\/ayuntamiento\\\/wp-content\\\/uploads\\\/2025\\\/11\\\/db679ab0-16d9-495d-8490-069d85701ea2.jpg\",\"width\":1600,\"height\":900},{\"@type\":\"BreadcrumbList\",\"@id\":\"https:\\\/\\\/www.caudete.org\\\/ayuntamiento\\\/inicio-de-los-trabajos-anuales-de-mantenimiento-de-caminos-rurales\\\/#breadcrumb\",\"itemListElement\":[{\"@type\":\"ListItem\",\"position\":1,\"name\":\"Inicio\",\"item\":\"https:\\\/\\\/www.caudete.org\\\/ayuntamiento\\\/\"},{\"@type\":\"ListItem\",\"position\":2,\"name\":\"Inicio de los trabajos anuales de mantenimiento de caminos rurales\"}]},{\"@type\":\"WebSite\",\"@id\":\"https:\\\/\\\/www.caudete.org\\\/ayuntamiento\\\/#website\",\"url\":\"https:\\\/\\\/www.caudete.org\\\/ayuntamiento\\\/\",\"name\":\"MI Ayuntamiento de Caudete\",\"description\":\"P\u00e1gina Oficial del MI Ayuntamiento de Caudete\",\"potentialAction\":[{\"@type\":\"SearchAction\",\"target\":{\"@type\":\"EntryPoint\",\"urlTemplate\":\"https:\\\/\\\/www.caudete.org\\\/ayuntamiento\\\/?s={search_term_string}\"},\"query-input\":{\"@type\":\"PropertyValueSpecification\",\"valueRequired\":true,\"valueName\":\"search_term_string\"}}],\"inLanguage\":\"es\"},{\"@type\":\"Person\",\"@id\":\"https:\\\/\\\/www.caudete.org\\\/ayuntamiento\\\/#\\\/schema\\\/person\\\/20dfe238fe5ee9d5f5e69267aa623e05\",\"name\":\"ConceMediosComunicacion\",\"image\":{\"@type\":\"ImageObject\",\"inLanguage\":\"es\",\"@id\":\"https:\\\/\\\/secure.gravatar.com\\\/avatar\\\/9d162043ba1cd4ab14413e29fdb3655bfccde37e65ca99013604f8d2a19c636d?s=96&d=mm&r=g\",\"url\":\"https:\\\/\\\/secure.gravatar.com\\\/avatar\\\/9d162043ba1cd4ab14413e29fdb3655bfccde37e65ca99013604f8d2a19c636d?s=96&d=mm&r=g\",\"contentUrl\":\"https:\\\/\\\/secure.gravatar.com\\\/avatar\\\/9d162043ba1cd4ab14413e29fdb3655bfccde37e65ca99013604f8d2a19c636d?s=96&d=mm&r=g\",\"caption\":\"ConceMediosComunicacion\"},\"url\":\"https:\\\/\\\/www.caudete.org\\\/ayuntamiento\\\/author\\\/concemedioscomunicacion\\\/\"}]}<\/script>\n<!-- \/ Yoast SEO plugin. -->","yoast_head_json":{"title":"Inicio de los trabajos anuales de mantenimiento de caminos rurales - MI Ayuntamiento de Caudete","description":"P\u00e1gina Oficial del Ayuntamiento de Caudete (Albacete)","robots":{"index":"index","follow":"follow","max-snippet":"max-snippet:-1","max-image-preview":"max-image-preview:large","max-video-preview":"max-video-preview:-1"},"canonical":"https:\/\/www.caudete.org\/ayuntamiento\/inicio-de-los-trabajos-anuales-de-mantenimiento-de-caminos-rurales\/","og_locale":"es_ES","og_type":"article","og_title":"Inicio de los trabajos anuales de mantenimiento de caminos rurales - MI Ayuntamiento de Caudete","og_description":"P\u00e1gina Oficial del Ayuntamiento de Caudete (Albacete)","og_url":"https:\/\/www.caudete.org\/ayuntamiento\/inicio-de-los-trabajos-anuales-de-mantenimiento-de-caminos-rurales\/","og_site_name":"MI Ayuntamiento de Caudete","article_publisher":"https:\/\/www.facebook.com\/ayuntamientocaudete\/","article_published_time":"2025-11-06T13:22:55+00:00","article_modified_time":"2025-11-07T07:40:08+00:00","og_image":[{"width":1600,"height":900,"url":"https:\/\/www.caudete.org\/ayuntamiento\/wp-content\/uploads\/2025\/11\/db679ab0-16d9-495d-8490-069d85701ea2.jpg","type":"image\/jpeg"}],"author":"ConceMediosComunicacion","twitter_card":"summary_large_image","twitter_misc":{"Escrito por":"ConceMediosComunicacion","Tiempo de lectura":"2 minutos"},"schema":{"@context":"https:\/\/schema.org","@graph":[{"@type":"Article","@id":"https:\/\/www.caudete.org\/ayuntamiento\/inicio-de-los-trabajos-anuales-de-mantenimiento-de-caminos-rurales\/#article","isPartOf":{"@id":"https:\/\/www.caudete.org\/ayuntamiento\/inicio-de-los-trabajos-anuales-de-mantenimiento-de-caminos-rurales\/"},"author":{"name":"ConceMediosComunicacion","@id":"https:\/\/www.caudete.org\/ayuntamiento\/#\/schema\/person\/20dfe238fe5ee9d5f5e69267aa623e05"},"headline":"Inicio de los trabajos anuales de mantenimiento de caminos rurales","datePublished":"2025-11-06T13:22:55+00:00","dateModified":"2025-11-07T07:40:08+00:00","mainEntityOfPage":{"@id":"https:\/\/www.caudete.org\/ayuntamiento\/inicio-de-los-trabajos-anuales-de-mantenimiento-de-caminos-rurales\/"},"wordCount":431,"image":{"@id":"https:\/\/www.caudete.org\/ayuntamiento\/inicio-de-los-trabajos-anuales-de-mantenimiento-de-caminos-rurales\/#primaryimage"},"thumbnailUrl":"https:\/\/www.caudete.org\/ayuntamiento\/wp-content\/uploads\/2025\/11\/db679ab0-16d9-495d-8490-069d85701ea2.jpg","articleSection":["Medio Rural"],"inLanguage":"es"},{"@type":"WebPage","@id":"https:\/\/www.caudete.org\/ayuntamiento\/inicio-de-los-trabajos-anuales-de-mantenimiento-de-caminos-rurales\/","url":"https:\/\/www.caudete.org\/ayuntamiento\/inicio-de-los-trabajos-anuales-de-mantenimiento-de-caminos-rurales\/","name":"Inicio de los trabajos anuales de mantenimiento de caminos rurales - MI Ayuntamiento de Caudete","isPartOf":{"@id":"https:\/\/www.caudete.org\/ayuntamiento\/#website"},"primaryImageOfPage":{"@id":"https:\/\/www.caudete.org\/ayuntamiento\/inicio-de-los-trabajos-anuales-de-mantenimiento-de-caminos-rurales\/#primaryimage"},"image":{"@id":"https:\/\/www.caudete.org\/ayuntamiento\/inicio-de-los-trabajos-anuales-de-mantenimiento-de-caminos-rurales\/#primaryimage"},"thumbnailUrl":"https:\/\/www.caudete.org\/ayuntamiento\/wp-content\/uploads\/2025\/11\/db679ab0-16d9-495d-8490-069d85701ea2.jpg","datePublished":"2025-11-06T13:22:55+00:00","dateModified":"2025-11-07T07:40:08+00:00","author":{"@id":"https:\/\/www.caudete.org\/ayuntamiento\/#\/schema\/person\/20dfe238fe5ee9d5f5e69267aa623e05"},"description":"P\u00e1gina Oficial del Ayuntamiento de Caudete (Albacete)","breadcrumb":{"@id":"https:\/\/www.caudete.org\/ayuntamiento\/inicio-de-los-trabajos-anuales-de-mantenimiento-de-caminos-rurales\/#breadcrumb"},"inLanguage":"es","potentialAction":[{"@type":"ReadAction","target":["https:\/\/www.caudete.org\/ayuntamiento\/inicio-de-los-trabajos-anuales-de-mantenimiento-de-caminos-rurales\/"]}]},{"@type":"ImageObject","inLanguage":"es","@id":"https:\/\/www.caudete.org\/ayuntamiento\/inicio-de-los-trabajos-anuales-de-mantenimiento-de-caminos-rurales\/#primaryimage","url":"https:\/\/www.caudete.org\/ayuntamiento\/wp-content\/uploads\/2025\/11\/db679ab0-16d9-495d-8490-069d85701ea2.jpg","contentUrl":"https:\/\/www.caudete.org\/ayuntamiento\/wp-content\/uploads\/2025\/11\/db679ab0-16d9-495d-8490-069d85701ea2.jpg","width":1600,"height":900},{"@type":"BreadcrumbList","@id":"https:\/\/www.caudete.org\/ayuntamiento\/inicio-de-los-trabajos-anuales-de-mantenimiento-de-caminos-rurales\/#breadcrumb","itemListElement":[{"@type":"ListItem","position":1,"name":"Inicio","item":"https:\/\/www.caudete.org\/ayuntamiento\/"},{"@type":"ListItem","position":2,"name":"Inicio de los trabajos anuales de mantenimiento de caminos rurales"}]},{"@type":"WebSite","@id":"https:\/\/www.caudete.org\/ayuntamiento\/#website","url":"https:\/\/www.caudete.org\/ayuntamiento\/","name":"MI Ayuntamiento de Caudete","description":"P\u00e1gina Oficial del MI Ayuntamiento de Caudete","potentialAction":[{"@type":"SearchAction","target":{"@type":"EntryPoint","urlTemplate":"https:\/\/www.caudete.org\/ayuntamiento\/?s={search_term_string}"},"query-input":{"@type":"PropertyValueSpecification","valueRequired":true,"valueName":"search_term_string"}}],"inLanguage":"es"},{"@type":"Person","@id":"https:\/\/www.caudete.org\/ayuntamiento\/#\/schema\/person\/20dfe238fe5ee9d5f5e69267aa623e05","name":"ConceMediosComunicacion","image":{"@type":"ImageObject","inLanguage":"es","@id":"https:\/\/secure.gravatar.com\/avatar\/9d162043ba1cd4ab14413e29fdb3655bfccde37e65ca99013604f8d2a19c636d?s=96&d=mm&r=g","url":"https:\/\/secure.gravatar.com\/avatar\/9d162043ba1cd4ab14413e29fdb3655bfccde37e65ca99013604f8d2a19c636d?s=96&d=mm&r=g","contentUrl":"https:\/\/secure.gravatar.com\/avatar\/9d162043ba1cd4ab14413e29fdb3655bfccde37e65ca99013604f8d2a19c636d?s=96&d=mm&r=g","caption":"ConceMediosComunicacion"},"url":"https:\/\/www.caudete.org\/ayuntamiento\/author\/concemedioscomunicacion\/"}]}},"_links":{"self":[{"href":"https:\/\/www.caudete.org\/ayuntamiento\/wp-json\/wp\/v2\/posts\/31506","targetHints":{"allow":["GET"]}}],"collection":[{"href":"https:\/\/www.caudete.org\/ayuntamiento\/wp-json\/wp\/v2\/posts"}],"about":[{"href":"https:\/\/www.caudete.org\/ayuntamiento\/wp-json\/wp\/v2\/types\/post"}],"author":[{"embeddable":true,"href":"https:\/\/www.caudete.org\/ayuntamiento\/wp-json\/wp\/v2\/users\/7"}],"replies":[{"embeddable":true,"href":"https:\/\/www.caudete.org\/ayuntamiento\/wp-json\/wp\/v2\/comments?post=31506"}],"version-history":[{"count":3,"href":"https:\/\/www.caudete.org\/ayuntamiento\/wp-json\/wp\/v2\/posts\/31506\/revisions"}],"predecessor-version":[{"id":31510,"href":"https:\/\/www.caudete.org\/ayuntamiento\/wp-json\/wp\/v2\/posts\/31506\/revisions\/31510"}],"wp:featuredmedia":[{"embeddable":true,"href":"https:\/\/www.caudete.org\/ayuntamiento\/wp-json\/wp\/v2\/media\/31508"}],"wp:attachment":[{"href":"https:\/\/www.caudete.org\/ayuntamiento\/wp-json\/wp\/v2\/media?parent=31506"}],"wp:term":[{"taxonomy":"category","embeddable":true,"href":"https:\/\/www.caudete.org\/ayuntamiento\/wp-json\/wp\/v2\/categories?post=31506"},{"taxonomy":"post_tag","embeddable":true,"href":"https:\/\/www.caudete.org\/ayuntamiento\/wp-json\/wp\/v2\/tags?post=31506"}],"curies":[{"name":"wp","href":"https:\/\/api.w.org\/{rel}","templated":true}]}}