{"id":31531,"date":"2025-11-11T08:50:17","date_gmt":"2025-11-11T07:50:17","guid":{"rendered":"https:\/\/www.caudete.org\/ayuntamiento\/?p=31531"},"modified":"2025-12-05T13:49:58","modified_gmt":"2025-12-05T12:49:58","slug":"el-pozo-de-los-vinales-o-de-las-munecas-ya-es-de-los-caudetanos","status":"publish","type":"post","link":"https:\/\/www.caudete.org\/ayuntamiento\/el-pozo-de-los-vinales-o-de-las-munecas-ya-es-de-los-caudetanos\/","title":{"rendered":"El pozo de \u201cLos Vi\u00f1ales&#8221; o de &#8220;Las Mu\u00f1ecas\u201d ya es de los caudetanos"},"content":{"rendered":"<p class=\"western\" style=\"text-align: justify;\"><span style=\"color: #000000;\"><span style=\"font-family: Arial, sans-serif;\"><span style=\"font-size: medium;\">El pasado jueves 30 de octubre a las 13:30h del medio d\u00eda, por fin, tras salvar multitud de obst\u00e1culos de todo tipo y casi un a\u00f1o despu\u00e9s de interrumpir el aforo, firm\u00e9 ante el notario de Caudete la compra del pozo denominado \u201cLos Vi\u00f1ales\u201d pero popularmente conocido como de &#8220;Las Mu\u00f1ecas\u201d por haber sido sus due\u00f1os los de la f\u00e1brica de las mu\u00f1ecas.<\/span><\/span><\/span><\/p>\n<p class=\"western\" style=\"text-align: justify;\"><span style=\"color: #000000;\"><span style=\"font-family: Arial, sans-serif;\"><span style=\"font-size: medium;\">En el acto de la firma de la escritura de venta, el Alcalde de Caudete les entreg\u00f3 dos cheques por un importe total de 120.000\u20ac (60.000\u20ac los pone la Diputaci\u00f3n de Albacete y, otros tantos el MI Ayuntamiento de Caudete). Al haber pactado el pago del pozo en dos plazos, en el primer semestre de 2026 se le har\u00e1 entrega de los 127.000\u20ac restantes (esta cantidad tambi\u00e9n la pagaremos a medias la Diputaci\u00f3n y el Ayuntamiento) hasta completar la cantidad de 247.000\u20ac que es el importe total sin IVA por el que se ha comprado el pozo.<\/span><\/span><\/span><\/p>\n<p class=\"western\" style=\"text-align: justify;\"><span style=\"color: #000000;\"><span style=\"font-family: Arial, sans-serif;\"><span style=\"font-size: medium;\">Quiero agradecer, desde estas l\u00edneas, a la Diputaci\u00f3n de Albacete, el haberse implicado tanto con este problema de los caudetanos, sin su ayuda, el esfuerzo a realizar, que ya es grande, todav\u00eda habr\u00eda sido mayor.<\/span><\/span><\/span><\/p>\n<p class=\"western\" style=\"text-align: justify;\"><span style=\"color: #000000;\"><span style=\"font-family: Arial, sans-serif;\"><span style=\"font-size: medium;\">Al ser ya nuestro dicho pozo, tenemos todas las v\u00edas abiertas para poder realizar su equipamiento, limpieza y terminar el aforo, para saber con mayor exactitud cual es la capacidad y rendimiento que va a tener, tambi\u00e9n podemos comenzar a realizar la conducci\u00f3n desde el pozo hasta el dep\u00f3sito grande, con lo que, en pocos meses, se podr\u00e1 comenzar a suministrar agua de este pozo a los caudetanos, para lo cual ya he dado instrucciones para que se comience la tramitaci\u00f3n de todos los expedientes que faciliten las actuaciones anteriormente citadas.<\/span><\/span><\/span><\/p>\n<p class=\"western\" style=\"text-align: justify;\"><span style=\"color: #000000;\"><span style=\"font-family: Arial, sans-serif;\"><span style=\"font-size: medium;\">Como de costumbre, conforme vayan sucediendo las cosas os ir\u00e9 informando.<\/span><\/span><\/span><\/p>\n<p class=\"western\" style=\"text-align: justify;\" align=\"center\"><span style=\"color: #000000;\"><span style=\"font-family: Arial, sans-serif;\"><span style=\"font-size: small;\"><i><b>Insisto como siempre. Para mejorar el servicio del agua necesitamos vuestra colaboraci\u00f3n, que cuando surja un problema, de cualquier \u00edndole, os pong\u00e1is en contacto con nosotros llamando al siguiente tel\u00e9fono: <\/b><\/i><\/span><\/span><\/span><span style=\"color: #000000;\"><span style=\"font-family: Arial, sans-serif;\"><span style=\"font-size: small;\"><b>96 582 58 69 y con la mayor brevedad posible se os atender\u00e1.<\/b><\/span><\/span><\/span><\/p>\n<p class=\"western\" style=\"text-align: center;\" align=\"center\"><span style=\"color: #72cfce;\"><span style=\"font-size: small;\"><i><u><b>\u00a1\u00a1En la concejal\u00eda del Ciclo Integral del Agua nos esforzamos en dar un buen servicio y gestionar bien tu dinero!!<\/b><\/u><\/i><\/span><\/span><\/p>\n<p class=\"western\" style=\"text-align: left;\" align=\"center\">Jos\u00e9 Miguel Moll\u00e1 Nieto<br \/>\nAlcalde del MI Ayuntamiento de Caudete<\/p>\n","protected":false},"excerpt":{"rendered":"<p>El pasado jueves 30 de octubre a las 13:30h del medio d\u00eda, por fin, tras salvar multitud de obst\u00e1culos de todo tipo y casi un a\u00f1o despu\u00e9s de interrumpir el aforo, firm\u00e9 ante el notario de Caudete la compra del pozo denominado \u201cLos Vi\u00f1ales\u201d pero popularmente conocido como de &#8220;Las Mu\u00f1ecas\u201d por haber sido sus &hellip;<\/p>\n","protected":false},"author":6,"featured_media":16555,"comment_status":"closed","ping_status":"open","sticky":false,"template":"","format":"standard","meta":{"ngg_post_thumbnail":0,"footnotes":""},"categories":[49],"tags":[],"class_list":["post-31531","post","type-post","status-publish","format-standard","has-post-thumbnail","hentry","category-ciclo-integral-del-agua"],"yoast_head":"<!-- This site is optimized with the Yoast SEO plugin v27.5 - https:\/\/yoast.com\/product\/yoast-seo-wordpress\/ -->\n<title>El pozo de \u201cLos Vi\u00f1ales&quot; o de &quot;Las Mu\u00f1ecas\u201d ya es de los caudetanos - MI Ayuntamiento de Caudete<\/title>\n<meta name=\"description\" content=\"P\u00e1gina Oficial del Ayuntamiento de Caudete (Albacete)\" \/>\n<meta name=\"robots\" content=\"index, follow, max-snippet:-1, max-image-preview:large, max-video-preview:-1\" \/>\n<link rel=\"canonical\" href=\"https:\/\/www.caudete.org\/ayuntamiento\/el-pozo-de-los-vinales-o-de-las-munecas-ya-es-de-los-caudetanos\/\" \/>\n<meta property=\"og:locale\" content=\"es_ES\" \/>\n<meta property=\"og:type\" content=\"article\" \/>\n<meta property=\"og:title\" content=\"El pozo de \u201cLos Vi\u00f1ales&quot; o de &quot;Las Mu\u00f1ecas\u201d ya es de los caudetanos - MI Ayuntamiento de Caudete\" \/>\n<meta property=\"og:description\" content=\"P\u00e1gina Oficial del Ayuntamiento de Caudete (Albacete)\" \/>\n<meta property=\"og:url\" content=\"https:\/\/www.caudete.org\/ayuntamiento\/el-pozo-de-los-vinales-o-de-las-munecas-ya-es-de-los-caudetanos\/\" \/>\n<meta property=\"og:site_name\" content=\"MI Ayuntamiento de Caudete\" \/>\n<meta property=\"article:publisher\" content=\"https:\/\/www.facebook.com\/ayuntamientocaudete\/\" \/>\n<meta property=\"article:published_time\" content=\"2025-11-11T07:50:17+00:00\" \/>\n<meta property=\"article:modified_time\" content=\"2025-12-05T12:49:58+00:00\" \/>\n<meta property=\"og:image\" content=\"https:\/\/www.caudete.org\/ayuntamiento\/wp-content\/uploads\/2021\/10\/agua.jpg\" \/>\n\t<meta property=\"og:image:width\" content=\"800\" \/>\n\t<meta property=\"og:image:height\" content=\"397\" \/>\n\t<meta property=\"og:image:type\" content=\"image\/jpeg\" \/>\n<meta name=\"author\" content=\"informatica2\" \/>\n<meta name=\"twitter:card\" content=\"summary_large_image\" \/>\n<meta name=\"twitter:label1\" content=\"Escrito por\" \/>\n\t<meta name=\"twitter:data1\" content=\"informatica2\" \/>\n\t<meta name=\"twitter:label2\" content=\"Tiempo de lectura\" \/>\n\t<meta name=\"twitter:data2\" content=\"2 minutos\" \/>\n<script type=\"application\/ld+json\" class=\"yoast-schema-graph\">{\"@context\":\"https:\\\/\\\/schema.org\",\"@graph\":[{\"@type\":\"Article\",\"@id\":\"https:\\\/\\\/www.caudete.org\\\/ayuntamiento\\\/el-pozo-de-los-vinales-o-de-las-munecas-ya-es-de-los-caudetanos\\\/#article\",\"isPartOf\":{\"@id\":\"https:\\\/\\\/www.caudete.org\\\/ayuntamiento\\\/el-pozo-de-los-vinales-o-de-las-munecas-ya-es-de-los-caudetanos\\\/\"},\"author\":{\"name\":\"informatica2\",\"@id\":\"https:\\\/\\\/www.caudete.org\\\/ayuntamiento\\\/#\\\/schema\\\/person\\\/abfa5ffd5010a14e078c21e6e61b6291\"},\"headline\":\"El pozo de \u201cLos Vi\u00f1ales&#8221; o de &#8220;Las Mu\u00f1ecas\u201d ya es de los caudetanos\",\"datePublished\":\"2025-11-11T07:50:17+00:00\",\"dateModified\":\"2025-12-05T12:49:58+00:00\",\"mainEntityOfPage\":{\"@id\":\"https:\\\/\\\/www.caudete.org\\\/ayuntamiento\\\/el-pozo-de-los-vinales-o-de-las-munecas-ya-es-de-los-caudetanos\\\/\"},\"wordCount\":401,\"image\":{\"@id\":\"https:\\\/\\\/www.caudete.org\\\/ayuntamiento\\\/el-pozo-de-los-vinales-o-de-las-munecas-ya-es-de-los-caudetanos\\\/#primaryimage\"},\"thumbnailUrl\":\"https:\\\/\\\/www.caudete.org\\\/ayuntamiento\\\/wp-content\\\/uploads\\\/2021\\\/10\\\/agua.jpg\",\"articleSection\":[\"Ciclo Integral del Agua\"],\"inLanguage\":\"es\"},{\"@type\":\"WebPage\",\"@id\":\"https:\\\/\\\/www.caudete.org\\\/ayuntamiento\\\/el-pozo-de-los-vinales-o-de-las-munecas-ya-es-de-los-caudetanos\\\/\",\"url\":\"https:\\\/\\\/www.caudete.org\\\/ayuntamiento\\\/el-pozo-de-los-vinales-o-de-las-munecas-ya-es-de-los-caudetanos\\\/\",\"name\":\"El pozo de \u201cLos Vi\u00f1ales\\\" o de \\\"Las Mu\u00f1ecas\u201d ya es de los caudetanos - MI Ayuntamiento de Caudete\",\"isPartOf\":{\"@id\":\"https:\\\/\\\/www.caudete.org\\\/ayuntamiento\\\/#website\"},\"primaryImageOfPage\":{\"@id\":\"https:\\\/\\\/www.caudete.org\\\/ayuntamiento\\\/el-pozo-de-los-vinales-o-de-las-munecas-ya-es-de-los-caudetanos\\\/#primaryimage\"},\"image\":{\"@id\":\"https:\\\/\\\/www.caudete.org\\\/ayuntamiento\\\/el-pozo-de-los-vinales-o-de-las-munecas-ya-es-de-los-caudetanos\\\/#primaryimage\"},\"thumbnailUrl\":\"https:\\\/\\\/www.caudete.org\\\/ayuntamiento\\\/wp-content\\\/uploads\\\/2021\\\/10\\\/agua.jpg\",\"datePublished\":\"2025-11-11T07:50:17+00:00\",\"dateModified\":\"2025-12-05T12:49:58+00:00\",\"author\":{\"@id\":\"https:\\\/\\\/www.caudete.org\\\/ayuntamiento\\\/#\\\/schema\\\/person\\\/abfa5ffd5010a14e078c21e6e61b6291\"},\"description\":\"P\u00e1gina Oficial del Ayuntamiento de Caudete (Albacete)\",\"breadcrumb\":{\"@id\":\"https:\\\/\\\/www.caudete.org\\\/ayuntamiento\\\/el-pozo-de-los-vinales-o-de-las-munecas-ya-es-de-los-caudetanos\\\/#breadcrumb\"},\"inLanguage\":\"es\",\"potentialAction\":[{\"@type\":\"ReadAction\",\"target\":[\"https:\\\/\\\/www.caudete.org\\\/ayuntamiento\\\/el-pozo-de-los-vinales-o-de-las-munecas-ya-es-de-los-caudetanos\\\/\"]}]},{\"@type\":\"ImageObject\",\"inLanguage\":\"es\",\"@id\":\"https:\\\/\\\/www.caudete.org\\\/ayuntamiento\\\/el-pozo-de-los-vinales-o-de-las-munecas-ya-es-de-los-caudetanos\\\/#primaryimage\",\"url\":\"https:\\\/\\\/www.caudete.org\\\/ayuntamiento\\\/wp-content\\\/uploads\\\/2021\\\/10\\\/agua.jpg\",\"contentUrl\":\"https:\\\/\\\/www.caudete.org\\\/ayuntamiento\\\/wp-content\\\/uploads\\\/2021\\\/10\\\/agua.jpg\",\"width\":800,\"height\":397,\"caption\":\"Corte agua\"},{\"@type\":\"BreadcrumbList\",\"@id\":\"https:\\\/\\\/www.caudete.org\\\/ayuntamiento\\\/el-pozo-de-los-vinales-o-de-las-munecas-ya-es-de-los-caudetanos\\\/#breadcrumb\",\"itemListElement\":[{\"@type\":\"ListItem\",\"position\":1,\"name\":\"Inicio\",\"item\":\"https:\\\/\\\/www.caudete.org\\\/ayuntamiento\\\/\"},{\"@type\":\"ListItem\",\"position\":2,\"name\":\"El pozo de \u201cLos Vi\u00f1ales&#8221; o de &#8220;Las Mu\u00f1ecas\u201d ya es de los caudetanos\"}]},{\"@type\":\"WebSite\",\"@id\":\"https:\\\/\\\/www.caudete.org\\\/ayuntamiento\\\/#website\",\"url\":\"https:\\\/\\\/www.caudete.org\\\/ayuntamiento\\\/\",\"name\":\"MI Ayuntamiento de Caudete\",\"description\":\"P\u00e1gina Oficial del MI Ayuntamiento de Caudete\",\"potentialAction\":[{\"@type\":\"SearchAction\",\"target\":{\"@type\":\"EntryPoint\",\"urlTemplate\":\"https:\\\/\\\/www.caudete.org\\\/ayuntamiento\\\/?s={search_term_string}\"},\"query-input\":{\"@type\":\"PropertyValueSpecification\",\"valueRequired\":true,\"valueName\":\"search_term_string\"}}],\"inLanguage\":\"es\"},{\"@type\":\"Person\",\"@id\":\"https:\\\/\\\/www.caudete.org\\\/ayuntamiento\\\/#\\\/schema\\\/person\\\/abfa5ffd5010a14e078c21e6e61b6291\",\"name\":\"informatica2\",\"image\":{\"@type\":\"ImageObject\",\"inLanguage\":\"es\",\"@id\":\"https:\\\/\\\/secure.gravatar.com\\\/avatar\\\/b089890ff033a3e4d03eec00ecb5a14425217205c513f60ec32ebeaaeb5fa700?s=96&d=mm&r=g\",\"url\":\"https:\\\/\\\/secure.gravatar.com\\\/avatar\\\/b089890ff033a3e4d03eec00ecb5a14425217205c513f60ec32ebeaaeb5fa700?s=96&d=mm&r=g\",\"contentUrl\":\"https:\\\/\\\/secure.gravatar.com\\\/avatar\\\/b089890ff033a3e4d03eec00ecb5a14425217205c513f60ec32ebeaaeb5fa700?s=96&d=mm&r=g\",\"caption\":\"informatica2\"},\"url\":\"https:\\\/\\\/www.caudete.org\\\/ayuntamiento\\\/author\\\/informatica2\\\/\"}]}<\/script>\n<!-- \/ Yoast SEO plugin. -->","yoast_head_json":{"title":"El pozo de \u201cLos Vi\u00f1ales\" o de \"Las Mu\u00f1ecas\u201d ya es de los caudetanos - MI Ayuntamiento de Caudete","description":"P\u00e1gina Oficial del Ayuntamiento de Caudete (Albacete)","robots":{"index":"index","follow":"follow","max-snippet":"max-snippet:-1","max-image-preview":"max-image-preview:large","max-video-preview":"max-video-preview:-1"},"canonical":"https:\/\/www.caudete.org\/ayuntamiento\/el-pozo-de-los-vinales-o-de-las-munecas-ya-es-de-los-caudetanos\/","og_locale":"es_ES","og_type":"article","og_title":"El pozo de \u201cLos Vi\u00f1ales\" o de \"Las Mu\u00f1ecas\u201d ya es de los caudetanos - MI Ayuntamiento de Caudete","og_description":"P\u00e1gina Oficial del Ayuntamiento de Caudete (Albacete)","og_url":"https:\/\/www.caudete.org\/ayuntamiento\/el-pozo-de-los-vinales-o-de-las-munecas-ya-es-de-los-caudetanos\/","og_site_name":"MI Ayuntamiento de Caudete","article_publisher":"https:\/\/www.facebook.com\/ayuntamientocaudete\/","article_published_time":"2025-11-11T07:50:17+00:00","article_modified_time":"2025-12-05T12:49:58+00:00","og_image":[{"width":800,"height":397,"url":"https:\/\/www.caudete.org\/ayuntamiento\/wp-content\/uploads\/2021\/10\/agua.jpg","type":"image\/jpeg"}],"author":"informatica2","twitter_card":"summary_large_image","twitter_misc":{"Escrito por":"informatica2","Tiempo de lectura":"2 minutos"},"schema":{"@context":"https:\/\/schema.org","@graph":[{"@type":"Article","@id":"https:\/\/www.caudete.org\/ayuntamiento\/el-pozo-de-los-vinales-o-de-las-munecas-ya-es-de-los-caudetanos\/#article","isPartOf":{"@id":"https:\/\/www.caudete.org\/ayuntamiento\/el-pozo-de-los-vinales-o-de-las-munecas-ya-es-de-los-caudetanos\/"},"author":{"name":"informatica2","@id":"https:\/\/www.caudete.org\/ayuntamiento\/#\/schema\/person\/abfa5ffd5010a14e078c21e6e61b6291"},"headline":"El pozo de \u201cLos Vi\u00f1ales&#8221; o de &#8220;Las Mu\u00f1ecas\u201d ya es de los caudetanos","datePublished":"2025-11-11T07:50:17+00:00","dateModified":"2025-12-05T12:49:58+00:00","mainEntityOfPage":{"@id":"https:\/\/www.caudete.org\/ayuntamiento\/el-pozo-de-los-vinales-o-de-las-munecas-ya-es-de-los-caudetanos\/"},"wordCount":401,"image":{"@id":"https:\/\/www.caudete.org\/ayuntamiento\/el-pozo-de-los-vinales-o-de-las-munecas-ya-es-de-los-caudetanos\/#primaryimage"},"thumbnailUrl":"https:\/\/www.caudete.org\/ayuntamiento\/wp-content\/uploads\/2021\/10\/agua.jpg","articleSection":["Ciclo Integral del Agua"],"inLanguage":"es"},{"@type":"WebPage","@id":"https:\/\/www.caudete.org\/ayuntamiento\/el-pozo-de-los-vinales-o-de-las-munecas-ya-es-de-los-caudetanos\/","url":"https:\/\/www.caudete.org\/ayuntamiento\/el-pozo-de-los-vinales-o-de-las-munecas-ya-es-de-los-caudetanos\/","name":"El pozo de \u201cLos Vi\u00f1ales\" o de \"Las Mu\u00f1ecas\u201d ya es de los caudetanos - MI Ayuntamiento de Caudete","isPartOf":{"@id":"https:\/\/www.caudete.org\/ayuntamiento\/#website"},"primaryImageOfPage":{"@id":"https:\/\/www.caudete.org\/ayuntamiento\/el-pozo-de-los-vinales-o-de-las-munecas-ya-es-de-los-caudetanos\/#primaryimage"},"image":{"@id":"https:\/\/www.caudete.org\/ayuntamiento\/el-pozo-de-los-vinales-o-de-las-munecas-ya-es-de-los-caudetanos\/#primaryimage"},"thumbnailUrl":"https:\/\/www.caudete.org\/ayuntamiento\/wp-content\/uploads\/2021\/10\/agua.jpg","datePublished":"2025-11-11T07:50:17+00:00","dateModified":"2025-12-05T12:49:58+00:00","author":{"@id":"https:\/\/www.caudete.org\/ayuntamiento\/#\/schema\/person\/abfa5ffd5010a14e078c21e6e61b6291"},"description":"P\u00e1gina Oficial del Ayuntamiento de Caudete (Albacete)","breadcrumb":{"@id":"https:\/\/www.caudete.org\/ayuntamiento\/el-pozo-de-los-vinales-o-de-las-munecas-ya-es-de-los-caudetanos\/#breadcrumb"},"inLanguage":"es","potentialAction":[{"@type":"ReadAction","target":["https:\/\/www.caudete.org\/ayuntamiento\/el-pozo-de-los-vinales-o-de-las-munecas-ya-es-de-los-caudetanos\/"]}]},{"@type":"ImageObject","inLanguage":"es","@id":"https:\/\/www.caudete.org\/ayuntamiento\/el-pozo-de-los-vinales-o-de-las-munecas-ya-es-de-los-caudetanos\/#primaryimage","url":"https:\/\/www.caudete.org\/ayuntamiento\/wp-content\/uploads\/2021\/10\/agua.jpg","contentUrl":"https:\/\/www.caudete.org\/ayuntamiento\/wp-content\/uploads\/2021\/10\/agua.jpg","width":800,"height":397,"caption":"Corte agua"},{"@type":"BreadcrumbList","@id":"https:\/\/www.caudete.org\/ayuntamiento\/el-pozo-de-los-vinales-o-de-las-munecas-ya-es-de-los-caudetanos\/#breadcrumb","itemListElement":[{"@type":"ListItem","position":1,"name":"Inicio","item":"https:\/\/www.caudete.org\/ayuntamiento\/"},{"@type":"ListItem","position":2,"name":"El pozo de \u201cLos Vi\u00f1ales&#8221; o de &#8220;Las Mu\u00f1ecas\u201d ya es de los caudetanos"}]},{"@type":"WebSite","@id":"https:\/\/www.caudete.org\/ayuntamiento\/#website","url":"https:\/\/www.caudete.org\/ayuntamiento\/","name":"MI Ayuntamiento de Caudete","description":"P\u00e1gina Oficial del MI Ayuntamiento de Caudete","potentialAction":[{"@type":"SearchAction","target":{"@type":"EntryPoint","urlTemplate":"https:\/\/www.caudete.org\/ayuntamiento\/?s={search_term_string}"},"query-input":{"@type":"PropertyValueSpecification","valueRequired":true,"valueName":"search_term_string"}}],"inLanguage":"es"},{"@type":"Person","@id":"https:\/\/www.caudete.org\/ayuntamiento\/#\/schema\/person\/abfa5ffd5010a14e078c21e6e61b6291","name":"informatica2","image":{"@type":"ImageObject","inLanguage":"es","@id":"https:\/\/secure.gravatar.com\/avatar\/b089890ff033a3e4d03eec00ecb5a14425217205c513f60ec32ebeaaeb5fa700?s=96&d=mm&r=g","url":"https:\/\/secure.gravatar.com\/avatar\/b089890ff033a3e4d03eec00ecb5a14425217205c513f60ec32ebeaaeb5fa700?s=96&d=mm&r=g","contentUrl":"https:\/\/secure.gravatar.com\/avatar\/b089890ff033a3e4d03eec00ecb5a14425217205c513f60ec32ebeaaeb5fa700?s=96&d=mm&r=g","caption":"informatica2"},"url":"https:\/\/www.caudete.org\/ayuntamiento\/author\/informatica2\/"}]}},"_links":{"self":[{"href":"https:\/\/www.caudete.org\/ayuntamiento\/wp-json\/wp\/v2\/posts\/31531","targetHints":{"allow":["GET"]}}],"collection":[{"href":"https:\/\/www.caudete.org\/ayuntamiento\/wp-json\/wp\/v2\/posts"}],"about":[{"href":"https:\/\/www.caudete.org\/ayuntamiento\/wp-json\/wp\/v2\/types\/post"}],"author":[{"embeddable":true,"href":"https:\/\/www.caudete.org\/ayuntamiento\/wp-json\/wp\/v2\/users\/6"}],"replies":[{"embeddable":true,"href":"https:\/\/www.caudete.org\/ayuntamiento\/wp-json\/wp\/v2\/comments?post=31531"}],"version-history":[{"count":9,"href":"https:\/\/www.caudete.org\/ayuntamiento\/wp-json\/wp\/v2\/posts\/31531\/revisions"}],"predecessor-version":[{"id":31540,"href":"https:\/\/www.caudete.org\/ayuntamiento\/wp-json\/wp\/v2\/posts\/31531\/revisions\/31540"}],"wp:featuredmedia":[{"embeddable":true,"href":"https:\/\/www.caudete.org\/ayuntamiento\/wp-json\/wp\/v2\/media\/16555"}],"wp:attachment":[{"href":"https:\/\/www.caudete.org\/ayuntamiento\/wp-json\/wp\/v2\/media?parent=31531"}],"wp:term":[{"taxonomy":"category","embeddable":true,"href":"https:\/\/www.caudete.org\/ayuntamiento\/wp-json\/wp\/v2\/categories?post=31531"},{"taxonomy":"post_tag","embeddable":true,"href":"https:\/\/www.caudete.org\/ayuntamiento\/wp-json\/wp\/v2\/tags?post=31531"}],"curies":[{"name":"wp","href":"https:\/\/api.w.org\/{rel}","templated":true}]}}