{"id":31545,"date":"2025-11-12T11:56:51","date_gmt":"2025-11-12T10:56:51","guid":{"rendered":"https:\/\/www.caudete.org\/ayuntamiento\/?p=31545"},"modified":"2025-11-17T08:50:08","modified_gmt":"2025-11-17T07:50:08","slug":"11-jornadas-de-teatro-de-frontera-el-proximo-fin-de-semana-14-y-15-de-noviembre-en-la-casa-de-cultura","status":"publish","type":"post","link":"https:\/\/www.caudete.org\/ayuntamiento\/11-jornadas-de-teatro-de-frontera-el-proximo-fin-de-semana-14-y-15-de-noviembre-en-la-casa-de-cultura\/","title":{"rendered":"11 Jornadas de Teatro de Frontera el pr\u00f3ximo fin de semana, 14 y 15 de noviembre en la Casa de Cultura"},"content":{"rendered":"<p style=\"text-align: justify;\">La Concejal de Cultura Manuela Gonz\u00e1lez Solera informa que el pr\u00f3ximo fin de semana,<strong> 14 y 15 de noviembre<\/strong>, tendr\u00e1n lugar en la Casa de Cultura de Caudete las <strong>11as Jornadas de Teatro de Frontera<\/strong>.<\/p>\n<p style=\"text-align: justify;\">En estas jornadas se pretende, tomando como punto de partida la vestimenta de los Episodios caudetanos y El Lucero de Caudete, disertar y debatir en torno a los rasgos espec\u00edficos de este tipo de teatro, con el objetivo de contribuir a un mejor conocimiento del teatro barroco festivo y religioso, en general, y de nuestra propia tradici\u00f3n dram\u00e1tica, distinguida por la Junta de Comunidades de Castilla &#8211; La Mancha con su reconocimiento como Bien de Inter\u00e9s Cultura, el primero de car\u00e1cter intangible en nuestra regi\u00f3n.<\/p>\n<p style=\"text-align: justify;\">El programa de estas Jornadas, organizadas por la Asociaci\u00f3n de Comparsas \u00abNtra. Sra. de Gracia\u00bb, con la colaboraci\u00f3n del Ayuntamiento de Caudete, se puede consultar a continuaci\u00f3n.<\/p>\n<p style=\"text-align: justify;\"><a href=\"https:\/\/morosycristianoscaudete.com\/11-jornadas-de-teatro-de-frontera\/\" target=\"_blank\" rel=\"nofollow\"><strong><span style=\"font-size: 18pt;\">PROGRAMA E INSCRIPCI\u00d3N<\/span><\/strong><\/a><\/p>\n<p style=\"text-align: justify;\"><span style=\"font-size: 14pt;\"><strong>VIERNES 14 DE NOVIEMBRE<\/strong><\/span><br \/>\n<span style=\"font-size: 14pt;\">En la Sede de la Asociaci\u00f3n de Comparsas<\/span><\/p>\n<p style=\"text-align: justify;\"><strong>19:00 h.<\/strong>\u00a0 Inauguraci\u00f3n de la exposici\u00f3n<\/p>\n<p style=\"text-align: justify;\">\u201cH\u00e1bito y ornamento de los Episodios caudetanos\u201d<\/p>\n<p style=\"text-align: justify;\"><span style=\"font-size: 14pt;\">En la Casa de Cultura<\/span><\/p>\n<p style=\"text-align: justify;\"><strong>19:45 h.<\/strong> \u00a0Conferencia<br \/>\nD. David Garc\u00eda (Hermandad del Santo Ni\u00f1o)<\/p>\n<p style=\"text-align: justify;\">\u201cMoros y cristianos de Valverde de J\u00facar. Historia de una tradici\u00f3n\u201d<\/p>\n<p style=\"text-align: justify;\"><strong>21:30 h.<\/strong>\u00a0 Representaci\u00f3n de la obra \u201c\u00d1aque, o de piojos y actores\u201d,\u00a0de Jos\u00e9 Sanch\u00eds Sinisterra,\u00a0a cargo de la compa\u00f1\u00eda Teatro Cachivaches<\/p>\n<p style=\"text-align: justify;\"><strong><span style=\"font-size: 14pt;\">S\u00c1BADO 15 DE NOVIEMBRE<\/span><\/strong><br \/>\n<span style=\"font-size: 14pt;\">En la Casa de Cultura<\/span><\/p>\n<p style=\"text-align: justify;\"><strong>9:00 h.<\/strong>\u00a0 Recepci\u00f3n y acreditaci\u00f3n<br \/>\n<strong>9:30 h.<\/strong>\u00a0 Apertura de las Jornadas<\/p>\n<p style=\"text-align: justify;\">Jos\u00e9 Joaqu\u00edn Caerols<br \/>\nDirector de las Jornadas de Teatro de Frontera<\/p>\n<p style=\"text-align: justify;\">Ambrosio S\u00e1nchez<br \/>\nPresidente de la Asociaci\u00f3n de Comparsas<\/p>\n<p style=\"text-align: justify;\">D\u00f1a. Mar\u00eda Manuela Gonz\u00e1lez<br \/>\nConcejala de Cultura del M.I. Ayuntamiento de Caudete<\/p>\n<p style=\"text-align: justify;\"><strong>10:00 h.\u00a0<\/strong>\u00a0 Conferencia<\/p>\n<p style=\"text-align: justify;\">Dra. B\u00e1rbara Rosillo (Universidad Internacional de Valencia)<\/p>\n<p style=\"text-align: justify;\">\u201cEsplendor y contenci\u00f3n: la moda del Siglo de Oro\u201d<\/p>\n<p style=\"text-align: justify;\"><strong>11:30 h.\u00a0<\/strong>\u00a0 Pausa<br \/>\n<strong>12:00 h.<\/strong>\u00a0\u00a0 Conferencia<\/p>\n<p style=\"text-align: justify;\">Dra. Mar\u00eda Luisa Lobato (Universidad de Burgos)<\/p>\n<p style=\"text-align: justify;\">\u201cVestuario y teatro en el Siglo de Oro espa\u00f1ol\u201d<\/p>\n<p style=\"text-align: justify;\"><span style=\"font-size: 14pt;\">En la sede de la Comparsa de Moros<\/span><\/p>\n<p style=\"text-align: justify;\"><strong>14:00 h.<\/strong>\u00a0\u00a0 Comida<br \/>\n<strong>15:45 h.<\/strong>\u00a0\u00a0 Caf\u00e9 con los Embajadores<\/p>\n<p style=\"text-align: justify;\"><span style=\"font-size: 14pt;\">En la Casa de Cultura<\/span><\/p>\n<p style=\"text-align: justify;\"><strong>17:00 h.\u00a0<\/strong>\u00a0 Conferencia<\/p>\n<p style=\"text-align: justify;\">Dr. Bernardo Jos\u00e9 Garc\u00eda (Universidad Complutense de Madrid)<\/p>\n<p style=\"text-align: justify;\">\u201cLa vestimenta teatral en El Lucero de Caudete y en los Episodios caudetanos\u201d<\/p>\n<p style=\"text-align: justify;\"><strong>19:00 h.<\/strong>\u00a0\u00a0 Entrega de insignias<br \/>\n<strong>19:30 h.<\/strong>\u00a0\u00a0 Clausura de las Jornadas<\/p>\n<p style=\"text-align: justify;\">D\u00f1a. Manuela Serrano (Secretaria de las Jornadas de Teatro de Frontera)<\/p>\n<p style=\"text-align: justify;\">Jos\u00e9 Miguel Moll\u00e1 (Alcalde del M.I. Ayuntamiento de Caudete)<\/p>\n<p style=\"text-align: justify;\"><strong>20:00 h.<\/strong>\u00a0\u00a0 Presentaci\u00f3n dramatizada de \u201cLos Dichos de Valverde\u201d,\u00a0a cargo de Rafael Buend\u00eda (General de Dichos Moro) y Rub\u00e9n Jes\u00fas Picazo (General de Dichos Cristiano)<\/p>\n<p style=\"text-align: justify;\"><span style=\"font-size: 14pt;\"><strong>INFORMACI\u00d3N E INSCRIPCI\u00d3N<\/strong><\/span><\/p>\n<p style=\"text-align: justify;\">Inscripci\u00f3n: Abierta y gratuita.<\/p>\n<p style=\"text-align: justify;\">Fecha l\u00edmite de inscripci\u00f3n hasta el d\u00eda 13 de noviembre, a las 14 horas.<\/p>\n<p style=\"text-align: justify;\"><strong>Forma de inscripci\u00f3n<\/strong><\/p>\n<p style=\"text-align: justify;\">A trav\u00e9s de la p\u00e1gina web\u00a0<a href=\"https:\/\/morosycristianoscaudete.com\/11-jornadas-de-teatro-de-frontera\/\" target=\"_blank\" rel=\"nofollow\">www.episodioscaudetanos.com<\/a>, rellenando el formulario de inscripci\u00f3n.<br \/>\nA trav\u00e9s\u00a0 del tel\u00e9fono 965 828 130 de la Casa de Cultura del Ayuntamiento de Caudete.<\/p>\n<p style=\"text-align: justify;\"><strong>(Opcional)<\/strong><br \/>\nAsistencia a la comida y forma de pago ingreso de 33 \u20ac\u00a0 en la cuenta bancaria<br \/>\nES63 3081\u00a0 0512\u00a0 9526\u00a0 9323\u00a0 1124 (Eurocajarural).<\/p>\n<p style=\"text-align: justify;\">En\u00a0 el \u201cConcepto\u201d se indicar\u00e1 el nombre de la persona que se inscribe.<\/p>\n<p style=\"text-align: justify;\"><strong>Certi\ufb01cado de asistencia.<\/strong><\/p>\n<p style=\"text-align: justify;\">Las personas que lo deseen pueden solicitar un certi\ufb01cado de asistencia.<\/p>\n<p style=\"text-align: justify;\"><span style=\"font-size: 14pt;\"><a href=\"https:\/\/morosycristianoscaudete.com\/11-jornadas-de-teatro-de-frontera\/\" target=\"_blank\" rel=\"nofollow\"><strong>INSCRIPCI\u00d3N A LAS JORNADAS<\/strong><\/a><\/span><\/p>\n<p style=\"text-align: justify;\">\n","protected":false},"excerpt":{"rendered":"<p>La Concejal de Cultura Manuela Gonz\u00e1lez Solera informa que el pr\u00f3ximo fin de semana, 14 y 15 de noviembre, tendr\u00e1n lugar en la Casa de Cultura de Caudete las 11as Jornadas de Teatro de Frontera. En estas jornadas se pretende, tomando como punto de partida la vestimenta de los Episodios caudetanos y El Lucero de &hellip;<\/p>\n","protected":false},"author":6,"featured_media":31549,"comment_status":"closed","ping_status":"open","sticky":false,"template":"","format":"standard","meta":{"ngg_post_thumbnail":0,"footnotes":""},"categories":[14],"tags":[],"class_list":["post-31545","post","type-post","status-publish","format-standard","has-post-thumbnail","hentry","category-cultura"],"yoast_head":"<!-- This site is optimized with the Yoast SEO plugin v27.5 - https:\/\/yoast.com\/product\/yoast-seo-wordpress\/ -->\n<title>11 Jornadas de Teatro de Frontera el pr\u00f3ximo fin de semana, 14 y 15 de noviembre en la Casa de Cultura - MI Ayuntamiento de Caudete<\/title>\n<meta name=\"description\" content=\"P\u00e1gina Oficial del Ayuntamiento de Caudete (Albacete)\" \/>\n<meta name=\"robots\" content=\"index, follow, max-snippet:-1, max-image-preview:large, max-video-preview:-1\" \/>\n<link rel=\"canonical\" href=\"https:\/\/www.caudete.org\/ayuntamiento\/11-jornadas-de-teatro-de-frontera-el-proximo-fin-de-semana-14-y-15-de-noviembre-en-la-casa-de-cultura\/\" \/>\n<meta property=\"og:locale\" content=\"es_ES\" \/>\n<meta property=\"og:type\" content=\"article\" \/>\n<meta property=\"og:title\" content=\"11 Jornadas de Teatro de Frontera el pr\u00f3ximo fin de semana, 14 y 15 de noviembre en la Casa de Cultura - MI Ayuntamiento de Caudete\" \/>\n<meta property=\"og:description\" content=\"P\u00e1gina Oficial del Ayuntamiento de Caudete (Albacete)\" \/>\n<meta property=\"og:url\" content=\"https:\/\/www.caudete.org\/ayuntamiento\/11-jornadas-de-teatro-de-frontera-el-proximo-fin-de-semana-14-y-15-de-noviembre-en-la-casa-de-cultura\/\" \/>\n<meta property=\"og:site_name\" content=\"MI Ayuntamiento de Caudete\" \/>\n<meta property=\"article:publisher\" content=\"https:\/\/www.facebook.com\/ayuntamientocaudete\/\" \/>\n<meta property=\"article:published_time\" content=\"2025-11-12T10:56:51+00:00\" \/>\n<meta property=\"article:modified_time\" content=\"2025-11-17T07:50:08+00:00\" \/>\n<meta property=\"og:image\" content=\"https:\/\/www.caudete.org\/ayuntamiento\/wp-content\/uploads\/2025\/11\/11-jornadas-teatro-de-frontera-caudete-digital.jpg\" \/>\n\t<meta property=\"og:image:width\" content=\"993\" \/>\n\t<meta property=\"og:image:height\" content=\"521\" \/>\n\t<meta property=\"og:image:type\" content=\"image\/jpeg\" \/>\n<meta name=\"author\" content=\"informatica2\" \/>\n<meta name=\"twitter:card\" content=\"summary_large_image\" \/>\n<meta name=\"twitter:label1\" content=\"Escrito por\" \/>\n\t<meta name=\"twitter:data1\" content=\"informatica2\" \/>\n\t<meta name=\"twitter:label2\" content=\"Tiempo de lectura\" \/>\n\t<meta name=\"twitter:data2\" content=\"3 minutos\" \/>\n<script type=\"application\/ld+json\" class=\"yoast-schema-graph\">{\"@context\":\"https:\\\/\\\/schema.org\",\"@graph\":[{\"@type\":\"Article\",\"@id\":\"https:\\\/\\\/www.caudete.org\\\/ayuntamiento\\\/11-jornadas-de-teatro-de-frontera-el-proximo-fin-de-semana-14-y-15-de-noviembre-en-la-casa-de-cultura\\\/#article\",\"isPartOf\":{\"@id\":\"https:\\\/\\\/www.caudete.org\\\/ayuntamiento\\\/11-jornadas-de-teatro-de-frontera-el-proximo-fin-de-semana-14-y-15-de-noviembre-en-la-casa-de-cultura\\\/\"},\"author\":{\"name\":\"informatica2\",\"@id\":\"https:\\\/\\\/www.caudete.org\\\/ayuntamiento\\\/#\\\/schema\\\/person\\\/abfa5ffd5010a14e078c21e6e61b6291\"},\"headline\":\"11 Jornadas de Teatro de Frontera el pr\u00f3ximo fin de semana, 14 y 15 de noviembre en la Casa de Cultura\",\"datePublished\":\"2025-11-12T10:56:51+00:00\",\"dateModified\":\"2025-11-17T07:50:08+00:00\",\"mainEntityOfPage\":{\"@id\":\"https:\\\/\\\/www.caudete.org\\\/ayuntamiento\\\/11-jornadas-de-teatro-de-frontera-el-proximo-fin-de-semana-14-y-15-de-noviembre-en-la-casa-de-cultura\\\/\"},\"wordCount\":577,\"image\":{\"@id\":\"https:\\\/\\\/www.caudete.org\\\/ayuntamiento\\\/11-jornadas-de-teatro-de-frontera-el-proximo-fin-de-semana-14-y-15-de-noviembre-en-la-casa-de-cultura\\\/#primaryimage\"},\"thumbnailUrl\":\"https:\\\/\\\/www.caudete.org\\\/ayuntamiento\\\/wp-content\\\/uploads\\\/2025\\\/11\\\/11-jornadas-teatro-de-frontera-caudete-digital.jpg\",\"articleSection\":[\"Cultura\"],\"inLanguage\":\"es\"},{\"@type\":\"WebPage\",\"@id\":\"https:\\\/\\\/www.caudete.org\\\/ayuntamiento\\\/11-jornadas-de-teatro-de-frontera-el-proximo-fin-de-semana-14-y-15-de-noviembre-en-la-casa-de-cultura\\\/\",\"url\":\"https:\\\/\\\/www.caudete.org\\\/ayuntamiento\\\/11-jornadas-de-teatro-de-frontera-el-proximo-fin-de-semana-14-y-15-de-noviembre-en-la-casa-de-cultura\\\/\",\"name\":\"11 Jornadas de Teatro de Frontera el pr\u00f3ximo fin de semana, 14 y 15 de noviembre en la Casa de Cultura - MI Ayuntamiento de Caudete\",\"isPartOf\":{\"@id\":\"https:\\\/\\\/www.caudete.org\\\/ayuntamiento\\\/#website\"},\"primaryImageOfPage\":{\"@id\":\"https:\\\/\\\/www.caudete.org\\\/ayuntamiento\\\/11-jornadas-de-teatro-de-frontera-el-proximo-fin-de-semana-14-y-15-de-noviembre-en-la-casa-de-cultura\\\/#primaryimage\"},\"image\":{\"@id\":\"https:\\\/\\\/www.caudete.org\\\/ayuntamiento\\\/11-jornadas-de-teatro-de-frontera-el-proximo-fin-de-semana-14-y-15-de-noviembre-en-la-casa-de-cultura\\\/#primaryimage\"},\"thumbnailUrl\":\"https:\\\/\\\/www.caudete.org\\\/ayuntamiento\\\/wp-content\\\/uploads\\\/2025\\\/11\\\/11-jornadas-teatro-de-frontera-caudete-digital.jpg\",\"datePublished\":\"2025-11-12T10:56:51+00:00\",\"dateModified\":\"2025-11-17T07:50:08+00:00\",\"author\":{\"@id\":\"https:\\\/\\\/www.caudete.org\\\/ayuntamiento\\\/#\\\/schema\\\/person\\\/abfa5ffd5010a14e078c21e6e61b6291\"},\"description\":\"P\u00e1gina Oficial del Ayuntamiento de Caudete (Albacete)\",\"breadcrumb\":{\"@id\":\"https:\\\/\\\/www.caudete.org\\\/ayuntamiento\\\/11-jornadas-de-teatro-de-frontera-el-proximo-fin-de-semana-14-y-15-de-noviembre-en-la-casa-de-cultura\\\/#breadcrumb\"},\"inLanguage\":\"es\",\"potentialAction\":[{\"@type\":\"ReadAction\",\"target\":[\"https:\\\/\\\/www.caudete.org\\\/ayuntamiento\\\/11-jornadas-de-teatro-de-frontera-el-proximo-fin-de-semana-14-y-15-de-noviembre-en-la-casa-de-cultura\\\/\"]}]},{\"@type\":\"ImageObject\",\"inLanguage\":\"es\",\"@id\":\"https:\\\/\\\/www.caudete.org\\\/ayuntamiento\\\/11-jornadas-de-teatro-de-frontera-el-proximo-fin-de-semana-14-y-15-de-noviembre-en-la-casa-de-cultura\\\/#primaryimage\",\"url\":\"https:\\\/\\\/www.caudete.org\\\/ayuntamiento\\\/wp-content\\\/uploads\\\/2025\\\/11\\\/11-jornadas-teatro-de-frontera-caudete-digital.jpg\",\"contentUrl\":\"https:\\\/\\\/www.caudete.org\\\/ayuntamiento\\\/wp-content\\\/uploads\\\/2025\\\/11\\\/11-jornadas-teatro-de-frontera-caudete-digital.jpg\",\"width\":993,\"height\":521},{\"@type\":\"BreadcrumbList\",\"@id\":\"https:\\\/\\\/www.caudete.org\\\/ayuntamiento\\\/11-jornadas-de-teatro-de-frontera-el-proximo-fin-de-semana-14-y-15-de-noviembre-en-la-casa-de-cultura\\\/#breadcrumb\",\"itemListElement\":[{\"@type\":\"ListItem\",\"position\":1,\"name\":\"Inicio\",\"item\":\"https:\\\/\\\/www.caudete.org\\\/ayuntamiento\\\/\"},{\"@type\":\"ListItem\",\"position\":2,\"name\":\"11 Jornadas de Teatro de Frontera el pr\u00f3ximo fin de semana, 14 y 15 de noviembre en la Casa de Cultura\"}]},{\"@type\":\"WebSite\",\"@id\":\"https:\\\/\\\/www.caudete.org\\\/ayuntamiento\\\/#website\",\"url\":\"https:\\\/\\\/www.caudete.org\\\/ayuntamiento\\\/\",\"name\":\"MI Ayuntamiento de Caudete\",\"description\":\"P\u00e1gina Oficial del MI Ayuntamiento de Caudete\",\"potentialAction\":[{\"@type\":\"SearchAction\",\"target\":{\"@type\":\"EntryPoint\",\"urlTemplate\":\"https:\\\/\\\/www.caudete.org\\\/ayuntamiento\\\/?s={search_term_string}\"},\"query-input\":{\"@type\":\"PropertyValueSpecification\",\"valueRequired\":true,\"valueName\":\"search_term_string\"}}],\"inLanguage\":\"es\"},{\"@type\":\"Person\",\"@id\":\"https:\\\/\\\/www.caudete.org\\\/ayuntamiento\\\/#\\\/schema\\\/person\\\/abfa5ffd5010a14e078c21e6e61b6291\",\"name\":\"informatica2\",\"image\":{\"@type\":\"ImageObject\",\"inLanguage\":\"es\",\"@id\":\"https:\\\/\\\/secure.gravatar.com\\\/avatar\\\/b089890ff033a3e4d03eec00ecb5a14425217205c513f60ec32ebeaaeb5fa700?s=96&d=mm&r=g\",\"url\":\"https:\\\/\\\/secure.gravatar.com\\\/avatar\\\/b089890ff033a3e4d03eec00ecb5a14425217205c513f60ec32ebeaaeb5fa700?s=96&d=mm&r=g\",\"contentUrl\":\"https:\\\/\\\/secure.gravatar.com\\\/avatar\\\/b089890ff033a3e4d03eec00ecb5a14425217205c513f60ec32ebeaaeb5fa700?s=96&d=mm&r=g\",\"caption\":\"informatica2\"},\"url\":\"https:\\\/\\\/www.caudete.org\\\/ayuntamiento\\\/author\\\/informatica2\\\/\"}]}<\/script>\n<!-- \/ Yoast SEO plugin. -->","yoast_head_json":{"title":"11 Jornadas de Teatro de Frontera el pr\u00f3ximo fin de semana, 14 y 15 de noviembre en la Casa de Cultura - MI Ayuntamiento de Caudete","description":"P\u00e1gina Oficial del Ayuntamiento de Caudete (Albacete)","robots":{"index":"index","follow":"follow","max-snippet":"max-snippet:-1","max-image-preview":"max-image-preview:large","max-video-preview":"max-video-preview:-1"},"canonical":"https:\/\/www.caudete.org\/ayuntamiento\/11-jornadas-de-teatro-de-frontera-el-proximo-fin-de-semana-14-y-15-de-noviembre-en-la-casa-de-cultura\/","og_locale":"es_ES","og_type":"article","og_title":"11 Jornadas de Teatro de Frontera el pr\u00f3ximo fin de semana, 14 y 15 de noviembre en la Casa de Cultura - MI Ayuntamiento de Caudete","og_description":"P\u00e1gina Oficial del Ayuntamiento de Caudete (Albacete)","og_url":"https:\/\/www.caudete.org\/ayuntamiento\/11-jornadas-de-teatro-de-frontera-el-proximo-fin-de-semana-14-y-15-de-noviembre-en-la-casa-de-cultura\/","og_site_name":"MI Ayuntamiento de Caudete","article_publisher":"https:\/\/www.facebook.com\/ayuntamientocaudete\/","article_published_time":"2025-11-12T10:56:51+00:00","article_modified_time":"2025-11-17T07:50:08+00:00","og_image":[{"width":993,"height":521,"url":"https:\/\/www.caudete.org\/ayuntamiento\/wp-content\/uploads\/2025\/11\/11-jornadas-teatro-de-frontera-caudete-digital.jpg","type":"image\/jpeg"}],"author":"informatica2","twitter_card":"summary_large_image","twitter_misc":{"Escrito por":"informatica2","Tiempo de lectura":"3 minutos"},"schema":{"@context":"https:\/\/schema.org","@graph":[{"@type":"Article","@id":"https:\/\/www.caudete.org\/ayuntamiento\/11-jornadas-de-teatro-de-frontera-el-proximo-fin-de-semana-14-y-15-de-noviembre-en-la-casa-de-cultura\/#article","isPartOf":{"@id":"https:\/\/www.caudete.org\/ayuntamiento\/11-jornadas-de-teatro-de-frontera-el-proximo-fin-de-semana-14-y-15-de-noviembre-en-la-casa-de-cultura\/"},"author":{"name":"informatica2","@id":"https:\/\/www.caudete.org\/ayuntamiento\/#\/schema\/person\/abfa5ffd5010a14e078c21e6e61b6291"},"headline":"11 Jornadas de Teatro de Frontera el pr\u00f3ximo fin de semana, 14 y 15 de noviembre en la Casa de Cultura","datePublished":"2025-11-12T10:56:51+00:00","dateModified":"2025-11-17T07:50:08+00:00","mainEntityOfPage":{"@id":"https:\/\/www.caudete.org\/ayuntamiento\/11-jornadas-de-teatro-de-frontera-el-proximo-fin-de-semana-14-y-15-de-noviembre-en-la-casa-de-cultura\/"},"wordCount":577,"image":{"@id":"https:\/\/www.caudete.org\/ayuntamiento\/11-jornadas-de-teatro-de-frontera-el-proximo-fin-de-semana-14-y-15-de-noviembre-en-la-casa-de-cultura\/#primaryimage"},"thumbnailUrl":"https:\/\/www.caudete.org\/ayuntamiento\/wp-content\/uploads\/2025\/11\/11-jornadas-teatro-de-frontera-caudete-digital.jpg","articleSection":["Cultura"],"inLanguage":"es"},{"@type":"WebPage","@id":"https:\/\/www.caudete.org\/ayuntamiento\/11-jornadas-de-teatro-de-frontera-el-proximo-fin-de-semana-14-y-15-de-noviembre-en-la-casa-de-cultura\/","url":"https:\/\/www.caudete.org\/ayuntamiento\/11-jornadas-de-teatro-de-frontera-el-proximo-fin-de-semana-14-y-15-de-noviembre-en-la-casa-de-cultura\/","name":"11 Jornadas de Teatro de Frontera el pr\u00f3ximo fin de semana, 14 y 15 de noviembre en la Casa de Cultura - MI Ayuntamiento de Caudete","isPartOf":{"@id":"https:\/\/www.caudete.org\/ayuntamiento\/#website"},"primaryImageOfPage":{"@id":"https:\/\/www.caudete.org\/ayuntamiento\/11-jornadas-de-teatro-de-frontera-el-proximo-fin-de-semana-14-y-15-de-noviembre-en-la-casa-de-cultura\/#primaryimage"},"image":{"@id":"https:\/\/www.caudete.org\/ayuntamiento\/11-jornadas-de-teatro-de-frontera-el-proximo-fin-de-semana-14-y-15-de-noviembre-en-la-casa-de-cultura\/#primaryimage"},"thumbnailUrl":"https:\/\/www.caudete.org\/ayuntamiento\/wp-content\/uploads\/2025\/11\/11-jornadas-teatro-de-frontera-caudete-digital.jpg","datePublished":"2025-11-12T10:56:51+00:00","dateModified":"2025-11-17T07:50:08+00:00","author":{"@id":"https:\/\/www.caudete.org\/ayuntamiento\/#\/schema\/person\/abfa5ffd5010a14e078c21e6e61b6291"},"description":"P\u00e1gina Oficial del Ayuntamiento de Caudete (Albacete)","breadcrumb":{"@id":"https:\/\/www.caudete.org\/ayuntamiento\/11-jornadas-de-teatro-de-frontera-el-proximo-fin-de-semana-14-y-15-de-noviembre-en-la-casa-de-cultura\/#breadcrumb"},"inLanguage":"es","potentialAction":[{"@type":"ReadAction","target":["https:\/\/www.caudete.org\/ayuntamiento\/11-jornadas-de-teatro-de-frontera-el-proximo-fin-de-semana-14-y-15-de-noviembre-en-la-casa-de-cultura\/"]}]},{"@type":"ImageObject","inLanguage":"es","@id":"https:\/\/www.caudete.org\/ayuntamiento\/11-jornadas-de-teatro-de-frontera-el-proximo-fin-de-semana-14-y-15-de-noviembre-en-la-casa-de-cultura\/#primaryimage","url":"https:\/\/www.caudete.org\/ayuntamiento\/wp-content\/uploads\/2025\/11\/11-jornadas-teatro-de-frontera-caudete-digital.jpg","contentUrl":"https:\/\/www.caudete.org\/ayuntamiento\/wp-content\/uploads\/2025\/11\/11-jornadas-teatro-de-frontera-caudete-digital.jpg","width":993,"height":521},{"@type":"BreadcrumbList","@id":"https:\/\/www.caudete.org\/ayuntamiento\/11-jornadas-de-teatro-de-frontera-el-proximo-fin-de-semana-14-y-15-de-noviembre-en-la-casa-de-cultura\/#breadcrumb","itemListElement":[{"@type":"ListItem","position":1,"name":"Inicio","item":"https:\/\/www.caudete.org\/ayuntamiento\/"},{"@type":"ListItem","position":2,"name":"11 Jornadas de Teatro de Frontera el pr\u00f3ximo fin de semana, 14 y 15 de noviembre en la Casa de Cultura"}]},{"@type":"WebSite","@id":"https:\/\/www.caudete.org\/ayuntamiento\/#website","url":"https:\/\/www.caudete.org\/ayuntamiento\/","name":"MI Ayuntamiento de Caudete","description":"P\u00e1gina Oficial del MI Ayuntamiento de Caudete","potentialAction":[{"@type":"SearchAction","target":{"@type":"EntryPoint","urlTemplate":"https:\/\/www.caudete.org\/ayuntamiento\/?s={search_term_string}"},"query-input":{"@type":"PropertyValueSpecification","valueRequired":true,"valueName":"search_term_string"}}],"inLanguage":"es"},{"@type":"Person","@id":"https:\/\/www.caudete.org\/ayuntamiento\/#\/schema\/person\/abfa5ffd5010a14e078c21e6e61b6291","name":"informatica2","image":{"@type":"ImageObject","inLanguage":"es","@id":"https:\/\/secure.gravatar.com\/avatar\/b089890ff033a3e4d03eec00ecb5a14425217205c513f60ec32ebeaaeb5fa700?s=96&d=mm&r=g","url":"https:\/\/secure.gravatar.com\/avatar\/b089890ff033a3e4d03eec00ecb5a14425217205c513f60ec32ebeaaeb5fa700?s=96&d=mm&r=g","contentUrl":"https:\/\/secure.gravatar.com\/avatar\/b089890ff033a3e4d03eec00ecb5a14425217205c513f60ec32ebeaaeb5fa700?s=96&d=mm&r=g","caption":"informatica2"},"url":"https:\/\/www.caudete.org\/ayuntamiento\/author\/informatica2\/"}]}},"_links":{"self":[{"href":"https:\/\/www.caudete.org\/ayuntamiento\/wp-json\/wp\/v2\/posts\/31545","targetHints":{"allow":["GET"]}}],"collection":[{"href":"https:\/\/www.caudete.org\/ayuntamiento\/wp-json\/wp\/v2\/posts"}],"about":[{"href":"https:\/\/www.caudete.org\/ayuntamiento\/wp-json\/wp\/v2\/types\/post"}],"author":[{"embeddable":true,"href":"https:\/\/www.caudete.org\/ayuntamiento\/wp-json\/wp\/v2\/users\/6"}],"replies":[{"embeddable":true,"href":"https:\/\/www.caudete.org\/ayuntamiento\/wp-json\/wp\/v2\/comments?post=31545"}],"version-history":[{"count":13,"href":"https:\/\/www.caudete.org\/ayuntamiento\/wp-json\/wp\/v2\/posts\/31545\/revisions"}],"predecessor-version":[{"id":31560,"href":"https:\/\/www.caudete.org\/ayuntamiento\/wp-json\/wp\/v2\/posts\/31545\/revisions\/31560"}],"wp:featuredmedia":[{"embeddable":true,"href":"https:\/\/www.caudete.org\/ayuntamiento\/wp-json\/wp\/v2\/media\/31549"}],"wp:attachment":[{"href":"https:\/\/www.caudete.org\/ayuntamiento\/wp-json\/wp\/v2\/media?parent=31545"}],"wp:term":[{"taxonomy":"category","embeddable":true,"href":"https:\/\/www.caudete.org\/ayuntamiento\/wp-json\/wp\/v2\/categories?post=31545"},{"taxonomy":"post_tag","embeddable":true,"href":"https:\/\/www.caudete.org\/ayuntamiento\/wp-json\/wp\/v2\/tags?post=31545"}],"curies":[{"name":"wp","href":"https:\/\/api.w.org\/{rel}","templated":true}]}}