{"id":31591,"date":"2025-11-14T11:33:49","date_gmt":"2025-11-14T10:33:49","guid":{"rendered":"https:\/\/www.caudete.org\/ayuntamiento\/?p=31591"},"modified":"2025-11-18T15:04:38","modified_gmt":"2025-11-18T14:04:38","slug":"inicio-de-los-trabajos-de-reparacion-de-la-via-de-servicio","status":"publish","type":"post","link":"https:\/\/www.caudete.org\/ayuntamiento\/inicio-de-los-trabajos-de-reparacion-de-la-via-de-servicio\/","title":{"rendered":"Inicio de los trabajos de reparaci\u00f3n de la v\u00eda de servicio de la autov\u00eda A-33"},"content":{"rendered":"<p>El Concejal\u00a0 de Medio Rural, <strong>Francisco Jos\u00e9 Castell\u00f3,<\/strong> informa a la ciudadan\u00eda\u00a0 de, que, tras a\u00f1os de espera\u00a0 ya han comenzado oficialmente los trabajos de reparaci\u00f3n integral de la v\u00eda de servicio.<\/p>\n<p>Durante a\u00f1os, esta infraestructura ha presentado un deterioro evidente, especialmente <strong>desde que se iniciaron las obras del tramo de la autov\u00eda A-33 a su paso por Caudete<\/strong>, momento en el que comenzaron a aparecer da\u00f1os que no fueron corregidos. Esta situaci\u00f3n ha afectado de manera continuada a los vecinos y ha dificultado la circulaci\u00f3n en una zona fundamental para el tr\u00e1nsito diario y la actividad agr\u00edcola.<\/p>\n<p>Desde la Concejal\u00eda de Medio Rural\u00a0se ha realizado un seguimiento constante de esta incidencia, trasladando reiteradamente la necesidad de intervenir a la administraci\u00f3n competente con el fin de obtener una soluci\u00f3n definitiva.<\/p>\n<p>Los trabajos que hoy se inician est\u00e1n siendo ejecutados por una empresa contratada por la <strong>Demarcaci\u00f3n de Carreteras del Estado<\/strong>, entidad responsable del mantenimiento y reparaci\u00f3n de esta v\u00eda. El Muy Ilustre Ayuntamiento de Caudete <strong>agradece su intervenci\u00f3n<\/strong>, que permitir\u00e1 resolver un problema que llevaba demasiado tiempo pendiente.<\/p>\n<p><strong>Francisco Jos\u00e9 Castell\u00f3 Castell\u00f3<\/strong><br \/>\n<strong>Concejal de Medio Rural \u2013 2\u00ba Teniente de Alcalde<br \/>\nMuy Ilustre Ayuntamiento de Caudete<br \/>\n<\/strong><\/p>\n","protected":false},"excerpt":{"rendered":"<p>El Concejal\u00a0 de Medio Rural, Francisco Jos\u00e9 Castell\u00f3, informa a la ciudadan\u00eda\u00a0 de, que, tras a\u00f1os de espera\u00a0 ya han comenzado oficialmente los trabajos de reparaci\u00f3n integral de la v\u00eda de servicio. Durante a\u00f1os, esta infraestructura ha presentado un deterioro evidente, especialmente desde que se iniciaron las obras del tramo de la autov\u00eda A-33 a &hellip;<\/p>\n","protected":false},"author":7,"featured_media":31596,"comment_status":"closed","ping_status":"open","sticky":false,"template":"","format":"standard","meta":{"ngg_post_thumbnail":0,"footnotes":""},"categories":[50],"tags":[],"class_list":["post-31591","post","type-post","status-publish","format-standard","has-post-thumbnail","hentry","category-medio-rural"],"yoast_head":"<!-- This site is optimized with the Yoast SEO plugin v27.5 - https:\/\/yoast.com\/product\/yoast-seo-wordpress\/ -->\n<title>Inicio de los trabajos de reparaci\u00f3n de la v\u00eda de servicio de la autov\u00eda A-33 - MI Ayuntamiento de Caudete<\/title>\n<meta name=\"description\" content=\"P\u00e1gina Oficial del Ayuntamiento de Caudete (Albacete)\" \/>\n<meta name=\"robots\" content=\"index, follow, max-snippet:-1, max-image-preview:large, max-video-preview:-1\" \/>\n<link rel=\"canonical\" href=\"https:\/\/www.caudete.org\/ayuntamiento\/inicio-de-los-trabajos-de-reparacion-de-la-via-de-servicio\/\" \/>\n<meta property=\"og:locale\" content=\"es_ES\" \/>\n<meta property=\"og:type\" content=\"article\" \/>\n<meta property=\"og:title\" content=\"Inicio de los trabajos de reparaci\u00f3n de la v\u00eda de servicio de la autov\u00eda A-33 - MI Ayuntamiento de Caudete\" \/>\n<meta property=\"og:description\" content=\"P\u00e1gina Oficial del Ayuntamiento de Caudete (Albacete)\" \/>\n<meta property=\"og:url\" content=\"https:\/\/www.caudete.org\/ayuntamiento\/inicio-de-los-trabajos-de-reparacion-de-la-via-de-servicio\/\" \/>\n<meta property=\"og:site_name\" content=\"MI Ayuntamiento de Caudete\" \/>\n<meta property=\"article:publisher\" content=\"https:\/\/www.facebook.com\/ayuntamientocaudete\/\" \/>\n<meta property=\"article:published_time\" content=\"2025-11-14T10:33:49+00:00\" \/>\n<meta property=\"article:modified_time\" content=\"2025-11-18T14:04:38+00:00\" \/>\n<meta property=\"og:image\" content=\"https:\/\/www.caudete.org\/ayuntamiento\/wp-content\/uploads\/2025\/11\/a06b6016-20a2-414a-a508-8ca843fd3e8b.jpg\" \/>\n\t<meta property=\"og:image:width\" content=\"1200\" \/>\n\t<meta property=\"og:image:height\" content=\"1600\" \/>\n\t<meta property=\"og:image:type\" content=\"image\/jpeg\" \/>\n<meta name=\"author\" content=\"ConceMediosComunicacion\" \/>\n<meta name=\"twitter:card\" content=\"summary_large_image\" \/>\n<meta name=\"twitter:label1\" content=\"Escrito por\" \/>\n\t<meta name=\"twitter:data1\" content=\"ConceMediosComunicacion\" \/>\n\t<meta name=\"twitter:label2\" content=\"Tiempo de lectura\" \/>\n\t<meta name=\"twitter:data2\" content=\"2 minutos\" \/>\n<script type=\"application\/ld+json\" class=\"yoast-schema-graph\">{\"@context\":\"https:\\\/\\\/schema.org\",\"@graph\":[{\"@type\":\"Article\",\"@id\":\"https:\\\/\\\/www.caudete.org\\\/ayuntamiento\\\/inicio-de-los-trabajos-de-reparacion-de-la-via-de-servicio\\\/#article\",\"isPartOf\":{\"@id\":\"https:\\\/\\\/www.caudete.org\\\/ayuntamiento\\\/inicio-de-los-trabajos-de-reparacion-de-la-via-de-servicio\\\/\"},\"author\":{\"name\":\"ConceMediosComunicacion\",\"@id\":\"https:\\\/\\\/www.caudete.org\\\/ayuntamiento\\\/#\\\/schema\\\/person\\\/20dfe238fe5ee9d5f5e69267aa623e05\"},\"headline\":\"Inicio de los trabajos de reparaci\u00f3n de la v\u00eda de servicio de la autov\u00eda A-33\",\"datePublished\":\"2025-11-14T10:33:49+00:00\",\"dateModified\":\"2025-11-18T14:04:38+00:00\",\"mainEntityOfPage\":{\"@id\":\"https:\\\/\\\/www.caudete.org\\\/ayuntamiento\\\/inicio-de-los-trabajos-de-reparacion-de-la-via-de-servicio\\\/\"},\"wordCount\":232,\"image\":{\"@id\":\"https:\\\/\\\/www.caudete.org\\\/ayuntamiento\\\/inicio-de-los-trabajos-de-reparacion-de-la-via-de-servicio\\\/#primaryimage\"},\"thumbnailUrl\":\"https:\\\/\\\/www.caudete.org\\\/ayuntamiento\\\/wp-content\\\/uploads\\\/2025\\\/11\\\/a06b6016-20a2-414a-a508-8ca843fd3e8b.jpg\",\"articleSection\":[\"Medio Rural\"],\"inLanguage\":\"es\"},{\"@type\":\"WebPage\",\"@id\":\"https:\\\/\\\/www.caudete.org\\\/ayuntamiento\\\/inicio-de-los-trabajos-de-reparacion-de-la-via-de-servicio\\\/\",\"url\":\"https:\\\/\\\/www.caudete.org\\\/ayuntamiento\\\/inicio-de-los-trabajos-de-reparacion-de-la-via-de-servicio\\\/\",\"name\":\"Inicio de los trabajos de reparaci\u00f3n de la v\u00eda de servicio de la autov\u00eda A-33 - MI Ayuntamiento de Caudete\",\"isPartOf\":{\"@id\":\"https:\\\/\\\/www.caudete.org\\\/ayuntamiento\\\/#website\"},\"primaryImageOfPage\":{\"@id\":\"https:\\\/\\\/www.caudete.org\\\/ayuntamiento\\\/inicio-de-los-trabajos-de-reparacion-de-la-via-de-servicio\\\/#primaryimage\"},\"image\":{\"@id\":\"https:\\\/\\\/www.caudete.org\\\/ayuntamiento\\\/inicio-de-los-trabajos-de-reparacion-de-la-via-de-servicio\\\/#primaryimage\"},\"thumbnailUrl\":\"https:\\\/\\\/www.caudete.org\\\/ayuntamiento\\\/wp-content\\\/uploads\\\/2025\\\/11\\\/a06b6016-20a2-414a-a508-8ca843fd3e8b.jpg\",\"datePublished\":\"2025-11-14T10:33:49+00:00\",\"dateModified\":\"2025-11-18T14:04:38+00:00\",\"author\":{\"@id\":\"https:\\\/\\\/www.caudete.org\\\/ayuntamiento\\\/#\\\/schema\\\/person\\\/20dfe238fe5ee9d5f5e69267aa623e05\"},\"description\":\"P\u00e1gina Oficial del Ayuntamiento de Caudete (Albacete)\",\"breadcrumb\":{\"@id\":\"https:\\\/\\\/www.caudete.org\\\/ayuntamiento\\\/inicio-de-los-trabajos-de-reparacion-de-la-via-de-servicio\\\/#breadcrumb\"},\"inLanguage\":\"es\",\"potentialAction\":[{\"@type\":\"ReadAction\",\"target\":[\"https:\\\/\\\/www.caudete.org\\\/ayuntamiento\\\/inicio-de-los-trabajos-de-reparacion-de-la-via-de-servicio\\\/\"]}]},{\"@type\":\"ImageObject\",\"inLanguage\":\"es\",\"@id\":\"https:\\\/\\\/www.caudete.org\\\/ayuntamiento\\\/inicio-de-los-trabajos-de-reparacion-de-la-via-de-servicio\\\/#primaryimage\",\"url\":\"https:\\\/\\\/www.caudete.org\\\/ayuntamiento\\\/wp-content\\\/uploads\\\/2025\\\/11\\\/a06b6016-20a2-414a-a508-8ca843fd3e8b.jpg\",\"contentUrl\":\"https:\\\/\\\/www.caudete.org\\\/ayuntamiento\\\/wp-content\\\/uploads\\\/2025\\\/11\\\/a06b6016-20a2-414a-a508-8ca843fd3e8b.jpg\",\"width\":1200,\"height\":1600},{\"@type\":\"BreadcrumbList\",\"@id\":\"https:\\\/\\\/www.caudete.org\\\/ayuntamiento\\\/inicio-de-los-trabajos-de-reparacion-de-la-via-de-servicio\\\/#breadcrumb\",\"itemListElement\":[{\"@type\":\"ListItem\",\"position\":1,\"name\":\"Inicio\",\"item\":\"https:\\\/\\\/www.caudete.org\\\/ayuntamiento\\\/\"},{\"@type\":\"ListItem\",\"position\":2,\"name\":\"Inicio de los trabajos de reparaci\u00f3n de la v\u00eda de servicio de la autov\u00eda A-33\"}]},{\"@type\":\"WebSite\",\"@id\":\"https:\\\/\\\/www.caudete.org\\\/ayuntamiento\\\/#website\",\"url\":\"https:\\\/\\\/www.caudete.org\\\/ayuntamiento\\\/\",\"name\":\"MI Ayuntamiento de Caudete\",\"description\":\"P\u00e1gina Oficial del MI Ayuntamiento de Caudete\",\"potentialAction\":[{\"@type\":\"SearchAction\",\"target\":{\"@type\":\"EntryPoint\",\"urlTemplate\":\"https:\\\/\\\/www.caudete.org\\\/ayuntamiento\\\/?s={search_term_string}\"},\"query-input\":{\"@type\":\"PropertyValueSpecification\",\"valueRequired\":true,\"valueName\":\"search_term_string\"}}],\"inLanguage\":\"es\"},{\"@type\":\"Person\",\"@id\":\"https:\\\/\\\/www.caudete.org\\\/ayuntamiento\\\/#\\\/schema\\\/person\\\/20dfe238fe5ee9d5f5e69267aa623e05\",\"name\":\"ConceMediosComunicacion\",\"image\":{\"@type\":\"ImageObject\",\"inLanguage\":\"es\",\"@id\":\"https:\\\/\\\/secure.gravatar.com\\\/avatar\\\/9d162043ba1cd4ab14413e29fdb3655bfccde37e65ca99013604f8d2a19c636d?s=96&d=mm&r=g\",\"url\":\"https:\\\/\\\/secure.gravatar.com\\\/avatar\\\/9d162043ba1cd4ab14413e29fdb3655bfccde37e65ca99013604f8d2a19c636d?s=96&d=mm&r=g\",\"contentUrl\":\"https:\\\/\\\/secure.gravatar.com\\\/avatar\\\/9d162043ba1cd4ab14413e29fdb3655bfccde37e65ca99013604f8d2a19c636d?s=96&d=mm&r=g\",\"caption\":\"ConceMediosComunicacion\"},\"url\":\"https:\\\/\\\/www.caudete.org\\\/ayuntamiento\\\/author\\\/concemedioscomunicacion\\\/\"}]}<\/script>\n<!-- \/ Yoast SEO plugin. -->","yoast_head_json":{"title":"Inicio de los trabajos de reparaci\u00f3n de la v\u00eda de servicio de la autov\u00eda A-33 - MI Ayuntamiento de Caudete","description":"P\u00e1gina Oficial del Ayuntamiento de Caudete (Albacete)","robots":{"index":"index","follow":"follow","max-snippet":"max-snippet:-1","max-image-preview":"max-image-preview:large","max-video-preview":"max-video-preview:-1"},"canonical":"https:\/\/www.caudete.org\/ayuntamiento\/inicio-de-los-trabajos-de-reparacion-de-la-via-de-servicio\/","og_locale":"es_ES","og_type":"article","og_title":"Inicio de los trabajos de reparaci\u00f3n de la v\u00eda de servicio de la autov\u00eda A-33 - MI Ayuntamiento de Caudete","og_description":"P\u00e1gina Oficial del Ayuntamiento de Caudete (Albacete)","og_url":"https:\/\/www.caudete.org\/ayuntamiento\/inicio-de-los-trabajos-de-reparacion-de-la-via-de-servicio\/","og_site_name":"MI Ayuntamiento de Caudete","article_publisher":"https:\/\/www.facebook.com\/ayuntamientocaudete\/","article_published_time":"2025-11-14T10:33:49+00:00","article_modified_time":"2025-11-18T14:04:38+00:00","og_image":[{"width":1200,"height":1600,"url":"https:\/\/www.caudete.org\/ayuntamiento\/wp-content\/uploads\/2025\/11\/a06b6016-20a2-414a-a508-8ca843fd3e8b.jpg","type":"image\/jpeg"}],"author":"ConceMediosComunicacion","twitter_card":"summary_large_image","twitter_misc":{"Escrito por":"ConceMediosComunicacion","Tiempo de lectura":"2 minutos"},"schema":{"@context":"https:\/\/schema.org","@graph":[{"@type":"Article","@id":"https:\/\/www.caudete.org\/ayuntamiento\/inicio-de-los-trabajos-de-reparacion-de-la-via-de-servicio\/#article","isPartOf":{"@id":"https:\/\/www.caudete.org\/ayuntamiento\/inicio-de-los-trabajos-de-reparacion-de-la-via-de-servicio\/"},"author":{"name":"ConceMediosComunicacion","@id":"https:\/\/www.caudete.org\/ayuntamiento\/#\/schema\/person\/20dfe238fe5ee9d5f5e69267aa623e05"},"headline":"Inicio de los trabajos de reparaci\u00f3n de la v\u00eda de servicio de la autov\u00eda A-33","datePublished":"2025-11-14T10:33:49+00:00","dateModified":"2025-11-18T14:04:38+00:00","mainEntityOfPage":{"@id":"https:\/\/www.caudete.org\/ayuntamiento\/inicio-de-los-trabajos-de-reparacion-de-la-via-de-servicio\/"},"wordCount":232,"image":{"@id":"https:\/\/www.caudete.org\/ayuntamiento\/inicio-de-los-trabajos-de-reparacion-de-la-via-de-servicio\/#primaryimage"},"thumbnailUrl":"https:\/\/www.caudete.org\/ayuntamiento\/wp-content\/uploads\/2025\/11\/a06b6016-20a2-414a-a508-8ca843fd3e8b.jpg","articleSection":["Medio Rural"],"inLanguage":"es"},{"@type":"WebPage","@id":"https:\/\/www.caudete.org\/ayuntamiento\/inicio-de-los-trabajos-de-reparacion-de-la-via-de-servicio\/","url":"https:\/\/www.caudete.org\/ayuntamiento\/inicio-de-los-trabajos-de-reparacion-de-la-via-de-servicio\/","name":"Inicio de los trabajos de reparaci\u00f3n de la v\u00eda de servicio de la autov\u00eda A-33 - MI Ayuntamiento de Caudete","isPartOf":{"@id":"https:\/\/www.caudete.org\/ayuntamiento\/#website"},"primaryImageOfPage":{"@id":"https:\/\/www.caudete.org\/ayuntamiento\/inicio-de-los-trabajos-de-reparacion-de-la-via-de-servicio\/#primaryimage"},"image":{"@id":"https:\/\/www.caudete.org\/ayuntamiento\/inicio-de-los-trabajos-de-reparacion-de-la-via-de-servicio\/#primaryimage"},"thumbnailUrl":"https:\/\/www.caudete.org\/ayuntamiento\/wp-content\/uploads\/2025\/11\/a06b6016-20a2-414a-a508-8ca843fd3e8b.jpg","datePublished":"2025-11-14T10:33:49+00:00","dateModified":"2025-11-18T14:04:38+00:00","author":{"@id":"https:\/\/www.caudete.org\/ayuntamiento\/#\/schema\/person\/20dfe238fe5ee9d5f5e69267aa623e05"},"description":"P\u00e1gina Oficial del Ayuntamiento de Caudete (Albacete)","breadcrumb":{"@id":"https:\/\/www.caudete.org\/ayuntamiento\/inicio-de-los-trabajos-de-reparacion-de-la-via-de-servicio\/#breadcrumb"},"inLanguage":"es","potentialAction":[{"@type":"ReadAction","target":["https:\/\/www.caudete.org\/ayuntamiento\/inicio-de-los-trabajos-de-reparacion-de-la-via-de-servicio\/"]}]},{"@type":"ImageObject","inLanguage":"es","@id":"https:\/\/www.caudete.org\/ayuntamiento\/inicio-de-los-trabajos-de-reparacion-de-la-via-de-servicio\/#primaryimage","url":"https:\/\/www.caudete.org\/ayuntamiento\/wp-content\/uploads\/2025\/11\/a06b6016-20a2-414a-a508-8ca843fd3e8b.jpg","contentUrl":"https:\/\/www.caudete.org\/ayuntamiento\/wp-content\/uploads\/2025\/11\/a06b6016-20a2-414a-a508-8ca843fd3e8b.jpg","width":1200,"height":1600},{"@type":"BreadcrumbList","@id":"https:\/\/www.caudete.org\/ayuntamiento\/inicio-de-los-trabajos-de-reparacion-de-la-via-de-servicio\/#breadcrumb","itemListElement":[{"@type":"ListItem","position":1,"name":"Inicio","item":"https:\/\/www.caudete.org\/ayuntamiento\/"},{"@type":"ListItem","position":2,"name":"Inicio de los trabajos de reparaci\u00f3n de la v\u00eda de servicio de la autov\u00eda A-33"}]},{"@type":"WebSite","@id":"https:\/\/www.caudete.org\/ayuntamiento\/#website","url":"https:\/\/www.caudete.org\/ayuntamiento\/","name":"MI Ayuntamiento de Caudete","description":"P\u00e1gina Oficial del MI Ayuntamiento de Caudete","potentialAction":[{"@type":"SearchAction","target":{"@type":"EntryPoint","urlTemplate":"https:\/\/www.caudete.org\/ayuntamiento\/?s={search_term_string}"},"query-input":{"@type":"PropertyValueSpecification","valueRequired":true,"valueName":"search_term_string"}}],"inLanguage":"es"},{"@type":"Person","@id":"https:\/\/www.caudete.org\/ayuntamiento\/#\/schema\/person\/20dfe238fe5ee9d5f5e69267aa623e05","name":"ConceMediosComunicacion","image":{"@type":"ImageObject","inLanguage":"es","@id":"https:\/\/secure.gravatar.com\/avatar\/9d162043ba1cd4ab14413e29fdb3655bfccde37e65ca99013604f8d2a19c636d?s=96&d=mm&r=g","url":"https:\/\/secure.gravatar.com\/avatar\/9d162043ba1cd4ab14413e29fdb3655bfccde37e65ca99013604f8d2a19c636d?s=96&d=mm&r=g","contentUrl":"https:\/\/secure.gravatar.com\/avatar\/9d162043ba1cd4ab14413e29fdb3655bfccde37e65ca99013604f8d2a19c636d?s=96&d=mm&r=g","caption":"ConceMediosComunicacion"},"url":"https:\/\/www.caudete.org\/ayuntamiento\/author\/concemedioscomunicacion\/"}]}},"_links":{"self":[{"href":"https:\/\/www.caudete.org\/ayuntamiento\/wp-json\/wp\/v2\/posts\/31591","targetHints":{"allow":["GET"]}}],"collection":[{"href":"https:\/\/www.caudete.org\/ayuntamiento\/wp-json\/wp\/v2\/posts"}],"about":[{"href":"https:\/\/www.caudete.org\/ayuntamiento\/wp-json\/wp\/v2\/types\/post"}],"author":[{"embeddable":true,"href":"https:\/\/www.caudete.org\/ayuntamiento\/wp-json\/wp\/v2\/users\/7"}],"replies":[{"embeddable":true,"href":"https:\/\/www.caudete.org\/ayuntamiento\/wp-json\/wp\/v2\/comments?post=31591"}],"version-history":[{"count":9,"href":"https:\/\/www.caudete.org\/ayuntamiento\/wp-json\/wp\/v2\/posts\/31591\/revisions"}],"predecessor-version":[{"id":31625,"href":"https:\/\/www.caudete.org\/ayuntamiento\/wp-json\/wp\/v2\/posts\/31591\/revisions\/31625"}],"wp:featuredmedia":[{"embeddable":true,"href":"https:\/\/www.caudete.org\/ayuntamiento\/wp-json\/wp\/v2\/media\/31596"}],"wp:attachment":[{"href":"https:\/\/www.caudete.org\/ayuntamiento\/wp-json\/wp\/v2\/media?parent=31591"}],"wp:term":[{"taxonomy":"category","embeddable":true,"href":"https:\/\/www.caudete.org\/ayuntamiento\/wp-json\/wp\/v2\/categories?post=31591"},{"taxonomy":"post_tag","embeddable":true,"href":"https:\/\/www.caudete.org\/ayuntamiento\/wp-json\/wp\/v2\/tags?post=31591"}],"curies":[{"name":"wp","href":"https:\/\/api.w.org\/{rel}","templated":true}]}}