{"id":31609,"date":"2025-11-24T00:00:44","date_gmt":"2025-11-23T23:00:44","guid":{"rendered":"https:\/\/www.caudete.org\/ayuntamiento\/?p=31609"},"modified":"2025-11-28T08:09:00","modified_gmt":"2025-11-28T07:09:00","slug":"presentacion-libro-corazon-com-partido-de-ana-sendra-de-la-ossa-caudete","status":"publish","type":"post","link":"https:\/\/www.caudete.org\/ayuntamiento\/presentacion-libro-corazon-com-partido-de-ana-sendra-de-la-ossa-caudete\/","title":{"rendered":"Presentaci\u00f3n del libro Coraz\u00f3n com-partido, de Ana Sendra de la Ossa en Caudete"},"content":{"rendered":"<p style=\"text-align: justify;\"><strong>La Concejal\u00eda de Cultura informa de la pr\u00f3xima actividad organizada desde la Biblioteca P\u00fablica Municipal Ana Mar\u00eda Matute. <\/strong><strong>Se trata de la <\/strong>presentaci\u00f3n del libro <em>Coraz\u00f3n com-partido<\/em>, de la pedagoga y formadora Ana Sendra de la Ossa.<\/p>\n<p style=\"text-align: justify;\">El acto se celebrar\u00e1 el jueves 27 de noviembre, <strong>a las 19:00 horas en el Museo de la Acuarela Rafael Requena<\/strong>, con entrada libre hasta completar aforo.<\/p>\n<p style=\"text-align: justify;\">Ana Sendra de la Ossa desempe\u00f1a su labor profesional desde 1991 en las Escuelas Infantiles Municipales de Almansa, formando parte del equipo directivo y del Programa de Atenci\u00f3n Pedag\u00f3gica. Con una s\u00f3lida trayectoria acompa\u00f1ando a educadoras y familias, destaca por su defensa de una mirada respetuosa, consciente y afectiva hacia la infancia. Es licenciada en Pedagog\u00eda por la Universidad de Murcia, especializada en Educaci\u00f3n Infantil y certificada en Disciplina Positiva en Primera Infancia y Familia.<\/p>\n<p style=\"text-align: justify;\">Su experiencia se refleja en las numerosas charlas y talleres que imparte sobre gesti\u00f3n emocional, autoconocimiento y crianza desde el respeto. A trav\u00e9s de su trabajo, propone comprender al ni\u00f1o como un ser que necesita conexi\u00f3n y pertenencia, reforzando la importancia del acompa\u00f1amiento emocional en todas las etapas de su desarrollo.<\/p>\n<p style=\"text-align: justify;\">En <em>Coraz\u00f3n com-partido<\/em>, la autora re\u00fane reflexiones profundas sobre la relaci\u00f3n entre madres, padres e hijos, abordando momentos tan significativos como el embarazo, el parto, la crianza y la adolescencia. Con un estilo cercano y emotivo, invita a familias y profesionales de la educaci\u00f3n a detenerse, escuchar sus emociones y avanzar hacia una educaci\u00f3n m\u00e1s consciente y comprometida.<\/p>\n<p style=\"text-align: justify;\">La presentaci\u00f3n ser\u00e1 una oportunidad para dialogar con la autora y descubrir nuevas perspectivas sobre las relaciones familiares y la educaci\u00f3n emocional.<\/p>\n<p style=\"text-align: justify;\">La actividad es <strong>abierta al p\u00fablico<\/strong> y especialmente recomendable para familias, docentes, educadores y personas interesadas en la crianza y el acompa\u00f1amiento respetuoso.<\/p>\n<p style=\"text-align: justify;\"><a href=\"https:\/\/www.caudete.org\/ayuntamiento\/wp-content\/uploads\/2025\/11\/cartel.jpg\" rel='prettyPhoto'><img fetchpriority=\"high\" decoding=\"async\" class=\"alignnone wp-image-31611 size-full\" src=\"https:\/\/www.caudete.org\/ayuntamiento\/wp-content\/uploads\/2025\/11\/cartel.jpg\" alt=\"\" width=\"1000\" height=\"1415\" srcset=\"https:\/\/www.caudete.org\/ayuntamiento\/wp-content\/uploads\/2025\/11\/cartel.jpg 1000w, https:\/\/www.caudete.org\/ayuntamiento\/wp-content\/uploads\/2025\/11\/cartel-565x800.jpg 565w, https:\/\/www.caudete.org\/ayuntamiento\/wp-content\/uploads\/2025\/11\/cartel-636x900.jpg 636w, https:\/\/www.caudete.org\/ayuntamiento\/wp-content\/uploads\/2025\/11\/cartel-155x220.jpg 155w, https:\/\/www.caudete.org\/ayuntamiento\/wp-content\/uploads\/2025\/11\/cartel-768x1087.jpg 768w\" sizes=\"(max-width: 1000px) 100vw, 1000px\" \/><\/a><\/p>\n","protected":false},"excerpt":{"rendered":"<p>La Concejal\u00eda de Cultura informa de la pr\u00f3xima actividad organizada desde la Biblioteca P\u00fablica Municipal Ana Mar\u00eda Matute. Se trata de la presentaci\u00f3n del libro Coraz\u00f3n com-partido, de la pedagoga y formadora Ana Sendra de la Ossa. El acto se celebrar\u00e1 el jueves 27 de noviembre, a las 19:00 horas en el Museo de la &hellip;<\/p>\n","protected":false},"author":6,"featured_media":31610,"comment_status":"closed","ping_status":"open","sticky":false,"template":"","format":"standard","meta":{"ngg_post_thumbnail":0,"footnotes":""},"categories":[14],"tags":[],"class_list":["post-31609","post","type-post","status-publish","format-standard","has-post-thumbnail","hentry","category-cultura"],"yoast_head":"<!-- This site is optimized with the Yoast SEO plugin v27.5 - https:\/\/yoast.com\/product\/yoast-seo-wordpress\/ -->\n<title>Presentaci\u00f3n del libro Coraz\u00f3n com-partido, de Ana Sendra de la Ossa en Caudete - MI Ayuntamiento de Caudete<\/title>\n<meta name=\"description\" content=\"P\u00e1gina Oficial del Ayuntamiento de Caudete (Albacete)\" \/>\n<meta name=\"robots\" content=\"index, follow, max-snippet:-1, max-image-preview:large, max-video-preview:-1\" \/>\n<link rel=\"canonical\" href=\"https:\/\/www.caudete.org\/ayuntamiento\/presentacion-libro-corazon-com-partido-de-ana-sendra-de-la-ossa-caudete\/\" \/>\n<meta property=\"og:locale\" content=\"es_ES\" \/>\n<meta property=\"og:type\" content=\"article\" \/>\n<meta property=\"og:title\" content=\"Presentaci\u00f3n del libro Coraz\u00f3n com-partido, de Ana Sendra de la Ossa en Caudete - MI Ayuntamiento de Caudete\" \/>\n<meta property=\"og:description\" content=\"P\u00e1gina Oficial del Ayuntamiento de Caudete (Albacete)\" \/>\n<meta property=\"og:url\" content=\"https:\/\/www.caudete.org\/ayuntamiento\/presentacion-libro-corazon-com-partido-de-ana-sendra-de-la-ossa-caudete\/\" \/>\n<meta property=\"og:site_name\" content=\"MI Ayuntamiento de Caudete\" \/>\n<meta property=\"article:publisher\" content=\"https:\/\/www.facebook.com\/ayuntamientocaudete\/\" \/>\n<meta property=\"article:published_time\" content=\"2025-11-23T23:00:44+00:00\" \/>\n<meta property=\"article:modified_time\" content=\"2025-11-28T07:09:00+00:00\" \/>\n<meta property=\"og:image\" content=\"https:\/\/www.caudete.org\/ayuntamiento\/wp-content\/uploads\/2025\/11\/cartel-port.jpg\" \/>\n\t<meta property=\"og:image:width\" content=\"864\" \/>\n\t<meta property=\"og:image:height\" content=\"380\" \/>\n\t<meta property=\"og:image:type\" content=\"image\/jpeg\" \/>\n<meta name=\"author\" content=\"informatica2\" \/>\n<meta name=\"twitter:card\" content=\"summary_large_image\" \/>\n<meta name=\"twitter:label1\" content=\"Escrito por\" \/>\n\t<meta name=\"twitter:data1\" content=\"informatica2\" \/>\n\t<meta name=\"twitter:label2\" content=\"Tiempo de lectura\" \/>\n\t<meta name=\"twitter:data2\" content=\"2 minutos\" \/>\n<script type=\"application\/ld+json\" class=\"yoast-schema-graph\">{\"@context\":\"https:\\\/\\\/schema.org\",\"@graph\":[{\"@type\":\"Article\",\"@id\":\"https:\\\/\\\/www.caudete.org\\\/ayuntamiento\\\/presentacion-libro-corazon-com-partido-de-ana-sendra-de-la-ossa-caudete\\\/#article\",\"isPartOf\":{\"@id\":\"https:\\\/\\\/www.caudete.org\\\/ayuntamiento\\\/presentacion-libro-corazon-com-partido-de-ana-sendra-de-la-ossa-caudete\\\/\"},\"author\":{\"name\":\"informatica2\",\"@id\":\"https:\\\/\\\/www.caudete.org\\\/ayuntamiento\\\/#\\\/schema\\\/person\\\/abfa5ffd5010a14e078c21e6e61b6291\"},\"headline\":\"Presentaci\u00f3n del libro Coraz\u00f3n com-partido, de Ana Sendra de la Ossa en Caudete\",\"datePublished\":\"2025-11-23T23:00:44+00:00\",\"dateModified\":\"2025-11-28T07:09:00+00:00\",\"mainEntityOfPage\":{\"@id\":\"https:\\\/\\\/www.caudete.org\\\/ayuntamiento\\\/presentacion-libro-corazon-com-partido-de-ana-sendra-de-la-ossa-caudete\\\/\"},\"wordCount\":333,\"image\":{\"@id\":\"https:\\\/\\\/www.caudete.org\\\/ayuntamiento\\\/presentacion-libro-corazon-com-partido-de-ana-sendra-de-la-ossa-caudete\\\/#primaryimage\"},\"thumbnailUrl\":\"https:\\\/\\\/www.caudete.org\\\/ayuntamiento\\\/wp-content\\\/uploads\\\/2025\\\/11\\\/cartel-port.jpg\",\"articleSection\":[\"Cultura\"],\"inLanguage\":\"es\"},{\"@type\":\"WebPage\",\"@id\":\"https:\\\/\\\/www.caudete.org\\\/ayuntamiento\\\/presentacion-libro-corazon-com-partido-de-ana-sendra-de-la-ossa-caudete\\\/\",\"url\":\"https:\\\/\\\/www.caudete.org\\\/ayuntamiento\\\/presentacion-libro-corazon-com-partido-de-ana-sendra-de-la-ossa-caudete\\\/\",\"name\":\"Presentaci\u00f3n del libro Coraz\u00f3n com-partido, de Ana Sendra de la Ossa en Caudete - MI Ayuntamiento de Caudete\",\"isPartOf\":{\"@id\":\"https:\\\/\\\/www.caudete.org\\\/ayuntamiento\\\/#website\"},\"primaryImageOfPage\":{\"@id\":\"https:\\\/\\\/www.caudete.org\\\/ayuntamiento\\\/presentacion-libro-corazon-com-partido-de-ana-sendra-de-la-ossa-caudete\\\/#primaryimage\"},\"image\":{\"@id\":\"https:\\\/\\\/www.caudete.org\\\/ayuntamiento\\\/presentacion-libro-corazon-com-partido-de-ana-sendra-de-la-ossa-caudete\\\/#primaryimage\"},\"thumbnailUrl\":\"https:\\\/\\\/www.caudete.org\\\/ayuntamiento\\\/wp-content\\\/uploads\\\/2025\\\/11\\\/cartel-port.jpg\",\"datePublished\":\"2025-11-23T23:00:44+00:00\",\"dateModified\":\"2025-11-28T07:09:00+00:00\",\"author\":{\"@id\":\"https:\\\/\\\/www.caudete.org\\\/ayuntamiento\\\/#\\\/schema\\\/person\\\/abfa5ffd5010a14e078c21e6e61b6291\"},\"description\":\"P\u00e1gina Oficial del Ayuntamiento de Caudete (Albacete)\",\"breadcrumb\":{\"@id\":\"https:\\\/\\\/www.caudete.org\\\/ayuntamiento\\\/presentacion-libro-corazon-com-partido-de-ana-sendra-de-la-ossa-caudete\\\/#breadcrumb\"},\"inLanguage\":\"es\",\"potentialAction\":[{\"@type\":\"ReadAction\",\"target\":[\"https:\\\/\\\/www.caudete.org\\\/ayuntamiento\\\/presentacion-libro-corazon-com-partido-de-ana-sendra-de-la-ossa-caudete\\\/\"]}]},{\"@type\":\"ImageObject\",\"inLanguage\":\"es\",\"@id\":\"https:\\\/\\\/www.caudete.org\\\/ayuntamiento\\\/presentacion-libro-corazon-com-partido-de-ana-sendra-de-la-ossa-caudete\\\/#primaryimage\",\"url\":\"https:\\\/\\\/www.caudete.org\\\/ayuntamiento\\\/wp-content\\\/uploads\\\/2025\\\/11\\\/cartel-port.jpg\",\"contentUrl\":\"https:\\\/\\\/www.caudete.org\\\/ayuntamiento\\\/wp-content\\\/uploads\\\/2025\\\/11\\\/cartel-port.jpg\",\"width\":864,\"height\":380},{\"@type\":\"BreadcrumbList\",\"@id\":\"https:\\\/\\\/www.caudete.org\\\/ayuntamiento\\\/presentacion-libro-corazon-com-partido-de-ana-sendra-de-la-ossa-caudete\\\/#breadcrumb\",\"itemListElement\":[{\"@type\":\"ListItem\",\"position\":1,\"name\":\"Inicio\",\"item\":\"https:\\\/\\\/www.caudete.org\\\/ayuntamiento\\\/\"},{\"@type\":\"ListItem\",\"position\":2,\"name\":\"Presentaci\u00f3n del libro Coraz\u00f3n com-partido, de Ana Sendra de la Ossa en Caudete\"}]},{\"@type\":\"WebSite\",\"@id\":\"https:\\\/\\\/www.caudete.org\\\/ayuntamiento\\\/#website\",\"url\":\"https:\\\/\\\/www.caudete.org\\\/ayuntamiento\\\/\",\"name\":\"MI Ayuntamiento de Caudete\",\"description\":\"P\u00e1gina Oficial del MI Ayuntamiento de Caudete\",\"potentialAction\":[{\"@type\":\"SearchAction\",\"target\":{\"@type\":\"EntryPoint\",\"urlTemplate\":\"https:\\\/\\\/www.caudete.org\\\/ayuntamiento\\\/?s={search_term_string}\"},\"query-input\":{\"@type\":\"PropertyValueSpecification\",\"valueRequired\":true,\"valueName\":\"search_term_string\"}}],\"inLanguage\":\"es\"},{\"@type\":\"Person\",\"@id\":\"https:\\\/\\\/www.caudete.org\\\/ayuntamiento\\\/#\\\/schema\\\/person\\\/abfa5ffd5010a14e078c21e6e61b6291\",\"name\":\"informatica2\",\"image\":{\"@type\":\"ImageObject\",\"inLanguage\":\"es\",\"@id\":\"https:\\\/\\\/secure.gravatar.com\\\/avatar\\\/b089890ff033a3e4d03eec00ecb5a14425217205c513f60ec32ebeaaeb5fa700?s=96&d=mm&r=g\",\"url\":\"https:\\\/\\\/secure.gravatar.com\\\/avatar\\\/b089890ff033a3e4d03eec00ecb5a14425217205c513f60ec32ebeaaeb5fa700?s=96&d=mm&r=g\",\"contentUrl\":\"https:\\\/\\\/secure.gravatar.com\\\/avatar\\\/b089890ff033a3e4d03eec00ecb5a14425217205c513f60ec32ebeaaeb5fa700?s=96&d=mm&r=g\",\"caption\":\"informatica2\"},\"url\":\"https:\\\/\\\/www.caudete.org\\\/ayuntamiento\\\/author\\\/informatica2\\\/\"}]}<\/script>\n<!-- \/ Yoast SEO plugin. -->","yoast_head_json":{"title":"Presentaci\u00f3n del libro Coraz\u00f3n com-partido, de Ana Sendra de la Ossa en Caudete - MI Ayuntamiento de Caudete","description":"P\u00e1gina Oficial del Ayuntamiento de Caudete (Albacete)","robots":{"index":"index","follow":"follow","max-snippet":"max-snippet:-1","max-image-preview":"max-image-preview:large","max-video-preview":"max-video-preview:-1"},"canonical":"https:\/\/www.caudete.org\/ayuntamiento\/presentacion-libro-corazon-com-partido-de-ana-sendra-de-la-ossa-caudete\/","og_locale":"es_ES","og_type":"article","og_title":"Presentaci\u00f3n del libro Coraz\u00f3n com-partido, de Ana Sendra de la Ossa en Caudete - MI Ayuntamiento de Caudete","og_description":"P\u00e1gina Oficial del Ayuntamiento de Caudete (Albacete)","og_url":"https:\/\/www.caudete.org\/ayuntamiento\/presentacion-libro-corazon-com-partido-de-ana-sendra-de-la-ossa-caudete\/","og_site_name":"MI Ayuntamiento de Caudete","article_publisher":"https:\/\/www.facebook.com\/ayuntamientocaudete\/","article_published_time":"2025-11-23T23:00:44+00:00","article_modified_time":"2025-11-28T07:09:00+00:00","og_image":[{"width":864,"height":380,"url":"https:\/\/www.caudete.org\/ayuntamiento\/wp-content\/uploads\/2025\/11\/cartel-port.jpg","type":"image\/jpeg"}],"author":"informatica2","twitter_card":"summary_large_image","twitter_misc":{"Escrito por":"informatica2","Tiempo de lectura":"2 minutos"},"schema":{"@context":"https:\/\/schema.org","@graph":[{"@type":"Article","@id":"https:\/\/www.caudete.org\/ayuntamiento\/presentacion-libro-corazon-com-partido-de-ana-sendra-de-la-ossa-caudete\/#article","isPartOf":{"@id":"https:\/\/www.caudete.org\/ayuntamiento\/presentacion-libro-corazon-com-partido-de-ana-sendra-de-la-ossa-caudete\/"},"author":{"name":"informatica2","@id":"https:\/\/www.caudete.org\/ayuntamiento\/#\/schema\/person\/abfa5ffd5010a14e078c21e6e61b6291"},"headline":"Presentaci\u00f3n del libro Coraz\u00f3n com-partido, de Ana Sendra de la Ossa en Caudete","datePublished":"2025-11-23T23:00:44+00:00","dateModified":"2025-11-28T07:09:00+00:00","mainEntityOfPage":{"@id":"https:\/\/www.caudete.org\/ayuntamiento\/presentacion-libro-corazon-com-partido-de-ana-sendra-de-la-ossa-caudete\/"},"wordCount":333,"image":{"@id":"https:\/\/www.caudete.org\/ayuntamiento\/presentacion-libro-corazon-com-partido-de-ana-sendra-de-la-ossa-caudete\/#primaryimage"},"thumbnailUrl":"https:\/\/www.caudete.org\/ayuntamiento\/wp-content\/uploads\/2025\/11\/cartel-port.jpg","articleSection":["Cultura"],"inLanguage":"es"},{"@type":"WebPage","@id":"https:\/\/www.caudete.org\/ayuntamiento\/presentacion-libro-corazon-com-partido-de-ana-sendra-de-la-ossa-caudete\/","url":"https:\/\/www.caudete.org\/ayuntamiento\/presentacion-libro-corazon-com-partido-de-ana-sendra-de-la-ossa-caudete\/","name":"Presentaci\u00f3n del libro Coraz\u00f3n com-partido, de Ana Sendra de la Ossa en Caudete - MI Ayuntamiento de Caudete","isPartOf":{"@id":"https:\/\/www.caudete.org\/ayuntamiento\/#website"},"primaryImageOfPage":{"@id":"https:\/\/www.caudete.org\/ayuntamiento\/presentacion-libro-corazon-com-partido-de-ana-sendra-de-la-ossa-caudete\/#primaryimage"},"image":{"@id":"https:\/\/www.caudete.org\/ayuntamiento\/presentacion-libro-corazon-com-partido-de-ana-sendra-de-la-ossa-caudete\/#primaryimage"},"thumbnailUrl":"https:\/\/www.caudete.org\/ayuntamiento\/wp-content\/uploads\/2025\/11\/cartel-port.jpg","datePublished":"2025-11-23T23:00:44+00:00","dateModified":"2025-11-28T07:09:00+00:00","author":{"@id":"https:\/\/www.caudete.org\/ayuntamiento\/#\/schema\/person\/abfa5ffd5010a14e078c21e6e61b6291"},"description":"P\u00e1gina Oficial del Ayuntamiento de Caudete (Albacete)","breadcrumb":{"@id":"https:\/\/www.caudete.org\/ayuntamiento\/presentacion-libro-corazon-com-partido-de-ana-sendra-de-la-ossa-caudete\/#breadcrumb"},"inLanguage":"es","potentialAction":[{"@type":"ReadAction","target":["https:\/\/www.caudete.org\/ayuntamiento\/presentacion-libro-corazon-com-partido-de-ana-sendra-de-la-ossa-caudete\/"]}]},{"@type":"ImageObject","inLanguage":"es","@id":"https:\/\/www.caudete.org\/ayuntamiento\/presentacion-libro-corazon-com-partido-de-ana-sendra-de-la-ossa-caudete\/#primaryimage","url":"https:\/\/www.caudete.org\/ayuntamiento\/wp-content\/uploads\/2025\/11\/cartel-port.jpg","contentUrl":"https:\/\/www.caudete.org\/ayuntamiento\/wp-content\/uploads\/2025\/11\/cartel-port.jpg","width":864,"height":380},{"@type":"BreadcrumbList","@id":"https:\/\/www.caudete.org\/ayuntamiento\/presentacion-libro-corazon-com-partido-de-ana-sendra-de-la-ossa-caudete\/#breadcrumb","itemListElement":[{"@type":"ListItem","position":1,"name":"Inicio","item":"https:\/\/www.caudete.org\/ayuntamiento\/"},{"@type":"ListItem","position":2,"name":"Presentaci\u00f3n del libro Coraz\u00f3n com-partido, de Ana Sendra de la Ossa en Caudete"}]},{"@type":"WebSite","@id":"https:\/\/www.caudete.org\/ayuntamiento\/#website","url":"https:\/\/www.caudete.org\/ayuntamiento\/","name":"MI Ayuntamiento de Caudete","description":"P\u00e1gina Oficial del MI Ayuntamiento de Caudete","potentialAction":[{"@type":"SearchAction","target":{"@type":"EntryPoint","urlTemplate":"https:\/\/www.caudete.org\/ayuntamiento\/?s={search_term_string}"},"query-input":{"@type":"PropertyValueSpecification","valueRequired":true,"valueName":"search_term_string"}}],"inLanguage":"es"},{"@type":"Person","@id":"https:\/\/www.caudete.org\/ayuntamiento\/#\/schema\/person\/abfa5ffd5010a14e078c21e6e61b6291","name":"informatica2","image":{"@type":"ImageObject","inLanguage":"es","@id":"https:\/\/secure.gravatar.com\/avatar\/b089890ff033a3e4d03eec00ecb5a14425217205c513f60ec32ebeaaeb5fa700?s=96&d=mm&r=g","url":"https:\/\/secure.gravatar.com\/avatar\/b089890ff033a3e4d03eec00ecb5a14425217205c513f60ec32ebeaaeb5fa700?s=96&d=mm&r=g","contentUrl":"https:\/\/secure.gravatar.com\/avatar\/b089890ff033a3e4d03eec00ecb5a14425217205c513f60ec32ebeaaeb5fa700?s=96&d=mm&r=g","caption":"informatica2"},"url":"https:\/\/www.caudete.org\/ayuntamiento\/author\/informatica2\/"}]}},"_links":{"self":[{"href":"https:\/\/www.caudete.org\/ayuntamiento\/wp-json\/wp\/v2\/posts\/31609","targetHints":{"allow":["GET"]}}],"collection":[{"href":"https:\/\/www.caudete.org\/ayuntamiento\/wp-json\/wp\/v2\/posts"}],"about":[{"href":"https:\/\/www.caudete.org\/ayuntamiento\/wp-json\/wp\/v2\/types\/post"}],"author":[{"embeddable":true,"href":"https:\/\/www.caudete.org\/ayuntamiento\/wp-json\/wp\/v2\/users\/6"}],"replies":[{"embeddable":true,"href":"https:\/\/www.caudete.org\/ayuntamiento\/wp-json\/wp\/v2\/comments?post=31609"}],"version-history":[{"count":3,"href":"https:\/\/www.caudete.org\/ayuntamiento\/wp-json\/wp\/v2\/posts\/31609\/revisions"}],"predecessor-version":[{"id":31661,"href":"https:\/\/www.caudete.org\/ayuntamiento\/wp-json\/wp\/v2\/posts\/31609\/revisions\/31661"}],"wp:featuredmedia":[{"embeddable":true,"href":"https:\/\/www.caudete.org\/ayuntamiento\/wp-json\/wp\/v2\/media\/31610"}],"wp:attachment":[{"href":"https:\/\/www.caudete.org\/ayuntamiento\/wp-json\/wp\/v2\/media?parent=31609"}],"wp:term":[{"taxonomy":"category","embeddable":true,"href":"https:\/\/www.caudete.org\/ayuntamiento\/wp-json\/wp\/v2\/categories?post=31609"},{"taxonomy":"post_tag","embeddable":true,"href":"https:\/\/www.caudete.org\/ayuntamiento\/wp-json\/wp\/v2\/tags?post=31609"}],"curies":[{"name":"wp","href":"https:\/\/api.w.org\/{rel}","templated":true}]}}