{"id":31627,"date":"2025-11-19T12:22:00","date_gmt":"2025-11-19T11:22:00","guid":{"rendered":"https:\/\/www.caudete.org\/ayuntamiento\/?p=31627"},"modified":"2025-12-15T13:55:22","modified_gmt":"2025-12-15T12:55:22","slug":"pinceladas-de-circo-llena-de-color-y-creatividad-la-casa-de-cultura-de-caudete","status":"publish","type":"post","link":"https:\/\/www.caudete.org\/ayuntamiento\/pinceladas-de-circo-llena-de-color-y-creatividad-la-casa-de-cultura-de-caudete\/","title":{"rendered":"&#8220;Pinceladas de circo\u201d llena de color y creatividad la Casa de Cultura de Caudete"},"content":{"rendered":"<p>La Casa de Cultura de Caudete acoge, del 20 de noviembre al 12 de diciembre, la exposici\u00f3n \u201cPinceladas de circo\u201d, una muestra \u00fanica formada por 50 acuarelas realizadas por el alumnado del curso de Acuarela de la Universidad Popular de Caudete y por integrantes del Taller de Arte Villa de Caudete.<\/p>\n<p>La exposici\u00f3n se inaugura el 20 de noviembre a las 19:30 horas, dentro del circuito de circo coordinado por Cultural Albacete, y supone una invitaci\u00f3n a adentrarse en el universo circense desde una perspectiva fresca, creativa y profundamente expresiva.<\/p>\n<p>Esta exposici\u00f3n nos invita a descubrir el mundo circense desde una mirada fresca, creativa y llena de emoci\u00f3n. Una exposici\u00f3n que celebra el arte, el aprendizaje compartido y la capacidad de la acuarela para capturar la esencia de los sue\u00f1os.<\/p>\n<p>La exposici\u00f3n no solo destaca por la calidad de las obras expuestas, sino tambi\u00e9n por el esp\u00edritu colaborativo que la hace posible, entre alumnado de la Universidad Popular y artistas locales.<\/p>\n<p>La muestra podr\u00e1 visitarse de lunes a viernes, de 10:00 a 13:30 y de 18:00 a 21:00 horas, en la Sala de exposiciones Jos\u00e9 P\u00e9rezgil en la Casa de Cultura (Las Eras, 33).<\/p>\n<p>Una oportunidad \u00fanica para disfrutar del talento local y descubrir la fuerza evocadora de la acuarela.<\/p>\n<p><a href=\"https:\/\/www.caudete.org\/ayuntamiento\/wp-content\/uploads\/2025\/11\/pinceladasCirco.png\" rel='prettyPhoto'><img fetchpriority=\"high\" decoding=\"async\" class=\"alignnone size-full wp-image-31629\" src=\"https:\/\/www.caudete.org\/ayuntamiento\/wp-content\/uploads\/2025\/11\/pinceladasCirco.png\" alt=\"\" width=\"1000\" height=\"1414\" srcset=\"https:\/\/www.caudete.org\/ayuntamiento\/wp-content\/uploads\/2025\/11\/pinceladasCirco.png 1000w, https:\/\/www.caudete.org\/ayuntamiento\/wp-content\/uploads\/2025\/11\/pinceladasCirco-566x800.png 566w, https:\/\/www.caudete.org\/ayuntamiento\/wp-content\/uploads\/2025\/11\/pinceladasCirco-636x900.png 636w, https:\/\/www.caudete.org\/ayuntamiento\/wp-content\/uploads\/2025\/11\/pinceladasCirco-156x220.png 156w, https:\/\/www.caudete.org\/ayuntamiento\/wp-content\/uploads\/2025\/11\/pinceladasCirco-768x1086.png 768w\" sizes=\"(max-width: 1000px) 100vw, 1000px\" \/><\/a><\/p>\n<p>&nbsp;<\/p>\n","protected":false},"excerpt":{"rendered":"<p>La Casa de Cultura de Caudete acoge, del 20 de noviembre al 12 de diciembre, la exposici\u00f3n \u201cPinceladas de circo\u201d, una muestra \u00fanica formada por 50 acuarelas realizadas por el alumnado del curso de Acuarela de la Universidad Popular de Caudete y por integrantes del Taller de Arte Villa de Caudete. La exposici\u00f3n se inaugura &hellip;<\/p>\n","protected":false},"author":5,"featured_media":31628,"comment_status":"closed","ping_status":"open","sticky":false,"template":"","format":"standard","meta":{"ngg_post_thumbnail":0,"footnotes":""},"categories":[14],"tags":[],"class_list":["post-31627","post","type-post","status-publish","format-standard","has-post-thumbnail","hentry","category-cultura"],"yoast_head":"<!-- This site is optimized with the Yoast SEO plugin v27.5 - https:\/\/yoast.com\/product\/yoast-seo-wordpress\/ -->\n<title>&quot;Pinceladas de circo\u201d llena de color y creatividad la Casa de Cultura de Caudete - MI Ayuntamiento de Caudete<\/title>\n<meta name=\"description\" content=\"P\u00e1gina Oficial del Ayuntamiento de Caudete (Albacete)\" \/>\n<meta name=\"robots\" content=\"index, follow, max-snippet:-1, max-image-preview:large, max-video-preview:-1\" \/>\n<link rel=\"canonical\" href=\"https:\/\/www.caudete.org\/ayuntamiento\/pinceladas-de-circo-llena-de-color-y-creatividad-la-casa-de-cultura-de-caudete\/\" \/>\n<meta property=\"og:locale\" content=\"es_ES\" \/>\n<meta property=\"og:type\" content=\"article\" \/>\n<meta property=\"og:title\" content=\"&quot;Pinceladas de circo\u201d llena de color y creatividad la Casa de Cultura de Caudete - MI Ayuntamiento de Caudete\" \/>\n<meta property=\"og:description\" content=\"P\u00e1gina Oficial del Ayuntamiento de Caudete (Albacete)\" \/>\n<meta property=\"og:url\" content=\"https:\/\/www.caudete.org\/ayuntamiento\/pinceladas-de-circo-llena-de-color-y-creatividad-la-casa-de-cultura-de-caudete\/\" \/>\n<meta property=\"og:site_name\" content=\"MI Ayuntamiento de Caudete\" \/>\n<meta property=\"article:publisher\" content=\"https:\/\/www.facebook.com\/ayuntamientocaudete\/\" \/>\n<meta property=\"article:published_time\" content=\"2025-11-19T11:22:00+00:00\" \/>\n<meta property=\"article:modified_time\" content=\"2025-12-15T12:55:22+00:00\" \/>\n<meta property=\"og:image\" content=\"https:\/\/www.caudete.org\/ayuntamiento\/wp-content\/uploads\/2025\/11\/pinceladascircoport.png\" \/>\n\t<meta property=\"og:image:width\" content=\"864\" \/>\n\t<meta property=\"og:image:height\" content=\"380\" \/>\n\t<meta property=\"og:image:type\" content=\"image\/png\" \/>\n<meta name=\"author\" content=\"Dpto Informatica MI Ayuntamiento de Caudete\" \/>\n<meta name=\"twitter:card\" content=\"summary_large_image\" \/>\n<meta name=\"twitter:label1\" content=\"Escrito por\" \/>\n\t<meta name=\"twitter:data1\" content=\"Dpto Informatica MI Ayuntamiento de Caudete\" \/>\n\t<meta name=\"twitter:label2\" content=\"Tiempo de lectura\" \/>\n\t<meta name=\"twitter:data2\" content=\"2 minutos\" \/>\n<script type=\"application\/ld+json\" class=\"yoast-schema-graph\">{\"@context\":\"https:\\\/\\\/schema.org\",\"@graph\":[{\"@type\":\"Article\",\"@id\":\"https:\\\/\\\/www.caudete.org\\\/ayuntamiento\\\/pinceladas-de-circo-llena-de-color-y-creatividad-la-casa-de-cultura-de-caudete\\\/#article\",\"isPartOf\":{\"@id\":\"https:\\\/\\\/www.caudete.org\\\/ayuntamiento\\\/pinceladas-de-circo-llena-de-color-y-creatividad-la-casa-de-cultura-de-caudete\\\/\"},\"author\":{\"name\":\"Dpto Informatica MI Ayuntamiento de Caudete\",\"@id\":\"https:\\\/\\\/www.caudete.org\\\/ayuntamiento\\\/#\\\/schema\\\/person\\\/4b9eab41761957db9b1bf9c418d1ef46\"},\"headline\":\"&#8220;Pinceladas de circo\u201d llena de color y creatividad la Casa de Cultura de Caudete\",\"datePublished\":\"2025-11-19T11:22:00+00:00\",\"dateModified\":\"2025-12-15T12:55:22+00:00\",\"mainEntityOfPage\":{\"@id\":\"https:\\\/\\\/www.caudete.org\\\/ayuntamiento\\\/pinceladas-de-circo-llena-de-color-y-creatividad-la-casa-de-cultura-de-caudete\\\/\"},\"wordCount\":226,\"image\":{\"@id\":\"https:\\\/\\\/www.caudete.org\\\/ayuntamiento\\\/pinceladas-de-circo-llena-de-color-y-creatividad-la-casa-de-cultura-de-caudete\\\/#primaryimage\"},\"thumbnailUrl\":\"https:\\\/\\\/www.caudete.org\\\/ayuntamiento\\\/wp-content\\\/uploads\\\/2025\\\/11\\\/pinceladascircoport.png\",\"articleSection\":[\"Cultura\"],\"inLanguage\":\"es\"},{\"@type\":\"WebPage\",\"@id\":\"https:\\\/\\\/www.caudete.org\\\/ayuntamiento\\\/pinceladas-de-circo-llena-de-color-y-creatividad-la-casa-de-cultura-de-caudete\\\/\",\"url\":\"https:\\\/\\\/www.caudete.org\\\/ayuntamiento\\\/pinceladas-de-circo-llena-de-color-y-creatividad-la-casa-de-cultura-de-caudete\\\/\",\"name\":\"\\\"Pinceladas de circo\u201d llena de color y creatividad la Casa de Cultura de Caudete - MI Ayuntamiento de Caudete\",\"isPartOf\":{\"@id\":\"https:\\\/\\\/www.caudete.org\\\/ayuntamiento\\\/#website\"},\"primaryImageOfPage\":{\"@id\":\"https:\\\/\\\/www.caudete.org\\\/ayuntamiento\\\/pinceladas-de-circo-llena-de-color-y-creatividad-la-casa-de-cultura-de-caudete\\\/#primaryimage\"},\"image\":{\"@id\":\"https:\\\/\\\/www.caudete.org\\\/ayuntamiento\\\/pinceladas-de-circo-llena-de-color-y-creatividad-la-casa-de-cultura-de-caudete\\\/#primaryimage\"},\"thumbnailUrl\":\"https:\\\/\\\/www.caudete.org\\\/ayuntamiento\\\/wp-content\\\/uploads\\\/2025\\\/11\\\/pinceladascircoport.png\",\"datePublished\":\"2025-11-19T11:22:00+00:00\",\"dateModified\":\"2025-12-15T12:55:22+00:00\",\"author\":{\"@id\":\"https:\\\/\\\/www.caudete.org\\\/ayuntamiento\\\/#\\\/schema\\\/person\\\/4b9eab41761957db9b1bf9c418d1ef46\"},\"description\":\"P\u00e1gina Oficial del Ayuntamiento de Caudete (Albacete)\",\"breadcrumb\":{\"@id\":\"https:\\\/\\\/www.caudete.org\\\/ayuntamiento\\\/pinceladas-de-circo-llena-de-color-y-creatividad-la-casa-de-cultura-de-caudete\\\/#breadcrumb\"},\"inLanguage\":\"es\",\"potentialAction\":[{\"@type\":\"ReadAction\",\"target\":[\"https:\\\/\\\/www.caudete.org\\\/ayuntamiento\\\/pinceladas-de-circo-llena-de-color-y-creatividad-la-casa-de-cultura-de-caudete\\\/\"]}]},{\"@type\":\"ImageObject\",\"inLanguage\":\"es\",\"@id\":\"https:\\\/\\\/www.caudete.org\\\/ayuntamiento\\\/pinceladas-de-circo-llena-de-color-y-creatividad-la-casa-de-cultura-de-caudete\\\/#primaryimage\",\"url\":\"https:\\\/\\\/www.caudete.org\\\/ayuntamiento\\\/wp-content\\\/uploads\\\/2025\\\/11\\\/pinceladascircoport.png\",\"contentUrl\":\"https:\\\/\\\/www.caudete.org\\\/ayuntamiento\\\/wp-content\\\/uploads\\\/2025\\\/11\\\/pinceladascircoport.png\",\"width\":864,\"height\":380},{\"@type\":\"BreadcrumbList\",\"@id\":\"https:\\\/\\\/www.caudete.org\\\/ayuntamiento\\\/pinceladas-de-circo-llena-de-color-y-creatividad-la-casa-de-cultura-de-caudete\\\/#breadcrumb\",\"itemListElement\":[{\"@type\":\"ListItem\",\"position\":1,\"name\":\"Inicio\",\"item\":\"https:\\\/\\\/www.caudete.org\\\/ayuntamiento\\\/\"},{\"@type\":\"ListItem\",\"position\":2,\"name\":\"&#8220;Pinceladas de circo\u201d llena de color y creatividad la Casa de Cultura de Caudete\"}]},{\"@type\":\"WebSite\",\"@id\":\"https:\\\/\\\/www.caudete.org\\\/ayuntamiento\\\/#website\",\"url\":\"https:\\\/\\\/www.caudete.org\\\/ayuntamiento\\\/\",\"name\":\"MI Ayuntamiento de Caudete\",\"description\":\"P\u00e1gina Oficial del MI Ayuntamiento de Caudete\",\"potentialAction\":[{\"@type\":\"SearchAction\",\"target\":{\"@type\":\"EntryPoint\",\"urlTemplate\":\"https:\\\/\\\/www.caudete.org\\\/ayuntamiento\\\/?s={search_term_string}\"},\"query-input\":{\"@type\":\"PropertyValueSpecification\",\"valueRequired\":true,\"valueName\":\"search_term_string\"}}],\"inLanguage\":\"es\"},{\"@type\":\"Person\",\"@id\":\"https:\\\/\\\/www.caudete.org\\\/ayuntamiento\\\/#\\\/schema\\\/person\\\/4b9eab41761957db9b1bf9c418d1ef46\",\"name\":\"Dpto Informatica MI Ayuntamiento de Caudete\",\"image\":{\"@type\":\"ImageObject\",\"inLanguage\":\"es\",\"@id\":\"https:\\\/\\\/secure.gravatar.com\\\/avatar\\\/ac0321ee4a0a83e82a253e7b2d348ef539e2c8fe16d06b600bde04de1b364fa7?s=96&d=mm&r=g\",\"url\":\"https:\\\/\\\/secure.gravatar.com\\\/avatar\\\/ac0321ee4a0a83e82a253e7b2d348ef539e2c8fe16d06b600bde04de1b364fa7?s=96&d=mm&r=g\",\"contentUrl\":\"https:\\\/\\\/secure.gravatar.com\\\/avatar\\\/ac0321ee4a0a83e82a253e7b2d348ef539e2c8fe16d06b600bde04de1b364fa7?s=96&d=mm&r=g\",\"caption\":\"Dpto Informatica MI Ayuntamiento de Caudete\"},\"url\":\"https:\\\/\\\/www.caudete.org\\\/ayuntamiento\\\/author\\\/informatica\\\/\"}]}<\/script>\n<!-- \/ Yoast SEO plugin. -->","yoast_head_json":{"title":"\"Pinceladas de circo\u201d llena de color y creatividad la Casa de Cultura de Caudete - MI Ayuntamiento de Caudete","description":"P\u00e1gina Oficial del Ayuntamiento de Caudete (Albacete)","robots":{"index":"index","follow":"follow","max-snippet":"max-snippet:-1","max-image-preview":"max-image-preview:large","max-video-preview":"max-video-preview:-1"},"canonical":"https:\/\/www.caudete.org\/ayuntamiento\/pinceladas-de-circo-llena-de-color-y-creatividad-la-casa-de-cultura-de-caudete\/","og_locale":"es_ES","og_type":"article","og_title":"\"Pinceladas de circo\u201d llena de color y creatividad la Casa de Cultura de Caudete - MI Ayuntamiento de Caudete","og_description":"P\u00e1gina Oficial del Ayuntamiento de Caudete (Albacete)","og_url":"https:\/\/www.caudete.org\/ayuntamiento\/pinceladas-de-circo-llena-de-color-y-creatividad-la-casa-de-cultura-de-caudete\/","og_site_name":"MI Ayuntamiento de Caudete","article_publisher":"https:\/\/www.facebook.com\/ayuntamientocaudete\/","article_published_time":"2025-11-19T11:22:00+00:00","article_modified_time":"2025-12-15T12:55:22+00:00","og_image":[{"width":864,"height":380,"url":"https:\/\/www.caudete.org\/ayuntamiento\/wp-content\/uploads\/2025\/11\/pinceladascircoport.png","type":"image\/png"}],"author":"Dpto Informatica MI Ayuntamiento de Caudete","twitter_card":"summary_large_image","twitter_misc":{"Escrito por":"Dpto Informatica MI Ayuntamiento de Caudete","Tiempo de lectura":"2 minutos"},"schema":{"@context":"https:\/\/schema.org","@graph":[{"@type":"Article","@id":"https:\/\/www.caudete.org\/ayuntamiento\/pinceladas-de-circo-llena-de-color-y-creatividad-la-casa-de-cultura-de-caudete\/#article","isPartOf":{"@id":"https:\/\/www.caudete.org\/ayuntamiento\/pinceladas-de-circo-llena-de-color-y-creatividad-la-casa-de-cultura-de-caudete\/"},"author":{"name":"Dpto Informatica MI Ayuntamiento de Caudete","@id":"https:\/\/www.caudete.org\/ayuntamiento\/#\/schema\/person\/4b9eab41761957db9b1bf9c418d1ef46"},"headline":"&#8220;Pinceladas de circo\u201d llena de color y creatividad la Casa de Cultura de Caudete","datePublished":"2025-11-19T11:22:00+00:00","dateModified":"2025-12-15T12:55:22+00:00","mainEntityOfPage":{"@id":"https:\/\/www.caudete.org\/ayuntamiento\/pinceladas-de-circo-llena-de-color-y-creatividad-la-casa-de-cultura-de-caudete\/"},"wordCount":226,"image":{"@id":"https:\/\/www.caudete.org\/ayuntamiento\/pinceladas-de-circo-llena-de-color-y-creatividad-la-casa-de-cultura-de-caudete\/#primaryimage"},"thumbnailUrl":"https:\/\/www.caudete.org\/ayuntamiento\/wp-content\/uploads\/2025\/11\/pinceladascircoport.png","articleSection":["Cultura"],"inLanguage":"es"},{"@type":"WebPage","@id":"https:\/\/www.caudete.org\/ayuntamiento\/pinceladas-de-circo-llena-de-color-y-creatividad-la-casa-de-cultura-de-caudete\/","url":"https:\/\/www.caudete.org\/ayuntamiento\/pinceladas-de-circo-llena-de-color-y-creatividad-la-casa-de-cultura-de-caudete\/","name":"\"Pinceladas de circo\u201d llena de color y creatividad la Casa de Cultura de Caudete - MI Ayuntamiento de Caudete","isPartOf":{"@id":"https:\/\/www.caudete.org\/ayuntamiento\/#website"},"primaryImageOfPage":{"@id":"https:\/\/www.caudete.org\/ayuntamiento\/pinceladas-de-circo-llena-de-color-y-creatividad-la-casa-de-cultura-de-caudete\/#primaryimage"},"image":{"@id":"https:\/\/www.caudete.org\/ayuntamiento\/pinceladas-de-circo-llena-de-color-y-creatividad-la-casa-de-cultura-de-caudete\/#primaryimage"},"thumbnailUrl":"https:\/\/www.caudete.org\/ayuntamiento\/wp-content\/uploads\/2025\/11\/pinceladascircoport.png","datePublished":"2025-11-19T11:22:00+00:00","dateModified":"2025-12-15T12:55:22+00:00","author":{"@id":"https:\/\/www.caudete.org\/ayuntamiento\/#\/schema\/person\/4b9eab41761957db9b1bf9c418d1ef46"},"description":"P\u00e1gina Oficial del Ayuntamiento de Caudete (Albacete)","breadcrumb":{"@id":"https:\/\/www.caudete.org\/ayuntamiento\/pinceladas-de-circo-llena-de-color-y-creatividad-la-casa-de-cultura-de-caudete\/#breadcrumb"},"inLanguage":"es","potentialAction":[{"@type":"ReadAction","target":["https:\/\/www.caudete.org\/ayuntamiento\/pinceladas-de-circo-llena-de-color-y-creatividad-la-casa-de-cultura-de-caudete\/"]}]},{"@type":"ImageObject","inLanguage":"es","@id":"https:\/\/www.caudete.org\/ayuntamiento\/pinceladas-de-circo-llena-de-color-y-creatividad-la-casa-de-cultura-de-caudete\/#primaryimage","url":"https:\/\/www.caudete.org\/ayuntamiento\/wp-content\/uploads\/2025\/11\/pinceladascircoport.png","contentUrl":"https:\/\/www.caudete.org\/ayuntamiento\/wp-content\/uploads\/2025\/11\/pinceladascircoport.png","width":864,"height":380},{"@type":"BreadcrumbList","@id":"https:\/\/www.caudete.org\/ayuntamiento\/pinceladas-de-circo-llena-de-color-y-creatividad-la-casa-de-cultura-de-caudete\/#breadcrumb","itemListElement":[{"@type":"ListItem","position":1,"name":"Inicio","item":"https:\/\/www.caudete.org\/ayuntamiento\/"},{"@type":"ListItem","position":2,"name":"&#8220;Pinceladas de circo\u201d llena de color y creatividad la Casa de Cultura de Caudete"}]},{"@type":"WebSite","@id":"https:\/\/www.caudete.org\/ayuntamiento\/#website","url":"https:\/\/www.caudete.org\/ayuntamiento\/","name":"MI Ayuntamiento de Caudete","description":"P\u00e1gina Oficial del MI Ayuntamiento de Caudete","potentialAction":[{"@type":"SearchAction","target":{"@type":"EntryPoint","urlTemplate":"https:\/\/www.caudete.org\/ayuntamiento\/?s={search_term_string}"},"query-input":{"@type":"PropertyValueSpecification","valueRequired":true,"valueName":"search_term_string"}}],"inLanguage":"es"},{"@type":"Person","@id":"https:\/\/www.caudete.org\/ayuntamiento\/#\/schema\/person\/4b9eab41761957db9b1bf9c418d1ef46","name":"Dpto Informatica MI Ayuntamiento de Caudete","image":{"@type":"ImageObject","inLanguage":"es","@id":"https:\/\/secure.gravatar.com\/avatar\/ac0321ee4a0a83e82a253e7b2d348ef539e2c8fe16d06b600bde04de1b364fa7?s=96&d=mm&r=g","url":"https:\/\/secure.gravatar.com\/avatar\/ac0321ee4a0a83e82a253e7b2d348ef539e2c8fe16d06b600bde04de1b364fa7?s=96&d=mm&r=g","contentUrl":"https:\/\/secure.gravatar.com\/avatar\/ac0321ee4a0a83e82a253e7b2d348ef539e2c8fe16d06b600bde04de1b364fa7?s=96&d=mm&r=g","caption":"Dpto Informatica MI Ayuntamiento de Caudete"},"url":"https:\/\/www.caudete.org\/ayuntamiento\/author\/informatica\/"}]}},"_links":{"self":[{"href":"https:\/\/www.caudete.org\/ayuntamiento\/wp-json\/wp\/v2\/posts\/31627","targetHints":{"allow":["GET"]}}],"collection":[{"href":"https:\/\/www.caudete.org\/ayuntamiento\/wp-json\/wp\/v2\/posts"}],"about":[{"href":"https:\/\/www.caudete.org\/ayuntamiento\/wp-json\/wp\/v2\/types\/post"}],"author":[{"embeddable":true,"href":"https:\/\/www.caudete.org\/ayuntamiento\/wp-json\/wp\/v2\/users\/5"}],"replies":[{"embeddable":true,"href":"https:\/\/www.caudete.org\/ayuntamiento\/wp-json\/wp\/v2\/comments?post=31627"}],"version-history":[{"count":1,"href":"https:\/\/www.caudete.org\/ayuntamiento\/wp-json\/wp\/v2\/posts\/31627\/revisions"}],"predecessor-version":[{"id":31630,"href":"https:\/\/www.caudete.org\/ayuntamiento\/wp-json\/wp\/v2\/posts\/31627\/revisions\/31630"}],"wp:featuredmedia":[{"embeddable":true,"href":"https:\/\/www.caudete.org\/ayuntamiento\/wp-json\/wp\/v2\/media\/31628"}],"wp:attachment":[{"href":"https:\/\/www.caudete.org\/ayuntamiento\/wp-json\/wp\/v2\/media?parent=31627"}],"wp:term":[{"taxonomy":"category","embeddable":true,"href":"https:\/\/www.caudete.org\/ayuntamiento\/wp-json\/wp\/v2\/categories?post=31627"},{"taxonomy":"post_tag","embeddable":true,"href":"https:\/\/www.caudete.org\/ayuntamiento\/wp-json\/wp\/v2\/tags?post=31627"}],"curies":[{"name":"wp","href":"https:\/\/api.w.org\/{rel}","templated":true}]}}