{"id":31662,"date":"2025-11-24T11:19:24","date_gmt":"2025-11-24T10:19:24","guid":{"rendered":"https:\/\/www.caudete.org\/ayuntamiento\/?p=31662"},"modified":"2025-11-26T19:38:47","modified_gmt":"2025-11-26T18:38:47","slug":"finalizan-las-obras-de-reparacion-de-la-via-de-servicio-de-la-a-33-competencia-del-ministerio-de-transportes","status":"publish","type":"post","link":"https:\/\/www.caudete.org\/ayuntamiento\/finalizan-las-obras-de-reparacion-de-la-via-de-servicio-de-la-a-33-competencia-del-ministerio-de-transportes\/","title":{"rendered":"Finalizan las obras de reparaci\u00f3n de la v\u00eda de servicio de la A-33 en el tramo de Caudete."},"content":{"rendered":"<p><strong>Han finalizado las obras de reparaci\u00f3n de la v\u00eda de servicio de la A-33<\/strong> a su paso por nuestro municipio. Tal y como explica el concejal de Medio Ambiente y Medio Rural, Francisco Jos\u00e9 Castell\u00f3, esta actuaci\u00f3n pone fin a una reivindicaci\u00f3n que vecinos y Ayuntamiento han trasladado durante a\u00f1os, <strong>a pesar de que ni el Ayuntamiento ni la Concejal\u00eda tienen competencia alguna sobre esta infraestructura<\/strong>, cuya titularidad y mantenimiento corresponden al\u00a0<strong>Ministerio de Transportes y Movilidad Sostenible, a trav\u00e9s de su \u00f3rgano gestor, la Demarcaci\u00f3n de Carreteras del Estado en Albacete.<\/strong><\/p>\n<p>Durante todo este tiempo, el Muy Ilustre Ayuntamiento de Caudete ha utilizado los cauces disponibles para solicitar la mejora de esta v\u00eda, registrando peticiones formales los d\u00edas <strong>28 de mayo de 2024<\/strong>, <strong>27 de enero de 2025<\/strong> y <strong>8 de julio de 2025<\/strong>.<br \/>\n<strong>En todas estas solicitudes se pidi\u00f3 el asfaltado completo de la v\u00eda<\/strong>, por considerarse la soluci\u00f3n m\u00e1s adecuada y duradera. Sin embargo, la decisi\u00f3n t\u00e9cnica final \u2014<strong>un doble tratamiento asf\u00e1ltico<\/strong>\u2014 ha sido adoptada \u00edntegramente por el Ministerio de Transportes, \u00fanico organismo competente.<\/p>\n<p>La actuaci\u00f3n, que ha mejorado aproximadamente <strong>4 kil\u00f3metros<\/strong> de la v\u00eda de servicio, ha permitido corregir un firme que se encontraba gravemente deteriorado <strong>desde la finalizaci\u00f3n de las obras de la autov\u00eda<\/strong>, momento en el que el tr\u00e1nsito de la maquinaria utilizada en aquellos trabajos ocasion\u00f3 los principales da\u00f1os en la calzada. Con esta intervenci\u00f3n, que incluye tambi\u00e9n la mejora del tramo m\u00e1s pr\u00f3ximo a la localidad, se facilita un acceso m\u00e1s seguro y c\u00f3modo para todos los usuarios diarios.<\/p>\n<p>Respecto a futuras intervenciones, el Muy Ilustre Ayuntamiento de Caudete ha trasladado\u00a0 la necesidad de actuar en el tramo comprendido entre el acueducto y la finca del Paso. Este punto presenta una problem\u00e1tica importante, ya que <strong>la v\u00eda de servicio se encuentra m\u00e1s elevada que el propio acueducto<\/strong>, lo que impide el correcto flujo de las aguas pluviales en episodios de tormenta y hace que estas aguas ocasionen da\u00f1os en la finca del Paso.<\/p>\n<p>El concejal Francisco Jos\u00e9 Castell\u00f3 tuvo ocasi\u00f3n de hablar personalmente con el<strong> t\u00e9cnico de la Jefatura de Obras de la Demarcaci\u00f3n de Carreteras del Estado en Albacete<\/strong>. , a quien traslad\u00f3 detalladamente esta situaci\u00f3n. Aunque este asunto tampoco depende directamente de \u00e9l, <strong>se comprometi\u00f3 a impulsar que se solucione lo antes posible<\/strong>. Adem\u00e1s, ha informado de que <strong>ya se ha elaborado un informe sobre esta problem\u00e1tica<\/strong>, as\u00ed como <strong>estudios topogr\u00e1ficos de altimetr\u00eda<\/strong>, que permitir\u00e1n al Ministerio valorar una actuaci\u00f3n en este punto cr\u00edtico.<\/p>\n<p>Desde el Muy Ilustre Ayuntamiento de Caudete se agradece la colaboraci\u00f3n de todas las administraciones implicadas y, especialmente, la paciencia de los vecinos durante este prolongado proceso. Aunque la competencia no es municipal, <strong>la insistencia del Ayuntamiento y de los vecinos ha sido clave para que esta actuaci\u00f3n sea hoy una realidad<\/strong>.<\/p>\n<hr \/>\n<p><strong>Francisco Jos\u00e9 Castell\u00f3 Castell\u00f3<\/strong><br \/>\nSegundo Teniente de Alcalde<br \/>\nConcejal de Medio Ambiente y Medio Rural<br \/>\nMuy Ilustre Ayuntamiento de Caudete<\/p>\n","protected":false},"excerpt":{"rendered":"<p>Han finalizado las obras de reparaci\u00f3n de la v\u00eda de servicio de la A-33 a su paso por nuestro municipio. Tal y como explica el concejal de Medio Ambiente y Medio Rural, Francisco Jos\u00e9 Castell\u00f3, esta actuaci\u00f3n pone fin a una reivindicaci\u00f3n que vecinos y Ayuntamiento han trasladado durante a\u00f1os, a pesar de que ni &hellip;<\/p>\n","protected":false},"author":7,"featured_media":31674,"comment_status":"closed","ping_status":"open","sticky":false,"template":"","format":"standard","meta":{"ngg_post_thumbnail":0,"footnotes":""},"categories":[50],"tags":[],"class_list":["post-31662","post","type-post","status-publish","format-standard","has-post-thumbnail","hentry","category-medio-rural"],"yoast_head":"<!-- This site is optimized with the Yoast SEO plugin v27.5 - https:\/\/yoast.com\/product\/yoast-seo-wordpress\/ -->\n<title>Finalizan las obras de reparaci\u00f3n de la v\u00eda de servicio de la A-33 en el tramo de Caudete. - MI Ayuntamiento de Caudete<\/title>\n<meta name=\"description\" content=\"P\u00e1gina Oficial del Ayuntamiento de Caudete (Albacete)\" \/>\n<meta name=\"robots\" content=\"index, follow, max-snippet:-1, max-image-preview:large, max-video-preview:-1\" \/>\n<link rel=\"canonical\" href=\"https:\/\/www.caudete.org\/ayuntamiento\/finalizan-las-obras-de-reparacion-de-la-via-de-servicio-de-la-a-33-competencia-del-ministerio-de-transportes\/\" \/>\n<meta property=\"og:locale\" content=\"es_ES\" \/>\n<meta property=\"og:type\" content=\"article\" \/>\n<meta property=\"og:title\" content=\"Finalizan las obras de reparaci\u00f3n de la v\u00eda de servicio de la A-33 en el tramo de Caudete. - MI Ayuntamiento de Caudete\" \/>\n<meta property=\"og:description\" content=\"P\u00e1gina Oficial del Ayuntamiento de Caudete (Albacete)\" \/>\n<meta property=\"og:url\" content=\"https:\/\/www.caudete.org\/ayuntamiento\/finalizan-las-obras-de-reparacion-de-la-via-de-servicio-de-la-a-33-competencia-del-ministerio-de-transportes\/\" \/>\n<meta property=\"og:site_name\" content=\"MI Ayuntamiento de Caudete\" \/>\n<meta property=\"article:publisher\" content=\"https:\/\/www.facebook.com\/ayuntamientocaudete\/\" \/>\n<meta property=\"article:published_time\" content=\"2025-11-24T10:19:24+00:00\" \/>\n<meta property=\"article:modified_time\" content=\"2025-11-26T18:38:47+00:00\" \/>\n<meta property=\"og:image\" content=\"https:\/\/www.caudete.org\/ayuntamiento\/wp-content\/uploads\/2025\/11\/6bf3390b-5ab4-4e52-905b-35ba3589c345.jpg\" \/>\n\t<meta property=\"og:image:width\" content=\"1200\" \/>\n\t<meta property=\"og:image:height\" content=\"1600\" \/>\n\t<meta property=\"og:image:type\" content=\"image\/jpeg\" \/>\n<meta name=\"author\" content=\"ConceMediosComunicacion\" \/>\n<meta name=\"twitter:card\" content=\"summary_large_image\" \/>\n<meta name=\"twitter:label1\" content=\"Escrito por\" \/>\n\t<meta name=\"twitter:data1\" content=\"ConceMediosComunicacion\" \/>\n\t<meta name=\"twitter:label2\" content=\"Tiempo de lectura\" \/>\n\t<meta name=\"twitter:data2\" content=\"3 minutos\" \/>\n<script type=\"application\/ld+json\" class=\"yoast-schema-graph\">{\"@context\":\"https:\\\/\\\/schema.org\",\"@graph\":[{\"@type\":\"Article\",\"@id\":\"https:\\\/\\\/www.caudete.org\\\/ayuntamiento\\\/finalizan-las-obras-de-reparacion-de-la-via-de-servicio-de-la-a-33-competencia-del-ministerio-de-transportes\\\/#article\",\"isPartOf\":{\"@id\":\"https:\\\/\\\/www.caudete.org\\\/ayuntamiento\\\/finalizan-las-obras-de-reparacion-de-la-via-de-servicio-de-la-a-33-competencia-del-ministerio-de-transportes\\\/\"},\"author\":{\"name\":\"ConceMediosComunicacion\",\"@id\":\"https:\\\/\\\/www.caudete.org\\\/ayuntamiento\\\/#\\\/schema\\\/person\\\/20dfe238fe5ee9d5f5e69267aa623e05\"},\"headline\":\"Finalizan las obras de reparaci\u00f3n de la v\u00eda de servicio de la A-33 en el tramo de Caudete.\",\"datePublished\":\"2025-11-24T10:19:24+00:00\",\"dateModified\":\"2025-11-26T18:38:47+00:00\",\"mainEntityOfPage\":{\"@id\":\"https:\\\/\\\/www.caudete.org\\\/ayuntamiento\\\/finalizan-las-obras-de-reparacion-de-la-via-de-servicio-de-la-a-33-competencia-del-ministerio-de-transportes\\\/\"},\"wordCount\":544,\"image\":{\"@id\":\"https:\\\/\\\/www.caudete.org\\\/ayuntamiento\\\/finalizan-las-obras-de-reparacion-de-la-via-de-servicio-de-la-a-33-competencia-del-ministerio-de-transportes\\\/#primaryimage\"},\"thumbnailUrl\":\"https:\\\/\\\/www.caudete.org\\\/ayuntamiento\\\/wp-content\\\/uploads\\\/2025\\\/11\\\/6bf3390b-5ab4-4e52-905b-35ba3589c345.jpg\",\"articleSection\":[\"Medio Rural\"],\"inLanguage\":\"es\"},{\"@type\":\"WebPage\",\"@id\":\"https:\\\/\\\/www.caudete.org\\\/ayuntamiento\\\/finalizan-las-obras-de-reparacion-de-la-via-de-servicio-de-la-a-33-competencia-del-ministerio-de-transportes\\\/\",\"url\":\"https:\\\/\\\/www.caudete.org\\\/ayuntamiento\\\/finalizan-las-obras-de-reparacion-de-la-via-de-servicio-de-la-a-33-competencia-del-ministerio-de-transportes\\\/\",\"name\":\"Finalizan las obras de reparaci\u00f3n de la v\u00eda de servicio de la A-33 en el tramo de Caudete. - MI Ayuntamiento de Caudete\",\"isPartOf\":{\"@id\":\"https:\\\/\\\/www.caudete.org\\\/ayuntamiento\\\/#website\"},\"primaryImageOfPage\":{\"@id\":\"https:\\\/\\\/www.caudete.org\\\/ayuntamiento\\\/finalizan-las-obras-de-reparacion-de-la-via-de-servicio-de-la-a-33-competencia-del-ministerio-de-transportes\\\/#primaryimage\"},\"image\":{\"@id\":\"https:\\\/\\\/www.caudete.org\\\/ayuntamiento\\\/finalizan-las-obras-de-reparacion-de-la-via-de-servicio-de-la-a-33-competencia-del-ministerio-de-transportes\\\/#primaryimage\"},\"thumbnailUrl\":\"https:\\\/\\\/www.caudete.org\\\/ayuntamiento\\\/wp-content\\\/uploads\\\/2025\\\/11\\\/6bf3390b-5ab4-4e52-905b-35ba3589c345.jpg\",\"datePublished\":\"2025-11-24T10:19:24+00:00\",\"dateModified\":\"2025-11-26T18:38:47+00:00\",\"author\":{\"@id\":\"https:\\\/\\\/www.caudete.org\\\/ayuntamiento\\\/#\\\/schema\\\/person\\\/20dfe238fe5ee9d5f5e69267aa623e05\"},\"description\":\"P\u00e1gina Oficial del Ayuntamiento de Caudete (Albacete)\",\"breadcrumb\":{\"@id\":\"https:\\\/\\\/www.caudete.org\\\/ayuntamiento\\\/finalizan-las-obras-de-reparacion-de-la-via-de-servicio-de-la-a-33-competencia-del-ministerio-de-transportes\\\/#breadcrumb\"},\"inLanguage\":\"es\",\"potentialAction\":[{\"@type\":\"ReadAction\",\"target\":[\"https:\\\/\\\/www.caudete.org\\\/ayuntamiento\\\/finalizan-las-obras-de-reparacion-de-la-via-de-servicio-de-la-a-33-competencia-del-ministerio-de-transportes\\\/\"]}]},{\"@type\":\"ImageObject\",\"inLanguage\":\"es\",\"@id\":\"https:\\\/\\\/www.caudete.org\\\/ayuntamiento\\\/finalizan-las-obras-de-reparacion-de-la-via-de-servicio-de-la-a-33-competencia-del-ministerio-de-transportes\\\/#primaryimage\",\"url\":\"https:\\\/\\\/www.caudete.org\\\/ayuntamiento\\\/wp-content\\\/uploads\\\/2025\\\/11\\\/6bf3390b-5ab4-4e52-905b-35ba3589c345.jpg\",\"contentUrl\":\"https:\\\/\\\/www.caudete.org\\\/ayuntamiento\\\/wp-content\\\/uploads\\\/2025\\\/11\\\/6bf3390b-5ab4-4e52-905b-35ba3589c345.jpg\",\"width\":1200,\"height\":1600},{\"@type\":\"BreadcrumbList\",\"@id\":\"https:\\\/\\\/www.caudete.org\\\/ayuntamiento\\\/finalizan-las-obras-de-reparacion-de-la-via-de-servicio-de-la-a-33-competencia-del-ministerio-de-transportes\\\/#breadcrumb\",\"itemListElement\":[{\"@type\":\"ListItem\",\"position\":1,\"name\":\"Inicio\",\"item\":\"https:\\\/\\\/www.caudete.org\\\/ayuntamiento\\\/\"},{\"@type\":\"ListItem\",\"position\":2,\"name\":\"Finalizan las obras de reparaci\u00f3n de la v\u00eda de servicio de la A-33 en el tramo de Caudete.\"}]},{\"@type\":\"WebSite\",\"@id\":\"https:\\\/\\\/www.caudete.org\\\/ayuntamiento\\\/#website\",\"url\":\"https:\\\/\\\/www.caudete.org\\\/ayuntamiento\\\/\",\"name\":\"MI Ayuntamiento de Caudete\",\"description\":\"P\u00e1gina Oficial del MI Ayuntamiento de Caudete\",\"potentialAction\":[{\"@type\":\"SearchAction\",\"target\":{\"@type\":\"EntryPoint\",\"urlTemplate\":\"https:\\\/\\\/www.caudete.org\\\/ayuntamiento\\\/?s={search_term_string}\"},\"query-input\":{\"@type\":\"PropertyValueSpecification\",\"valueRequired\":true,\"valueName\":\"search_term_string\"}}],\"inLanguage\":\"es\"},{\"@type\":\"Person\",\"@id\":\"https:\\\/\\\/www.caudete.org\\\/ayuntamiento\\\/#\\\/schema\\\/person\\\/20dfe238fe5ee9d5f5e69267aa623e05\",\"name\":\"ConceMediosComunicacion\",\"image\":{\"@type\":\"ImageObject\",\"inLanguage\":\"es\",\"@id\":\"https:\\\/\\\/secure.gravatar.com\\\/avatar\\\/9d162043ba1cd4ab14413e29fdb3655bfccde37e65ca99013604f8d2a19c636d?s=96&d=mm&r=g\",\"url\":\"https:\\\/\\\/secure.gravatar.com\\\/avatar\\\/9d162043ba1cd4ab14413e29fdb3655bfccde37e65ca99013604f8d2a19c636d?s=96&d=mm&r=g\",\"contentUrl\":\"https:\\\/\\\/secure.gravatar.com\\\/avatar\\\/9d162043ba1cd4ab14413e29fdb3655bfccde37e65ca99013604f8d2a19c636d?s=96&d=mm&r=g\",\"caption\":\"ConceMediosComunicacion\"},\"url\":\"https:\\\/\\\/www.caudete.org\\\/ayuntamiento\\\/author\\\/concemedioscomunicacion\\\/\"}]}<\/script>\n<!-- \/ Yoast SEO plugin. -->","yoast_head_json":{"title":"Finalizan las obras de reparaci\u00f3n de la v\u00eda de servicio de la A-33 en el tramo de Caudete. - MI Ayuntamiento de Caudete","description":"P\u00e1gina Oficial del Ayuntamiento de Caudete (Albacete)","robots":{"index":"index","follow":"follow","max-snippet":"max-snippet:-1","max-image-preview":"max-image-preview:large","max-video-preview":"max-video-preview:-1"},"canonical":"https:\/\/www.caudete.org\/ayuntamiento\/finalizan-las-obras-de-reparacion-de-la-via-de-servicio-de-la-a-33-competencia-del-ministerio-de-transportes\/","og_locale":"es_ES","og_type":"article","og_title":"Finalizan las obras de reparaci\u00f3n de la v\u00eda de servicio de la A-33 en el tramo de Caudete. - MI Ayuntamiento de Caudete","og_description":"P\u00e1gina Oficial del Ayuntamiento de Caudete (Albacete)","og_url":"https:\/\/www.caudete.org\/ayuntamiento\/finalizan-las-obras-de-reparacion-de-la-via-de-servicio-de-la-a-33-competencia-del-ministerio-de-transportes\/","og_site_name":"MI Ayuntamiento de Caudete","article_publisher":"https:\/\/www.facebook.com\/ayuntamientocaudete\/","article_published_time":"2025-11-24T10:19:24+00:00","article_modified_time":"2025-11-26T18:38:47+00:00","og_image":[{"width":1200,"height":1600,"url":"https:\/\/www.caudete.org\/ayuntamiento\/wp-content\/uploads\/2025\/11\/6bf3390b-5ab4-4e52-905b-35ba3589c345.jpg","type":"image\/jpeg"}],"author":"ConceMediosComunicacion","twitter_card":"summary_large_image","twitter_misc":{"Escrito por":"ConceMediosComunicacion","Tiempo de lectura":"3 minutos"},"schema":{"@context":"https:\/\/schema.org","@graph":[{"@type":"Article","@id":"https:\/\/www.caudete.org\/ayuntamiento\/finalizan-las-obras-de-reparacion-de-la-via-de-servicio-de-la-a-33-competencia-del-ministerio-de-transportes\/#article","isPartOf":{"@id":"https:\/\/www.caudete.org\/ayuntamiento\/finalizan-las-obras-de-reparacion-de-la-via-de-servicio-de-la-a-33-competencia-del-ministerio-de-transportes\/"},"author":{"name":"ConceMediosComunicacion","@id":"https:\/\/www.caudete.org\/ayuntamiento\/#\/schema\/person\/20dfe238fe5ee9d5f5e69267aa623e05"},"headline":"Finalizan las obras de reparaci\u00f3n de la v\u00eda de servicio de la A-33 en el tramo de Caudete.","datePublished":"2025-11-24T10:19:24+00:00","dateModified":"2025-11-26T18:38:47+00:00","mainEntityOfPage":{"@id":"https:\/\/www.caudete.org\/ayuntamiento\/finalizan-las-obras-de-reparacion-de-la-via-de-servicio-de-la-a-33-competencia-del-ministerio-de-transportes\/"},"wordCount":544,"image":{"@id":"https:\/\/www.caudete.org\/ayuntamiento\/finalizan-las-obras-de-reparacion-de-la-via-de-servicio-de-la-a-33-competencia-del-ministerio-de-transportes\/#primaryimage"},"thumbnailUrl":"https:\/\/www.caudete.org\/ayuntamiento\/wp-content\/uploads\/2025\/11\/6bf3390b-5ab4-4e52-905b-35ba3589c345.jpg","articleSection":["Medio Rural"],"inLanguage":"es"},{"@type":"WebPage","@id":"https:\/\/www.caudete.org\/ayuntamiento\/finalizan-las-obras-de-reparacion-de-la-via-de-servicio-de-la-a-33-competencia-del-ministerio-de-transportes\/","url":"https:\/\/www.caudete.org\/ayuntamiento\/finalizan-las-obras-de-reparacion-de-la-via-de-servicio-de-la-a-33-competencia-del-ministerio-de-transportes\/","name":"Finalizan las obras de reparaci\u00f3n de la v\u00eda de servicio de la A-33 en el tramo de Caudete. - MI Ayuntamiento de Caudete","isPartOf":{"@id":"https:\/\/www.caudete.org\/ayuntamiento\/#website"},"primaryImageOfPage":{"@id":"https:\/\/www.caudete.org\/ayuntamiento\/finalizan-las-obras-de-reparacion-de-la-via-de-servicio-de-la-a-33-competencia-del-ministerio-de-transportes\/#primaryimage"},"image":{"@id":"https:\/\/www.caudete.org\/ayuntamiento\/finalizan-las-obras-de-reparacion-de-la-via-de-servicio-de-la-a-33-competencia-del-ministerio-de-transportes\/#primaryimage"},"thumbnailUrl":"https:\/\/www.caudete.org\/ayuntamiento\/wp-content\/uploads\/2025\/11\/6bf3390b-5ab4-4e52-905b-35ba3589c345.jpg","datePublished":"2025-11-24T10:19:24+00:00","dateModified":"2025-11-26T18:38:47+00:00","author":{"@id":"https:\/\/www.caudete.org\/ayuntamiento\/#\/schema\/person\/20dfe238fe5ee9d5f5e69267aa623e05"},"description":"P\u00e1gina Oficial del Ayuntamiento de Caudete (Albacete)","breadcrumb":{"@id":"https:\/\/www.caudete.org\/ayuntamiento\/finalizan-las-obras-de-reparacion-de-la-via-de-servicio-de-la-a-33-competencia-del-ministerio-de-transportes\/#breadcrumb"},"inLanguage":"es","potentialAction":[{"@type":"ReadAction","target":["https:\/\/www.caudete.org\/ayuntamiento\/finalizan-las-obras-de-reparacion-de-la-via-de-servicio-de-la-a-33-competencia-del-ministerio-de-transportes\/"]}]},{"@type":"ImageObject","inLanguage":"es","@id":"https:\/\/www.caudete.org\/ayuntamiento\/finalizan-las-obras-de-reparacion-de-la-via-de-servicio-de-la-a-33-competencia-del-ministerio-de-transportes\/#primaryimage","url":"https:\/\/www.caudete.org\/ayuntamiento\/wp-content\/uploads\/2025\/11\/6bf3390b-5ab4-4e52-905b-35ba3589c345.jpg","contentUrl":"https:\/\/www.caudete.org\/ayuntamiento\/wp-content\/uploads\/2025\/11\/6bf3390b-5ab4-4e52-905b-35ba3589c345.jpg","width":1200,"height":1600},{"@type":"BreadcrumbList","@id":"https:\/\/www.caudete.org\/ayuntamiento\/finalizan-las-obras-de-reparacion-de-la-via-de-servicio-de-la-a-33-competencia-del-ministerio-de-transportes\/#breadcrumb","itemListElement":[{"@type":"ListItem","position":1,"name":"Inicio","item":"https:\/\/www.caudete.org\/ayuntamiento\/"},{"@type":"ListItem","position":2,"name":"Finalizan las obras de reparaci\u00f3n de la v\u00eda de servicio de la A-33 en el tramo de Caudete."}]},{"@type":"WebSite","@id":"https:\/\/www.caudete.org\/ayuntamiento\/#website","url":"https:\/\/www.caudete.org\/ayuntamiento\/","name":"MI Ayuntamiento de Caudete","description":"P\u00e1gina Oficial del MI Ayuntamiento de Caudete","potentialAction":[{"@type":"SearchAction","target":{"@type":"EntryPoint","urlTemplate":"https:\/\/www.caudete.org\/ayuntamiento\/?s={search_term_string}"},"query-input":{"@type":"PropertyValueSpecification","valueRequired":true,"valueName":"search_term_string"}}],"inLanguage":"es"},{"@type":"Person","@id":"https:\/\/www.caudete.org\/ayuntamiento\/#\/schema\/person\/20dfe238fe5ee9d5f5e69267aa623e05","name":"ConceMediosComunicacion","image":{"@type":"ImageObject","inLanguage":"es","@id":"https:\/\/secure.gravatar.com\/avatar\/9d162043ba1cd4ab14413e29fdb3655bfccde37e65ca99013604f8d2a19c636d?s=96&d=mm&r=g","url":"https:\/\/secure.gravatar.com\/avatar\/9d162043ba1cd4ab14413e29fdb3655bfccde37e65ca99013604f8d2a19c636d?s=96&d=mm&r=g","contentUrl":"https:\/\/secure.gravatar.com\/avatar\/9d162043ba1cd4ab14413e29fdb3655bfccde37e65ca99013604f8d2a19c636d?s=96&d=mm&r=g","caption":"ConceMediosComunicacion"},"url":"https:\/\/www.caudete.org\/ayuntamiento\/author\/concemedioscomunicacion\/"}]}},"_links":{"self":[{"href":"https:\/\/www.caudete.org\/ayuntamiento\/wp-json\/wp\/v2\/posts\/31662","targetHints":{"allow":["GET"]}}],"collection":[{"href":"https:\/\/www.caudete.org\/ayuntamiento\/wp-json\/wp\/v2\/posts"}],"about":[{"href":"https:\/\/www.caudete.org\/ayuntamiento\/wp-json\/wp\/v2\/types\/post"}],"author":[{"embeddable":true,"href":"https:\/\/www.caudete.org\/ayuntamiento\/wp-json\/wp\/v2\/users\/7"}],"replies":[{"embeddable":true,"href":"https:\/\/www.caudete.org\/ayuntamiento\/wp-json\/wp\/v2\/comments?post=31662"}],"version-history":[{"count":4,"href":"https:\/\/www.caudete.org\/ayuntamiento\/wp-json\/wp\/v2\/posts\/31662\/revisions"}],"predecessor-version":[{"id":31684,"href":"https:\/\/www.caudete.org\/ayuntamiento\/wp-json\/wp\/v2\/posts\/31662\/revisions\/31684"}],"wp:featuredmedia":[{"embeddable":true,"href":"https:\/\/www.caudete.org\/ayuntamiento\/wp-json\/wp\/v2\/media\/31674"}],"wp:attachment":[{"href":"https:\/\/www.caudete.org\/ayuntamiento\/wp-json\/wp\/v2\/media?parent=31662"}],"wp:term":[{"taxonomy":"category","embeddable":true,"href":"https:\/\/www.caudete.org\/ayuntamiento\/wp-json\/wp\/v2\/categories?post=31662"},{"taxonomy":"post_tag","embeddable":true,"href":"https:\/\/www.caudete.org\/ayuntamiento\/wp-json\/wp\/v2\/tags?post=31662"}],"curies":[{"name":"wp","href":"https:\/\/api.w.org\/{rel}","templated":true}]}}