{"id":31675,"date":"2025-11-26T14:21:29","date_gmt":"2025-11-26T13:21:29","guid":{"rendered":"https:\/\/www.caudete.org\/ayuntamiento\/?p=31675"},"modified":"2025-12-01T09:06:21","modified_gmt":"2025-12-01T08:06:21","slug":"ridi-pagliaccio-llega-al-auditorio-municipal-para-emocionar-y-hacer-reir-a-toda-la-familia","status":"publish","type":"post","link":"https:\/\/www.caudete.org\/ayuntamiento\/ridi-pagliaccio-llega-al-auditorio-municipal-para-emocionar-y-hacer-reir-a-toda-la-familia\/","title":{"rendered":"\u201cRidi Pagliaccio\u201d llega al Auditorio Municipal para emocionar y hacer re\u00edr a toda la familia"},"content":{"rendered":"<p style=\"text-align: justify;\">La Concejal de Cultura del M.I. Ayuntamiento de Caudete, <strong>Manuela Gonz\u00e1lez Solera<\/strong>, presenta la llegada a nuestra localidad de uno de los espect\u00e1culos m\u00e1s aclamados dentro del ciclo provincial de circo impulsado por <strong>Cultural Albacete<\/strong> y enmarcado en la <strong>Red de Artes Esc\u00e9nicas de la JCCM \u2013 Oto\u00f1o 2025<\/strong>. Se trata de <strong>\u201cRidi Pagliaccio\u201d<\/strong>, de la compa\u00f1\u00eda extreme\u00f1a <strong>Asaco Producciones<\/strong>, una deliciosa y conmovedora propuesta para todos los p\u00fablicos.<\/p>\n<p style=\"text-align: justify;\">Inspirado en la c\u00e9lebre aria <strong>\u201cVesti la giubba\u201d<\/strong> de la \u00f3pera <em>Pagliacci<\/em>, este espect\u00e1culo recupera la esencia del circo cl\u00e1sico a trav\u00e9s de un d\u00fao inolvidable: <strong>Carablanca y Augusto<\/strong>, dos hermanos que sue\u00f1an con hacer \u00f3pera, pero que terminan descubriendo \u2014con humor, ternura y mucha m\u00fasica\u2014 el verdadero destino del clown: <strong>hacer re\u00edr incluso con el coraz\u00f3n roto<\/strong>.<\/p>\n<p style=\"text-align: justify;\">Durante <strong>55 minutos <\/strong>el p\u00fablico disfrutar\u00e1 de risas, l\u00e1grimas, amor, canto y un sinf\u00edn de payasadas, envueltas en la elegancia y poes\u00eda del clown tradicional.<br \/>\nBajo la <strong>direcci\u00f3n de Jaume Mateu<\/strong> y con el <strong>asesoramiento art\u00edstico de Pepe Viyuela<\/strong>, los actores-clowns <strong>Jos\u00e9 A. Maestro<\/strong> y <strong>Francisco Javier Ceballos<\/strong> dan vida a los hermanos Saquetti, quienes se enfrentan a un hilarante conflicto: uno intenta interpretar las grandes \u00f3peras de Puccini o Donizetti, mientras el otro insiste en interrumpir con m\u00fasica popular y rutinas dom\u00e9sticas.<\/p>\n<p style=\"text-align: justify;\">Las trifulcas entre ambos har\u00e1n vibrar tanto a peque\u00f1os como a mayores, que no solo reir\u00e1n a carcajadas, sino que incluso participar\u00e1n activamente en la historia. El montaje termina con un divertido <strong>refer\u00e9ndum en directo<\/strong>, donde el p\u00fablico decide si los hermanos deben reconciliarse o emprender caminos separados.<\/p>\n<p style=\"text-align: justify;\">\u201cRidi Pagliaccio\u201d es un homenaje a la risa, al amor fraternal y al lenguaje universal del clown, que ya ha conquistado a espectadores de todas las edades, llenando teatros entre carcajadas y momentos inolvidables.<\/p>\n<p style=\"text-align: justify;\">El pr\u00f3ximo domingo <strong>30 de noviembre a las<\/strong> 18:00 h en el Auditorio Municipal de Caudete. <strong>Entradas:<\/strong> Disponibles en la Casa de Cultura a partir del <strong>martes 25 de noviembre.<\/strong><\/p>\n<p style=\"text-align: justify;\">Una cita imprescindible para disfrutar en familia y dejarse llevar por la magia eterna del circo y la \u00f3pera\u2026 entre risas, m\u00fasica y coraz\u00f3n.<\/p>\n<p><img fetchpriority=\"high\" decoding=\"async\" class=\"alignnone wp-image-31676 size-full\" src=\"https:\/\/www.caudete.org\/ayuntamiento\/wp-content\/uploads\/2025\/11\/cartel-jccm-Ridi.jpg\" alt=\"\" width=\"1000\" height=\"1415\" srcset=\"https:\/\/www.caudete.org\/ayuntamiento\/wp-content\/uploads\/2025\/11\/cartel-jccm-Ridi.jpg 1000w, https:\/\/www.caudete.org\/ayuntamiento\/wp-content\/uploads\/2025\/11\/cartel-jccm-Ridi-565x800.jpg 565w, https:\/\/www.caudete.org\/ayuntamiento\/wp-content\/uploads\/2025\/11\/cartel-jccm-Ridi-636x900.jpg 636w, https:\/\/www.caudete.org\/ayuntamiento\/wp-content\/uploads\/2025\/11\/cartel-jccm-Ridi-155x220.jpg 155w, https:\/\/www.caudete.org\/ayuntamiento\/wp-content\/uploads\/2025\/11\/cartel-jccm-Ridi-768x1087.jpg 768w\" sizes=\"(max-width: 1000px) 100vw, 1000px\" \/> <img decoding=\"async\" class=\"alignnone wp-image-31677 size-full\" src=\"https:\/\/www.caudete.org\/ayuntamiento\/wp-content\/uploads\/2025\/11\/5.jpg\" alt=\"\" width=\"1000\" height=\"668\" srcset=\"https:\/\/www.caudete.org\/ayuntamiento\/wp-content\/uploads\/2025\/11\/5.jpg 1000w, https:\/\/www.caudete.org\/ayuntamiento\/wp-content\/uploads\/2025\/11\/5-329x220.jpg 329w, https:\/\/www.caudete.org\/ayuntamiento\/wp-content\/uploads\/2025\/11\/5-768x513.jpg 768w\" sizes=\"(max-width: 1000px) 100vw, 1000px\" \/> <img decoding=\"async\" class=\"alignnone wp-image-31678 size-full\" src=\"https:\/\/www.caudete.org\/ayuntamiento\/wp-content\/uploads\/2025\/11\/6.jpg\" alt=\"\" width=\"1000\" height=\"668\" srcset=\"https:\/\/www.caudete.org\/ayuntamiento\/wp-content\/uploads\/2025\/11\/6.jpg 1000w, https:\/\/www.caudete.org\/ayuntamiento\/wp-content\/uploads\/2025\/11\/6-329x220.jpg 329w, https:\/\/www.caudete.org\/ayuntamiento\/wp-content\/uploads\/2025\/11\/6-768x513.jpg 768w\" sizes=\"(max-width: 1000px) 100vw, 1000px\" \/> <img loading=\"lazy\" decoding=\"async\" class=\"alignnone wp-image-31679 size-full\" src=\"https:\/\/www.caudete.org\/ayuntamiento\/wp-content\/uploads\/2025\/11\/8.jpg\" alt=\"\" width=\"1000\" height=\"668\" srcset=\"https:\/\/www.caudete.org\/ayuntamiento\/wp-content\/uploads\/2025\/11\/8.jpg 1000w, https:\/\/www.caudete.org\/ayuntamiento\/wp-content\/uploads\/2025\/11\/8-329x220.jpg 329w, https:\/\/www.caudete.org\/ayuntamiento\/wp-content\/uploads\/2025\/11\/8-768x513.jpg 768w\" sizes=\"(max-width: 1000px) 100vw, 1000px\" \/><\/p>\n","protected":false},"excerpt":{"rendered":"<p>La Concejal de Cultura del M.I. Ayuntamiento de Caudete, Manuela Gonz\u00e1lez Solera, presenta la llegada a nuestra localidad de uno de los espect\u00e1culos m\u00e1s aclamados dentro del ciclo provincial de circo impulsado por Cultural Albacete y enmarcado en la Red de Artes Esc\u00e9nicas de la JCCM \u2013 Oto\u00f1o 2025. Se trata de \u201cRidi Pagliaccio\u201d, de &hellip;<\/p>\n","protected":false},"author":6,"featured_media":31680,"comment_status":"closed","ping_status":"open","sticky":false,"template":"","format":"standard","meta":{"ngg_post_thumbnail":0,"footnotes":""},"categories":[14],"tags":[],"class_list":["post-31675","post","type-post","status-publish","format-standard","has-post-thumbnail","hentry","category-cultura"],"yoast_head":"<!-- This site is optimized with the Yoast SEO plugin v27.5 - https:\/\/yoast.com\/product\/yoast-seo-wordpress\/ -->\n<title>\u201cRidi Pagliaccio\u201d llega al Auditorio Municipal para emocionar y hacer re\u00edr a toda la familia - MI Ayuntamiento de Caudete<\/title>\n<meta name=\"description\" content=\"P\u00e1gina Oficial del Ayuntamiento de Caudete (Albacete)\" \/>\n<meta name=\"robots\" content=\"index, follow, max-snippet:-1, max-image-preview:large, max-video-preview:-1\" \/>\n<link rel=\"canonical\" href=\"https:\/\/www.caudete.org\/ayuntamiento\/ridi-pagliaccio-llega-al-auditorio-municipal-para-emocionar-y-hacer-reir-a-toda-la-familia\/\" \/>\n<meta property=\"og:locale\" content=\"es_ES\" \/>\n<meta property=\"og:type\" content=\"article\" \/>\n<meta property=\"og:title\" content=\"\u201cRidi Pagliaccio\u201d llega al Auditorio Municipal para emocionar y hacer re\u00edr a toda la familia - MI Ayuntamiento de Caudete\" \/>\n<meta property=\"og:description\" content=\"P\u00e1gina Oficial del Ayuntamiento de Caudete (Albacete)\" \/>\n<meta property=\"og:url\" content=\"https:\/\/www.caudete.org\/ayuntamiento\/ridi-pagliaccio-llega-al-auditorio-municipal-para-emocionar-y-hacer-reir-a-toda-la-familia\/\" \/>\n<meta property=\"og:site_name\" content=\"MI Ayuntamiento de Caudete\" \/>\n<meta property=\"article:publisher\" content=\"https:\/\/www.facebook.com\/ayuntamientocaudete\/\" \/>\n<meta property=\"article:published_time\" content=\"2025-11-26T13:21:29+00:00\" \/>\n<meta property=\"article:modified_time\" content=\"2025-12-01T08:06:21+00:00\" \/>\n<meta property=\"og:image\" content=\"https:\/\/www.caudete.org\/ayuntamiento\/wp-content\/uploads\/2025\/11\/cartel-jccm-Ridi-port.jpg\" \/>\n\t<meta property=\"og:image:width\" content=\"864\" \/>\n\t<meta property=\"og:image:height\" content=\"380\" \/>\n\t<meta property=\"og:image:type\" content=\"image\/jpeg\" \/>\n<meta name=\"author\" content=\"informatica2\" \/>\n<meta name=\"twitter:card\" content=\"summary_large_image\" \/>\n<meta name=\"twitter:label1\" content=\"Escrito por\" \/>\n\t<meta name=\"twitter:data1\" content=\"informatica2\" \/>\n\t<meta name=\"twitter:label2\" content=\"Tiempo de lectura\" \/>\n\t<meta name=\"twitter:data2\" content=\"3 minutos\" \/>\n<script type=\"application\/ld+json\" class=\"yoast-schema-graph\">{\"@context\":\"https:\\\/\\\/schema.org\",\"@graph\":[{\"@type\":\"Article\",\"@id\":\"https:\\\/\\\/www.caudete.org\\\/ayuntamiento\\\/ridi-pagliaccio-llega-al-auditorio-municipal-para-emocionar-y-hacer-reir-a-toda-la-familia\\\/#article\",\"isPartOf\":{\"@id\":\"https:\\\/\\\/www.caudete.org\\\/ayuntamiento\\\/ridi-pagliaccio-llega-al-auditorio-municipal-para-emocionar-y-hacer-reir-a-toda-la-familia\\\/\"},\"author\":{\"name\":\"informatica2\",\"@id\":\"https:\\\/\\\/www.caudete.org\\\/ayuntamiento\\\/#\\\/schema\\\/person\\\/abfa5ffd5010a14e078c21e6e61b6291\"},\"headline\":\"\u201cRidi Pagliaccio\u201d llega al Auditorio Municipal para emocionar y hacer re\u00edr a toda la familia\",\"datePublished\":\"2025-11-26T13:21:29+00:00\",\"dateModified\":\"2025-12-01T08:06:21+00:00\",\"mainEntityOfPage\":{\"@id\":\"https:\\\/\\\/www.caudete.org\\\/ayuntamiento\\\/ridi-pagliaccio-llega-al-auditorio-municipal-para-emocionar-y-hacer-reir-a-toda-la-familia\\\/\"},\"wordCount\":391,\"image\":{\"@id\":\"https:\\\/\\\/www.caudete.org\\\/ayuntamiento\\\/ridi-pagliaccio-llega-al-auditorio-municipal-para-emocionar-y-hacer-reir-a-toda-la-familia\\\/#primaryimage\"},\"thumbnailUrl\":\"https:\\\/\\\/www.caudete.org\\\/ayuntamiento\\\/wp-content\\\/uploads\\\/2025\\\/11\\\/cartel-jccm-Ridi-port.jpg\",\"articleSection\":[\"Cultura\"],\"inLanguage\":\"es\"},{\"@type\":\"WebPage\",\"@id\":\"https:\\\/\\\/www.caudete.org\\\/ayuntamiento\\\/ridi-pagliaccio-llega-al-auditorio-municipal-para-emocionar-y-hacer-reir-a-toda-la-familia\\\/\",\"url\":\"https:\\\/\\\/www.caudete.org\\\/ayuntamiento\\\/ridi-pagliaccio-llega-al-auditorio-municipal-para-emocionar-y-hacer-reir-a-toda-la-familia\\\/\",\"name\":\"\u201cRidi Pagliaccio\u201d llega al Auditorio Municipal para emocionar y hacer re\u00edr a toda la familia - MI Ayuntamiento de Caudete\",\"isPartOf\":{\"@id\":\"https:\\\/\\\/www.caudete.org\\\/ayuntamiento\\\/#website\"},\"primaryImageOfPage\":{\"@id\":\"https:\\\/\\\/www.caudete.org\\\/ayuntamiento\\\/ridi-pagliaccio-llega-al-auditorio-municipal-para-emocionar-y-hacer-reir-a-toda-la-familia\\\/#primaryimage\"},\"image\":{\"@id\":\"https:\\\/\\\/www.caudete.org\\\/ayuntamiento\\\/ridi-pagliaccio-llega-al-auditorio-municipal-para-emocionar-y-hacer-reir-a-toda-la-familia\\\/#primaryimage\"},\"thumbnailUrl\":\"https:\\\/\\\/www.caudete.org\\\/ayuntamiento\\\/wp-content\\\/uploads\\\/2025\\\/11\\\/cartel-jccm-Ridi-port.jpg\",\"datePublished\":\"2025-11-26T13:21:29+00:00\",\"dateModified\":\"2025-12-01T08:06:21+00:00\",\"author\":{\"@id\":\"https:\\\/\\\/www.caudete.org\\\/ayuntamiento\\\/#\\\/schema\\\/person\\\/abfa5ffd5010a14e078c21e6e61b6291\"},\"description\":\"P\u00e1gina Oficial del Ayuntamiento de Caudete (Albacete)\",\"breadcrumb\":{\"@id\":\"https:\\\/\\\/www.caudete.org\\\/ayuntamiento\\\/ridi-pagliaccio-llega-al-auditorio-municipal-para-emocionar-y-hacer-reir-a-toda-la-familia\\\/#breadcrumb\"},\"inLanguage\":\"es\",\"potentialAction\":[{\"@type\":\"ReadAction\",\"target\":[\"https:\\\/\\\/www.caudete.org\\\/ayuntamiento\\\/ridi-pagliaccio-llega-al-auditorio-municipal-para-emocionar-y-hacer-reir-a-toda-la-familia\\\/\"]}]},{\"@type\":\"ImageObject\",\"inLanguage\":\"es\",\"@id\":\"https:\\\/\\\/www.caudete.org\\\/ayuntamiento\\\/ridi-pagliaccio-llega-al-auditorio-municipal-para-emocionar-y-hacer-reir-a-toda-la-familia\\\/#primaryimage\",\"url\":\"https:\\\/\\\/www.caudete.org\\\/ayuntamiento\\\/wp-content\\\/uploads\\\/2025\\\/11\\\/cartel-jccm-Ridi-port.jpg\",\"contentUrl\":\"https:\\\/\\\/www.caudete.org\\\/ayuntamiento\\\/wp-content\\\/uploads\\\/2025\\\/11\\\/cartel-jccm-Ridi-port.jpg\",\"width\":864,\"height\":380},{\"@type\":\"BreadcrumbList\",\"@id\":\"https:\\\/\\\/www.caudete.org\\\/ayuntamiento\\\/ridi-pagliaccio-llega-al-auditorio-municipal-para-emocionar-y-hacer-reir-a-toda-la-familia\\\/#breadcrumb\",\"itemListElement\":[{\"@type\":\"ListItem\",\"position\":1,\"name\":\"Inicio\",\"item\":\"https:\\\/\\\/www.caudete.org\\\/ayuntamiento\\\/\"},{\"@type\":\"ListItem\",\"position\":2,\"name\":\"\u201cRidi Pagliaccio\u201d llega al Auditorio Municipal para emocionar y hacer re\u00edr a toda la familia\"}]},{\"@type\":\"WebSite\",\"@id\":\"https:\\\/\\\/www.caudete.org\\\/ayuntamiento\\\/#website\",\"url\":\"https:\\\/\\\/www.caudete.org\\\/ayuntamiento\\\/\",\"name\":\"MI Ayuntamiento de Caudete\",\"description\":\"P\u00e1gina Oficial del MI Ayuntamiento de Caudete\",\"potentialAction\":[{\"@type\":\"SearchAction\",\"target\":{\"@type\":\"EntryPoint\",\"urlTemplate\":\"https:\\\/\\\/www.caudete.org\\\/ayuntamiento\\\/?s={search_term_string}\"},\"query-input\":{\"@type\":\"PropertyValueSpecification\",\"valueRequired\":true,\"valueName\":\"search_term_string\"}}],\"inLanguage\":\"es\"},{\"@type\":\"Person\",\"@id\":\"https:\\\/\\\/www.caudete.org\\\/ayuntamiento\\\/#\\\/schema\\\/person\\\/abfa5ffd5010a14e078c21e6e61b6291\",\"name\":\"informatica2\",\"image\":{\"@type\":\"ImageObject\",\"inLanguage\":\"es\",\"@id\":\"https:\\\/\\\/secure.gravatar.com\\\/avatar\\\/b089890ff033a3e4d03eec00ecb5a14425217205c513f60ec32ebeaaeb5fa700?s=96&d=mm&r=g\",\"url\":\"https:\\\/\\\/secure.gravatar.com\\\/avatar\\\/b089890ff033a3e4d03eec00ecb5a14425217205c513f60ec32ebeaaeb5fa700?s=96&d=mm&r=g\",\"contentUrl\":\"https:\\\/\\\/secure.gravatar.com\\\/avatar\\\/b089890ff033a3e4d03eec00ecb5a14425217205c513f60ec32ebeaaeb5fa700?s=96&d=mm&r=g\",\"caption\":\"informatica2\"},\"url\":\"https:\\\/\\\/www.caudete.org\\\/ayuntamiento\\\/author\\\/informatica2\\\/\"}]}<\/script>\n<!-- \/ Yoast SEO plugin. -->","yoast_head_json":{"title":"\u201cRidi Pagliaccio\u201d llega al Auditorio Municipal para emocionar y hacer re\u00edr a toda la familia - MI Ayuntamiento de Caudete","description":"P\u00e1gina Oficial del Ayuntamiento de Caudete (Albacete)","robots":{"index":"index","follow":"follow","max-snippet":"max-snippet:-1","max-image-preview":"max-image-preview:large","max-video-preview":"max-video-preview:-1"},"canonical":"https:\/\/www.caudete.org\/ayuntamiento\/ridi-pagliaccio-llega-al-auditorio-municipal-para-emocionar-y-hacer-reir-a-toda-la-familia\/","og_locale":"es_ES","og_type":"article","og_title":"\u201cRidi Pagliaccio\u201d llega al Auditorio Municipal para emocionar y hacer re\u00edr a toda la familia - MI Ayuntamiento de Caudete","og_description":"P\u00e1gina Oficial del Ayuntamiento de Caudete (Albacete)","og_url":"https:\/\/www.caudete.org\/ayuntamiento\/ridi-pagliaccio-llega-al-auditorio-municipal-para-emocionar-y-hacer-reir-a-toda-la-familia\/","og_site_name":"MI Ayuntamiento de Caudete","article_publisher":"https:\/\/www.facebook.com\/ayuntamientocaudete\/","article_published_time":"2025-11-26T13:21:29+00:00","article_modified_time":"2025-12-01T08:06:21+00:00","og_image":[{"width":864,"height":380,"url":"https:\/\/www.caudete.org\/ayuntamiento\/wp-content\/uploads\/2025\/11\/cartel-jccm-Ridi-port.jpg","type":"image\/jpeg"}],"author":"informatica2","twitter_card":"summary_large_image","twitter_misc":{"Escrito por":"informatica2","Tiempo de lectura":"3 minutos"},"schema":{"@context":"https:\/\/schema.org","@graph":[{"@type":"Article","@id":"https:\/\/www.caudete.org\/ayuntamiento\/ridi-pagliaccio-llega-al-auditorio-municipal-para-emocionar-y-hacer-reir-a-toda-la-familia\/#article","isPartOf":{"@id":"https:\/\/www.caudete.org\/ayuntamiento\/ridi-pagliaccio-llega-al-auditorio-municipal-para-emocionar-y-hacer-reir-a-toda-la-familia\/"},"author":{"name":"informatica2","@id":"https:\/\/www.caudete.org\/ayuntamiento\/#\/schema\/person\/abfa5ffd5010a14e078c21e6e61b6291"},"headline":"\u201cRidi Pagliaccio\u201d llega al Auditorio Municipal para emocionar y hacer re\u00edr a toda la familia","datePublished":"2025-11-26T13:21:29+00:00","dateModified":"2025-12-01T08:06:21+00:00","mainEntityOfPage":{"@id":"https:\/\/www.caudete.org\/ayuntamiento\/ridi-pagliaccio-llega-al-auditorio-municipal-para-emocionar-y-hacer-reir-a-toda-la-familia\/"},"wordCount":391,"image":{"@id":"https:\/\/www.caudete.org\/ayuntamiento\/ridi-pagliaccio-llega-al-auditorio-municipal-para-emocionar-y-hacer-reir-a-toda-la-familia\/#primaryimage"},"thumbnailUrl":"https:\/\/www.caudete.org\/ayuntamiento\/wp-content\/uploads\/2025\/11\/cartel-jccm-Ridi-port.jpg","articleSection":["Cultura"],"inLanguage":"es"},{"@type":"WebPage","@id":"https:\/\/www.caudete.org\/ayuntamiento\/ridi-pagliaccio-llega-al-auditorio-municipal-para-emocionar-y-hacer-reir-a-toda-la-familia\/","url":"https:\/\/www.caudete.org\/ayuntamiento\/ridi-pagliaccio-llega-al-auditorio-municipal-para-emocionar-y-hacer-reir-a-toda-la-familia\/","name":"\u201cRidi Pagliaccio\u201d llega al Auditorio Municipal para emocionar y hacer re\u00edr a toda la familia - MI Ayuntamiento de Caudete","isPartOf":{"@id":"https:\/\/www.caudete.org\/ayuntamiento\/#website"},"primaryImageOfPage":{"@id":"https:\/\/www.caudete.org\/ayuntamiento\/ridi-pagliaccio-llega-al-auditorio-municipal-para-emocionar-y-hacer-reir-a-toda-la-familia\/#primaryimage"},"image":{"@id":"https:\/\/www.caudete.org\/ayuntamiento\/ridi-pagliaccio-llega-al-auditorio-municipal-para-emocionar-y-hacer-reir-a-toda-la-familia\/#primaryimage"},"thumbnailUrl":"https:\/\/www.caudete.org\/ayuntamiento\/wp-content\/uploads\/2025\/11\/cartel-jccm-Ridi-port.jpg","datePublished":"2025-11-26T13:21:29+00:00","dateModified":"2025-12-01T08:06:21+00:00","author":{"@id":"https:\/\/www.caudete.org\/ayuntamiento\/#\/schema\/person\/abfa5ffd5010a14e078c21e6e61b6291"},"description":"P\u00e1gina Oficial del Ayuntamiento de Caudete (Albacete)","breadcrumb":{"@id":"https:\/\/www.caudete.org\/ayuntamiento\/ridi-pagliaccio-llega-al-auditorio-municipal-para-emocionar-y-hacer-reir-a-toda-la-familia\/#breadcrumb"},"inLanguage":"es","potentialAction":[{"@type":"ReadAction","target":["https:\/\/www.caudete.org\/ayuntamiento\/ridi-pagliaccio-llega-al-auditorio-municipal-para-emocionar-y-hacer-reir-a-toda-la-familia\/"]}]},{"@type":"ImageObject","inLanguage":"es","@id":"https:\/\/www.caudete.org\/ayuntamiento\/ridi-pagliaccio-llega-al-auditorio-municipal-para-emocionar-y-hacer-reir-a-toda-la-familia\/#primaryimage","url":"https:\/\/www.caudete.org\/ayuntamiento\/wp-content\/uploads\/2025\/11\/cartel-jccm-Ridi-port.jpg","contentUrl":"https:\/\/www.caudete.org\/ayuntamiento\/wp-content\/uploads\/2025\/11\/cartel-jccm-Ridi-port.jpg","width":864,"height":380},{"@type":"BreadcrumbList","@id":"https:\/\/www.caudete.org\/ayuntamiento\/ridi-pagliaccio-llega-al-auditorio-municipal-para-emocionar-y-hacer-reir-a-toda-la-familia\/#breadcrumb","itemListElement":[{"@type":"ListItem","position":1,"name":"Inicio","item":"https:\/\/www.caudete.org\/ayuntamiento\/"},{"@type":"ListItem","position":2,"name":"\u201cRidi Pagliaccio\u201d llega al Auditorio Municipal para emocionar y hacer re\u00edr a toda la familia"}]},{"@type":"WebSite","@id":"https:\/\/www.caudete.org\/ayuntamiento\/#website","url":"https:\/\/www.caudete.org\/ayuntamiento\/","name":"MI Ayuntamiento de Caudete","description":"P\u00e1gina Oficial del MI Ayuntamiento de Caudete","potentialAction":[{"@type":"SearchAction","target":{"@type":"EntryPoint","urlTemplate":"https:\/\/www.caudete.org\/ayuntamiento\/?s={search_term_string}"},"query-input":{"@type":"PropertyValueSpecification","valueRequired":true,"valueName":"search_term_string"}}],"inLanguage":"es"},{"@type":"Person","@id":"https:\/\/www.caudete.org\/ayuntamiento\/#\/schema\/person\/abfa5ffd5010a14e078c21e6e61b6291","name":"informatica2","image":{"@type":"ImageObject","inLanguage":"es","@id":"https:\/\/secure.gravatar.com\/avatar\/b089890ff033a3e4d03eec00ecb5a14425217205c513f60ec32ebeaaeb5fa700?s=96&d=mm&r=g","url":"https:\/\/secure.gravatar.com\/avatar\/b089890ff033a3e4d03eec00ecb5a14425217205c513f60ec32ebeaaeb5fa700?s=96&d=mm&r=g","contentUrl":"https:\/\/secure.gravatar.com\/avatar\/b089890ff033a3e4d03eec00ecb5a14425217205c513f60ec32ebeaaeb5fa700?s=96&d=mm&r=g","caption":"informatica2"},"url":"https:\/\/www.caudete.org\/ayuntamiento\/author\/informatica2\/"}]}},"_links":{"self":[{"href":"https:\/\/www.caudete.org\/ayuntamiento\/wp-json\/wp\/v2\/posts\/31675","targetHints":{"allow":["GET"]}}],"collection":[{"href":"https:\/\/www.caudete.org\/ayuntamiento\/wp-json\/wp\/v2\/posts"}],"about":[{"href":"https:\/\/www.caudete.org\/ayuntamiento\/wp-json\/wp\/v2\/types\/post"}],"author":[{"embeddable":true,"href":"https:\/\/www.caudete.org\/ayuntamiento\/wp-json\/wp\/v2\/users\/6"}],"replies":[{"embeddable":true,"href":"https:\/\/www.caudete.org\/ayuntamiento\/wp-json\/wp\/v2\/comments?post=31675"}],"version-history":[{"count":4,"href":"https:\/\/www.caudete.org\/ayuntamiento\/wp-json\/wp\/v2\/posts\/31675\/revisions"}],"predecessor-version":[{"id":31686,"href":"https:\/\/www.caudete.org\/ayuntamiento\/wp-json\/wp\/v2\/posts\/31675\/revisions\/31686"}],"wp:featuredmedia":[{"embeddable":true,"href":"https:\/\/www.caudete.org\/ayuntamiento\/wp-json\/wp\/v2\/media\/31680"}],"wp:attachment":[{"href":"https:\/\/www.caudete.org\/ayuntamiento\/wp-json\/wp\/v2\/media?parent=31675"}],"wp:term":[{"taxonomy":"category","embeddable":true,"href":"https:\/\/www.caudete.org\/ayuntamiento\/wp-json\/wp\/v2\/categories?post=31675"},{"taxonomy":"post_tag","embeddable":true,"href":"https:\/\/www.caudete.org\/ayuntamiento\/wp-json\/wp\/v2\/tags?post=31675"}],"curies":[{"name":"wp","href":"https:\/\/api.w.org\/{rel}","templated":true}]}}