{"id":31702,"date":"2025-11-28T14:37:02","date_gmt":"2025-11-28T13:37:02","guid":{"rendered":"https:\/\/www.caudete.org\/ayuntamiento\/?p=31702"},"modified":"2025-12-04T11:55:49","modified_gmt":"2025-12-04T10:55:49","slug":"apoyo-al-desarrollo-personal-y-aprendizaje-internacional-a-los-jovenes-del-municipio-gracias-a-los-proyectos-de-voluntariado-del-cuerpo-europeo-de-solidaridad","status":"publish","type":"post","link":"https:\/\/www.caudete.org\/ayuntamiento\/apoyo-al-desarrollo-personal-y-aprendizaje-internacional-a-los-jovenes-del-municipio-gracias-a-los-proyectos-de-voluntariado-del-cuerpo-europeo-de-solidaridad\/","title":{"rendered":"Apoyo al desarrollo personal y aprendizaje internacional de los j\u00f3venes del municipio gracias a los proyectos de voluntariado del Cuerpo Europeo de Solidaridad"},"content":{"rendered":"<p style=\"text-align: justify;\">Financiado por el programa Cuerpo Europeo de Solidaridad, el segundo proyecto de voluntariado europeo del Ayuntamiento de Caudete, que comenz\u00f3 en junio de 2024, est\u00e1 permitiendo a j\u00f3venes del municipio vivir experiencias de voluntariado de larga duraci\u00f3n en Europa en entidades que trabajan en proyectos solidarios.<\/p>\n<p style=\"text-align: justify;\">En concreto, Jonathan est\u00e1 realizando una actividad de voluntariado de once meses de duraci\u00f3n en la entidad con sede en Bruselas (B\u00e9lgica), Centro Europeo de Voluntariado (CEV), red europea de m\u00e1s de 60 organizaciones dedicadas a la promoci\u00f3n y apoyo al voluntariado en Europa a nivel europeo, nacional o regional. La organizaci\u00f3n, que apoya el voluntariado a trav\u00e9s de la promoci\u00f3n, el intercambio de conocimientos y el desarrollo de capacidades, canaliza las prioridades y preocupaciones colectivas de sus miembros hacia las instituciones de la Uni\u00f3n Europea y el Consejo de Europa.<\/p>\n<p style=\"text-align: justify;\">La experiencia est\u00e1 permitiendo al joven participante conocer el funcionamiento de una organizaci\u00f3n que es red europea de entidades de voluntariado de diferentes pa\u00edses, en un entorno internacional y pluriling\u00fce, desarrollando sus aptitudes como voluntario en la organizaci\u00f3n, y recibiendo apoyo y formaci\u00f3n de la entidad de acogida durante su estancia.<\/p>\n<p style=\"text-align: justify;\">Por su parte, Mario realiza un voluntariado de cinco meses en Karlsruhe, Alemania, en la organizaci\u00f3n Kreisjugendwerk der AWO, colaborando en una escuela infantil biling\u00fce, en la que puede poner en pr\u00e1ctica sus conocimientos de alem\u00e1n y franc\u00e9s, lenguas que ha estudiado en la universidad.<\/p>\n<p style=\"text-align: justify;\">El Cuerpo Europeo de Solidaridad (CES) es un programa europeo cuyo objetivo es crear oportunidades para que los j\u00f3venes participen en proyectos de voluntariado que beneficien a comunidades y ciudadanos de toda Europa.<\/p>\n<p style=\"text-align: justify;\">El voluntariado es una actividad solidaria no retribuida que se realiza durante un periodo de hasta 12 meses y que proporciona a los j\u00f3venes (de entre 18 y 30 a\u00f1os) la oportunidad de contribuir a la labor diaria de organizaciones en actividades que repercuten en el bienestar de las comunidades donde se llevan a cabo.<\/p>\n<p style=\"text-align: justify;\">Los participantes adquieren experiencia, habilidades y competencias para su desarrollo personal, educativo, social, c\u00edvico y profesional, mejorando su empleabilidad y ejerciendo una ciudadan\u00eda activa.<\/p>\n<p style=\"text-align: justify;\">El voluntariado no puede sustituir un empleo y se basa en un acuerdo de voluntariado entre la entidad de acogida y el joven participante.<\/p>\n<p style=\"text-align: justify;\">Los j\u00f3venes voluntarios no perciben un salario, pero todos los gastos relacionados con su servicio de voluntariado est\u00e1n cubiertos por el programa (viaje, alojamiento, manutenci\u00f3n, formaci\u00f3n, seguro), y reciben una asignaci\u00f3n mensual para gastos de bolsillo.<\/p>\n<p style=\"text-align: justify;\">El Ayuntamiento de Caudete cuenta con Sello de Calidad CES como entidad l\u00edder y de apoyo para la financiaci\u00f3n y env\u00edo de j\u00f3venes que quieran participar en este tipo de proyectos.<\/p>\n<p style=\"text-align: justify;\" align=\"justify\"><img fetchpriority=\"high\" decoding=\"async\" class=\"alignnone wp-image-31706 size-full\" src=\"https:\/\/www.caudete.org\/ayuntamiento\/wp-content\/uploads\/2025\/11\/bd2d6012-03e6-4932-9059-ba8717f7d50a-1.jpg\" alt=\"\" width=\"1000\" height=\"750\" srcset=\"https:\/\/www.caudete.org\/ayuntamiento\/wp-content\/uploads\/2025\/11\/bd2d6012-03e6-4932-9059-ba8717f7d50a-1.jpg 1000w, https:\/\/www.caudete.org\/ayuntamiento\/wp-content\/uploads\/2025\/11\/bd2d6012-03e6-4932-9059-ba8717f7d50a-1-293x220.jpg 293w, https:\/\/www.caudete.org\/ayuntamiento\/wp-content\/uploads\/2025\/11\/bd2d6012-03e6-4932-9059-ba8717f7d50a-1-768x576.jpg 768w\" sizes=\"(max-width: 1000px) 100vw, 1000px\" \/> <img decoding=\"async\" class=\"alignnone wp-image-31707 size-full\" src=\"https:\/\/www.caudete.org\/ayuntamiento\/wp-content\/uploads\/2025\/11\/PHOTO-2025-10-30-15-49-26.jpg\" alt=\"\" width=\"1000\" height=\"1333\" srcset=\"https:\/\/www.caudete.org\/ayuntamiento\/wp-content\/uploads\/2025\/11\/PHOTO-2025-10-30-15-49-26.jpg 1000w, https:\/\/www.caudete.org\/ayuntamiento\/wp-content\/uploads\/2025\/11\/PHOTO-2025-10-30-15-49-26-600x800.jpg 600w, https:\/\/www.caudete.org\/ayuntamiento\/wp-content\/uploads\/2025\/11\/PHOTO-2025-10-30-15-49-26-675x900.jpg 675w, https:\/\/www.caudete.org\/ayuntamiento\/wp-content\/uploads\/2025\/11\/PHOTO-2025-10-30-15-49-26-165x220.jpg 165w, https:\/\/www.caudete.org\/ayuntamiento\/wp-content\/uploads\/2025\/11\/PHOTO-2025-10-30-15-49-26-768x1024.jpg 768w\" sizes=\"(max-width: 1000px) 100vw, 1000px\" \/> <img decoding=\"async\" class=\"alignnone wp-image-31709 size-full\" src=\"https:\/\/www.caudete.org\/ayuntamiento\/wp-content\/uploads\/2025\/11\/en_european_solidarity_corps_logo_rgb-01_1.jpg\" alt=\"\" width=\"1000\" height=\"265\" srcset=\"https:\/\/www.caudete.org\/ayuntamiento\/wp-content\/uploads\/2025\/11\/en_european_solidarity_corps_logo_rgb-01_1.jpg 1000w, https:\/\/www.caudete.org\/ayuntamiento\/wp-content\/uploads\/2025\/11\/en_european_solidarity_corps_logo_rgb-01_1-350x93.jpg 350w, https:\/\/www.caudete.org\/ayuntamiento\/wp-content\/uploads\/2025\/11\/en_european_solidarity_corps_logo_rgb-01_1-768x204.jpg 768w\" sizes=\"(max-width: 1000px) 100vw, 1000px\" \/><\/p>\n","protected":false},"excerpt":{"rendered":"<p>Financiado por el programa Cuerpo Europeo de Solidaridad, el segundo proyecto de voluntariado europeo del Ayuntamiento de Caudete, que comenz\u00f3 en junio de 2024, est\u00e1 permitiendo a j\u00f3venes del municipio vivir experiencias de voluntariado de larga duraci\u00f3n en Europa en entidades que trabajan en proyectos solidarios. En concreto, Jonathan est\u00e1 realizando una actividad de voluntariado &hellip;<\/p>\n","protected":false},"author":6,"featured_media":31705,"comment_status":"closed","ping_status":"open","sticky":false,"template":"","format":"standard","meta":{"ngg_post_thumbnail":0,"footnotes":""},"categories":[87],"tags":[],"class_list":["post-31702","post","type-post","status-publish","format-standard","has-post-thumbnail","hentry","category-desarrollo-local"],"yoast_head":"<!-- This site is optimized with the Yoast SEO plugin v27.4 - https:\/\/yoast.com\/product\/yoast-seo-wordpress\/ -->\n<title>Apoyo al desarrollo personal y aprendizaje internacional de los j\u00f3venes del municipio gracias a los proyectos de voluntariado del Cuerpo Europeo de Solidaridad - MI Ayuntamiento de Caudete<\/title>\n<meta name=\"description\" content=\"P\u00e1gina Oficial del Ayuntamiento de Caudete (Albacete)\" \/>\n<meta name=\"robots\" content=\"index, follow, max-snippet:-1, max-image-preview:large, max-video-preview:-1\" \/>\n<link rel=\"canonical\" href=\"https:\/\/www.caudete.org\/ayuntamiento\/apoyo-al-desarrollo-personal-y-aprendizaje-internacional-a-los-jovenes-del-municipio-gracias-a-los-proyectos-de-voluntariado-del-cuerpo-europeo-de-solidaridad\/\" \/>\n<meta property=\"og:locale\" content=\"es_ES\" \/>\n<meta property=\"og:type\" content=\"article\" \/>\n<meta property=\"og:title\" content=\"Apoyo al desarrollo personal y aprendizaje internacional de los j\u00f3venes del municipio gracias a los proyectos de voluntariado del Cuerpo Europeo de Solidaridad - MI Ayuntamiento de Caudete\" \/>\n<meta property=\"og:description\" content=\"P\u00e1gina Oficial del Ayuntamiento de Caudete (Albacete)\" \/>\n<meta property=\"og:url\" content=\"https:\/\/www.caudete.org\/ayuntamiento\/apoyo-al-desarrollo-personal-y-aprendizaje-internacional-a-los-jovenes-del-municipio-gracias-a-los-proyectos-de-voluntariado-del-cuerpo-europeo-de-solidaridad\/\" \/>\n<meta property=\"og:site_name\" content=\"MI Ayuntamiento de Caudete\" \/>\n<meta property=\"article:publisher\" content=\"https:\/\/www.facebook.com\/ayuntamientocaudete\/\" \/>\n<meta property=\"article:published_time\" content=\"2025-11-28T13:37:02+00:00\" \/>\n<meta property=\"article:modified_time\" content=\"2025-12-04T10:55:49+00:00\" \/>\n<meta property=\"og:image\" content=\"https:\/\/www.caudete.org\/ayuntamiento\/wp-content\/uploads\/2025\/11\/european-solidarity-corps-port.jpg\" \/>\n\t<meta property=\"og:image:width\" content=\"864\" \/>\n\t<meta property=\"og:image:height\" content=\"380\" \/>\n\t<meta property=\"og:image:type\" content=\"image\/jpeg\" \/>\n<meta name=\"author\" content=\"informatica2\" \/>\n<meta name=\"twitter:card\" content=\"summary_large_image\" \/>\n<meta name=\"twitter:label1\" content=\"Escrito por\" \/>\n\t<meta name=\"twitter:data1\" content=\"informatica2\" \/>\n\t<meta name=\"twitter:label2\" content=\"Tiempo de lectura\" \/>\n\t<meta name=\"twitter:data2\" content=\"3 minutos\" \/>\n<script type=\"application\/ld+json\" class=\"yoast-schema-graph\">{\"@context\":\"https:\\\/\\\/schema.org\",\"@graph\":[{\"@type\":\"Article\",\"@id\":\"https:\\\/\\\/www.caudete.org\\\/ayuntamiento\\\/apoyo-al-desarrollo-personal-y-aprendizaje-internacional-a-los-jovenes-del-municipio-gracias-a-los-proyectos-de-voluntariado-del-cuerpo-europeo-de-solidaridad\\\/#article\",\"isPartOf\":{\"@id\":\"https:\\\/\\\/www.caudete.org\\\/ayuntamiento\\\/apoyo-al-desarrollo-personal-y-aprendizaje-internacional-a-los-jovenes-del-municipio-gracias-a-los-proyectos-de-voluntariado-del-cuerpo-europeo-de-solidaridad\\\/\"},\"author\":{\"name\":\"informatica2\",\"@id\":\"https:\\\/\\\/www.caudete.org\\\/ayuntamiento\\\/#\\\/schema\\\/person\\\/abfa5ffd5010a14e078c21e6e61b6291\"},\"headline\":\"Apoyo al desarrollo personal y aprendizaje internacional de los j\u00f3venes del municipio gracias a los proyectos de voluntariado del Cuerpo Europeo de Solidaridad\",\"datePublished\":\"2025-11-28T13:37:02+00:00\",\"dateModified\":\"2025-12-04T10:55:49+00:00\",\"mainEntityOfPage\":{\"@id\":\"https:\\\/\\\/www.caudete.org\\\/ayuntamiento\\\/apoyo-al-desarrollo-personal-y-aprendizaje-internacional-a-los-jovenes-del-municipio-gracias-a-los-proyectos-de-voluntariado-del-cuerpo-europeo-de-solidaridad\\\/\"},\"wordCount\":489,\"publisher\":{\"@id\":\"https:\\\/\\\/www.caudete.org\\\/ayuntamiento\\\/#organization\"},\"image\":{\"@id\":\"https:\\\/\\\/www.caudete.org\\\/ayuntamiento\\\/apoyo-al-desarrollo-personal-y-aprendizaje-internacional-a-los-jovenes-del-municipio-gracias-a-los-proyectos-de-voluntariado-del-cuerpo-europeo-de-solidaridad\\\/#primaryimage\"},\"thumbnailUrl\":\"https:\\\/\\\/www.caudete.org\\\/ayuntamiento\\\/wp-content\\\/uploads\\\/2025\\\/11\\\/european-solidarity-corps-port.jpg\",\"articleSection\":[\"Desarrollo Local\"],\"inLanguage\":\"es\"},{\"@type\":\"WebPage\",\"@id\":\"https:\\\/\\\/www.caudete.org\\\/ayuntamiento\\\/apoyo-al-desarrollo-personal-y-aprendizaje-internacional-a-los-jovenes-del-municipio-gracias-a-los-proyectos-de-voluntariado-del-cuerpo-europeo-de-solidaridad\\\/\",\"url\":\"https:\\\/\\\/www.caudete.org\\\/ayuntamiento\\\/apoyo-al-desarrollo-personal-y-aprendizaje-internacional-a-los-jovenes-del-municipio-gracias-a-los-proyectos-de-voluntariado-del-cuerpo-europeo-de-solidaridad\\\/\",\"name\":\"Apoyo al desarrollo personal y aprendizaje internacional de los j\u00f3venes del municipio gracias a los proyectos de voluntariado del Cuerpo Europeo de Solidaridad - MI Ayuntamiento de Caudete\",\"isPartOf\":{\"@id\":\"https:\\\/\\\/www.caudete.org\\\/ayuntamiento\\\/#website\"},\"primaryImageOfPage\":{\"@id\":\"https:\\\/\\\/www.caudete.org\\\/ayuntamiento\\\/apoyo-al-desarrollo-personal-y-aprendizaje-internacional-a-los-jovenes-del-municipio-gracias-a-los-proyectos-de-voluntariado-del-cuerpo-europeo-de-solidaridad\\\/#primaryimage\"},\"image\":{\"@id\":\"https:\\\/\\\/www.caudete.org\\\/ayuntamiento\\\/apoyo-al-desarrollo-personal-y-aprendizaje-internacional-a-los-jovenes-del-municipio-gracias-a-los-proyectos-de-voluntariado-del-cuerpo-europeo-de-solidaridad\\\/#primaryimage\"},\"thumbnailUrl\":\"https:\\\/\\\/www.caudete.org\\\/ayuntamiento\\\/wp-content\\\/uploads\\\/2025\\\/11\\\/european-solidarity-corps-port.jpg\",\"datePublished\":\"2025-11-28T13:37:02+00:00\",\"dateModified\":\"2025-12-04T10:55:49+00:00\",\"description\":\"P\u00e1gina Oficial del Ayuntamiento de Caudete (Albacete)\",\"breadcrumb\":{\"@id\":\"https:\\\/\\\/www.caudete.org\\\/ayuntamiento\\\/apoyo-al-desarrollo-personal-y-aprendizaje-internacional-a-los-jovenes-del-municipio-gracias-a-los-proyectos-de-voluntariado-del-cuerpo-europeo-de-solidaridad\\\/#breadcrumb\"},\"inLanguage\":\"es\",\"potentialAction\":[{\"@type\":\"ReadAction\",\"target\":[\"https:\\\/\\\/www.caudete.org\\\/ayuntamiento\\\/apoyo-al-desarrollo-personal-y-aprendizaje-internacional-a-los-jovenes-del-municipio-gracias-a-los-proyectos-de-voluntariado-del-cuerpo-europeo-de-solidaridad\\\/\"]}]},{\"@type\":\"ImageObject\",\"inLanguage\":\"es\",\"@id\":\"https:\\\/\\\/www.caudete.org\\\/ayuntamiento\\\/apoyo-al-desarrollo-personal-y-aprendizaje-internacional-a-los-jovenes-del-municipio-gracias-a-los-proyectos-de-voluntariado-del-cuerpo-europeo-de-solidaridad\\\/#primaryimage\",\"url\":\"https:\\\/\\\/www.caudete.org\\\/ayuntamiento\\\/wp-content\\\/uploads\\\/2025\\\/11\\\/european-solidarity-corps-port.jpg\",\"contentUrl\":\"https:\\\/\\\/www.caudete.org\\\/ayuntamiento\\\/wp-content\\\/uploads\\\/2025\\\/11\\\/european-solidarity-corps-port.jpg\",\"width\":864,\"height\":380},{\"@type\":\"BreadcrumbList\",\"@id\":\"https:\\\/\\\/www.caudete.org\\\/ayuntamiento\\\/apoyo-al-desarrollo-personal-y-aprendizaje-internacional-a-los-jovenes-del-municipio-gracias-a-los-proyectos-de-voluntariado-del-cuerpo-europeo-de-solidaridad\\\/#breadcrumb\",\"itemListElement\":[{\"@type\":\"ListItem\",\"position\":1,\"name\":\"Inicio\",\"item\":\"https:\\\/\\\/www.caudete.org\\\/ayuntamiento\\\/\"},{\"@type\":\"ListItem\",\"position\":2,\"name\":\"Apoyo al desarrollo personal y aprendizaje internacional de los j\u00f3venes del municipio gracias a los proyectos de voluntariado del Cuerpo Europeo de Solidaridad\"}]},{\"@type\":\"WebSite\",\"@id\":\"https:\\\/\\\/www.caudete.org\\\/ayuntamiento\\\/#website\",\"url\":\"https:\\\/\\\/www.caudete.org\\\/ayuntamiento\\\/\",\"name\":\"MI Ayuntamiento de Caudete\",\"description\":\"P\u00e1gina Oficial del MI Ayuntamiento de Caudete\",\"publisher\":{\"@id\":\"https:\\\/\\\/www.caudete.org\\\/ayuntamiento\\\/#organization\"},\"potentialAction\":[{\"@type\":\"SearchAction\",\"target\":{\"@type\":\"EntryPoint\",\"urlTemplate\":\"https:\\\/\\\/www.caudete.org\\\/ayuntamiento\\\/?s={search_term_string}\"},\"query-input\":{\"@type\":\"PropertyValueSpecification\",\"valueRequired\":true,\"valueName\":\"search_term_string\"}}],\"inLanguage\":\"es\"},{\"@type\":\"Organization\",\"@id\":\"https:\\\/\\\/www.caudete.org\\\/ayuntamiento\\\/#organization\",\"name\":\"Ayuntamiento de Caudete\",\"url\":\"https:\\\/\\\/www.caudete.org\\\/ayuntamiento\\\/\",\"logo\":{\"@type\":\"ImageObject\",\"inLanguage\":\"es\",\"@id\":\"https:\\\/\\\/www.caudete.org\\\/ayuntamiento\\\/#\\\/schema\\\/logo\\\/image\\\/\",\"url\":\"https:\\\/\\\/www.caudete.org\\\/ayuntamiento\\\/wp-content\\\/uploads\\\/2020\\\/11\\\/logo_ayuntamiento_caudete.jpg\",\"contentUrl\":\"https:\\\/\\\/www.caudete.org\\\/ayuntamiento\\\/wp-content\\\/uploads\\\/2020\\\/11\\\/logo_ayuntamiento_caudete.jpg\",\"width\":600,\"height\":150,\"caption\":\"Ayuntamiento de Caudete\"},\"image\":{\"@id\":\"https:\\\/\\\/www.caudete.org\\\/ayuntamiento\\\/#\\\/schema\\\/logo\\\/image\\\/\"},\"sameAs\":[\"https:\\\/\\\/www.facebook.com\\\/ayuntamientocaudete\\\/\",\"https:\\\/\\\/www.youtube.com\\\/channel\\\/UC6VztHaooNsGpw-tNoBEFnQ\"]},{\"@type\":\"Person\",\"@id\":\"https:\\\/\\\/www.caudete.org\\\/ayuntamiento\\\/#\\\/schema\\\/person\\\/abfa5ffd5010a14e078c21e6e61b6291\",\"name\":\"informatica2\",\"image\":{\"@type\":\"ImageObject\",\"inLanguage\":\"es\",\"@id\":\"https:\\\/\\\/secure.gravatar.com\\\/avatar\\\/b089890ff033a3e4d03eec00ecb5a14425217205c513f60ec32ebeaaeb5fa700?s=96&d=mm&r=g\",\"url\":\"https:\\\/\\\/secure.gravatar.com\\\/avatar\\\/b089890ff033a3e4d03eec00ecb5a14425217205c513f60ec32ebeaaeb5fa700?s=96&d=mm&r=g\",\"contentUrl\":\"https:\\\/\\\/secure.gravatar.com\\\/avatar\\\/b089890ff033a3e4d03eec00ecb5a14425217205c513f60ec32ebeaaeb5fa700?s=96&d=mm&r=g\",\"caption\":\"informatica2\"},\"url\":\"https:\\\/\\\/www.caudete.org\\\/ayuntamiento\\\/author\\\/informatica2\\\/\"}]}<\/script>\n<!-- \/ Yoast SEO plugin. -->","yoast_head_json":{"title":"Apoyo al desarrollo personal y aprendizaje internacional de los j\u00f3venes del municipio gracias a los proyectos de voluntariado del Cuerpo Europeo de Solidaridad - MI Ayuntamiento de Caudete","description":"P\u00e1gina Oficial del Ayuntamiento de Caudete (Albacete)","robots":{"index":"index","follow":"follow","max-snippet":"max-snippet:-1","max-image-preview":"max-image-preview:large","max-video-preview":"max-video-preview:-1"},"canonical":"https:\/\/www.caudete.org\/ayuntamiento\/apoyo-al-desarrollo-personal-y-aprendizaje-internacional-a-los-jovenes-del-municipio-gracias-a-los-proyectos-de-voluntariado-del-cuerpo-europeo-de-solidaridad\/","og_locale":"es_ES","og_type":"article","og_title":"Apoyo al desarrollo personal y aprendizaje internacional de los j\u00f3venes del municipio gracias a los proyectos de voluntariado del Cuerpo Europeo de Solidaridad - MI Ayuntamiento de Caudete","og_description":"P\u00e1gina Oficial del Ayuntamiento de Caudete (Albacete)","og_url":"https:\/\/www.caudete.org\/ayuntamiento\/apoyo-al-desarrollo-personal-y-aprendizaje-internacional-a-los-jovenes-del-municipio-gracias-a-los-proyectos-de-voluntariado-del-cuerpo-europeo-de-solidaridad\/","og_site_name":"MI Ayuntamiento de Caudete","article_publisher":"https:\/\/www.facebook.com\/ayuntamientocaudete\/","article_published_time":"2025-11-28T13:37:02+00:00","article_modified_time":"2025-12-04T10:55:49+00:00","og_image":[{"width":864,"height":380,"url":"https:\/\/www.caudete.org\/ayuntamiento\/wp-content\/uploads\/2025\/11\/european-solidarity-corps-port.jpg","type":"image\/jpeg"}],"author":"informatica2","twitter_card":"summary_large_image","twitter_misc":{"Escrito por":"informatica2","Tiempo de lectura":"3 minutos"},"schema":{"@context":"https:\/\/schema.org","@graph":[{"@type":"Article","@id":"https:\/\/www.caudete.org\/ayuntamiento\/apoyo-al-desarrollo-personal-y-aprendizaje-internacional-a-los-jovenes-del-municipio-gracias-a-los-proyectos-de-voluntariado-del-cuerpo-europeo-de-solidaridad\/#article","isPartOf":{"@id":"https:\/\/www.caudete.org\/ayuntamiento\/apoyo-al-desarrollo-personal-y-aprendizaje-internacional-a-los-jovenes-del-municipio-gracias-a-los-proyectos-de-voluntariado-del-cuerpo-europeo-de-solidaridad\/"},"author":{"name":"informatica2","@id":"https:\/\/www.caudete.org\/ayuntamiento\/#\/schema\/person\/abfa5ffd5010a14e078c21e6e61b6291"},"headline":"Apoyo al desarrollo personal y aprendizaje internacional de los j\u00f3venes del municipio gracias a los proyectos de voluntariado del Cuerpo Europeo de Solidaridad","datePublished":"2025-11-28T13:37:02+00:00","dateModified":"2025-12-04T10:55:49+00:00","mainEntityOfPage":{"@id":"https:\/\/www.caudete.org\/ayuntamiento\/apoyo-al-desarrollo-personal-y-aprendizaje-internacional-a-los-jovenes-del-municipio-gracias-a-los-proyectos-de-voluntariado-del-cuerpo-europeo-de-solidaridad\/"},"wordCount":489,"publisher":{"@id":"https:\/\/www.caudete.org\/ayuntamiento\/#organization"},"image":{"@id":"https:\/\/www.caudete.org\/ayuntamiento\/apoyo-al-desarrollo-personal-y-aprendizaje-internacional-a-los-jovenes-del-municipio-gracias-a-los-proyectos-de-voluntariado-del-cuerpo-europeo-de-solidaridad\/#primaryimage"},"thumbnailUrl":"https:\/\/www.caudete.org\/ayuntamiento\/wp-content\/uploads\/2025\/11\/european-solidarity-corps-port.jpg","articleSection":["Desarrollo Local"],"inLanguage":"es"},{"@type":"WebPage","@id":"https:\/\/www.caudete.org\/ayuntamiento\/apoyo-al-desarrollo-personal-y-aprendizaje-internacional-a-los-jovenes-del-municipio-gracias-a-los-proyectos-de-voluntariado-del-cuerpo-europeo-de-solidaridad\/","url":"https:\/\/www.caudete.org\/ayuntamiento\/apoyo-al-desarrollo-personal-y-aprendizaje-internacional-a-los-jovenes-del-municipio-gracias-a-los-proyectos-de-voluntariado-del-cuerpo-europeo-de-solidaridad\/","name":"Apoyo al desarrollo personal y aprendizaje internacional de los j\u00f3venes del municipio gracias a los proyectos de voluntariado del Cuerpo Europeo de Solidaridad - MI Ayuntamiento de Caudete","isPartOf":{"@id":"https:\/\/www.caudete.org\/ayuntamiento\/#website"},"primaryImageOfPage":{"@id":"https:\/\/www.caudete.org\/ayuntamiento\/apoyo-al-desarrollo-personal-y-aprendizaje-internacional-a-los-jovenes-del-municipio-gracias-a-los-proyectos-de-voluntariado-del-cuerpo-europeo-de-solidaridad\/#primaryimage"},"image":{"@id":"https:\/\/www.caudete.org\/ayuntamiento\/apoyo-al-desarrollo-personal-y-aprendizaje-internacional-a-los-jovenes-del-municipio-gracias-a-los-proyectos-de-voluntariado-del-cuerpo-europeo-de-solidaridad\/#primaryimage"},"thumbnailUrl":"https:\/\/www.caudete.org\/ayuntamiento\/wp-content\/uploads\/2025\/11\/european-solidarity-corps-port.jpg","datePublished":"2025-11-28T13:37:02+00:00","dateModified":"2025-12-04T10:55:49+00:00","description":"P\u00e1gina Oficial del Ayuntamiento de Caudete (Albacete)","breadcrumb":{"@id":"https:\/\/www.caudete.org\/ayuntamiento\/apoyo-al-desarrollo-personal-y-aprendizaje-internacional-a-los-jovenes-del-municipio-gracias-a-los-proyectos-de-voluntariado-del-cuerpo-europeo-de-solidaridad\/#breadcrumb"},"inLanguage":"es","potentialAction":[{"@type":"ReadAction","target":["https:\/\/www.caudete.org\/ayuntamiento\/apoyo-al-desarrollo-personal-y-aprendizaje-internacional-a-los-jovenes-del-municipio-gracias-a-los-proyectos-de-voluntariado-del-cuerpo-europeo-de-solidaridad\/"]}]},{"@type":"ImageObject","inLanguage":"es","@id":"https:\/\/www.caudete.org\/ayuntamiento\/apoyo-al-desarrollo-personal-y-aprendizaje-internacional-a-los-jovenes-del-municipio-gracias-a-los-proyectos-de-voluntariado-del-cuerpo-europeo-de-solidaridad\/#primaryimage","url":"https:\/\/www.caudete.org\/ayuntamiento\/wp-content\/uploads\/2025\/11\/european-solidarity-corps-port.jpg","contentUrl":"https:\/\/www.caudete.org\/ayuntamiento\/wp-content\/uploads\/2025\/11\/european-solidarity-corps-port.jpg","width":864,"height":380},{"@type":"BreadcrumbList","@id":"https:\/\/www.caudete.org\/ayuntamiento\/apoyo-al-desarrollo-personal-y-aprendizaje-internacional-a-los-jovenes-del-municipio-gracias-a-los-proyectos-de-voluntariado-del-cuerpo-europeo-de-solidaridad\/#breadcrumb","itemListElement":[{"@type":"ListItem","position":1,"name":"Inicio","item":"https:\/\/www.caudete.org\/ayuntamiento\/"},{"@type":"ListItem","position":2,"name":"Apoyo al desarrollo personal y aprendizaje internacional de los j\u00f3venes del municipio gracias a los proyectos de voluntariado del Cuerpo Europeo de Solidaridad"}]},{"@type":"WebSite","@id":"https:\/\/www.caudete.org\/ayuntamiento\/#website","url":"https:\/\/www.caudete.org\/ayuntamiento\/","name":"MI Ayuntamiento de Caudete","description":"P\u00e1gina Oficial del MI Ayuntamiento de Caudete","publisher":{"@id":"https:\/\/www.caudete.org\/ayuntamiento\/#organization"},"potentialAction":[{"@type":"SearchAction","target":{"@type":"EntryPoint","urlTemplate":"https:\/\/www.caudete.org\/ayuntamiento\/?s={search_term_string}"},"query-input":{"@type":"PropertyValueSpecification","valueRequired":true,"valueName":"search_term_string"}}],"inLanguage":"es"},{"@type":"Organization","@id":"https:\/\/www.caudete.org\/ayuntamiento\/#organization","name":"Ayuntamiento de Caudete","url":"https:\/\/www.caudete.org\/ayuntamiento\/","logo":{"@type":"ImageObject","inLanguage":"es","@id":"https:\/\/www.caudete.org\/ayuntamiento\/#\/schema\/logo\/image\/","url":"https:\/\/www.caudete.org\/ayuntamiento\/wp-content\/uploads\/2020\/11\/logo_ayuntamiento_caudete.jpg","contentUrl":"https:\/\/www.caudete.org\/ayuntamiento\/wp-content\/uploads\/2020\/11\/logo_ayuntamiento_caudete.jpg","width":600,"height":150,"caption":"Ayuntamiento de Caudete"},"image":{"@id":"https:\/\/www.caudete.org\/ayuntamiento\/#\/schema\/logo\/image\/"},"sameAs":["https:\/\/www.facebook.com\/ayuntamientocaudete\/","https:\/\/www.youtube.com\/channel\/UC6VztHaooNsGpw-tNoBEFnQ"]},{"@type":"Person","@id":"https:\/\/www.caudete.org\/ayuntamiento\/#\/schema\/person\/abfa5ffd5010a14e078c21e6e61b6291","name":"informatica2","image":{"@type":"ImageObject","inLanguage":"es","@id":"https:\/\/secure.gravatar.com\/avatar\/b089890ff033a3e4d03eec00ecb5a14425217205c513f60ec32ebeaaeb5fa700?s=96&d=mm&r=g","url":"https:\/\/secure.gravatar.com\/avatar\/b089890ff033a3e4d03eec00ecb5a14425217205c513f60ec32ebeaaeb5fa700?s=96&d=mm&r=g","contentUrl":"https:\/\/secure.gravatar.com\/avatar\/b089890ff033a3e4d03eec00ecb5a14425217205c513f60ec32ebeaaeb5fa700?s=96&d=mm&r=g","caption":"informatica2"},"url":"https:\/\/www.caudete.org\/ayuntamiento\/author\/informatica2\/"}]}},"_links":{"self":[{"href":"https:\/\/www.caudete.org\/ayuntamiento\/wp-json\/wp\/v2\/posts\/31702","targetHints":{"allow":["GET"]}}],"collection":[{"href":"https:\/\/www.caudete.org\/ayuntamiento\/wp-json\/wp\/v2\/posts"}],"about":[{"href":"https:\/\/www.caudete.org\/ayuntamiento\/wp-json\/wp\/v2\/types\/post"}],"author":[{"embeddable":true,"href":"https:\/\/www.caudete.org\/ayuntamiento\/wp-json\/wp\/v2\/users\/6"}],"replies":[{"embeddable":true,"href":"https:\/\/www.caudete.org\/ayuntamiento\/wp-json\/wp\/v2\/comments?post=31702"}],"version-history":[{"count":4,"href":"https:\/\/www.caudete.org\/ayuntamiento\/wp-json\/wp\/v2\/posts\/31702\/revisions"}],"predecessor-version":[{"id":31771,"href":"https:\/\/www.caudete.org\/ayuntamiento\/wp-json\/wp\/v2\/posts\/31702\/revisions\/31771"}],"wp:featuredmedia":[{"embeddable":true,"href":"https:\/\/www.caudete.org\/ayuntamiento\/wp-json\/wp\/v2\/media\/31705"}],"wp:attachment":[{"href":"https:\/\/www.caudete.org\/ayuntamiento\/wp-json\/wp\/v2\/media?parent=31702"}],"wp:term":[{"taxonomy":"category","embeddable":true,"href":"https:\/\/www.caudete.org\/ayuntamiento\/wp-json\/wp\/v2\/categories?post=31702"},{"taxonomy":"post_tag","embeddable":true,"href":"https:\/\/www.caudete.org\/ayuntamiento\/wp-json\/wp\/v2\/tags?post=31702"}],"curies":[{"name":"wp","href":"https:\/\/api.w.org\/{rel}","templated":true}]}}