{"id":31712,"date":"2025-12-01T11:08:32","date_gmt":"2025-12-01T10:08:32","guid":{"rendered":"https:\/\/www.caudete.org\/ayuntamiento\/?p=31712"},"modified":"2025-12-01T12:25:49","modified_gmt":"2025-12-01T11:25:49","slug":"el-programa-crecer-para-jovenes-vulnerables-avanza-hacia-su-finalizacion-en-este-ano-con-exito-y-mucha-satisfaccion","status":"publish","type":"post","link":"https:\/\/www.caudete.org\/ayuntamiento\/el-programa-crecer-para-jovenes-vulnerables-avanza-hacia-su-finalizacion-en-este-ano-con-exito-y-mucha-satisfaccion\/","title":{"rendered":"El programa crecer para j\u00f3venes vulnerables avanza hacia su finalizaci\u00f3n en este a\u00f1o con \u00e9xito y mucha satisfacci\u00f3n"},"content":{"rendered":"<p style=\"text-align: justify;\">Las actividades y los objetivos del programa CRECER se van cumpliendo, y la formaci\u00f3n y experiencia prelaboral va llegando a su final con \u00e9xito y mucha satisfacci\u00f3n.<\/p>\n<p style=\"text-align: justify;\">Recordar que este Programa CRECER esta dirigido a la promoci\u00f3n y prevenci\u00f3n de j\u00f3venes vulnerables y en riesgo de exclusi\u00f3n social. Un programa que se impulsa desde el EQUIPO ETI de los Servicios Sociales, y que est\u00e1 apoyado y financiado, tanto por el Ayuntamiento de Caudete, como por el FONDO SOCIAL EUROPEO, as\u00ed como por Salud P\u00fablica de la Consejer\u00eda de Sanidad.<\/p>\n<p style=\"text-align: justify;\">10 j\u00f3venes de Caudete de entre 16 y 21 a\u00f1os, con historias de fracaso escolar, absentismo escolar, ausencia de titulaciones, dificultades de empleabilidad etc, est\u00e1n realizando de modo proactivo, procesos personales para recuperar la cualificaci\u00f3n, conectar con experiencias primeras de trabajo, hacerse con t\u00edtulos que mejoren sus curr\u00edculums, y recibir apoyo y orientaci\u00f3n en diferentes materias trasversales: salud, afectividad y sexualidad, adicciones, b\u00fasqueda activa de empleo, desarrollo emocional, gesti\u00f3n de conflictos etc. Tras varios meses de funcionamiento del Programa CRECER, ya se ven los frutos de dicho trabajo. El desarrollo de tareas de jardiner\u00eda, est\u00e1 permitiendo adecuar espacios urbanos que hasta ahora estaban menos cuidados o abandonados. Es el caso de la Urbanizaci\u00f3n de las Jornetas. Adem\u00e1s de limpiar y mantener los espacios verdes, se han reparado juegos infantiles y se ha instalado una fuente. Tambi\u00e9n se han mejorado espacios deteriorados del barrio de las Cuevas, realizando tareas de limpieza, poda de \u00e1rboles, desbroces etc. Aprendiendo a utilizar las herramientas y maquinaria fundamentales de dicha labor. Adem\u00e1s, se ha realizado de modo paralelo una formaci\u00f3n homologada de Prevenci\u00f3n de Riesgos Laborales y Carretilla Elevadora, que facilitar\u00e1 m\u00e1s oportunidades de cara a un futuro acceso al empleo.<\/p>\n<p style=\"text-align: justify;\">Este Taller de Inclusi\u00f3n Social CRECER para personas vulnerables o en riesgo de exclusi\u00f3n, recordamos que est\u00e1 promovido por el EQUIPO T\u00c9CNICO DE INCLUSI\u00d3N, que financia el FONDO SOCIAL EUROPEO, y que por cierto est\u00e1 recibiendo el elogio de entidades del tercer sector, as\u00ed como de otras entidades p\u00fablicas con las que estamos colaborando: centros educativos, oficina de empleo, escuela de adultos, centro joven etc. Dicho programa CRECER es un impulso para j\u00f3venes que quedaron temporalmente desubicados, y que ahora cumple un doble objetivo. Ser un espacio motivante para rehacer su propio itinerario vital, a la vez que est\u00e1n cumpliendo una funci\u00f3n p\u00fablica de mejora de los entornos, algo que est\u00e1 siendo muy bien valorado por la comunidad.<\/p>\n<p style=\"text-align: justify;\">Agradecer la implicaci\u00f3n de diversas concejal\u00edas y servicios municipales, que han colaborado y apoyado en diferentes acciones del programa: medio ambiente, jardines, obras y juventud entre otras. Se sigue en marcha con el programa CRECER hasta Diciembre, con un viaje final a visitar el Jard\u00edn Bot\u00e1nico de Valencia. Unos j\u00f3venes que, a parte de llevarse tres diplomas (Jardiner\u00eda, PRL y Carretilla), han vivido una experiencia vital y de apoyo, que sin duda les abrir\u00e1 puertas para un futuro m\u00e1s prometedor.<\/p>\n<p style=\"text-align: justify;\">Concejal\u00edas de Sanidad y Bienestar Social<\/p>\n<p style=\"text-align: justify;\"><img fetchpriority=\"high\" decoding=\"async\" class=\"alignnone wp-image-31714 size-full\" src=\"https:\/\/www.caudete.org\/ayuntamiento\/wp-content\/uploads\/2025\/12\/IMAGENES-NOTA-PRENSA_page-0001.jpg\" alt=\"\" width=\"1000\" height=\"563\" srcset=\"https:\/\/www.caudete.org\/ayuntamiento\/wp-content\/uploads\/2025\/12\/IMAGENES-NOTA-PRENSA_page-0001.jpg 1000w, https:\/\/www.caudete.org\/ayuntamiento\/wp-content\/uploads\/2025\/12\/IMAGENES-NOTA-PRENSA_page-0001-350x197.jpg 350w, https:\/\/www.caudete.org\/ayuntamiento\/wp-content\/uploads\/2025\/12\/IMAGENES-NOTA-PRENSA_page-0001-768x432.jpg 768w\" sizes=\"(max-width: 1000px) 100vw, 1000px\" \/> <img decoding=\"async\" class=\"alignnone wp-image-31715 size-full\" src=\"https:\/\/www.caudete.org\/ayuntamiento\/wp-content\/uploads\/2025\/12\/IMAGENES-NOTA-PRENSA_page-0002.jpg\" alt=\"\" width=\"1000\" height=\"563\" srcset=\"https:\/\/www.caudete.org\/ayuntamiento\/wp-content\/uploads\/2025\/12\/IMAGENES-NOTA-PRENSA_page-0002.jpg 1000w, https:\/\/www.caudete.org\/ayuntamiento\/wp-content\/uploads\/2025\/12\/IMAGENES-NOTA-PRENSA_page-0002-350x197.jpg 350w, https:\/\/www.caudete.org\/ayuntamiento\/wp-content\/uploads\/2025\/12\/IMAGENES-NOTA-PRENSA_page-0002-768x432.jpg 768w\" sizes=\"(max-width: 1000px) 100vw, 1000px\" \/> <img decoding=\"async\" class=\"alignnone wp-image-31716 size-full\" src=\"https:\/\/www.caudete.org\/ayuntamiento\/wp-content\/uploads\/2025\/12\/IMAGENES-NOTA-PRENSA_page-0003.jpg\" alt=\"\" width=\"1000\" height=\"563\" srcset=\"https:\/\/www.caudete.org\/ayuntamiento\/wp-content\/uploads\/2025\/12\/IMAGENES-NOTA-PRENSA_page-0003.jpg 1000w, https:\/\/www.caudete.org\/ayuntamiento\/wp-content\/uploads\/2025\/12\/IMAGENES-NOTA-PRENSA_page-0003-350x197.jpg 350w, https:\/\/www.caudete.org\/ayuntamiento\/wp-content\/uploads\/2025\/12\/IMAGENES-NOTA-PRENSA_page-0003-768x432.jpg 768w\" sizes=\"(max-width: 1000px) 100vw, 1000px\" \/> <img loading=\"lazy\" decoding=\"async\" class=\"alignnone wp-image-31717 size-full\" src=\"https:\/\/www.caudete.org\/ayuntamiento\/wp-content\/uploads\/2025\/12\/IMAGENES-NOTA-PRENSA_page-0004.jpg\" alt=\"\" width=\"1000\" height=\"563\" srcset=\"https:\/\/www.caudete.org\/ayuntamiento\/wp-content\/uploads\/2025\/12\/IMAGENES-NOTA-PRENSA_page-0004.jpg 1000w, https:\/\/www.caudete.org\/ayuntamiento\/wp-content\/uploads\/2025\/12\/IMAGENES-NOTA-PRENSA_page-0004-350x197.jpg 350w, https:\/\/www.caudete.org\/ayuntamiento\/wp-content\/uploads\/2025\/12\/IMAGENES-NOTA-PRENSA_page-0004-768x432.jpg 768w\" sizes=\"(max-width: 1000px) 100vw, 1000px\" \/> <img loading=\"lazy\" decoding=\"async\" class=\"alignnone wp-image-31718 size-full\" src=\"https:\/\/www.caudete.org\/ayuntamiento\/wp-content\/uploads\/2025\/12\/IMAGENES-NOTA-PRENSA_page-0006.jpg\" alt=\"\" width=\"1000\" height=\"563\" srcset=\"https:\/\/www.caudete.org\/ayuntamiento\/wp-content\/uploads\/2025\/12\/IMAGENES-NOTA-PRENSA_page-0006.jpg 1000w, https:\/\/www.caudete.org\/ayuntamiento\/wp-content\/uploads\/2025\/12\/IMAGENES-NOTA-PRENSA_page-0006-350x197.jpg 350w, https:\/\/www.caudete.org\/ayuntamiento\/wp-content\/uploads\/2025\/12\/IMAGENES-NOTA-PRENSA_page-0006-768x432.jpg 768w\" sizes=\"(max-width: 1000px) 100vw, 1000px\" \/> <img loading=\"lazy\" decoding=\"async\" class=\"alignnone wp-image-31713 size-full\" src=\"https:\/\/www.caudete.org\/ayuntamiento\/wp-content\/uploads\/2025\/12\/IMAGENES-NOTA-PRENSA_page-0005.jpg\" alt=\"\" width=\"1000\" height=\"563\" srcset=\"https:\/\/www.caudete.org\/ayuntamiento\/wp-content\/uploads\/2025\/12\/IMAGENES-NOTA-PRENSA_page-0005.jpg 1000w, https:\/\/www.caudete.org\/ayuntamiento\/wp-content\/uploads\/2025\/12\/IMAGENES-NOTA-PRENSA_page-0005-350x197.jpg 350w, https:\/\/www.caudete.org\/ayuntamiento\/wp-content\/uploads\/2025\/12\/IMAGENES-NOTA-PRENSA_page-0005-768x432.jpg 768w\" sizes=\"(max-width: 1000px) 100vw, 1000px\" \/><\/p>\n","protected":false},"excerpt":{"rendered":"<p>Las actividades y los objetivos del programa CRECER se van cumpliendo, y la formaci\u00f3n y experiencia prelaboral va llegando a su final con \u00e9xito y mucha satisfacci\u00f3n. Recordar que este Programa CRECER esta dirigido a la promoci\u00f3n y prevenci\u00f3n de j\u00f3venes vulnerables y en riesgo de exclusi\u00f3n social. Un programa que se impulsa desde el &hellip;<\/p>\n","protected":false},"author":6,"featured_media":31713,"comment_status":"closed","ping_status":"open","sticky":false,"template":"","format":"standard","meta":{"ngg_post_thumbnail":0,"footnotes":""},"categories":[902],"tags":[],"class_list":["post-31712","post","type-post","status-publish","format-standard","has-post-thumbnail","hentry","category-sanidad-y-bienestar-social"],"yoast_head":"<!-- This site is optimized with the Yoast SEO plugin v27.5 - https:\/\/yoast.com\/product\/yoast-seo-wordpress\/ -->\n<title>El programa crecer para j\u00f3venes vulnerables avanza hacia su finalizaci\u00f3n en este a\u00f1o con \u00e9xito y mucha satisfacci\u00f3n - MI Ayuntamiento de Caudete<\/title>\n<meta name=\"description\" content=\"P\u00e1gina Oficial del Ayuntamiento de Caudete (Albacete)\" \/>\n<meta name=\"robots\" content=\"index, follow, max-snippet:-1, max-image-preview:large, max-video-preview:-1\" \/>\n<link rel=\"canonical\" href=\"https:\/\/www.caudete.org\/ayuntamiento\/el-programa-crecer-para-jovenes-vulnerables-avanza-hacia-su-finalizacion-en-este-ano-con-exito-y-mucha-satisfaccion\/\" \/>\n<meta property=\"og:locale\" content=\"es_ES\" \/>\n<meta property=\"og:type\" content=\"article\" \/>\n<meta property=\"og:title\" content=\"El programa crecer para j\u00f3venes vulnerables avanza hacia su finalizaci\u00f3n en este a\u00f1o con \u00e9xito y mucha satisfacci\u00f3n - MI Ayuntamiento de Caudete\" \/>\n<meta property=\"og:description\" content=\"P\u00e1gina Oficial del Ayuntamiento de Caudete (Albacete)\" \/>\n<meta property=\"og:url\" content=\"https:\/\/www.caudete.org\/ayuntamiento\/el-programa-crecer-para-jovenes-vulnerables-avanza-hacia-su-finalizacion-en-este-ano-con-exito-y-mucha-satisfaccion\/\" \/>\n<meta property=\"og:site_name\" content=\"MI Ayuntamiento de Caudete\" \/>\n<meta property=\"article:publisher\" content=\"https:\/\/www.facebook.com\/ayuntamientocaudete\/\" \/>\n<meta property=\"article:published_time\" content=\"2025-12-01T10:08:32+00:00\" \/>\n<meta property=\"article:modified_time\" content=\"2025-12-01T11:25:49+00:00\" \/>\n<meta property=\"og:image\" content=\"https:\/\/www.caudete.org\/ayuntamiento\/wp-content\/uploads\/2025\/12\/IMAGENES-NOTA-PRENSA_page-0005.jpg\" \/>\n\t<meta property=\"og:image:width\" content=\"1000\" \/>\n\t<meta property=\"og:image:height\" content=\"563\" \/>\n\t<meta property=\"og:image:type\" content=\"image\/jpeg\" \/>\n<meta name=\"author\" content=\"informatica2\" \/>\n<meta name=\"twitter:card\" content=\"summary_large_image\" \/>\n<meta name=\"twitter:label1\" content=\"Escrito por\" \/>\n\t<meta name=\"twitter:data1\" content=\"informatica2\" \/>\n\t<meta name=\"twitter:label2\" content=\"Tiempo de lectura\" \/>\n\t<meta name=\"twitter:data2\" content=\"4 minutos\" \/>\n<script type=\"application\/ld+json\" class=\"yoast-schema-graph\">{\"@context\":\"https:\\\/\\\/schema.org\",\"@graph\":[{\"@type\":\"Article\",\"@id\":\"https:\\\/\\\/www.caudete.org\\\/ayuntamiento\\\/el-programa-crecer-para-jovenes-vulnerables-avanza-hacia-su-finalizacion-en-este-ano-con-exito-y-mucha-satisfaccion\\\/#article\",\"isPartOf\":{\"@id\":\"https:\\\/\\\/www.caudete.org\\\/ayuntamiento\\\/el-programa-crecer-para-jovenes-vulnerables-avanza-hacia-su-finalizacion-en-este-ano-con-exito-y-mucha-satisfaccion\\\/\"},\"author\":{\"name\":\"informatica2\",\"@id\":\"https:\\\/\\\/www.caudete.org\\\/ayuntamiento\\\/#\\\/schema\\\/person\\\/abfa5ffd5010a14e078c21e6e61b6291\"},\"headline\":\"El programa crecer para j\u00f3venes vulnerables avanza hacia su finalizaci\u00f3n en este a\u00f1o con \u00e9xito y mucha satisfacci\u00f3n\",\"datePublished\":\"2025-12-01T10:08:32+00:00\",\"dateModified\":\"2025-12-01T11:25:49+00:00\",\"mainEntityOfPage\":{\"@id\":\"https:\\\/\\\/www.caudete.org\\\/ayuntamiento\\\/el-programa-crecer-para-jovenes-vulnerables-avanza-hacia-su-finalizacion-en-este-ano-con-exito-y-mucha-satisfaccion\\\/\"},\"wordCount\":550,\"image\":{\"@id\":\"https:\\\/\\\/www.caudete.org\\\/ayuntamiento\\\/el-programa-crecer-para-jovenes-vulnerables-avanza-hacia-su-finalizacion-en-este-ano-con-exito-y-mucha-satisfaccion\\\/#primaryimage\"},\"thumbnailUrl\":\"https:\\\/\\\/www.caudete.org\\\/ayuntamiento\\\/wp-content\\\/uploads\\\/2025\\\/12\\\/IMAGENES-NOTA-PRENSA_page-0005.jpg\",\"articleSection\":[\"Sanidad y Bienestar Social\"],\"inLanguage\":\"es\"},{\"@type\":\"WebPage\",\"@id\":\"https:\\\/\\\/www.caudete.org\\\/ayuntamiento\\\/el-programa-crecer-para-jovenes-vulnerables-avanza-hacia-su-finalizacion-en-este-ano-con-exito-y-mucha-satisfaccion\\\/\",\"url\":\"https:\\\/\\\/www.caudete.org\\\/ayuntamiento\\\/el-programa-crecer-para-jovenes-vulnerables-avanza-hacia-su-finalizacion-en-este-ano-con-exito-y-mucha-satisfaccion\\\/\",\"name\":\"El programa crecer para j\u00f3venes vulnerables avanza hacia su finalizaci\u00f3n en este a\u00f1o con \u00e9xito y mucha satisfacci\u00f3n - MI Ayuntamiento de Caudete\",\"isPartOf\":{\"@id\":\"https:\\\/\\\/www.caudete.org\\\/ayuntamiento\\\/#website\"},\"primaryImageOfPage\":{\"@id\":\"https:\\\/\\\/www.caudete.org\\\/ayuntamiento\\\/el-programa-crecer-para-jovenes-vulnerables-avanza-hacia-su-finalizacion-en-este-ano-con-exito-y-mucha-satisfaccion\\\/#primaryimage\"},\"image\":{\"@id\":\"https:\\\/\\\/www.caudete.org\\\/ayuntamiento\\\/el-programa-crecer-para-jovenes-vulnerables-avanza-hacia-su-finalizacion-en-este-ano-con-exito-y-mucha-satisfaccion\\\/#primaryimage\"},\"thumbnailUrl\":\"https:\\\/\\\/www.caudete.org\\\/ayuntamiento\\\/wp-content\\\/uploads\\\/2025\\\/12\\\/IMAGENES-NOTA-PRENSA_page-0005.jpg\",\"datePublished\":\"2025-12-01T10:08:32+00:00\",\"dateModified\":\"2025-12-01T11:25:49+00:00\",\"author\":{\"@id\":\"https:\\\/\\\/www.caudete.org\\\/ayuntamiento\\\/#\\\/schema\\\/person\\\/abfa5ffd5010a14e078c21e6e61b6291\"},\"description\":\"P\u00e1gina Oficial del Ayuntamiento de Caudete (Albacete)\",\"breadcrumb\":{\"@id\":\"https:\\\/\\\/www.caudete.org\\\/ayuntamiento\\\/el-programa-crecer-para-jovenes-vulnerables-avanza-hacia-su-finalizacion-en-este-ano-con-exito-y-mucha-satisfaccion\\\/#breadcrumb\"},\"inLanguage\":\"es\",\"potentialAction\":[{\"@type\":\"ReadAction\",\"target\":[\"https:\\\/\\\/www.caudete.org\\\/ayuntamiento\\\/el-programa-crecer-para-jovenes-vulnerables-avanza-hacia-su-finalizacion-en-este-ano-con-exito-y-mucha-satisfaccion\\\/\"]}]},{\"@type\":\"ImageObject\",\"inLanguage\":\"es\",\"@id\":\"https:\\\/\\\/www.caudete.org\\\/ayuntamiento\\\/el-programa-crecer-para-jovenes-vulnerables-avanza-hacia-su-finalizacion-en-este-ano-con-exito-y-mucha-satisfaccion\\\/#primaryimage\",\"url\":\"https:\\\/\\\/www.caudete.org\\\/ayuntamiento\\\/wp-content\\\/uploads\\\/2025\\\/12\\\/IMAGENES-NOTA-PRENSA_page-0005.jpg\",\"contentUrl\":\"https:\\\/\\\/www.caudete.org\\\/ayuntamiento\\\/wp-content\\\/uploads\\\/2025\\\/12\\\/IMAGENES-NOTA-PRENSA_page-0005.jpg\",\"width\":1000,\"height\":563},{\"@type\":\"BreadcrumbList\",\"@id\":\"https:\\\/\\\/www.caudete.org\\\/ayuntamiento\\\/el-programa-crecer-para-jovenes-vulnerables-avanza-hacia-su-finalizacion-en-este-ano-con-exito-y-mucha-satisfaccion\\\/#breadcrumb\",\"itemListElement\":[{\"@type\":\"ListItem\",\"position\":1,\"name\":\"Inicio\",\"item\":\"https:\\\/\\\/www.caudete.org\\\/ayuntamiento\\\/\"},{\"@type\":\"ListItem\",\"position\":2,\"name\":\"El programa crecer para j\u00f3venes vulnerables avanza hacia su finalizaci\u00f3n en este a\u00f1o con \u00e9xito y mucha satisfacci\u00f3n\"}]},{\"@type\":\"WebSite\",\"@id\":\"https:\\\/\\\/www.caudete.org\\\/ayuntamiento\\\/#website\",\"url\":\"https:\\\/\\\/www.caudete.org\\\/ayuntamiento\\\/\",\"name\":\"MI Ayuntamiento de Caudete\",\"description\":\"P\u00e1gina Oficial del MI Ayuntamiento de Caudete\",\"potentialAction\":[{\"@type\":\"SearchAction\",\"target\":{\"@type\":\"EntryPoint\",\"urlTemplate\":\"https:\\\/\\\/www.caudete.org\\\/ayuntamiento\\\/?s={search_term_string}\"},\"query-input\":{\"@type\":\"PropertyValueSpecification\",\"valueRequired\":true,\"valueName\":\"search_term_string\"}}],\"inLanguage\":\"es\"},{\"@type\":\"Person\",\"@id\":\"https:\\\/\\\/www.caudete.org\\\/ayuntamiento\\\/#\\\/schema\\\/person\\\/abfa5ffd5010a14e078c21e6e61b6291\",\"name\":\"informatica2\",\"image\":{\"@type\":\"ImageObject\",\"inLanguage\":\"es\",\"@id\":\"https:\\\/\\\/secure.gravatar.com\\\/avatar\\\/b089890ff033a3e4d03eec00ecb5a14425217205c513f60ec32ebeaaeb5fa700?s=96&d=mm&r=g\",\"url\":\"https:\\\/\\\/secure.gravatar.com\\\/avatar\\\/b089890ff033a3e4d03eec00ecb5a14425217205c513f60ec32ebeaaeb5fa700?s=96&d=mm&r=g\",\"contentUrl\":\"https:\\\/\\\/secure.gravatar.com\\\/avatar\\\/b089890ff033a3e4d03eec00ecb5a14425217205c513f60ec32ebeaaeb5fa700?s=96&d=mm&r=g\",\"caption\":\"informatica2\"},\"url\":\"https:\\\/\\\/www.caudete.org\\\/ayuntamiento\\\/author\\\/informatica2\\\/\"}]}<\/script>\n<!-- \/ Yoast SEO plugin. -->","yoast_head_json":{"title":"El programa crecer para j\u00f3venes vulnerables avanza hacia su finalizaci\u00f3n en este a\u00f1o con \u00e9xito y mucha satisfacci\u00f3n - MI Ayuntamiento de Caudete","description":"P\u00e1gina Oficial del Ayuntamiento de Caudete (Albacete)","robots":{"index":"index","follow":"follow","max-snippet":"max-snippet:-1","max-image-preview":"max-image-preview:large","max-video-preview":"max-video-preview:-1"},"canonical":"https:\/\/www.caudete.org\/ayuntamiento\/el-programa-crecer-para-jovenes-vulnerables-avanza-hacia-su-finalizacion-en-este-ano-con-exito-y-mucha-satisfaccion\/","og_locale":"es_ES","og_type":"article","og_title":"El programa crecer para j\u00f3venes vulnerables avanza hacia su finalizaci\u00f3n en este a\u00f1o con \u00e9xito y mucha satisfacci\u00f3n - MI Ayuntamiento de Caudete","og_description":"P\u00e1gina Oficial del Ayuntamiento de Caudete (Albacete)","og_url":"https:\/\/www.caudete.org\/ayuntamiento\/el-programa-crecer-para-jovenes-vulnerables-avanza-hacia-su-finalizacion-en-este-ano-con-exito-y-mucha-satisfaccion\/","og_site_name":"MI Ayuntamiento de Caudete","article_publisher":"https:\/\/www.facebook.com\/ayuntamientocaudete\/","article_published_time":"2025-12-01T10:08:32+00:00","article_modified_time":"2025-12-01T11:25:49+00:00","og_image":[{"width":1000,"height":563,"url":"https:\/\/www.caudete.org\/ayuntamiento\/wp-content\/uploads\/2025\/12\/IMAGENES-NOTA-PRENSA_page-0005.jpg","type":"image\/jpeg"}],"author":"informatica2","twitter_card":"summary_large_image","twitter_misc":{"Escrito por":"informatica2","Tiempo de lectura":"4 minutos"},"schema":{"@context":"https:\/\/schema.org","@graph":[{"@type":"Article","@id":"https:\/\/www.caudete.org\/ayuntamiento\/el-programa-crecer-para-jovenes-vulnerables-avanza-hacia-su-finalizacion-en-este-ano-con-exito-y-mucha-satisfaccion\/#article","isPartOf":{"@id":"https:\/\/www.caudete.org\/ayuntamiento\/el-programa-crecer-para-jovenes-vulnerables-avanza-hacia-su-finalizacion-en-este-ano-con-exito-y-mucha-satisfaccion\/"},"author":{"name":"informatica2","@id":"https:\/\/www.caudete.org\/ayuntamiento\/#\/schema\/person\/abfa5ffd5010a14e078c21e6e61b6291"},"headline":"El programa crecer para j\u00f3venes vulnerables avanza hacia su finalizaci\u00f3n en este a\u00f1o con \u00e9xito y mucha satisfacci\u00f3n","datePublished":"2025-12-01T10:08:32+00:00","dateModified":"2025-12-01T11:25:49+00:00","mainEntityOfPage":{"@id":"https:\/\/www.caudete.org\/ayuntamiento\/el-programa-crecer-para-jovenes-vulnerables-avanza-hacia-su-finalizacion-en-este-ano-con-exito-y-mucha-satisfaccion\/"},"wordCount":550,"image":{"@id":"https:\/\/www.caudete.org\/ayuntamiento\/el-programa-crecer-para-jovenes-vulnerables-avanza-hacia-su-finalizacion-en-este-ano-con-exito-y-mucha-satisfaccion\/#primaryimage"},"thumbnailUrl":"https:\/\/www.caudete.org\/ayuntamiento\/wp-content\/uploads\/2025\/12\/IMAGENES-NOTA-PRENSA_page-0005.jpg","articleSection":["Sanidad y Bienestar Social"],"inLanguage":"es"},{"@type":"WebPage","@id":"https:\/\/www.caudete.org\/ayuntamiento\/el-programa-crecer-para-jovenes-vulnerables-avanza-hacia-su-finalizacion-en-este-ano-con-exito-y-mucha-satisfaccion\/","url":"https:\/\/www.caudete.org\/ayuntamiento\/el-programa-crecer-para-jovenes-vulnerables-avanza-hacia-su-finalizacion-en-este-ano-con-exito-y-mucha-satisfaccion\/","name":"El programa crecer para j\u00f3venes vulnerables avanza hacia su finalizaci\u00f3n en este a\u00f1o con \u00e9xito y mucha satisfacci\u00f3n - MI Ayuntamiento de Caudete","isPartOf":{"@id":"https:\/\/www.caudete.org\/ayuntamiento\/#website"},"primaryImageOfPage":{"@id":"https:\/\/www.caudete.org\/ayuntamiento\/el-programa-crecer-para-jovenes-vulnerables-avanza-hacia-su-finalizacion-en-este-ano-con-exito-y-mucha-satisfaccion\/#primaryimage"},"image":{"@id":"https:\/\/www.caudete.org\/ayuntamiento\/el-programa-crecer-para-jovenes-vulnerables-avanza-hacia-su-finalizacion-en-este-ano-con-exito-y-mucha-satisfaccion\/#primaryimage"},"thumbnailUrl":"https:\/\/www.caudete.org\/ayuntamiento\/wp-content\/uploads\/2025\/12\/IMAGENES-NOTA-PRENSA_page-0005.jpg","datePublished":"2025-12-01T10:08:32+00:00","dateModified":"2025-12-01T11:25:49+00:00","author":{"@id":"https:\/\/www.caudete.org\/ayuntamiento\/#\/schema\/person\/abfa5ffd5010a14e078c21e6e61b6291"},"description":"P\u00e1gina Oficial del Ayuntamiento de Caudete (Albacete)","breadcrumb":{"@id":"https:\/\/www.caudete.org\/ayuntamiento\/el-programa-crecer-para-jovenes-vulnerables-avanza-hacia-su-finalizacion-en-este-ano-con-exito-y-mucha-satisfaccion\/#breadcrumb"},"inLanguage":"es","potentialAction":[{"@type":"ReadAction","target":["https:\/\/www.caudete.org\/ayuntamiento\/el-programa-crecer-para-jovenes-vulnerables-avanza-hacia-su-finalizacion-en-este-ano-con-exito-y-mucha-satisfaccion\/"]}]},{"@type":"ImageObject","inLanguage":"es","@id":"https:\/\/www.caudete.org\/ayuntamiento\/el-programa-crecer-para-jovenes-vulnerables-avanza-hacia-su-finalizacion-en-este-ano-con-exito-y-mucha-satisfaccion\/#primaryimage","url":"https:\/\/www.caudete.org\/ayuntamiento\/wp-content\/uploads\/2025\/12\/IMAGENES-NOTA-PRENSA_page-0005.jpg","contentUrl":"https:\/\/www.caudete.org\/ayuntamiento\/wp-content\/uploads\/2025\/12\/IMAGENES-NOTA-PRENSA_page-0005.jpg","width":1000,"height":563},{"@type":"BreadcrumbList","@id":"https:\/\/www.caudete.org\/ayuntamiento\/el-programa-crecer-para-jovenes-vulnerables-avanza-hacia-su-finalizacion-en-este-ano-con-exito-y-mucha-satisfaccion\/#breadcrumb","itemListElement":[{"@type":"ListItem","position":1,"name":"Inicio","item":"https:\/\/www.caudete.org\/ayuntamiento\/"},{"@type":"ListItem","position":2,"name":"El programa crecer para j\u00f3venes vulnerables avanza hacia su finalizaci\u00f3n en este a\u00f1o con \u00e9xito y mucha satisfacci\u00f3n"}]},{"@type":"WebSite","@id":"https:\/\/www.caudete.org\/ayuntamiento\/#website","url":"https:\/\/www.caudete.org\/ayuntamiento\/","name":"MI Ayuntamiento de Caudete","description":"P\u00e1gina Oficial del MI Ayuntamiento de Caudete","potentialAction":[{"@type":"SearchAction","target":{"@type":"EntryPoint","urlTemplate":"https:\/\/www.caudete.org\/ayuntamiento\/?s={search_term_string}"},"query-input":{"@type":"PropertyValueSpecification","valueRequired":true,"valueName":"search_term_string"}}],"inLanguage":"es"},{"@type":"Person","@id":"https:\/\/www.caudete.org\/ayuntamiento\/#\/schema\/person\/abfa5ffd5010a14e078c21e6e61b6291","name":"informatica2","image":{"@type":"ImageObject","inLanguage":"es","@id":"https:\/\/secure.gravatar.com\/avatar\/b089890ff033a3e4d03eec00ecb5a14425217205c513f60ec32ebeaaeb5fa700?s=96&d=mm&r=g","url":"https:\/\/secure.gravatar.com\/avatar\/b089890ff033a3e4d03eec00ecb5a14425217205c513f60ec32ebeaaeb5fa700?s=96&d=mm&r=g","contentUrl":"https:\/\/secure.gravatar.com\/avatar\/b089890ff033a3e4d03eec00ecb5a14425217205c513f60ec32ebeaaeb5fa700?s=96&d=mm&r=g","caption":"informatica2"},"url":"https:\/\/www.caudete.org\/ayuntamiento\/author\/informatica2\/"}]}},"_links":{"self":[{"href":"https:\/\/www.caudete.org\/ayuntamiento\/wp-json\/wp\/v2\/posts\/31712","targetHints":{"allow":["GET"]}}],"collection":[{"href":"https:\/\/www.caudete.org\/ayuntamiento\/wp-json\/wp\/v2\/posts"}],"about":[{"href":"https:\/\/www.caudete.org\/ayuntamiento\/wp-json\/wp\/v2\/types\/post"}],"author":[{"embeddable":true,"href":"https:\/\/www.caudete.org\/ayuntamiento\/wp-json\/wp\/v2\/users\/6"}],"replies":[{"embeddable":true,"href":"https:\/\/www.caudete.org\/ayuntamiento\/wp-json\/wp\/v2\/comments?post=31712"}],"version-history":[{"count":3,"href":"https:\/\/www.caudete.org\/ayuntamiento\/wp-json\/wp\/v2\/posts\/31712\/revisions"}],"predecessor-version":[{"id":31722,"href":"https:\/\/www.caudete.org\/ayuntamiento\/wp-json\/wp\/v2\/posts\/31712\/revisions\/31722"}],"wp:featuredmedia":[{"embeddable":true,"href":"https:\/\/www.caudete.org\/ayuntamiento\/wp-json\/wp\/v2\/media\/31713"}],"wp:attachment":[{"href":"https:\/\/www.caudete.org\/ayuntamiento\/wp-json\/wp\/v2\/media?parent=31712"}],"wp:term":[{"taxonomy":"category","embeddable":true,"href":"https:\/\/www.caudete.org\/ayuntamiento\/wp-json\/wp\/v2\/categories?post=31712"},{"taxonomy":"post_tag","embeddable":true,"href":"https:\/\/www.caudete.org\/ayuntamiento\/wp-json\/wp\/v2\/tags?post=31712"}],"curies":[{"name":"wp","href":"https:\/\/api.w.org\/{rel}","templated":true}]}}