{"id":31723,"date":"2025-12-01T13:08:44","date_gmt":"2025-12-01T12:08:44","guid":{"rendered":"https:\/\/www.caudete.org\/ayuntamiento\/?p=31723"},"modified":"2025-12-05T13:49:48","modified_gmt":"2025-12-05T12:49:48","slug":"el-auditorio-municipal-acoge-este-viernes-tuyo-cid-de-la-compania-malaje-solo","status":"publish","type":"post","link":"https:\/\/www.caudete.org\/ayuntamiento\/el-auditorio-municipal-acoge-este-viernes-tuyo-cid-de-la-compania-malaje-solo\/","title":{"rendered":"El Auditorio Municipal acoge este viernes \u201cTuyo Cid\u201d, de la compa\u00f1\u00eda Malaje Solo"},"content":{"rendered":"<p style=\"text-align: justify;\">El pr\u00f3ximo viernes 5 de diciembre, a las 21:30 horas, el Auditorio Municipal recibe a la emblem\u00e1tica compa\u00f1\u00eda sevillana Malaje Solo, con su espect\u00e1culo \u201cTuyo Cid\u201d, una divertida y did\u00e1ctica propuesta teatral destinada a acercar la literatura cl\u00e1sica al p\u00fablico de todas las edades.<\/p>\n<p style=\"text-align: justify;\">Con guion, direcci\u00f3n e interpretaci\u00f3n de Jos\u00e9 Antonio Aguilar, \u201cTuyo Cid\u201d es un espect\u00e1culo unipersonal de 60 minutos en el que el actor se convierte en juglar contempor\u00e1neo para rendir homenaje tanto a los or\u00edgenes del teatro como a las primeras manifestaciones literarias en castellano.<\/p>\n<p style=\"text-align: justify;\">La obra combina humor blanco, interacci\u00f3n con el p\u00fablico y sencillos efectos esc\u00e9nicos para ofrecer una visi\u00f3n fresca y desenfadada del Poema de Mio Cid, respetando su argumento pero acerc\u00e1ndolo al espectador actual.<\/p>\n<p style=\"text-align: justify;\">A lo largo del espect\u00e1culo se recrean episodios tan conocidos como la salida del Cid de Castilla, la conquista de Valencia o la Afrenta de Corpes, siempre desde una mirada humor\u00edstica que facilita la comprensi\u00f3n de los textos medievales y despierta el inter\u00e9s por nuestro patrimonio literario.<\/p>\n<p style=\"text-align: justify;\">La concejal\u00eda de Cultura invita a toda la ciudadan\u00eda a disfrutar de este espect\u00e1culo did\u00e1ctico y lleno de ingenio, ideal tanto para amantes del teatro como para quienes deseen descubrir de forma amena los or\u00edgenes de nuestra literatura.<\/p>\n<p style=\"text-align: justify;\">Este espect\u00e1culo pertenece al programa de oto\u00f1o 2025 de la la <strong>Red de Artes Esc\u00e9nicas de la JCCM y Cultural Albacete<\/strong> y las entradas pueden adquirirse en la Casa de Cultura.<\/p>\n<p style=\"text-align: justify;\">Una cita importante de la Cultura con el humor.<\/p>\n<p><img fetchpriority=\"high\" decoding=\"async\" class=\"alignnone wp-image-31725 size-full\" src=\"https:\/\/www.caudete.org\/ayuntamiento\/wp-content\/uploads\/2025\/12\/Viernes-24102025-3.jpg\" alt=\"\" width=\"1000\" height=\"1415\" srcset=\"https:\/\/www.caudete.org\/ayuntamiento\/wp-content\/uploads\/2025\/12\/Viernes-24102025-3.jpg 1000w, https:\/\/www.caudete.org\/ayuntamiento\/wp-content\/uploads\/2025\/12\/Viernes-24102025-3-565x800.jpg 565w, https:\/\/www.caudete.org\/ayuntamiento\/wp-content\/uploads\/2025\/12\/Viernes-24102025-3-636x900.jpg 636w, https:\/\/www.caudete.org\/ayuntamiento\/wp-content\/uploads\/2025\/12\/Viernes-24102025-3-155x220.jpg 155w, https:\/\/www.caudete.org\/ayuntamiento\/wp-content\/uploads\/2025\/12\/Viernes-24102025-3-768x1087.jpg 768w\" sizes=\"(max-width: 1000px) 100vw, 1000px\" \/> <img decoding=\"async\" class=\"alignnone wp-image-31726 size-full\" src=\"https:\/\/www.caudete.org\/ayuntamiento\/wp-content\/uploads\/2025\/12\/4.jpg\" alt=\"\" width=\"940\" height=\"788\" srcset=\"https:\/\/www.caudete.org\/ayuntamiento\/wp-content\/uploads\/2025\/12\/4.jpg 940w, https:\/\/www.caudete.org\/ayuntamiento\/wp-content\/uploads\/2025\/12\/4-262x220.jpg 262w, https:\/\/www.caudete.org\/ayuntamiento\/wp-content\/uploads\/2025\/12\/4-768x644.jpg 768w\" sizes=\"(max-width: 940px) 100vw, 940px\" \/> <img decoding=\"async\" class=\"alignnone wp-image-31727 size-full\" src=\"https:\/\/www.caudete.org\/ayuntamiento\/wp-content\/uploads\/2025\/12\/6.jpg\" alt=\"\" width=\"940\" height=\"788\" srcset=\"https:\/\/www.caudete.org\/ayuntamiento\/wp-content\/uploads\/2025\/12\/6.jpg 940w, https:\/\/www.caudete.org\/ayuntamiento\/wp-content\/uploads\/2025\/12\/6-262x220.jpg 262w, https:\/\/www.caudete.org\/ayuntamiento\/wp-content\/uploads\/2025\/12\/6-768x644.jpg 768w\" sizes=\"(max-width: 940px) 100vw, 940px\" \/><\/p>\n","protected":false},"excerpt":{"rendered":"<p>El pr\u00f3ximo viernes 5 de diciembre, a las 21:30 horas, el Auditorio Municipal recibe a la emblem\u00e1tica compa\u00f1\u00eda sevillana Malaje Solo, con su espect\u00e1culo \u201cTuyo Cid\u201d, una divertida y did\u00e1ctica propuesta teatral destinada a acercar la literatura cl\u00e1sica al p\u00fablico de todas las edades. Con guion, direcci\u00f3n e interpretaci\u00f3n de Jos\u00e9 Antonio Aguilar, \u201cTuyo Cid\u201d &hellip;<\/p>\n","protected":false},"author":6,"featured_media":31724,"comment_status":"closed","ping_status":"open","sticky":false,"template":"","format":"standard","meta":{"ngg_post_thumbnail":0,"footnotes":""},"categories":[14],"tags":[],"class_list":["post-31723","post","type-post","status-publish","format-standard","has-post-thumbnail","hentry","category-cultura"],"yoast_head":"<!-- This site is optimized with the Yoast SEO plugin v27.5 - https:\/\/yoast.com\/product\/yoast-seo-wordpress\/ -->\n<title>El Auditorio Municipal acoge este viernes \u201cTuyo Cid\u201d, de la compa\u00f1\u00eda Malaje Solo - MI Ayuntamiento de Caudete<\/title>\n<meta name=\"description\" content=\"P\u00e1gina Oficial del Ayuntamiento de Caudete (Albacete)\" \/>\n<meta name=\"robots\" content=\"index, follow, max-snippet:-1, max-image-preview:large, max-video-preview:-1\" \/>\n<link rel=\"canonical\" href=\"https:\/\/www.caudete.org\/ayuntamiento\/el-auditorio-municipal-acoge-este-viernes-tuyo-cid-de-la-compania-malaje-solo\/\" \/>\n<meta property=\"og:locale\" content=\"es_ES\" \/>\n<meta property=\"og:type\" content=\"article\" \/>\n<meta property=\"og:title\" content=\"El Auditorio Municipal acoge este viernes \u201cTuyo Cid\u201d, de la compa\u00f1\u00eda Malaje Solo - MI Ayuntamiento de Caudete\" \/>\n<meta property=\"og:description\" content=\"P\u00e1gina Oficial del Ayuntamiento de Caudete (Albacete)\" \/>\n<meta property=\"og:url\" content=\"https:\/\/www.caudete.org\/ayuntamiento\/el-auditorio-municipal-acoge-este-viernes-tuyo-cid-de-la-compania-malaje-solo\/\" \/>\n<meta property=\"og:site_name\" content=\"MI Ayuntamiento de Caudete\" \/>\n<meta property=\"article:publisher\" content=\"https:\/\/www.facebook.com\/ayuntamientocaudete\/\" \/>\n<meta property=\"article:published_time\" content=\"2025-12-01T12:08:44+00:00\" \/>\n<meta property=\"article:modified_time\" content=\"2025-12-05T12:49:48+00:00\" \/>\n<meta property=\"og:image\" content=\"https:\/\/www.caudete.org\/ayuntamiento\/wp-content\/uploads\/2025\/12\/Viernes-24102025-3-PORT.jpg\" \/>\n\t<meta property=\"og:image:width\" content=\"864\" \/>\n\t<meta property=\"og:image:height\" content=\"380\" \/>\n\t<meta property=\"og:image:type\" content=\"image\/jpeg\" \/>\n<meta name=\"author\" content=\"informatica2\" \/>\n<meta name=\"twitter:card\" content=\"summary_large_image\" \/>\n<meta name=\"twitter:label1\" content=\"Escrito por\" \/>\n\t<meta name=\"twitter:data1\" content=\"informatica2\" \/>\n\t<meta name=\"twitter:label2\" content=\"Tiempo de lectura\" \/>\n\t<meta name=\"twitter:data2\" content=\"2 minutos\" \/>\n<script type=\"application\/ld+json\" class=\"yoast-schema-graph\">{\"@context\":\"https:\\\/\\\/schema.org\",\"@graph\":[{\"@type\":\"Article\",\"@id\":\"https:\\\/\\\/www.caudete.org\\\/ayuntamiento\\\/el-auditorio-municipal-acoge-este-viernes-tuyo-cid-de-la-compania-malaje-solo\\\/#article\",\"isPartOf\":{\"@id\":\"https:\\\/\\\/www.caudete.org\\\/ayuntamiento\\\/el-auditorio-municipal-acoge-este-viernes-tuyo-cid-de-la-compania-malaje-solo\\\/\"},\"author\":{\"name\":\"informatica2\",\"@id\":\"https:\\\/\\\/www.caudete.org\\\/ayuntamiento\\\/#\\\/schema\\\/person\\\/abfa5ffd5010a14e078c21e6e61b6291\"},\"headline\":\"El Auditorio Municipal acoge este viernes \u201cTuyo Cid\u201d, de la compa\u00f1\u00eda Malaje Solo\",\"datePublished\":\"2025-12-01T12:08:44+00:00\",\"dateModified\":\"2025-12-05T12:49:48+00:00\",\"mainEntityOfPage\":{\"@id\":\"https:\\\/\\\/www.caudete.org\\\/ayuntamiento\\\/el-auditorio-municipal-acoge-este-viernes-tuyo-cid-de-la-compania-malaje-solo\\\/\"},\"wordCount\":286,\"image\":{\"@id\":\"https:\\\/\\\/www.caudete.org\\\/ayuntamiento\\\/el-auditorio-municipal-acoge-este-viernes-tuyo-cid-de-la-compania-malaje-solo\\\/#primaryimage\"},\"thumbnailUrl\":\"https:\\\/\\\/www.caudete.org\\\/ayuntamiento\\\/wp-content\\\/uploads\\\/2025\\\/12\\\/Viernes-24102025-3-PORT.jpg\",\"articleSection\":[\"Cultura\"],\"inLanguage\":\"es\"},{\"@type\":\"WebPage\",\"@id\":\"https:\\\/\\\/www.caudete.org\\\/ayuntamiento\\\/el-auditorio-municipal-acoge-este-viernes-tuyo-cid-de-la-compania-malaje-solo\\\/\",\"url\":\"https:\\\/\\\/www.caudete.org\\\/ayuntamiento\\\/el-auditorio-municipal-acoge-este-viernes-tuyo-cid-de-la-compania-malaje-solo\\\/\",\"name\":\"El Auditorio Municipal acoge este viernes \u201cTuyo Cid\u201d, de la compa\u00f1\u00eda Malaje Solo - MI Ayuntamiento de Caudete\",\"isPartOf\":{\"@id\":\"https:\\\/\\\/www.caudete.org\\\/ayuntamiento\\\/#website\"},\"primaryImageOfPage\":{\"@id\":\"https:\\\/\\\/www.caudete.org\\\/ayuntamiento\\\/el-auditorio-municipal-acoge-este-viernes-tuyo-cid-de-la-compania-malaje-solo\\\/#primaryimage\"},\"image\":{\"@id\":\"https:\\\/\\\/www.caudete.org\\\/ayuntamiento\\\/el-auditorio-municipal-acoge-este-viernes-tuyo-cid-de-la-compania-malaje-solo\\\/#primaryimage\"},\"thumbnailUrl\":\"https:\\\/\\\/www.caudete.org\\\/ayuntamiento\\\/wp-content\\\/uploads\\\/2025\\\/12\\\/Viernes-24102025-3-PORT.jpg\",\"datePublished\":\"2025-12-01T12:08:44+00:00\",\"dateModified\":\"2025-12-05T12:49:48+00:00\",\"author\":{\"@id\":\"https:\\\/\\\/www.caudete.org\\\/ayuntamiento\\\/#\\\/schema\\\/person\\\/abfa5ffd5010a14e078c21e6e61b6291\"},\"description\":\"P\u00e1gina Oficial del Ayuntamiento de Caudete (Albacete)\",\"breadcrumb\":{\"@id\":\"https:\\\/\\\/www.caudete.org\\\/ayuntamiento\\\/el-auditorio-municipal-acoge-este-viernes-tuyo-cid-de-la-compania-malaje-solo\\\/#breadcrumb\"},\"inLanguage\":\"es\",\"potentialAction\":[{\"@type\":\"ReadAction\",\"target\":[\"https:\\\/\\\/www.caudete.org\\\/ayuntamiento\\\/el-auditorio-municipal-acoge-este-viernes-tuyo-cid-de-la-compania-malaje-solo\\\/\"]}]},{\"@type\":\"ImageObject\",\"inLanguage\":\"es\",\"@id\":\"https:\\\/\\\/www.caudete.org\\\/ayuntamiento\\\/el-auditorio-municipal-acoge-este-viernes-tuyo-cid-de-la-compania-malaje-solo\\\/#primaryimage\",\"url\":\"https:\\\/\\\/www.caudete.org\\\/ayuntamiento\\\/wp-content\\\/uploads\\\/2025\\\/12\\\/Viernes-24102025-3-PORT.jpg\",\"contentUrl\":\"https:\\\/\\\/www.caudete.org\\\/ayuntamiento\\\/wp-content\\\/uploads\\\/2025\\\/12\\\/Viernes-24102025-3-PORT.jpg\",\"width\":864,\"height\":380},{\"@type\":\"BreadcrumbList\",\"@id\":\"https:\\\/\\\/www.caudete.org\\\/ayuntamiento\\\/el-auditorio-municipal-acoge-este-viernes-tuyo-cid-de-la-compania-malaje-solo\\\/#breadcrumb\",\"itemListElement\":[{\"@type\":\"ListItem\",\"position\":1,\"name\":\"Inicio\",\"item\":\"https:\\\/\\\/www.caudete.org\\\/ayuntamiento\\\/\"},{\"@type\":\"ListItem\",\"position\":2,\"name\":\"El Auditorio Municipal acoge este viernes \u201cTuyo Cid\u201d, de la compa\u00f1\u00eda Malaje Solo\"}]},{\"@type\":\"WebSite\",\"@id\":\"https:\\\/\\\/www.caudete.org\\\/ayuntamiento\\\/#website\",\"url\":\"https:\\\/\\\/www.caudete.org\\\/ayuntamiento\\\/\",\"name\":\"MI Ayuntamiento de Caudete\",\"description\":\"P\u00e1gina Oficial del MI Ayuntamiento de Caudete\",\"potentialAction\":[{\"@type\":\"SearchAction\",\"target\":{\"@type\":\"EntryPoint\",\"urlTemplate\":\"https:\\\/\\\/www.caudete.org\\\/ayuntamiento\\\/?s={search_term_string}\"},\"query-input\":{\"@type\":\"PropertyValueSpecification\",\"valueRequired\":true,\"valueName\":\"search_term_string\"}}],\"inLanguage\":\"es\"},{\"@type\":\"Person\",\"@id\":\"https:\\\/\\\/www.caudete.org\\\/ayuntamiento\\\/#\\\/schema\\\/person\\\/abfa5ffd5010a14e078c21e6e61b6291\",\"name\":\"informatica2\",\"image\":{\"@type\":\"ImageObject\",\"inLanguage\":\"es\",\"@id\":\"https:\\\/\\\/secure.gravatar.com\\\/avatar\\\/b089890ff033a3e4d03eec00ecb5a14425217205c513f60ec32ebeaaeb5fa700?s=96&d=mm&r=g\",\"url\":\"https:\\\/\\\/secure.gravatar.com\\\/avatar\\\/b089890ff033a3e4d03eec00ecb5a14425217205c513f60ec32ebeaaeb5fa700?s=96&d=mm&r=g\",\"contentUrl\":\"https:\\\/\\\/secure.gravatar.com\\\/avatar\\\/b089890ff033a3e4d03eec00ecb5a14425217205c513f60ec32ebeaaeb5fa700?s=96&d=mm&r=g\",\"caption\":\"informatica2\"},\"url\":\"https:\\\/\\\/www.caudete.org\\\/ayuntamiento\\\/author\\\/informatica2\\\/\"}]}<\/script>\n<!-- \/ Yoast SEO plugin. -->","yoast_head_json":{"title":"El Auditorio Municipal acoge este viernes \u201cTuyo Cid\u201d, de la compa\u00f1\u00eda Malaje Solo - MI Ayuntamiento de Caudete","description":"P\u00e1gina Oficial del Ayuntamiento de Caudete (Albacete)","robots":{"index":"index","follow":"follow","max-snippet":"max-snippet:-1","max-image-preview":"max-image-preview:large","max-video-preview":"max-video-preview:-1"},"canonical":"https:\/\/www.caudete.org\/ayuntamiento\/el-auditorio-municipal-acoge-este-viernes-tuyo-cid-de-la-compania-malaje-solo\/","og_locale":"es_ES","og_type":"article","og_title":"El Auditorio Municipal acoge este viernes \u201cTuyo Cid\u201d, de la compa\u00f1\u00eda Malaje Solo - MI Ayuntamiento de Caudete","og_description":"P\u00e1gina Oficial del Ayuntamiento de Caudete (Albacete)","og_url":"https:\/\/www.caudete.org\/ayuntamiento\/el-auditorio-municipal-acoge-este-viernes-tuyo-cid-de-la-compania-malaje-solo\/","og_site_name":"MI Ayuntamiento de Caudete","article_publisher":"https:\/\/www.facebook.com\/ayuntamientocaudete\/","article_published_time":"2025-12-01T12:08:44+00:00","article_modified_time":"2025-12-05T12:49:48+00:00","og_image":[{"width":864,"height":380,"url":"https:\/\/www.caudete.org\/ayuntamiento\/wp-content\/uploads\/2025\/12\/Viernes-24102025-3-PORT.jpg","type":"image\/jpeg"}],"author":"informatica2","twitter_card":"summary_large_image","twitter_misc":{"Escrito por":"informatica2","Tiempo de lectura":"2 minutos"},"schema":{"@context":"https:\/\/schema.org","@graph":[{"@type":"Article","@id":"https:\/\/www.caudete.org\/ayuntamiento\/el-auditorio-municipal-acoge-este-viernes-tuyo-cid-de-la-compania-malaje-solo\/#article","isPartOf":{"@id":"https:\/\/www.caudete.org\/ayuntamiento\/el-auditorio-municipal-acoge-este-viernes-tuyo-cid-de-la-compania-malaje-solo\/"},"author":{"name":"informatica2","@id":"https:\/\/www.caudete.org\/ayuntamiento\/#\/schema\/person\/abfa5ffd5010a14e078c21e6e61b6291"},"headline":"El Auditorio Municipal acoge este viernes \u201cTuyo Cid\u201d, de la compa\u00f1\u00eda Malaje Solo","datePublished":"2025-12-01T12:08:44+00:00","dateModified":"2025-12-05T12:49:48+00:00","mainEntityOfPage":{"@id":"https:\/\/www.caudete.org\/ayuntamiento\/el-auditorio-municipal-acoge-este-viernes-tuyo-cid-de-la-compania-malaje-solo\/"},"wordCount":286,"image":{"@id":"https:\/\/www.caudete.org\/ayuntamiento\/el-auditorio-municipal-acoge-este-viernes-tuyo-cid-de-la-compania-malaje-solo\/#primaryimage"},"thumbnailUrl":"https:\/\/www.caudete.org\/ayuntamiento\/wp-content\/uploads\/2025\/12\/Viernes-24102025-3-PORT.jpg","articleSection":["Cultura"],"inLanguage":"es"},{"@type":"WebPage","@id":"https:\/\/www.caudete.org\/ayuntamiento\/el-auditorio-municipal-acoge-este-viernes-tuyo-cid-de-la-compania-malaje-solo\/","url":"https:\/\/www.caudete.org\/ayuntamiento\/el-auditorio-municipal-acoge-este-viernes-tuyo-cid-de-la-compania-malaje-solo\/","name":"El Auditorio Municipal acoge este viernes \u201cTuyo Cid\u201d, de la compa\u00f1\u00eda Malaje Solo - MI Ayuntamiento de Caudete","isPartOf":{"@id":"https:\/\/www.caudete.org\/ayuntamiento\/#website"},"primaryImageOfPage":{"@id":"https:\/\/www.caudete.org\/ayuntamiento\/el-auditorio-municipal-acoge-este-viernes-tuyo-cid-de-la-compania-malaje-solo\/#primaryimage"},"image":{"@id":"https:\/\/www.caudete.org\/ayuntamiento\/el-auditorio-municipal-acoge-este-viernes-tuyo-cid-de-la-compania-malaje-solo\/#primaryimage"},"thumbnailUrl":"https:\/\/www.caudete.org\/ayuntamiento\/wp-content\/uploads\/2025\/12\/Viernes-24102025-3-PORT.jpg","datePublished":"2025-12-01T12:08:44+00:00","dateModified":"2025-12-05T12:49:48+00:00","author":{"@id":"https:\/\/www.caudete.org\/ayuntamiento\/#\/schema\/person\/abfa5ffd5010a14e078c21e6e61b6291"},"description":"P\u00e1gina Oficial del Ayuntamiento de Caudete (Albacete)","breadcrumb":{"@id":"https:\/\/www.caudete.org\/ayuntamiento\/el-auditorio-municipal-acoge-este-viernes-tuyo-cid-de-la-compania-malaje-solo\/#breadcrumb"},"inLanguage":"es","potentialAction":[{"@type":"ReadAction","target":["https:\/\/www.caudete.org\/ayuntamiento\/el-auditorio-municipal-acoge-este-viernes-tuyo-cid-de-la-compania-malaje-solo\/"]}]},{"@type":"ImageObject","inLanguage":"es","@id":"https:\/\/www.caudete.org\/ayuntamiento\/el-auditorio-municipal-acoge-este-viernes-tuyo-cid-de-la-compania-malaje-solo\/#primaryimage","url":"https:\/\/www.caudete.org\/ayuntamiento\/wp-content\/uploads\/2025\/12\/Viernes-24102025-3-PORT.jpg","contentUrl":"https:\/\/www.caudete.org\/ayuntamiento\/wp-content\/uploads\/2025\/12\/Viernes-24102025-3-PORT.jpg","width":864,"height":380},{"@type":"BreadcrumbList","@id":"https:\/\/www.caudete.org\/ayuntamiento\/el-auditorio-municipal-acoge-este-viernes-tuyo-cid-de-la-compania-malaje-solo\/#breadcrumb","itemListElement":[{"@type":"ListItem","position":1,"name":"Inicio","item":"https:\/\/www.caudete.org\/ayuntamiento\/"},{"@type":"ListItem","position":2,"name":"El Auditorio Municipal acoge este viernes \u201cTuyo Cid\u201d, de la compa\u00f1\u00eda Malaje Solo"}]},{"@type":"WebSite","@id":"https:\/\/www.caudete.org\/ayuntamiento\/#website","url":"https:\/\/www.caudete.org\/ayuntamiento\/","name":"MI Ayuntamiento de Caudete","description":"P\u00e1gina Oficial del MI Ayuntamiento de Caudete","potentialAction":[{"@type":"SearchAction","target":{"@type":"EntryPoint","urlTemplate":"https:\/\/www.caudete.org\/ayuntamiento\/?s={search_term_string}"},"query-input":{"@type":"PropertyValueSpecification","valueRequired":true,"valueName":"search_term_string"}}],"inLanguage":"es"},{"@type":"Person","@id":"https:\/\/www.caudete.org\/ayuntamiento\/#\/schema\/person\/abfa5ffd5010a14e078c21e6e61b6291","name":"informatica2","image":{"@type":"ImageObject","inLanguage":"es","@id":"https:\/\/secure.gravatar.com\/avatar\/b089890ff033a3e4d03eec00ecb5a14425217205c513f60ec32ebeaaeb5fa700?s=96&d=mm&r=g","url":"https:\/\/secure.gravatar.com\/avatar\/b089890ff033a3e4d03eec00ecb5a14425217205c513f60ec32ebeaaeb5fa700?s=96&d=mm&r=g","contentUrl":"https:\/\/secure.gravatar.com\/avatar\/b089890ff033a3e4d03eec00ecb5a14425217205c513f60ec32ebeaaeb5fa700?s=96&d=mm&r=g","caption":"informatica2"},"url":"https:\/\/www.caudete.org\/ayuntamiento\/author\/informatica2\/"}]}},"_links":{"self":[{"href":"https:\/\/www.caudete.org\/ayuntamiento\/wp-json\/wp\/v2\/posts\/31723","targetHints":{"allow":["GET"]}}],"collection":[{"href":"https:\/\/www.caudete.org\/ayuntamiento\/wp-json\/wp\/v2\/posts"}],"about":[{"href":"https:\/\/www.caudete.org\/ayuntamiento\/wp-json\/wp\/v2\/types\/post"}],"author":[{"embeddable":true,"href":"https:\/\/www.caudete.org\/ayuntamiento\/wp-json\/wp\/v2\/users\/6"}],"replies":[{"embeddable":true,"href":"https:\/\/www.caudete.org\/ayuntamiento\/wp-json\/wp\/v2\/comments?post=31723"}],"version-history":[{"count":1,"href":"https:\/\/www.caudete.org\/ayuntamiento\/wp-json\/wp\/v2\/posts\/31723\/revisions"}],"predecessor-version":[{"id":31728,"href":"https:\/\/www.caudete.org\/ayuntamiento\/wp-json\/wp\/v2\/posts\/31723\/revisions\/31728"}],"wp:featuredmedia":[{"embeddable":true,"href":"https:\/\/www.caudete.org\/ayuntamiento\/wp-json\/wp\/v2\/media\/31724"}],"wp:attachment":[{"href":"https:\/\/www.caudete.org\/ayuntamiento\/wp-json\/wp\/v2\/media?parent=31723"}],"wp:term":[{"taxonomy":"category","embeddable":true,"href":"https:\/\/www.caudete.org\/ayuntamiento\/wp-json\/wp\/v2\/categories?post=31723"},{"taxonomy":"post_tag","embeddable":true,"href":"https:\/\/www.caudete.org\/ayuntamiento\/wp-json\/wp\/v2\/tags?post=31723"}],"curies":[{"name":"wp","href":"https:\/\/api.w.org\/{rel}","templated":true}]}}