{"id":31730,"date":"2025-12-01T14:32:48","date_gmt":"2025-12-01T13:32:48","guid":{"rendered":"https:\/\/www.caudete.org\/ayuntamiento\/?p=31730"},"modified":"2025-12-17T08:44:12","modified_gmt":"2025-12-17T07:44:12","slug":"convocado-el-tradicional-certamen-de-belenes-en-su-xxvii-edicion","status":"publish","type":"post","link":"https:\/\/www.caudete.org\/ayuntamiento\/convocado-el-tradicional-certamen-de-belenes-en-su-xxvii-edicion\/","title":{"rendered":"Convocado el tradicional CERTAMEN DE BELENES en su XXVII Edici\u00f3n"},"content":{"rendered":"<p style=\"text-align: justify;\"><span style=\"font-size: 12pt;\">Con el objetivo de preservar las costumbres locales y fomentar la creatividad durante las fiestas, la Concejal de Cultura y Educacion, Maria Manuela Gonzalez Solera, ha hecho p\u00fablicas las bases que regir\u00e1n el XXVII Certamen de Belenes de la localidad.<\/span><\/p>\n<p style=\"text-align: justify;\"><span style=\"font-size: 12pt;\">El concurso busca implicar tanto a la comunidad educativa como a los ciudadanos en general en el mantenimiento de esta arraigada tradici\u00f3n navide\u00f1a.<\/span><\/p>\n<p style=\"text-align: justify;\"><span style=\"font-size: 12pt;\">Como es habitual, contar\u00e1 con 2 categor\u00edas, una para Centros Educativos y otra General, donde los premios quedan fijados de la forma siguiente:<\/span><\/p>\n<p>&nbsp;<\/p>\n<p style=\"text-align: justify;\"><span style=\"font-size: 12pt;\"><strong>CATEGOR\u00cdA CENTROS EDUCATIVOS<\/strong><\/span><\/p>\n<p style=\"text-align: justify;\"><span style=\"font-size: 12pt;\">1\u00ba Premio, Diploma y cheque por valor de 150\u20ac<br \/>\n2\u00ba Premio, Diploma y cheque por valor de 100\u20ac<\/span><\/p>\n<p>&nbsp;<\/p>\n<p style=\"text-align: justify;\"><span style=\"font-size: 12pt;\"><strong>CATEGOR\u00cdA GENERAL<\/strong><\/span><\/p>\n<p style=\"text-align: justify;\"><span style=\"font-size: 12pt;\">1\u00ba Premio, Diploma y cheque por valor de 125\u20ac<br \/>\n2\u00ba Premio, Diploma y cheque por valor de 75\u20ac<br \/>\n3\u00ba Premio, Diploma y cheque por valor de 50\u20ac<\/span><\/p>\n<p style=\"text-align: justify;\"><span style=\"font-size: 12pt;\">Las fechas a tener en cuenta son las siguientes:<\/span><\/p>\n<p style=\"text-align: justify;\"><span style=\"font-size: 12pt;\">El plazo de presentaci\u00f3n ser\u00e1 desde el d\u00eda siguiente h\u00e1bil a la publicaci\u00f3n de la convocatoria en el Bolet\u00edn Oficial de la Provincia y hasta el 15 de diciembre de 2025.<\/span><\/p>\n<p style=\"text-align: justify;\"><span style=\"font-size: 12pt;\">El bel\u00e9n deber\u00e1 estar montado y accesible en la direcci\u00f3n indicada en la solicitud, el d\u00eda 17 de diciembre de 2025, donde ser\u00e1 visitado por el jurado para su valoraci\u00f3n, entre los d\u00edas 17 y 18 de diciembre, en horario a concretar con los participantes.<\/span><\/p>\n<p style=\"text-align: justify;\"><span style=\"font-size: 12pt;\">La entrega de Premios ser\u00e1, el 20 de Diciembre 2025 a las 20:30 en la Iglesia de Santa Catalina.<\/span><\/p>\n<hr \/>\n<p><span style=\"font-size: 12pt;\"><a href=\"https:\/\/caudete.sedipualba.es\/firma\/documento.aspx?csv=A9AAAMNCZEZNE9FQPTN7&amp;modo=abrir\" target=\"_blank\" rel=\"nofollow\">BASES \u201cXXVII CERTAMEN DE BELENES\u201d A\u00d1O 2025<\/a><\/span><\/p>\n<p><span style=\"font-size: 12pt;\"><a href=\"https:\/\/www.caudete.org\/ayuntamiento\/wp-content\/uploads\/2025\/12\/Anexo_I_PARTICIPACION_EN_CERTAMEN_DE_BELENES.pdf\" class=\"mtli_attachment mtli_pdf\">Anexo_I_PARTICIPACION_EN_CERTAMEN_DE_BELENES<\/a><\/span><\/p>\n","protected":false},"excerpt":{"rendered":"<p>Con el objetivo de preservar las costumbres locales y fomentar la creatividad durante las fiestas, la Concejal de Cultura y Educacion, Maria Manuela Gonzalez Solera, ha hecho p\u00fablicas las bases que regir\u00e1n el XXVII Certamen de Belenes de la localidad. El concurso busca implicar tanto a la comunidad educativa como a los ciudadanos en general &hellip;<\/p>\n","protected":false},"author":6,"featured_media":9118,"comment_status":"closed","ping_status":"open","sticky":false,"template":"","format":"standard","meta":{"ngg_post_thumbnail":0,"footnotes":""},"categories":[14],"tags":[],"class_list":["post-31730","post","type-post","status-publish","format-standard","has-post-thumbnail","hentry","category-cultura"],"yoast_head":"<!-- This site is optimized with the Yoast SEO plugin v27.5 - https:\/\/yoast.com\/product\/yoast-seo-wordpress\/ -->\n<title>Convocado el tradicional CERTAMEN DE BELENES en su XXVII Edici\u00f3n - MI Ayuntamiento de Caudete<\/title>\n<meta name=\"description\" content=\"P\u00e1gina Oficial del Ayuntamiento de Caudete (Albacete)\" \/>\n<meta name=\"robots\" content=\"index, follow, max-snippet:-1, max-image-preview:large, max-video-preview:-1\" \/>\n<link rel=\"canonical\" href=\"https:\/\/www.caudete.org\/ayuntamiento\/convocado-el-tradicional-certamen-de-belenes-en-su-xxvii-edicion\/\" \/>\n<meta property=\"og:locale\" content=\"es_ES\" \/>\n<meta property=\"og:type\" content=\"article\" \/>\n<meta property=\"og:title\" content=\"Convocado el tradicional CERTAMEN DE BELENES en su XXVII Edici\u00f3n - MI Ayuntamiento de Caudete\" \/>\n<meta property=\"og:description\" content=\"P\u00e1gina Oficial del Ayuntamiento de Caudete (Albacete)\" \/>\n<meta property=\"og:url\" content=\"https:\/\/www.caudete.org\/ayuntamiento\/convocado-el-tradicional-certamen-de-belenes-en-su-xxvii-edicion\/\" \/>\n<meta property=\"og:site_name\" content=\"MI Ayuntamiento de Caudete\" \/>\n<meta property=\"article:publisher\" content=\"https:\/\/www.facebook.com\/ayuntamientocaudete\/\" \/>\n<meta property=\"article:published_time\" content=\"2025-12-01T13:32:48+00:00\" \/>\n<meta property=\"article:modified_time\" content=\"2025-12-17T07:44:12+00:00\" \/>\n<meta property=\"og:image\" content=\"https:\/\/www.caudete.org\/ayuntamiento\/wp-content\/uploads\/2020\/12\/belenes.jpg\" \/>\n\t<meta property=\"og:image:width\" content=\"934\" \/>\n\t<meta property=\"og:image:height\" content=\"503\" \/>\n\t<meta property=\"og:image:type\" content=\"image\/jpeg\" \/>\n<meta name=\"author\" content=\"informatica2\" \/>\n<meta name=\"twitter:card\" content=\"summary_large_image\" \/>\n<meta name=\"twitter:label1\" content=\"Escrito por\" \/>\n\t<meta name=\"twitter:data1\" content=\"informatica2\" \/>\n\t<meta name=\"twitter:label2\" content=\"Tiempo de lectura\" \/>\n\t<meta name=\"twitter:data2\" content=\"2 minutos\" \/>\n<script type=\"application\/ld+json\" class=\"yoast-schema-graph\">{\"@context\":\"https:\\\/\\\/schema.org\",\"@graph\":[{\"@type\":\"Article\",\"@id\":\"https:\\\/\\\/www.caudete.org\\\/ayuntamiento\\\/convocado-el-tradicional-certamen-de-belenes-en-su-xxvii-edicion\\\/#article\",\"isPartOf\":{\"@id\":\"https:\\\/\\\/www.caudete.org\\\/ayuntamiento\\\/convocado-el-tradicional-certamen-de-belenes-en-su-xxvii-edicion\\\/\"},\"author\":{\"name\":\"informatica2\",\"@id\":\"https:\\\/\\\/www.caudete.org\\\/ayuntamiento\\\/#\\\/schema\\\/person\\\/abfa5ffd5010a14e078c21e6e61b6291\"},\"headline\":\"Convocado el tradicional CERTAMEN DE BELENES en su XXVII Edici\u00f3n\",\"datePublished\":\"2025-12-01T13:32:48+00:00\",\"dateModified\":\"2025-12-17T07:44:12+00:00\",\"mainEntityOfPage\":{\"@id\":\"https:\\\/\\\/www.caudete.org\\\/ayuntamiento\\\/convocado-el-tradicional-certamen-de-belenes-en-su-xxvii-edicion\\\/\"},\"wordCount\":264,\"image\":{\"@id\":\"https:\\\/\\\/www.caudete.org\\\/ayuntamiento\\\/convocado-el-tradicional-certamen-de-belenes-en-su-xxvii-edicion\\\/#primaryimage\"},\"thumbnailUrl\":\"https:\\\/\\\/www.caudete.org\\\/ayuntamiento\\\/wp-content\\\/uploads\\\/2020\\\/12\\\/belenes.jpg\",\"articleSection\":[\"Cultura\"],\"inLanguage\":\"es\"},{\"@type\":\"WebPage\",\"@id\":\"https:\\\/\\\/www.caudete.org\\\/ayuntamiento\\\/convocado-el-tradicional-certamen-de-belenes-en-su-xxvii-edicion\\\/\",\"url\":\"https:\\\/\\\/www.caudete.org\\\/ayuntamiento\\\/convocado-el-tradicional-certamen-de-belenes-en-su-xxvii-edicion\\\/\",\"name\":\"Convocado el tradicional CERTAMEN DE BELENES en su XXVII Edici\u00f3n - MI Ayuntamiento de Caudete\",\"isPartOf\":{\"@id\":\"https:\\\/\\\/www.caudete.org\\\/ayuntamiento\\\/#website\"},\"primaryImageOfPage\":{\"@id\":\"https:\\\/\\\/www.caudete.org\\\/ayuntamiento\\\/convocado-el-tradicional-certamen-de-belenes-en-su-xxvii-edicion\\\/#primaryimage\"},\"image\":{\"@id\":\"https:\\\/\\\/www.caudete.org\\\/ayuntamiento\\\/convocado-el-tradicional-certamen-de-belenes-en-su-xxvii-edicion\\\/#primaryimage\"},\"thumbnailUrl\":\"https:\\\/\\\/www.caudete.org\\\/ayuntamiento\\\/wp-content\\\/uploads\\\/2020\\\/12\\\/belenes.jpg\",\"datePublished\":\"2025-12-01T13:32:48+00:00\",\"dateModified\":\"2025-12-17T07:44:12+00:00\",\"author\":{\"@id\":\"https:\\\/\\\/www.caudete.org\\\/ayuntamiento\\\/#\\\/schema\\\/person\\\/abfa5ffd5010a14e078c21e6e61b6291\"},\"description\":\"P\u00e1gina Oficial del Ayuntamiento de Caudete (Albacete)\",\"breadcrumb\":{\"@id\":\"https:\\\/\\\/www.caudete.org\\\/ayuntamiento\\\/convocado-el-tradicional-certamen-de-belenes-en-su-xxvii-edicion\\\/#breadcrumb\"},\"inLanguage\":\"es\",\"potentialAction\":[{\"@type\":\"ReadAction\",\"target\":[\"https:\\\/\\\/www.caudete.org\\\/ayuntamiento\\\/convocado-el-tradicional-certamen-de-belenes-en-su-xxvii-edicion\\\/\"]}]},{\"@type\":\"ImageObject\",\"inLanguage\":\"es\",\"@id\":\"https:\\\/\\\/www.caudete.org\\\/ayuntamiento\\\/convocado-el-tradicional-certamen-de-belenes-en-su-xxvii-edicion\\\/#primaryimage\",\"url\":\"https:\\\/\\\/www.caudete.org\\\/ayuntamiento\\\/wp-content\\\/uploads\\\/2020\\\/12\\\/belenes.jpg\",\"contentUrl\":\"https:\\\/\\\/www.caudete.org\\\/ayuntamiento\\\/wp-content\\\/uploads\\\/2020\\\/12\\\/belenes.jpg\",\"width\":934,\"height\":503},{\"@type\":\"BreadcrumbList\",\"@id\":\"https:\\\/\\\/www.caudete.org\\\/ayuntamiento\\\/convocado-el-tradicional-certamen-de-belenes-en-su-xxvii-edicion\\\/#breadcrumb\",\"itemListElement\":[{\"@type\":\"ListItem\",\"position\":1,\"name\":\"Inicio\",\"item\":\"https:\\\/\\\/www.caudete.org\\\/ayuntamiento\\\/\"},{\"@type\":\"ListItem\",\"position\":2,\"name\":\"Convocado el tradicional CERTAMEN DE BELENES en su XXVII Edici\u00f3n\"}]},{\"@type\":\"WebSite\",\"@id\":\"https:\\\/\\\/www.caudete.org\\\/ayuntamiento\\\/#website\",\"url\":\"https:\\\/\\\/www.caudete.org\\\/ayuntamiento\\\/\",\"name\":\"MI Ayuntamiento de Caudete\",\"description\":\"P\u00e1gina Oficial del MI Ayuntamiento de Caudete\",\"potentialAction\":[{\"@type\":\"SearchAction\",\"target\":{\"@type\":\"EntryPoint\",\"urlTemplate\":\"https:\\\/\\\/www.caudete.org\\\/ayuntamiento\\\/?s={search_term_string}\"},\"query-input\":{\"@type\":\"PropertyValueSpecification\",\"valueRequired\":true,\"valueName\":\"search_term_string\"}}],\"inLanguage\":\"es\"},{\"@type\":\"Person\",\"@id\":\"https:\\\/\\\/www.caudete.org\\\/ayuntamiento\\\/#\\\/schema\\\/person\\\/abfa5ffd5010a14e078c21e6e61b6291\",\"name\":\"informatica2\",\"image\":{\"@type\":\"ImageObject\",\"inLanguage\":\"es\",\"@id\":\"https:\\\/\\\/secure.gravatar.com\\\/avatar\\\/b089890ff033a3e4d03eec00ecb5a14425217205c513f60ec32ebeaaeb5fa700?s=96&d=mm&r=g\",\"url\":\"https:\\\/\\\/secure.gravatar.com\\\/avatar\\\/b089890ff033a3e4d03eec00ecb5a14425217205c513f60ec32ebeaaeb5fa700?s=96&d=mm&r=g\",\"contentUrl\":\"https:\\\/\\\/secure.gravatar.com\\\/avatar\\\/b089890ff033a3e4d03eec00ecb5a14425217205c513f60ec32ebeaaeb5fa700?s=96&d=mm&r=g\",\"caption\":\"informatica2\"},\"url\":\"https:\\\/\\\/www.caudete.org\\\/ayuntamiento\\\/author\\\/informatica2\\\/\"}]}<\/script>\n<!-- \/ Yoast SEO plugin. -->","yoast_head_json":{"title":"Convocado el tradicional CERTAMEN DE BELENES en su XXVII Edici\u00f3n - MI Ayuntamiento de Caudete","description":"P\u00e1gina Oficial del Ayuntamiento de Caudete (Albacete)","robots":{"index":"index","follow":"follow","max-snippet":"max-snippet:-1","max-image-preview":"max-image-preview:large","max-video-preview":"max-video-preview:-1"},"canonical":"https:\/\/www.caudete.org\/ayuntamiento\/convocado-el-tradicional-certamen-de-belenes-en-su-xxvii-edicion\/","og_locale":"es_ES","og_type":"article","og_title":"Convocado el tradicional CERTAMEN DE BELENES en su XXVII Edici\u00f3n - MI Ayuntamiento de Caudete","og_description":"P\u00e1gina Oficial del Ayuntamiento de Caudete (Albacete)","og_url":"https:\/\/www.caudete.org\/ayuntamiento\/convocado-el-tradicional-certamen-de-belenes-en-su-xxvii-edicion\/","og_site_name":"MI Ayuntamiento de Caudete","article_publisher":"https:\/\/www.facebook.com\/ayuntamientocaudete\/","article_published_time":"2025-12-01T13:32:48+00:00","article_modified_time":"2025-12-17T07:44:12+00:00","og_image":[{"width":934,"height":503,"url":"https:\/\/www.caudete.org\/ayuntamiento\/wp-content\/uploads\/2020\/12\/belenes.jpg","type":"image\/jpeg"}],"author":"informatica2","twitter_card":"summary_large_image","twitter_misc":{"Escrito por":"informatica2","Tiempo de lectura":"2 minutos"},"schema":{"@context":"https:\/\/schema.org","@graph":[{"@type":"Article","@id":"https:\/\/www.caudete.org\/ayuntamiento\/convocado-el-tradicional-certamen-de-belenes-en-su-xxvii-edicion\/#article","isPartOf":{"@id":"https:\/\/www.caudete.org\/ayuntamiento\/convocado-el-tradicional-certamen-de-belenes-en-su-xxvii-edicion\/"},"author":{"name":"informatica2","@id":"https:\/\/www.caudete.org\/ayuntamiento\/#\/schema\/person\/abfa5ffd5010a14e078c21e6e61b6291"},"headline":"Convocado el tradicional CERTAMEN DE BELENES en su XXVII Edici\u00f3n","datePublished":"2025-12-01T13:32:48+00:00","dateModified":"2025-12-17T07:44:12+00:00","mainEntityOfPage":{"@id":"https:\/\/www.caudete.org\/ayuntamiento\/convocado-el-tradicional-certamen-de-belenes-en-su-xxvii-edicion\/"},"wordCount":264,"image":{"@id":"https:\/\/www.caudete.org\/ayuntamiento\/convocado-el-tradicional-certamen-de-belenes-en-su-xxvii-edicion\/#primaryimage"},"thumbnailUrl":"https:\/\/www.caudete.org\/ayuntamiento\/wp-content\/uploads\/2020\/12\/belenes.jpg","articleSection":["Cultura"],"inLanguage":"es"},{"@type":"WebPage","@id":"https:\/\/www.caudete.org\/ayuntamiento\/convocado-el-tradicional-certamen-de-belenes-en-su-xxvii-edicion\/","url":"https:\/\/www.caudete.org\/ayuntamiento\/convocado-el-tradicional-certamen-de-belenes-en-su-xxvii-edicion\/","name":"Convocado el tradicional CERTAMEN DE BELENES en su XXVII Edici\u00f3n - MI Ayuntamiento de Caudete","isPartOf":{"@id":"https:\/\/www.caudete.org\/ayuntamiento\/#website"},"primaryImageOfPage":{"@id":"https:\/\/www.caudete.org\/ayuntamiento\/convocado-el-tradicional-certamen-de-belenes-en-su-xxvii-edicion\/#primaryimage"},"image":{"@id":"https:\/\/www.caudete.org\/ayuntamiento\/convocado-el-tradicional-certamen-de-belenes-en-su-xxvii-edicion\/#primaryimage"},"thumbnailUrl":"https:\/\/www.caudete.org\/ayuntamiento\/wp-content\/uploads\/2020\/12\/belenes.jpg","datePublished":"2025-12-01T13:32:48+00:00","dateModified":"2025-12-17T07:44:12+00:00","author":{"@id":"https:\/\/www.caudete.org\/ayuntamiento\/#\/schema\/person\/abfa5ffd5010a14e078c21e6e61b6291"},"description":"P\u00e1gina Oficial del Ayuntamiento de Caudete (Albacete)","breadcrumb":{"@id":"https:\/\/www.caudete.org\/ayuntamiento\/convocado-el-tradicional-certamen-de-belenes-en-su-xxvii-edicion\/#breadcrumb"},"inLanguage":"es","potentialAction":[{"@type":"ReadAction","target":["https:\/\/www.caudete.org\/ayuntamiento\/convocado-el-tradicional-certamen-de-belenes-en-su-xxvii-edicion\/"]}]},{"@type":"ImageObject","inLanguage":"es","@id":"https:\/\/www.caudete.org\/ayuntamiento\/convocado-el-tradicional-certamen-de-belenes-en-su-xxvii-edicion\/#primaryimage","url":"https:\/\/www.caudete.org\/ayuntamiento\/wp-content\/uploads\/2020\/12\/belenes.jpg","contentUrl":"https:\/\/www.caudete.org\/ayuntamiento\/wp-content\/uploads\/2020\/12\/belenes.jpg","width":934,"height":503},{"@type":"BreadcrumbList","@id":"https:\/\/www.caudete.org\/ayuntamiento\/convocado-el-tradicional-certamen-de-belenes-en-su-xxvii-edicion\/#breadcrumb","itemListElement":[{"@type":"ListItem","position":1,"name":"Inicio","item":"https:\/\/www.caudete.org\/ayuntamiento\/"},{"@type":"ListItem","position":2,"name":"Convocado el tradicional CERTAMEN DE BELENES en su XXVII Edici\u00f3n"}]},{"@type":"WebSite","@id":"https:\/\/www.caudete.org\/ayuntamiento\/#website","url":"https:\/\/www.caudete.org\/ayuntamiento\/","name":"MI Ayuntamiento de Caudete","description":"P\u00e1gina Oficial del MI Ayuntamiento de Caudete","potentialAction":[{"@type":"SearchAction","target":{"@type":"EntryPoint","urlTemplate":"https:\/\/www.caudete.org\/ayuntamiento\/?s={search_term_string}"},"query-input":{"@type":"PropertyValueSpecification","valueRequired":true,"valueName":"search_term_string"}}],"inLanguage":"es"},{"@type":"Person","@id":"https:\/\/www.caudete.org\/ayuntamiento\/#\/schema\/person\/abfa5ffd5010a14e078c21e6e61b6291","name":"informatica2","image":{"@type":"ImageObject","inLanguage":"es","@id":"https:\/\/secure.gravatar.com\/avatar\/b089890ff033a3e4d03eec00ecb5a14425217205c513f60ec32ebeaaeb5fa700?s=96&d=mm&r=g","url":"https:\/\/secure.gravatar.com\/avatar\/b089890ff033a3e4d03eec00ecb5a14425217205c513f60ec32ebeaaeb5fa700?s=96&d=mm&r=g","contentUrl":"https:\/\/secure.gravatar.com\/avatar\/b089890ff033a3e4d03eec00ecb5a14425217205c513f60ec32ebeaaeb5fa700?s=96&d=mm&r=g","caption":"informatica2"},"url":"https:\/\/www.caudete.org\/ayuntamiento\/author\/informatica2\/"}]}},"_links":{"self":[{"href":"https:\/\/www.caudete.org\/ayuntamiento\/wp-json\/wp\/v2\/posts\/31730","targetHints":{"allow":["GET"]}}],"collection":[{"href":"https:\/\/www.caudete.org\/ayuntamiento\/wp-json\/wp\/v2\/posts"}],"about":[{"href":"https:\/\/www.caudete.org\/ayuntamiento\/wp-json\/wp\/v2\/types\/post"}],"author":[{"embeddable":true,"href":"https:\/\/www.caudete.org\/ayuntamiento\/wp-json\/wp\/v2\/users\/6"}],"replies":[{"embeddable":true,"href":"https:\/\/www.caudete.org\/ayuntamiento\/wp-json\/wp\/v2\/comments?post=31730"}],"version-history":[{"count":4,"href":"https:\/\/www.caudete.org\/ayuntamiento\/wp-json\/wp\/v2\/posts\/31730\/revisions"}],"predecessor-version":[{"id":31926,"href":"https:\/\/www.caudete.org\/ayuntamiento\/wp-json\/wp\/v2\/posts\/31730\/revisions\/31926"}],"wp:featuredmedia":[{"embeddable":true,"href":"https:\/\/www.caudete.org\/ayuntamiento\/wp-json\/wp\/v2\/media\/9118"}],"wp:attachment":[{"href":"https:\/\/www.caudete.org\/ayuntamiento\/wp-json\/wp\/v2\/media?parent=31730"}],"wp:term":[{"taxonomy":"category","embeddable":true,"href":"https:\/\/www.caudete.org\/ayuntamiento\/wp-json\/wp\/v2\/categories?post=31730"},{"taxonomy":"post_tag","embeddable":true,"href":"https:\/\/www.caudete.org\/ayuntamiento\/wp-json\/wp\/v2\/tags?post=31730"}],"curies":[{"name":"wp","href":"https:\/\/api.w.org\/{rel}","templated":true}]}}