{"id":31737,"date":"2025-12-02T13:59:52","date_gmt":"2025-12-02T12:59:52","guid":{"rendered":"https:\/\/www.caudete.org\/ayuntamiento\/?p=31737"},"modified":"2025-12-29T09:14:13","modified_gmt":"2025-12-29T08:14:13","slug":"el-ambiente-festivo-y-solidario-regresa-con-la-carrera-popular-san-silvestre-de-caudete","status":"publish","type":"post","link":"https:\/\/www.caudete.org\/ayuntamiento\/el-ambiente-festivo-y-solidario-regresa-con-la-carrera-popular-san-silvestre-de-caudete\/","title":{"rendered":"El ambiente festivo y solidario regresa con la Carrera Popular San Silvestre de Caudete"},"content":{"rendered":"<p style=\"text-align: justify;\">La Concejal\u00eda de Deportes del Ayuntamiento de Caudete, en colaboraci\u00f3n con el Club de Atletismo Caudete Antonio Amor\u00f3s, se complace en anunciar la celebraci\u00f3n de una nueva edici\u00f3n de la tradicional <strong>Carrera Popular San Silvestre<\/strong>. Este evento deportivo, que combina el esp\u00edritu competitivo con la diversi\u00f3n y la solidaridad, tendr\u00e1 lugar el pr\u00f3ximo <strong>s\u00e1bado 27 de diciembre<\/strong>.<\/p>\n<p style=\"text-align: justify;\">El objetivo principal de esta prueba es despedir el a\u00f1o de una manera activa y festiva, pero tambi\u00e9n solidaria, ya que el dinero recaudado se destina a <strong>C\u00e1ritas Caudete<\/strong>.<\/p>\n<p style=\"text-align: justify;\"><span style=\"font-size: 14pt;\"><strong>Detalles de la Carrera y Recorrido<\/strong><\/span><\/p>\n<p style=\"text-align: justify;\">La carrera mantendr\u00e1 su horario y ubicaci\u00f3n habitual, con la salida programada a las <strong>19:00 horas<\/strong> desde la <strong>Plaza del Carmen<\/strong>, donde tambi\u00e9n estar\u00e1 situada la meta. El circuito, que transcurrir\u00e1 por el casco urbano de Caudete, consta de una distancia total de <strong>3.400 metros<\/strong>, que los participantes deber\u00e1n completar realizando dos vueltas al mismo.<\/p>\n<p style=\"text-align: justify;\">La Concejal de Deportes, <strong>Pilar Egea<\/strong>, ha animado a la ciudadan\u00eda a participar:<\/p>\n<p style=\"text-align: justify;\">&#8220;La San Silvestre es una de las citas deportivas m\u00e1s queridas en nuestro calendario. Es una oportunidad perfecta para hacer deporte, disfrutar en familia o con amigos y, lo m\u00e1s importante, colaborar con una gran causa. Esperamos ver la Plaza del Carmen llena de corredores, andarines y much\u00edsimos disfraces originales.&#8221;<\/p>\n<p style=\"text-align: justify;\"><strong><span style=\"font-size: 14pt;\">Inscripciones y Car\u00e1cter Solidario<\/span><\/strong><\/p>\n<p style=\"text-align: justify;\">Las inscripciones se podr\u00e1n formalizar hasta el<strong> jueves 25 de diciembre<\/strong> a trav\u00e9s de la p\u00e1gina web oficial del evento: <a href=\"https:\/\/www.caudete.org\/sansilvestre\">www.caudete.org\/sansilvestre<\/a>.<\/p>\n<p style=\"text-align: justify;\">El precio de la inscripci\u00f3n es de <strong>6 euros<\/strong>, y la totalidad de lo recaudado se destinar\u00e1 a C\u00e1ritas Caudete, reforzando as\u00ed el car\u00e1cter ben\u00e9fico de la prueba.<\/p>\n<p style=\"text-align: justify;\"><span style=\"font-size: 14pt;\"><strong>Deporte, Disfraces y Premios<\/strong><\/span><\/p>\n<p style=\"text-align: justify;\">La San Silvestre de Caudete est\u00e1 pensada para todos los p\u00fablicos. Los participantes podr\u00e1n completar el recorrido tanto andando como corriendo.<\/p>\n<p style=\"text-align: justify;\">Como es tradici\u00f3n, el uso de disfraces es un elemento central de la celebraci\u00f3n, animando a los participantes a lucir sus atuendos m\u00e1s creativos.<\/p>\n<p style=\"text-align: justify;\">Se establecen los siguientes premios:<\/p>\n<p style=\"text-align: justify; padding-left: 40px;\">\u2022 <strong>Trofeo<\/strong> para los tres primeros clasificados en la categor\u00eda <strong>masculina<\/strong> y para las tres primeras en la categor\u00eda <strong>femenina<\/strong>.<br \/>\n\u2022 <strong>Jam\u00f3n<\/strong> al deportista o colectivo con el <strong>disfraz m\u00e1s original<\/strong>.<\/p>\n<p style=\"text-align: justify;\">Desde la organizaci\u00f3n se invita a vecinos y visitantes a participar en esta gran fiesta del deporte y la solidaridad.<\/p>\n<p><img fetchpriority=\"high\" decoding=\"async\" class=\"alignnone wp-image-31738 size-full\" src=\"https:\/\/www.caudete.org\/ayuntamiento\/wp-content\/uploads\/2025\/12\/CARTEL-SAN-SILVESTRE-2025_BLANCA.jpg\" alt=\"\" width=\"1000\" height=\"1414\" srcset=\"https:\/\/www.caudete.org\/ayuntamiento\/wp-content\/uploads\/2025\/12\/CARTEL-SAN-SILVESTRE-2025_BLANCA.jpg 1000w, https:\/\/www.caudete.org\/ayuntamiento\/wp-content\/uploads\/2025\/12\/CARTEL-SAN-SILVESTRE-2025_BLANCA-566x800.jpg 566w, https:\/\/www.caudete.org\/ayuntamiento\/wp-content\/uploads\/2025\/12\/CARTEL-SAN-SILVESTRE-2025_BLANCA-636x900.jpg 636w, https:\/\/www.caudete.org\/ayuntamiento\/wp-content\/uploads\/2025\/12\/CARTEL-SAN-SILVESTRE-2025_BLANCA-156x220.jpg 156w, https:\/\/www.caudete.org\/ayuntamiento\/wp-content\/uploads\/2025\/12\/CARTEL-SAN-SILVESTRE-2025_BLANCA-768x1086.jpg 768w\" sizes=\"(max-width: 1000px) 100vw, 1000px\" \/><\/p>\n","protected":false},"excerpt":{"rendered":"<p>La Concejal\u00eda de Deportes del Ayuntamiento de Caudete, en colaboraci\u00f3n con el Club de Atletismo Caudete Antonio Amor\u00f3s, se complace en anunciar la celebraci\u00f3n de una nueva edici\u00f3n de la tradicional Carrera Popular San Silvestre. Este evento deportivo, que combina el esp\u00edritu competitivo con la diversi\u00f3n y la solidaridad, tendr\u00e1 lugar el pr\u00f3ximo s\u00e1bado 27 &hellip;<\/p>\n","protected":false},"author":6,"featured_media":31742,"comment_status":"closed","ping_status":"open","sticky":false,"template":"","format":"standard","meta":{"ngg_post_thumbnail":0,"footnotes":""},"categories":[23],"tags":[],"class_list":["post-31737","post","type-post","status-publish","format-standard","has-post-thumbnail","hentry","category-deportes"],"yoast_head":"<!-- This site is optimized with the Yoast SEO plugin v27.4 - https:\/\/yoast.com\/product\/yoast-seo-wordpress\/ -->\n<title>El ambiente festivo y solidario regresa con la Carrera Popular San Silvestre de Caudete - MI Ayuntamiento de Caudete<\/title>\n<meta name=\"description\" content=\"P\u00e1gina Oficial del Ayuntamiento de Caudete (Albacete)\" \/>\n<meta name=\"robots\" content=\"index, follow, max-snippet:-1, max-image-preview:large, max-video-preview:-1\" \/>\n<link rel=\"canonical\" href=\"https:\/\/www.caudete.org\/ayuntamiento\/el-ambiente-festivo-y-solidario-regresa-con-la-carrera-popular-san-silvestre-de-caudete\/\" \/>\n<meta property=\"og:locale\" content=\"es_ES\" \/>\n<meta property=\"og:type\" content=\"article\" \/>\n<meta property=\"og:title\" content=\"El ambiente festivo y solidario regresa con la Carrera Popular San Silvestre de Caudete - MI Ayuntamiento de Caudete\" \/>\n<meta property=\"og:description\" content=\"P\u00e1gina Oficial del Ayuntamiento de Caudete (Albacete)\" \/>\n<meta property=\"og:url\" content=\"https:\/\/www.caudete.org\/ayuntamiento\/el-ambiente-festivo-y-solidario-regresa-con-la-carrera-popular-san-silvestre-de-caudete\/\" \/>\n<meta property=\"og:site_name\" content=\"MI Ayuntamiento de Caudete\" \/>\n<meta property=\"article:publisher\" content=\"https:\/\/www.facebook.com\/ayuntamientocaudete\/\" \/>\n<meta property=\"article:published_time\" content=\"2025-12-02T12:59:52+00:00\" \/>\n<meta property=\"article:modified_time\" content=\"2025-12-29T08:14:13+00:00\" \/>\n<meta property=\"og:image\" content=\"https:\/\/www.caudete.org\/ayuntamiento\/wp-content\/uploads\/2025\/12\/CARTEL-SAN-SILVESTRE-2025_BLANCA-port2.jpg\" \/>\n\t<meta property=\"og:image:width\" content=\"864\" \/>\n\t<meta property=\"og:image:height\" content=\"380\" \/>\n\t<meta property=\"og:image:type\" content=\"image\/jpeg\" \/>\n<meta name=\"author\" content=\"informatica2\" \/>\n<meta name=\"twitter:card\" content=\"summary_large_image\" \/>\n<meta name=\"twitter:label1\" content=\"Escrito por\" \/>\n\t<meta name=\"twitter:data1\" content=\"informatica2\" \/>\n\t<meta name=\"twitter:label2\" content=\"Tiempo de lectura\" \/>\n\t<meta name=\"twitter:data2\" content=\"3 minutos\" \/>\n<script type=\"application\/ld+json\" class=\"yoast-schema-graph\">{\"@context\":\"https:\\\/\\\/schema.org\",\"@graph\":[{\"@type\":\"Article\",\"@id\":\"https:\\\/\\\/www.caudete.org\\\/ayuntamiento\\\/el-ambiente-festivo-y-solidario-regresa-con-la-carrera-popular-san-silvestre-de-caudete\\\/#article\",\"isPartOf\":{\"@id\":\"https:\\\/\\\/www.caudete.org\\\/ayuntamiento\\\/el-ambiente-festivo-y-solidario-regresa-con-la-carrera-popular-san-silvestre-de-caudete\\\/\"},\"author\":{\"name\":\"informatica2\",\"@id\":\"https:\\\/\\\/www.caudete.org\\\/ayuntamiento\\\/#\\\/schema\\\/person\\\/abfa5ffd5010a14e078c21e6e61b6291\"},\"headline\":\"El ambiente festivo y solidario regresa con la Carrera Popular San Silvestre de Caudete\",\"datePublished\":\"2025-12-02T12:59:52+00:00\",\"dateModified\":\"2025-12-29T08:14:13+00:00\",\"mainEntityOfPage\":{\"@id\":\"https:\\\/\\\/www.caudete.org\\\/ayuntamiento\\\/el-ambiente-festivo-y-solidario-regresa-con-la-carrera-popular-san-silvestre-de-caudete\\\/\"},\"wordCount\":415,\"publisher\":{\"@id\":\"https:\\\/\\\/www.caudete.org\\\/ayuntamiento\\\/#organization\"},\"image\":{\"@id\":\"https:\\\/\\\/www.caudete.org\\\/ayuntamiento\\\/el-ambiente-festivo-y-solidario-regresa-con-la-carrera-popular-san-silvestre-de-caudete\\\/#primaryimage\"},\"thumbnailUrl\":\"https:\\\/\\\/www.caudete.org\\\/ayuntamiento\\\/wp-content\\\/uploads\\\/2025\\\/12\\\/CARTEL-SAN-SILVESTRE-2025_BLANCA-port2.jpg\",\"articleSection\":[\"Deportes\"],\"inLanguage\":\"es\"},{\"@type\":\"WebPage\",\"@id\":\"https:\\\/\\\/www.caudete.org\\\/ayuntamiento\\\/el-ambiente-festivo-y-solidario-regresa-con-la-carrera-popular-san-silvestre-de-caudete\\\/\",\"url\":\"https:\\\/\\\/www.caudete.org\\\/ayuntamiento\\\/el-ambiente-festivo-y-solidario-regresa-con-la-carrera-popular-san-silvestre-de-caudete\\\/\",\"name\":\"El ambiente festivo y solidario regresa con la Carrera Popular San Silvestre de Caudete - MI Ayuntamiento de Caudete\",\"isPartOf\":{\"@id\":\"https:\\\/\\\/www.caudete.org\\\/ayuntamiento\\\/#website\"},\"primaryImageOfPage\":{\"@id\":\"https:\\\/\\\/www.caudete.org\\\/ayuntamiento\\\/el-ambiente-festivo-y-solidario-regresa-con-la-carrera-popular-san-silvestre-de-caudete\\\/#primaryimage\"},\"image\":{\"@id\":\"https:\\\/\\\/www.caudete.org\\\/ayuntamiento\\\/el-ambiente-festivo-y-solidario-regresa-con-la-carrera-popular-san-silvestre-de-caudete\\\/#primaryimage\"},\"thumbnailUrl\":\"https:\\\/\\\/www.caudete.org\\\/ayuntamiento\\\/wp-content\\\/uploads\\\/2025\\\/12\\\/CARTEL-SAN-SILVESTRE-2025_BLANCA-port2.jpg\",\"datePublished\":\"2025-12-02T12:59:52+00:00\",\"dateModified\":\"2025-12-29T08:14:13+00:00\",\"description\":\"P\u00e1gina Oficial del Ayuntamiento de Caudete (Albacete)\",\"breadcrumb\":{\"@id\":\"https:\\\/\\\/www.caudete.org\\\/ayuntamiento\\\/el-ambiente-festivo-y-solidario-regresa-con-la-carrera-popular-san-silvestre-de-caudete\\\/#breadcrumb\"},\"inLanguage\":\"es\",\"potentialAction\":[{\"@type\":\"ReadAction\",\"target\":[\"https:\\\/\\\/www.caudete.org\\\/ayuntamiento\\\/el-ambiente-festivo-y-solidario-regresa-con-la-carrera-popular-san-silvestre-de-caudete\\\/\"]}]},{\"@type\":\"ImageObject\",\"inLanguage\":\"es\",\"@id\":\"https:\\\/\\\/www.caudete.org\\\/ayuntamiento\\\/el-ambiente-festivo-y-solidario-regresa-con-la-carrera-popular-san-silvestre-de-caudete\\\/#primaryimage\",\"url\":\"https:\\\/\\\/www.caudete.org\\\/ayuntamiento\\\/wp-content\\\/uploads\\\/2025\\\/12\\\/CARTEL-SAN-SILVESTRE-2025_BLANCA-port2.jpg\",\"contentUrl\":\"https:\\\/\\\/www.caudete.org\\\/ayuntamiento\\\/wp-content\\\/uploads\\\/2025\\\/12\\\/CARTEL-SAN-SILVESTRE-2025_BLANCA-port2.jpg\",\"width\":864,\"height\":380},{\"@type\":\"BreadcrumbList\",\"@id\":\"https:\\\/\\\/www.caudete.org\\\/ayuntamiento\\\/el-ambiente-festivo-y-solidario-regresa-con-la-carrera-popular-san-silvestre-de-caudete\\\/#breadcrumb\",\"itemListElement\":[{\"@type\":\"ListItem\",\"position\":1,\"name\":\"Inicio\",\"item\":\"https:\\\/\\\/www.caudete.org\\\/ayuntamiento\\\/\"},{\"@type\":\"ListItem\",\"position\":2,\"name\":\"El ambiente festivo y solidario regresa con la Carrera Popular San Silvestre de Caudete\"}]},{\"@type\":\"WebSite\",\"@id\":\"https:\\\/\\\/www.caudete.org\\\/ayuntamiento\\\/#website\",\"url\":\"https:\\\/\\\/www.caudete.org\\\/ayuntamiento\\\/\",\"name\":\"MI Ayuntamiento de Caudete\",\"description\":\"P\u00e1gina Oficial del MI Ayuntamiento de Caudete\",\"publisher\":{\"@id\":\"https:\\\/\\\/www.caudete.org\\\/ayuntamiento\\\/#organization\"},\"potentialAction\":[{\"@type\":\"SearchAction\",\"target\":{\"@type\":\"EntryPoint\",\"urlTemplate\":\"https:\\\/\\\/www.caudete.org\\\/ayuntamiento\\\/?s={search_term_string}\"},\"query-input\":{\"@type\":\"PropertyValueSpecification\",\"valueRequired\":true,\"valueName\":\"search_term_string\"}}],\"inLanguage\":\"es\"},{\"@type\":\"Organization\",\"@id\":\"https:\\\/\\\/www.caudete.org\\\/ayuntamiento\\\/#organization\",\"name\":\"Ayuntamiento de Caudete\",\"url\":\"https:\\\/\\\/www.caudete.org\\\/ayuntamiento\\\/\",\"logo\":{\"@type\":\"ImageObject\",\"inLanguage\":\"es\",\"@id\":\"https:\\\/\\\/www.caudete.org\\\/ayuntamiento\\\/#\\\/schema\\\/logo\\\/image\\\/\",\"url\":\"https:\\\/\\\/www.caudete.org\\\/ayuntamiento\\\/wp-content\\\/uploads\\\/2020\\\/11\\\/logo_ayuntamiento_caudete.jpg\",\"contentUrl\":\"https:\\\/\\\/www.caudete.org\\\/ayuntamiento\\\/wp-content\\\/uploads\\\/2020\\\/11\\\/logo_ayuntamiento_caudete.jpg\",\"width\":600,\"height\":150,\"caption\":\"Ayuntamiento de Caudete\"},\"image\":{\"@id\":\"https:\\\/\\\/www.caudete.org\\\/ayuntamiento\\\/#\\\/schema\\\/logo\\\/image\\\/\"},\"sameAs\":[\"https:\\\/\\\/www.facebook.com\\\/ayuntamientocaudete\\\/\",\"https:\\\/\\\/www.youtube.com\\\/channel\\\/UC6VztHaooNsGpw-tNoBEFnQ\"]},{\"@type\":\"Person\",\"@id\":\"https:\\\/\\\/www.caudete.org\\\/ayuntamiento\\\/#\\\/schema\\\/person\\\/abfa5ffd5010a14e078c21e6e61b6291\",\"name\":\"informatica2\",\"image\":{\"@type\":\"ImageObject\",\"inLanguage\":\"es\",\"@id\":\"https:\\\/\\\/secure.gravatar.com\\\/avatar\\\/b089890ff033a3e4d03eec00ecb5a14425217205c513f60ec32ebeaaeb5fa700?s=96&d=mm&r=g\",\"url\":\"https:\\\/\\\/secure.gravatar.com\\\/avatar\\\/b089890ff033a3e4d03eec00ecb5a14425217205c513f60ec32ebeaaeb5fa700?s=96&d=mm&r=g\",\"contentUrl\":\"https:\\\/\\\/secure.gravatar.com\\\/avatar\\\/b089890ff033a3e4d03eec00ecb5a14425217205c513f60ec32ebeaaeb5fa700?s=96&d=mm&r=g\",\"caption\":\"informatica2\"},\"url\":\"https:\\\/\\\/www.caudete.org\\\/ayuntamiento\\\/author\\\/informatica2\\\/\"}]}<\/script>\n<!-- \/ Yoast SEO plugin. -->","yoast_head_json":{"title":"El ambiente festivo y solidario regresa con la Carrera Popular San Silvestre de Caudete - MI Ayuntamiento de Caudete","description":"P\u00e1gina Oficial del Ayuntamiento de Caudete (Albacete)","robots":{"index":"index","follow":"follow","max-snippet":"max-snippet:-1","max-image-preview":"max-image-preview:large","max-video-preview":"max-video-preview:-1"},"canonical":"https:\/\/www.caudete.org\/ayuntamiento\/el-ambiente-festivo-y-solidario-regresa-con-la-carrera-popular-san-silvestre-de-caudete\/","og_locale":"es_ES","og_type":"article","og_title":"El ambiente festivo y solidario regresa con la Carrera Popular San Silvestre de Caudete - MI Ayuntamiento de Caudete","og_description":"P\u00e1gina Oficial del Ayuntamiento de Caudete (Albacete)","og_url":"https:\/\/www.caudete.org\/ayuntamiento\/el-ambiente-festivo-y-solidario-regresa-con-la-carrera-popular-san-silvestre-de-caudete\/","og_site_name":"MI Ayuntamiento de Caudete","article_publisher":"https:\/\/www.facebook.com\/ayuntamientocaudete\/","article_published_time":"2025-12-02T12:59:52+00:00","article_modified_time":"2025-12-29T08:14:13+00:00","og_image":[{"width":864,"height":380,"url":"https:\/\/www.caudete.org\/ayuntamiento\/wp-content\/uploads\/2025\/12\/CARTEL-SAN-SILVESTRE-2025_BLANCA-port2.jpg","type":"image\/jpeg"}],"author":"informatica2","twitter_card":"summary_large_image","twitter_misc":{"Escrito por":"informatica2","Tiempo de lectura":"3 minutos"},"schema":{"@context":"https:\/\/schema.org","@graph":[{"@type":"Article","@id":"https:\/\/www.caudete.org\/ayuntamiento\/el-ambiente-festivo-y-solidario-regresa-con-la-carrera-popular-san-silvestre-de-caudete\/#article","isPartOf":{"@id":"https:\/\/www.caudete.org\/ayuntamiento\/el-ambiente-festivo-y-solidario-regresa-con-la-carrera-popular-san-silvestre-de-caudete\/"},"author":{"name":"informatica2","@id":"https:\/\/www.caudete.org\/ayuntamiento\/#\/schema\/person\/abfa5ffd5010a14e078c21e6e61b6291"},"headline":"El ambiente festivo y solidario regresa con la Carrera Popular San Silvestre de Caudete","datePublished":"2025-12-02T12:59:52+00:00","dateModified":"2025-12-29T08:14:13+00:00","mainEntityOfPage":{"@id":"https:\/\/www.caudete.org\/ayuntamiento\/el-ambiente-festivo-y-solidario-regresa-con-la-carrera-popular-san-silvestre-de-caudete\/"},"wordCount":415,"publisher":{"@id":"https:\/\/www.caudete.org\/ayuntamiento\/#organization"},"image":{"@id":"https:\/\/www.caudete.org\/ayuntamiento\/el-ambiente-festivo-y-solidario-regresa-con-la-carrera-popular-san-silvestre-de-caudete\/#primaryimage"},"thumbnailUrl":"https:\/\/www.caudete.org\/ayuntamiento\/wp-content\/uploads\/2025\/12\/CARTEL-SAN-SILVESTRE-2025_BLANCA-port2.jpg","articleSection":["Deportes"],"inLanguage":"es"},{"@type":"WebPage","@id":"https:\/\/www.caudete.org\/ayuntamiento\/el-ambiente-festivo-y-solidario-regresa-con-la-carrera-popular-san-silvestre-de-caudete\/","url":"https:\/\/www.caudete.org\/ayuntamiento\/el-ambiente-festivo-y-solidario-regresa-con-la-carrera-popular-san-silvestre-de-caudete\/","name":"El ambiente festivo y solidario regresa con la Carrera Popular San Silvestre de Caudete - MI Ayuntamiento de Caudete","isPartOf":{"@id":"https:\/\/www.caudete.org\/ayuntamiento\/#website"},"primaryImageOfPage":{"@id":"https:\/\/www.caudete.org\/ayuntamiento\/el-ambiente-festivo-y-solidario-regresa-con-la-carrera-popular-san-silvestre-de-caudete\/#primaryimage"},"image":{"@id":"https:\/\/www.caudete.org\/ayuntamiento\/el-ambiente-festivo-y-solidario-regresa-con-la-carrera-popular-san-silvestre-de-caudete\/#primaryimage"},"thumbnailUrl":"https:\/\/www.caudete.org\/ayuntamiento\/wp-content\/uploads\/2025\/12\/CARTEL-SAN-SILVESTRE-2025_BLANCA-port2.jpg","datePublished":"2025-12-02T12:59:52+00:00","dateModified":"2025-12-29T08:14:13+00:00","description":"P\u00e1gina Oficial del Ayuntamiento de Caudete (Albacete)","breadcrumb":{"@id":"https:\/\/www.caudete.org\/ayuntamiento\/el-ambiente-festivo-y-solidario-regresa-con-la-carrera-popular-san-silvestre-de-caudete\/#breadcrumb"},"inLanguage":"es","potentialAction":[{"@type":"ReadAction","target":["https:\/\/www.caudete.org\/ayuntamiento\/el-ambiente-festivo-y-solidario-regresa-con-la-carrera-popular-san-silvestre-de-caudete\/"]}]},{"@type":"ImageObject","inLanguage":"es","@id":"https:\/\/www.caudete.org\/ayuntamiento\/el-ambiente-festivo-y-solidario-regresa-con-la-carrera-popular-san-silvestre-de-caudete\/#primaryimage","url":"https:\/\/www.caudete.org\/ayuntamiento\/wp-content\/uploads\/2025\/12\/CARTEL-SAN-SILVESTRE-2025_BLANCA-port2.jpg","contentUrl":"https:\/\/www.caudete.org\/ayuntamiento\/wp-content\/uploads\/2025\/12\/CARTEL-SAN-SILVESTRE-2025_BLANCA-port2.jpg","width":864,"height":380},{"@type":"BreadcrumbList","@id":"https:\/\/www.caudete.org\/ayuntamiento\/el-ambiente-festivo-y-solidario-regresa-con-la-carrera-popular-san-silvestre-de-caudete\/#breadcrumb","itemListElement":[{"@type":"ListItem","position":1,"name":"Inicio","item":"https:\/\/www.caudete.org\/ayuntamiento\/"},{"@type":"ListItem","position":2,"name":"El ambiente festivo y solidario regresa con la Carrera Popular San Silvestre de Caudete"}]},{"@type":"WebSite","@id":"https:\/\/www.caudete.org\/ayuntamiento\/#website","url":"https:\/\/www.caudete.org\/ayuntamiento\/","name":"MI Ayuntamiento de Caudete","description":"P\u00e1gina Oficial del MI Ayuntamiento de Caudete","publisher":{"@id":"https:\/\/www.caudete.org\/ayuntamiento\/#organization"},"potentialAction":[{"@type":"SearchAction","target":{"@type":"EntryPoint","urlTemplate":"https:\/\/www.caudete.org\/ayuntamiento\/?s={search_term_string}"},"query-input":{"@type":"PropertyValueSpecification","valueRequired":true,"valueName":"search_term_string"}}],"inLanguage":"es"},{"@type":"Organization","@id":"https:\/\/www.caudete.org\/ayuntamiento\/#organization","name":"Ayuntamiento de Caudete","url":"https:\/\/www.caudete.org\/ayuntamiento\/","logo":{"@type":"ImageObject","inLanguage":"es","@id":"https:\/\/www.caudete.org\/ayuntamiento\/#\/schema\/logo\/image\/","url":"https:\/\/www.caudete.org\/ayuntamiento\/wp-content\/uploads\/2020\/11\/logo_ayuntamiento_caudete.jpg","contentUrl":"https:\/\/www.caudete.org\/ayuntamiento\/wp-content\/uploads\/2020\/11\/logo_ayuntamiento_caudete.jpg","width":600,"height":150,"caption":"Ayuntamiento de Caudete"},"image":{"@id":"https:\/\/www.caudete.org\/ayuntamiento\/#\/schema\/logo\/image\/"},"sameAs":["https:\/\/www.facebook.com\/ayuntamientocaudete\/","https:\/\/www.youtube.com\/channel\/UC6VztHaooNsGpw-tNoBEFnQ"]},{"@type":"Person","@id":"https:\/\/www.caudete.org\/ayuntamiento\/#\/schema\/person\/abfa5ffd5010a14e078c21e6e61b6291","name":"informatica2","image":{"@type":"ImageObject","inLanguage":"es","@id":"https:\/\/secure.gravatar.com\/avatar\/b089890ff033a3e4d03eec00ecb5a14425217205c513f60ec32ebeaaeb5fa700?s=96&d=mm&r=g","url":"https:\/\/secure.gravatar.com\/avatar\/b089890ff033a3e4d03eec00ecb5a14425217205c513f60ec32ebeaaeb5fa700?s=96&d=mm&r=g","contentUrl":"https:\/\/secure.gravatar.com\/avatar\/b089890ff033a3e4d03eec00ecb5a14425217205c513f60ec32ebeaaeb5fa700?s=96&d=mm&r=g","caption":"informatica2"},"url":"https:\/\/www.caudete.org\/ayuntamiento\/author\/informatica2\/"}]}},"_links":{"self":[{"href":"https:\/\/www.caudete.org\/ayuntamiento\/wp-json\/wp\/v2\/posts\/31737","targetHints":{"allow":["GET"]}}],"collection":[{"href":"https:\/\/www.caudete.org\/ayuntamiento\/wp-json\/wp\/v2\/posts"}],"about":[{"href":"https:\/\/www.caudete.org\/ayuntamiento\/wp-json\/wp\/v2\/types\/post"}],"author":[{"embeddable":true,"href":"https:\/\/www.caudete.org\/ayuntamiento\/wp-json\/wp\/v2\/users\/6"}],"replies":[{"embeddable":true,"href":"https:\/\/www.caudete.org\/ayuntamiento\/wp-json\/wp\/v2\/comments?post=31737"}],"version-history":[{"count":1,"href":"https:\/\/www.caudete.org\/ayuntamiento\/wp-json\/wp\/v2\/posts\/31737\/revisions"}],"predecessor-version":[{"id":31740,"href":"https:\/\/www.caudete.org\/ayuntamiento\/wp-json\/wp\/v2\/posts\/31737\/revisions\/31740"}],"wp:featuredmedia":[{"embeddable":true,"href":"https:\/\/www.caudete.org\/ayuntamiento\/wp-json\/wp\/v2\/media\/31742"}],"wp:attachment":[{"href":"https:\/\/www.caudete.org\/ayuntamiento\/wp-json\/wp\/v2\/media?parent=31737"}],"wp:term":[{"taxonomy":"category","embeddable":true,"href":"https:\/\/www.caudete.org\/ayuntamiento\/wp-json\/wp\/v2\/categories?post=31737"},{"taxonomy":"post_tag","embeddable":true,"href":"https:\/\/www.caudete.org\/ayuntamiento\/wp-json\/wp\/v2\/tags?post=31737"}],"curies":[{"name":"wp","href":"https:\/\/api.w.org\/{rel}","templated":true}]}}