{"id":31752,"date":"2025-12-04T08:52:54","date_gmt":"2025-12-04T07:52:54","guid":{"rendered":"https:\/\/www.caudete.org\/ayuntamiento\/?p=31752"},"modified":"2025-12-04T10:03:36","modified_gmt":"2025-12-04T09:03:36","slug":"exito-rotundo-de-los-atletas-de-las-escuelas-deportivas-municipales-de-caudete-en-el-campeonato-provincial-escolar-de-campo-a-traves","status":"publish","type":"post","link":"https:\/\/www.caudete.org\/ayuntamiento\/exito-rotundo-de-los-atletas-de-las-escuelas-deportivas-municipales-de-caudete-en-el-campeonato-provincial-escolar-de-campo-a-traves\/","title":{"rendered":"\u00c9xito rotundo de los atletas de las Escuelas Deportivas Municipales de Caudete en el Campeonato Provincial Escolar de Campo a Trav\u00e9s"},"content":{"rendered":"<p style=\"text-align: justify;\">La Concejal de Deportes del Ayuntamiento de Caudete, Pilar Egea, ha expresado hoy su inmensa satisfacci\u00f3n por los excelentes resultados obtenidos por los atletas de las Escuelas Deportivas Municipales (EDM) de Caudete en el Campeonato Provincial Escolar de Campo a Trav\u00e9s.<\/p>\n<p style=\"text-align: justify;\">Tras la culminaci\u00f3n del campeonato, que const\u00f3 de cuatro pruebas y cuya \u00faltima cita se celebr\u00f3 en Hell\u00edn, los j\u00f3venes deportistas de Caudete demostraron un rendimiento sobresaliente, tanto en las clasificaciones individuales como por equipos.<\/p>\n<p style=\"text-align: justify;\"><span style=\"font-size: 14pt;\"><strong>Resultados individuales destacados<\/strong><\/span><\/p>\n<p style=\"text-align: justify;\">La Concejal Egea ha querido felicitar personalmente a los atletas que subieron al p\u00f3dium en sus respectivas categor\u00edas:<\/p>\n<p style=\"padding-left: 40px; text-align: justify;\">\u2022 Categor\u00eda Sub-16 Femenina: <strong>Mar\u00eda Franc\u00e9s<\/strong> se proclam\u00f3 campeona provincial, mientras que su compa\u00f1era <strong>Aya Tajoui<\/strong> logr\u00f3 una merecida tercera posici\u00f3n.<\/p>\n<p style=\"padding-left: 40px; text-align: justify;\">\u2022 Categor\u00eda Sub-14 Femenina: <strong>Luc\u00eda S\u00e1nchez<\/strong> se alz\u00f3 con el t\u00edtulo de subcampeona provincial.<\/p>\n<p style=\"padding-left: 40px; text-align: justify;\">\u2022 Categor\u00eda Sub-12 Masculino: <strong>Marcos S\u00e1nchez<\/strong> obtuvo un meritorio tercer puesto.<\/p>\n<p style=\"text-align: justify;\">Adem\u00e1s, en las categor\u00edas de menores, <strong>Vera Terol<\/strong> y <strong>Alejo Tierraseca<\/strong> tambi\u00e9n consiguieron subir al p\u00f3dium, demostrando la fuerza de la cantera local.<\/p>\n<p style=\"text-align: justify;\"><span style=\"font-size: 14pt;\"><strong>Clasificaci\u00f3n por equipos y pase al Regional<\/strong><\/span><\/p>\n<p style=\"text-align: justify;\">La \u00faltima prueba en Hell\u00edn fue crucial, ya que sirvi\u00f3 como campeonato provincial por equipos y determin\u00f3 qu\u00e9 clubes o escuelas representar\u00edan a la provincia de Albacete en el pr\u00f3ximo Campeonato Regional de Castilla-La Mancha.<\/p>\n<p style=\"text-align: justify;\">Las EDM Caudete lograron clasificar a tres de sus equipos como subcampeones provinciales:<\/p>\n<p style=\"padding-left: 40px; text-align: justify;\">\u2022 Equipo Sub-10 Masculino: formado por <strong>Alejo Tierraseca, Enzo Requena, Enzo Herrero <\/strong>y<strong> Marcos Javier L\u00f3pez<\/strong>.<\/p>\n<p style=\"padding-left: 40px; text-align: justify;\">\u2022 Equipo Sub-16 Masculino: compuesto por <strong>Jorge Gil, Antonio Azor\u00edn, Miguel Azor\u00edn, Tom\u00e1s Palau, Ra\u00fal Requena<\/strong> y <strong>Pablo Mart\u00ednez<\/strong>.<\/p>\n<p style=\"padding-left: 40px; text-align: justify;\">\u2022 Equipo Sub-16 Femenino: integrado por <strong>Mar\u00eda Franc\u00e9s, Gema Franc\u00e9s, Aya Tajoui <\/strong>y<strong> Daniela Vicente<\/strong>.<\/p>\n<p style=\"text-align: justify;\">Estos equipos, junto a los atletas individuales clasificados (<strong>Adriana Ortu\u00f1o<\/strong> en sub-14 femenino, <strong>Jes\u00e9 Albertos<\/strong> en sub-14 masculino y <strong>Adri\u00e1n Ruesga<\/strong> en sub-18 masculino), representar\u00e1n a Caudete y a la provincia de Albacete en el Campeonato Regional que se celebrar\u00e1 el pr\u00f3ximo s\u00e1bado 13 de diciembre en Nov\u00e9s (Toledo).<\/p>\n<p>&nbsp;<\/p>\n<p><a href=\"https:\/\/www.caudete.org\/ayuntamiento\/wp-content\/uploads\/2025\/12\/WhatsApp-Image-2025-12-03-at-20.00.12.jpg\" rel='prettyPhoto'><img fetchpriority=\"high\" decoding=\"async\" class=\"alignnone wp-image-31755 size-full\" src=\"https:\/\/www.caudete.org\/ayuntamiento\/wp-content\/uploads\/2025\/12\/WhatsApp-Image-2025-12-03-at-20.00.12.jpg\" alt=\"\" width=\"1000\" height=\"699\" srcset=\"https:\/\/www.caudete.org\/ayuntamiento\/wp-content\/uploads\/2025\/12\/WhatsApp-Image-2025-12-03-at-20.00.12.jpg 1000w, https:\/\/www.caudete.org\/ayuntamiento\/wp-content\/uploads\/2025\/12\/WhatsApp-Image-2025-12-03-at-20.00.12-315x220.jpg 315w, https:\/\/www.caudete.org\/ayuntamiento\/wp-content\/uploads\/2025\/12\/WhatsApp-Image-2025-12-03-at-20.00.12-768x537.jpg 768w\" sizes=\"(max-width: 1000px) 100vw, 1000px\" \/><\/a><\/p>\n<p style=\"text-align: justify;\">\n","protected":false},"excerpt":{"rendered":"<p>La Concejal de Deportes del Ayuntamiento de Caudete, Pilar Egea, ha expresado hoy su inmensa satisfacci\u00f3n por los excelentes resultados obtenidos por los atletas de las Escuelas Deportivas Municipales (EDM) de Caudete en el Campeonato Provincial Escolar de Campo a Trav\u00e9s. Tras la culminaci\u00f3n del campeonato, que const\u00f3 de cuatro pruebas y cuya \u00faltima cita &hellip;<\/p>\n","protected":false},"author":6,"featured_media":31753,"comment_status":"closed","ping_status":"open","sticky":false,"template":"","format":"standard","meta":{"ngg_post_thumbnail":0,"footnotes":""},"categories":[23],"tags":[],"class_list":["post-31752","post","type-post","status-publish","format-standard","has-post-thumbnail","hentry","category-deportes"],"yoast_head":"<!-- This site is optimized with the Yoast SEO plugin v27.5 - https:\/\/yoast.com\/product\/yoast-seo-wordpress\/ -->\n<title>\u00c9xito rotundo de los atletas de las Escuelas Deportivas Municipales de Caudete en el Campeonato Provincial Escolar de Campo a Trav\u00e9s - MI Ayuntamiento de Caudete<\/title>\n<meta name=\"description\" content=\"P\u00e1gina Oficial del Ayuntamiento de Caudete (Albacete)\" \/>\n<meta name=\"robots\" content=\"index, follow, max-snippet:-1, max-image-preview:large, max-video-preview:-1\" \/>\n<link rel=\"canonical\" href=\"https:\/\/www.caudete.org\/ayuntamiento\/exito-rotundo-de-los-atletas-de-las-escuelas-deportivas-municipales-de-caudete-en-el-campeonato-provincial-escolar-de-campo-a-traves\/\" \/>\n<meta property=\"og:locale\" content=\"es_ES\" \/>\n<meta property=\"og:type\" content=\"article\" \/>\n<meta property=\"og:title\" content=\"\u00c9xito rotundo de los atletas de las Escuelas Deportivas Municipales de Caudete en el Campeonato Provincial Escolar de Campo a Trav\u00e9s - MI Ayuntamiento de Caudete\" \/>\n<meta property=\"og:description\" content=\"P\u00e1gina Oficial del Ayuntamiento de Caudete (Albacete)\" \/>\n<meta property=\"og:url\" content=\"https:\/\/www.caudete.org\/ayuntamiento\/exito-rotundo-de-los-atletas-de-las-escuelas-deportivas-municipales-de-caudete-en-el-campeonato-provincial-escolar-de-campo-a-traves\/\" \/>\n<meta property=\"og:site_name\" content=\"MI Ayuntamiento de Caudete\" \/>\n<meta property=\"article:publisher\" content=\"https:\/\/www.facebook.com\/ayuntamientocaudete\/\" \/>\n<meta property=\"article:published_time\" content=\"2025-12-04T07:52:54+00:00\" \/>\n<meta property=\"article:modified_time\" content=\"2025-12-04T09:03:36+00:00\" \/>\n<meta property=\"og:image\" content=\"https:\/\/www.caudete.org\/ayuntamiento\/wp-content\/uploads\/2025\/12\/WhatsApp-Image-2025-12-03-at-20.00.12-port.jpg\" \/>\n\t<meta property=\"og:image:width\" content=\"981\" \/>\n\t<meta property=\"og:image:height\" content=\"501\" \/>\n\t<meta property=\"og:image:type\" content=\"image\/jpeg\" \/>\n<meta name=\"author\" content=\"informatica2\" \/>\n<meta name=\"twitter:card\" content=\"summary_large_image\" \/>\n<meta name=\"twitter:label1\" content=\"Escrito por\" \/>\n\t<meta name=\"twitter:data1\" content=\"informatica2\" \/>\n\t<meta name=\"twitter:label2\" content=\"Tiempo de lectura\" \/>\n\t<meta name=\"twitter:data2\" content=\"2 minutos\" \/>\n<script type=\"application\/ld+json\" class=\"yoast-schema-graph\">{\"@context\":\"https:\\\/\\\/schema.org\",\"@graph\":[{\"@type\":\"Article\",\"@id\":\"https:\\\/\\\/www.caudete.org\\\/ayuntamiento\\\/exito-rotundo-de-los-atletas-de-las-escuelas-deportivas-municipales-de-caudete-en-el-campeonato-provincial-escolar-de-campo-a-traves\\\/#article\",\"isPartOf\":{\"@id\":\"https:\\\/\\\/www.caudete.org\\\/ayuntamiento\\\/exito-rotundo-de-los-atletas-de-las-escuelas-deportivas-municipales-de-caudete-en-el-campeonato-provincial-escolar-de-campo-a-traves\\\/\"},\"author\":{\"name\":\"informatica2\",\"@id\":\"https:\\\/\\\/www.caudete.org\\\/ayuntamiento\\\/#\\\/schema\\\/person\\\/abfa5ffd5010a14e078c21e6e61b6291\"},\"headline\":\"\u00c9xito rotundo de los atletas de las Escuelas Deportivas Municipales de Caudete en el Campeonato Provincial Escolar de Campo a Trav\u00e9s\",\"datePublished\":\"2025-12-04T07:52:54+00:00\",\"dateModified\":\"2025-12-04T09:03:36+00:00\",\"mainEntityOfPage\":{\"@id\":\"https:\\\/\\\/www.caudete.org\\\/ayuntamiento\\\/exito-rotundo-de-los-atletas-de-las-escuelas-deportivas-municipales-de-caudete-en-el-campeonato-provincial-escolar-de-campo-a-traves\\\/\"},\"wordCount\":377,\"publisher\":{\"@id\":\"https:\\\/\\\/www.caudete.org\\\/ayuntamiento\\\/#organization\"},\"image\":{\"@id\":\"https:\\\/\\\/www.caudete.org\\\/ayuntamiento\\\/exito-rotundo-de-los-atletas-de-las-escuelas-deportivas-municipales-de-caudete-en-el-campeonato-provincial-escolar-de-campo-a-traves\\\/#primaryimage\"},\"thumbnailUrl\":\"https:\\\/\\\/www.caudete.org\\\/ayuntamiento\\\/wp-content\\\/uploads\\\/2025\\\/12\\\/WhatsApp-Image-2025-12-03-at-20.00.12-port.jpg\",\"articleSection\":[\"Deportes\"],\"inLanguage\":\"es\"},{\"@type\":\"WebPage\",\"@id\":\"https:\\\/\\\/www.caudete.org\\\/ayuntamiento\\\/exito-rotundo-de-los-atletas-de-las-escuelas-deportivas-municipales-de-caudete-en-el-campeonato-provincial-escolar-de-campo-a-traves\\\/\",\"url\":\"https:\\\/\\\/www.caudete.org\\\/ayuntamiento\\\/exito-rotundo-de-los-atletas-de-las-escuelas-deportivas-municipales-de-caudete-en-el-campeonato-provincial-escolar-de-campo-a-traves\\\/\",\"name\":\"\u00c9xito rotundo de los atletas de las Escuelas Deportivas Municipales de Caudete en el Campeonato Provincial Escolar de Campo a Trav\u00e9s - MI Ayuntamiento de Caudete\",\"isPartOf\":{\"@id\":\"https:\\\/\\\/www.caudete.org\\\/ayuntamiento\\\/#website\"},\"primaryImageOfPage\":{\"@id\":\"https:\\\/\\\/www.caudete.org\\\/ayuntamiento\\\/exito-rotundo-de-los-atletas-de-las-escuelas-deportivas-municipales-de-caudete-en-el-campeonato-provincial-escolar-de-campo-a-traves\\\/#primaryimage\"},\"image\":{\"@id\":\"https:\\\/\\\/www.caudete.org\\\/ayuntamiento\\\/exito-rotundo-de-los-atletas-de-las-escuelas-deportivas-municipales-de-caudete-en-el-campeonato-provincial-escolar-de-campo-a-traves\\\/#primaryimage\"},\"thumbnailUrl\":\"https:\\\/\\\/www.caudete.org\\\/ayuntamiento\\\/wp-content\\\/uploads\\\/2025\\\/12\\\/WhatsApp-Image-2025-12-03-at-20.00.12-port.jpg\",\"datePublished\":\"2025-12-04T07:52:54+00:00\",\"dateModified\":\"2025-12-04T09:03:36+00:00\",\"description\":\"P\u00e1gina Oficial del Ayuntamiento de Caudete (Albacete)\",\"breadcrumb\":{\"@id\":\"https:\\\/\\\/www.caudete.org\\\/ayuntamiento\\\/exito-rotundo-de-los-atletas-de-las-escuelas-deportivas-municipales-de-caudete-en-el-campeonato-provincial-escolar-de-campo-a-traves\\\/#breadcrumb\"},\"inLanguage\":\"es\",\"potentialAction\":[{\"@type\":\"ReadAction\",\"target\":[\"https:\\\/\\\/www.caudete.org\\\/ayuntamiento\\\/exito-rotundo-de-los-atletas-de-las-escuelas-deportivas-municipales-de-caudete-en-el-campeonato-provincial-escolar-de-campo-a-traves\\\/\"]}]},{\"@type\":\"ImageObject\",\"inLanguage\":\"es\",\"@id\":\"https:\\\/\\\/www.caudete.org\\\/ayuntamiento\\\/exito-rotundo-de-los-atletas-de-las-escuelas-deportivas-municipales-de-caudete-en-el-campeonato-provincial-escolar-de-campo-a-traves\\\/#primaryimage\",\"url\":\"https:\\\/\\\/www.caudete.org\\\/ayuntamiento\\\/wp-content\\\/uploads\\\/2025\\\/12\\\/WhatsApp-Image-2025-12-03-at-20.00.12-port.jpg\",\"contentUrl\":\"https:\\\/\\\/www.caudete.org\\\/ayuntamiento\\\/wp-content\\\/uploads\\\/2025\\\/12\\\/WhatsApp-Image-2025-12-03-at-20.00.12-port.jpg\",\"width\":981,\"height\":501},{\"@type\":\"BreadcrumbList\",\"@id\":\"https:\\\/\\\/www.caudete.org\\\/ayuntamiento\\\/exito-rotundo-de-los-atletas-de-las-escuelas-deportivas-municipales-de-caudete-en-el-campeonato-provincial-escolar-de-campo-a-traves\\\/#breadcrumb\",\"itemListElement\":[{\"@type\":\"ListItem\",\"position\":1,\"name\":\"Inicio\",\"item\":\"https:\\\/\\\/www.caudete.org\\\/ayuntamiento\\\/\"},{\"@type\":\"ListItem\",\"position\":2,\"name\":\"\u00c9xito rotundo de los atletas de las Escuelas Deportivas Municipales de Caudete en el Campeonato Provincial Escolar de Campo a Trav\u00e9s\"}]},{\"@type\":\"WebSite\",\"@id\":\"https:\\\/\\\/www.caudete.org\\\/ayuntamiento\\\/#website\",\"url\":\"https:\\\/\\\/www.caudete.org\\\/ayuntamiento\\\/\",\"name\":\"MI Ayuntamiento de Caudete\",\"description\":\"P\u00e1gina Oficial del MI Ayuntamiento de Caudete\",\"publisher\":{\"@id\":\"https:\\\/\\\/www.caudete.org\\\/ayuntamiento\\\/#organization\"},\"potentialAction\":[{\"@type\":\"SearchAction\",\"target\":{\"@type\":\"EntryPoint\",\"urlTemplate\":\"https:\\\/\\\/www.caudete.org\\\/ayuntamiento\\\/?s={search_term_string}\"},\"query-input\":{\"@type\":\"PropertyValueSpecification\",\"valueRequired\":true,\"valueName\":\"search_term_string\"}}],\"inLanguage\":\"es\"},{\"@type\":\"Organization\",\"@id\":\"https:\\\/\\\/www.caudete.org\\\/ayuntamiento\\\/#organization\",\"name\":\"Ayuntamiento de Caudete\",\"url\":\"https:\\\/\\\/www.caudete.org\\\/ayuntamiento\\\/\",\"logo\":{\"@type\":\"ImageObject\",\"inLanguage\":\"es\",\"@id\":\"https:\\\/\\\/www.caudete.org\\\/ayuntamiento\\\/#\\\/schema\\\/logo\\\/image\\\/\",\"url\":\"https:\\\/\\\/www.caudete.org\\\/ayuntamiento\\\/wp-content\\\/uploads\\\/2020\\\/11\\\/logo_ayuntamiento_caudete.jpg\",\"contentUrl\":\"https:\\\/\\\/www.caudete.org\\\/ayuntamiento\\\/wp-content\\\/uploads\\\/2020\\\/11\\\/logo_ayuntamiento_caudete.jpg\",\"width\":600,\"height\":150,\"caption\":\"Ayuntamiento de Caudete\"},\"image\":{\"@id\":\"https:\\\/\\\/www.caudete.org\\\/ayuntamiento\\\/#\\\/schema\\\/logo\\\/image\\\/\"},\"sameAs\":[\"https:\\\/\\\/www.facebook.com\\\/ayuntamientocaudete\\\/\",\"https:\\\/\\\/www.youtube.com\\\/channel\\\/UC6VztHaooNsGpw-tNoBEFnQ\"]},{\"@type\":\"Person\",\"@id\":\"https:\\\/\\\/www.caudete.org\\\/ayuntamiento\\\/#\\\/schema\\\/person\\\/abfa5ffd5010a14e078c21e6e61b6291\",\"name\":\"informatica2\",\"image\":{\"@type\":\"ImageObject\",\"inLanguage\":\"es\",\"@id\":\"https:\\\/\\\/secure.gravatar.com\\\/avatar\\\/b089890ff033a3e4d03eec00ecb5a14425217205c513f60ec32ebeaaeb5fa700?s=96&d=mm&r=g\",\"url\":\"https:\\\/\\\/secure.gravatar.com\\\/avatar\\\/b089890ff033a3e4d03eec00ecb5a14425217205c513f60ec32ebeaaeb5fa700?s=96&d=mm&r=g\",\"contentUrl\":\"https:\\\/\\\/secure.gravatar.com\\\/avatar\\\/b089890ff033a3e4d03eec00ecb5a14425217205c513f60ec32ebeaaeb5fa700?s=96&d=mm&r=g\",\"caption\":\"informatica2\"},\"url\":\"https:\\\/\\\/www.caudete.org\\\/ayuntamiento\\\/author\\\/informatica2\\\/\"}]}<\/script>\n<!-- \/ Yoast SEO plugin. -->","yoast_head_json":{"title":"\u00c9xito rotundo de los atletas de las Escuelas Deportivas Municipales de Caudete en el Campeonato Provincial Escolar de Campo a Trav\u00e9s - MI Ayuntamiento de Caudete","description":"P\u00e1gina Oficial del Ayuntamiento de Caudete (Albacete)","robots":{"index":"index","follow":"follow","max-snippet":"max-snippet:-1","max-image-preview":"max-image-preview:large","max-video-preview":"max-video-preview:-1"},"canonical":"https:\/\/www.caudete.org\/ayuntamiento\/exito-rotundo-de-los-atletas-de-las-escuelas-deportivas-municipales-de-caudete-en-el-campeonato-provincial-escolar-de-campo-a-traves\/","og_locale":"es_ES","og_type":"article","og_title":"\u00c9xito rotundo de los atletas de las Escuelas Deportivas Municipales de Caudete en el Campeonato Provincial Escolar de Campo a Trav\u00e9s - MI Ayuntamiento de Caudete","og_description":"P\u00e1gina Oficial del Ayuntamiento de Caudete (Albacete)","og_url":"https:\/\/www.caudete.org\/ayuntamiento\/exito-rotundo-de-los-atletas-de-las-escuelas-deportivas-municipales-de-caudete-en-el-campeonato-provincial-escolar-de-campo-a-traves\/","og_site_name":"MI Ayuntamiento de Caudete","article_publisher":"https:\/\/www.facebook.com\/ayuntamientocaudete\/","article_published_time":"2025-12-04T07:52:54+00:00","article_modified_time":"2025-12-04T09:03:36+00:00","og_image":[{"width":981,"height":501,"url":"https:\/\/www.caudete.org\/ayuntamiento\/wp-content\/uploads\/2025\/12\/WhatsApp-Image-2025-12-03-at-20.00.12-port.jpg","type":"image\/jpeg"}],"author":"informatica2","twitter_card":"summary_large_image","twitter_misc":{"Escrito por":"informatica2","Tiempo de lectura":"2 minutos"},"schema":{"@context":"https:\/\/schema.org","@graph":[{"@type":"Article","@id":"https:\/\/www.caudete.org\/ayuntamiento\/exito-rotundo-de-los-atletas-de-las-escuelas-deportivas-municipales-de-caudete-en-el-campeonato-provincial-escolar-de-campo-a-traves\/#article","isPartOf":{"@id":"https:\/\/www.caudete.org\/ayuntamiento\/exito-rotundo-de-los-atletas-de-las-escuelas-deportivas-municipales-de-caudete-en-el-campeonato-provincial-escolar-de-campo-a-traves\/"},"author":{"name":"informatica2","@id":"https:\/\/www.caudete.org\/ayuntamiento\/#\/schema\/person\/abfa5ffd5010a14e078c21e6e61b6291"},"headline":"\u00c9xito rotundo de los atletas de las Escuelas Deportivas Municipales de Caudete en el Campeonato Provincial Escolar de Campo a Trav\u00e9s","datePublished":"2025-12-04T07:52:54+00:00","dateModified":"2025-12-04T09:03:36+00:00","mainEntityOfPage":{"@id":"https:\/\/www.caudete.org\/ayuntamiento\/exito-rotundo-de-los-atletas-de-las-escuelas-deportivas-municipales-de-caudete-en-el-campeonato-provincial-escolar-de-campo-a-traves\/"},"wordCount":377,"publisher":{"@id":"https:\/\/www.caudete.org\/ayuntamiento\/#organization"},"image":{"@id":"https:\/\/www.caudete.org\/ayuntamiento\/exito-rotundo-de-los-atletas-de-las-escuelas-deportivas-municipales-de-caudete-en-el-campeonato-provincial-escolar-de-campo-a-traves\/#primaryimage"},"thumbnailUrl":"https:\/\/www.caudete.org\/ayuntamiento\/wp-content\/uploads\/2025\/12\/WhatsApp-Image-2025-12-03-at-20.00.12-port.jpg","articleSection":["Deportes"],"inLanguage":"es"},{"@type":"WebPage","@id":"https:\/\/www.caudete.org\/ayuntamiento\/exito-rotundo-de-los-atletas-de-las-escuelas-deportivas-municipales-de-caudete-en-el-campeonato-provincial-escolar-de-campo-a-traves\/","url":"https:\/\/www.caudete.org\/ayuntamiento\/exito-rotundo-de-los-atletas-de-las-escuelas-deportivas-municipales-de-caudete-en-el-campeonato-provincial-escolar-de-campo-a-traves\/","name":"\u00c9xito rotundo de los atletas de las Escuelas Deportivas Municipales de Caudete en el Campeonato Provincial Escolar de Campo a Trav\u00e9s - MI Ayuntamiento de Caudete","isPartOf":{"@id":"https:\/\/www.caudete.org\/ayuntamiento\/#website"},"primaryImageOfPage":{"@id":"https:\/\/www.caudete.org\/ayuntamiento\/exito-rotundo-de-los-atletas-de-las-escuelas-deportivas-municipales-de-caudete-en-el-campeonato-provincial-escolar-de-campo-a-traves\/#primaryimage"},"image":{"@id":"https:\/\/www.caudete.org\/ayuntamiento\/exito-rotundo-de-los-atletas-de-las-escuelas-deportivas-municipales-de-caudete-en-el-campeonato-provincial-escolar-de-campo-a-traves\/#primaryimage"},"thumbnailUrl":"https:\/\/www.caudete.org\/ayuntamiento\/wp-content\/uploads\/2025\/12\/WhatsApp-Image-2025-12-03-at-20.00.12-port.jpg","datePublished":"2025-12-04T07:52:54+00:00","dateModified":"2025-12-04T09:03:36+00:00","description":"P\u00e1gina Oficial del Ayuntamiento de Caudete (Albacete)","breadcrumb":{"@id":"https:\/\/www.caudete.org\/ayuntamiento\/exito-rotundo-de-los-atletas-de-las-escuelas-deportivas-municipales-de-caudete-en-el-campeonato-provincial-escolar-de-campo-a-traves\/#breadcrumb"},"inLanguage":"es","potentialAction":[{"@type":"ReadAction","target":["https:\/\/www.caudete.org\/ayuntamiento\/exito-rotundo-de-los-atletas-de-las-escuelas-deportivas-municipales-de-caudete-en-el-campeonato-provincial-escolar-de-campo-a-traves\/"]}]},{"@type":"ImageObject","inLanguage":"es","@id":"https:\/\/www.caudete.org\/ayuntamiento\/exito-rotundo-de-los-atletas-de-las-escuelas-deportivas-municipales-de-caudete-en-el-campeonato-provincial-escolar-de-campo-a-traves\/#primaryimage","url":"https:\/\/www.caudete.org\/ayuntamiento\/wp-content\/uploads\/2025\/12\/WhatsApp-Image-2025-12-03-at-20.00.12-port.jpg","contentUrl":"https:\/\/www.caudete.org\/ayuntamiento\/wp-content\/uploads\/2025\/12\/WhatsApp-Image-2025-12-03-at-20.00.12-port.jpg","width":981,"height":501},{"@type":"BreadcrumbList","@id":"https:\/\/www.caudete.org\/ayuntamiento\/exito-rotundo-de-los-atletas-de-las-escuelas-deportivas-municipales-de-caudete-en-el-campeonato-provincial-escolar-de-campo-a-traves\/#breadcrumb","itemListElement":[{"@type":"ListItem","position":1,"name":"Inicio","item":"https:\/\/www.caudete.org\/ayuntamiento\/"},{"@type":"ListItem","position":2,"name":"\u00c9xito rotundo de los atletas de las Escuelas Deportivas Municipales de Caudete en el Campeonato Provincial Escolar de Campo a Trav\u00e9s"}]},{"@type":"WebSite","@id":"https:\/\/www.caudete.org\/ayuntamiento\/#website","url":"https:\/\/www.caudete.org\/ayuntamiento\/","name":"MI Ayuntamiento de Caudete","description":"P\u00e1gina Oficial del MI Ayuntamiento de Caudete","publisher":{"@id":"https:\/\/www.caudete.org\/ayuntamiento\/#organization"},"potentialAction":[{"@type":"SearchAction","target":{"@type":"EntryPoint","urlTemplate":"https:\/\/www.caudete.org\/ayuntamiento\/?s={search_term_string}"},"query-input":{"@type":"PropertyValueSpecification","valueRequired":true,"valueName":"search_term_string"}}],"inLanguage":"es"},{"@type":"Organization","@id":"https:\/\/www.caudete.org\/ayuntamiento\/#organization","name":"Ayuntamiento de Caudete","url":"https:\/\/www.caudete.org\/ayuntamiento\/","logo":{"@type":"ImageObject","inLanguage":"es","@id":"https:\/\/www.caudete.org\/ayuntamiento\/#\/schema\/logo\/image\/","url":"https:\/\/www.caudete.org\/ayuntamiento\/wp-content\/uploads\/2020\/11\/logo_ayuntamiento_caudete.jpg","contentUrl":"https:\/\/www.caudete.org\/ayuntamiento\/wp-content\/uploads\/2020\/11\/logo_ayuntamiento_caudete.jpg","width":600,"height":150,"caption":"Ayuntamiento de Caudete"},"image":{"@id":"https:\/\/www.caudete.org\/ayuntamiento\/#\/schema\/logo\/image\/"},"sameAs":["https:\/\/www.facebook.com\/ayuntamientocaudete\/","https:\/\/www.youtube.com\/channel\/UC6VztHaooNsGpw-tNoBEFnQ"]},{"@type":"Person","@id":"https:\/\/www.caudete.org\/ayuntamiento\/#\/schema\/person\/abfa5ffd5010a14e078c21e6e61b6291","name":"informatica2","image":{"@type":"ImageObject","inLanguage":"es","@id":"https:\/\/secure.gravatar.com\/avatar\/b089890ff033a3e4d03eec00ecb5a14425217205c513f60ec32ebeaaeb5fa700?s=96&d=mm&r=g","url":"https:\/\/secure.gravatar.com\/avatar\/b089890ff033a3e4d03eec00ecb5a14425217205c513f60ec32ebeaaeb5fa700?s=96&d=mm&r=g","contentUrl":"https:\/\/secure.gravatar.com\/avatar\/b089890ff033a3e4d03eec00ecb5a14425217205c513f60ec32ebeaaeb5fa700?s=96&d=mm&r=g","caption":"informatica2"},"url":"https:\/\/www.caudete.org\/ayuntamiento\/author\/informatica2\/"}]}},"_links":{"self":[{"href":"https:\/\/www.caudete.org\/ayuntamiento\/wp-json\/wp\/v2\/posts\/31752","targetHints":{"allow":["GET"]}}],"collection":[{"href":"https:\/\/www.caudete.org\/ayuntamiento\/wp-json\/wp\/v2\/posts"}],"about":[{"href":"https:\/\/www.caudete.org\/ayuntamiento\/wp-json\/wp\/v2\/types\/post"}],"author":[{"embeddable":true,"href":"https:\/\/www.caudete.org\/ayuntamiento\/wp-json\/wp\/v2\/users\/6"}],"replies":[{"embeddable":true,"href":"https:\/\/www.caudete.org\/ayuntamiento\/wp-json\/wp\/v2\/comments?post=31752"}],"version-history":[{"count":7,"href":"https:\/\/www.caudete.org\/ayuntamiento\/wp-json\/wp\/v2\/posts\/31752\/revisions"}],"predecessor-version":[{"id":31770,"href":"https:\/\/www.caudete.org\/ayuntamiento\/wp-json\/wp\/v2\/posts\/31752\/revisions\/31770"}],"wp:featuredmedia":[{"embeddable":true,"href":"https:\/\/www.caudete.org\/ayuntamiento\/wp-json\/wp\/v2\/media\/31753"}],"wp:attachment":[{"href":"https:\/\/www.caudete.org\/ayuntamiento\/wp-json\/wp\/v2\/media?parent=31752"}],"wp:term":[{"taxonomy":"category","embeddable":true,"href":"https:\/\/www.caudete.org\/ayuntamiento\/wp-json\/wp\/v2\/categories?post=31752"},{"taxonomy":"post_tag","embeddable":true,"href":"https:\/\/www.caudete.org\/ayuntamiento\/wp-json\/wp\/v2\/tags?post=31752"}],"curies":[{"name":"wp","href":"https:\/\/api.w.org\/{rel}","templated":true}]}}