{"id":31777,"date":"2025-12-04T17:17:14","date_gmt":"2025-12-04T16:17:14","guid":{"rendered":"https:\/\/www.caudete.org\/ayuntamiento\/?p=31777"},"modified":"2025-12-11T11:41:24","modified_gmt":"2025-12-11T10:41:24","slug":"el-proyecto-caminos-que-unen-impulsado-por-el-concejal-francisco-jose-castello-ya-es-una-realidad-tras-meses-de-reuniones-y-trabajo-vecinal","status":"publish","type":"post","link":"https:\/\/www.caudete.org\/ayuntamiento\/el-proyecto-caminos-que-unen-impulsado-por-el-concejal-francisco-jose-castello-ya-es-una-realidad-tras-meses-de-reuniones-y-trabajo-vecinal\/","title":{"rendered":"El proyecto \u201cCaminos que unen\u201d, impulsado por el concejal Francisco Jos\u00e9 Castell\u00f3, ya es una realidad tras meses de reuniones y trabajo vecinal"},"content":{"rendered":"<p>Ya han comenzado oficialmente las obras de asfaltado de los <strong>tres caminos rurales<\/strong> incluidos en el proyecto \u201cCaminos que Unen\u201d, impulsado por el concejal <strong>Francisco Jos\u00e9 Castell\u00f3<\/strong>, quien ha liderado durante meses las reuniones vecinales, la planificaci\u00f3n t\u00e9cnica, <strong>la coordinaci\u00f3n con la Mancomunidad<\/strong> y las <strong>negociaciones con la empresa adjudicataria<\/strong>. <strong>Sin la colaboraci\u00f3n de todos no hubiera sido posible.<\/strong><\/p>\n<p>Este proyecto tan esperado se convierte hoy en una realidad despu\u00e9s de a\u00f1os de demandas de los vecinos. <b>Gracias <\/b><b>a la coordinaci\u00f3n de estos factores<\/b>, una <strong>subvenci\u00f3n de 29.000 euros de la Diputaci\u00f3n de Albacete<\/strong>, al trabajo de preparaci\u00f3n realizado por las m\u00e1quinas de la Mancomunidad, a la <strong>aportaci\u00f3n del consistorio que ha cubierto el 50 % del coste del asfaltado<\/strong>, y a la <strong>aportaci\u00f3n conjunta de los vecinos de los tres caminos, que asciende a 37.000 euros<\/strong>, se van a <strong>asfaltar 7.000 metros de caminos rurales<\/strong>, los cuales ya no necesitar\u00e1n inversiones de mantenimiento ni generar\u00e1n problemas para los vecinos.<\/p>\n<p>Las aportaciones vecinales han variado seg\u00fan las necesidades y el estado de cada camino. En el caso del <strong>ramal de la carretera de Montealegre<\/strong>, la aportaci\u00f3n aproximada por vecino ha sido de <strong>500 euros<\/strong>, mientras que en el <strong>Camino del Molino<\/strong>, el m\u00e1s largo (unos 1.300 metros), el m\u00e1s deteriorado y el que m\u00e1s trabajo t\u00e9cnico requer\u00eda por los baches y el firme afectado, la aportaci\u00f3n media ha sido de <strong>1.500 euros por vecino<\/strong>.<\/p>\n<p>Este proyecto <strong>beneficia no solo a los vecinos de las zonas afectadas<\/strong>, sino a <strong>todos los vecinos de Caudete<\/strong>, ya que las reparaciones de caminos se financian entre todos. Con el asfaltado, <strong>no ser\u00e1 necesario destinar m\u00e1s recursos municipales a su mantenimiento<\/strong>, que el a\u00f1o pasado solamente una de las actuaciones ascendi\u00f3 a <strong>m\u00e1s de 10.000 euros<\/strong>, lo que supone aproximadamente <strong>1 euro por habitante<\/strong>.<\/p>\n<p>El concejal ha destacado \u201cla excelente acogida del proyecto y la implicaci\u00f3n de los vecinos\u201d, y se\u00f1al\u00f3 que esta l\u00ednea de mejora del viario rural <strong>continuar\u00e1 en los pr\u00f3ximos a\u00f1os<\/strong>, porque estos resultados demuestran que, <strong>trabajando juntos, se pueden resolver problemas hist\u00f3ricos que durante a\u00f1os han afectado a la localidad<\/strong>.<\/p>\n<p>El concejal tambi\u00e9n quiso <strong>reconocer p\u00fablicamente el trabajo del Departamento T\u00e9cnico<\/strong>, cuya profesionalidad ha sido clave para cerrar mediciones, valorar da\u00f1os, ajustar costes y garantizar que el proyecto se ejecute con rigor y eficiencia.<\/p>\n<p>Asimismo, se <strong>invita a todos los vecinos interesados<\/strong> a asistir a las <strong>pr\u00f3ximas reuniones que tendr\u00e1n lugar a partir de 2026<\/strong>, donde se abordar\u00e1n futuras actuaciones de mejora de caminos y otras infraestructuras rurales, en las que ya hay vecinos interesados que han mostrado su disposici\u00f3n a participar.<\/p>\n<p>Con el inicio del asfaltado de estos tres caminos, el <strong>Muy Ilustre Ayuntamiento de Caudete reafirma su compromiso con la mejora de las infraestructuras rurales<\/strong>, aportando soluciones duraderas, eficaces y consensuadas con los propios vecinos.<\/p>\n<hr \/>\n","protected":false},"excerpt":{"rendered":"<p>Ya han comenzado oficialmente las obras de asfaltado de los tres caminos rurales incluidos en el proyecto \u201cCaminos que Unen\u201d, impulsado por el concejal Francisco Jos\u00e9 Castell\u00f3, quien ha liderado durante meses las reuniones vecinales, la planificaci\u00f3n t\u00e9cnica, la coordinaci\u00f3n con la Mancomunidad y las negociaciones con la empresa adjudicataria. Sin la colaboraci\u00f3n de todos &hellip;<\/p>\n","protected":false},"author":7,"featured_media":31778,"comment_status":"closed","ping_status":"open","sticky":false,"template":"","format":"standard","meta":{"ngg_post_thumbnail":0,"footnotes":""},"categories":[50],"tags":[],"class_list":["post-31777","post","type-post","status-publish","format-standard","has-post-thumbnail","hentry","category-medio-rural"],"yoast_head":"<!-- This site is optimized with the Yoast SEO plugin v27.5 - https:\/\/yoast.com\/product\/yoast-seo-wordpress\/ -->\n<title>El proyecto \u201cCaminos que unen\u201d, impulsado por el concejal Francisco Jos\u00e9 Castell\u00f3, ya es una realidad tras meses de reuniones y trabajo vecinal - MI Ayuntamiento de Caudete<\/title>\n<meta name=\"description\" content=\"P\u00e1gina Oficial del Ayuntamiento de Caudete (Albacete)\" \/>\n<meta name=\"robots\" content=\"index, follow, max-snippet:-1, max-image-preview:large, max-video-preview:-1\" \/>\n<link rel=\"canonical\" href=\"https:\/\/www.caudete.org\/ayuntamiento\/el-proyecto-caminos-que-unen-impulsado-por-el-concejal-francisco-jose-castello-ya-es-una-realidad-tras-meses-de-reuniones-y-trabajo-vecinal\/\" \/>\n<meta property=\"og:locale\" content=\"es_ES\" \/>\n<meta property=\"og:type\" content=\"article\" \/>\n<meta property=\"og:title\" content=\"El proyecto \u201cCaminos que unen\u201d, impulsado por el concejal Francisco Jos\u00e9 Castell\u00f3, ya es una realidad tras meses de reuniones y trabajo vecinal - MI Ayuntamiento de Caudete\" \/>\n<meta property=\"og:description\" content=\"P\u00e1gina Oficial del Ayuntamiento de Caudete (Albacete)\" \/>\n<meta property=\"og:url\" content=\"https:\/\/www.caudete.org\/ayuntamiento\/el-proyecto-caminos-que-unen-impulsado-por-el-concejal-francisco-jose-castello-ya-es-una-realidad-tras-meses-de-reuniones-y-trabajo-vecinal\/\" \/>\n<meta property=\"og:site_name\" content=\"MI Ayuntamiento de Caudete\" \/>\n<meta property=\"article:publisher\" content=\"https:\/\/www.facebook.com\/ayuntamientocaudete\/\" \/>\n<meta property=\"article:published_time\" content=\"2025-12-04T16:17:14+00:00\" \/>\n<meta property=\"article:modified_time\" content=\"2025-12-11T10:41:24+00:00\" \/>\n<meta property=\"og:image\" content=\"https:\/\/www.caudete.org\/ayuntamiento\/wp-content\/uploads\/2025\/12\/a205eed1-b9e8-4811-9da1-ad9248111147.jpg\" \/>\n\t<meta property=\"og:image:width\" content=\"1500\" \/>\n\t<meta property=\"og:image:height\" content=\"2000\" \/>\n\t<meta property=\"og:image:type\" content=\"image\/jpeg\" \/>\n<meta name=\"author\" content=\"ConceMediosComunicacion\" \/>\n<meta name=\"twitter:card\" content=\"summary_large_image\" \/>\n<meta name=\"twitter:label1\" content=\"Escrito por\" \/>\n\t<meta name=\"twitter:data1\" content=\"ConceMediosComunicacion\" \/>\n\t<meta name=\"twitter:label2\" content=\"Tiempo de lectura\" \/>\n\t<meta name=\"twitter:data2\" content=\"3 minutos\" \/>\n<script type=\"application\/ld+json\" class=\"yoast-schema-graph\">{\"@context\":\"https:\\\/\\\/schema.org\",\"@graph\":[{\"@type\":\"Article\",\"@id\":\"https:\\\/\\\/www.caudete.org\\\/ayuntamiento\\\/el-proyecto-caminos-que-unen-impulsado-por-el-concejal-francisco-jose-castello-ya-es-una-realidad-tras-meses-de-reuniones-y-trabajo-vecinal\\\/#article\",\"isPartOf\":{\"@id\":\"https:\\\/\\\/www.caudete.org\\\/ayuntamiento\\\/el-proyecto-caminos-que-unen-impulsado-por-el-concejal-francisco-jose-castello-ya-es-una-realidad-tras-meses-de-reuniones-y-trabajo-vecinal\\\/\"},\"author\":{\"name\":\"ConceMediosComunicacion\",\"@id\":\"https:\\\/\\\/www.caudete.org\\\/ayuntamiento\\\/#\\\/schema\\\/person\\\/20dfe238fe5ee9d5f5e69267aa623e05\"},\"headline\":\"El proyecto \u201cCaminos que unen\u201d, impulsado por el concejal Francisco Jos\u00e9 Castell\u00f3, ya es una realidad tras meses de reuniones y trabajo vecinal\",\"datePublished\":\"2025-12-04T16:17:14+00:00\",\"dateModified\":\"2025-12-11T10:41:24+00:00\",\"mainEntityOfPage\":{\"@id\":\"https:\\\/\\\/www.caudete.org\\\/ayuntamiento\\\/el-proyecto-caminos-que-unen-impulsado-por-el-concejal-francisco-jose-castello-ya-es-una-realidad-tras-meses-de-reuniones-y-trabajo-vecinal\\\/\"},\"wordCount\":519,\"image\":{\"@id\":\"https:\\\/\\\/www.caudete.org\\\/ayuntamiento\\\/el-proyecto-caminos-que-unen-impulsado-por-el-concejal-francisco-jose-castello-ya-es-una-realidad-tras-meses-de-reuniones-y-trabajo-vecinal\\\/#primaryimage\"},\"thumbnailUrl\":\"https:\\\/\\\/www.caudete.org\\\/ayuntamiento\\\/wp-content\\\/uploads\\\/2025\\\/12\\\/a205eed1-b9e8-4811-9da1-ad9248111147.jpg\",\"articleSection\":[\"Medio Rural\"],\"inLanguage\":\"es\"},{\"@type\":\"WebPage\",\"@id\":\"https:\\\/\\\/www.caudete.org\\\/ayuntamiento\\\/el-proyecto-caminos-que-unen-impulsado-por-el-concejal-francisco-jose-castello-ya-es-una-realidad-tras-meses-de-reuniones-y-trabajo-vecinal\\\/\",\"url\":\"https:\\\/\\\/www.caudete.org\\\/ayuntamiento\\\/el-proyecto-caminos-que-unen-impulsado-por-el-concejal-francisco-jose-castello-ya-es-una-realidad-tras-meses-de-reuniones-y-trabajo-vecinal\\\/\",\"name\":\"El proyecto \u201cCaminos que unen\u201d, impulsado por el concejal Francisco Jos\u00e9 Castell\u00f3, ya es una realidad tras meses de reuniones y trabajo vecinal - MI Ayuntamiento de Caudete\",\"isPartOf\":{\"@id\":\"https:\\\/\\\/www.caudete.org\\\/ayuntamiento\\\/#website\"},\"primaryImageOfPage\":{\"@id\":\"https:\\\/\\\/www.caudete.org\\\/ayuntamiento\\\/el-proyecto-caminos-que-unen-impulsado-por-el-concejal-francisco-jose-castello-ya-es-una-realidad-tras-meses-de-reuniones-y-trabajo-vecinal\\\/#primaryimage\"},\"image\":{\"@id\":\"https:\\\/\\\/www.caudete.org\\\/ayuntamiento\\\/el-proyecto-caminos-que-unen-impulsado-por-el-concejal-francisco-jose-castello-ya-es-una-realidad-tras-meses-de-reuniones-y-trabajo-vecinal\\\/#primaryimage\"},\"thumbnailUrl\":\"https:\\\/\\\/www.caudete.org\\\/ayuntamiento\\\/wp-content\\\/uploads\\\/2025\\\/12\\\/a205eed1-b9e8-4811-9da1-ad9248111147.jpg\",\"datePublished\":\"2025-12-04T16:17:14+00:00\",\"dateModified\":\"2025-12-11T10:41:24+00:00\",\"author\":{\"@id\":\"https:\\\/\\\/www.caudete.org\\\/ayuntamiento\\\/#\\\/schema\\\/person\\\/20dfe238fe5ee9d5f5e69267aa623e05\"},\"description\":\"P\u00e1gina Oficial del Ayuntamiento de Caudete (Albacete)\",\"breadcrumb\":{\"@id\":\"https:\\\/\\\/www.caudete.org\\\/ayuntamiento\\\/el-proyecto-caminos-que-unen-impulsado-por-el-concejal-francisco-jose-castello-ya-es-una-realidad-tras-meses-de-reuniones-y-trabajo-vecinal\\\/#breadcrumb\"},\"inLanguage\":\"es\",\"potentialAction\":[{\"@type\":\"ReadAction\",\"target\":[\"https:\\\/\\\/www.caudete.org\\\/ayuntamiento\\\/el-proyecto-caminos-que-unen-impulsado-por-el-concejal-francisco-jose-castello-ya-es-una-realidad-tras-meses-de-reuniones-y-trabajo-vecinal\\\/\"]}]},{\"@type\":\"ImageObject\",\"inLanguage\":\"es\",\"@id\":\"https:\\\/\\\/www.caudete.org\\\/ayuntamiento\\\/el-proyecto-caminos-que-unen-impulsado-por-el-concejal-francisco-jose-castello-ya-es-una-realidad-tras-meses-de-reuniones-y-trabajo-vecinal\\\/#primaryimage\",\"url\":\"https:\\\/\\\/www.caudete.org\\\/ayuntamiento\\\/wp-content\\\/uploads\\\/2025\\\/12\\\/a205eed1-b9e8-4811-9da1-ad9248111147.jpg\",\"contentUrl\":\"https:\\\/\\\/www.caudete.org\\\/ayuntamiento\\\/wp-content\\\/uploads\\\/2025\\\/12\\\/a205eed1-b9e8-4811-9da1-ad9248111147.jpg\",\"width\":1500,\"height\":2000},{\"@type\":\"BreadcrumbList\",\"@id\":\"https:\\\/\\\/www.caudete.org\\\/ayuntamiento\\\/el-proyecto-caminos-que-unen-impulsado-por-el-concejal-francisco-jose-castello-ya-es-una-realidad-tras-meses-de-reuniones-y-trabajo-vecinal\\\/#breadcrumb\",\"itemListElement\":[{\"@type\":\"ListItem\",\"position\":1,\"name\":\"Inicio\",\"item\":\"https:\\\/\\\/www.caudete.org\\\/ayuntamiento\\\/\"},{\"@type\":\"ListItem\",\"position\":2,\"name\":\"El proyecto \u201cCaminos que unen\u201d, impulsado por el concejal Francisco Jos\u00e9 Castell\u00f3, ya es una realidad tras meses de reuniones y trabajo vecinal\"}]},{\"@type\":\"WebSite\",\"@id\":\"https:\\\/\\\/www.caudete.org\\\/ayuntamiento\\\/#website\",\"url\":\"https:\\\/\\\/www.caudete.org\\\/ayuntamiento\\\/\",\"name\":\"MI Ayuntamiento de Caudete\",\"description\":\"P\u00e1gina Oficial del MI Ayuntamiento de Caudete\",\"potentialAction\":[{\"@type\":\"SearchAction\",\"target\":{\"@type\":\"EntryPoint\",\"urlTemplate\":\"https:\\\/\\\/www.caudete.org\\\/ayuntamiento\\\/?s={search_term_string}\"},\"query-input\":{\"@type\":\"PropertyValueSpecification\",\"valueRequired\":true,\"valueName\":\"search_term_string\"}}],\"inLanguage\":\"es\"},{\"@type\":\"Person\",\"@id\":\"https:\\\/\\\/www.caudete.org\\\/ayuntamiento\\\/#\\\/schema\\\/person\\\/20dfe238fe5ee9d5f5e69267aa623e05\",\"name\":\"ConceMediosComunicacion\",\"image\":{\"@type\":\"ImageObject\",\"inLanguage\":\"es\",\"@id\":\"https:\\\/\\\/secure.gravatar.com\\\/avatar\\\/9d162043ba1cd4ab14413e29fdb3655bfccde37e65ca99013604f8d2a19c636d?s=96&d=mm&r=g\",\"url\":\"https:\\\/\\\/secure.gravatar.com\\\/avatar\\\/9d162043ba1cd4ab14413e29fdb3655bfccde37e65ca99013604f8d2a19c636d?s=96&d=mm&r=g\",\"contentUrl\":\"https:\\\/\\\/secure.gravatar.com\\\/avatar\\\/9d162043ba1cd4ab14413e29fdb3655bfccde37e65ca99013604f8d2a19c636d?s=96&d=mm&r=g\",\"caption\":\"ConceMediosComunicacion\"},\"url\":\"https:\\\/\\\/www.caudete.org\\\/ayuntamiento\\\/author\\\/concemedioscomunicacion\\\/\"}]}<\/script>\n<!-- \/ Yoast SEO plugin. -->","yoast_head_json":{"title":"El proyecto \u201cCaminos que unen\u201d, impulsado por el concejal Francisco Jos\u00e9 Castell\u00f3, ya es una realidad tras meses de reuniones y trabajo vecinal - MI Ayuntamiento de Caudete","description":"P\u00e1gina Oficial del Ayuntamiento de Caudete (Albacete)","robots":{"index":"index","follow":"follow","max-snippet":"max-snippet:-1","max-image-preview":"max-image-preview:large","max-video-preview":"max-video-preview:-1"},"canonical":"https:\/\/www.caudete.org\/ayuntamiento\/el-proyecto-caminos-que-unen-impulsado-por-el-concejal-francisco-jose-castello-ya-es-una-realidad-tras-meses-de-reuniones-y-trabajo-vecinal\/","og_locale":"es_ES","og_type":"article","og_title":"El proyecto \u201cCaminos que unen\u201d, impulsado por el concejal Francisco Jos\u00e9 Castell\u00f3, ya es una realidad tras meses de reuniones y trabajo vecinal - MI Ayuntamiento de Caudete","og_description":"P\u00e1gina Oficial del Ayuntamiento de Caudete (Albacete)","og_url":"https:\/\/www.caudete.org\/ayuntamiento\/el-proyecto-caminos-que-unen-impulsado-por-el-concejal-francisco-jose-castello-ya-es-una-realidad-tras-meses-de-reuniones-y-trabajo-vecinal\/","og_site_name":"MI Ayuntamiento de Caudete","article_publisher":"https:\/\/www.facebook.com\/ayuntamientocaudete\/","article_published_time":"2025-12-04T16:17:14+00:00","article_modified_time":"2025-12-11T10:41:24+00:00","og_image":[{"width":1500,"height":2000,"url":"https:\/\/www.caudete.org\/ayuntamiento\/wp-content\/uploads\/2025\/12\/a205eed1-b9e8-4811-9da1-ad9248111147.jpg","type":"image\/jpeg"}],"author":"ConceMediosComunicacion","twitter_card":"summary_large_image","twitter_misc":{"Escrito por":"ConceMediosComunicacion","Tiempo de lectura":"3 minutos"},"schema":{"@context":"https:\/\/schema.org","@graph":[{"@type":"Article","@id":"https:\/\/www.caudete.org\/ayuntamiento\/el-proyecto-caminos-que-unen-impulsado-por-el-concejal-francisco-jose-castello-ya-es-una-realidad-tras-meses-de-reuniones-y-trabajo-vecinal\/#article","isPartOf":{"@id":"https:\/\/www.caudete.org\/ayuntamiento\/el-proyecto-caminos-que-unen-impulsado-por-el-concejal-francisco-jose-castello-ya-es-una-realidad-tras-meses-de-reuniones-y-trabajo-vecinal\/"},"author":{"name":"ConceMediosComunicacion","@id":"https:\/\/www.caudete.org\/ayuntamiento\/#\/schema\/person\/20dfe238fe5ee9d5f5e69267aa623e05"},"headline":"El proyecto \u201cCaminos que unen\u201d, impulsado por el concejal Francisco Jos\u00e9 Castell\u00f3, ya es una realidad tras meses de reuniones y trabajo vecinal","datePublished":"2025-12-04T16:17:14+00:00","dateModified":"2025-12-11T10:41:24+00:00","mainEntityOfPage":{"@id":"https:\/\/www.caudete.org\/ayuntamiento\/el-proyecto-caminos-que-unen-impulsado-por-el-concejal-francisco-jose-castello-ya-es-una-realidad-tras-meses-de-reuniones-y-trabajo-vecinal\/"},"wordCount":519,"image":{"@id":"https:\/\/www.caudete.org\/ayuntamiento\/el-proyecto-caminos-que-unen-impulsado-por-el-concejal-francisco-jose-castello-ya-es-una-realidad-tras-meses-de-reuniones-y-trabajo-vecinal\/#primaryimage"},"thumbnailUrl":"https:\/\/www.caudete.org\/ayuntamiento\/wp-content\/uploads\/2025\/12\/a205eed1-b9e8-4811-9da1-ad9248111147.jpg","articleSection":["Medio Rural"],"inLanguage":"es"},{"@type":"WebPage","@id":"https:\/\/www.caudete.org\/ayuntamiento\/el-proyecto-caminos-que-unen-impulsado-por-el-concejal-francisco-jose-castello-ya-es-una-realidad-tras-meses-de-reuniones-y-trabajo-vecinal\/","url":"https:\/\/www.caudete.org\/ayuntamiento\/el-proyecto-caminos-que-unen-impulsado-por-el-concejal-francisco-jose-castello-ya-es-una-realidad-tras-meses-de-reuniones-y-trabajo-vecinal\/","name":"El proyecto \u201cCaminos que unen\u201d, impulsado por el concejal Francisco Jos\u00e9 Castell\u00f3, ya es una realidad tras meses de reuniones y trabajo vecinal - MI Ayuntamiento de Caudete","isPartOf":{"@id":"https:\/\/www.caudete.org\/ayuntamiento\/#website"},"primaryImageOfPage":{"@id":"https:\/\/www.caudete.org\/ayuntamiento\/el-proyecto-caminos-que-unen-impulsado-por-el-concejal-francisco-jose-castello-ya-es-una-realidad-tras-meses-de-reuniones-y-trabajo-vecinal\/#primaryimage"},"image":{"@id":"https:\/\/www.caudete.org\/ayuntamiento\/el-proyecto-caminos-que-unen-impulsado-por-el-concejal-francisco-jose-castello-ya-es-una-realidad-tras-meses-de-reuniones-y-trabajo-vecinal\/#primaryimage"},"thumbnailUrl":"https:\/\/www.caudete.org\/ayuntamiento\/wp-content\/uploads\/2025\/12\/a205eed1-b9e8-4811-9da1-ad9248111147.jpg","datePublished":"2025-12-04T16:17:14+00:00","dateModified":"2025-12-11T10:41:24+00:00","author":{"@id":"https:\/\/www.caudete.org\/ayuntamiento\/#\/schema\/person\/20dfe238fe5ee9d5f5e69267aa623e05"},"description":"P\u00e1gina Oficial del Ayuntamiento de Caudete (Albacete)","breadcrumb":{"@id":"https:\/\/www.caudete.org\/ayuntamiento\/el-proyecto-caminos-que-unen-impulsado-por-el-concejal-francisco-jose-castello-ya-es-una-realidad-tras-meses-de-reuniones-y-trabajo-vecinal\/#breadcrumb"},"inLanguage":"es","potentialAction":[{"@type":"ReadAction","target":["https:\/\/www.caudete.org\/ayuntamiento\/el-proyecto-caminos-que-unen-impulsado-por-el-concejal-francisco-jose-castello-ya-es-una-realidad-tras-meses-de-reuniones-y-trabajo-vecinal\/"]}]},{"@type":"ImageObject","inLanguage":"es","@id":"https:\/\/www.caudete.org\/ayuntamiento\/el-proyecto-caminos-que-unen-impulsado-por-el-concejal-francisco-jose-castello-ya-es-una-realidad-tras-meses-de-reuniones-y-trabajo-vecinal\/#primaryimage","url":"https:\/\/www.caudete.org\/ayuntamiento\/wp-content\/uploads\/2025\/12\/a205eed1-b9e8-4811-9da1-ad9248111147.jpg","contentUrl":"https:\/\/www.caudete.org\/ayuntamiento\/wp-content\/uploads\/2025\/12\/a205eed1-b9e8-4811-9da1-ad9248111147.jpg","width":1500,"height":2000},{"@type":"BreadcrumbList","@id":"https:\/\/www.caudete.org\/ayuntamiento\/el-proyecto-caminos-que-unen-impulsado-por-el-concejal-francisco-jose-castello-ya-es-una-realidad-tras-meses-de-reuniones-y-trabajo-vecinal\/#breadcrumb","itemListElement":[{"@type":"ListItem","position":1,"name":"Inicio","item":"https:\/\/www.caudete.org\/ayuntamiento\/"},{"@type":"ListItem","position":2,"name":"El proyecto \u201cCaminos que unen\u201d, impulsado por el concejal Francisco Jos\u00e9 Castell\u00f3, ya es una realidad tras meses de reuniones y trabajo vecinal"}]},{"@type":"WebSite","@id":"https:\/\/www.caudete.org\/ayuntamiento\/#website","url":"https:\/\/www.caudete.org\/ayuntamiento\/","name":"MI Ayuntamiento de Caudete","description":"P\u00e1gina Oficial del MI Ayuntamiento de Caudete","potentialAction":[{"@type":"SearchAction","target":{"@type":"EntryPoint","urlTemplate":"https:\/\/www.caudete.org\/ayuntamiento\/?s={search_term_string}"},"query-input":{"@type":"PropertyValueSpecification","valueRequired":true,"valueName":"search_term_string"}}],"inLanguage":"es"},{"@type":"Person","@id":"https:\/\/www.caudete.org\/ayuntamiento\/#\/schema\/person\/20dfe238fe5ee9d5f5e69267aa623e05","name":"ConceMediosComunicacion","image":{"@type":"ImageObject","inLanguage":"es","@id":"https:\/\/secure.gravatar.com\/avatar\/9d162043ba1cd4ab14413e29fdb3655bfccde37e65ca99013604f8d2a19c636d?s=96&d=mm&r=g","url":"https:\/\/secure.gravatar.com\/avatar\/9d162043ba1cd4ab14413e29fdb3655bfccde37e65ca99013604f8d2a19c636d?s=96&d=mm&r=g","contentUrl":"https:\/\/secure.gravatar.com\/avatar\/9d162043ba1cd4ab14413e29fdb3655bfccde37e65ca99013604f8d2a19c636d?s=96&d=mm&r=g","caption":"ConceMediosComunicacion"},"url":"https:\/\/www.caudete.org\/ayuntamiento\/author\/concemedioscomunicacion\/"}]}},"_links":{"self":[{"href":"https:\/\/www.caudete.org\/ayuntamiento\/wp-json\/wp\/v2\/posts\/31777","targetHints":{"allow":["GET"]}}],"collection":[{"href":"https:\/\/www.caudete.org\/ayuntamiento\/wp-json\/wp\/v2\/posts"}],"about":[{"href":"https:\/\/www.caudete.org\/ayuntamiento\/wp-json\/wp\/v2\/types\/post"}],"author":[{"embeddable":true,"href":"https:\/\/www.caudete.org\/ayuntamiento\/wp-json\/wp\/v2\/users\/7"}],"replies":[{"embeddable":true,"href":"https:\/\/www.caudete.org\/ayuntamiento\/wp-json\/wp\/v2\/comments?post=31777"}],"version-history":[{"count":5,"href":"https:\/\/www.caudete.org\/ayuntamiento\/wp-json\/wp\/v2\/posts\/31777\/revisions"}],"predecessor-version":[{"id":31851,"href":"https:\/\/www.caudete.org\/ayuntamiento\/wp-json\/wp\/v2\/posts\/31777\/revisions\/31851"}],"wp:featuredmedia":[{"embeddable":true,"href":"https:\/\/www.caudete.org\/ayuntamiento\/wp-json\/wp\/v2\/media\/31778"}],"wp:attachment":[{"href":"https:\/\/www.caudete.org\/ayuntamiento\/wp-json\/wp\/v2\/media?parent=31777"}],"wp:term":[{"taxonomy":"category","embeddable":true,"href":"https:\/\/www.caudete.org\/ayuntamiento\/wp-json\/wp\/v2\/categories?post=31777"},{"taxonomy":"post_tag","embeddable":true,"href":"https:\/\/www.caudete.org\/ayuntamiento\/wp-json\/wp\/v2\/tags?post=31777"}],"curies":[{"name":"wp","href":"https:\/\/api.w.org\/{rel}","templated":true}]}}