{"id":31796,"date":"2025-12-05T13:46:37","date_gmt":"2025-12-05T12:46:37","guid":{"rendered":"https:\/\/www.caudete.org\/ayuntamiento\/?p=31796"},"modified":"2025-12-05T19:04:22","modified_gmt":"2025-12-05T18:04:22","slug":"caudete-dara-la-bienvenida-a-la-navidad-con-el-encendido-oficial-de-luces-y-arboles-el-proximo-sabado-13-de-diciembre","status":"publish","type":"post","link":"https:\/\/www.caudete.org\/ayuntamiento\/caudete-dara-la-bienvenida-a-la-navidad-con-el-encendido-oficial-de-luces-y-arboles-el-proximo-sabado-13-de-diciembre\/","title":{"rendered":"Caudete dar\u00e1 la bienvenida a la Navidad con el encendido oficial de luces y \u00e1rboles el pr\u00f3ximo s\u00e1bado 13 de diciembre"},"content":{"rendered":"<p style=\"text-align: justify;\">La Concejal\u00eda de Comercio del M.I. Ayuntamiento de Caudete, con su edil Diego Cuenca Olivares, informa que el pr\u00f3ximo <strong>s\u00e1bado 13 de diciembre<\/strong>, a partir de las <strong>20:00 horas<\/strong>, tendr\u00e1 lugar el tradicional <strong>evento de encendido de las luces y \u00e1rboles de Navidad<\/strong> del municipio.<\/p>\n<p style=\"text-align: justify;\">El recorrido dar\u00e1 comienzo en la <strong>Calle San Jaime <\/strong><strong>a las 20:00 horas <\/strong> desde donde vecinos y visitantes podr\u00e1n acompa\u00f1ar un itinerario festivo que recorrer\u00e1 todos los \u00e1rboles navide\u00f1os instalados en la localidad. El ambiente estar\u00e1 amenizado por la <strong>Banda Juvenil de M\u00fasica Uni\u00f3n Musical Santa Cecilia<\/strong>, que interpretar\u00e1 villancicos y melod\u00edas propias de estas fechas. Tambi\u00e9n participar\u00e1n las alumnas de <strong>patinaje art\u00edstico de las Escuelas Deportivas Municipales<\/strong>, aportando luz y dinamismo al recorrido.<\/p>\n<p style=\"text-align: justify;\">Este a\u00f1o, como gesto especial, <strong>los m\u00e1s peque\u00f1os recibir\u00e1n un obsequio hecho a mano por los alumnos de Asprona<\/strong>, un detalle cargado de cari\u00f1o que simboliza los valores de solidaridad, uni\u00f3n y esperanza que caracterizan la Navidad.<\/p>\n<p style=\"text-align: justify;\">El evento culminar\u00e1 en la <strong>Plaza El Carmen<\/strong>, donde todos los asistentes podr\u00e1n disfrutar de un <strong>chocolate con churros<\/strong>, gracias a la colaboraci\u00f3n de <strong>Mismico<\/strong> y <strong>Asprona<\/strong>. Un momento pensado para compartir en comunidad y celebrar juntos el inicio de estas fechas tan entra\u00f1ables.<\/p>\n<p style=\"text-align: justify;\">Desde la Concejal\u00eda de Comercio se invita a toda la poblaci\u00f3n a participar en este acto navide\u00f1o, que pretende fomentar la convivencia, el esp\u00edritu festivo y el apoyo al comercio y tejido asociativo local.<\/p>\n<p><a href=\"https:\/\/www.caudete.org\/ayuntamiento\/wp-content\/uploads\/2025\/12\/Foto-Diego-Asprona-Navidad.jpg\" rel='prettyPhoto'><img fetchpriority=\"high\" decoding=\"async\" class=\"alignnone wp-image-31797 size-full\" src=\"https:\/\/www.caudete.org\/ayuntamiento\/wp-content\/uploads\/2025\/12\/Foto-Diego-Asprona-Navidad.jpg\" alt=\"\" width=\"1000\" height=\"750\" srcset=\"https:\/\/www.caudete.org\/ayuntamiento\/wp-content\/uploads\/2025\/12\/Foto-Diego-Asprona-Navidad.jpg 1000w, https:\/\/www.caudete.org\/ayuntamiento\/wp-content\/uploads\/2025\/12\/Foto-Diego-Asprona-Navidad-293x220.jpg 293w, https:\/\/www.caudete.org\/ayuntamiento\/wp-content\/uploads\/2025\/12\/Foto-Diego-Asprona-Navidad-768x576.jpg 768w\" sizes=\"(max-width: 1000px) 100vw, 1000px\" \/><\/a><\/p>\n","protected":false},"excerpt":{"rendered":"<p>La Concejal\u00eda de Comercio del M.I. Ayuntamiento de Caudete, con su edil Diego Cuenca Olivares, informa que el pr\u00f3ximo s\u00e1bado 13 de diciembre, a partir de las 20:00 horas, tendr\u00e1 lugar el tradicional evento de encendido de las luces y \u00e1rboles de Navidad del municipio. El recorrido dar\u00e1 comienzo en la Calle San Jaime a &hellip;<\/p>\n","protected":false},"author":6,"featured_media":31797,"comment_status":"closed","ping_status":"open","sticky":false,"template":"","format":"standard","meta":{"ngg_post_thumbnail":0,"footnotes":""},"categories":[42],"tags":[],"class_list":["post-31796","post","type-post","status-publish","format-standard","has-post-thumbnail","hentry","category-comercio"],"yoast_head":"<!-- This site is optimized with the Yoast SEO plugin v27.5 - https:\/\/yoast.com\/product\/yoast-seo-wordpress\/ -->\n<title>Caudete dar\u00e1 la bienvenida a la Navidad con el encendido oficial de luces y \u00e1rboles el pr\u00f3ximo s\u00e1bado 13 de diciembre - MI Ayuntamiento de Caudete<\/title>\n<meta name=\"description\" content=\"P\u00e1gina Oficial del Ayuntamiento de Caudete (Albacete)\" \/>\n<meta name=\"robots\" content=\"index, follow, max-snippet:-1, max-image-preview:large, max-video-preview:-1\" \/>\n<link rel=\"canonical\" href=\"https:\/\/www.caudete.org\/ayuntamiento\/caudete-dara-la-bienvenida-a-la-navidad-con-el-encendido-oficial-de-luces-y-arboles-el-proximo-sabado-13-de-diciembre\/\" \/>\n<meta property=\"og:locale\" content=\"es_ES\" \/>\n<meta property=\"og:type\" content=\"article\" \/>\n<meta property=\"og:title\" content=\"Caudete dar\u00e1 la bienvenida a la Navidad con el encendido oficial de luces y \u00e1rboles el pr\u00f3ximo s\u00e1bado 13 de diciembre - MI Ayuntamiento de Caudete\" \/>\n<meta property=\"og:description\" content=\"P\u00e1gina Oficial del Ayuntamiento de Caudete (Albacete)\" \/>\n<meta property=\"og:url\" content=\"https:\/\/www.caudete.org\/ayuntamiento\/caudete-dara-la-bienvenida-a-la-navidad-con-el-encendido-oficial-de-luces-y-arboles-el-proximo-sabado-13-de-diciembre\/\" \/>\n<meta property=\"og:site_name\" content=\"MI Ayuntamiento de Caudete\" \/>\n<meta property=\"article:publisher\" content=\"https:\/\/www.facebook.com\/ayuntamientocaudete\/\" \/>\n<meta property=\"article:published_time\" content=\"2025-12-05T12:46:37+00:00\" \/>\n<meta property=\"article:modified_time\" content=\"2025-12-05T18:04:22+00:00\" \/>\n<meta property=\"og:image\" content=\"https:\/\/www.caudete.org\/ayuntamiento\/wp-content\/uploads\/2025\/12\/Foto-Diego-Asprona-Navidad.jpg\" \/>\n\t<meta property=\"og:image:width\" content=\"1000\" \/>\n\t<meta property=\"og:image:height\" content=\"750\" \/>\n\t<meta property=\"og:image:type\" content=\"image\/jpeg\" \/>\n<meta name=\"author\" content=\"informatica2\" \/>\n<meta name=\"twitter:card\" content=\"summary_large_image\" \/>\n<meta name=\"twitter:label1\" content=\"Escrito por\" \/>\n\t<meta name=\"twitter:data1\" content=\"informatica2\" \/>\n\t<meta name=\"twitter:label2\" content=\"Tiempo de lectura\" \/>\n\t<meta name=\"twitter:data2\" content=\"2 minutos\" \/>\n<script type=\"application\/ld+json\" class=\"yoast-schema-graph\">{\"@context\":\"https:\\\/\\\/schema.org\",\"@graph\":[{\"@type\":\"Article\",\"@id\":\"https:\\\/\\\/www.caudete.org\\\/ayuntamiento\\\/caudete-dara-la-bienvenida-a-la-navidad-con-el-encendido-oficial-de-luces-y-arboles-el-proximo-sabado-13-de-diciembre\\\/#article\",\"isPartOf\":{\"@id\":\"https:\\\/\\\/www.caudete.org\\\/ayuntamiento\\\/caudete-dara-la-bienvenida-a-la-navidad-con-el-encendido-oficial-de-luces-y-arboles-el-proximo-sabado-13-de-diciembre\\\/\"},\"author\":{\"name\":\"informatica2\",\"@id\":\"https:\\\/\\\/www.caudete.org\\\/ayuntamiento\\\/#\\\/schema\\\/person\\\/abfa5ffd5010a14e078c21e6e61b6291\"},\"headline\":\"Caudete dar\u00e1 la bienvenida a la Navidad con el encendido oficial de luces y \u00e1rboles el pr\u00f3ximo s\u00e1bado 13 de diciembre\",\"datePublished\":\"2025-12-05T12:46:37+00:00\",\"dateModified\":\"2025-12-05T18:04:22+00:00\",\"mainEntityOfPage\":{\"@id\":\"https:\\\/\\\/www.caudete.org\\\/ayuntamiento\\\/caudete-dara-la-bienvenida-a-la-navidad-con-el-encendido-oficial-de-luces-y-arboles-el-proximo-sabado-13-de-diciembre\\\/\"},\"wordCount\":279,\"image\":{\"@id\":\"https:\\\/\\\/www.caudete.org\\\/ayuntamiento\\\/caudete-dara-la-bienvenida-a-la-navidad-con-el-encendido-oficial-de-luces-y-arboles-el-proximo-sabado-13-de-diciembre\\\/#primaryimage\"},\"thumbnailUrl\":\"https:\\\/\\\/www.caudete.org\\\/ayuntamiento\\\/wp-content\\\/uploads\\\/2025\\\/12\\\/Foto-Diego-Asprona-Navidad.jpg\",\"articleSection\":[\"Comercio\"],\"inLanguage\":\"es\"},{\"@type\":\"WebPage\",\"@id\":\"https:\\\/\\\/www.caudete.org\\\/ayuntamiento\\\/caudete-dara-la-bienvenida-a-la-navidad-con-el-encendido-oficial-de-luces-y-arboles-el-proximo-sabado-13-de-diciembre\\\/\",\"url\":\"https:\\\/\\\/www.caudete.org\\\/ayuntamiento\\\/caudete-dara-la-bienvenida-a-la-navidad-con-el-encendido-oficial-de-luces-y-arboles-el-proximo-sabado-13-de-diciembre\\\/\",\"name\":\"Caudete dar\u00e1 la bienvenida a la Navidad con el encendido oficial de luces y \u00e1rboles el pr\u00f3ximo s\u00e1bado 13 de diciembre - MI Ayuntamiento de Caudete\",\"isPartOf\":{\"@id\":\"https:\\\/\\\/www.caudete.org\\\/ayuntamiento\\\/#website\"},\"primaryImageOfPage\":{\"@id\":\"https:\\\/\\\/www.caudete.org\\\/ayuntamiento\\\/caudete-dara-la-bienvenida-a-la-navidad-con-el-encendido-oficial-de-luces-y-arboles-el-proximo-sabado-13-de-diciembre\\\/#primaryimage\"},\"image\":{\"@id\":\"https:\\\/\\\/www.caudete.org\\\/ayuntamiento\\\/caudete-dara-la-bienvenida-a-la-navidad-con-el-encendido-oficial-de-luces-y-arboles-el-proximo-sabado-13-de-diciembre\\\/#primaryimage\"},\"thumbnailUrl\":\"https:\\\/\\\/www.caudete.org\\\/ayuntamiento\\\/wp-content\\\/uploads\\\/2025\\\/12\\\/Foto-Diego-Asprona-Navidad.jpg\",\"datePublished\":\"2025-12-05T12:46:37+00:00\",\"dateModified\":\"2025-12-05T18:04:22+00:00\",\"author\":{\"@id\":\"https:\\\/\\\/www.caudete.org\\\/ayuntamiento\\\/#\\\/schema\\\/person\\\/abfa5ffd5010a14e078c21e6e61b6291\"},\"description\":\"P\u00e1gina Oficial del Ayuntamiento de Caudete (Albacete)\",\"breadcrumb\":{\"@id\":\"https:\\\/\\\/www.caudete.org\\\/ayuntamiento\\\/caudete-dara-la-bienvenida-a-la-navidad-con-el-encendido-oficial-de-luces-y-arboles-el-proximo-sabado-13-de-diciembre\\\/#breadcrumb\"},\"inLanguage\":\"es\",\"potentialAction\":[{\"@type\":\"ReadAction\",\"target\":[\"https:\\\/\\\/www.caudete.org\\\/ayuntamiento\\\/caudete-dara-la-bienvenida-a-la-navidad-con-el-encendido-oficial-de-luces-y-arboles-el-proximo-sabado-13-de-diciembre\\\/\"]}]},{\"@type\":\"ImageObject\",\"inLanguage\":\"es\",\"@id\":\"https:\\\/\\\/www.caudete.org\\\/ayuntamiento\\\/caudete-dara-la-bienvenida-a-la-navidad-con-el-encendido-oficial-de-luces-y-arboles-el-proximo-sabado-13-de-diciembre\\\/#primaryimage\",\"url\":\"https:\\\/\\\/www.caudete.org\\\/ayuntamiento\\\/wp-content\\\/uploads\\\/2025\\\/12\\\/Foto-Diego-Asprona-Navidad.jpg\",\"contentUrl\":\"https:\\\/\\\/www.caudete.org\\\/ayuntamiento\\\/wp-content\\\/uploads\\\/2025\\\/12\\\/Foto-Diego-Asprona-Navidad.jpg\",\"width\":1000,\"height\":750},{\"@type\":\"BreadcrumbList\",\"@id\":\"https:\\\/\\\/www.caudete.org\\\/ayuntamiento\\\/caudete-dara-la-bienvenida-a-la-navidad-con-el-encendido-oficial-de-luces-y-arboles-el-proximo-sabado-13-de-diciembre\\\/#breadcrumb\",\"itemListElement\":[{\"@type\":\"ListItem\",\"position\":1,\"name\":\"Inicio\",\"item\":\"https:\\\/\\\/www.caudete.org\\\/ayuntamiento\\\/\"},{\"@type\":\"ListItem\",\"position\":2,\"name\":\"Caudete dar\u00e1 la bienvenida a la Navidad con el encendido oficial de luces y \u00e1rboles el pr\u00f3ximo s\u00e1bado 13 de diciembre\"}]},{\"@type\":\"WebSite\",\"@id\":\"https:\\\/\\\/www.caudete.org\\\/ayuntamiento\\\/#website\",\"url\":\"https:\\\/\\\/www.caudete.org\\\/ayuntamiento\\\/\",\"name\":\"MI Ayuntamiento de Caudete\",\"description\":\"P\u00e1gina Oficial del MI Ayuntamiento de Caudete\",\"potentialAction\":[{\"@type\":\"SearchAction\",\"target\":{\"@type\":\"EntryPoint\",\"urlTemplate\":\"https:\\\/\\\/www.caudete.org\\\/ayuntamiento\\\/?s={search_term_string}\"},\"query-input\":{\"@type\":\"PropertyValueSpecification\",\"valueRequired\":true,\"valueName\":\"search_term_string\"}}],\"inLanguage\":\"es\"},{\"@type\":\"Person\",\"@id\":\"https:\\\/\\\/www.caudete.org\\\/ayuntamiento\\\/#\\\/schema\\\/person\\\/abfa5ffd5010a14e078c21e6e61b6291\",\"name\":\"informatica2\",\"image\":{\"@type\":\"ImageObject\",\"inLanguage\":\"es\",\"@id\":\"https:\\\/\\\/secure.gravatar.com\\\/avatar\\\/b089890ff033a3e4d03eec00ecb5a14425217205c513f60ec32ebeaaeb5fa700?s=96&d=mm&r=g\",\"url\":\"https:\\\/\\\/secure.gravatar.com\\\/avatar\\\/b089890ff033a3e4d03eec00ecb5a14425217205c513f60ec32ebeaaeb5fa700?s=96&d=mm&r=g\",\"contentUrl\":\"https:\\\/\\\/secure.gravatar.com\\\/avatar\\\/b089890ff033a3e4d03eec00ecb5a14425217205c513f60ec32ebeaaeb5fa700?s=96&d=mm&r=g\",\"caption\":\"informatica2\"},\"url\":\"https:\\\/\\\/www.caudete.org\\\/ayuntamiento\\\/author\\\/informatica2\\\/\"}]}<\/script>\n<!-- \/ Yoast SEO plugin. -->","yoast_head_json":{"title":"Caudete dar\u00e1 la bienvenida a la Navidad con el encendido oficial de luces y \u00e1rboles el pr\u00f3ximo s\u00e1bado 13 de diciembre - MI Ayuntamiento de Caudete","description":"P\u00e1gina Oficial del Ayuntamiento de Caudete (Albacete)","robots":{"index":"index","follow":"follow","max-snippet":"max-snippet:-1","max-image-preview":"max-image-preview:large","max-video-preview":"max-video-preview:-1"},"canonical":"https:\/\/www.caudete.org\/ayuntamiento\/caudete-dara-la-bienvenida-a-la-navidad-con-el-encendido-oficial-de-luces-y-arboles-el-proximo-sabado-13-de-diciembre\/","og_locale":"es_ES","og_type":"article","og_title":"Caudete dar\u00e1 la bienvenida a la Navidad con el encendido oficial de luces y \u00e1rboles el pr\u00f3ximo s\u00e1bado 13 de diciembre - MI Ayuntamiento de Caudete","og_description":"P\u00e1gina Oficial del Ayuntamiento de Caudete (Albacete)","og_url":"https:\/\/www.caudete.org\/ayuntamiento\/caudete-dara-la-bienvenida-a-la-navidad-con-el-encendido-oficial-de-luces-y-arboles-el-proximo-sabado-13-de-diciembre\/","og_site_name":"MI Ayuntamiento de Caudete","article_publisher":"https:\/\/www.facebook.com\/ayuntamientocaudete\/","article_published_time":"2025-12-05T12:46:37+00:00","article_modified_time":"2025-12-05T18:04:22+00:00","og_image":[{"width":1000,"height":750,"url":"https:\/\/www.caudete.org\/ayuntamiento\/wp-content\/uploads\/2025\/12\/Foto-Diego-Asprona-Navidad.jpg","type":"image\/jpeg"}],"author":"informatica2","twitter_card":"summary_large_image","twitter_misc":{"Escrito por":"informatica2","Tiempo de lectura":"2 minutos"},"schema":{"@context":"https:\/\/schema.org","@graph":[{"@type":"Article","@id":"https:\/\/www.caudete.org\/ayuntamiento\/caudete-dara-la-bienvenida-a-la-navidad-con-el-encendido-oficial-de-luces-y-arboles-el-proximo-sabado-13-de-diciembre\/#article","isPartOf":{"@id":"https:\/\/www.caudete.org\/ayuntamiento\/caudete-dara-la-bienvenida-a-la-navidad-con-el-encendido-oficial-de-luces-y-arboles-el-proximo-sabado-13-de-diciembre\/"},"author":{"name":"informatica2","@id":"https:\/\/www.caudete.org\/ayuntamiento\/#\/schema\/person\/abfa5ffd5010a14e078c21e6e61b6291"},"headline":"Caudete dar\u00e1 la bienvenida a la Navidad con el encendido oficial de luces y \u00e1rboles el pr\u00f3ximo s\u00e1bado 13 de diciembre","datePublished":"2025-12-05T12:46:37+00:00","dateModified":"2025-12-05T18:04:22+00:00","mainEntityOfPage":{"@id":"https:\/\/www.caudete.org\/ayuntamiento\/caudete-dara-la-bienvenida-a-la-navidad-con-el-encendido-oficial-de-luces-y-arboles-el-proximo-sabado-13-de-diciembre\/"},"wordCount":279,"image":{"@id":"https:\/\/www.caudete.org\/ayuntamiento\/caudete-dara-la-bienvenida-a-la-navidad-con-el-encendido-oficial-de-luces-y-arboles-el-proximo-sabado-13-de-diciembre\/#primaryimage"},"thumbnailUrl":"https:\/\/www.caudete.org\/ayuntamiento\/wp-content\/uploads\/2025\/12\/Foto-Diego-Asprona-Navidad.jpg","articleSection":["Comercio"],"inLanguage":"es"},{"@type":"WebPage","@id":"https:\/\/www.caudete.org\/ayuntamiento\/caudete-dara-la-bienvenida-a-la-navidad-con-el-encendido-oficial-de-luces-y-arboles-el-proximo-sabado-13-de-diciembre\/","url":"https:\/\/www.caudete.org\/ayuntamiento\/caudete-dara-la-bienvenida-a-la-navidad-con-el-encendido-oficial-de-luces-y-arboles-el-proximo-sabado-13-de-diciembre\/","name":"Caudete dar\u00e1 la bienvenida a la Navidad con el encendido oficial de luces y \u00e1rboles el pr\u00f3ximo s\u00e1bado 13 de diciembre - MI Ayuntamiento de Caudete","isPartOf":{"@id":"https:\/\/www.caudete.org\/ayuntamiento\/#website"},"primaryImageOfPage":{"@id":"https:\/\/www.caudete.org\/ayuntamiento\/caudete-dara-la-bienvenida-a-la-navidad-con-el-encendido-oficial-de-luces-y-arboles-el-proximo-sabado-13-de-diciembre\/#primaryimage"},"image":{"@id":"https:\/\/www.caudete.org\/ayuntamiento\/caudete-dara-la-bienvenida-a-la-navidad-con-el-encendido-oficial-de-luces-y-arboles-el-proximo-sabado-13-de-diciembre\/#primaryimage"},"thumbnailUrl":"https:\/\/www.caudete.org\/ayuntamiento\/wp-content\/uploads\/2025\/12\/Foto-Diego-Asprona-Navidad.jpg","datePublished":"2025-12-05T12:46:37+00:00","dateModified":"2025-12-05T18:04:22+00:00","author":{"@id":"https:\/\/www.caudete.org\/ayuntamiento\/#\/schema\/person\/abfa5ffd5010a14e078c21e6e61b6291"},"description":"P\u00e1gina Oficial del Ayuntamiento de Caudete (Albacete)","breadcrumb":{"@id":"https:\/\/www.caudete.org\/ayuntamiento\/caudete-dara-la-bienvenida-a-la-navidad-con-el-encendido-oficial-de-luces-y-arboles-el-proximo-sabado-13-de-diciembre\/#breadcrumb"},"inLanguage":"es","potentialAction":[{"@type":"ReadAction","target":["https:\/\/www.caudete.org\/ayuntamiento\/caudete-dara-la-bienvenida-a-la-navidad-con-el-encendido-oficial-de-luces-y-arboles-el-proximo-sabado-13-de-diciembre\/"]}]},{"@type":"ImageObject","inLanguage":"es","@id":"https:\/\/www.caudete.org\/ayuntamiento\/caudete-dara-la-bienvenida-a-la-navidad-con-el-encendido-oficial-de-luces-y-arboles-el-proximo-sabado-13-de-diciembre\/#primaryimage","url":"https:\/\/www.caudete.org\/ayuntamiento\/wp-content\/uploads\/2025\/12\/Foto-Diego-Asprona-Navidad.jpg","contentUrl":"https:\/\/www.caudete.org\/ayuntamiento\/wp-content\/uploads\/2025\/12\/Foto-Diego-Asprona-Navidad.jpg","width":1000,"height":750},{"@type":"BreadcrumbList","@id":"https:\/\/www.caudete.org\/ayuntamiento\/caudete-dara-la-bienvenida-a-la-navidad-con-el-encendido-oficial-de-luces-y-arboles-el-proximo-sabado-13-de-diciembre\/#breadcrumb","itemListElement":[{"@type":"ListItem","position":1,"name":"Inicio","item":"https:\/\/www.caudete.org\/ayuntamiento\/"},{"@type":"ListItem","position":2,"name":"Caudete dar\u00e1 la bienvenida a la Navidad con el encendido oficial de luces y \u00e1rboles el pr\u00f3ximo s\u00e1bado 13 de diciembre"}]},{"@type":"WebSite","@id":"https:\/\/www.caudete.org\/ayuntamiento\/#website","url":"https:\/\/www.caudete.org\/ayuntamiento\/","name":"MI Ayuntamiento de Caudete","description":"P\u00e1gina Oficial del MI Ayuntamiento de Caudete","potentialAction":[{"@type":"SearchAction","target":{"@type":"EntryPoint","urlTemplate":"https:\/\/www.caudete.org\/ayuntamiento\/?s={search_term_string}"},"query-input":{"@type":"PropertyValueSpecification","valueRequired":true,"valueName":"search_term_string"}}],"inLanguage":"es"},{"@type":"Person","@id":"https:\/\/www.caudete.org\/ayuntamiento\/#\/schema\/person\/abfa5ffd5010a14e078c21e6e61b6291","name":"informatica2","image":{"@type":"ImageObject","inLanguage":"es","@id":"https:\/\/secure.gravatar.com\/avatar\/b089890ff033a3e4d03eec00ecb5a14425217205c513f60ec32ebeaaeb5fa700?s=96&d=mm&r=g","url":"https:\/\/secure.gravatar.com\/avatar\/b089890ff033a3e4d03eec00ecb5a14425217205c513f60ec32ebeaaeb5fa700?s=96&d=mm&r=g","contentUrl":"https:\/\/secure.gravatar.com\/avatar\/b089890ff033a3e4d03eec00ecb5a14425217205c513f60ec32ebeaaeb5fa700?s=96&d=mm&r=g","caption":"informatica2"},"url":"https:\/\/www.caudete.org\/ayuntamiento\/author\/informatica2\/"}]}},"_links":{"self":[{"href":"https:\/\/www.caudete.org\/ayuntamiento\/wp-json\/wp\/v2\/posts\/31796","targetHints":{"allow":["GET"]}}],"collection":[{"href":"https:\/\/www.caudete.org\/ayuntamiento\/wp-json\/wp\/v2\/posts"}],"about":[{"href":"https:\/\/www.caudete.org\/ayuntamiento\/wp-json\/wp\/v2\/types\/post"}],"author":[{"embeddable":true,"href":"https:\/\/www.caudete.org\/ayuntamiento\/wp-json\/wp\/v2\/users\/6"}],"replies":[{"embeddable":true,"href":"https:\/\/www.caudete.org\/ayuntamiento\/wp-json\/wp\/v2\/comments?post=31796"}],"version-history":[{"count":1,"href":"https:\/\/www.caudete.org\/ayuntamiento\/wp-json\/wp\/v2\/posts\/31796\/revisions"}],"predecessor-version":[{"id":31798,"href":"https:\/\/www.caudete.org\/ayuntamiento\/wp-json\/wp\/v2\/posts\/31796\/revisions\/31798"}],"wp:featuredmedia":[{"embeddable":true,"href":"https:\/\/www.caudete.org\/ayuntamiento\/wp-json\/wp\/v2\/media\/31797"}],"wp:attachment":[{"href":"https:\/\/www.caudete.org\/ayuntamiento\/wp-json\/wp\/v2\/media?parent=31796"}],"wp:term":[{"taxonomy":"category","embeddable":true,"href":"https:\/\/www.caudete.org\/ayuntamiento\/wp-json\/wp\/v2\/categories?post=31796"},{"taxonomy":"post_tag","embeddable":true,"href":"https:\/\/www.caudete.org\/ayuntamiento\/wp-json\/wp\/v2\/tags?post=31796"}],"curies":[{"name":"wp","href":"https:\/\/api.w.org\/{rel}","templated":true}]}}