{"id":31821,"date":"2025-12-10T11:56:13","date_gmt":"2025-12-10T10:56:13","guid":{"rendered":"https:\/\/www.caudete.org\/ayuntamiento\/?p=31821"},"modified":"2025-12-10T13:59:29","modified_gmt":"2025-12-10T12:59:29","slug":"31821-2","status":"publish","type":"post","link":"https:\/\/www.caudete.org\/ayuntamiento\/31821-2\/","title":{"rendered":"\u201cTres caminos, un proyecto y una soluci\u00f3n definitiva: Caudete completa el mayor plan de asfaltado rural de los \u00faltimos a\u00f1os\u201d"},"content":{"rendered":"<p align=\"justify\">El Muy Ilustre Ayuntamiento de Caudete informa, a trav\u00e9s del concejal <strong>Francisco Jos\u00e9 Castell\u00f3<\/strong>, responsable de Medio Ambiente, Medio Rural y Servicios, de la finalizaci\u00f3n de los trabajos de asfaltado correspondientes al proyecto <strong>\u201cCaminos que Unen\u201d<\/strong>, una iniciativa en la que se lleva trabajando desde hace meses junto a numerosos vecinos interesados en mejorar el estado de varios caminos rurales del municipio.<\/p>\n<p align=\"justify\">Este proyecto naci\u00f3 tras una serie de reuniones en las que cada camino cont\u00f3 con un responsable vecinal. Dichos encuentros fueron muy satisfactorios y permitieron identificar tramos que llevaban a\u00f1os en muy mal estado, generando problemas de accesibilidad, especialmente durante episodios de lluvia. Hasta ahora, se destinaban medios humanos y econ\u00f3micos de forma recurrente para reparaciones temporales que no solucionaban el problema de fondo.<\/p>\n<p align=\"justify\">Gracias a la iniciativa impulsada por el concejal Francisco Jos\u00e9 Castell\u00f3, se ha podido dar una respuesta definitiva a una reivindicaci\u00f3n hist\u00f3rica de los vecinos. Tras varias reuniones y un an\u00e1lisis detallado de las necesidades del proyecto, se puso en marcha el proceso de licitaci\u00f3n para contratar las obras de asfaltado.<\/p>\n<p align=\"justify\">La licitaci\u00f3n permiti\u00f3 comparar distintas ofertas con el fin de obtener el mejor precio por metro cuadrado, siempre garantizando la m\u00e1xima calidad en la ejecuci\u00f3n. Este procedimiento, adem\u00e1s, exige que las empresas interesadas cumplan una serie de requisitos t\u00e9cnicos indispensables, lo que asegura que el resultado final responda a los est\u00e1ndares previstos.<\/p>\n<p align=\"justify\">Entre estos requisitos se estableci\u00f3 un espesor m\u00ednimo de 5 cm para el firme y una anchura m\u00ednima de 3,5 metros, alcanzando los 4 metros en la mayor\u00eda de los tramos.<\/p>\n<p align=\"justify\">Hoy, con los trabajos ya finalizados, podemos anunciar que se han asfaltado <strong>cerca de 7000 metros cuadrados,<\/strong> entre los tres caminos incluidos en el proyecto, con un nivel de satisfacci\u00f3n muy elevado por parte de los vecinos.<\/p>\n<hr \/>\n<h3 class=\"western\"><strong>1. Camino de Los Molinos<\/strong><\/h3>\n<ul>\n<li><strong>1.300 metros lineales.<\/strong><\/li>\n<li>\n<p align=\"justify\">El espesor total previsto para la actuaci\u00f3n es de <strong>6 cm<\/strong>, distribuidos en dos capas con funciones diferenciadas:<\/p>\n<\/li>\n<\/ul>\n<ul>\n<li>\n<p align=\"justify\"><strong>Capa de reperfilado (2 cm):<\/strong> Se aplica primero sobre el pavimento deteriorado ya existente. Consiste en una capa fina de mezcla asf\u00e1ltica que se extiende y compacta mediante maquinaria espec\u00edfica. Su finalidad es regularizar la superficie, corregir desniveles y dejar la base en condiciones \u00f3ptimas para recibir la capa final.<\/p>\n<\/li>\n<li>\n<p align=\"justify\"><strong>Capa de rodadura (4 cm):<\/strong> Una vez reperfilada la superficie, se coloca una segunda capa de <strong>aglomerado asf\u00e1ltico en caliente<\/strong>, con un espesor de 4 cm. Esta es la capa que quedar\u00e1 en contacto directo con el tr\u00e1nsito y es la que aporta resistencia, durabilidad y un acabado uniforme.<\/p>\n<\/li>\n<\/ul>\n<ul>\n<li>Anchura media: <strong>3,5 metros<\/strong>, ampliada gracias a los trabajos previos de desbroce, limpieza y conformaci\u00f3n de cunetas realizados con las m\u00e1quinas de la Mancomunidad.<\/li>\n<li>\n<p align=\"justify\"><strong>El resto de la actuaci\u00f3n fue \u00edntegramente municipal:<\/strong><\/p>\n<\/li>\n<\/ul>\n<ul>\n<li style=\"list-style-type: none;\">\n<ul>\n<li>\n<p align=\"justify\">Gesti\u00f3n de la subvenci\u00f3n correspondiente a la <strong>convocatoria de ayudas para la mejora y acondicionamiento de los caminos rurales 2025<\/strong> de la Excma. Diputaci\u00f3n de Albacete.<\/p>\n<\/li>\n<li>\n<p align=\"justify\">Ejecuci\u00f3n de los <strong>trabajos de movimiento de tierras<\/strong>, realizados por la maquinaria de la <strong>Mancomunidad de Montearag\u00f3n<\/strong>.<\/p>\n<\/li>\n<li>\n<p align=\"justify\"><strong>Aportaci\u00f3n del 50 % del coste total del asfaltado<\/strong>.<\/p>\n<\/li>\n<\/ul>\n<\/li>\n<\/ul>\n<hr \/>\n<h3 class=\"western\"><strong>2. Camino Ramal de Santa Ana<\/strong><\/h3>\n<ul>\n<li><strong>311 metro lineales<\/strong><\/li>\n<\/ul>\n<ul>\n<li>Anchura media de <strong>4 metros<\/strong> en todo el trazado.<\/li>\n<li>Se realizaron accesos, entradas y remates que evidencian la calidad del trabajo final.<\/li>\n<li>\n<p align=\"justify\">Se emplearon medios humanos para desbrozar las zonas donde las m\u00e1quinas no pod\u00edan acceder.<\/p>\n<\/li>\n<li>Espesor m\u00ednimo: <strong>5 cm<\/strong>, garantizando una larga durabilidad del camino.<\/li>\n<li>\n<p align=\"justify\"><strong>El resto de la actuaci\u00f3n fue \u00edntegramente municipal:<\/strong><\/p>\n<\/li>\n<\/ul>\n<ul>\n<li style=\"list-style-type: none;\">\n<ul>\n<li>\n<p align=\"justify\">Gesti\u00f3n de la subvenci\u00f3n correspondiente a la <strong>convocatoria de ayudas para la mejora y acondicionamiento de los caminos rurales 2025<\/strong> de la Excma. Diputaci\u00f3n de Albacete.<\/p>\n<\/li>\n<li>\n<p align=\"justify\">Ejecuci\u00f3n de los <strong>trabajos de movimiento de tierras<\/strong>, realizados por la maquinaria de la <strong>Mancomunidad de Montearag\u00f3n<\/strong>.<\/p>\n<\/li>\n<li>\n<p align=\"justify\"><strong>Aportaci\u00f3n del 50 % del coste total del asfaltado<\/strong>.<\/p>\n<\/li>\n<\/ul>\n<\/li>\n<\/ul>\n<hr \/>\n<h3 class=\"western\"><strong>3. Camino Ramal de Montealegre<\/strong><\/h3>\n<ul>\n<li><strong>255 metros lineales<\/strong><\/li>\n<\/ul>\n<ul>\n<li>Espesor m\u00ednimo: <strong>5 cm<\/strong>.<\/li>\n<li>Anchura: <strong>m\u00e1s de 6 metros en la entrada<\/strong> y una media de <strong>4 metros<\/strong> en el resto del camino.<\/li>\n<li>\n<p align=\"justify\"><strong>El resto de la actuaci\u00f3n fue \u00edntegramente municipal:<\/strong><\/p>\n<\/li>\n<\/ul>\n<ul>\n<li style=\"list-style-type: none;\">\n<ul>\n<li>\n<p align=\"justify\">Gesti\u00f3n de la subvenci\u00f3n correspondiente a la <strong>convocatoria de ayudas para la mejora y acondicionamiento de los caminos rurales 2025<\/strong> de la Excma. Diputaci\u00f3n de Albacete.<\/p>\n<\/li>\n<li>\n<p align=\"justify\">Ejecuci\u00f3n de los <strong>trabajos de movimiento de tierras<\/strong>, realizados por la maquinaria de la <strong>Mancomunidad de Montearag\u00f3n<\/strong>.<\/p>\n<\/li>\n<li>\n<p align=\"justify\"><strong>Aportaci\u00f3n del 50 % del coste total del asfaltado<\/strong>.<\/p>\n<\/li>\n<\/ul>\n<\/li>\n<\/ul>\n<hr \/>\n<h3 class=\"western\"><strong>Conclusi\u00f3n y pr\u00f3ximas actuaciones<\/strong><\/h3>\n<p align=\"justify\">Desde la Concejal\u00eda de Medio Rural y su concejal Francisco Jos\u00e9 Castell\u00f3, queremos expresar nuestra satisfacci\u00f3n por el resultado obtenido en este proyecto. \u201cCaminos que Unen\u201d ha demostrado que la colaboraci\u00f3n entre administraci\u00f3n y vecinos es capaz de resolver problemas que llevaban a\u00f1os reclam\u00e1ndose.<\/p>\n<p align=\"justify\">Adem\u00e1s, informamos de que ya se est\u00e1 trabajando en la planificaci\u00f3n de las <strong>pr\u00f3ximas actuaciones para el a\u00f1o 2026<\/strong>, a cuyas reuniones invitamos desde hoy a todos los vecinos interesados.<\/p>\n<hr \/>\n<p><strong>Francisco Jos\u00e9 Castell\u00f3 Castell\u00f3<\/strong><br \/>\nConcejal de Medio Ambiente, Medio Rural, Servicios, Comunicaci\u00f3n y Prensa<br \/>\n2\u00ba Teniente de Alcalde del Muy Ilustre Ayuntamiento de Caudete<\/p>\n<p data-start=\"4299\" data-end=\"4487\"><style type=\"text\/css\">\n#foogallery-gallery-31823.fg-justified .fg-item { margin-right: 2px; margin-bottom: 2px; }\n#foogallery-gallery-31823.fg-justified .fg-image { height: 200px; }<\/style>\n\t\t\t<div class=\"foogallery foogallery-container foogallery-justified foogallery-lightbox-none fg-justified fg-ready fg-light fg-shadow-outline fg-loading-default fg-loaded-fade-in fg-caption-always fg-hover-fade fg-hover-zoom2\" id=\"foogallery-gallery-31823\" data-foogallery=\"{&quot;item&quot;:{&quot;showCaptionTitle&quot;:true,&quot;showCaptionDescription&quot;:false},&quot;lazy&quot;:true,&quot;paging&quot;:{&quot;type&quot;:&quot;dots&quot;,&quot;size&quot;:20,&quot;position&quot;:&quot;bottom&quot;,&quot;scrollToTop&quot;:false,&quot;output&quot;:&quot;html&quot;,&quot;theme&quot;:&quot;fg-light&quot;},&quot;template&quot;:{&quot;rowHeight&quot;:200,&quot;maxRowHeight&quot;:250,&quot;margins&quot;:2,&quot;align&quot;:&quot;center&quot;,&quot;lastRow&quot;:&quot;smart&quot;}}\" style=\"--fg-title-line-clamp: 0; --fg-description-line-clamp: 0;\" >\n\t<div class=\"fg-item fg-type-image fg-idle\"><figure class=\"fg-item-inner\"><a href=\"https:\/\/www.caudete.org\/ayuntamiento\/wp-content\/uploads\/2025\/12\/4572d7da-bb35-4a3c-b609-1a4a2f8f868e.jpg\" data-attachment-id=\"31824\" data-e-disable-page-transition=\"true\" data-type=\"image\" class=\"fg-thumb\"><span class=\"fg-image-wrap\"><img decoding=\"async\" height=\"250\" width=\"188\" class=\"skip-lazy fg-image\" data-src-fg=\"https:\/\/www.caudete.org\/ayuntamiento\/wp-content\/uploads\/cache\/2025\/12\/4572d7da-bb35-4a3c-b609-1a4a2f8f868e\/299935456.jpg\" src=\"data:image\/svg+xml,%3Csvg%20xmlns%3D%22http%3A%2F%2Fwww.w3.org%2F2000%2Fsvg%22%20width%3D%22188%22%20height%3D%22250%22%20viewBox%3D%220%200%20188%20250%22%3E%3C%2Fsvg%3E\" loading=\"eager\"><\/span><span class=\"fg-image-overlay\"><\/span><\/a><\/figure><div class=\"fg-loader\"><\/div><\/div><div class=\"fg-item fg-type-image fg-idle\"><figure class=\"fg-item-inner\"><a href=\"https:\/\/www.caudete.org\/ayuntamiento\/wp-content\/uploads\/2025\/12\/990088d2-9007-428f-ae04-b1f5cb393081.jpg\" data-attachment-id=\"31825\" data-e-disable-page-transition=\"true\" data-type=\"image\" class=\"fg-thumb\"><span class=\"fg-image-wrap\"><img decoding=\"async\" height=\"250\" width=\"188\" class=\"skip-lazy fg-image\" data-src-fg=\"https:\/\/www.caudete.org\/ayuntamiento\/wp-content\/uploads\/cache\/2025\/12\/990088d2-9007-428f-ae04-b1f5cb393081\/3973172531.jpg\" src=\"data:image\/svg+xml,%3Csvg%20xmlns%3D%22http%3A%2F%2Fwww.w3.org%2F2000%2Fsvg%22%20width%3D%22188%22%20height%3D%22250%22%20viewBox%3D%220%200%20188%20250%22%3E%3C%2Fsvg%3E\" loading=\"eager\"><\/span><span class=\"fg-image-overlay\"><\/span><\/a><\/figure><div class=\"fg-loader\"><\/div><\/div><div class=\"fg-item fg-type-image fg-idle\"><figure class=\"fg-item-inner\"><a href=\"https:\/\/www.caudete.org\/ayuntamiento\/wp-content\/uploads\/2025\/12\/67683772-16af-44f1-b926-a44311a90413.jpg\" data-attachment-id=\"31826\" data-e-disable-page-transition=\"true\" data-type=\"image\" class=\"fg-thumb\"><span class=\"fg-image-wrap\"><img decoding=\"async\" height=\"250\" width=\"188\" class=\"skip-lazy fg-image\" data-src-fg=\"https:\/\/www.caudete.org\/ayuntamiento\/wp-content\/uploads\/cache\/2025\/12\/67683772-16af-44f1-b926-a44311a90413\/779594290.jpg\" src=\"data:image\/svg+xml,%3Csvg%20xmlns%3D%22http%3A%2F%2Fwww.w3.org%2F2000%2Fsvg%22%20width%3D%22188%22%20height%3D%22250%22%20viewBox%3D%220%200%20188%20250%22%3E%3C%2Fsvg%3E\" loading=\"eager\"><\/span><span class=\"fg-image-overlay\"><\/span><\/a><\/figure><div class=\"fg-loader\"><\/div><\/div><div class=\"fg-item fg-type-image fg-idle\"><figure class=\"fg-item-inner\"><a href=\"https:\/\/www.caudete.org\/ayuntamiento\/wp-content\/uploads\/2025\/12\/b0e5c138-dc89-4c67-b0ef-8abc56302aff.jpg\" data-attachment-id=\"31827\" data-e-disable-page-transition=\"true\" data-type=\"image\" class=\"fg-thumb\"><span class=\"fg-image-wrap\"><img decoding=\"async\" height=\"250\" width=\"188\" class=\"skip-lazy fg-image\" data-src-fg=\"https:\/\/www.caudete.org\/ayuntamiento\/wp-content\/uploads\/cache\/2025\/12\/b0e5c138-dc89-4c67-b0ef-8abc56302aff\/1155951909.jpg\" src=\"data:image\/svg+xml,%3Csvg%20xmlns%3D%22http%3A%2F%2Fwww.w3.org%2F2000%2Fsvg%22%20width%3D%22188%22%20height%3D%22250%22%20viewBox%3D%220%200%20188%20250%22%3E%3C%2Fsvg%3E\" loading=\"eager\"><\/span><span class=\"fg-image-overlay\"><\/span><\/a><\/figure><div class=\"fg-loader\"><\/div><\/div><div class=\"fg-item fg-type-image fg-idle\"><figure class=\"fg-item-inner\"><a href=\"https:\/\/www.caudete.org\/ayuntamiento\/wp-content\/uploads\/2025\/12\/b082b5ed-41bf-4654-a0fc-0ae48d6252bb.jpg\" data-attachment-id=\"31828\" data-e-disable-page-transition=\"true\" data-type=\"image\" class=\"fg-thumb\"><span class=\"fg-image-wrap\"><img decoding=\"async\" height=\"250\" width=\"188\" class=\"skip-lazy fg-image\" data-src-fg=\"https:\/\/www.caudete.org\/ayuntamiento\/wp-content\/uploads\/cache\/2025\/12\/b082b5ed-41bf-4654-a0fc-0ae48d6252bb\/1274163257.jpg\" src=\"data:image\/svg+xml,%3Csvg%20xmlns%3D%22http%3A%2F%2Fwww.w3.org%2F2000%2Fsvg%22%20width%3D%22188%22%20height%3D%22250%22%20viewBox%3D%220%200%20188%20250%22%3E%3C%2Fsvg%3E\" loading=\"eager\"><\/span><span class=\"fg-image-overlay\"><\/span><\/a><\/figure><div class=\"fg-loader\"><\/div><\/div><div class=\"fg-item fg-type-image fg-idle\"><figure class=\"fg-item-inner\"><a href=\"https:\/\/www.caudete.org\/ayuntamiento\/wp-content\/uploads\/2025\/12\/d5e581a0-4486-4ea7-9852-f3f7929ff90b.jpg\" data-attachment-id=\"31829\" data-e-disable-page-transition=\"true\" data-type=\"image\" class=\"fg-thumb\"><span class=\"fg-image-wrap\"><img decoding=\"async\" height=\"250\" width=\"188\" class=\"skip-lazy fg-image\" data-src-fg=\"https:\/\/www.caudete.org\/ayuntamiento\/wp-content\/uploads\/cache\/2025\/12\/d5e581a0-4486-4ea7-9852-f3f7929ff90b\/2329538570.jpg\" src=\"data:image\/svg+xml,%3Csvg%20xmlns%3D%22http%3A%2F%2Fwww.w3.org%2F2000%2Fsvg%22%20width%3D%22188%22%20height%3D%22250%22%20viewBox%3D%220%200%20188%20250%22%3E%3C%2Fsvg%3E\" loading=\"eager\"><\/span><span class=\"fg-image-overlay\"><\/span><\/a><\/figure><div class=\"fg-loader\"><\/div><\/div><div class=\"fg-item fg-type-image fg-idle\"><figure class=\"fg-item-inner\"><a href=\"https:\/\/www.caudete.org\/ayuntamiento\/wp-content\/uploads\/2025\/12\/e49b4c78-8c2a-4560-afc4-9bdcb9f18887.jpg\" data-attachment-id=\"31830\" data-e-disable-page-transition=\"true\" data-type=\"image\" class=\"fg-thumb\"><span class=\"fg-image-wrap\"><img decoding=\"async\" height=\"250\" width=\"188\" class=\"skip-lazy fg-image\" data-src-fg=\"https:\/\/www.caudete.org\/ayuntamiento\/wp-content\/uploads\/cache\/2025\/12\/e49b4c78-8c2a-4560-afc4-9bdcb9f18887\/2978775619.jpg\" src=\"data:image\/svg+xml,%3Csvg%20xmlns%3D%22http%3A%2F%2Fwww.w3.org%2F2000%2Fsvg%22%20width%3D%22188%22%20height%3D%22250%22%20viewBox%3D%220%200%20188%20250%22%3E%3C%2Fsvg%3E\" loading=\"eager\"><\/span><span class=\"fg-image-overlay\"><\/span><\/a><\/figure><div class=\"fg-loader\"><\/div><\/div><div class=\"fg-item fg-type-image fg-idle\"><figure class=\"fg-item-inner\"><a href=\"https:\/\/www.caudete.org\/ayuntamiento\/wp-content\/uploads\/2025\/12\/f8476012-6a06-4376-8984-da1f8011fc98.jpg\" data-attachment-id=\"31831\" data-e-disable-page-transition=\"true\" data-type=\"image\" class=\"fg-thumb\"><span class=\"fg-image-wrap\"><img decoding=\"async\" height=\"250\" width=\"188\" class=\"skip-lazy fg-image\" data-src-fg=\"https:\/\/www.caudete.org\/ayuntamiento\/wp-content\/uploads\/cache\/2025\/12\/f8476012-6a06-4376-8984-da1f8011fc98\/190495109.jpg\" src=\"data:image\/svg+xml,%3Csvg%20xmlns%3D%22http%3A%2F%2Fwww.w3.org%2F2000%2Fsvg%22%20width%3D%22188%22%20height%3D%22250%22%20viewBox%3D%220%200%20188%20250%22%3E%3C%2Fsvg%3E\" loading=\"eager\"><\/span><span class=\"fg-image-overlay\"><\/span><\/a><\/figure><div class=\"fg-loader\"><\/div><\/div><div class=\"fg-item fg-type-image fg-idle\"><figure class=\"fg-item-inner\"><a href=\"https:\/\/www.caudete.org\/ayuntamiento\/wp-content\/uploads\/2025\/12\/fe4e8246-eb34-4584-9fac-dda42cbcb1a8.jpg\" data-attachment-id=\"31832\" data-e-disable-page-transition=\"true\" data-type=\"image\" class=\"fg-thumb\"><span class=\"fg-image-wrap\"><img decoding=\"async\" height=\"250\" width=\"188\" class=\"skip-lazy fg-image\" data-src-fg=\"https:\/\/www.caudete.org\/ayuntamiento\/wp-content\/uploads\/cache\/2025\/12\/fe4e8246-eb34-4584-9fac-dda42cbcb1a8\/1235793264.jpg\" src=\"data:image\/svg+xml,%3Csvg%20xmlns%3D%22http%3A%2F%2Fwww.w3.org%2F2000%2Fsvg%22%20width%3D%22188%22%20height%3D%22250%22%20viewBox%3D%220%200%20188%20250%22%3E%3C%2Fsvg%3E\" loading=\"eager\"><\/span><span class=\"fg-image-overlay\"><\/span><\/a><\/figure><div class=\"fg-loader\"><\/div><\/div><div class=\"fg-item fg-type-image fg-idle\"><figure class=\"fg-item-inner\"><a href=\"https:\/\/www.caudete.org\/ayuntamiento\/wp-content\/uploads\/2025\/12\/001fd8e6-09c0-4065-b972-37701f11309a.jpg\" data-attachment-id=\"31833\" data-e-disable-page-transition=\"true\" data-type=\"image\" class=\"fg-thumb\"><span class=\"fg-image-wrap\"><img decoding=\"async\" height=\"250\" width=\"188\" class=\"skip-lazy fg-image\" data-src-fg=\"https:\/\/www.caudete.org\/ayuntamiento\/wp-content\/uploads\/cache\/2025\/12\/001fd8e6-09c0-4065-b972-37701f11309a\/2620792829.jpg\" src=\"data:image\/svg+xml,%3Csvg%20xmlns%3D%22http%3A%2F%2Fwww.w3.org%2F2000%2Fsvg%22%20width%3D%22188%22%20height%3D%22250%22%20viewBox%3D%220%200%20188%20250%22%3E%3C%2Fsvg%3E\" loading=\"eager\"><\/span><span class=\"fg-image-overlay\"><\/span><\/a><\/figure><div class=\"fg-loader\"><\/div><\/div><div class=\"fg-item fg-type-image fg-idle\"><figure class=\"fg-item-inner\"><a href=\"https:\/\/www.caudete.org\/ayuntamiento\/wp-content\/uploads\/2025\/12\/03cb4830-796d-479a-b447-c0e4eae3b69c.jpg\" data-attachment-id=\"31834\" data-e-disable-page-transition=\"true\" data-type=\"image\" class=\"fg-thumb\"><span class=\"fg-image-wrap\"><img decoding=\"async\" height=\"250\" width=\"188\" class=\"skip-lazy fg-image\" data-src-fg=\"https:\/\/www.caudete.org\/ayuntamiento\/wp-content\/uploads\/cache\/2025\/12\/03cb4830-796d-479a-b447-c0e4eae3b69c\/395365880.jpg\" src=\"data:image\/svg+xml,%3Csvg%20xmlns%3D%22http%3A%2F%2Fwww.w3.org%2F2000%2Fsvg%22%20width%3D%22188%22%20height%3D%22250%22%20viewBox%3D%220%200%20188%20250%22%3E%3C%2Fsvg%3E\" loading=\"eager\"><\/span><span class=\"fg-image-overlay\"><\/span><\/a><\/figure><div class=\"fg-loader\"><\/div><\/div><div class=\"fg-item fg-type-image fg-idle\"><figure class=\"fg-item-inner\"><a href=\"https:\/\/www.caudete.org\/ayuntamiento\/wp-content\/uploads\/2025\/12\/24e661be-1ec1-43d1-8fd4-98a73f5e3f4d.jpg\" data-attachment-id=\"31835\" data-e-disable-page-transition=\"true\" data-type=\"image\" class=\"fg-thumb\"><span class=\"fg-image-wrap\"><img decoding=\"async\" height=\"250\" width=\"188\" class=\"skip-lazy fg-image\" data-src-fg=\"https:\/\/www.caudete.org\/ayuntamiento\/wp-content\/uploads\/cache\/2025\/12\/24e661be-1ec1-43d1-8fd4-98a73f5e3f4d\/3125162145.jpg\" src=\"data:image\/svg+xml,%3Csvg%20xmlns%3D%22http%3A%2F%2Fwww.w3.org%2F2000%2Fsvg%22%20width%3D%22188%22%20height%3D%22250%22%20viewBox%3D%220%200%20188%20250%22%3E%3C%2Fsvg%3E\" loading=\"eager\"><\/span><span class=\"fg-image-overlay\"><\/span><\/a><\/figure><div class=\"fg-loader\"><\/div><\/div><div class=\"fg-item fg-type-image fg-idle\"><figure class=\"fg-item-inner\"><a href=\"https:\/\/www.caudete.org\/ayuntamiento\/wp-content\/uploads\/2025\/12\/68c0c9a5-14cc-40d8-8929-31511b7f35c8.jpg\" data-attachment-id=\"31836\" data-e-disable-page-transition=\"true\" data-type=\"image\" class=\"fg-thumb\"><span class=\"fg-image-wrap\"><img decoding=\"async\" height=\"250\" width=\"188\" class=\"skip-lazy fg-image\" data-src-fg=\"https:\/\/www.caudete.org\/ayuntamiento\/wp-content\/uploads\/cache\/2025\/12\/68c0c9a5-14cc-40d8-8929-31511b7f35c8\/4045658854.jpg\" src=\"data:image\/svg+xml,%3Csvg%20xmlns%3D%22http%3A%2F%2Fwww.w3.org%2F2000%2Fsvg%22%20width%3D%22188%22%20height%3D%22250%22%20viewBox%3D%220%200%20188%20250%22%3E%3C%2Fsvg%3E\" loading=\"eager\"><\/span><span class=\"fg-image-overlay\"><\/span><\/a><\/figure><div class=\"fg-loader\"><\/div><\/div><\/div>\n\n","protected":false},"excerpt":{"rendered":"<p>El Muy Ilustre Ayuntamiento de Caudete informa, a trav\u00e9s del concejal Francisco Jos\u00e9 Castell\u00f3, responsable de Medio Ambiente, Medio Rural y Servicios, de la finalizaci\u00f3n de los trabajos de asfaltado correspondientes al proyecto \u201cCaminos que Unen\u201d, una iniciativa en la que se lleva trabajando desde hace meses junto a numerosos vecinos interesados en mejorar el &hellip;<\/p>\n","protected":false},"author":7,"featured_media":31838,"comment_status":"closed","ping_status":"open","sticky":false,"template":"","format":"standard","meta":{"ngg_post_thumbnail":0,"footnotes":""},"categories":[50],"tags":[],"class_list":["post-31821","post","type-post","status-publish","format-standard","has-post-thumbnail","hentry","category-medio-rural"],"yoast_head":"<!-- This site is optimized with the Yoast SEO plugin v27.5 - https:\/\/yoast.com\/product\/yoast-seo-wordpress\/ -->\n<title>\u201cTres caminos, un proyecto y una soluci\u00f3n definitiva: Caudete completa el mayor plan de asfaltado rural de los \u00faltimos a\u00f1os\u201d - MI Ayuntamiento de Caudete<\/title>\n<meta name=\"description\" content=\"P\u00e1gina Oficial del Ayuntamiento de Caudete (Albacete)\" \/>\n<meta name=\"robots\" content=\"index, follow, max-snippet:-1, max-image-preview:large, max-video-preview:-1\" \/>\n<link rel=\"canonical\" href=\"https:\/\/www.caudete.org\/ayuntamiento\/31821-2\/\" \/>\n<meta property=\"og:locale\" content=\"es_ES\" \/>\n<meta property=\"og:type\" content=\"article\" \/>\n<meta property=\"og:title\" content=\"\u201cTres caminos, un proyecto y una soluci\u00f3n definitiva: Caudete completa el mayor plan de asfaltado rural de los \u00faltimos a\u00f1os\u201d - MI Ayuntamiento de Caudete\" \/>\n<meta property=\"og:description\" content=\"P\u00e1gina Oficial del Ayuntamiento de Caudete (Albacete)\" \/>\n<meta property=\"og:url\" content=\"https:\/\/www.caudete.org\/ayuntamiento\/31821-2\/\" \/>\n<meta property=\"og:site_name\" content=\"MI Ayuntamiento de Caudete\" \/>\n<meta property=\"article:publisher\" content=\"https:\/\/www.facebook.com\/ayuntamientocaudete\/\" \/>\n<meta property=\"article:published_time\" content=\"2025-12-10T10:56:13+00:00\" \/>\n<meta property=\"article:modified_time\" content=\"2025-12-10T12:59:29+00:00\" \/>\n<meta property=\"og:image\" content=\"https:\/\/www.caudete.org\/ayuntamiento\/wp-content\/uploads\/2025\/12\/fe4e8246-eb34-4584-9fac-dda42cbcb1a8-port-e1765365377972.jpg\" \/>\n\t<meta property=\"og:image:width\" content=\"750\" \/>\n\t<meta property=\"og:image:height\" content=\"570\" \/>\n\t<meta property=\"og:image:type\" content=\"image\/jpeg\" \/>\n<meta name=\"author\" content=\"ConceMediosComunicacion\" \/>\n<meta name=\"twitter:card\" content=\"summary_large_image\" \/>\n<meta name=\"twitter:label1\" content=\"Escrito por\" \/>\n\t<meta name=\"twitter:data1\" content=\"ConceMediosComunicacion\" \/>\n\t<meta name=\"twitter:label2\" content=\"Tiempo de lectura\" \/>\n\t<meta name=\"twitter:data2\" content=\"4 minutos\" \/>\n<script type=\"application\/ld+json\" class=\"yoast-schema-graph\">{\"@context\":\"https:\\\/\\\/schema.org\",\"@graph\":[{\"@type\":\"Article\",\"@id\":\"https:\\\/\\\/www.caudete.org\\\/ayuntamiento\\\/31821-2\\\/#article\",\"isPartOf\":{\"@id\":\"https:\\\/\\\/www.caudete.org\\\/ayuntamiento\\\/31821-2\\\/\"},\"author\":{\"name\":\"ConceMediosComunicacion\",\"@id\":\"https:\\\/\\\/www.caudete.org\\\/ayuntamiento\\\/#\\\/schema\\\/person\\\/20dfe238fe5ee9d5f5e69267aa623e05\"},\"headline\":\"\u201cTres caminos, un proyecto y una soluci\u00f3n definitiva: Caudete completa el mayor plan de asfaltado rural de los \u00faltimos a\u00f1os\u201d\",\"datePublished\":\"2025-12-10T10:56:13+00:00\",\"dateModified\":\"2025-12-10T12:59:29+00:00\",\"mainEntityOfPage\":{\"@id\":\"https:\\\/\\\/www.caudete.org\\\/ayuntamiento\\\/31821-2\\\/\"},\"wordCount\":871,\"image\":{\"@id\":\"https:\\\/\\\/www.caudete.org\\\/ayuntamiento\\\/31821-2\\\/#primaryimage\"},\"thumbnailUrl\":\"https:\\\/\\\/www.caudete.org\\\/ayuntamiento\\\/wp-content\\\/uploads\\\/2025\\\/12\\\/fe4e8246-eb34-4584-9fac-dda42cbcb1a8-port-e1765365377972.jpg\",\"articleSection\":[\"Medio Rural\"],\"inLanguage\":\"es\"},{\"@type\":\"WebPage\",\"@id\":\"https:\\\/\\\/www.caudete.org\\\/ayuntamiento\\\/31821-2\\\/\",\"url\":\"https:\\\/\\\/www.caudete.org\\\/ayuntamiento\\\/31821-2\\\/\",\"name\":\"\u201cTres caminos, un proyecto y una soluci\u00f3n definitiva: Caudete completa el mayor plan de asfaltado rural de los \u00faltimos a\u00f1os\u201d - MI Ayuntamiento de Caudete\",\"isPartOf\":{\"@id\":\"https:\\\/\\\/www.caudete.org\\\/ayuntamiento\\\/#website\"},\"primaryImageOfPage\":{\"@id\":\"https:\\\/\\\/www.caudete.org\\\/ayuntamiento\\\/31821-2\\\/#primaryimage\"},\"image\":{\"@id\":\"https:\\\/\\\/www.caudete.org\\\/ayuntamiento\\\/31821-2\\\/#primaryimage\"},\"thumbnailUrl\":\"https:\\\/\\\/www.caudete.org\\\/ayuntamiento\\\/wp-content\\\/uploads\\\/2025\\\/12\\\/fe4e8246-eb34-4584-9fac-dda42cbcb1a8-port-e1765365377972.jpg\",\"datePublished\":\"2025-12-10T10:56:13+00:00\",\"dateModified\":\"2025-12-10T12:59:29+00:00\",\"author\":{\"@id\":\"https:\\\/\\\/www.caudete.org\\\/ayuntamiento\\\/#\\\/schema\\\/person\\\/20dfe238fe5ee9d5f5e69267aa623e05\"},\"description\":\"P\u00e1gina Oficial del Ayuntamiento de Caudete (Albacete)\",\"breadcrumb\":{\"@id\":\"https:\\\/\\\/www.caudete.org\\\/ayuntamiento\\\/31821-2\\\/#breadcrumb\"},\"inLanguage\":\"es\",\"potentialAction\":[{\"@type\":\"ReadAction\",\"target\":[\"https:\\\/\\\/www.caudete.org\\\/ayuntamiento\\\/31821-2\\\/\"]}]},{\"@type\":\"ImageObject\",\"inLanguage\":\"es\",\"@id\":\"https:\\\/\\\/www.caudete.org\\\/ayuntamiento\\\/31821-2\\\/#primaryimage\",\"url\":\"https:\\\/\\\/www.caudete.org\\\/ayuntamiento\\\/wp-content\\\/uploads\\\/2025\\\/12\\\/fe4e8246-eb34-4584-9fac-dda42cbcb1a8-port-e1765365377972.jpg\",\"contentUrl\":\"https:\\\/\\\/www.caudete.org\\\/ayuntamiento\\\/wp-content\\\/uploads\\\/2025\\\/12\\\/fe4e8246-eb34-4584-9fac-dda42cbcb1a8-port-e1765365377972.jpg\",\"width\":750,\"height\":570},{\"@type\":\"BreadcrumbList\",\"@id\":\"https:\\\/\\\/www.caudete.org\\\/ayuntamiento\\\/31821-2\\\/#breadcrumb\",\"itemListElement\":[{\"@type\":\"ListItem\",\"position\":1,\"name\":\"Inicio\",\"item\":\"https:\\\/\\\/www.caudete.org\\\/ayuntamiento\\\/\"},{\"@type\":\"ListItem\",\"position\":2,\"name\":\"\u201cTres caminos, un proyecto y una soluci\u00f3n definitiva: Caudete completa el mayor plan de asfaltado rural de los \u00faltimos a\u00f1os\u201d\"}]},{\"@type\":\"WebSite\",\"@id\":\"https:\\\/\\\/www.caudete.org\\\/ayuntamiento\\\/#website\",\"url\":\"https:\\\/\\\/www.caudete.org\\\/ayuntamiento\\\/\",\"name\":\"MI Ayuntamiento de Caudete\",\"description\":\"P\u00e1gina Oficial del MI Ayuntamiento de Caudete\",\"potentialAction\":[{\"@type\":\"SearchAction\",\"target\":{\"@type\":\"EntryPoint\",\"urlTemplate\":\"https:\\\/\\\/www.caudete.org\\\/ayuntamiento\\\/?s={search_term_string}\"},\"query-input\":{\"@type\":\"PropertyValueSpecification\",\"valueRequired\":true,\"valueName\":\"search_term_string\"}}],\"inLanguage\":\"es\"},{\"@type\":\"Person\",\"@id\":\"https:\\\/\\\/www.caudete.org\\\/ayuntamiento\\\/#\\\/schema\\\/person\\\/20dfe238fe5ee9d5f5e69267aa623e05\",\"name\":\"ConceMediosComunicacion\",\"image\":{\"@type\":\"ImageObject\",\"inLanguage\":\"es\",\"@id\":\"https:\\\/\\\/secure.gravatar.com\\\/avatar\\\/9d162043ba1cd4ab14413e29fdb3655bfccde37e65ca99013604f8d2a19c636d?s=96&d=mm&r=g\",\"url\":\"https:\\\/\\\/secure.gravatar.com\\\/avatar\\\/9d162043ba1cd4ab14413e29fdb3655bfccde37e65ca99013604f8d2a19c636d?s=96&d=mm&r=g\",\"contentUrl\":\"https:\\\/\\\/secure.gravatar.com\\\/avatar\\\/9d162043ba1cd4ab14413e29fdb3655bfccde37e65ca99013604f8d2a19c636d?s=96&d=mm&r=g\",\"caption\":\"ConceMediosComunicacion\"},\"url\":\"https:\\\/\\\/www.caudete.org\\\/ayuntamiento\\\/author\\\/concemedioscomunicacion\\\/\"}]}<\/script>\n<!-- \/ Yoast SEO plugin. -->","yoast_head_json":{"title":"\u201cTres caminos, un proyecto y una soluci\u00f3n definitiva: Caudete completa el mayor plan de asfaltado rural de los \u00faltimos a\u00f1os\u201d - MI Ayuntamiento de Caudete","description":"P\u00e1gina Oficial del Ayuntamiento de Caudete (Albacete)","robots":{"index":"index","follow":"follow","max-snippet":"max-snippet:-1","max-image-preview":"max-image-preview:large","max-video-preview":"max-video-preview:-1"},"canonical":"https:\/\/www.caudete.org\/ayuntamiento\/31821-2\/","og_locale":"es_ES","og_type":"article","og_title":"\u201cTres caminos, un proyecto y una soluci\u00f3n definitiva: Caudete completa el mayor plan de asfaltado rural de los \u00faltimos a\u00f1os\u201d - MI Ayuntamiento de Caudete","og_description":"P\u00e1gina Oficial del Ayuntamiento de Caudete (Albacete)","og_url":"https:\/\/www.caudete.org\/ayuntamiento\/31821-2\/","og_site_name":"MI Ayuntamiento de Caudete","article_publisher":"https:\/\/www.facebook.com\/ayuntamientocaudete\/","article_published_time":"2025-12-10T10:56:13+00:00","article_modified_time":"2025-12-10T12:59:29+00:00","og_image":[{"width":750,"height":570,"url":"https:\/\/www.caudete.org\/ayuntamiento\/wp-content\/uploads\/2025\/12\/fe4e8246-eb34-4584-9fac-dda42cbcb1a8-port-e1765365377972.jpg","type":"image\/jpeg"}],"author":"ConceMediosComunicacion","twitter_card":"summary_large_image","twitter_misc":{"Escrito por":"ConceMediosComunicacion","Tiempo de lectura":"4 minutos"},"schema":{"@context":"https:\/\/schema.org","@graph":[{"@type":"Article","@id":"https:\/\/www.caudete.org\/ayuntamiento\/31821-2\/#article","isPartOf":{"@id":"https:\/\/www.caudete.org\/ayuntamiento\/31821-2\/"},"author":{"name":"ConceMediosComunicacion","@id":"https:\/\/www.caudete.org\/ayuntamiento\/#\/schema\/person\/20dfe238fe5ee9d5f5e69267aa623e05"},"headline":"\u201cTres caminos, un proyecto y una soluci\u00f3n definitiva: Caudete completa el mayor plan de asfaltado rural de los \u00faltimos a\u00f1os\u201d","datePublished":"2025-12-10T10:56:13+00:00","dateModified":"2025-12-10T12:59:29+00:00","mainEntityOfPage":{"@id":"https:\/\/www.caudete.org\/ayuntamiento\/31821-2\/"},"wordCount":871,"image":{"@id":"https:\/\/www.caudete.org\/ayuntamiento\/31821-2\/#primaryimage"},"thumbnailUrl":"https:\/\/www.caudete.org\/ayuntamiento\/wp-content\/uploads\/2025\/12\/fe4e8246-eb34-4584-9fac-dda42cbcb1a8-port-e1765365377972.jpg","articleSection":["Medio Rural"],"inLanguage":"es"},{"@type":"WebPage","@id":"https:\/\/www.caudete.org\/ayuntamiento\/31821-2\/","url":"https:\/\/www.caudete.org\/ayuntamiento\/31821-2\/","name":"\u201cTres caminos, un proyecto y una soluci\u00f3n definitiva: Caudete completa el mayor plan de asfaltado rural de los \u00faltimos a\u00f1os\u201d - MI Ayuntamiento de Caudete","isPartOf":{"@id":"https:\/\/www.caudete.org\/ayuntamiento\/#website"},"primaryImageOfPage":{"@id":"https:\/\/www.caudete.org\/ayuntamiento\/31821-2\/#primaryimage"},"image":{"@id":"https:\/\/www.caudete.org\/ayuntamiento\/31821-2\/#primaryimage"},"thumbnailUrl":"https:\/\/www.caudete.org\/ayuntamiento\/wp-content\/uploads\/2025\/12\/fe4e8246-eb34-4584-9fac-dda42cbcb1a8-port-e1765365377972.jpg","datePublished":"2025-12-10T10:56:13+00:00","dateModified":"2025-12-10T12:59:29+00:00","author":{"@id":"https:\/\/www.caudete.org\/ayuntamiento\/#\/schema\/person\/20dfe238fe5ee9d5f5e69267aa623e05"},"description":"P\u00e1gina Oficial del Ayuntamiento de Caudete (Albacete)","breadcrumb":{"@id":"https:\/\/www.caudete.org\/ayuntamiento\/31821-2\/#breadcrumb"},"inLanguage":"es","potentialAction":[{"@type":"ReadAction","target":["https:\/\/www.caudete.org\/ayuntamiento\/31821-2\/"]}]},{"@type":"ImageObject","inLanguage":"es","@id":"https:\/\/www.caudete.org\/ayuntamiento\/31821-2\/#primaryimage","url":"https:\/\/www.caudete.org\/ayuntamiento\/wp-content\/uploads\/2025\/12\/fe4e8246-eb34-4584-9fac-dda42cbcb1a8-port-e1765365377972.jpg","contentUrl":"https:\/\/www.caudete.org\/ayuntamiento\/wp-content\/uploads\/2025\/12\/fe4e8246-eb34-4584-9fac-dda42cbcb1a8-port-e1765365377972.jpg","width":750,"height":570},{"@type":"BreadcrumbList","@id":"https:\/\/www.caudete.org\/ayuntamiento\/31821-2\/#breadcrumb","itemListElement":[{"@type":"ListItem","position":1,"name":"Inicio","item":"https:\/\/www.caudete.org\/ayuntamiento\/"},{"@type":"ListItem","position":2,"name":"\u201cTres caminos, un proyecto y una soluci\u00f3n definitiva: Caudete completa el mayor plan de asfaltado rural de los \u00faltimos a\u00f1os\u201d"}]},{"@type":"WebSite","@id":"https:\/\/www.caudete.org\/ayuntamiento\/#website","url":"https:\/\/www.caudete.org\/ayuntamiento\/","name":"MI Ayuntamiento de Caudete","description":"P\u00e1gina Oficial del MI Ayuntamiento de Caudete","potentialAction":[{"@type":"SearchAction","target":{"@type":"EntryPoint","urlTemplate":"https:\/\/www.caudete.org\/ayuntamiento\/?s={search_term_string}"},"query-input":{"@type":"PropertyValueSpecification","valueRequired":true,"valueName":"search_term_string"}}],"inLanguage":"es"},{"@type":"Person","@id":"https:\/\/www.caudete.org\/ayuntamiento\/#\/schema\/person\/20dfe238fe5ee9d5f5e69267aa623e05","name":"ConceMediosComunicacion","image":{"@type":"ImageObject","inLanguage":"es","@id":"https:\/\/secure.gravatar.com\/avatar\/9d162043ba1cd4ab14413e29fdb3655bfccde37e65ca99013604f8d2a19c636d?s=96&d=mm&r=g","url":"https:\/\/secure.gravatar.com\/avatar\/9d162043ba1cd4ab14413e29fdb3655bfccde37e65ca99013604f8d2a19c636d?s=96&d=mm&r=g","contentUrl":"https:\/\/secure.gravatar.com\/avatar\/9d162043ba1cd4ab14413e29fdb3655bfccde37e65ca99013604f8d2a19c636d?s=96&d=mm&r=g","caption":"ConceMediosComunicacion"},"url":"https:\/\/www.caudete.org\/ayuntamiento\/author\/concemedioscomunicacion\/"}]}},"_links":{"self":[{"href":"https:\/\/www.caudete.org\/ayuntamiento\/wp-json\/wp\/v2\/posts\/31821","targetHints":{"allow":["GET"]}}],"collection":[{"href":"https:\/\/www.caudete.org\/ayuntamiento\/wp-json\/wp\/v2\/posts"}],"about":[{"href":"https:\/\/www.caudete.org\/ayuntamiento\/wp-json\/wp\/v2\/types\/post"}],"author":[{"embeddable":true,"href":"https:\/\/www.caudete.org\/ayuntamiento\/wp-json\/wp\/v2\/users\/7"}],"replies":[{"embeddable":true,"href":"https:\/\/www.caudete.org\/ayuntamiento\/wp-json\/wp\/v2\/comments?post=31821"}],"version-history":[{"count":6,"href":"https:\/\/www.caudete.org\/ayuntamiento\/wp-json\/wp\/v2\/posts\/31821\/revisions"}],"predecessor-version":[{"id":31843,"href":"https:\/\/www.caudete.org\/ayuntamiento\/wp-json\/wp\/v2\/posts\/31821\/revisions\/31843"}],"wp:featuredmedia":[{"embeddable":true,"href":"https:\/\/www.caudete.org\/ayuntamiento\/wp-json\/wp\/v2\/media\/31838"}],"wp:attachment":[{"href":"https:\/\/www.caudete.org\/ayuntamiento\/wp-json\/wp\/v2\/media?parent=31821"}],"wp:term":[{"taxonomy":"category","embeddable":true,"href":"https:\/\/www.caudete.org\/ayuntamiento\/wp-json\/wp\/v2\/categories?post=31821"},{"taxonomy":"post_tag","embeddable":true,"href":"https:\/\/www.caudete.org\/ayuntamiento\/wp-json\/wp\/v2\/tags?post=31821"}],"curies":[{"name":"wp","href":"https:\/\/api.w.org\/{rel}","templated":true}]}}