{"id":31844,"date":"2025-12-11T10:28:48","date_gmt":"2025-12-11T09:28:48","guid":{"rendered":"https:\/\/www.caudete.org\/ayuntamiento\/?p=31844"},"modified":"2025-12-11T11:37:02","modified_gmt":"2025-12-11T10:37:02","slug":"primera-charla-de-educacion-para-la-salud-en-caudete-diabetes-cuidados-y-prevencion","status":"publish","type":"post","link":"https:\/\/www.caudete.org\/ayuntamiento\/primera-charla-de-educacion-para-la-salud-en-caudete-diabetes-cuidados-y-prevencion\/","title":{"rendered":"Primera charla de educaci\u00f3n para la salud en Caudete: \u201cDiabetes, cuidados y prevenci\u00f3n\u201d"},"content":{"rendered":"<p style=\"text-align: justify;\">Desde la <strong>Concejal\u00eda de Sanidad<\/strong>, su responsable <strong>Mar\u00eda Mart\u00ednez Mart\u00ednez<\/strong> informa de la colaboraci\u00f3n establecida con el Centro de Salud de Caudete para la puesta en marcha de un ciclo de charlas de educaci\u00f3n para la salud dirigidas a la ciudadan\u00eda.<\/p>\n<p style=\"text-align: justify;\"><a href=\"https:\/\/www.caudete.org\/ayuntamiento\/actuaciones-para-la-prevencion-de-enfermedades-y-promocion-de-la-salud\/\">https:\/\/www.caudete.org\/ayuntamiento\/actuaciones-para-la-prevencion-de-enfermedades-y-promocion-de-la-salud\/<\/a><\/p>\n<p style=\"text-align: justify;\">La primera sesi\u00f3n tendr\u00e1 lugar el <strong>mi\u00e9rcoles 17 de diciembre<\/strong>, en horario de <strong>17:00 a 18:30 horas<\/strong>, en la <strong>sala audiovisual del edificio sociosanitario Vicente Lillo<\/strong>. Esta charla estar\u00e1 dedicada a la <strong>diabetes<\/strong>, con informaci\u00f3n clara y \u00fatil sobre prevenci\u00f3n, detecci\u00f3n y autocuidados.<\/p>\n<p style=\"text-align: justify;\">La actividad est\u00e1 abierta a <strong>todas las personas interesadas<\/strong>, que podr\u00e1n solicitar m\u00e1s informaci\u00f3n o inscribirse contactando con <strong>Resti, enfermero del Centro de Salud de Caudete<\/strong>.<\/p>\n<p style=\"text-align: justify;\">Asimismo, desde esta Concejal\u00eda se est\u00e1n realizando las gestiones oportunas ante la Gerencia del \u00c1rea de Salud para solicitar informaci\u00f3n actualizada sobre la situaci\u00f3n del Centro de Salud de Caudete y del Hospital de Almansa. En concreto, se ha pedido conocer el estado de las vacantes de personal m\u00e9dico y de enfermer\u00eda, la cobertura del servicio de pediatr\u00eda, la posibilidad de recuperar consultas como la de logopedia, y los tiempos de atenci\u00f3n en diferentes especialidades.<\/p>\n<p style=\"text-align: justify;\"><strong>El objetivo es poder informar con total transparencia a los vecinos y trasladar sus necesidades a las administraciones competentes, reforzando as\u00ed la colaboraci\u00f3n institucional en beneficio de la salud de toda la poblaci\u00f3n.<\/strong><\/p>\n<p style=\"text-align: justify;\">Desde la Concejal\u00eda de Sanidad agradecemos la implicaci\u00f3n de los profesionales sanitarios y animamos a los vecinos a participar en esta iniciativa de promoci\u00f3n de la salud.<\/p>\n","protected":false},"excerpt":{"rendered":"<p>Desde la Concejal\u00eda de Sanidad, su responsable Mar\u00eda Mart\u00ednez Mart\u00ednez informa de la colaboraci\u00f3n establecida con el Centro de Salud de Caudete para la puesta en marcha de un ciclo de charlas de educaci\u00f3n para la salud dirigidas a la ciudadan\u00eda. https:\/\/www.caudete.org\/ayuntamiento\/actuaciones-para-la-prevencion-de-enfermedades-y-promocion-de-la-salud\/ La primera sesi\u00f3n tendr\u00e1 lugar el mi\u00e9rcoles 17 de diciembre, en horario de &hellip;<\/p>\n","protected":false},"author":6,"featured_media":31845,"comment_status":"closed","ping_status":"open","sticky":false,"template":"","format":"standard","meta":{"ngg_post_thumbnail":0,"footnotes":""},"categories":[16],"tags":[],"class_list":["post-31844","post","type-post","status-publish","format-standard","has-post-thumbnail","hentry","category-sanidad"],"yoast_head":"<!-- This site is optimized with the Yoast SEO plugin v27.5 - https:\/\/yoast.com\/product\/yoast-seo-wordpress\/ -->\n<title>Primera charla de educaci\u00f3n para la salud en Caudete: \u201cDiabetes, cuidados y prevenci\u00f3n\u201d - MI Ayuntamiento de Caudete<\/title>\n<meta name=\"description\" content=\"P\u00e1gina Oficial del Ayuntamiento de Caudete (Albacete)\" \/>\n<meta name=\"robots\" content=\"index, follow, max-snippet:-1, max-image-preview:large, max-video-preview:-1\" \/>\n<link rel=\"canonical\" href=\"https:\/\/www.caudete.org\/ayuntamiento\/primera-charla-de-educacion-para-la-salud-en-caudete-diabetes-cuidados-y-prevencion\/\" \/>\n<meta property=\"og:locale\" content=\"es_ES\" \/>\n<meta property=\"og:type\" content=\"article\" \/>\n<meta property=\"og:title\" content=\"Primera charla de educaci\u00f3n para la salud en Caudete: \u201cDiabetes, cuidados y prevenci\u00f3n\u201d - MI Ayuntamiento de Caudete\" \/>\n<meta property=\"og:description\" content=\"P\u00e1gina Oficial del Ayuntamiento de Caudete (Albacete)\" \/>\n<meta property=\"og:url\" content=\"https:\/\/www.caudete.org\/ayuntamiento\/primera-charla-de-educacion-para-la-salud-en-caudete-diabetes-cuidados-y-prevencion\/\" \/>\n<meta property=\"og:site_name\" content=\"MI Ayuntamiento de Caudete\" \/>\n<meta property=\"article:publisher\" content=\"https:\/\/www.facebook.com\/ayuntamientocaudete\/\" \/>\n<meta property=\"article:published_time\" content=\"2025-12-11T09:28:48+00:00\" \/>\n<meta property=\"article:modified_time\" content=\"2025-12-11T10:37:02+00:00\" \/>\n<meta property=\"og:image\" content=\"https:\/\/www.caudete.org\/ayuntamiento\/wp-content\/uploads\/2025\/12\/9dee22c5-aba4-4605-ad69-ce26ed38e66e.jpg\" \/>\n\t<meta property=\"og:image:width\" content=\"1000\" \/>\n\t<meta property=\"og:image:height\" content=\"539\" \/>\n\t<meta property=\"og:image:type\" content=\"image\/jpeg\" \/>\n<meta name=\"author\" content=\"informatica2\" \/>\n<meta name=\"twitter:card\" content=\"summary_large_image\" \/>\n<meta name=\"twitter:label1\" content=\"Escrito por\" \/>\n\t<meta name=\"twitter:data1\" content=\"informatica2\" \/>\n\t<meta name=\"twitter:label2\" content=\"Tiempo de lectura\" \/>\n\t<meta name=\"twitter:data2\" content=\"2 minutos\" \/>\n<script type=\"application\/ld+json\" class=\"yoast-schema-graph\">{\"@context\":\"https:\\\/\\\/schema.org\",\"@graph\":[{\"@type\":\"Article\",\"@id\":\"https:\\\/\\\/www.caudete.org\\\/ayuntamiento\\\/primera-charla-de-educacion-para-la-salud-en-caudete-diabetes-cuidados-y-prevencion\\\/#article\",\"isPartOf\":{\"@id\":\"https:\\\/\\\/www.caudete.org\\\/ayuntamiento\\\/primera-charla-de-educacion-para-la-salud-en-caudete-diabetes-cuidados-y-prevencion\\\/\"},\"author\":{\"name\":\"informatica2\",\"@id\":\"https:\\\/\\\/www.caudete.org\\\/ayuntamiento\\\/#\\\/schema\\\/person\\\/abfa5ffd5010a14e078c21e6e61b6291\"},\"headline\":\"Primera charla de educaci\u00f3n para la salud en Caudete: \u201cDiabetes, cuidados y prevenci\u00f3n\u201d\",\"datePublished\":\"2025-12-11T09:28:48+00:00\",\"dateModified\":\"2025-12-11T10:37:02+00:00\",\"mainEntityOfPage\":{\"@id\":\"https:\\\/\\\/www.caudete.org\\\/ayuntamiento\\\/primera-charla-de-educacion-para-la-salud-en-caudete-diabetes-cuidados-y-prevencion\\\/\"},\"wordCount\":291,\"image\":{\"@id\":\"https:\\\/\\\/www.caudete.org\\\/ayuntamiento\\\/primera-charla-de-educacion-para-la-salud-en-caudete-diabetes-cuidados-y-prevencion\\\/#primaryimage\"},\"thumbnailUrl\":\"https:\\\/\\\/www.caudete.org\\\/ayuntamiento\\\/wp-content\\\/uploads\\\/2025\\\/12\\\/9dee22c5-aba4-4605-ad69-ce26ed38e66e.jpg\",\"articleSection\":[\"Sanidad\"],\"inLanguage\":\"es\"},{\"@type\":\"WebPage\",\"@id\":\"https:\\\/\\\/www.caudete.org\\\/ayuntamiento\\\/primera-charla-de-educacion-para-la-salud-en-caudete-diabetes-cuidados-y-prevencion\\\/\",\"url\":\"https:\\\/\\\/www.caudete.org\\\/ayuntamiento\\\/primera-charla-de-educacion-para-la-salud-en-caudete-diabetes-cuidados-y-prevencion\\\/\",\"name\":\"Primera charla de educaci\u00f3n para la salud en Caudete: \u201cDiabetes, cuidados y prevenci\u00f3n\u201d - MI Ayuntamiento de Caudete\",\"isPartOf\":{\"@id\":\"https:\\\/\\\/www.caudete.org\\\/ayuntamiento\\\/#website\"},\"primaryImageOfPage\":{\"@id\":\"https:\\\/\\\/www.caudete.org\\\/ayuntamiento\\\/primera-charla-de-educacion-para-la-salud-en-caudete-diabetes-cuidados-y-prevencion\\\/#primaryimage\"},\"image\":{\"@id\":\"https:\\\/\\\/www.caudete.org\\\/ayuntamiento\\\/primera-charla-de-educacion-para-la-salud-en-caudete-diabetes-cuidados-y-prevencion\\\/#primaryimage\"},\"thumbnailUrl\":\"https:\\\/\\\/www.caudete.org\\\/ayuntamiento\\\/wp-content\\\/uploads\\\/2025\\\/12\\\/9dee22c5-aba4-4605-ad69-ce26ed38e66e.jpg\",\"datePublished\":\"2025-12-11T09:28:48+00:00\",\"dateModified\":\"2025-12-11T10:37:02+00:00\",\"author\":{\"@id\":\"https:\\\/\\\/www.caudete.org\\\/ayuntamiento\\\/#\\\/schema\\\/person\\\/abfa5ffd5010a14e078c21e6e61b6291\"},\"description\":\"P\u00e1gina Oficial del Ayuntamiento de Caudete (Albacete)\",\"breadcrumb\":{\"@id\":\"https:\\\/\\\/www.caudete.org\\\/ayuntamiento\\\/primera-charla-de-educacion-para-la-salud-en-caudete-diabetes-cuidados-y-prevencion\\\/#breadcrumb\"},\"inLanguage\":\"es\",\"potentialAction\":[{\"@type\":\"ReadAction\",\"target\":[\"https:\\\/\\\/www.caudete.org\\\/ayuntamiento\\\/primera-charla-de-educacion-para-la-salud-en-caudete-diabetes-cuidados-y-prevencion\\\/\"]}]},{\"@type\":\"ImageObject\",\"inLanguage\":\"es\",\"@id\":\"https:\\\/\\\/www.caudete.org\\\/ayuntamiento\\\/primera-charla-de-educacion-para-la-salud-en-caudete-diabetes-cuidados-y-prevencion\\\/#primaryimage\",\"url\":\"https:\\\/\\\/www.caudete.org\\\/ayuntamiento\\\/wp-content\\\/uploads\\\/2025\\\/12\\\/9dee22c5-aba4-4605-ad69-ce26ed38e66e.jpg\",\"contentUrl\":\"https:\\\/\\\/www.caudete.org\\\/ayuntamiento\\\/wp-content\\\/uploads\\\/2025\\\/12\\\/9dee22c5-aba4-4605-ad69-ce26ed38e66e.jpg\",\"width\":1000,\"height\":539},{\"@type\":\"BreadcrumbList\",\"@id\":\"https:\\\/\\\/www.caudete.org\\\/ayuntamiento\\\/primera-charla-de-educacion-para-la-salud-en-caudete-diabetes-cuidados-y-prevencion\\\/#breadcrumb\",\"itemListElement\":[{\"@type\":\"ListItem\",\"position\":1,\"name\":\"Inicio\",\"item\":\"https:\\\/\\\/www.caudete.org\\\/ayuntamiento\\\/\"},{\"@type\":\"ListItem\",\"position\":2,\"name\":\"Primera charla de educaci\u00f3n para la salud en Caudete: \u201cDiabetes, cuidados y prevenci\u00f3n\u201d\"}]},{\"@type\":\"WebSite\",\"@id\":\"https:\\\/\\\/www.caudete.org\\\/ayuntamiento\\\/#website\",\"url\":\"https:\\\/\\\/www.caudete.org\\\/ayuntamiento\\\/\",\"name\":\"MI Ayuntamiento de Caudete\",\"description\":\"P\u00e1gina Oficial del MI Ayuntamiento de Caudete\",\"potentialAction\":[{\"@type\":\"SearchAction\",\"target\":{\"@type\":\"EntryPoint\",\"urlTemplate\":\"https:\\\/\\\/www.caudete.org\\\/ayuntamiento\\\/?s={search_term_string}\"},\"query-input\":{\"@type\":\"PropertyValueSpecification\",\"valueRequired\":true,\"valueName\":\"search_term_string\"}}],\"inLanguage\":\"es\"},{\"@type\":\"Person\",\"@id\":\"https:\\\/\\\/www.caudete.org\\\/ayuntamiento\\\/#\\\/schema\\\/person\\\/abfa5ffd5010a14e078c21e6e61b6291\",\"name\":\"informatica2\",\"image\":{\"@type\":\"ImageObject\",\"inLanguage\":\"es\",\"@id\":\"https:\\\/\\\/secure.gravatar.com\\\/avatar\\\/b089890ff033a3e4d03eec00ecb5a14425217205c513f60ec32ebeaaeb5fa700?s=96&d=mm&r=g\",\"url\":\"https:\\\/\\\/secure.gravatar.com\\\/avatar\\\/b089890ff033a3e4d03eec00ecb5a14425217205c513f60ec32ebeaaeb5fa700?s=96&d=mm&r=g\",\"contentUrl\":\"https:\\\/\\\/secure.gravatar.com\\\/avatar\\\/b089890ff033a3e4d03eec00ecb5a14425217205c513f60ec32ebeaaeb5fa700?s=96&d=mm&r=g\",\"caption\":\"informatica2\"},\"url\":\"https:\\\/\\\/www.caudete.org\\\/ayuntamiento\\\/author\\\/informatica2\\\/\"}]}<\/script>\n<!-- \/ Yoast SEO plugin. -->","yoast_head_json":{"title":"Primera charla de educaci\u00f3n para la salud en Caudete: \u201cDiabetes, cuidados y prevenci\u00f3n\u201d - MI Ayuntamiento de Caudete","description":"P\u00e1gina Oficial del Ayuntamiento de Caudete (Albacete)","robots":{"index":"index","follow":"follow","max-snippet":"max-snippet:-1","max-image-preview":"max-image-preview:large","max-video-preview":"max-video-preview:-1"},"canonical":"https:\/\/www.caudete.org\/ayuntamiento\/primera-charla-de-educacion-para-la-salud-en-caudete-diabetes-cuidados-y-prevencion\/","og_locale":"es_ES","og_type":"article","og_title":"Primera charla de educaci\u00f3n para la salud en Caudete: \u201cDiabetes, cuidados y prevenci\u00f3n\u201d - MI Ayuntamiento de Caudete","og_description":"P\u00e1gina Oficial del Ayuntamiento de Caudete (Albacete)","og_url":"https:\/\/www.caudete.org\/ayuntamiento\/primera-charla-de-educacion-para-la-salud-en-caudete-diabetes-cuidados-y-prevencion\/","og_site_name":"MI Ayuntamiento de Caudete","article_publisher":"https:\/\/www.facebook.com\/ayuntamientocaudete\/","article_published_time":"2025-12-11T09:28:48+00:00","article_modified_time":"2025-12-11T10:37:02+00:00","og_image":[{"width":1000,"height":539,"url":"https:\/\/www.caudete.org\/ayuntamiento\/wp-content\/uploads\/2025\/12\/9dee22c5-aba4-4605-ad69-ce26ed38e66e.jpg","type":"image\/jpeg"}],"author":"informatica2","twitter_card":"summary_large_image","twitter_misc":{"Escrito por":"informatica2","Tiempo de lectura":"2 minutos"},"schema":{"@context":"https:\/\/schema.org","@graph":[{"@type":"Article","@id":"https:\/\/www.caudete.org\/ayuntamiento\/primera-charla-de-educacion-para-la-salud-en-caudete-diabetes-cuidados-y-prevencion\/#article","isPartOf":{"@id":"https:\/\/www.caudete.org\/ayuntamiento\/primera-charla-de-educacion-para-la-salud-en-caudete-diabetes-cuidados-y-prevencion\/"},"author":{"name":"informatica2","@id":"https:\/\/www.caudete.org\/ayuntamiento\/#\/schema\/person\/abfa5ffd5010a14e078c21e6e61b6291"},"headline":"Primera charla de educaci\u00f3n para la salud en Caudete: \u201cDiabetes, cuidados y prevenci\u00f3n\u201d","datePublished":"2025-12-11T09:28:48+00:00","dateModified":"2025-12-11T10:37:02+00:00","mainEntityOfPage":{"@id":"https:\/\/www.caudete.org\/ayuntamiento\/primera-charla-de-educacion-para-la-salud-en-caudete-diabetes-cuidados-y-prevencion\/"},"wordCount":291,"image":{"@id":"https:\/\/www.caudete.org\/ayuntamiento\/primera-charla-de-educacion-para-la-salud-en-caudete-diabetes-cuidados-y-prevencion\/#primaryimage"},"thumbnailUrl":"https:\/\/www.caudete.org\/ayuntamiento\/wp-content\/uploads\/2025\/12\/9dee22c5-aba4-4605-ad69-ce26ed38e66e.jpg","articleSection":["Sanidad"],"inLanguage":"es"},{"@type":"WebPage","@id":"https:\/\/www.caudete.org\/ayuntamiento\/primera-charla-de-educacion-para-la-salud-en-caudete-diabetes-cuidados-y-prevencion\/","url":"https:\/\/www.caudete.org\/ayuntamiento\/primera-charla-de-educacion-para-la-salud-en-caudete-diabetes-cuidados-y-prevencion\/","name":"Primera charla de educaci\u00f3n para la salud en Caudete: \u201cDiabetes, cuidados y prevenci\u00f3n\u201d - MI Ayuntamiento de Caudete","isPartOf":{"@id":"https:\/\/www.caudete.org\/ayuntamiento\/#website"},"primaryImageOfPage":{"@id":"https:\/\/www.caudete.org\/ayuntamiento\/primera-charla-de-educacion-para-la-salud-en-caudete-diabetes-cuidados-y-prevencion\/#primaryimage"},"image":{"@id":"https:\/\/www.caudete.org\/ayuntamiento\/primera-charla-de-educacion-para-la-salud-en-caudete-diabetes-cuidados-y-prevencion\/#primaryimage"},"thumbnailUrl":"https:\/\/www.caudete.org\/ayuntamiento\/wp-content\/uploads\/2025\/12\/9dee22c5-aba4-4605-ad69-ce26ed38e66e.jpg","datePublished":"2025-12-11T09:28:48+00:00","dateModified":"2025-12-11T10:37:02+00:00","author":{"@id":"https:\/\/www.caudete.org\/ayuntamiento\/#\/schema\/person\/abfa5ffd5010a14e078c21e6e61b6291"},"description":"P\u00e1gina Oficial del Ayuntamiento de Caudete (Albacete)","breadcrumb":{"@id":"https:\/\/www.caudete.org\/ayuntamiento\/primera-charla-de-educacion-para-la-salud-en-caudete-diabetes-cuidados-y-prevencion\/#breadcrumb"},"inLanguage":"es","potentialAction":[{"@type":"ReadAction","target":["https:\/\/www.caudete.org\/ayuntamiento\/primera-charla-de-educacion-para-la-salud-en-caudete-diabetes-cuidados-y-prevencion\/"]}]},{"@type":"ImageObject","inLanguage":"es","@id":"https:\/\/www.caudete.org\/ayuntamiento\/primera-charla-de-educacion-para-la-salud-en-caudete-diabetes-cuidados-y-prevencion\/#primaryimage","url":"https:\/\/www.caudete.org\/ayuntamiento\/wp-content\/uploads\/2025\/12\/9dee22c5-aba4-4605-ad69-ce26ed38e66e.jpg","contentUrl":"https:\/\/www.caudete.org\/ayuntamiento\/wp-content\/uploads\/2025\/12\/9dee22c5-aba4-4605-ad69-ce26ed38e66e.jpg","width":1000,"height":539},{"@type":"BreadcrumbList","@id":"https:\/\/www.caudete.org\/ayuntamiento\/primera-charla-de-educacion-para-la-salud-en-caudete-diabetes-cuidados-y-prevencion\/#breadcrumb","itemListElement":[{"@type":"ListItem","position":1,"name":"Inicio","item":"https:\/\/www.caudete.org\/ayuntamiento\/"},{"@type":"ListItem","position":2,"name":"Primera charla de educaci\u00f3n para la salud en Caudete: \u201cDiabetes, cuidados y prevenci\u00f3n\u201d"}]},{"@type":"WebSite","@id":"https:\/\/www.caudete.org\/ayuntamiento\/#website","url":"https:\/\/www.caudete.org\/ayuntamiento\/","name":"MI Ayuntamiento de Caudete","description":"P\u00e1gina Oficial del MI Ayuntamiento de Caudete","potentialAction":[{"@type":"SearchAction","target":{"@type":"EntryPoint","urlTemplate":"https:\/\/www.caudete.org\/ayuntamiento\/?s={search_term_string}"},"query-input":{"@type":"PropertyValueSpecification","valueRequired":true,"valueName":"search_term_string"}}],"inLanguage":"es"},{"@type":"Person","@id":"https:\/\/www.caudete.org\/ayuntamiento\/#\/schema\/person\/abfa5ffd5010a14e078c21e6e61b6291","name":"informatica2","image":{"@type":"ImageObject","inLanguage":"es","@id":"https:\/\/secure.gravatar.com\/avatar\/b089890ff033a3e4d03eec00ecb5a14425217205c513f60ec32ebeaaeb5fa700?s=96&d=mm&r=g","url":"https:\/\/secure.gravatar.com\/avatar\/b089890ff033a3e4d03eec00ecb5a14425217205c513f60ec32ebeaaeb5fa700?s=96&d=mm&r=g","contentUrl":"https:\/\/secure.gravatar.com\/avatar\/b089890ff033a3e4d03eec00ecb5a14425217205c513f60ec32ebeaaeb5fa700?s=96&d=mm&r=g","caption":"informatica2"},"url":"https:\/\/www.caudete.org\/ayuntamiento\/author\/informatica2\/"}]}},"_links":{"self":[{"href":"https:\/\/www.caudete.org\/ayuntamiento\/wp-json\/wp\/v2\/posts\/31844","targetHints":{"allow":["GET"]}}],"collection":[{"href":"https:\/\/www.caudete.org\/ayuntamiento\/wp-json\/wp\/v2\/posts"}],"about":[{"href":"https:\/\/www.caudete.org\/ayuntamiento\/wp-json\/wp\/v2\/types\/post"}],"author":[{"embeddable":true,"href":"https:\/\/www.caudete.org\/ayuntamiento\/wp-json\/wp\/v2\/users\/6"}],"replies":[{"embeddable":true,"href":"https:\/\/www.caudete.org\/ayuntamiento\/wp-json\/wp\/v2\/comments?post=31844"}],"version-history":[{"count":5,"href":"https:\/\/www.caudete.org\/ayuntamiento\/wp-json\/wp\/v2\/posts\/31844\/revisions"}],"predecessor-version":[{"id":31928,"href":"https:\/\/www.caudete.org\/ayuntamiento\/wp-json\/wp\/v2\/posts\/31844\/revisions\/31928"}],"wp:featuredmedia":[{"embeddable":true,"href":"https:\/\/www.caudete.org\/ayuntamiento\/wp-json\/wp\/v2\/media\/31845"}],"wp:attachment":[{"href":"https:\/\/www.caudete.org\/ayuntamiento\/wp-json\/wp\/v2\/media?parent=31844"}],"wp:term":[{"taxonomy":"category","embeddable":true,"href":"https:\/\/www.caudete.org\/ayuntamiento\/wp-json\/wp\/v2\/categories?post=31844"},{"taxonomy":"post_tag","embeddable":true,"href":"https:\/\/www.caudete.org\/ayuntamiento\/wp-json\/wp\/v2\/tags?post=31844"}],"curies":[{"name":"wp","href":"https:\/\/api.w.org\/{rel}","templated":true}]}}