{"id":31953,"date":"2025-12-17T09:30:34","date_gmt":"2025-12-17T08:30:34","guid":{"rendered":"https:\/\/www.caudete.org\/ayuntamiento\/?p=31953"},"modified":"2025-12-17T13:42:07","modified_gmt":"2025-12-17T12:42:07","slug":"calendario-de-recogida-de-enseres-en-caudete-para-2026-un-servicio-gratuito-para-todos","status":"publish","type":"post","link":"https:\/\/www.caudete.org\/ayuntamiento\/calendario-de-recogida-de-enseres-en-caudete-para-2026-un-servicio-gratuito-para-todos\/","title":{"rendered":"Calendario de recogida de enseres en Caudete para 2026: un servicio gratuito para todos"},"content":{"rendered":"<p style=\"text-align: justify;\" data-start=\"214\" data-end=\"503\">Desde la <strong data-start=\"223\" data-end=\"255\">Concejal\u00eda de Medio Ambiente<\/strong>, y su concejal <strong data-start=\"277\" data-end=\"313\">Francisco Jos\u00e9 Castell\u00f3 Castell\u00f3<\/strong>, se informa a todos los vecinos de que ya se encuentra disponible el <strong data-start=\"393\" data-end=\"447\">calendario de recogida de enseres para el a\u00f1o 2026<\/strong>, el cual se adjunta a este comunicado para su consulta.<\/p>\n<p style=\"text-align: justify;\" data-start=\"505\" data-end=\"751\">Durante el pr\u00f3ximo a\u00f1o se prestar\u00e1n <strong data-start=\"541\" data-end=\"580\">17 servicios de recogida de enseres<\/strong>, estableci\u00e9ndose un <strong data-start=\"601\" data-end=\"669\">servicio doble en los meses comprendidos entre mayo y septiembre<\/strong>, lo que supone una retirada <strong data-start=\"698\" data-end=\"714\">cada 15 d\u00edas<\/strong> durante el periodo de mayor demanda.<\/p>\n<p style=\"text-align: justify;\" data-start=\"753\" data-end=\"1018\">La recogida de enseres es un <strong data-start=\"782\" data-end=\"814\">servicio totalmente gratuito<\/strong>, que se realiza <strong data-start=\"831\" data-end=\"882\">previa llamada telef\u00f3nica al n\u00famero 967 216 141<\/strong>, donde se informar\u00e1 del procedimiento a seguir. Los d\u00edas asignados para cada zona ya vienen reflejados en el calendario que se adjunta.<\/p>\n<p style=\"text-align: justify;\" data-start=\"1020\" data-end=\"1215\">Una vez solicitado el servicio, los enseres deber\u00e1n depositarse en la v\u00eda p\u00fablica <strong data-start=\"1102\" data-end=\"1164\">el d\u00eda anterior a la recogida, a partir de las 22:00 horas<\/strong>, respetando siempre las indicaciones establecidas.<\/p>\n<p style=\"text-align: justify;\" data-start=\"1217\" data-end=\"1434\">Asimismo, se recuerda a la ciudadan\u00eda que Caudete dispone tambi\u00e9n de un <strong data-start=\"1289\" data-end=\"1312\">Ecoparque municipal<\/strong>, abierto <strong data-start=\"1322\" data-end=\"1345\">de martes a domingo<\/strong>, donde pueden depositarse distintos tipos de residuos de forma controlada y responsable.<\/p>\n<p style=\"text-align: justify;\" data-start=\"1436\" data-end=\"1716\">Desde la Concejal\u00eda de Medio Ambiente se insiste en la importancia de <strong data-start=\"1506\" data-end=\"1581\">no abandonar enseres fuera de los d\u00edas establecidos ni sin previo aviso<\/strong>, ya que un uso adecuado de los servicios municipales permite mejorar la imagen del municipio y aprovechar mejor los recursos p\u00fablicos.<\/p>\n<p style=\"text-align: justify;\" data-start=\"1436\" data-end=\"1716\"><a href=\"https:\/\/www.caudete.org\/ayuntamiento\/wp-content\/uploads\/2025\/12\/calendario_2026-3.png\" rel='prettyPhoto'><img fetchpriority=\"high\" decoding=\"async\" class=\"alignnone wp-image-31978 size-full\" src=\"https:\/\/www.caudete.org\/ayuntamiento\/wp-content\/uploads\/2025\/12\/calendario_2026-3.png\" alt=\"\" width=\"668\" height=\"773\" srcset=\"https:\/\/www.caudete.org\/ayuntamiento\/wp-content\/uploads\/2025\/12\/calendario_2026-3.png 668w, https:\/\/www.caudete.org\/ayuntamiento\/wp-content\/uploads\/2025\/12\/calendario_2026-3-190x220.png 190w\" sizes=\"(max-width: 668px) 100vw, 668px\" \/><\/a><\/p>\n","protected":false},"excerpt":{"rendered":"<p>Desde la Concejal\u00eda de Medio Ambiente, y su concejal Francisco Jos\u00e9 Castell\u00f3 Castell\u00f3, se informa a todos los vecinos de que ya se encuentra disponible el calendario de recogida de enseres para el a\u00f1o 2026, el cual se adjunta a este comunicado para su consulta. Durante el pr\u00f3ximo a\u00f1o se prestar\u00e1n 17 servicios de recogida &hellip;<\/p>\n","protected":false},"author":7,"featured_media":23965,"comment_status":"closed","ping_status":"open","sticky":false,"template":"","format":"standard","meta":{"ngg_post_thumbnail":0,"footnotes":""},"categories":[29],"tags":[],"class_list":["post-31953","post","type-post","status-publish","format-standard","has-post-thumbnail","hentry","category-medio-ambiente"],"yoast_head":"<!-- This site is optimized with the Yoast SEO plugin v27.5 - https:\/\/yoast.com\/product\/yoast-seo-wordpress\/ -->\n<title>Calendario de recogida de enseres en Caudete para 2026: un servicio gratuito para todos - MI Ayuntamiento de Caudete<\/title>\n<meta name=\"description\" content=\"P\u00e1gina Oficial del Ayuntamiento de Caudete (Albacete)\" \/>\n<meta name=\"robots\" content=\"index, follow, max-snippet:-1, max-image-preview:large, max-video-preview:-1\" \/>\n<link rel=\"canonical\" href=\"https:\/\/www.caudete.org\/ayuntamiento\/calendario-de-recogida-de-enseres-en-caudete-para-2026-un-servicio-gratuito-para-todos\/\" \/>\n<meta property=\"og:locale\" content=\"es_ES\" \/>\n<meta property=\"og:type\" content=\"article\" \/>\n<meta property=\"og:title\" content=\"Calendario de recogida de enseres en Caudete para 2026: un servicio gratuito para todos - MI Ayuntamiento de Caudete\" \/>\n<meta property=\"og:description\" content=\"P\u00e1gina Oficial del Ayuntamiento de Caudete (Albacete)\" \/>\n<meta property=\"og:url\" content=\"https:\/\/www.caudete.org\/ayuntamiento\/calendario-de-recogida-de-enseres-en-caudete-para-2026-un-servicio-gratuito-para-todos\/\" \/>\n<meta property=\"og:site_name\" content=\"MI Ayuntamiento de Caudete\" \/>\n<meta property=\"article:publisher\" content=\"https:\/\/www.facebook.com\/ayuntamientocaudete\/\" \/>\n<meta property=\"article:published_time\" content=\"2025-12-17T08:30:34+00:00\" \/>\n<meta property=\"article:modified_time\" content=\"2025-12-17T12:42:07+00:00\" \/>\n<meta property=\"og:image\" content=\"https:\/\/www.caudete.org\/ayuntamiento\/wp-content\/uploads\/2023\/12\/enseres.jpg\" \/>\n\t<meta property=\"og:image:width\" content=\"910\" \/>\n\t<meta property=\"og:image:height\" content=\"388\" \/>\n\t<meta property=\"og:image:type\" content=\"image\/jpeg\" \/>\n<meta name=\"author\" content=\"ConceMediosComunicacion\" \/>\n<meta name=\"twitter:card\" content=\"summary_large_image\" \/>\n<meta name=\"twitter:label1\" content=\"Escrito por\" \/>\n\t<meta name=\"twitter:data1\" content=\"ConceMediosComunicacion\" \/>\n\t<meta name=\"twitter:label2\" content=\"Tiempo de lectura\" \/>\n\t<meta name=\"twitter:data2\" content=\"2 minutos\" \/>\n<script type=\"application\/ld+json\" class=\"yoast-schema-graph\">{\"@context\":\"https:\\\/\\\/schema.org\",\"@graph\":[{\"@type\":\"Article\",\"@id\":\"https:\\\/\\\/www.caudete.org\\\/ayuntamiento\\\/calendario-de-recogida-de-enseres-en-caudete-para-2026-un-servicio-gratuito-para-todos\\\/#article\",\"isPartOf\":{\"@id\":\"https:\\\/\\\/www.caudete.org\\\/ayuntamiento\\\/calendario-de-recogida-de-enseres-en-caudete-para-2026-un-servicio-gratuito-para-todos\\\/\"},\"author\":{\"name\":\"ConceMediosComunicacion\",\"@id\":\"https:\\\/\\\/www.caudete.org\\\/ayuntamiento\\\/#\\\/schema\\\/person\\\/20dfe238fe5ee9d5f5e69267aa623e05\"},\"headline\":\"Calendario de recogida de enseres en Caudete para 2026: un servicio gratuito para todos\",\"datePublished\":\"2025-12-17T08:30:34+00:00\",\"dateModified\":\"2025-12-17T12:42:07+00:00\",\"mainEntityOfPage\":{\"@id\":\"https:\\\/\\\/www.caudete.org\\\/ayuntamiento\\\/calendario-de-recogida-de-enseres-en-caudete-para-2026-un-servicio-gratuito-para-todos\\\/\"},\"wordCount\":256,\"image\":{\"@id\":\"https:\\\/\\\/www.caudete.org\\\/ayuntamiento\\\/calendario-de-recogida-de-enseres-en-caudete-para-2026-un-servicio-gratuito-para-todos\\\/#primaryimage\"},\"thumbnailUrl\":\"https:\\\/\\\/www.caudete.org\\\/ayuntamiento\\\/wp-content\\\/uploads\\\/2023\\\/12\\\/enseres.jpg\",\"articleSection\":[\"Medio Ambiente\"],\"inLanguage\":\"es\"},{\"@type\":\"WebPage\",\"@id\":\"https:\\\/\\\/www.caudete.org\\\/ayuntamiento\\\/calendario-de-recogida-de-enseres-en-caudete-para-2026-un-servicio-gratuito-para-todos\\\/\",\"url\":\"https:\\\/\\\/www.caudete.org\\\/ayuntamiento\\\/calendario-de-recogida-de-enseres-en-caudete-para-2026-un-servicio-gratuito-para-todos\\\/\",\"name\":\"Calendario de recogida de enseres en Caudete para 2026: un servicio gratuito para todos - MI Ayuntamiento de Caudete\",\"isPartOf\":{\"@id\":\"https:\\\/\\\/www.caudete.org\\\/ayuntamiento\\\/#website\"},\"primaryImageOfPage\":{\"@id\":\"https:\\\/\\\/www.caudete.org\\\/ayuntamiento\\\/calendario-de-recogida-de-enseres-en-caudete-para-2026-un-servicio-gratuito-para-todos\\\/#primaryimage\"},\"image\":{\"@id\":\"https:\\\/\\\/www.caudete.org\\\/ayuntamiento\\\/calendario-de-recogida-de-enseres-en-caudete-para-2026-un-servicio-gratuito-para-todos\\\/#primaryimage\"},\"thumbnailUrl\":\"https:\\\/\\\/www.caudete.org\\\/ayuntamiento\\\/wp-content\\\/uploads\\\/2023\\\/12\\\/enseres.jpg\",\"datePublished\":\"2025-12-17T08:30:34+00:00\",\"dateModified\":\"2025-12-17T12:42:07+00:00\",\"author\":{\"@id\":\"https:\\\/\\\/www.caudete.org\\\/ayuntamiento\\\/#\\\/schema\\\/person\\\/20dfe238fe5ee9d5f5e69267aa623e05\"},\"description\":\"P\u00e1gina Oficial del Ayuntamiento de Caudete (Albacete)\",\"breadcrumb\":{\"@id\":\"https:\\\/\\\/www.caudete.org\\\/ayuntamiento\\\/calendario-de-recogida-de-enseres-en-caudete-para-2026-un-servicio-gratuito-para-todos\\\/#breadcrumb\"},\"inLanguage\":\"es\",\"potentialAction\":[{\"@type\":\"ReadAction\",\"target\":[\"https:\\\/\\\/www.caudete.org\\\/ayuntamiento\\\/calendario-de-recogida-de-enseres-en-caudete-para-2026-un-servicio-gratuito-para-todos\\\/\"]}]},{\"@type\":\"ImageObject\",\"inLanguage\":\"es\",\"@id\":\"https:\\\/\\\/www.caudete.org\\\/ayuntamiento\\\/calendario-de-recogida-de-enseres-en-caudete-para-2026-un-servicio-gratuito-para-todos\\\/#primaryimage\",\"url\":\"https:\\\/\\\/www.caudete.org\\\/ayuntamiento\\\/wp-content\\\/uploads\\\/2023\\\/12\\\/enseres.jpg\",\"contentUrl\":\"https:\\\/\\\/www.caudete.org\\\/ayuntamiento\\\/wp-content\\\/uploads\\\/2023\\\/12\\\/enseres.jpg\",\"width\":910,\"height\":388},{\"@type\":\"BreadcrumbList\",\"@id\":\"https:\\\/\\\/www.caudete.org\\\/ayuntamiento\\\/calendario-de-recogida-de-enseres-en-caudete-para-2026-un-servicio-gratuito-para-todos\\\/#breadcrumb\",\"itemListElement\":[{\"@type\":\"ListItem\",\"position\":1,\"name\":\"Inicio\",\"item\":\"https:\\\/\\\/www.caudete.org\\\/ayuntamiento\\\/\"},{\"@type\":\"ListItem\",\"position\":2,\"name\":\"Calendario de recogida de enseres en Caudete para 2026: un servicio gratuito para todos\"}]},{\"@type\":\"WebSite\",\"@id\":\"https:\\\/\\\/www.caudete.org\\\/ayuntamiento\\\/#website\",\"url\":\"https:\\\/\\\/www.caudete.org\\\/ayuntamiento\\\/\",\"name\":\"MI Ayuntamiento de Caudete\",\"description\":\"P\u00e1gina Oficial del MI Ayuntamiento de Caudete\",\"potentialAction\":[{\"@type\":\"SearchAction\",\"target\":{\"@type\":\"EntryPoint\",\"urlTemplate\":\"https:\\\/\\\/www.caudete.org\\\/ayuntamiento\\\/?s={search_term_string}\"},\"query-input\":{\"@type\":\"PropertyValueSpecification\",\"valueRequired\":true,\"valueName\":\"search_term_string\"}}],\"inLanguage\":\"es\"},{\"@type\":\"Person\",\"@id\":\"https:\\\/\\\/www.caudete.org\\\/ayuntamiento\\\/#\\\/schema\\\/person\\\/20dfe238fe5ee9d5f5e69267aa623e05\",\"name\":\"ConceMediosComunicacion\",\"image\":{\"@type\":\"ImageObject\",\"inLanguage\":\"es\",\"@id\":\"https:\\\/\\\/secure.gravatar.com\\\/avatar\\\/9d162043ba1cd4ab14413e29fdb3655bfccde37e65ca99013604f8d2a19c636d?s=96&d=mm&r=g\",\"url\":\"https:\\\/\\\/secure.gravatar.com\\\/avatar\\\/9d162043ba1cd4ab14413e29fdb3655bfccde37e65ca99013604f8d2a19c636d?s=96&d=mm&r=g\",\"contentUrl\":\"https:\\\/\\\/secure.gravatar.com\\\/avatar\\\/9d162043ba1cd4ab14413e29fdb3655bfccde37e65ca99013604f8d2a19c636d?s=96&d=mm&r=g\",\"caption\":\"ConceMediosComunicacion\"},\"url\":\"https:\\\/\\\/www.caudete.org\\\/ayuntamiento\\\/author\\\/concemedioscomunicacion\\\/\"}]}<\/script>\n<!-- \/ Yoast SEO plugin. -->","yoast_head_json":{"title":"Calendario de recogida de enseres en Caudete para 2026: un servicio gratuito para todos - MI Ayuntamiento de Caudete","description":"P\u00e1gina Oficial del Ayuntamiento de Caudete (Albacete)","robots":{"index":"index","follow":"follow","max-snippet":"max-snippet:-1","max-image-preview":"max-image-preview:large","max-video-preview":"max-video-preview:-1"},"canonical":"https:\/\/www.caudete.org\/ayuntamiento\/calendario-de-recogida-de-enseres-en-caudete-para-2026-un-servicio-gratuito-para-todos\/","og_locale":"es_ES","og_type":"article","og_title":"Calendario de recogida de enseres en Caudete para 2026: un servicio gratuito para todos - MI Ayuntamiento de Caudete","og_description":"P\u00e1gina Oficial del Ayuntamiento de Caudete (Albacete)","og_url":"https:\/\/www.caudete.org\/ayuntamiento\/calendario-de-recogida-de-enseres-en-caudete-para-2026-un-servicio-gratuito-para-todos\/","og_site_name":"MI Ayuntamiento de Caudete","article_publisher":"https:\/\/www.facebook.com\/ayuntamientocaudete\/","article_published_time":"2025-12-17T08:30:34+00:00","article_modified_time":"2025-12-17T12:42:07+00:00","og_image":[{"width":910,"height":388,"url":"https:\/\/www.caudete.org\/ayuntamiento\/wp-content\/uploads\/2023\/12\/enseres.jpg","type":"image\/jpeg"}],"author":"ConceMediosComunicacion","twitter_card":"summary_large_image","twitter_misc":{"Escrito por":"ConceMediosComunicacion","Tiempo de lectura":"2 minutos"},"schema":{"@context":"https:\/\/schema.org","@graph":[{"@type":"Article","@id":"https:\/\/www.caudete.org\/ayuntamiento\/calendario-de-recogida-de-enseres-en-caudete-para-2026-un-servicio-gratuito-para-todos\/#article","isPartOf":{"@id":"https:\/\/www.caudete.org\/ayuntamiento\/calendario-de-recogida-de-enseres-en-caudete-para-2026-un-servicio-gratuito-para-todos\/"},"author":{"name":"ConceMediosComunicacion","@id":"https:\/\/www.caudete.org\/ayuntamiento\/#\/schema\/person\/20dfe238fe5ee9d5f5e69267aa623e05"},"headline":"Calendario de recogida de enseres en Caudete para 2026: un servicio gratuito para todos","datePublished":"2025-12-17T08:30:34+00:00","dateModified":"2025-12-17T12:42:07+00:00","mainEntityOfPage":{"@id":"https:\/\/www.caudete.org\/ayuntamiento\/calendario-de-recogida-de-enseres-en-caudete-para-2026-un-servicio-gratuito-para-todos\/"},"wordCount":256,"image":{"@id":"https:\/\/www.caudete.org\/ayuntamiento\/calendario-de-recogida-de-enseres-en-caudete-para-2026-un-servicio-gratuito-para-todos\/#primaryimage"},"thumbnailUrl":"https:\/\/www.caudete.org\/ayuntamiento\/wp-content\/uploads\/2023\/12\/enseres.jpg","articleSection":["Medio Ambiente"],"inLanguage":"es"},{"@type":"WebPage","@id":"https:\/\/www.caudete.org\/ayuntamiento\/calendario-de-recogida-de-enseres-en-caudete-para-2026-un-servicio-gratuito-para-todos\/","url":"https:\/\/www.caudete.org\/ayuntamiento\/calendario-de-recogida-de-enseres-en-caudete-para-2026-un-servicio-gratuito-para-todos\/","name":"Calendario de recogida de enseres en Caudete para 2026: un servicio gratuito para todos - MI Ayuntamiento de Caudete","isPartOf":{"@id":"https:\/\/www.caudete.org\/ayuntamiento\/#website"},"primaryImageOfPage":{"@id":"https:\/\/www.caudete.org\/ayuntamiento\/calendario-de-recogida-de-enseres-en-caudete-para-2026-un-servicio-gratuito-para-todos\/#primaryimage"},"image":{"@id":"https:\/\/www.caudete.org\/ayuntamiento\/calendario-de-recogida-de-enseres-en-caudete-para-2026-un-servicio-gratuito-para-todos\/#primaryimage"},"thumbnailUrl":"https:\/\/www.caudete.org\/ayuntamiento\/wp-content\/uploads\/2023\/12\/enseres.jpg","datePublished":"2025-12-17T08:30:34+00:00","dateModified":"2025-12-17T12:42:07+00:00","author":{"@id":"https:\/\/www.caudete.org\/ayuntamiento\/#\/schema\/person\/20dfe238fe5ee9d5f5e69267aa623e05"},"description":"P\u00e1gina Oficial del Ayuntamiento de Caudete (Albacete)","breadcrumb":{"@id":"https:\/\/www.caudete.org\/ayuntamiento\/calendario-de-recogida-de-enseres-en-caudete-para-2026-un-servicio-gratuito-para-todos\/#breadcrumb"},"inLanguage":"es","potentialAction":[{"@type":"ReadAction","target":["https:\/\/www.caudete.org\/ayuntamiento\/calendario-de-recogida-de-enseres-en-caudete-para-2026-un-servicio-gratuito-para-todos\/"]}]},{"@type":"ImageObject","inLanguage":"es","@id":"https:\/\/www.caudete.org\/ayuntamiento\/calendario-de-recogida-de-enseres-en-caudete-para-2026-un-servicio-gratuito-para-todos\/#primaryimage","url":"https:\/\/www.caudete.org\/ayuntamiento\/wp-content\/uploads\/2023\/12\/enseres.jpg","contentUrl":"https:\/\/www.caudete.org\/ayuntamiento\/wp-content\/uploads\/2023\/12\/enseres.jpg","width":910,"height":388},{"@type":"BreadcrumbList","@id":"https:\/\/www.caudete.org\/ayuntamiento\/calendario-de-recogida-de-enseres-en-caudete-para-2026-un-servicio-gratuito-para-todos\/#breadcrumb","itemListElement":[{"@type":"ListItem","position":1,"name":"Inicio","item":"https:\/\/www.caudete.org\/ayuntamiento\/"},{"@type":"ListItem","position":2,"name":"Calendario de recogida de enseres en Caudete para 2026: un servicio gratuito para todos"}]},{"@type":"WebSite","@id":"https:\/\/www.caudete.org\/ayuntamiento\/#website","url":"https:\/\/www.caudete.org\/ayuntamiento\/","name":"MI Ayuntamiento de Caudete","description":"P\u00e1gina Oficial del MI Ayuntamiento de Caudete","potentialAction":[{"@type":"SearchAction","target":{"@type":"EntryPoint","urlTemplate":"https:\/\/www.caudete.org\/ayuntamiento\/?s={search_term_string}"},"query-input":{"@type":"PropertyValueSpecification","valueRequired":true,"valueName":"search_term_string"}}],"inLanguage":"es"},{"@type":"Person","@id":"https:\/\/www.caudete.org\/ayuntamiento\/#\/schema\/person\/20dfe238fe5ee9d5f5e69267aa623e05","name":"ConceMediosComunicacion","image":{"@type":"ImageObject","inLanguage":"es","@id":"https:\/\/secure.gravatar.com\/avatar\/9d162043ba1cd4ab14413e29fdb3655bfccde37e65ca99013604f8d2a19c636d?s=96&d=mm&r=g","url":"https:\/\/secure.gravatar.com\/avatar\/9d162043ba1cd4ab14413e29fdb3655bfccde37e65ca99013604f8d2a19c636d?s=96&d=mm&r=g","contentUrl":"https:\/\/secure.gravatar.com\/avatar\/9d162043ba1cd4ab14413e29fdb3655bfccde37e65ca99013604f8d2a19c636d?s=96&d=mm&r=g","caption":"ConceMediosComunicacion"},"url":"https:\/\/www.caudete.org\/ayuntamiento\/author\/concemedioscomunicacion\/"}]}},"_links":{"self":[{"href":"https:\/\/www.caudete.org\/ayuntamiento\/wp-json\/wp\/v2\/posts\/31953","targetHints":{"allow":["GET"]}}],"collection":[{"href":"https:\/\/www.caudete.org\/ayuntamiento\/wp-json\/wp\/v2\/posts"}],"about":[{"href":"https:\/\/www.caudete.org\/ayuntamiento\/wp-json\/wp\/v2\/types\/post"}],"author":[{"embeddable":true,"href":"https:\/\/www.caudete.org\/ayuntamiento\/wp-json\/wp\/v2\/users\/7"}],"replies":[{"embeddable":true,"href":"https:\/\/www.caudete.org\/ayuntamiento\/wp-json\/wp\/v2\/comments?post=31953"}],"version-history":[{"count":3,"href":"https:\/\/www.caudete.org\/ayuntamiento\/wp-json\/wp\/v2\/posts\/31953\/revisions"}],"predecessor-version":[{"id":31979,"href":"https:\/\/www.caudete.org\/ayuntamiento\/wp-json\/wp\/v2\/posts\/31953\/revisions\/31979"}],"wp:featuredmedia":[{"embeddable":true,"href":"https:\/\/www.caudete.org\/ayuntamiento\/wp-json\/wp\/v2\/media\/23965"}],"wp:attachment":[{"href":"https:\/\/www.caudete.org\/ayuntamiento\/wp-json\/wp\/v2\/media?parent=31953"}],"wp:term":[{"taxonomy":"category","embeddable":true,"href":"https:\/\/www.caudete.org\/ayuntamiento\/wp-json\/wp\/v2\/categories?post=31953"},{"taxonomy":"post_tag","embeddable":true,"href":"https:\/\/www.caudete.org\/ayuntamiento\/wp-json\/wp\/v2\/tags?post=31953"}],"curies":[{"name":"wp","href":"https:\/\/api.w.org\/{rel}","templated":true}]}}