{"id":31973,"date":"2025-12-17T12:03:52","date_gmt":"2025-12-17T11:03:52","guid":{"rendered":"https:\/\/www.caudete.org\/ayuntamiento\/?p=31973"},"modified":"2025-12-23T08:40:20","modified_gmt":"2025-12-23T07:40:20","slug":"campana-mayoria-de-edad-de-donacion-de-sangre-en-caudete","status":"publish","type":"post","link":"https:\/\/www.caudete.org\/ayuntamiento\/campana-mayoria-de-edad-de-donacion-de-sangre-en-caudete\/","title":{"rendered":"Campa\u00f1a &#8220;Mayor\u00eda de Edad&#8221; de donaci\u00f3n de sangre en Caudete"},"content":{"rendered":"<p style=\"text-align: justify;\">La Concejal\u00eda de Sanidad apoya y colabora en una campa\u00f1a para fomentar la donaci\u00f3n de sangre entre j\u00f3venes que cumplen sus 18 a\u00f1os de edad.<\/p>\n<p style=\"text-align: justify;\">La <span style=\"font-size: medium;\"><b>Concejal\u00eda de Sanidad del Muy Ilustre Ayuntamiento de Caudete<\/b><\/span><span style=\"font-size: medium;\">, dirigida por <\/span><span style=\"font-size: medium;\"><b>Mar\u00eda Mart\u00ednez Garc\u00eda<\/b><\/span><span style=\"font-size: medium;\">, apoya y colabora en una campa\u00f1a informativa dirigida a los j\u00f3venes del municipio que alcanzan la mayor\u00eda de edad, con el objetivo de concienciar sobre la importancia de la donaci\u00f3n de sangre como un gesto solidario y esencial para la salud p\u00fablica.<\/span><\/p>\n<p style=\"text-align: justify;\">Con motivo del cumplimiento de los 18 a\u00f1os, desde la Concejal\u00eda se est\u00e1 enviando una carta personal a los j\u00f3venes caudetanos para informarles de que, a partir de esta edad, ya pueden donar sangre de forma voluntaria, segura y responsable, contribuyendo as\u00ed a salvar vidas y a garantizar el abastecimiento necesario en los centros sanitarios.<\/p>\n<p style=\"text-align: justify;\">Esta iniciativa se lleva a cabo en colaboraci\u00f3n con la <span style=\"font-size: medium;\"><b>Hermandad de Donantes de Sangre de Albacete<\/b><\/span><span style=\"font-size: medium;\">, el <\/span><span style=\"font-size: medium;\"><b>Hospital General Universitario de Albacete<\/b><\/span><span style=\"font-size: medium;\"> y el <\/span><span style=\"font-size: medium;\"><b>Centro de Transfusi\u00f3n de Albacete y Cuenca<\/b><\/span><span style=\"font-size: medium;\">, e incluye tambi\u00e9n informaci\u00f3n sobre la posibilidad de inscribirse en el <\/span><span style=\"font-size: medium;\"><b>Registro de Donantes de M\u00e9dula \u00d3sea (REDMO)<\/b><\/span><span style=\"font-size: medium;\"> de la Fundaci\u00f3n Josep Carreras contra la Leucemia.<\/span><\/p>\n<p style=\"text-align: justify;\">Desde la Concejal\u00eda de Sanidad se subraya que la donaci\u00f3n de sangre es un acto sencillo que apenas requiere unos minutos y que puede resultar fundamental tanto en situaciones de urgencia como en tratamientos m\u00e9dicos habituales. Con esta campa\u00f1a se pretende fomentar valores de compromiso, solidaridad y responsabilidad social entre la poblaci\u00f3n joven del municipio.<\/p>\n<p style=\"text-align: justify;\">Para ampliar informaci\u00f3n sobre la donaci\u00f3n de sangre, las personas interesadas pueden consultar la web <span style=\"font-size: medium;\"><b>www.donantesdealbacete.org<\/b><\/span><span style=\"font-size: medium;\">, llamar a los tel\u00e9fonos <\/span><span style=\"font-size: medium;\"><b>967 24 30 72<\/b><\/span><span style=\"font-size: medium;\"> o <\/span><span style=\"font-size: medium;\"><b>695 585 314<\/b><\/span><span style=\"font-size: medium;\">, o escribir al correo electr\u00f3nico <\/span><span style=\"color: #467886;\"><u><a href=\"mailto:donantes@donantesdealbacete.org\" target=\"_blank\" rel=\"nofollow\"><span style=\"font-size: medium;\"><b>donantes@donantesdealbacete.org<\/b><\/span><\/a><\/u><\/span><span style=\"font-size: medium;\">.<\/span><\/p>\n<p style=\"text-align: justify;\"><b>Pr\u00f3xima donaci\u00f3n de sangre el lunes 22 de diciembre en el espacio municipal de la Sala del Ayuntamiento, horario de 17:30h a 21:00 h. <\/b><\/p>\n<p style=\"text-align: justify;\">Delegado local: Javier Puche Ba\u00f1\u00f3n, animador Socio-Cultural del Centro de Mayores.\u00a0<strong><span style=\"color: #000000;\"><span style=\"font-size: medium;\"><span lang=\"en-US\">96582 79 33<\/span><\/span><\/span><\/strong><span style=\"color: #000000;\"><span style=\"font-size: medium;\"><span lang=\"en-US\">\u00a0(Ext.603)<br \/>\n<\/span><\/span><\/span><b> <\/b><span style=\"color: #467886;\"><u><a href=\"https:\/\/www.caudete.org\/ayuntamiento\/sanidad-donaciones-de-sangre\/\"><span style=\"font-size: medium;\"><span lang=\"en-US\"><b>https:\/\/www.caudete.org\/ayuntamiento\/sanidad-donaciones-de-sangre\/<\/b><\/span><\/span><\/a><\/u><\/span><b> <\/b><\/p>\n","protected":false},"excerpt":{"rendered":"<p>La Concejal\u00eda de Sanidad apoya y colabora en una campa\u00f1a para fomentar la donaci\u00f3n de sangre entre j\u00f3venes que cumplen sus 18 a\u00f1os de edad. La Concejal\u00eda de Sanidad del Muy Ilustre Ayuntamiento de Caudete, dirigida por Mar\u00eda Mart\u00ednez Garc\u00eda, apoya y colabora en una campa\u00f1a informativa dirigida a los j\u00f3venes del municipio que alcanzan &hellip;<\/p>\n","protected":false},"author":6,"featured_media":32038,"comment_status":"closed","ping_status":"open","sticky":false,"template":"","format":"standard","meta":{"ngg_post_thumbnail":0,"footnotes":""},"categories":[16],"tags":[],"class_list":["post-31973","post","type-post","status-publish","format-standard","has-post-thumbnail","hentry","category-sanidad"],"yoast_head":"<!-- This site is optimized with the Yoast SEO plugin v27.5 - https:\/\/yoast.com\/product\/yoast-seo-wordpress\/ -->\n<title>Campa\u00f1a &quot;Mayor\u00eda de Edad&quot; de donaci\u00f3n de sangre en Caudete - MI Ayuntamiento de Caudete<\/title>\n<meta name=\"description\" content=\"P\u00e1gina Oficial del Ayuntamiento de Caudete (Albacete)\" \/>\n<meta name=\"robots\" content=\"index, follow, max-snippet:-1, max-image-preview:large, max-video-preview:-1\" \/>\n<link rel=\"canonical\" href=\"https:\/\/www.caudete.org\/ayuntamiento\/campana-mayoria-de-edad-de-donacion-de-sangre-en-caudete\/\" \/>\n<meta property=\"og:locale\" content=\"es_ES\" \/>\n<meta property=\"og:type\" content=\"article\" \/>\n<meta property=\"og:title\" content=\"Campa\u00f1a &quot;Mayor\u00eda de Edad&quot; de donaci\u00f3n de sangre en Caudete - MI Ayuntamiento de Caudete\" \/>\n<meta property=\"og:description\" content=\"P\u00e1gina Oficial del Ayuntamiento de Caudete (Albacete)\" \/>\n<meta property=\"og:url\" content=\"https:\/\/www.caudete.org\/ayuntamiento\/campana-mayoria-de-edad-de-donacion-de-sangre-en-caudete\/\" \/>\n<meta property=\"og:site_name\" content=\"MI Ayuntamiento de Caudete\" \/>\n<meta property=\"article:publisher\" content=\"https:\/\/www.facebook.com\/ayuntamientocaudete\/\" \/>\n<meta property=\"article:published_time\" content=\"2025-12-17T11:03:52+00:00\" \/>\n<meta property=\"article:modified_time\" content=\"2025-12-23T07:40:20+00:00\" \/>\n<meta property=\"og:image\" content=\"https:\/\/www.caudete.org\/ayuntamiento\/wp-content\/uploads\/2025\/12\/DonacionPort.jpg\" \/>\n\t<meta property=\"og:image:width\" content=\"1000\" \/>\n\t<meta property=\"og:image:height\" content=\"440\" \/>\n\t<meta property=\"og:image:type\" content=\"image\/jpeg\" \/>\n<meta name=\"author\" content=\"informatica2\" \/>\n<meta name=\"twitter:card\" content=\"summary_large_image\" \/>\n<meta name=\"twitter:label1\" content=\"Escrito por\" \/>\n\t<meta name=\"twitter:data1\" content=\"informatica2\" \/>\n\t<meta name=\"twitter:label2\" content=\"Tiempo de lectura\" \/>\n\t<meta name=\"twitter:data2\" content=\"2 minutos\" \/>\n<script type=\"application\/ld+json\" class=\"yoast-schema-graph\">{\"@context\":\"https:\\\/\\\/schema.org\",\"@graph\":[{\"@type\":\"Article\",\"@id\":\"https:\\\/\\\/www.caudete.org\\\/ayuntamiento\\\/campana-mayoria-de-edad-de-donacion-de-sangre-en-caudete\\\/#article\",\"isPartOf\":{\"@id\":\"https:\\\/\\\/www.caudete.org\\\/ayuntamiento\\\/campana-mayoria-de-edad-de-donacion-de-sangre-en-caudete\\\/\"},\"author\":{\"name\":\"informatica2\",\"@id\":\"https:\\\/\\\/www.caudete.org\\\/ayuntamiento\\\/#\\\/schema\\\/person\\\/abfa5ffd5010a14e078c21e6e61b6291\"},\"headline\":\"Campa\u00f1a &#8220;Mayor\u00eda de Edad&#8221; de donaci\u00f3n de sangre en Caudete\",\"datePublished\":\"2025-12-17T11:03:52+00:00\",\"dateModified\":\"2025-12-23T07:40:20+00:00\",\"mainEntityOfPage\":{\"@id\":\"https:\\\/\\\/www.caudete.org\\\/ayuntamiento\\\/campana-mayoria-de-edad-de-donacion-de-sangre-en-caudete\\\/\"},\"wordCount\":367,\"image\":{\"@id\":\"https:\\\/\\\/www.caudete.org\\\/ayuntamiento\\\/campana-mayoria-de-edad-de-donacion-de-sangre-en-caudete\\\/#primaryimage\"},\"thumbnailUrl\":\"https:\\\/\\\/www.caudete.org\\\/ayuntamiento\\\/wp-content\\\/uploads\\\/2025\\\/12\\\/DonacionPort.jpg\",\"articleSection\":[\"Sanidad\"],\"inLanguage\":\"es\"},{\"@type\":\"WebPage\",\"@id\":\"https:\\\/\\\/www.caudete.org\\\/ayuntamiento\\\/campana-mayoria-de-edad-de-donacion-de-sangre-en-caudete\\\/\",\"url\":\"https:\\\/\\\/www.caudete.org\\\/ayuntamiento\\\/campana-mayoria-de-edad-de-donacion-de-sangre-en-caudete\\\/\",\"name\":\"Campa\u00f1a \\\"Mayor\u00eda de Edad\\\" de donaci\u00f3n de sangre en Caudete - MI Ayuntamiento de Caudete\",\"isPartOf\":{\"@id\":\"https:\\\/\\\/www.caudete.org\\\/ayuntamiento\\\/#website\"},\"primaryImageOfPage\":{\"@id\":\"https:\\\/\\\/www.caudete.org\\\/ayuntamiento\\\/campana-mayoria-de-edad-de-donacion-de-sangre-en-caudete\\\/#primaryimage\"},\"image\":{\"@id\":\"https:\\\/\\\/www.caudete.org\\\/ayuntamiento\\\/campana-mayoria-de-edad-de-donacion-de-sangre-en-caudete\\\/#primaryimage\"},\"thumbnailUrl\":\"https:\\\/\\\/www.caudete.org\\\/ayuntamiento\\\/wp-content\\\/uploads\\\/2025\\\/12\\\/DonacionPort.jpg\",\"datePublished\":\"2025-12-17T11:03:52+00:00\",\"dateModified\":\"2025-12-23T07:40:20+00:00\",\"author\":{\"@id\":\"https:\\\/\\\/www.caudete.org\\\/ayuntamiento\\\/#\\\/schema\\\/person\\\/abfa5ffd5010a14e078c21e6e61b6291\"},\"description\":\"P\u00e1gina Oficial del Ayuntamiento de Caudete (Albacete)\",\"breadcrumb\":{\"@id\":\"https:\\\/\\\/www.caudete.org\\\/ayuntamiento\\\/campana-mayoria-de-edad-de-donacion-de-sangre-en-caudete\\\/#breadcrumb\"},\"inLanguage\":\"es\",\"potentialAction\":[{\"@type\":\"ReadAction\",\"target\":[\"https:\\\/\\\/www.caudete.org\\\/ayuntamiento\\\/campana-mayoria-de-edad-de-donacion-de-sangre-en-caudete\\\/\"]}]},{\"@type\":\"ImageObject\",\"inLanguage\":\"es\",\"@id\":\"https:\\\/\\\/www.caudete.org\\\/ayuntamiento\\\/campana-mayoria-de-edad-de-donacion-de-sangre-en-caudete\\\/#primaryimage\",\"url\":\"https:\\\/\\\/www.caudete.org\\\/ayuntamiento\\\/wp-content\\\/uploads\\\/2025\\\/12\\\/DonacionPort.jpg\",\"contentUrl\":\"https:\\\/\\\/www.caudete.org\\\/ayuntamiento\\\/wp-content\\\/uploads\\\/2025\\\/12\\\/DonacionPort.jpg\",\"width\":1000,\"height\":440},{\"@type\":\"BreadcrumbList\",\"@id\":\"https:\\\/\\\/www.caudete.org\\\/ayuntamiento\\\/campana-mayoria-de-edad-de-donacion-de-sangre-en-caudete\\\/#breadcrumb\",\"itemListElement\":[{\"@type\":\"ListItem\",\"position\":1,\"name\":\"Inicio\",\"item\":\"https:\\\/\\\/www.caudete.org\\\/ayuntamiento\\\/\"},{\"@type\":\"ListItem\",\"position\":2,\"name\":\"Campa\u00f1a &#8220;Mayor\u00eda de Edad&#8221; de donaci\u00f3n de sangre en Caudete\"}]},{\"@type\":\"WebSite\",\"@id\":\"https:\\\/\\\/www.caudete.org\\\/ayuntamiento\\\/#website\",\"url\":\"https:\\\/\\\/www.caudete.org\\\/ayuntamiento\\\/\",\"name\":\"MI Ayuntamiento de Caudete\",\"description\":\"P\u00e1gina Oficial del MI Ayuntamiento de Caudete\",\"potentialAction\":[{\"@type\":\"SearchAction\",\"target\":{\"@type\":\"EntryPoint\",\"urlTemplate\":\"https:\\\/\\\/www.caudete.org\\\/ayuntamiento\\\/?s={search_term_string}\"},\"query-input\":{\"@type\":\"PropertyValueSpecification\",\"valueRequired\":true,\"valueName\":\"search_term_string\"}}],\"inLanguage\":\"es\"},{\"@type\":\"Person\",\"@id\":\"https:\\\/\\\/www.caudete.org\\\/ayuntamiento\\\/#\\\/schema\\\/person\\\/abfa5ffd5010a14e078c21e6e61b6291\",\"name\":\"informatica2\",\"image\":{\"@type\":\"ImageObject\",\"inLanguage\":\"es\",\"@id\":\"https:\\\/\\\/secure.gravatar.com\\\/avatar\\\/b089890ff033a3e4d03eec00ecb5a14425217205c513f60ec32ebeaaeb5fa700?s=96&d=mm&r=g\",\"url\":\"https:\\\/\\\/secure.gravatar.com\\\/avatar\\\/b089890ff033a3e4d03eec00ecb5a14425217205c513f60ec32ebeaaeb5fa700?s=96&d=mm&r=g\",\"contentUrl\":\"https:\\\/\\\/secure.gravatar.com\\\/avatar\\\/b089890ff033a3e4d03eec00ecb5a14425217205c513f60ec32ebeaaeb5fa700?s=96&d=mm&r=g\",\"caption\":\"informatica2\"},\"url\":\"https:\\\/\\\/www.caudete.org\\\/ayuntamiento\\\/author\\\/informatica2\\\/\"}]}<\/script>\n<!-- \/ Yoast SEO plugin. -->","yoast_head_json":{"title":"Campa\u00f1a \"Mayor\u00eda de Edad\" de donaci\u00f3n de sangre en Caudete - MI Ayuntamiento de Caudete","description":"P\u00e1gina Oficial del Ayuntamiento de Caudete (Albacete)","robots":{"index":"index","follow":"follow","max-snippet":"max-snippet:-1","max-image-preview":"max-image-preview:large","max-video-preview":"max-video-preview:-1"},"canonical":"https:\/\/www.caudete.org\/ayuntamiento\/campana-mayoria-de-edad-de-donacion-de-sangre-en-caudete\/","og_locale":"es_ES","og_type":"article","og_title":"Campa\u00f1a \"Mayor\u00eda de Edad\" de donaci\u00f3n de sangre en Caudete - MI Ayuntamiento de Caudete","og_description":"P\u00e1gina Oficial del Ayuntamiento de Caudete (Albacete)","og_url":"https:\/\/www.caudete.org\/ayuntamiento\/campana-mayoria-de-edad-de-donacion-de-sangre-en-caudete\/","og_site_name":"MI Ayuntamiento de Caudete","article_publisher":"https:\/\/www.facebook.com\/ayuntamientocaudete\/","article_published_time":"2025-12-17T11:03:52+00:00","article_modified_time":"2025-12-23T07:40:20+00:00","og_image":[{"width":1000,"height":440,"url":"https:\/\/www.caudete.org\/ayuntamiento\/wp-content\/uploads\/2025\/12\/DonacionPort.jpg","type":"image\/jpeg"}],"author":"informatica2","twitter_card":"summary_large_image","twitter_misc":{"Escrito por":"informatica2","Tiempo de lectura":"2 minutos"},"schema":{"@context":"https:\/\/schema.org","@graph":[{"@type":"Article","@id":"https:\/\/www.caudete.org\/ayuntamiento\/campana-mayoria-de-edad-de-donacion-de-sangre-en-caudete\/#article","isPartOf":{"@id":"https:\/\/www.caudete.org\/ayuntamiento\/campana-mayoria-de-edad-de-donacion-de-sangre-en-caudete\/"},"author":{"name":"informatica2","@id":"https:\/\/www.caudete.org\/ayuntamiento\/#\/schema\/person\/abfa5ffd5010a14e078c21e6e61b6291"},"headline":"Campa\u00f1a &#8220;Mayor\u00eda de Edad&#8221; de donaci\u00f3n de sangre en Caudete","datePublished":"2025-12-17T11:03:52+00:00","dateModified":"2025-12-23T07:40:20+00:00","mainEntityOfPage":{"@id":"https:\/\/www.caudete.org\/ayuntamiento\/campana-mayoria-de-edad-de-donacion-de-sangre-en-caudete\/"},"wordCount":367,"image":{"@id":"https:\/\/www.caudete.org\/ayuntamiento\/campana-mayoria-de-edad-de-donacion-de-sangre-en-caudete\/#primaryimage"},"thumbnailUrl":"https:\/\/www.caudete.org\/ayuntamiento\/wp-content\/uploads\/2025\/12\/DonacionPort.jpg","articleSection":["Sanidad"],"inLanguage":"es"},{"@type":"WebPage","@id":"https:\/\/www.caudete.org\/ayuntamiento\/campana-mayoria-de-edad-de-donacion-de-sangre-en-caudete\/","url":"https:\/\/www.caudete.org\/ayuntamiento\/campana-mayoria-de-edad-de-donacion-de-sangre-en-caudete\/","name":"Campa\u00f1a \"Mayor\u00eda de Edad\" de donaci\u00f3n de sangre en Caudete - MI Ayuntamiento de Caudete","isPartOf":{"@id":"https:\/\/www.caudete.org\/ayuntamiento\/#website"},"primaryImageOfPage":{"@id":"https:\/\/www.caudete.org\/ayuntamiento\/campana-mayoria-de-edad-de-donacion-de-sangre-en-caudete\/#primaryimage"},"image":{"@id":"https:\/\/www.caudete.org\/ayuntamiento\/campana-mayoria-de-edad-de-donacion-de-sangre-en-caudete\/#primaryimage"},"thumbnailUrl":"https:\/\/www.caudete.org\/ayuntamiento\/wp-content\/uploads\/2025\/12\/DonacionPort.jpg","datePublished":"2025-12-17T11:03:52+00:00","dateModified":"2025-12-23T07:40:20+00:00","author":{"@id":"https:\/\/www.caudete.org\/ayuntamiento\/#\/schema\/person\/abfa5ffd5010a14e078c21e6e61b6291"},"description":"P\u00e1gina Oficial del Ayuntamiento de Caudete (Albacete)","breadcrumb":{"@id":"https:\/\/www.caudete.org\/ayuntamiento\/campana-mayoria-de-edad-de-donacion-de-sangre-en-caudete\/#breadcrumb"},"inLanguage":"es","potentialAction":[{"@type":"ReadAction","target":["https:\/\/www.caudete.org\/ayuntamiento\/campana-mayoria-de-edad-de-donacion-de-sangre-en-caudete\/"]}]},{"@type":"ImageObject","inLanguage":"es","@id":"https:\/\/www.caudete.org\/ayuntamiento\/campana-mayoria-de-edad-de-donacion-de-sangre-en-caudete\/#primaryimage","url":"https:\/\/www.caudete.org\/ayuntamiento\/wp-content\/uploads\/2025\/12\/DonacionPort.jpg","contentUrl":"https:\/\/www.caudete.org\/ayuntamiento\/wp-content\/uploads\/2025\/12\/DonacionPort.jpg","width":1000,"height":440},{"@type":"BreadcrumbList","@id":"https:\/\/www.caudete.org\/ayuntamiento\/campana-mayoria-de-edad-de-donacion-de-sangre-en-caudete\/#breadcrumb","itemListElement":[{"@type":"ListItem","position":1,"name":"Inicio","item":"https:\/\/www.caudete.org\/ayuntamiento\/"},{"@type":"ListItem","position":2,"name":"Campa\u00f1a &#8220;Mayor\u00eda de Edad&#8221; de donaci\u00f3n de sangre en Caudete"}]},{"@type":"WebSite","@id":"https:\/\/www.caudete.org\/ayuntamiento\/#website","url":"https:\/\/www.caudete.org\/ayuntamiento\/","name":"MI Ayuntamiento de Caudete","description":"P\u00e1gina Oficial del MI Ayuntamiento de Caudete","potentialAction":[{"@type":"SearchAction","target":{"@type":"EntryPoint","urlTemplate":"https:\/\/www.caudete.org\/ayuntamiento\/?s={search_term_string}"},"query-input":{"@type":"PropertyValueSpecification","valueRequired":true,"valueName":"search_term_string"}}],"inLanguage":"es"},{"@type":"Person","@id":"https:\/\/www.caudete.org\/ayuntamiento\/#\/schema\/person\/abfa5ffd5010a14e078c21e6e61b6291","name":"informatica2","image":{"@type":"ImageObject","inLanguage":"es","@id":"https:\/\/secure.gravatar.com\/avatar\/b089890ff033a3e4d03eec00ecb5a14425217205c513f60ec32ebeaaeb5fa700?s=96&d=mm&r=g","url":"https:\/\/secure.gravatar.com\/avatar\/b089890ff033a3e4d03eec00ecb5a14425217205c513f60ec32ebeaaeb5fa700?s=96&d=mm&r=g","contentUrl":"https:\/\/secure.gravatar.com\/avatar\/b089890ff033a3e4d03eec00ecb5a14425217205c513f60ec32ebeaaeb5fa700?s=96&d=mm&r=g","caption":"informatica2"},"url":"https:\/\/www.caudete.org\/ayuntamiento\/author\/informatica2\/"}]}},"_links":{"self":[{"href":"https:\/\/www.caudete.org\/ayuntamiento\/wp-json\/wp\/v2\/posts\/31973","targetHints":{"allow":["GET"]}}],"collection":[{"href":"https:\/\/www.caudete.org\/ayuntamiento\/wp-json\/wp\/v2\/posts"}],"about":[{"href":"https:\/\/www.caudete.org\/ayuntamiento\/wp-json\/wp\/v2\/types\/post"}],"author":[{"embeddable":true,"href":"https:\/\/www.caudete.org\/ayuntamiento\/wp-json\/wp\/v2\/users\/6"}],"replies":[{"embeddable":true,"href":"https:\/\/www.caudete.org\/ayuntamiento\/wp-json\/wp\/v2\/comments?post=31973"}],"version-history":[{"count":12,"href":"https:\/\/www.caudete.org\/ayuntamiento\/wp-json\/wp\/v2\/posts\/31973\/revisions"}],"predecessor-version":[{"id":32028,"href":"https:\/\/www.caudete.org\/ayuntamiento\/wp-json\/wp\/v2\/posts\/31973\/revisions\/32028"}],"wp:featuredmedia":[{"embeddable":true,"href":"https:\/\/www.caudete.org\/ayuntamiento\/wp-json\/wp\/v2\/media\/32038"}],"wp:attachment":[{"href":"https:\/\/www.caudete.org\/ayuntamiento\/wp-json\/wp\/v2\/media?parent=31973"}],"wp:term":[{"taxonomy":"category","embeddable":true,"href":"https:\/\/www.caudete.org\/ayuntamiento\/wp-json\/wp\/v2\/categories?post=31973"},{"taxonomy":"post_tag","embeddable":true,"href":"https:\/\/www.caudete.org\/ayuntamiento\/wp-json\/wp\/v2\/tags?post=31973"}],"curies":[{"name":"wp","href":"https:\/\/api.w.org\/{rel}","templated":true}]}}