{"id":32051,"date":"2025-12-18T12:12:48","date_gmt":"2025-12-18T11:12:48","guid":{"rendered":"https:\/\/www.caudete.org\/ayuntamiento\/?p=32051"},"modified":"2025-12-18T12:12:48","modified_gmt":"2025-12-18T11:12:48","slug":"el-mi-ayuntamiento-de-caudete-firma-el-convenio-anual-con-la-agrupacion-amigos-de-los-reyes-magos","status":"publish","type":"post","link":"https:\/\/www.caudete.org\/ayuntamiento\/el-mi-ayuntamiento-de-caudete-firma-el-convenio-anual-con-la-agrupacion-amigos-de-los-reyes-magos\/","title":{"rendered":"El MI Ayuntamiento de Caudete firma el convenio anual con la Agrupaci\u00f3n Amigos de los Reyes Magos"},"content":{"rendered":"<p>El alcalde de Caudete, junto al concejal de Fiestas, y la presidenta de la Agrupaci\u00f3n Amigos de los Reyes Magos, han firmado el convenio anual de colaboraci\u00f3n que permite la organizaci\u00f3n y desarrollo de las actividades y actos relacionados con la celebraci\u00f3n de los Reyes Magos en el municipio.<\/p>\n<p>Este acuerdo tiene como objetivo reforzar y garantizar la continuidad de una tradici\u00f3n profundamente arraigada en Caudete, que cada a\u00f1o llena de ilusi\u00f3n a los m\u00e1s peque\u00f1os y mantiene vivo el esp\u00edritu navide\u00f1o gracias al esfuerzo conjunto del Muy Ilustre Ayuntamiento de Caudete y la Agrupaci\u00f3n Amigos de los Reyes Magos.<\/p>\n<p>Mediante este convenio, el Ayuntamiento apoya la preparaci\u00f3n de los distintos actos, entre los que destacan la tradicional Cabalgata de Reyes, as\u00ed como otras actividades culturales y festivas que se desarrollan en fechas previas y posteriores, fomentando la participaci\u00f3n ciudadana y el car\u00e1cter familiar de estas celebraciones.<\/p>\n<p>Desde el Ayuntamiento se quiere agradecer de manera especial la implicaci\u00f3n, dedicaci\u00f3n y trabajo altruista de todas las personas que forman parte de la Agrupaci\u00f3n Amigos de los Reyes Magos, cuyo compromiso resulta fundamental para que esta celebraci\u00f3n siga siendo un referente a\u00f1o tras a\u00f1o en nuestro municipio.<\/p>\n<p><a href=\"https:\/\/www.caudete.org\/ayuntamiento\/wp-content\/uploads\/2025\/12\/FirmaReyesMagos1.jpg\" rel='prettyPhoto'><img fetchpriority=\"high\" decoding=\"async\" class=\"alignnone size-full wp-image-32052\" src=\"https:\/\/www.caudete.org\/ayuntamiento\/wp-content\/uploads\/2025\/12\/FirmaReyesMagos1.jpg\" alt=\"\" width=\"1000\" height=\"563\" srcset=\"https:\/\/www.caudete.org\/ayuntamiento\/wp-content\/uploads\/2025\/12\/FirmaReyesMagos1.jpg 1000w, https:\/\/www.caudete.org\/ayuntamiento\/wp-content\/uploads\/2025\/12\/FirmaReyesMagos1-350x197.jpg 350w, https:\/\/www.caudete.org\/ayuntamiento\/wp-content\/uploads\/2025\/12\/FirmaReyesMagos1-768x432.jpg 768w\" sizes=\"(max-width: 1000px) 100vw, 1000px\" \/><\/a> <a href=\"https:\/\/www.caudete.org\/ayuntamiento\/wp-content\/uploads\/2025\/12\/FirmaReyesMagos3.jpg\" rel='prettyPhoto'><img decoding=\"async\" class=\"alignnone size-full wp-image-32053\" src=\"https:\/\/www.caudete.org\/ayuntamiento\/wp-content\/uploads\/2025\/12\/FirmaReyesMagos3.jpg\" alt=\"\" width=\"1000\" height=\"563\" srcset=\"https:\/\/www.caudete.org\/ayuntamiento\/wp-content\/uploads\/2025\/12\/FirmaReyesMagos3.jpg 1000w, https:\/\/www.caudete.org\/ayuntamiento\/wp-content\/uploads\/2025\/12\/FirmaReyesMagos3-350x197.jpg 350w, https:\/\/www.caudete.org\/ayuntamiento\/wp-content\/uploads\/2025\/12\/FirmaReyesMagos3-768x432.jpg 768w\" sizes=\"(max-width: 1000px) 100vw, 1000px\" \/><\/a><\/p>\n<p>&nbsp;<\/p>\n","protected":false},"excerpt":{"rendered":"<p>El alcalde de Caudete, junto al concejal de Fiestas, y la presidenta de la Agrupaci\u00f3n Amigos de los Reyes Magos, han firmado el convenio anual de colaboraci\u00f3n que permite la organizaci\u00f3n y desarrollo de las actividades y actos relacionados con la celebraci\u00f3n de los Reyes Magos en el municipio. Este acuerdo tiene como objetivo reforzar &hellip;<\/p>\n","protected":false},"author":5,"featured_media":32056,"comment_status":"closed","ping_status":"open","sticky":false,"template":"","format":"standard","meta":{"ngg_post_thumbnail":0,"footnotes":""},"categories":[31],"tags":[],"class_list":["post-32051","post","type-post","status-publish","format-standard","has-post-thumbnail","hentry","category-fiestas"],"yoast_head":"<!-- This site is optimized with the Yoast SEO plugin v27.5 - https:\/\/yoast.com\/product\/yoast-seo-wordpress\/ -->\n<title>El MI Ayuntamiento de Caudete firma el convenio anual con la Agrupaci\u00f3n Amigos de los Reyes Magos - MI Ayuntamiento de Caudete<\/title>\n<meta name=\"description\" content=\"P\u00e1gina Oficial del Ayuntamiento de Caudete (Albacete)\" \/>\n<meta name=\"robots\" content=\"index, follow, max-snippet:-1, max-image-preview:large, max-video-preview:-1\" \/>\n<link rel=\"canonical\" href=\"https:\/\/www.caudete.org\/ayuntamiento\/el-mi-ayuntamiento-de-caudete-firma-el-convenio-anual-con-la-agrupacion-amigos-de-los-reyes-magos\/\" \/>\n<meta property=\"og:locale\" content=\"es_ES\" \/>\n<meta property=\"og:type\" content=\"article\" \/>\n<meta property=\"og:title\" content=\"El MI Ayuntamiento de Caudete firma el convenio anual con la Agrupaci\u00f3n Amigos de los Reyes Magos - MI Ayuntamiento de Caudete\" \/>\n<meta property=\"og:description\" content=\"P\u00e1gina Oficial del Ayuntamiento de Caudete (Albacete)\" \/>\n<meta property=\"og:url\" content=\"https:\/\/www.caudete.org\/ayuntamiento\/el-mi-ayuntamiento-de-caudete-firma-el-convenio-anual-con-la-agrupacion-amigos-de-los-reyes-magos\/\" \/>\n<meta property=\"og:site_name\" content=\"MI Ayuntamiento de Caudete\" \/>\n<meta property=\"article:publisher\" content=\"https:\/\/www.facebook.com\/ayuntamientocaudete\/\" \/>\n<meta property=\"article:published_time\" content=\"2025-12-18T11:12:48+00:00\" \/>\n<meta property=\"og:image\" content=\"https:\/\/www.caudete.org\/ayuntamiento\/wp-content\/uploads\/2025\/12\/FirmaReyesMagos2-1.jpg\" \/>\n\t<meta property=\"og:image:width\" content=\"897\" \/>\n\t<meta property=\"og:image:height\" content=\"394\" \/>\n\t<meta property=\"og:image:type\" content=\"image\/jpeg\" \/>\n<meta name=\"author\" content=\"Dpto Informatica MI Ayuntamiento de Caudete\" \/>\n<meta name=\"twitter:card\" content=\"summary_large_image\" \/>\n<meta name=\"twitter:label1\" content=\"Escrito por\" \/>\n\t<meta name=\"twitter:data1\" content=\"Dpto Informatica MI Ayuntamiento de Caudete\" \/>\n\t<meta name=\"twitter:label2\" content=\"Tiempo de lectura\" \/>\n\t<meta name=\"twitter:data2\" content=\"2 minutos\" \/>\n<script type=\"application\/ld+json\" class=\"yoast-schema-graph\">{\"@context\":\"https:\\\/\\\/schema.org\",\"@graph\":[{\"@type\":\"Article\",\"@id\":\"https:\\\/\\\/www.caudete.org\\\/ayuntamiento\\\/el-mi-ayuntamiento-de-caudete-firma-el-convenio-anual-con-la-agrupacion-amigos-de-los-reyes-magos\\\/#article\",\"isPartOf\":{\"@id\":\"https:\\\/\\\/www.caudete.org\\\/ayuntamiento\\\/el-mi-ayuntamiento-de-caudete-firma-el-convenio-anual-con-la-agrupacion-amigos-de-los-reyes-magos\\\/\"},\"author\":{\"name\":\"Dpto Informatica MI Ayuntamiento de Caudete\",\"@id\":\"https:\\\/\\\/www.caudete.org\\\/ayuntamiento\\\/#\\\/schema\\\/person\\\/4b9eab41761957db9b1bf9c418d1ef46\"},\"headline\":\"El MI Ayuntamiento de Caudete firma el convenio anual con la Agrupaci\u00f3n Amigos de los Reyes Magos\",\"datePublished\":\"2025-12-18T11:12:48+00:00\",\"mainEntityOfPage\":{\"@id\":\"https:\\\/\\\/www.caudete.org\\\/ayuntamiento\\\/el-mi-ayuntamiento-de-caudete-firma-el-convenio-anual-con-la-agrupacion-amigos-de-los-reyes-magos\\\/\"},\"wordCount\":235,\"image\":{\"@id\":\"https:\\\/\\\/www.caudete.org\\\/ayuntamiento\\\/el-mi-ayuntamiento-de-caudete-firma-el-convenio-anual-con-la-agrupacion-amigos-de-los-reyes-magos\\\/#primaryimage\"},\"thumbnailUrl\":\"https:\\\/\\\/www.caudete.org\\\/ayuntamiento\\\/wp-content\\\/uploads\\\/2025\\\/12\\\/FirmaReyesMagos2-1.jpg\",\"articleSection\":[\"Fiestas\"],\"inLanguage\":\"es\"},{\"@type\":\"WebPage\",\"@id\":\"https:\\\/\\\/www.caudete.org\\\/ayuntamiento\\\/el-mi-ayuntamiento-de-caudete-firma-el-convenio-anual-con-la-agrupacion-amigos-de-los-reyes-magos\\\/\",\"url\":\"https:\\\/\\\/www.caudete.org\\\/ayuntamiento\\\/el-mi-ayuntamiento-de-caudete-firma-el-convenio-anual-con-la-agrupacion-amigos-de-los-reyes-magos\\\/\",\"name\":\"El MI Ayuntamiento de Caudete firma el convenio anual con la Agrupaci\u00f3n Amigos de los Reyes Magos - MI Ayuntamiento de Caudete\",\"isPartOf\":{\"@id\":\"https:\\\/\\\/www.caudete.org\\\/ayuntamiento\\\/#website\"},\"primaryImageOfPage\":{\"@id\":\"https:\\\/\\\/www.caudete.org\\\/ayuntamiento\\\/el-mi-ayuntamiento-de-caudete-firma-el-convenio-anual-con-la-agrupacion-amigos-de-los-reyes-magos\\\/#primaryimage\"},\"image\":{\"@id\":\"https:\\\/\\\/www.caudete.org\\\/ayuntamiento\\\/el-mi-ayuntamiento-de-caudete-firma-el-convenio-anual-con-la-agrupacion-amigos-de-los-reyes-magos\\\/#primaryimage\"},\"thumbnailUrl\":\"https:\\\/\\\/www.caudete.org\\\/ayuntamiento\\\/wp-content\\\/uploads\\\/2025\\\/12\\\/FirmaReyesMagos2-1.jpg\",\"datePublished\":\"2025-12-18T11:12:48+00:00\",\"author\":{\"@id\":\"https:\\\/\\\/www.caudete.org\\\/ayuntamiento\\\/#\\\/schema\\\/person\\\/4b9eab41761957db9b1bf9c418d1ef46\"},\"description\":\"P\u00e1gina Oficial del Ayuntamiento de Caudete (Albacete)\",\"breadcrumb\":{\"@id\":\"https:\\\/\\\/www.caudete.org\\\/ayuntamiento\\\/el-mi-ayuntamiento-de-caudete-firma-el-convenio-anual-con-la-agrupacion-amigos-de-los-reyes-magos\\\/#breadcrumb\"},\"inLanguage\":\"es\",\"potentialAction\":[{\"@type\":\"ReadAction\",\"target\":[\"https:\\\/\\\/www.caudete.org\\\/ayuntamiento\\\/el-mi-ayuntamiento-de-caudete-firma-el-convenio-anual-con-la-agrupacion-amigos-de-los-reyes-magos\\\/\"]}]},{\"@type\":\"ImageObject\",\"inLanguage\":\"es\",\"@id\":\"https:\\\/\\\/www.caudete.org\\\/ayuntamiento\\\/el-mi-ayuntamiento-de-caudete-firma-el-convenio-anual-con-la-agrupacion-amigos-de-los-reyes-magos\\\/#primaryimage\",\"url\":\"https:\\\/\\\/www.caudete.org\\\/ayuntamiento\\\/wp-content\\\/uploads\\\/2025\\\/12\\\/FirmaReyesMagos2-1.jpg\",\"contentUrl\":\"https:\\\/\\\/www.caudete.org\\\/ayuntamiento\\\/wp-content\\\/uploads\\\/2025\\\/12\\\/FirmaReyesMagos2-1.jpg\",\"width\":897,\"height\":394},{\"@type\":\"BreadcrumbList\",\"@id\":\"https:\\\/\\\/www.caudete.org\\\/ayuntamiento\\\/el-mi-ayuntamiento-de-caudete-firma-el-convenio-anual-con-la-agrupacion-amigos-de-los-reyes-magos\\\/#breadcrumb\",\"itemListElement\":[{\"@type\":\"ListItem\",\"position\":1,\"name\":\"Inicio\",\"item\":\"https:\\\/\\\/www.caudete.org\\\/ayuntamiento\\\/\"},{\"@type\":\"ListItem\",\"position\":2,\"name\":\"El MI Ayuntamiento de Caudete firma el convenio anual con la Agrupaci\u00f3n Amigos de los Reyes Magos\"}]},{\"@type\":\"WebSite\",\"@id\":\"https:\\\/\\\/www.caudete.org\\\/ayuntamiento\\\/#website\",\"url\":\"https:\\\/\\\/www.caudete.org\\\/ayuntamiento\\\/\",\"name\":\"MI Ayuntamiento de Caudete\",\"description\":\"P\u00e1gina Oficial del MI Ayuntamiento de Caudete\",\"potentialAction\":[{\"@type\":\"SearchAction\",\"target\":{\"@type\":\"EntryPoint\",\"urlTemplate\":\"https:\\\/\\\/www.caudete.org\\\/ayuntamiento\\\/?s={search_term_string}\"},\"query-input\":{\"@type\":\"PropertyValueSpecification\",\"valueRequired\":true,\"valueName\":\"search_term_string\"}}],\"inLanguage\":\"es\"},{\"@type\":\"Person\",\"@id\":\"https:\\\/\\\/www.caudete.org\\\/ayuntamiento\\\/#\\\/schema\\\/person\\\/4b9eab41761957db9b1bf9c418d1ef46\",\"name\":\"Dpto Informatica MI Ayuntamiento de Caudete\",\"image\":{\"@type\":\"ImageObject\",\"inLanguage\":\"es\",\"@id\":\"https:\\\/\\\/secure.gravatar.com\\\/avatar\\\/ac0321ee4a0a83e82a253e7b2d348ef539e2c8fe16d06b600bde04de1b364fa7?s=96&d=mm&r=g\",\"url\":\"https:\\\/\\\/secure.gravatar.com\\\/avatar\\\/ac0321ee4a0a83e82a253e7b2d348ef539e2c8fe16d06b600bde04de1b364fa7?s=96&d=mm&r=g\",\"contentUrl\":\"https:\\\/\\\/secure.gravatar.com\\\/avatar\\\/ac0321ee4a0a83e82a253e7b2d348ef539e2c8fe16d06b600bde04de1b364fa7?s=96&d=mm&r=g\",\"caption\":\"Dpto Informatica MI Ayuntamiento de Caudete\"},\"url\":\"https:\\\/\\\/www.caudete.org\\\/ayuntamiento\\\/author\\\/informatica\\\/\"}]}<\/script>\n<!-- \/ Yoast SEO plugin. -->","yoast_head_json":{"title":"El MI Ayuntamiento de Caudete firma el convenio anual con la Agrupaci\u00f3n Amigos de los Reyes Magos - MI Ayuntamiento de Caudete","description":"P\u00e1gina Oficial del Ayuntamiento de Caudete (Albacete)","robots":{"index":"index","follow":"follow","max-snippet":"max-snippet:-1","max-image-preview":"max-image-preview:large","max-video-preview":"max-video-preview:-1"},"canonical":"https:\/\/www.caudete.org\/ayuntamiento\/el-mi-ayuntamiento-de-caudete-firma-el-convenio-anual-con-la-agrupacion-amigos-de-los-reyes-magos\/","og_locale":"es_ES","og_type":"article","og_title":"El MI Ayuntamiento de Caudete firma el convenio anual con la Agrupaci\u00f3n Amigos de los Reyes Magos - MI Ayuntamiento de Caudete","og_description":"P\u00e1gina Oficial del Ayuntamiento de Caudete (Albacete)","og_url":"https:\/\/www.caudete.org\/ayuntamiento\/el-mi-ayuntamiento-de-caudete-firma-el-convenio-anual-con-la-agrupacion-amigos-de-los-reyes-magos\/","og_site_name":"MI Ayuntamiento de Caudete","article_publisher":"https:\/\/www.facebook.com\/ayuntamientocaudete\/","article_published_time":"2025-12-18T11:12:48+00:00","og_image":[{"width":897,"height":394,"url":"https:\/\/www.caudete.org\/ayuntamiento\/wp-content\/uploads\/2025\/12\/FirmaReyesMagos2-1.jpg","type":"image\/jpeg"}],"author":"Dpto Informatica MI Ayuntamiento de Caudete","twitter_card":"summary_large_image","twitter_misc":{"Escrito por":"Dpto Informatica MI Ayuntamiento de Caudete","Tiempo de lectura":"2 minutos"},"schema":{"@context":"https:\/\/schema.org","@graph":[{"@type":"Article","@id":"https:\/\/www.caudete.org\/ayuntamiento\/el-mi-ayuntamiento-de-caudete-firma-el-convenio-anual-con-la-agrupacion-amigos-de-los-reyes-magos\/#article","isPartOf":{"@id":"https:\/\/www.caudete.org\/ayuntamiento\/el-mi-ayuntamiento-de-caudete-firma-el-convenio-anual-con-la-agrupacion-amigos-de-los-reyes-magos\/"},"author":{"name":"Dpto Informatica MI Ayuntamiento de Caudete","@id":"https:\/\/www.caudete.org\/ayuntamiento\/#\/schema\/person\/4b9eab41761957db9b1bf9c418d1ef46"},"headline":"El MI Ayuntamiento de Caudete firma el convenio anual con la Agrupaci\u00f3n Amigos de los Reyes Magos","datePublished":"2025-12-18T11:12:48+00:00","mainEntityOfPage":{"@id":"https:\/\/www.caudete.org\/ayuntamiento\/el-mi-ayuntamiento-de-caudete-firma-el-convenio-anual-con-la-agrupacion-amigos-de-los-reyes-magos\/"},"wordCount":235,"image":{"@id":"https:\/\/www.caudete.org\/ayuntamiento\/el-mi-ayuntamiento-de-caudete-firma-el-convenio-anual-con-la-agrupacion-amigos-de-los-reyes-magos\/#primaryimage"},"thumbnailUrl":"https:\/\/www.caudete.org\/ayuntamiento\/wp-content\/uploads\/2025\/12\/FirmaReyesMagos2-1.jpg","articleSection":["Fiestas"],"inLanguage":"es"},{"@type":"WebPage","@id":"https:\/\/www.caudete.org\/ayuntamiento\/el-mi-ayuntamiento-de-caudete-firma-el-convenio-anual-con-la-agrupacion-amigos-de-los-reyes-magos\/","url":"https:\/\/www.caudete.org\/ayuntamiento\/el-mi-ayuntamiento-de-caudete-firma-el-convenio-anual-con-la-agrupacion-amigos-de-los-reyes-magos\/","name":"El MI Ayuntamiento de Caudete firma el convenio anual con la Agrupaci\u00f3n Amigos de los Reyes Magos - MI Ayuntamiento de Caudete","isPartOf":{"@id":"https:\/\/www.caudete.org\/ayuntamiento\/#website"},"primaryImageOfPage":{"@id":"https:\/\/www.caudete.org\/ayuntamiento\/el-mi-ayuntamiento-de-caudete-firma-el-convenio-anual-con-la-agrupacion-amigos-de-los-reyes-magos\/#primaryimage"},"image":{"@id":"https:\/\/www.caudete.org\/ayuntamiento\/el-mi-ayuntamiento-de-caudete-firma-el-convenio-anual-con-la-agrupacion-amigos-de-los-reyes-magos\/#primaryimage"},"thumbnailUrl":"https:\/\/www.caudete.org\/ayuntamiento\/wp-content\/uploads\/2025\/12\/FirmaReyesMagos2-1.jpg","datePublished":"2025-12-18T11:12:48+00:00","author":{"@id":"https:\/\/www.caudete.org\/ayuntamiento\/#\/schema\/person\/4b9eab41761957db9b1bf9c418d1ef46"},"description":"P\u00e1gina Oficial del Ayuntamiento de Caudete (Albacete)","breadcrumb":{"@id":"https:\/\/www.caudete.org\/ayuntamiento\/el-mi-ayuntamiento-de-caudete-firma-el-convenio-anual-con-la-agrupacion-amigos-de-los-reyes-magos\/#breadcrumb"},"inLanguage":"es","potentialAction":[{"@type":"ReadAction","target":["https:\/\/www.caudete.org\/ayuntamiento\/el-mi-ayuntamiento-de-caudete-firma-el-convenio-anual-con-la-agrupacion-amigos-de-los-reyes-magos\/"]}]},{"@type":"ImageObject","inLanguage":"es","@id":"https:\/\/www.caudete.org\/ayuntamiento\/el-mi-ayuntamiento-de-caudete-firma-el-convenio-anual-con-la-agrupacion-amigos-de-los-reyes-magos\/#primaryimage","url":"https:\/\/www.caudete.org\/ayuntamiento\/wp-content\/uploads\/2025\/12\/FirmaReyesMagos2-1.jpg","contentUrl":"https:\/\/www.caudete.org\/ayuntamiento\/wp-content\/uploads\/2025\/12\/FirmaReyesMagos2-1.jpg","width":897,"height":394},{"@type":"BreadcrumbList","@id":"https:\/\/www.caudete.org\/ayuntamiento\/el-mi-ayuntamiento-de-caudete-firma-el-convenio-anual-con-la-agrupacion-amigos-de-los-reyes-magos\/#breadcrumb","itemListElement":[{"@type":"ListItem","position":1,"name":"Inicio","item":"https:\/\/www.caudete.org\/ayuntamiento\/"},{"@type":"ListItem","position":2,"name":"El MI Ayuntamiento de Caudete firma el convenio anual con la Agrupaci\u00f3n Amigos de los Reyes Magos"}]},{"@type":"WebSite","@id":"https:\/\/www.caudete.org\/ayuntamiento\/#website","url":"https:\/\/www.caudete.org\/ayuntamiento\/","name":"MI Ayuntamiento de Caudete","description":"P\u00e1gina Oficial del MI Ayuntamiento de Caudete","potentialAction":[{"@type":"SearchAction","target":{"@type":"EntryPoint","urlTemplate":"https:\/\/www.caudete.org\/ayuntamiento\/?s={search_term_string}"},"query-input":{"@type":"PropertyValueSpecification","valueRequired":true,"valueName":"search_term_string"}}],"inLanguage":"es"},{"@type":"Person","@id":"https:\/\/www.caudete.org\/ayuntamiento\/#\/schema\/person\/4b9eab41761957db9b1bf9c418d1ef46","name":"Dpto Informatica MI Ayuntamiento de Caudete","image":{"@type":"ImageObject","inLanguage":"es","@id":"https:\/\/secure.gravatar.com\/avatar\/ac0321ee4a0a83e82a253e7b2d348ef539e2c8fe16d06b600bde04de1b364fa7?s=96&d=mm&r=g","url":"https:\/\/secure.gravatar.com\/avatar\/ac0321ee4a0a83e82a253e7b2d348ef539e2c8fe16d06b600bde04de1b364fa7?s=96&d=mm&r=g","contentUrl":"https:\/\/secure.gravatar.com\/avatar\/ac0321ee4a0a83e82a253e7b2d348ef539e2c8fe16d06b600bde04de1b364fa7?s=96&d=mm&r=g","caption":"Dpto Informatica MI Ayuntamiento de Caudete"},"url":"https:\/\/www.caudete.org\/ayuntamiento\/author\/informatica\/"}]}},"_links":{"self":[{"href":"https:\/\/www.caudete.org\/ayuntamiento\/wp-json\/wp\/v2\/posts\/32051","targetHints":{"allow":["GET"]}}],"collection":[{"href":"https:\/\/www.caudete.org\/ayuntamiento\/wp-json\/wp\/v2\/posts"}],"about":[{"href":"https:\/\/www.caudete.org\/ayuntamiento\/wp-json\/wp\/v2\/types\/post"}],"author":[{"embeddable":true,"href":"https:\/\/www.caudete.org\/ayuntamiento\/wp-json\/wp\/v2\/users\/5"}],"replies":[{"embeddable":true,"href":"https:\/\/www.caudete.org\/ayuntamiento\/wp-json\/wp\/v2\/comments?post=32051"}],"version-history":[{"count":2,"href":"https:\/\/www.caudete.org\/ayuntamiento\/wp-json\/wp\/v2\/posts\/32051\/revisions"}],"predecessor-version":[{"id":32057,"href":"https:\/\/www.caudete.org\/ayuntamiento\/wp-json\/wp\/v2\/posts\/32051\/revisions\/32057"}],"wp:featuredmedia":[{"embeddable":true,"href":"https:\/\/www.caudete.org\/ayuntamiento\/wp-json\/wp\/v2\/media\/32056"}],"wp:attachment":[{"href":"https:\/\/www.caudete.org\/ayuntamiento\/wp-json\/wp\/v2\/media?parent=32051"}],"wp:term":[{"taxonomy":"category","embeddable":true,"href":"https:\/\/www.caudete.org\/ayuntamiento\/wp-json\/wp\/v2\/categories?post=32051"},{"taxonomy":"post_tag","embeddable":true,"href":"https:\/\/www.caudete.org\/ayuntamiento\/wp-json\/wp\/v2\/tags?post=32051"}],"curies":[{"name":"wp","href":"https:\/\/api.w.org\/{rel}","templated":true}]}}