{"id":32061,"date":"2025-12-19T09:58:52","date_gmt":"2025-12-19T08:58:52","guid":{"rendered":"https:\/\/www.caudete.org\/ayuntamiento\/?p=32061"},"modified":"2025-12-19T13:11:00","modified_gmt":"2025-12-19T12:11:00","slug":"instalada-una-nueva-escultura-en-la-rotonda-de-las-puertas-de-valencia-con-diseno-basado-en-las-torres-de-serrano","status":"publish","type":"post","link":"https:\/\/www.caudete.org\/ayuntamiento\/instalada-una-nueva-escultura-en-la-rotonda-de-las-puertas-de-valencia-con-diseno-basado-en-las-torres-de-serrano\/","title":{"rendered":"Instalada una nueva escultura en la rotonda de las &#8220;Puertas de Valencia&#8221; con dise\u00f1o basado en las &#8220;Torres de Serrano&#8221;"},"content":{"rendered":"<p style=\"text-align: justify;\">Esta ma\u00f1ana la reci\u00e9n creada rotonda de las \u201cPuertas de Valencia\u201d acog\u00eda la instalaci\u00f3n de la escultura en hierro que ha sido dise\u00f1ada ex profeso para este ic\u00f3nico lugar.<\/p>\n<p style=\"text-align: justify;\">El Concejal de Obras, Urbanismo y Movilidad Mois\u00e9s L\u00f3pez, junto al Aparejador Municipal supervisaban los trabajos a primera hora de la ma\u00f1ana, mientras que la Polic\u00eda Local peinaba el lugar para desviar el tr\u00e1fico y la Brigada de Obras efectuaba las ayudas a la empresa local Talleres IMA, S.L. para su colocaci\u00f3n, como ejecutora del monumento, de un dise\u00f1o que nace y es obra de los Servicios T\u00e9cnicos Municipales (en concreto del Aparejador Municipal)<\/p>\n<p style=\"text-align: justify;\">El Concejal Mois\u00e9s L\u00f3pez manifestaba que a la hora de establecer el criterio de qu\u00e9 ubicar en la rotonda, cuando se dise\u00f1\u00f3 la remodelaci\u00f3n urban\u00edstica del la zona, se atendi\u00f3 a que \u201cel lugar no pod\u00eda olvidar su top\u00f3nimo ni su historia, y con esta escultura, conseguimos que perdure su identidad, a la vez que la ponemos en valor y la mostramos con orgullo a ciudadanos, visitantes y generaciones venideras\u201d. Por ello, la idea era clara: una alusi\u00f3n clara y evidente a las Puertas de Valencia, que es como se conoce a la zona.<\/p>\n<p style=\"text-align: justify;\">Igualmente, ha querido detallar tanto el dise\u00f1o elegido como la ubicaci\u00f3n u orientaci\u00f3n de la escultura, pues han sido detalles cuidados en todo su conjunto.<\/p>\n<p style=\"text-align: justify;\">En primer lugar, se ha tomado como referencia las \u201cTorres de Serranos\u201d, una construcci\u00f3n ic\u00f3nica e identificativa de la ciudad de Valencia que data del S.XIV, con rasgos claramente g\u00f3ticos. Este elemento medieval dista en l\u00ednea recta respecto a la rotonda caudetana a 100km, y la ubicaci\u00f3n de nuestra escultura ha sido orientada perpendicular a la l\u00ednea que une ambas, de forma que quedan enfrentadas entre si.<\/p>\n<p style=\"text-align: justify;\">En cuanto al dise\u00f1o geom\u00e9trico, se han destacado dos elementos claves de las \u201cTorres de Serranos\u201d en nuestra escultura. La primera de ellas, la puerta de acceso, que responde a un arco de medio punto, el cual ha sido reproducido fielmente a escala. El segundo de ellos, el mallado de molduras g\u00f3ticas que se ubican entre la puerta de acceso y las almenas. Su adaptaci\u00f3n geom\u00e9trica simplifica la trama y las reproduce en un conjunto limpio que recogemos como modelo y ubicamos junto al arco, en forma de ventana.<\/p>\n<p style=\"text-align: justify;\">Para quedar debidamente identificada la escultura y el entorno, un letrero en ambas caras de la escultura permite leer: PUERTAS DE VALENCIA.<\/p>\n<p style=\"text-align: justify;\">Su construcci\u00f3n, adem\u00e1s, ha sido pensada para no ser obst\u00e1culo a la seguridad vial ni a las acciones climatol\u00f3gicas, de forma que el viento no es un problema, ni la escultura en s\u00ed para poder circular con los veh\u00edculos alrededor de la rotonda, pues no resta visibilidad. Igualmente, se han elegido materiales y acabados actuales y robustos, como lo es el acero y una terminaci\u00f3n que simula al oxido y a la piedra. Se trata pues de una escultura bien calculada estructurada, con una perfiler\u00eda interior segura forrada de chapa de acero, y una cimentaci\u00f3n proporcionada que aporta adem\u00e1s esbeltez al conjunto.<\/p>\n<p style=\"text-align: justify;\">Va a quedar iluminada con un total de 6 focos led, y rodeada de vegetaci\u00f3n, que al igual que el resto de isletas de la reciente zona reurbanizada, quedar\u00e1n plantadas la pr\u00f3xima semana, de forma que salvo imprevistos o meteorolog\u00eda adversa, para el d\u00eda de Navidad quedar\u00e1n conclu\u00eddos los trabajos en la zona.<\/p>\n<p style=\"text-align: justify;\"><style type=\"text\/css\">\n#foogallery-gallery-32062.fg-justified .fg-item { margin-right: 2px; margin-bottom: 2px; }\n#foogallery-gallery-32062.fg-justified .fg-image { height: 200px; }<\/style>\n\t\t\t<div class=\"foogallery foogallery-container foogallery-justified foogallery-lightbox-none fg-justified fg-ready fg-light fg-shadow-outline fg-loading-default fg-loaded-fade-in fg-caption-always fg-hover-fade fg-hover-zoom2\" id=\"foogallery-gallery-32062\" data-foogallery=\"{&quot;item&quot;:{&quot;showCaptionTitle&quot;:true,&quot;showCaptionDescription&quot;:false},&quot;lazy&quot;:true,&quot;paging&quot;:{&quot;type&quot;:&quot;dots&quot;,&quot;size&quot;:20,&quot;position&quot;:&quot;bottom&quot;,&quot;scrollToTop&quot;:false,&quot;output&quot;:&quot;html&quot;,&quot;theme&quot;:&quot;fg-light&quot;},&quot;template&quot;:{&quot;rowHeight&quot;:200,&quot;maxRowHeight&quot;:250,&quot;margins&quot;:2,&quot;align&quot;:&quot;center&quot;,&quot;lastRow&quot;:&quot;smart&quot;}}\" style=\"--fg-title-line-clamp: 0; --fg-description-line-clamp: 0;\" >\n\t<div class=\"fg-item fg-type-image fg-idle\"><figure class=\"fg-item-inner\"><a href=\"https:\/\/www.caudete.org\/ayuntamiento\/wp-content\/uploads\/2025\/12\/MAPA-RECTA-PUERTAS-DE-SERRANO-VS-ROTONDA.jpg\" data-attachment-id=\"32063\" data-e-disable-page-transition=\"true\" data-type=\"image\" class=\"fg-thumb\"><span class=\"fg-image-wrap\"><img fetchpriority=\"high\" decoding=\"async\" height=\"250\" width=\"366\" class=\"skip-lazy fg-image\" data-src-fg=\"https:\/\/www.caudete.org\/ayuntamiento\/wp-content\/uploads\/cache\/2025\/12\/MAPA-RECTA-PUERTAS-DE-SERRANO-VS-ROTONDA\/10955665.jpg\" src=\"data:image\/svg+xml,%3Csvg%20xmlns%3D%22http%3A%2F%2Fwww.w3.org%2F2000%2Fsvg%22%20width%3D%22366%22%20height%3D%22250%22%20viewBox%3D%220%200%20366%20250%22%3E%3C%2Fsvg%3E\" loading=\"eager\"><\/span><span class=\"fg-image-overlay\"><\/span><\/a><\/figure><div class=\"fg-loader\"><\/div><\/div><div class=\"fg-item fg-type-image fg-idle\"><figure class=\"fg-item-inner\"><a href=\"https:\/\/www.caudete.org\/ayuntamiento\/wp-content\/uploads\/2025\/12\/torres-de-serranos-valencia.jpg\" data-attachment-id=\"32066\" data-e-disable-page-transition=\"true\" data-type=\"image\" class=\"fg-thumb\"><span class=\"fg-image-wrap\"><img decoding=\"async\" height=\"250\" width=\"375\" class=\"skip-lazy fg-image\" data-src-fg=\"https:\/\/www.caudete.org\/ayuntamiento\/wp-content\/uploads\/cache\/2025\/12\/torres-de-serranos-valencia\/1319884602.jpg\" src=\"data:image\/svg+xml,%3Csvg%20xmlns%3D%22http%3A%2F%2Fwww.w3.org%2F2000%2Fsvg%22%20width%3D%22375%22%20height%3D%22250%22%20viewBox%3D%220%200%20375%20250%22%3E%3C%2Fsvg%3E\" loading=\"eager\"><\/span><span class=\"fg-image-overlay\"><\/span><\/a><\/figure><div class=\"fg-loader\"><\/div><\/div><div class=\"fg-item fg-type-image fg-idle\"><figure class=\"fg-item-inner\"><a href=\"https:\/\/www.caudete.org\/ayuntamiento\/wp-content\/uploads\/2025\/12\/scmjyakn229787.jpg.pr_.jpg\" data-attachment-id=\"32065\" data-e-disable-page-transition=\"true\" data-type=\"image\" class=\"fg-thumb\"><span class=\"fg-image-wrap\"><img decoding=\"async\" height=\"250\" width=\"313\" class=\"skip-lazy fg-image\" data-src-fg=\"https:\/\/www.caudete.org\/ayuntamiento\/wp-content\/uploads\/cache\/2025\/12\/scmjyakn229787_jpg_pr_\/3618189585.jpg\" src=\"data:image\/svg+xml,%3Csvg%20xmlns%3D%22http%3A%2F%2Fwww.w3.org%2F2000%2Fsvg%22%20width%3D%22313%22%20height%3D%22250%22%20viewBox%3D%220%200%20313%20250%22%3E%3C%2Fsvg%3E\" loading=\"eager\"><\/span><span class=\"fg-image-overlay\"><\/span><\/a><\/figure><div class=\"fg-loader\"><\/div><\/div><div class=\"fg-item fg-type-image fg-idle\"><figure class=\"fg-item-inner\"><a href=\"https:\/\/www.caudete.org\/ayuntamiento\/wp-content\/uploads\/2025\/12\/REPASADO-AUTOCAD-PUERTAS-DE-VALENCIA.jpg\" data-attachment-id=\"32064\" data-e-disable-page-transition=\"true\" data-type=\"image\" class=\"fg-thumb\"><span class=\"fg-image-wrap\"><img decoding=\"async\" height=\"250\" width=\"190\" class=\"skip-lazy fg-image\" data-src-fg=\"https:\/\/www.caudete.org\/ayuntamiento\/wp-content\/uploads\/cache\/2025\/12\/REPASADO-AUTOCAD-PUERTAS-DE-VALENCIA\/4093682204.jpg\" src=\"data:image\/svg+xml,%3Csvg%20xmlns%3D%22http%3A%2F%2Fwww.w3.org%2F2000%2Fsvg%22%20width%3D%22190%22%20height%3D%22250%22%20viewBox%3D%220%200%20190%20250%22%3E%3C%2Fsvg%3E\" loading=\"eager\"><\/span><span class=\"fg-image-overlay\"><\/span><\/a><\/figure><div class=\"fg-loader\"><\/div><\/div><div class=\"fg-item fg-type-image fg-idle\"><figure class=\"fg-item-inner\"><a href=\"https:\/\/www.caudete.org\/ayuntamiento\/wp-content\/uploads\/2025\/12\/WhatsApp-Image-2025-12-19-at-08.40.03.jpg\" data-attachment-id=\"32067\" data-e-disable-page-transition=\"true\" data-type=\"image\" class=\"fg-thumb\"><span class=\"fg-image-wrap\"><img decoding=\"async\" height=\"250\" width=\"333\" class=\"skip-lazy fg-image\" data-src-fg=\"https:\/\/www.caudete.org\/ayuntamiento\/wp-content\/uploads\/cache\/2025\/12\/WhatsApp-Image-2025-12-19-at-08_40_03\/1827001677.jpg\" src=\"data:image\/svg+xml,%3Csvg%20xmlns%3D%22http%3A%2F%2Fwww.w3.org%2F2000%2Fsvg%22%20width%3D%22333%22%20height%3D%22250%22%20viewBox%3D%220%200%20333%20250%22%3E%3C%2Fsvg%3E\" loading=\"eager\"><\/span><span class=\"fg-image-overlay\"><\/span><\/a><\/figure><div class=\"fg-loader\"><\/div><\/div><div class=\"fg-item fg-type-image fg-idle\"><figure class=\"fg-item-inner\"><a href=\"https:\/\/www.caudete.org\/ayuntamiento\/wp-content\/uploads\/2025\/12\/WhatsApp-Image-2025-12-19-at-08.40.04.jpg\" data-attachment-id=\"32068\" data-e-disable-page-transition=\"true\" data-type=\"image\" class=\"fg-thumb\"><span class=\"fg-image-wrap\"><img decoding=\"async\" height=\"250\" width=\"333\" class=\"skip-lazy fg-image\" data-src-fg=\"https:\/\/www.caudete.org\/ayuntamiento\/wp-content\/uploads\/cache\/2025\/12\/WhatsApp-Image-2025-12-19-at-08_40_04\/3421757694.jpg\" src=\"data:image\/svg+xml,%3Csvg%20xmlns%3D%22http%3A%2F%2Fwww.w3.org%2F2000%2Fsvg%22%20width%3D%22333%22%20height%3D%22250%22%20viewBox%3D%220%200%20333%20250%22%3E%3C%2Fsvg%3E\" loading=\"eager\"><\/span><span class=\"fg-image-overlay\"><\/span><\/a><\/figure><div class=\"fg-loader\"><\/div><\/div><div class=\"fg-item fg-type-image fg-idle\"><figure class=\"fg-item-inner\"><a href=\"https:\/\/www.caudete.org\/ayuntamiento\/wp-content\/uploads\/2025\/12\/WhatsApp-Image-2025-12-19-at-08.44.14.jpg\" data-attachment-id=\"32069\" data-e-disable-page-transition=\"true\" data-type=\"image\" class=\"fg-thumb\"><span class=\"fg-image-wrap\"><img decoding=\"async\" height=\"250\" width=\"333\" class=\"skip-lazy fg-image\" data-src-fg=\"https:\/\/www.caudete.org\/ayuntamiento\/wp-content\/uploads\/cache\/2025\/12\/WhatsApp-Image-2025-12-19-at-08_44_14\/527334708.jpg\" src=\"data:image\/svg+xml,%3Csvg%20xmlns%3D%22http%3A%2F%2Fwww.w3.org%2F2000%2Fsvg%22%20width%3D%22333%22%20height%3D%22250%22%20viewBox%3D%220%200%20333%20250%22%3E%3C%2Fsvg%3E\" loading=\"eager\"><\/span><span class=\"fg-image-overlay\"><\/span><\/a><\/figure><div class=\"fg-loader\"><\/div><\/div><\/div>\n\n","protected":false},"excerpt":{"rendered":"<p>Esta ma\u00f1ana la reci\u00e9n creada rotonda de las \u201cPuertas de Valencia\u201d acog\u00eda la instalaci\u00f3n de la escultura en hierro que ha sido dise\u00f1ada ex profeso para este ic\u00f3nico lugar. El Concejal de Obras, Urbanismo y Movilidad Mois\u00e9s L\u00f3pez, junto al Aparejador Municipal supervisaban los trabajos a primera hora de la ma\u00f1ana, mientras que la Polic\u00eda &hellip;<\/p>\n","protected":false},"author":6,"featured_media":32068,"comment_status":"closed","ping_status":"open","sticky":false,"template":"","format":"standard","meta":{"ngg_post_thumbnail":0,"footnotes":""},"categories":[48],"tags":[],"class_list":["post-32061","post","type-post","status-publish","format-standard","has-post-thumbnail","hentry","category-urbanismo"],"yoast_head":"<!-- This site is optimized with the Yoast SEO plugin v27.5 - https:\/\/yoast.com\/product\/yoast-seo-wordpress\/ -->\n<title>Instalada una nueva escultura en la rotonda de las &quot;Puertas de Valencia&quot; con dise\u00f1o basado en las &quot;Torres de Serrano&quot; - MI Ayuntamiento de Caudete<\/title>\n<meta name=\"description\" content=\"P\u00e1gina Oficial del Ayuntamiento de Caudete (Albacete)\" \/>\n<meta name=\"robots\" content=\"index, follow, max-snippet:-1, max-image-preview:large, max-video-preview:-1\" \/>\n<link rel=\"canonical\" href=\"https:\/\/www.caudete.org\/ayuntamiento\/instalada-una-nueva-escultura-en-la-rotonda-de-las-puertas-de-valencia-con-diseno-basado-en-las-torres-de-serrano\/\" \/>\n<meta property=\"og:locale\" content=\"es_ES\" \/>\n<meta property=\"og:type\" content=\"article\" \/>\n<meta property=\"og:title\" content=\"Instalada una nueva escultura en la rotonda de las &quot;Puertas de Valencia&quot; con dise\u00f1o basado en las &quot;Torres de Serrano&quot; - MI Ayuntamiento de Caudete\" \/>\n<meta property=\"og:description\" content=\"P\u00e1gina Oficial del Ayuntamiento de Caudete (Albacete)\" \/>\n<meta property=\"og:url\" content=\"https:\/\/www.caudete.org\/ayuntamiento\/instalada-una-nueva-escultura-en-la-rotonda-de-las-puertas-de-valencia-con-diseno-basado-en-las-torres-de-serrano\/\" \/>\n<meta property=\"og:site_name\" content=\"MI Ayuntamiento de Caudete\" \/>\n<meta property=\"article:publisher\" content=\"https:\/\/www.facebook.com\/ayuntamientocaudete\/\" \/>\n<meta property=\"article:published_time\" content=\"2025-12-19T08:58:52+00:00\" \/>\n<meta property=\"article:modified_time\" content=\"2025-12-19T12:11:00+00:00\" \/>\n<meta property=\"og:image\" content=\"https:\/\/www.caudete.org\/ayuntamiento\/wp-content\/uploads\/2025\/12\/WhatsApp-Image-2025-12-19-at-08.40.04.jpg\" \/>\n\t<meta property=\"og:image:width\" content=\"1000\" \/>\n\t<meta property=\"og:image:height\" content=\"750\" \/>\n\t<meta property=\"og:image:type\" content=\"image\/jpeg\" \/>\n<meta name=\"author\" content=\"informatica2\" \/>\n<meta name=\"twitter:card\" content=\"summary_large_image\" \/>\n<meta name=\"twitter:label1\" content=\"Escrito por\" \/>\n\t<meta name=\"twitter:data1\" content=\"informatica2\" \/>\n\t<meta name=\"twitter:label2\" content=\"Tiempo de lectura\" \/>\n\t<meta name=\"twitter:data2\" content=\"3 minutos\" \/>\n<script type=\"application\/ld+json\" class=\"yoast-schema-graph\">{\"@context\":\"https:\\\/\\\/schema.org\",\"@graph\":[{\"@type\":\"Article\",\"@id\":\"https:\\\/\\\/www.caudete.org\\\/ayuntamiento\\\/instalada-una-nueva-escultura-en-la-rotonda-de-las-puertas-de-valencia-con-diseno-basado-en-las-torres-de-serrano\\\/#article\",\"isPartOf\":{\"@id\":\"https:\\\/\\\/www.caudete.org\\\/ayuntamiento\\\/instalada-una-nueva-escultura-en-la-rotonda-de-las-puertas-de-valencia-con-diseno-basado-en-las-torres-de-serrano\\\/\"},\"author\":{\"name\":\"informatica2\",\"@id\":\"https:\\\/\\\/www.caudete.org\\\/ayuntamiento\\\/#\\\/schema\\\/person\\\/abfa5ffd5010a14e078c21e6e61b6291\"},\"headline\":\"Instalada una nueva escultura en la rotonda de las &#8220;Puertas de Valencia&#8221; con dise\u00f1o basado en las &#8220;Torres de Serrano&#8221;\",\"datePublished\":\"2025-12-19T08:58:52+00:00\",\"dateModified\":\"2025-12-19T12:11:00+00:00\",\"mainEntityOfPage\":{\"@id\":\"https:\\\/\\\/www.caudete.org\\\/ayuntamiento\\\/instalada-una-nueva-escultura-en-la-rotonda-de-las-puertas-de-valencia-con-diseno-basado-en-las-torres-de-serrano\\\/\"},\"wordCount\":630,\"image\":{\"@id\":\"https:\\\/\\\/www.caudete.org\\\/ayuntamiento\\\/instalada-una-nueva-escultura-en-la-rotonda-de-las-puertas-de-valencia-con-diseno-basado-en-las-torres-de-serrano\\\/#primaryimage\"},\"thumbnailUrl\":\"https:\\\/\\\/www.caudete.org\\\/ayuntamiento\\\/wp-content\\\/uploads\\\/2025\\\/12\\\/WhatsApp-Image-2025-12-19-at-08.40.04.jpg\",\"articleSection\":[\"Urbanismo\"],\"inLanguage\":\"es\"},{\"@type\":\"WebPage\",\"@id\":\"https:\\\/\\\/www.caudete.org\\\/ayuntamiento\\\/instalada-una-nueva-escultura-en-la-rotonda-de-las-puertas-de-valencia-con-diseno-basado-en-las-torres-de-serrano\\\/\",\"url\":\"https:\\\/\\\/www.caudete.org\\\/ayuntamiento\\\/instalada-una-nueva-escultura-en-la-rotonda-de-las-puertas-de-valencia-con-diseno-basado-en-las-torres-de-serrano\\\/\",\"name\":\"Instalada una nueva escultura en la rotonda de las \\\"Puertas de Valencia\\\" con dise\u00f1o basado en las \\\"Torres de Serrano\\\" - MI Ayuntamiento de Caudete\",\"isPartOf\":{\"@id\":\"https:\\\/\\\/www.caudete.org\\\/ayuntamiento\\\/#website\"},\"primaryImageOfPage\":{\"@id\":\"https:\\\/\\\/www.caudete.org\\\/ayuntamiento\\\/instalada-una-nueva-escultura-en-la-rotonda-de-las-puertas-de-valencia-con-diseno-basado-en-las-torres-de-serrano\\\/#primaryimage\"},\"image\":{\"@id\":\"https:\\\/\\\/www.caudete.org\\\/ayuntamiento\\\/instalada-una-nueva-escultura-en-la-rotonda-de-las-puertas-de-valencia-con-diseno-basado-en-las-torres-de-serrano\\\/#primaryimage\"},\"thumbnailUrl\":\"https:\\\/\\\/www.caudete.org\\\/ayuntamiento\\\/wp-content\\\/uploads\\\/2025\\\/12\\\/WhatsApp-Image-2025-12-19-at-08.40.04.jpg\",\"datePublished\":\"2025-12-19T08:58:52+00:00\",\"dateModified\":\"2025-12-19T12:11:00+00:00\",\"author\":{\"@id\":\"https:\\\/\\\/www.caudete.org\\\/ayuntamiento\\\/#\\\/schema\\\/person\\\/abfa5ffd5010a14e078c21e6e61b6291\"},\"description\":\"P\u00e1gina Oficial del Ayuntamiento de Caudete (Albacete)\",\"breadcrumb\":{\"@id\":\"https:\\\/\\\/www.caudete.org\\\/ayuntamiento\\\/instalada-una-nueva-escultura-en-la-rotonda-de-las-puertas-de-valencia-con-diseno-basado-en-las-torres-de-serrano\\\/#breadcrumb\"},\"inLanguage\":\"es\",\"potentialAction\":[{\"@type\":\"ReadAction\",\"target\":[\"https:\\\/\\\/www.caudete.org\\\/ayuntamiento\\\/instalada-una-nueva-escultura-en-la-rotonda-de-las-puertas-de-valencia-con-diseno-basado-en-las-torres-de-serrano\\\/\"]}]},{\"@type\":\"ImageObject\",\"inLanguage\":\"es\",\"@id\":\"https:\\\/\\\/www.caudete.org\\\/ayuntamiento\\\/instalada-una-nueva-escultura-en-la-rotonda-de-las-puertas-de-valencia-con-diseno-basado-en-las-torres-de-serrano\\\/#primaryimage\",\"url\":\"https:\\\/\\\/www.caudete.org\\\/ayuntamiento\\\/wp-content\\\/uploads\\\/2025\\\/12\\\/WhatsApp-Image-2025-12-19-at-08.40.04.jpg\",\"contentUrl\":\"https:\\\/\\\/www.caudete.org\\\/ayuntamiento\\\/wp-content\\\/uploads\\\/2025\\\/12\\\/WhatsApp-Image-2025-12-19-at-08.40.04.jpg\",\"width\":1000,\"height\":750},{\"@type\":\"BreadcrumbList\",\"@id\":\"https:\\\/\\\/www.caudete.org\\\/ayuntamiento\\\/instalada-una-nueva-escultura-en-la-rotonda-de-las-puertas-de-valencia-con-diseno-basado-en-las-torres-de-serrano\\\/#breadcrumb\",\"itemListElement\":[{\"@type\":\"ListItem\",\"position\":1,\"name\":\"Inicio\",\"item\":\"https:\\\/\\\/www.caudete.org\\\/ayuntamiento\\\/\"},{\"@type\":\"ListItem\",\"position\":2,\"name\":\"Instalada una nueva escultura en la rotonda de las &#8220;Puertas de Valencia&#8221; con dise\u00f1o basado en las &#8220;Torres de Serrano&#8221;\"}]},{\"@type\":\"WebSite\",\"@id\":\"https:\\\/\\\/www.caudete.org\\\/ayuntamiento\\\/#website\",\"url\":\"https:\\\/\\\/www.caudete.org\\\/ayuntamiento\\\/\",\"name\":\"MI Ayuntamiento de Caudete\",\"description\":\"P\u00e1gina Oficial del MI Ayuntamiento de Caudete\",\"potentialAction\":[{\"@type\":\"SearchAction\",\"target\":{\"@type\":\"EntryPoint\",\"urlTemplate\":\"https:\\\/\\\/www.caudete.org\\\/ayuntamiento\\\/?s={search_term_string}\"},\"query-input\":{\"@type\":\"PropertyValueSpecification\",\"valueRequired\":true,\"valueName\":\"search_term_string\"}}],\"inLanguage\":\"es\"},{\"@type\":\"Person\",\"@id\":\"https:\\\/\\\/www.caudete.org\\\/ayuntamiento\\\/#\\\/schema\\\/person\\\/abfa5ffd5010a14e078c21e6e61b6291\",\"name\":\"informatica2\",\"image\":{\"@type\":\"ImageObject\",\"inLanguage\":\"es\",\"@id\":\"https:\\\/\\\/secure.gravatar.com\\\/avatar\\\/b089890ff033a3e4d03eec00ecb5a14425217205c513f60ec32ebeaaeb5fa700?s=96&d=mm&r=g\",\"url\":\"https:\\\/\\\/secure.gravatar.com\\\/avatar\\\/b089890ff033a3e4d03eec00ecb5a14425217205c513f60ec32ebeaaeb5fa700?s=96&d=mm&r=g\",\"contentUrl\":\"https:\\\/\\\/secure.gravatar.com\\\/avatar\\\/b089890ff033a3e4d03eec00ecb5a14425217205c513f60ec32ebeaaeb5fa700?s=96&d=mm&r=g\",\"caption\":\"informatica2\"},\"url\":\"https:\\\/\\\/www.caudete.org\\\/ayuntamiento\\\/author\\\/informatica2\\\/\"}]}<\/script>\n<!-- \/ Yoast SEO plugin. -->","yoast_head_json":{"title":"Instalada una nueva escultura en la rotonda de las \"Puertas de Valencia\" con dise\u00f1o basado en las \"Torres de Serrano\" - MI Ayuntamiento de Caudete","description":"P\u00e1gina Oficial del Ayuntamiento de Caudete (Albacete)","robots":{"index":"index","follow":"follow","max-snippet":"max-snippet:-1","max-image-preview":"max-image-preview:large","max-video-preview":"max-video-preview:-1"},"canonical":"https:\/\/www.caudete.org\/ayuntamiento\/instalada-una-nueva-escultura-en-la-rotonda-de-las-puertas-de-valencia-con-diseno-basado-en-las-torres-de-serrano\/","og_locale":"es_ES","og_type":"article","og_title":"Instalada una nueva escultura en la rotonda de las \"Puertas de Valencia\" con dise\u00f1o basado en las \"Torres de Serrano\" - MI Ayuntamiento de Caudete","og_description":"P\u00e1gina Oficial del Ayuntamiento de Caudete (Albacete)","og_url":"https:\/\/www.caudete.org\/ayuntamiento\/instalada-una-nueva-escultura-en-la-rotonda-de-las-puertas-de-valencia-con-diseno-basado-en-las-torres-de-serrano\/","og_site_name":"MI Ayuntamiento de Caudete","article_publisher":"https:\/\/www.facebook.com\/ayuntamientocaudete\/","article_published_time":"2025-12-19T08:58:52+00:00","article_modified_time":"2025-12-19T12:11:00+00:00","og_image":[{"width":1000,"height":750,"url":"https:\/\/www.caudete.org\/ayuntamiento\/wp-content\/uploads\/2025\/12\/WhatsApp-Image-2025-12-19-at-08.40.04.jpg","type":"image\/jpeg"}],"author":"informatica2","twitter_card":"summary_large_image","twitter_misc":{"Escrito por":"informatica2","Tiempo de lectura":"3 minutos"},"schema":{"@context":"https:\/\/schema.org","@graph":[{"@type":"Article","@id":"https:\/\/www.caudete.org\/ayuntamiento\/instalada-una-nueva-escultura-en-la-rotonda-de-las-puertas-de-valencia-con-diseno-basado-en-las-torres-de-serrano\/#article","isPartOf":{"@id":"https:\/\/www.caudete.org\/ayuntamiento\/instalada-una-nueva-escultura-en-la-rotonda-de-las-puertas-de-valencia-con-diseno-basado-en-las-torres-de-serrano\/"},"author":{"name":"informatica2","@id":"https:\/\/www.caudete.org\/ayuntamiento\/#\/schema\/person\/abfa5ffd5010a14e078c21e6e61b6291"},"headline":"Instalada una nueva escultura en la rotonda de las &#8220;Puertas de Valencia&#8221; con dise\u00f1o basado en las &#8220;Torres de Serrano&#8221;","datePublished":"2025-12-19T08:58:52+00:00","dateModified":"2025-12-19T12:11:00+00:00","mainEntityOfPage":{"@id":"https:\/\/www.caudete.org\/ayuntamiento\/instalada-una-nueva-escultura-en-la-rotonda-de-las-puertas-de-valencia-con-diseno-basado-en-las-torres-de-serrano\/"},"wordCount":630,"image":{"@id":"https:\/\/www.caudete.org\/ayuntamiento\/instalada-una-nueva-escultura-en-la-rotonda-de-las-puertas-de-valencia-con-diseno-basado-en-las-torres-de-serrano\/#primaryimage"},"thumbnailUrl":"https:\/\/www.caudete.org\/ayuntamiento\/wp-content\/uploads\/2025\/12\/WhatsApp-Image-2025-12-19-at-08.40.04.jpg","articleSection":["Urbanismo"],"inLanguage":"es"},{"@type":"WebPage","@id":"https:\/\/www.caudete.org\/ayuntamiento\/instalada-una-nueva-escultura-en-la-rotonda-de-las-puertas-de-valencia-con-diseno-basado-en-las-torres-de-serrano\/","url":"https:\/\/www.caudete.org\/ayuntamiento\/instalada-una-nueva-escultura-en-la-rotonda-de-las-puertas-de-valencia-con-diseno-basado-en-las-torres-de-serrano\/","name":"Instalada una nueva escultura en la rotonda de las \"Puertas de Valencia\" con dise\u00f1o basado en las \"Torres de Serrano\" - MI Ayuntamiento de Caudete","isPartOf":{"@id":"https:\/\/www.caudete.org\/ayuntamiento\/#website"},"primaryImageOfPage":{"@id":"https:\/\/www.caudete.org\/ayuntamiento\/instalada-una-nueva-escultura-en-la-rotonda-de-las-puertas-de-valencia-con-diseno-basado-en-las-torres-de-serrano\/#primaryimage"},"image":{"@id":"https:\/\/www.caudete.org\/ayuntamiento\/instalada-una-nueva-escultura-en-la-rotonda-de-las-puertas-de-valencia-con-diseno-basado-en-las-torres-de-serrano\/#primaryimage"},"thumbnailUrl":"https:\/\/www.caudete.org\/ayuntamiento\/wp-content\/uploads\/2025\/12\/WhatsApp-Image-2025-12-19-at-08.40.04.jpg","datePublished":"2025-12-19T08:58:52+00:00","dateModified":"2025-12-19T12:11:00+00:00","author":{"@id":"https:\/\/www.caudete.org\/ayuntamiento\/#\/schema\/person\/abfa5ffd5010a14e078c21e6e61b6291"},"description":"P\u00e1gina Oficial del Ayuntamiento de Caudete (Albacete)","breadcrumb":{"@id":"https:\/\/www.caudete.org\/ayuntamiento\/instalada-una-nueva-escultura-en-la-rotonda-de-las-puertas-de-valencia-con-diseno-basado-en-las-torres-de-serrano\/#breadcrumb"},"inLanguage":"es","potentialAction":[{"@type":"ReadAction","target":["https:\/\/www.caudete.org\/ayuntamiento\/instalada-una-nueva-escultura-en-la-rotonda-de-las-puertas-de-valencia-con-diseno-basado-en-las-torres-de-serrano\/"]}]},{"@type":"ImageObject","inLanguage":"es","@id":"https:\/\/www.caudete.org\/ayuntamiento\/instalada-una-nueva-escultura-en-la-rotonda-de-las-puertas-de-valencia-con-diseno-basado-en-las-torres-de-serrano\/#primaryimage","url":"https:\/\/www.caudete.org\/ayuntamiento\/wp-content\/uploads\/2025\/12\/WhatsApp-Image-2025-12-19-at-08.40.04.jpg","contentUrl":"https:\/\/www.caudete.org\/ayuntamiento\/wp-content\/uploads\/2025\/12\/WhatsApp-Image-2025-12-19-at-08.40.04.jpg","width":1000,"height":750},{"@type":"BreadcrumbList","@id":"https:\/\/www.caudete.org\/ayuntamiento\/instalada-una-nueva-escultura-en-la-rotonda-de-las-puertas-de-valencia-con-diseno-basado-en-las-torres-de-serrano\/#breadcrumb","itemListElement":[{"@type":"ListItem","position":1,"name":"Inicio","item":"https:\/\/www.caudete.org\/ayuntamiento\/"},{"@type":"ListItem","position":2,"name":"Instalada una nueva escultura en la rotonda de las &#8220;Puertas de Valencia&#8221; con dise\u00f1o basado en las &#8220;Torres de Serrano&#8221;"}]},{"@type":"WebSite","@id":"https:\/\/www.caudete.org\/ayuntamiento\/#website","url":"https:\/\/www.caudete.org\/ayuntamiento\/","name":"MI Ayuntamiento de Caudete","description":"P\u00e1gina Oficial del MI Ayuntamiento de Caudete","potentialAction":[{"@type":"SearchAction","target":{"@type":"EntryPoint","urlTemplate":"https:\/\/www.caudete.org\/ayuntamiento\/?s={search_term_string}"},"query-input":{"@type":"PropertyValueSpecification","valueRequired":true,"valueName":"search_term_string"}}],"inLanguage":"es"},{"@type":"Person","@id":"https:\/\/www.caudete.org\/ayuntamiento\/#\/schema\/person\/abfa5ffd5010a14e078c21e6e61b6291","name":"informatica2","image":{"@type":"ImageObject","inLanguage":"es","@id":"https:\/\/secure.gravatar.com\/avatar\/b089890ff033a3e4d03eec00ecb5a14425217205c513f60ec32ebeaaeb5fa700?s=96&d=mm&r=g","url":"https:\/\/secure.gravatar.com\/avatar\/b089890ff033a3e4d03eec00ecb5a14425217205c513f60ec32ebeaaeb5fa700?s=96&d=mm&r=g","contentUrl":"https:\/\/secure.gravatar.com\/avatar\/b089890ff033a3e4d03eec00ecb5a14425217205c513f60ec32ebeaaeb5fa700?s=96&d=mm&r=g","caption":"informatica2"},"url":"https:\/\/www.caudete.org\/ayuntamiento\/author\/informatica2\/"}]}},"_links":{"self":[{"href":"https:\/\/www.caudete.org\/ayuntamiento\/wp-json\/wp\/v2\/posts\/32061","targetHints":{"allow":["GET"]}}],"collection":[{"href":"https:\/\/www.caudete.org\/ayuntamiento\/wp-json\/wp\/v2\/posts"}],"about":[{"href":"https:\/\/www.caudete.org\/ayuntamiento\/wp-json\/wp\/v2\/types\/post"}],"author":[{"embeddable":true,"href":"https:\/\/www.caudete.org\/ayuntamiento\/wp-json\/wp\/v2\/users\/6"}],"replies":[{"embeddable":true,"href":"https:\/\/www.caudete.org\/ayuntamiento\/wp-json\/wp\/v2\/comments?post=32061"}],"version-history":[{"count":7,"href":"https:\/\/www.caudete.org\/ayuntamiento\/wp-json\/wp\/v2\/posts\/32061\/revisions"}],"predecessor-version":[{"id":32082,"href":"https:\/\/www.caudete.org\/ayuntamiento\/wp-json\/wp\/v2\/posts\/32061\/revisions\/32082"}],"wp:featuredmedia":[{"embeddable":true,"href":"https:\/\/www.caudete.org\/ayuntamiento\/wp-json\/wp\/v2\/media\/32068"}],"wp:attachment":[{"href":"https:\/\/www.caudete.org\/ayuntamiento\/wp-json\/wp\/v2\/media?parent=32061"}],"wp:term":[{"taxonomy":"category","embeddable":true,"href":"https:\/\/www.caudete.org\/ayuntamiento\/wp-json\/wp\/v2\/categories?post=32061"},{"taxonomy":"post_tag","embeddable":true,"href":"https:\/\/www.caudete.org\/ayuntamiento\/wp-json\/wp\/v2\/tags?post=32061"}],"curies":[{"name":"wp","href":"https:\/\/api.w.org\/{rel}","templated":true}]}}