{"id":32077,"date":"2025-12-19T13:04:15","date_gmt":"2025-12-19T12:04:15","guid":{"rendered":"https:\/\/www.caudete.org\/ayuntamiento\/?p=32077"},"modified":"2025-12-20T10:26:15","modified_gmt":"2025-12-20T09:26:15","slug":"convacada-la-xii-edicion-premios-amalia-avia","status":"publish","type":"post","link":"https:\/\/www.caudete.org\/ayuntamiento\/convacada-la-xii-edicion-premios-amalia-avia\/","title":{"rendered":"Convacada la XII Edici\u00f3n Premios Amalia Avia"},"content":{"rendered":"<p style=\"text-align: justify;\" align=\"justify\"><span style=\"font-family: Georgia, serif;\"><span style=\"color: #000000;\"><span style=\"font-size: medium;\">La Concejal de Bienestar e Igualdad Social, Mar\u00eda Mart\u00ednez Garc\u00eda, informa que se ha convocado la<\/span><\/span><span style=\"color: #222222;\"><span style=\"font-size: medium;\"> duod\u00e9cima edici\u00f3n de los <\/span><\/span><span style=\"color: #222222;\"><span style=\"font-size: medium;\"><b>Premios Amalia Avia<\/b><\/span><\/span><span style=\"color: #222222;\"><span style=\"font-size: medium;\"> con el objetivo de visibilizar y de potenciar las obras de mujeres artistas de toda la regi\u00f3n.\u00a0<\/span><\/span><\/span><\/p>\n<p style=\"text-align: justify;\" align=\"justify\"><span style=\"color: #000000;\"><span style=\"font-family: Georgia, serif;\"><span style=\"font-size: medium;\">El\u00a0<\/span><\/span><\/span><strong><span style=\"color: #000000;\"><span style=\"font-family: Georgia, serif;\"><span style=\"font-size: medium;\">Diario Oficial de Castilla-La Mancha<\/span><\/span><\/span><\/strong><span style=\"color: #000000;\"><span style=\"font-family: Georgia, serif;\"><span style=\"font-size: medium;\">\u00a0publica este jueves, 18 de diciembre, la nueva convocatoria, a partir de la cual habr\u00e1 un plazo de dos meses contados a partir del 19 de diciembre, para que las artistas presenten sus obras en las tres categor\u00edas a premiar, dibujo y pintura, escultura y otras disciplinas art\u00edsticas, cada una de las cuales estar\u00e1 dotada con 2.000 euros.<\/span><\/span><\/span><\/p>\n<p style=\"text-align: justify;\" align=\"justify\"><span style=\"font-family: Georgia, serif;\"><span style=\"font-size: medium;\"><span style=\"color: #000000;\">Las obras seleccionadas formar\u00e1n parte de la exposici\u00f3n itinerante \u00abMujeres en el Arte, <\/span><span style=\"color: #222222;\"> que ser\u00e1 expuesta en todas las provincias de la regi\u00f3n a partir del pr\u00f3ximo verano de 2026, momento en el que se conocer\u00e1n los nombres de las artistas ganadoras en cada categor\u00eda.\u00a0<\/span><\/span><\/span><\/p>\n<p style=\"text-align: justify;\" align=\"justify\"><span style=\"font-family: Georgia, serif;\"><span style=\"font-size: medium;\">La finalidad de esta convocatoria es promover y fomentar la visibilidad de la mujer en el \u00e1mbito de las artes pl\u00e1sticas y visuales, dando a conocer el potencial art\u00edstico de la mujer en la Regi\u00f3n mediante la exposici\u00f3n itinerante de las obras seleccionadas en el territorio de Castilla-La Mancha<\/span><\/span><\/p>\n<p style=\"text-align: justify;\" align=\"justify\"><span style=\"font-family: Times New Roman, serif;\"><span style=\"font-size: medium;\"><strong><span style=\"color: #222222;\"><span style=\"font-family: Georgia, serif;\">Requisitos<\/span><\/span><\/strong><\/span><\/span><\/p>\n<p style=\"text-align: justify;\" align=\"justify\"><span style=\"font-family: Georgia, serif;\"><span style=\"font-size: medium;\"><span style=\"color: #222222;\">Podr\u00e1n solicitar la participaci\u00f3n en los Premios y Muestra Mujeres en el Arte del Instituto de la Mujer de Castilla-La Mancha todas aquellas mujeres, nacidas o residentes en Castilla-La Mancha, que se hayan titulado en facultades de Bellas Artes o Escuelas de Arte o que hayan expuesto sus obras en, al menos, una muestra o exposici\u00f3n art\u00edstica de \u00e1mbito, como poco, provincial.<\/span><\/span><\/span><\/p>\n<p style=\"text-align: justify;\" align=\"justify\"><span style=\"font-family: Georgia, serif;\"><span style=\"font-size: medium;\"><span style=\"color: #222222;\">Cada solicitante deber\u00e1 presentar junto con la solicitud un m\u00e1ximo de dos obras de su titularidad que puedan enmarcarse en alguna de las tres modalidades.<\/span><\/span><\/span><\/p>\n<p style=\"text-align: justify;\" align=\"justify\"><span style=\"font-family: Georgia, serif;\"><span style=\"font-size: medium;\"><span style=\"color: #222222;\">El tema sobre el que versar\u00e1n los trabajos presentados y la t\u00e9cnica utilizada ser\u00e1n de libre elecci\u00f3n. Del mismo modo, las obras ser\u00e1n originales, de la autor\u00eda y propiedad de las solicitantes, y no podr\u00e1n presentar obras que ya hayan sido expuestas en anteriores premios o muestras de Mujeres en el Arte en Castilla-La Mancha, o hayan sido premiadas con anterioridad en otro certamen o premio.<\/span><\/span><\/span><\/p>\n<p style=\"text-align: justify;\" align=\"justify\"><span style=\"font-family: Times New Roman, serif;\"><span style=\"font-size: medium;\"><strong><span style=\"color: #222222;\"><span style=\"font-family: Georgia, serif;\">Formalizaci\u00f3n de solicitudes<\/span><\/span><\/strong><\/span><\/span><\/p>\n<p style=\"text-align: justify;\" align=\"justify\"><span style=\"font-family: Times New Roman, serif;\"><span style=\"font-size: medium;\"><span style=\"color: #222222;\"><span style=\"font-family: Georgia, serif;\">Las solicitudes se podr\u00e1n presentar de forma telem\u00e1tica con firma electr\u00f3nica, a trav\u00e9s del formulario incluido en la Sede Electr\u00f3nica de la Administraci\u00f3n de la Junta de Comunidades,\u00a0<\/span><\/span><span style=\"color: #0000ff;\"><a href=\"http:\/\/www.jccm.es\/\" target=\"_blank\" rel=\"noopener nofollow\"><span style=\"color: #4c4084;\"><span style=\"font-family: Georgia, serif;\">www.jccm.es<\/span><\/span><\/a><\/span><span style=\"color: #222222;\"><span style=\"font-family: Georgia, serif;\">, o mediante su presentaci\u00f3n en cualquiera de los registros y por los medios previstos en el art\u00edculo 16 de la Ley 39\/2015, de 1 de octubre, del Procedimiento Administrativo Com\u00fan de las Administraciones P\u00fablicas.<\/span><\/span><\/span><\/span><\/p>\n<p style=\"text-align: justify;\" align=\"justify\"><span style=\"font-family: Georgia, serif;\"><span style=\"font-size: medium;\"><span style=\"color: #222222;\">En los XI Premios Amalia Avia, entregados el pasado mes de junio, se presentaron m\u00e1s de 130 trabajos, de los que se seleccionaron\u00a018 obras de 17 mujeres artistas para la composici\u00f3n de la muestra itinerante.<\/span><\/span><\/span><\/p>\n<p><a href=\"https:\/\/docm.jccm.es\/docm\/descargarArchivo.do?ruta=2025\/12\/18\/pdf\/2025_9667.pdf&amp;tipo=rutaDocm\" target=\"_blank\" rel=\"nofollow\">Convocatoria de los XII Premios y Muestra <span class=\"fontstyle0\">Mujeres en el Arte del Instituto de la Mujer de Castilla-La Mancha<\/span><\/a><\/p>\n<p align=\"justify\"><a href=\"https:\/\/www.caudete.org\/ayuntamiento\/wp-content\/uploads\/2025\/12\/Nuevo-Presentacion-OpenDocument.jpg\" rel='prettyPhoto'><img fetchpriority=\"high\" decoding=\"async\" class=\"alignnone wp-image-32079 size-full\" src=\"https:\/\/www.caudete.org\/ayuntamiento\/wp-content\/uploads\/2025\/12\/Nuevo-Presentacion-OpenDocument.jpg\" alt=\"\" width=\"1000\" height=\"563\" srcset=\"https:\/\/www.caudete.org\/ayuntamiento\/wp-content\/uploads\/2025\/12\/Nuevo-Presentacion-OpenDocument.jpg 1000w, https:\/\/www.caudete.org\/ayuntamiento\/wp-content\/uploads\/2025\/12\/Nuevo-Presentacion-OpenDocument-350x197.jpg 350w, https:\/\/www.caudete.org\/ayuntamiento\/wp-content\/uploads\/2025\/12\/Nuevo-Presentacion-OpenDocument-768x432.jpg 768w\" sizes=\"(max-width: 1000px) 100vw, 1000px\" \/><\/a><\/p>\n","protected":false},"excerpt":{"rendered":"<p>La Concejal de Bienestar e Igualdad Social, Mar\u00eda Mart\u00ednez Garc\u00eda, informa que se ha convocado la duod\u00e9cima edici\u00f3n de los Premios Amalia Avia con el objetivo de visibilizar y de potenciar las obras de mujeres artistas de toda la regi\u00f3n.\u00a0 El\u00a0Diario Oficial de Castilla-La Mancha\u00a0publica este jueves, 18 de diciembre, la nueva convocatoria, a partir &hellip;<\/p>\n","protected":false},"author":6,"featured_media":32078,"comment_status":"closed","ping_status":"open","sticky":false,"template":"","format":"standard","meta":{"ngg_post_thumbnail":0,"footnotes":""},"categories":[898],"tags":[],"class_list":["post-32077","post","type-post","status-publish","format-standard","has-post-thumbnail","hentry","category-bienestar-e-igualdad-social"],"yoast_head":"<!-- This site is optimized with the Yoast SEO plugin v27.5 - https:\/\/yoast.com\/product\/yoast-seo-wordpress\/ -->\n<title>Convacada la XII Edici\u00f3n Premios Amalia Avia - MI Ayuntamiento de Caudete<\/title>\n<meta name=\"description\" content=\"P\u00e1gina Oficial del Ayuntamiento de Caudete (Albacete)\" \/>\n<meta name=\"robots\" content=\"index, follow, max-snippet:-1, max-image-preview:large, max-video-preview:-1\" \/>\n<link rel=\"canonical\" href=\"https:\/\/www.caudete.org\/ayuntamiento\/convacada-la-xii-edicion-premios-amalia-avia\/\" \/>\n<meta property=\"og:locale\" content=\"es_ES\" \/>\n<meta property=\"og:type\" content=\"article\" \/>\n<meta property=\"og:title\" content=\"Convacada la XII Edici\u00f3n Premios Amalia Avia - MI Ayuntamiento de Caudete\" \/>\n<meta property=\"og:description\" content=\"P\u00e1gina Oficial del Ayuntamiento de Caudete (Albacete)\" \/>\n<meta property=\"og:url\" content=\"https:\/\/www.caudete.org\/ayuntamiento\/convacada-la-xii-edicion-premios-amalia-avia\/\" \/>\n<meta property=\"og:site_name\" content=\"MI Ayuntamiento de Caudete\" \/>\n<meta property=\"article:publisher\" content=\"https:\/\/www.facebook.com\/ayuntamientocaudete\/\" \/>\n<meta property=\"article:published_time\" content=\"2025-12-19T12:04:15+00:00\" \/>\n<meta property=\"article:modified_time\" content=\"2025-12-20T09:26:15+00:00\" \/>\n<meta property=\"og:image\" content=\"https:\/\/www.caudete.org\/ayuntamiento\/wp-content\/uploads\/2025\/12\/mujeres-en-el-arte_amalia-avia-port.jpg\" \/>\n\t<meta property=\"og:image:width\" content=\"864\" \/>\n\t<meta property=\"og:image:height\" content=\"380\" \/>\n\t<meta property=\"og:image:type\" content=\"image\/jpeg\" \/>\n<meta name=\"author\" content=\"informatica2\" \/>\n<meta name=\"twitter:card\" content=\"summary_large_image\" \/>\n<meta name=\"twitter:label1\" content=\"Escrito por\" \/>\n\t<meta name=\"twitter:data1\" content=\"informatica2\" \/>\n\t<meta name=\"twitter:label2\" content=\"Tiempo de lectura\" \/>\n\t<meta name=\"twitter:data2\" content=\"3 minutos\" \/>\n<script type=\"application\/ld+json\" class=\"yoast-schema-graph\">{\"@context\":\"https:\\\/\\\/schema.org\",\"@graph\":[{\"@type\":\"Article\",\"@id\":\"https:\\\/\\\/www.caudete.org\\\/ayuntamiento\\\/convacada-la-xii-edicion-premios-amalia-avia\\\/#article\",\"isPartOf\":{\"@id\":\"https:\\\/\\\/www.caudete.org\\\/ayuntamiento\\\/convacada-la-xii-edicion-premios-amalia-avia\\\/\"},\"author\":{\"name\":\"informatica2\",\"@id\":\"https:\\\/\\\/www.caudete.org\\\/ayuntamiento\\\/#\\\/schema\\\/person\\\/abfa5ffd5010a14e078c21e6e61b6291\"},\"headline\":\"Convacada la XII Edici\u00f3n Premios Amalia Avia\",\"datePublished\":\"2025-12-19T12:04:15+00:00\",\"dateModified\":\"2025-12-20T09:26:15+00:00\",\"mainEntityOfPage\":{\"@id\":\"https:\\\/\\\/www.caudete.org\\\/ayuntamiento\\\/convacada-la-xii-edicion-premios-amalia-avia\\\/\"},\"wordCount\":516,\"image\":{\"@id\":\"https:\\\/\\\/www.caudete.org\\\/ayuntamiento\\\/convacada-la-xii-edicion-premios-amalia-avia\\\/#primaryimage\"},\"thumbnailUrl\":\"https:\\\/\\\/www.caudete.org\\\/ayuntamiento\\\/wp-content\\\/uploads\\\/2025\\\/12\\\/mujeres-en-el-arte_amalia-avia-port.jpg\",\"articleSection\":[\"Bienestar e Igualdad Social\"],\"inLanguage\":\"es\"},{\"@type\":\"WebPage\",\"@id\":\"https:\\\/\\\/www.caudete.org\\\/ayuntamiento\\\/convacada-la-xii-edicion-premios-amalia-avia\\\/\",\"url\":\"https:\\\/\\\/www.caudete.org\\\/ayuntamiento\\\/convacada-la-xii-edicion-premios-amalia-avia\\\/\",\"name\":\"Convacada la XII Edici\u00f3n Premios Amalia Avia - MI Ayuntamiento de Caudete\",\"isPartOf\":{\"@id\":\"https:\\\/\\\/www.caudete.org\\\/ayuntamiento\\\/#website\"},\"primaryImageOfPage\":{\"@id\":\"https:\\\/\\\/www.caudete.org\\\/ayuntamiento\\\/convacada-la-xii-edicion-premios-amalia-avia\\\/#primaryimage\"},\"image\":{\"@id\":\"https:\\\/\\\/www.caudete.org\\\/ayuntamiento\\\/convacada-la-xii-edicion-premios-amalia-avia\\\/#primaryimage\"},\"thumbnailUrl\":\"https:\\\/\\\/www.caudete.org\\\/ayuntamiento\\\/wp-content\\\/uploads\\\/2025\\\/12\\\/mujeres-en-el-arte_amalia-avia-port.jpg\",\"datePublished\":\"2025-12-19T12:04:15+00:00\",\"dateModified\":\"2025-12-20T09:26:15+00:00\",\"author\":{\"@id\":\"https:\\\/\\\/www.caudete.org\\\/ayuntamiento\\\/#\\\/schema\\\/person\\\/abfa5ffd5010a14e078c21e6e61b6291\"},\"description\":\"P\u00e1gina Oficial del Ayuntamiento de Caudete (Albacete)\",\"breadcrumb\":{\"@id\":\"https:\\\/\\\/www.caudete.org\\\/ayuntamiento\\\/convacada-la-xii-edicion-premios-amalia-avia\\\/#breadcrumb\"},\"inLanguage\":\"es\",\"potentialAction\":[{\"@type\":\"ReadAction\",\"target\":[\"https:\\\/\\\/www.caudete.org\\\/ayuntamiento\\\/convacada-la-xii-edicion-premios-amalia-avia\\\/\"]}]},{\"@type\":\"ImageObject\",\"inLanguage\":\"es\",\"@id\":\"https:\\\/\\\/www.caudete.org\\\/ayuntamiento\\\/convacada-la-xii-edicion-premios-amalia-avia\\\/#primaryimage\",\"url\":\"https:\\\/\\\/www.caudete.org\\\/ayuntamiento\\\/wp-content\\\/uploads\\\/2025\\\/12\\\/mujeres-en-el-arte_amalia-avia-port.jpg\",\"contentUrl\":\"https:\\\/\\\/www.caudete.org\\\/ayuntamiento\\\/wp-content\\\/uploads\\\/2025\\\/12\\\/mujeres-en-el-arte_amalia-avia-port.jpg\",\"width\":864,\"height\":380},{\"@type\":\"BreadcrumbList\",\"@id\":\"https:\\\/\\\/www.caudete.org\\\/ayuntamiento\\\/convacada-la-xii-edicion-premios-amalia-avia\\\/#breadcrumb\",\"itemListElement\":[{\"@type\":\"ListItem\",\"position\":1,\"name\":\"Inicio\",\"item\":\"https:\\\/\\\/www.caudete.org\\\/ayuntamiento\\\/\"},{\"@type\":\"ListItem\",\"position\":2,\"name\":\"Convacada la XII Edici\u00f3n Premios Amalia Avia\"}]},{\"@type\":\"WebSite\",\"@id\":\"https:\\\/\\\/www.caudete.org\\\/ayuntamiento\\\/#website\",\"url\":\"https:\\\/\\\/www.caudete.org\\\/ayuntamiento\\\/\",\"name\":\"MI Ayuntamiento de Caudete\",\"description\":\"P\u00e1gina Oficial del MI Ayuntamiento de Caudete\",\"potentialAction\":[{\"@type\":\"SearchAction\",\"target\":{\"@type\":\"EntryPoint\",\"urlTemplate\":\"https:\\\/\\\/www.caudete.org\\\/ayuntamiento\\\/?s={search_term_string}\"},\"query-input\":{\"@type\":\"PropertyValueSpecification\",\"valueRequired\":true,\"valueName\":\"search_term_string\"}}],\"inLanguage\":\"es\"},{\"@type\":\"Person\",\"@id\":\"https:\\\/\\\/www.caudete.org\\\/ayuntamiento\\\/#\\\/schema\\\/person\\\/abfa5ffd5010a14e078c21e6e61b6291\",\"name\":\"informatica2\",\"image\":{\"@type\":\"ImageObject\",\"inLanguage\":\"es\",\"@id\":\"https:\\\/\\\/secure.gravatar.com\\\/avatar\\\/b089890ff033a3e4d03eec00ecb5a14425217205c513f60ec32ebeaaeb5fa700?s=96&d=mm&r=g\",\"url\":\"https:\\\/\\\/secure.gravatar.com\\\/avatar\\\/b089890ff033a3e4d03eec00ecb5a14425217205c513f60ec32ebeaaeb5fa700?s=96&d=mm&r=g\",\"contentUrl\":\"https:\\\/\\\/secure.gravatar.com\\\/avatar\\\/b089890ff033a3e4d03eec00ecb5a14425217205c513f60ec32ebeaaeb5fa700?s=96&d=mm&r=g\",\"caption\":\"informatica2\"},\"url\":\"https:\\\/\\\/www.caudete.org\\\/ayuntamiento\\\/author\\\/informatica2\\\/\"}]}<\/script>\n<!-- \/ Yoast SEO plugin. -->","yoast_head_json":{"title":"Convacada la XII Edici\u00f3n Premios Amalia Avia - MI Ayuntamiento de Caudete","description":"P\u00e1gina Oficial del Ayuntamiento de Caudete (Albacete)","robots":{"index":"index","follow":"follow","max-snippet":"max-snippet:-1","max-image-preview":"max-image-preview:large","max-video-preview":"max-video-preview:-1"},"canonical":"https:\/\/www.caudete.org\/ayuntamiento\/convacada-la-xii-edicion-premios-amalia-avia\/","og_locale":"es_ES","og_type":"article","og_title":"Convacada la XII Edici\u00f3n Premios Amalia Avia - MI Ayuntamiento de Caudete","og_description":"P\u00e1gina Oficial del Ayuntamiento de Caudete (Albacete)","og_url":"https:\/\/www.caudete.org\/ayuntamiento\/convacada-la-xii-edicion-premios-amalia-avia\/","og_site_name":"MI Ayuntamiento de Caudete","article_publisher":"https:\/\/www.facebook.com\/ayuntamientocaudete\/","article_published_time":"2025-12-19T12:04:15+00:00","article_modified_time":"2025-12-20T09:26:15+00:00","og_image":[{"width":864,"height":380,"url":"https:\/\/www.caudete.org\/ayuntamiento\/wp-content\/uploads\/2025\/12\/mujeres-en-el-arte_amalia-avia-port.jpg","type":"image\/jpeg"}],"author":"informatica2","twitter_card":"summary_large_image","twitter_misc":{"Escrito por":"informatica2","Tiempo de lectura":"3 minutos"},"schema":{"@context":"https:\/\/schema.org","@graph":[{"@type":"Article","@id":"https:\/\/www.caudete.org\/ayuntamiento\/convacada-la-xii-edicion-premios-amalia-avia\/#article","isPartOf":{"@id":"https:\/\/www.caudete.org\/ayuntamiento\/convacada-la-xii-edicion-premios-amalia-avia\/"},"author":{"name":"informatica2","@id":"https:\/\/www.caudete.org\/ayuntamiento\/#\/schema\/person\/abfa5ffd5010a14e078c21e6e61b6291"},"headline":"Convacada la XII Edici\u00f3n Premios Amalia Avia","datePublished":"2025-12-19T12:04:15+00:00","dateModified":"2025-12-20T09:26:15+00:00","mainEntityOfPage":{"@id":"https:\/\/www.caudete.org\/ayuntamiento\/convacada-la-xii-edicion-premios-amalia-avia\/"},"wordCount":516,"image":{"@id":"https:\/\/www.caudete.org\/ayuntamiento\/convacada-la-xii-edicion-premios-amalia-avia\/#primaryimage"},"thumbnailUrl":"https:\/\/www.caudete.org\/ayuntamiento\/wp-content\/uploads\/2025\/12\/mujeres-en-el-arte_amalia-avia-port.jpg","articleSection":["Bienestar e Igualdad Social"],"inLanguage":"es"},{"@type":"WebPage","@id":"https:\/\/www.caudete.org\/ayuntamiento\/convacada-la-xii-edicion-premios-amalia-avia\/","url":"https:\/\/www.caudete.org\/ayuntamiento\/convacada-la-xii-edicion-premios-amalia-avia\/","name":"Convacada la XII Edici\u00f3n Premios Amalia Avia - MI Ayuntamiento de Caudete","isPartOf":{"@id":"https:\/\/www.caudete.org\/ayuntamiento\/#website"},"primaryImageOfPage":{"@id":"https:\/\/www.caudete.org\/ayuntamiento\/convacada-la-xii-edicion-premios-amalia-avia\/#primaryimage"},"image":{"@id":"https:\/\/www.caudete.org\/ayuntamiento\/convacada-la-xii-edicion-premios-amalia-avia\/#primaryimage"},"thumbnailUrl":"https:\/\/www.caudete.org\/ayuntamiento\/wp-content\/uploads\/2025\/12\/mujeres-en-el-arte_amalia-avia-port.jpg","datePublished":"2025-12-19T12:04:15+00:00","dateModified":"2025-12-20T09:26:15+00:00","author":{"@id":"https:\/\/www.caudete.org\/ayuntamiento\/#\/schema\/person\/abfa5ffd5010a14e078c21e6e61b6291"},"description":"P\u00e1gina Oficial del Ayuntamiento de Caudete (Albacete)","breadcrumb":{"@id":"https:\/\/www.caudete.org\/ayuntamiento\/convacada-la-xii-edicion-premios-amalia-avia\/#breadcrumb"},"inLanguage":"es","potentialAction":[{"@type":"ReadAction","target":["https:\/\/www.caudete.org\/ayuntamiento\/convacada-la-xii-edicion-premios-amalia-avia\/"]}]},{"@type":"ImageObject","inLanguage":"es","@id":"https:\/\/www.caudete.org\/ayuntamiento\/convacada-la-xii-edicion-premios-amalia-avia\/#primaryimage","url":"https:\/\/www.caudete.org\/ayuntamiento\/wp-content\/uploads\/2025\/12\/mujeres-en-el-arte_amalia-avia-port.jpg","contentUrl":"https:\/\/www.caudete.org\/ayuntamiento\/wp-content\/uploads\/2025\/12\/mujeres-en-el-arte_amalia-avia-port.jpg","width":864,"height":380},{"@type":"BreadcrumbList","@id":"https:\/\/www.caudete.org\/ayuntamiento\/convacada-la-xii-edicion-premios-amalia-avia\/#breadcrumb","itemListElement":[{"@type":"ListItem","position":1,"name":"Inicio","item":"https:\/\/www.caudete.org\/ayuntamiento\/"},{"@type":"ListItem","position":2,"name":"Convacada la XII Edici\u00f3n Premios Amalia Avia"}]},{"@type":"WebSite","@id":"https:\/\/www.caudete.org\/ayuntamiento\/#website","url":"https:\/\/www.caudete.org\/ayuntamiento\/","name":"MI Ayuntamiento de Caudete","description":"P\u00e1gina Oficial del MI Ayuntamiento de Caudete","potentialAction":[{"@type":"SearchAction","target":{"@type":"EntryPoint","urlTemplate":"https:\/\/www.caudete.org\/ayuntamiento\/?s={search_term_string}"},"query-input":{"@type":"PropertyValueSpecification","valueRequired":true,"valueName":"search_term_string"}}],"inLanguage":"es"},{"@type":"Person","@id":"https:\/\/www.caudete.org\/ayuntamiento\/#\/schema\/person\/abfa5ffd5010a14e078c21e6e61b6291","name":"informatica2","image":{"@type":"ImageObject","inLanguage":"es","@id":"https:\/\/secure.gravatar.com\/avatar\/b089890ff033a3e4d03eec00ecb5a14425217205c513f60ec32ebeaaeb5fa700?s=96&d=mm&r=g","url":"https:\/\/secure.gravatar.com\/avatar\/b089890ff033a3e4d03eec00ecb5a14425217205c513f60ec32ebeaaeb5fa700?s=96&d=mm&r=g","contentUrl":"https:\/\/secure.gravatar.com\/avatar\/b089890ff033a3e4d03eec00ecb5a14425217205c513f60ec32ebeaaeb5fa700?s=96&d=mm&r=g","caption":"informatica2"},"url":"https:\/\/www.caudete.org\/ayuntamiento\/author\/informatica2\/"}]}},"_links":{"self":[{"href":"https:\/\/www.caudete.org\/ayuntamiento\/wp-json\/wp\/v2\/posts\/32077","targetHints":{"allow":["GET"]}}],"collection":[{"href":"https:\/\/www.caudete.org\/ayuntamiento\/wp-json\/wp\/v2\/posts"}],"about":[{"href":"https:\/\/www.caudete.org\/ayuntamiento\/wp-json\/wp\/v2\/types\/post"}],"author":[{"embeddable":true,"href":"https:\/\/www.caudete.org\/ayuntamiento\/wp-json\/wp\/v2\/users\/6"}],"replies":[{"embeddable":true,"href":"https:\/\/www.caudete.org\/ayuntamiento\/wp-json\/wp\/v2\/comments?post=32077"}],"version-history":[{"count":3,"href":"https:\/\/www.caudete.org\/ayuntamiento\/wp-json\/wp\/v2\/posts\/32077\/revisions"}],"predecessor-version":[{"id":32088,"href":"https:\/\/www.caudete.org\/ayuntamiento\/wp-json\/wp\/v2\/posts\/32077\/revisions\/32088"}],"wp:featuredmedia":[{"embeddable":true,"href":"https:\/\/www.caudete.org\/ayuntamiento\/wp-json\/wp\/v2\/media\/32078"}],"wp:attachment":[{"href":"https:\/\/www.caudete.org\/ayuntamiento\/wp-json\/wp\/v2\/media?parent=32077"}],"wp:term":[{"taxonomy":"category","embeddable":true,"href":"https:\/\/www.caudete.org\/ayuntamiento\/wp-json\/wp\/v2\/categories?post=32077"},{"taxonomy":"post_tag","embeddable":true,"href":"https:\/\/www.caudete.org\/ayuntamiento\/wp-json\/wp\/v2\/tags?post=32077"}],"curies":[{"name":"wp","href":"https:\/\/api.w.org\/{rel}","templated":true}]}}