{"id":32084,"date":"2025-12-20T09:32:40","date_gmt":"2025-12-20T08:32:40","guid":{"rendered":"https:\/\/www.caudete.org\/ayuntamiento\/?p=32084"},"modified":"2025-12-20T10:26:37","modified_gmt":"2025-12-20T09:26:37","slug":"la-concejalia-de-cultura-del-ayuntamiento-de-caudete-presenta-el-musical-familiar-mas-esperado-de-estas-navidades-hansel-y-gretel","status":"publish","type":"post","link":"https:\/\/www.caudete.org\/ayuntamiento\/la-concejalia-de-cultura-del-ayuntamiento-de-caudete-presenta-el-musical-familiar-mas-esperado-de-estas-navidades-hansel-y-gretel\/","title":{"rendered":"La Concejal\u00eda de Cultura del Ayuntamiento de Caudete presenta el musical familiar m\u00e1s esperado de estas Navidades: \u201cHansel y Gretel\u201d"},"content":{"rendered":"<p><span style=\"font-family: 'Georgia','serif';\">La Concejal\u00eda de Cultura del Ayuntamiento de Caudete anuncia la llegada a la programaci\u00f3n navide\u00f1a de uno de los espect\u00e1culos familiares m\u00e1s esperados: el musical <strong>\u201cHansel y Gretel\u201d<\/strong>, una adaptaci\u00f3n contempor\u00e1nea del cuento cl\u00e1sico de los Hermanos Grimm que har\u00e1 las delicias de peque\u00f1os y mayores.<\/span><\/p>\n<p><span style=\"font-family: 'Georgia','serif';\">La cita tendr\u00e1 lugar el <strong>domingo 21 de diciembre, a las 18:00 horas<\/strong>, en el <strong>Auditorio Municipal de Caudete<\/strong>, en un espect\u00e1culo pensado para disfrutar en familia durante estas fechas tan especiales.<\/span><\/p>\n<p><span style=\"font-family: 'Georgia','serif';\">En esta versi\u00f3n musical, el bosque est\u00e1 preso de un extra\u00f1o encantamiento y ya no es el para\u00edso que fue. Aunque la situaci\u00f3n es cada vez m\u00e1s dif\u00edcil, Hansel y Gretel mantienen la alegr\u00eda a trav\u00e9s de sus juegos y canciones. Cuando la familia se ve obligada a separarse y los ni\u00f1os quedan abandonados en el bosque, el debilitado Esp\u00edritu del Bosque solo puede susurrar palabras de esperanza.<\/span><\/p>\n<p><span style=\"font-family: 'Georgia','serif';\">En lo m\u00e1s profundo del bosque, los hermanos descubren una casa fant\u00e1stica, llena de luces, colores, chocolate, golosinas, az\u00facar, m\u00fasica y diversi\u00f3n. Pero nada es lo que parece: se trata de la casa de una bruja encantadora que los har\u00e1 bailar, divertirse y\u2026 engordar, engordar y engordar.<\/span><\/p>\n<p><span style=\"font-family: 'Georgia','serif';\">Con valent\u00eda y eterno buen humor, Hansel y Gretel se enfrentar\u00e1n a su destino, demostrando que unidos pueden superar cualquier peligro.<\/span><\/p>\n<p><span style=\"font-family: 'Georgia','serif';\">El musical est\u00e1 adaptado al teatro por <strong>Juan Montoro<\/strong>, con composiciones musicales de <strong>Pablo de Torres<\/strong> y su equipo de <strong>Belter Souls<\/strong>, ofreciendo una puesta en escena divertida, actual y llena de ritmo, que combina el amor por los cuentos tradicionales con una clara vocaci\u00f3n de entretenimiento contempor\u00e1neo.<\/span><\/p>\n<p><span style=\"font-family: 'Georgia','serif';\">El elenco est\u00e1 formado por <strong>Samuel Berenguer, Noelia Camacho, Mar\u00eda Cano, Sergio Alarc\u00f3n, Alba Aracil, Jos\u00e9 Fern\u00e1ndez y Sandra Roma<\/strong>, en una producci\u00f3n de <strong>Nacho Vilar Producciones<\/strong>, garant\u00eda de calidad y experiencia en espect\u00e1culos familiares.<\/span><\/p>\n<p><span style=\"font-family: 'Georgia','serif';\">Una oportunidad \u00fanica para disfrutar de la magia del teatro musical estas Navidades en Caudete.<\/span><\/p>\n<p><a href=\"https:\/\/www.caudete.org\/ayuntamiento\/wp-content\/uploads\/2025\/12\/cartel-Hansel-y-Gretel.jpg\" rel='prettyPhoto'><img fetchpriority=\"high\" decoding=\"async\" class=\"alignnone size-full wp-image-32086\" src=\"https:\/\/www.caudete.org\/ayuntamiento\/wp-content\/uploads\/2025\/12\/cartel-Hansel-y-Gretel.jpg\" alt=\"\" width=\"852\" height=\"1218\" srcset=\"https:\/\/www.caudete.org\/ayuntamiento\/wp-content\/uploads\/2025\/12\/cartel-Hansel-y-Gretel.jpg 852w, https:\/\/www.caudete.org\/ayuntamiento\/wp-content\/uploads\/2025\/12\/cartel-Hansel-y-Gretel-560x800.jpg 560w, https:\/\/www.caudete.org\/ayuntamiento\/wp-content\/uploads\/2025\/12\/cartel-Hansel-y-Gretel-630x900.jpg 630w, https:\/\/www.caudete.org\/ayuntamiento\/wp-content\/uploads\/2025\/12\/cartel-Hansel-y-Gretel-154x220.jpg 154w, https:\/\/www.caudete.org\/ayuntamiento\/wp-content\/uploads\/2025\/12\/cartel-Hansel-y-Gretel-768x1098.jpg 768w\" sizes=\"(max-width: 852px) 100vw, 852px\" \/><\/a><\/p>\n","protected":false},"excerpt":{"rendered":"<p>La Concejal\u00eda de Cultura del Ayuntamiento de Caudete anuncia la llegada a la programaci\u00f3n navide\u00f1a de uno de los espect\u00e1culos familiares m\u00e1s esperados: el musical \u201cHansel y Gretel\u201d, una adaptaci\u00f3n contempor\u00e1nea del cuento cl\u00e1sico de los Hermanos Grimm que har\u00e1 las delicias de peque\u00f1os y mayores. La cita tendr\u00e1 lugar el domingo 21 de diciembre, &hellip;<\/p>\n","protected":false},"author":5,"featured_media":32085,"comment_status":"closed","ping_status":"open","sticky":false,"template":"","format":"standard","meta":{"ngg_post_thumbnail":0,"footnotes":""},"categories":[14],"tags":[],"class_list":["post-32084","post","type-post","status-publish","format-standard","has-post-thumbnail","hentry","category-cultura"],"yoast_head":"<!-- This site is optimized with the Yoast SEO plugin v27.5 - https:\/\/yoast.com\/product\/yoast-seo-wordpress\/ -->\n<title>La Concejal\u00eda de Cultura del Ayuntamiento de Caudete presenta el musical familiar m\u00e1s esperado de estas Navidades: \u201cHansel y Gretel\u201d - MI Ayuntamiento de Caudete<\/title>\n<meta name=\"description\" content=\"P\u00e1gina Oficial del Ayuntamiento de Caudete (Albacete)\" \/>\n<meta name=\"robots\" content=\"index, follow, max-snippet:-1, max-image-preview:large, max-video-preview:-1\" \/>\n<link rel=\"canonical\" href=\"https:\/\/www.caudete.org\/ayuntamiento\/la-concejalia-de-cultura-del-ayuntamiento-de-caudete-presenta-el-musical-familiar-mas-esperado-de-estas-navidades-hansel-y-gretel\/\" \/>\n<meta property=\"og:locale\" content=\"es_ES\" \/>\n<meta property=\"og:type\" content=\"article\" \/>\n<meta property=\"og:title\" content=\"La Concejal\u00eda de Cultura del Ayuntamiento de Caudete presenta el musical familiar m\u00e1s esperado de estas Navidades: \u201cHansel y Gretel\u201d - MI Ayuntamiento de Caudete\" \/>\n<meta property=\"og:description\" content=\"P\u00e1gina Oficial del Ayuntamiento de Caudete (Albacete)\" \/>\n<meta property=\"og:url\" content=\"https:\/\/www.caudete.org\/ayuntamiento\/la-concejalia-de-cultura-del-ayuntamiento-de-caudete-presenta-el-musical-familiar-mas-esperado-de-estas-navidades-hansel-y-gretel\/\" \/>\n<meta property=\"og:site_name\" content=\"MI Ayuntamiento de Caudete\" \/>\n<meta property=\"article:publisher\" content=\"https:\/\/www.facebook.com\/ayuntamientocaudete\/\" \/>\n<meta property=\"article:published_time\" content=\"2025-12-20T08:32:40+00:00\" \/>\n<meta property=\"article:modified_time\" content=\"2025-12-20T09:26:37+00:00\" \/>\n<meta property=\"og:image\" content=\"https:\/\/www.caudete.org\/ayuntamiento\/wp-content\/uploads\/2025\/12\/cartel-Hansel-y-Gretel-port.jpg\" \/>\n\t<meta property=\"og:image:width\" content=\"852\" \/>\n\t<meta property=\"og:image:height\" content=\"432\" \/>\n\t<meta property=\"og:image:type\" content=\"image\/jpeg\" \/>\n<meta name=\"author\" content=\"Dpto Informatica MI Ayuntamiento de Caudete\" \/>\n<meta name=\"twitter:card\" content=\"summary_large_image\" \/>\n<meta name=\"twitter:label1\" content=\"Escrito por\" \/>\n\t<meta name=\"twitter:data1\" content=\"Dpto Informatica MI Ayuntamiento de Caudete\" \/>\n\t<meta name=\"twitter:label2\" content=\"Tiempo de lectura\" \/>\n\t<meta name=\"twitter:data2\" content=\"2 minutos\" \/>\n<script type=\"application\/ld+json\" class=\"yoast-schema-graph\">{\"@context\":\"https:\\\/\\\/schema.org\",\"@graph\":[{\"@type\":\"Article\",\"@id\":\"https:\\\/\\\/www.caudete.org\\\/ayuntamiento\\\/la-concejalia-de-cultura-del-ayuntamiento-de-caudete-presenta-el-musical-familiar-mas-esperado-de-estas-navidades-hansel-y-gretel\\\/#article\",\"isPartOf\":{\"@id\":\"https:\\\/\\\/www.caudete.org\\\/ayuntamiento\\\/la-concejalia-de-cultura-del-ayuntamiento-de-caudete-presenta-el-musical-familiar-mas-esperado-de-estas-navidades-hansel-y-gretel\\\/\"},\"author\":{\"name\":\"Dpto Informatica MI Ayuntamiento de Caudete\",\"@id\":\"https:\\\/\\\/www.caudete.org\\\/ayuntamiento\\\/#\\\/schema\\\/person\\\/4b9eab41761957db9b1bf9c418d1ef46\"},\"headline\":\"La Concejal\u00eda de Cultura del Ayuntamiento de Caudete presenta el musical familiar m\u00e1s esperado de estas Navidades: \u201cHansel y Gretel\u201d\",\"datePublished\":\"2025-12-20T08:32:40+00:00\",\"dateModified\":\"2025-12-20T09:26:37+00:00\",\"mainEntityOfPage\":{\"@id\":\"https:\\\/\\\/www.caudete.org\\\/ayuntamiento\\\/la-concejalia-de-cultura-del-ayuntamiento-de-caudete-presenta-el-musical-familiar-mas-esperado-de-estas-navidades-hansel-y-gretel\\\/\"},\"wordCount\":367,\"image\":{\"@id\":\"https:\\\/\\\/www.caudete.org\\\/ayuntamiento\\\/la-concejalia-de-cultura-del-ayuntamiento-de-caudete-presenta-el-musical-familiar-mas-esperado-de-estas-navidades-hansel-y-gretel\\\/#primaryimage\"},\"thumbnailUrl\":\"https:\\\/\\\/www.caudete.org\\\/ayuntamiento\\\/wp-content\\\/uploads\\\/2025\\\/12\\\/cartel-Hansel-y-Gretel-port.jpg\",\"articleSection\":[\"Cultura\"],\"inLanguage\":\"es\"},{\"@type\":\"WebPage\",\"@id\":\"https:\\\/\\\/www.caudete.org\\\/ayuntamiento\\\/la-concejalia-de-cultura-del-ayuntamiento-de-caudete-presenta-el-musical-familiar-mas-esperado-de-estas-navidades-hansel-y-gretel\\\/\",\"url\":\"https:\\\/\\\/www.caudete.org\\\/ayuntamiento\\\/la-concejalia-de-cultura-del-ayuntamiento-de-caudete-presenta-el-musical-familiar-mas-esperado-de-estas-navidades-hansel-y-gretel\\\/\",\"name\":\"La Concejal\u00eda de Cultura del Ayuntamiento de Caudete presenta el musical familiar m\u00e1s esperado de estas Navidades: \u201cHansel y Gretel\u201d - MI Ayuntamiento de Caudete\",\"isPartOf\":{\"@id\":\"https:\\\/\\\/www.caudete.org\\\/ayuntamiento\\\/#website\"},\"primaryImageOfPage\":{\"@id\":\"https:\\\/\\\/www.caudete.org\\\/ayuntamiento\\\/la-concejalia-de-cultura-del-ayuntamiento-de-caudete-presenta-el-musical-familiar-mas-esperado-de-estas-navidades-hansel-y-gretel\\\/#primaryimage\"},\"image\":{\"@id\":\"https:\\\/\\\/www.caudete.org\\\/ayuntamiento\\\/la-concejalia-de-cultura-del-ayuntamiento-de-caudete-presenta-el-musical-familiar-mas-esperado-de-estas-navidades-hansel-y-gretel\\\/#primaryimage\"},\"thumbnailUrl\":\"https:\\\/\\\/www.caudete.org\\\/ayuntamiento\\\/wp-content\\\/uploads\\\/2025\\\/12\\\/cartel-Hansel-y-Gretel-port.jpg\",\"datePublished\":\"2025-12-20T08:32:40+00:00\",\"dateModified\":\"2025-12-20T09:26:37+00:00\",\"author\":{\"@id\":\"https:\\\/\\\/www.caudete.org\\\/ayuntamiento\\\/#\\\/schema\\\/person\\\/4b9eab41761957db9b1bf9c418d1ef46\"},\"description\":\"P\u00e1gina Oficial del Ayuntamiento de Caudete (Albacete)\",\"breadcrumb\":{\"@id\":\"https:\\\/\\\/www.caudete.org\\\/ayuntamiento\\\/la-concejalia-de-cultura-del-ayuntamiento-de-caudete-presenta-el-musical-familiar-mas-esperado-de-estas-navidades-hansel-y-gretel\\\/#breadcrumb\"},\"inLanguage\":\"es\",\"potentialAction\":[{\"@type\":\"ReadAction\",\"target\":[\"https:\\\/\\\/www.caudete.org\\\/ayuntamiento\\\/la-concejalia-de-cultura-del-ayuntamiento-de-caudete-presenta-el-musical-familiar-mas-esperado-de-estas-navidades-hansel-y-gretel\\\/\"]}]},{\"@type\":\"ImageObject\",\"inLanguage\":\"es\",\"@id\":\"https:\\\/\\\/www.caudete.org\\\/ayuntamiento\\\/la-concejalia-de-cultura-del-ayuntamiento-de-caudete-presenta-el-musical-familiar-mas-esperado-de-estas-navidades-hansel-y-gretel\\\/#primaryimage\",\"url\":\"https:\\\/\\\/www.caudete.org\\\/ayuntamiento\\\/wp-content\\\/uploads\\\/2025\\\/12\\\/cartel-Hansel-y-Gretel-port.jpg\",\"contentUrl\":\"https:\\\/\\\/www.caudete.org\\\/ayuntamiento\\\/wp-content\\\/uploads\\\/2025\\\/12\\\/cartel-Hansel-y-Gretel-port.jpg\",\"width\":852,\"height\":432},{\"@type\":\"BreadcrumbList\",\"@id\":\"https:\\\/\\\/www.caudete.org\\\/ayuntamiento\\\/la-concejalia-de-cultura-del-ayuntamiento-de-caudete-presenta-el-musical-familiar-mas-esperado-de-estas-navidades-hansel-y-gretel\\\/#breadcrumb\",\"itemListElement\":[{\"@type\":\"ListItem\",\"position\":1,\"name\":\"Inicio\",\"item\":\"https:\\\/\\\/www.caudete.org\\\/ayuntamiento\\\/\"},{\"@type\":\"ListItem\",\"position\":2,\"name\":\"La Concejal\u00eda de Cultura del Ayuntamiento de Caudete presenta el musical familiar m\u00e1s esperado de estas Navidades: \u201cHansel y Gretel\u201d\"}]},{\"@type\":\"WebSite\",\"@id\":\"https:\\\/\\\/www.caudete.org\\\/ayuntamiento\\\/#website\",\"url\":\"https:\\\/\\\/www.caudete.org\\\/ayuntamiento\\\/\",\"name\":\"MI Ayuntamiento de Caudete\",\"description\":\"P\u00e1gina Oficial del MI Ayuntamiento de Caudete\",\"potentialAction\":[{\"@type\":\"SearchAction\",\"target\":{\"@type\":\"EntryPoint\",\"urlTemplate\":\"https:\\\/\\\/www.caudete.org\\\/ayuntamiento\\\/?s={search_term_string}\"},\"query-input\":{\"@type\":\"PropertyValueSpecification\",\"valueRequired\":true,\"valueName\":\"search_term_string\"}}],\"inLanguage\":\"es\"},{\"@type\":\"Person\",\"@id\":\"https:\\\/\\\/www.caudete.org\\\/ayuntamiento\\\/#\\\/schema\\\/person\\\/4b9eab41761957db9b1bf9c418d1ef46\",\"name\":\"Dpto Informatica MI Ayuntamiento de Caudete\",\"image\":{\"@type\":\"ImageObject\",\"inLanguage\":\"es\",\"@id\":\"https:\\\/\\\/secure.gravatar.com\\\/avatar\\\/ac0321ee4a0a83e82a253e7b2d348ef539e2c8fe16d06b600bde04de1b364fa7?s=96&d=mm&r=g\",\"url\":\"https:\\\/\\\/secure.gravatar.com\\\/avatar\\\/ac0321ee4a0a83e82a253e7b2d348ef539e2c8fe16d06b600bde04de1b364fa7?s=96&d=mm&r=g\",\"contentUrl\":\"https:\\\/\\\/secure.gravatar.com\\\/avatar\\\/ac0321ee4a0a83e82a253e7b2d348ef539e2c8fe16d06b600bde04de1b364fa7?s=96&d=mm&r=g\",\"caption\":\"Dpto Informatica MI Ayuntamiento de Caudete\"},\"url\":\"https:\\\/\\\/www.caudete.org\\\/ayuntamiento\\\/author\\\/informatica\\\/\"}]}<\/script>\n<!-- \/ Yoast SEO plugin. -->","yoast_head_json":{"title":"La Concejal\u00eda de Cultura del Ayuntamiento de Caudete presenta el musical familiar m\u00e1s esperado de estas Navidades: \u201cHansel y Gretel\u201d - MI Ayuntamiento de Caudete","description":"P\u00e1gina Oficial del Ayuntamiento de Caudete (Albacete)","robots":{"index":"index","follow":"follow","max-snippet":"max-snippet:-1","max-image-preview":"max-image-preview:large","max-video-preview":"max-video-preview:-1"},"canonical":"https:\/\/www.caudete.org\/ayuntamiento\/la-concejalia-de-cultura-del-ayuntamiento-de-caudete-presenta-el-musical-familiar-mas-esperado-de-estas-navidades-hansel-y-gretel\/","og_locale":"es_ES","og_type":"article","og_title":"La Concejal\u00eda de Cultura del Ayuntamiento de Caudete presenta el musical familiar m\u00e1s esperado de estas Navidades: \u201cHansel y Gretel\u201d - MI Ayuntamiento de Caudete","og_description":"P\u00e1gina Oficial del Ayuntamiento de Caudete (Albacete)","og_url":"https:\/\/www.caudete.org\/ayuntamiento\/la-concejalia-de-cultura-del-ayuntamiento-de-caudete-presenta-el-musical-familiar-mas-esperado-de-estas-navidades-hansel-y-gretel\/","og_site_name":"MI Ayuntamiento de Caudete","article_publisher":"https:\/\/www.facebook.com\/ayuntamientocaudete\/","article_published_time":"2025-12-20T08:32:40+00:00","article_modified_time":"2025-12-20T09:26:37+00:00","og_image":[{"width":852,"height":432,"url":"https:\/\/www.caudete.org\/ayuntamiento\/wp-content\/uploads\/2025\/12\/cartel-Hansel-y-Gretel-port.jpg","type":"image\/jpeg"}],"author":"Dpto Informatica MI Ayuntamiento de Caudete","twitter_card":"summary_large_image","twitter_misc":{"Escrito por":"Dpto Informatica MI Ayuntamiento de Caudete","Tiempo de lectura":"2 minutos"},"schema":{"@context":"https:\/\/schema.org","@graph":[{"@type":"Article","@id":"https:\/\/www.caudete.org\/ayuntamiento\/la-concejalia-de-cultura-del-ayuntamiento-de-caudete-presenta-el-musical-familiar-mas-esperado-de-estas-navidades-hansel-y-gretel\/#article","isPartOf":{"@id":"https:\/\/www.caudete.org\/ayuntamiento\/la-concejalia-de-cultura-del-ayuntamiento-de-caudete-presenta-el-musical-familiar-mas-esperado-de-estas-navidades-hansel-y-gretel\/"},"author":{"name":"Dpto Informatica MI Ayuntamiento de Caudete","@id":"https:\/\/www.caudete.org\/ayuntamiento\/#\/schema\/person\/4b9eab41761957db9b1bf9c418d1ef46"},"headline":"La Concejal\u00eda de Cultura del Ayuntamiento de Caudete presenta el musical familiar m\u00e1s esperado de estas Navidades: \u201cHansel y Gretel\u201d","datePublished":"2025-12-20T08:32:40+00:00","dateModified":"2025-12-20T09:26:37+00:00","mainEntityOfPage":{"@id":"https:\/\/www.caudete.org\/ayuntamiento\/la-concejalia-de-cultura-del-ayuntamiento-de-caudete-presenta-el-musical-familiar-mas-esperado-de-estas-navidades-hansel-y-gretel\/"},"wordCount":367,"image":{"@id":"https:\/\/www.caudete.org\/ayuntamiento\/la-concejalia-de-cultura-del-ayuntamiento-de-caudete-presenta-el-musical-familiar-mas-esperado-de-estas-navidades-hansel-y-gretel\/#primaryimage"},"thumbnailUrl":"https:\/\/www.caudete.org\/ayuntamiento\/wp-content\/uploads\/2025\/12\/cartel-Hansel-y-Gretel-port.jpg","articleSection":["Cultura"],"inLanguage":"es"},{"@type":"WebPage","@id":"https:\/\/www.caudete.org\/ayuntamiento\/la-concejalia-de-cultura-del-ayuntamiento-de-caudete-presenta-el-musical-familiar-mas-esperado-de-estas-navidades-hansel-y-gretel\/","url":"https:\/\/www.caudete.org\/ayuntamiento\/la-concejalia-de-cultura-del-ayuntamiento-de-caudete-presenta-el-musical-familiar-mas-esperado-de-estas-navidades-hansel-y-gretel\/","name":"La Concejal\u00eda de Cultura del Ayuntamiento de Caudete presenta el musical familiar m\u00e1s esperado de estas Navidades: \u201cHansel y Gretel\u201d - MI Ayuntamiento de Caudete","isPartOf":{"@id":"https:\/\/www.caudete.org\/ayuntamiento\/#website"},"primaryImageOfPage":{"@id":"https:\/\/www.caudete.org\/ayuntamiento\/la-concejalia-de-cultura-del-ayuntamiento-de-caudete-presenta-el-musical-familiar-mas-esperado-de-estas-navidades-hansel-y-gretel\/#primaryimage"},"image":{"@id":"https:\/\/www.caudete.org\/ayuntamiento\/la-concejalia-de-cultura-del-ayuntamiento-de-caudete-presenta-el-musical-familiar-mas-esperado-de-estas-navidades-hansel-y-gretel\/#primaryimage"},"thumbnailUrl":"https:\/\/www.caudete.org\/ayuntamiento\/wp-content\/uploads\/2025\/12\/cartel-Hansel-y-Gretel-port.jpg","datePublished":"2025-12-20T08:32:40+00:00","dateModified":"2025-12-20T09:26:37+00:00","author":{"@id":"https:\/\/www.caudete.org\/ayuntamiento\/#\/schema\/person\/4b9eab41761957db9b1bf9c418d1ef46"},"description":"P\u00e1gina Oficial del Ayuntamiento de Caudete (Albacete)","breadcrumb":{"@id":"https:\/\/www.caudete.org\/ayuntamiento\/la-concejalia-de-cultura-del-ayuntamiento-de-caudete-presenta-el-musical-familiar-mas-esperado-de-estas-navidades-hansel-y-gretel\/#breadcrumb"},"inLanguage":"es","potentialAction":[{"@type":"ReadAction","target":["https:\/\/www.caudete.org\/ayuntamiento\/la-concejalia-de-cultura-del-ayuntamiento-de-caudete-presenta-el-musical-familiar-mas-esperado-de-estas-navidades-hansel-y-gretel\/"]}]},{"@type":"ImageObject","inLanguage":"es","@id":"https:\/\/www.caudete.org\/ayuntamiento\/la-concejalia-de-cultura-del-ayuntamiento-de-caudete-presenta-el-musical-familiar-mas-esperado-de-estas-navidades-hansel-y-gretel\/#primaryimage","url":"https:\/\/www.caudete.org\/ayuntamiento\/wp-content\/uploads\/2025\/12\/cartel-Hansel-y-Gretel-port.jpg","contentUrl":"https:\/\/www.caudete.org\/ayuntamiento\/wp-content\/uploads\/2025\/12\/cartel-Hansel-y-Gretel-port.jpg","width":852,"height":432},{"@type":"BreadcrumbList","@id":"https:\/\/www.caudete.org\/ayuntamiento\/la-concejalia-de-cultura-del-ayuntamiento-de-caudete-presenta-el-musical-familiar-mas-esperado-de-estas-navidades-hansel-y-gretel\/#breadcrumb","itemListElement":[{"@type":"ListItem","position":1,"name":"Inicio","item":"https:\/\/www.caudete.org\/ayuntamiento\/"},{"@type":"ListItem","position":2,"name":"La Concejal\u00eda de Cultura del Ayuntamiento de Caudete presenta el musical familiar m\u00e1s esperado de estas Navidades: \u201cHansel y Gretel\u201d"}]},{"@type":"WebSite","@id":"https:\/\/www.caudete.org\/ayuntamiento\/#website","url":"https:\/\/www.caudete.org\/ayuntamiento\/","name":"MI Ayuntamiento de Caudete","description":"P\u00e1gina Oficial del MI Ayuntamiento de Caudete","potentialAction":[{"@type":"SearchAction","target":{"@type":"EntryPoint","urlTemplate":"https:\/\/www.caudete.org\/ayuntamiento\/?s={search_term_string}"},"query-input":{"@type":"PropertyValueSpecification","valueRequired":true,"valueName":"search_term_string"}}],"inLanguage":"es"},{"@type":"Person","@id":"https:\/\/www.caudete.org\/ayuntamiento\/#\/schema\/person\/4b9eab41761957db9b1bf9c418d1ef46","name":"Dpto Informatica MI Ayuntamiento de Caudete","image":{"@type":"ImageObject","inLanguage":"es","@id":"https:\/\/secure.gravatar.com\/avatar\/ac0321ee4a0a83e82a253e7b2d348ef539e2c8fe16d06b600bde04de1b364fa7?s=96&d=mm&r=g","url":"https:\/\/secure.gravatar.com\/avatar\/ac0321ee4a0a83e82a253e7b2d348ef539e2c8fe16d06b600bde04de1b364fa7?s=96&d=mm&r=g","contentUrl":"https:\/\/secure.gravatar.com\/avatar\/ac0321ee4a0a83e82a253e7b2d348ef539e2c8fe16d06b600bde04de1b364fa7?s=96&d=mm&r=g","caption":"Dpto Informatica MI Ayuntamiento de Caudete"},"url":"https:\/\/www.caudete.org\/ayuntamiento\/author\/informatica\/"}]}},"_links":{"self":[{"href":"https:\/\/www.caudete.org\/ayuntamiento\/wp-json\/wp\/v2\/posts\/32084","targetHints":{"allow":["GET"]}}],"collection":[{"href":"https:\/\/www.caudete.org\/ayuntamiento\/wp-json\/wp\/v2\/posts"}],"about":[{"href":"https:\/\/www.caudete.org\/ayuntamiento\/wp-json\/wp\/v2\/types\/post"}],"author":[{"embeddable":true,"href":"https:\/\/www.caudete.org\/ayuntamiento\/wp-json\/wp\/v2\/users\/5"}],"replies":[{"embeddable":true,"href":"https:\/\/www.caudete.org\/ayuntamiento\/wp-json\/wp\/v2\/comments?post=32084"}],"version-history":[{"count":2,"href":"https:\/\/www.caudete.org\/ayuntamiento\/wp-json\/wp\/v2\/posts\/32084\/revisions"}],"predecessor-version":[{"id":32089,"href":"https:\/\/www.caudete.org\/ayuntamiento\/wp-json\/wp\/v2\/posts\/32084\/revisions\/32089"}],"wp:featuredmedia":[{"embeddable":true,"href":"https:\/\/www.caudete.org\/ayuntamiento\/wp-json\/wp\/v2\/media\/32085"}],"wp:attachment":[{"href":"https:\/\/www.caudete.org\/ayuntamiento\/wp-json\/wp\/v2\/media?parent=32084"}],"wp:term":[{"taxonomy":"category","embeddable":true,"href":"https:\/\/www.caudete.org\/ayuntamiento\/wp-json\/wp\/v2\/categories?post=32084"},{"taxonomy":"post_tag","embeddable":true,"href":"https:\/\/www.caudete.org\/ayuntamiento\/wp-json\/wp\/v2\/tags?post=32084"}],"curies":[{"name":"wp","href":"https:\/\/api.w.org\/{rel}","templated":true}]}}