{"id":32098,"date":"2025-12-24T18:19:52","date_gmt":"2025-12-24T17:19:52","guid":{"rendered":"https:\/\/www.caudete.org\/ayuntamiento\/?p=32098"},"modified":"2025-12-24T18:19:52","modified_gmt":"2025-12-24T17:19:52","slug":"el-concejal-de-medio-ambiente-visita-el-albergue-canino-municipal-en-nochebuena-y-destaca-el-gran-trabajo-realizado-durante-2025","status":"publish","type":"post","link":"https:\/\/www.caudete.org\/ayuntamiento\/el-concejal-de-medio-ambiente-visita-el-albergue-canino-municipal-en-nochebuena-y-destaca-el-gran-trabajo-realizado-durante-2025\/","title":{"rendered":"El concejal de Medio Ambiente visita el albergue canino municipal en Nochebuena y destaca el gran trabajo realizado durante 2025"},"content":{"rendered":"<p data-start=\"238\" data-end=\"568\">En la tarde de hoy, <strong data-start=\"258\" data-end=\"272\">Nochebuena<\/strong>, el Concejal de Medio Ambiente del <strong data-start=\"308\" data-end=\"347\">Muy Ilustre Ayuntamiento de Caudete<\/strong>, <strong data-start=\"349\" data-end=\"376\">Francisco Jos\u00e9 Castell\u00f3<\/strong>, ha visitado las instalaciones municipales del albergue canino, donde actualmente pasar\u00e1n estas fechas tan especiales <strong data-start=\"495\" data-end=\"511\">ocho peludos<\/strong> que, en su d\u00eda, fueron abandonados por sus propietarios.<\/p>\n<p data-start=\"570\" data-end=\"1017\">Durante la visita, el concejal ha podido comprobar de primera mano <strong data-start=\"637\" data-end=\"680\">el excelente estado, cuidado y atenci\u00f3n<\/strong> que reciben estos animales gracias al gran trabajo y dedicaci\u00f3n de <strong data-start=\"748\" data-end=\"764\">Javier Ba\u00f1\u00f3n<\/strong>, responsable del servicio, y de <strong data-start=\"797\" data-end=\"806\">Edgar<\/strong>, quien cubrir\u00e1 estos d\u00edas de vacaciones para asegurar que el servicio contin\u00fae activo <strong data-start=\"893\" data-end=\"942\">las 24 horas del d\u00eda, los 7 d\u00edas de la semana<\/strong>, tambi\u00e9n en Navidad, porque los animales nunca dejan de necesitar cuidado.<\/p>\n<p data-start=\"1019\" data-end=\"1625\">Estas fechas invitan a reflexionar, y tambi\u00e9n es momento de poner en valor el esfuerzo realizado durante todo el a\u00f1o. En este 2025, el servicio del albergue canino ha realizado <strong data-start=\"1196\" data-end=\"1223\">129 recogidas de perros<\/strong>. De ellas, <strong data-start=\"1235\" data-end=\"1283\">78 mascotas pudieron volver con sus familias<\/strong>, demostrando que en muchos casos se trataba de animales perdidos que pudieron reencontrarse con sus due\u00f1os. Por desgracia, tambi\u00e9n hay momentos tristes, y lamentamos profundamente que <strong data-start=\"1468\" data-end=\"1534\">un perro tuvo que ser sacrificado debido a un tumor inoperable<\/strong>, una decisi\u00f3n dif\u00edcil pero tomada siempre pensando en su bienestar y evitando sufrimiento.<\/p>\n<p data-start=\"1627\" data-end=\"2126\">Pero tambi\u00e9n hay motivos para la esperanza y la alegr\u00eda. El dato m\u00e1s ilusionante del a\u00f1o es el de las <strong data-start=\"1729\" data-end=\"1757\">50 adopciones realizadas<\/strong>. Son <strong data-start=\"1763\" data-end=\"1798\">50 perros que ya no est\u00e1n solos<\/strong>, que hoy cuentan con un hogar, cari\u00f1o y una familia que les ha dado una segunda oportunidad. Detr\u00e1s de cada adopci\u00f3n hay una historia de afecto, de compromiso y de esperanza. Muchas de ellas han sido posibles gracias a la sensibilidad y solidaridad de los caudetanos, que han demostrado, una vez m\u00e1s, ser un pueblo con coraz\u00f3n.<\/p>\n<p data-start=\"2128\" data-end=\"2435\">No debemos olvidar un mensaje fundamental: <strong data-start=\"2171\" data-end=\"2200\">un perro no es un juguete<\/strong>. Adoptar implica responsabilidad, compromiso, tiempo, sacrificio y tambi\u00e9n gastos econ\u00f3micos. Pero quien toma esta decisi\u00f3n descubre pronto que ese compa\u00f1ero devuelve con creces todo el cari\u00f1o que recibe, con lealtad y agradecimiento.<\/p>\n<p data-start=\"2437\" data-end=\"2679\">Recordamos que cualquier persona interesada en adoptar, colaborar o conocer a los animales que buscan hogar puede visitar la p\u00e1gina de Facebook de <strong data-start=\"2584\" data-end=\"2598\">Esprinecco<\/strong>, donde se publica toda la informaci\u00f3n sobre los peludos que esperan una familia.<\/p>\n<p data-start=\"2681\" data-end=\"2953\">Desde la Concejal\u00eda de Medio Ambiente queremos agradecer el trabajo incansable del personal del albergue y el coraz\u00f3n de todas las familias adoptantes. Y, especialmente en estas fechas, queremos enviar un mensaje de respeto, humanidad y responsabilidad hacia los animales.<\/p>\n<p data-start=\"2955\" data-end=\"3067\"><strong data-start=\"2955\" data-end=\"3067\">Feliz Navidad a todos y, muy especialmente, a quienes siguen cuidando y protegiendo a quienes no tienen voz.<\/strong><\/p>\n<p data-start=\"3072\" data-end=\"3243\" data-is-last-node=\"\" data-is-only-node=\"\">Francisco Jos\u00e9 Castell\u00f3 Castell\u00f3<br data-start=\"3104\" data-end=\"3107\" \/>Concejal de Medio Ambiente, Medio Rural, Servicios, Comunicaci\u00f3n y Prensa<br data-start=\"3180\" data-end=\"3183\" \/>2\u00ba Teniente de Alcalde \u2013 Muy Ilustre Ayuntamiento de Caudete<\/p>\n<p data-start=\"3072\" data-end=\"3243\" data-is-last-node=\"\" data-is-only-node=\"\">\n<p data-start=\"3072\" data-end=\"3243\" data-is-last-node=\"\" data-is-only-node=\"\">\n<p data-start=\"3072\" data-end=\"3243\" data-is-last-node=\"\" data-is-only-node=\"\">\n<p data-start=\"3072\" data-end=\"3243\" data-is-last-node=\"\" data-is-only-node=\"\">\n<p data-start=\"3072\" data-end=\"3243\" data-is-last-node=\"\" data-is-only-node=\"\"><img fetchpriority=\"high\" decoding=\"async\" class=\"alignnone size-medium wp-image-32105\" src=\"https:\/\/www.caudete.org\/ayuntamiento\/wp-content\/uploads\/2025\/12\/38eb2b6a-ed9c-4163-8faf-467a5099c42a-2-1067x800.jpg\" alt=\"\" width=\"1067\" height=\"800\" srcset=\"https:\/\/www.caudete.org\/ayuntamiento\/wp-content\/uploads\/2025\/12\/38eb2b6a-ed9c-4163-8faf-467a5099c42a-2-1067x800.jpg 1067w, https:\/\/www.caudete.org\/ayuntamiento\/wp-content\/uploads\/2025\/12\/38eb2b6a-ed9c-4163-8faf-467a5099c42a-2-1200x900.jpg 1200w, https:\/\/www.caudete.org\/ayuntamiento\/wp-content\/uploads\/2025\/12\/38eb2b6a-ed9c-4163-8faf-467a5099c42a-2-293x220.jpg 293w, https:\/\/www.caudete.org\/ayuntamiento\/wp-content\/uploads\/2025\/12\/38eb2b6a-ed9c-4163-8faf-467a5099c42a-2-768x576.jpg 768w, https:\/\/www.caudete.org\/ayuntamiento\/wp-content\/uploads\/2025\/12\/38eb2b6a-ed9c-4163-8faf-467a5099c42a-2-1536x1152.jpg 1536w, https:\/\/www.caudete.org\/ayuntamiento\/wp-content\/uploads\/2025\/12\/38eb2b6a-ed9c-4163-8faf-467a5099c42a-2.jpg 1600w\" sizes=\"(max-width: 1067px) 100vw, 1067px\" \/><\/p>\n<p data-start=\"3072\" data-end=\"3243\" data-is-last-node=\"\" data-is-only-node=\"\">\n<p data-start=\"3072\" data-end=\"3243\" data-is-last-node=\"\" data-is-only-node=\"\">\n<p data-start=\"3072\" data-end=\"3243\" data-is-last-node=\"\" data-is-only-node=\"\">\n<p data-start=\"3072\" data-end=\"3243\" data-is-last-node=\"\" data-is-only-node=\"\">\n<p data-start=\"3072\" data-end=\"3243\" data-is-last-node=\"\" data-is-only-node=\"\">\n<p data-start=\"3072\" data-end=\"3243\" data-is-last-node=\"\" data-is-only-node=\"\"><img decoding=\"async\" class=\"alignnone size-medium wp-image-32106\" src=\"https:\/\/www.caudete.org\/ayuntamiento\/wp-content\/uploads\/2025\/12\/060a7ecd-9435-4225-b6fc-c34d57fabc3a-1-1067x800.jpg\" alt=\"\" width=\"1067\" height=\"800\" srcset=\"https:\/\/www.caudete.org\/ayuntamiento\/wp-content\/uploads\/2025\/12\/060a7ecd-9435-4225-b6fc-c34d57fabc3a-1-1067x800.jpg 1067w, https:\/\/www.caudete.org\/ayuntamiento\/wp-content\/uploads\/2025\/12\/060a7ecd-9435-4225-b6fc-c34d57fabc3a-1-1200x900.jpg 1200w, https:\/\/www.caudete.org\/ayuntamiento\/wp-content\/uploads\/2025\/12\/060a7ecd-9435-4225-b6fc-c34d57fabc3a-1-293x220.jpg 293w, https:\/\/www.caudete.org\/ayuntamiento\/wp-content\/uploads\/2025\/12\/060a7ecd-9435-4225-b6fc-c34d57fabc3a-1-768x576.jpg 768w, https:\/\/www.caudete.org\/ayuntamiento\/wp-content\/uploads\/2025\/12\/060a7ecd-9435-4225-b6fc-c34d57fabc3a-1-1536x1152.jpg 1536w, https:\/\/www.caudete.org\/ayuntamiento\/wp-content\/uploads\/2025\/12\/060a7ecd-9435-4225-b6fc-c34d57fabc3a-1.jpg 1600w\" sizes=\"(max-width: 1067px) 100vw, 1067px\" \/><\/p>\n<p data-start=\"3072\" data-end=\"3243\" data-is-last-node=\"\" data-is-only-node=\"\">\n<p data-start=\"3072\" data-end=\"3243\" data-is-last-node=\"\" data-is-only-node=\"\">\n<p data-start=\"3072\" data-end=\"3243\" data-is-last-node=\"\" data-is-only-node=\"\">\n<p data-start=\"3072\" data-end=\"3243\" data-is-last-node=\"\" data-is-only-node=\"\">\n<p data-start=\"3072\" data-end=\"3243\" data-is-last-node=\"\" data-is-only-node=\"\">\n<p data-start=\"3072\" data-end=\"3243\" data-is-last-node=\"\" data-is-only-node=\"\"><img decoding=\"async\" class=\"alignnone size-medium wp-image-32107\" src=\"https:\/\/www.caudete.org\/ayuntamiento\/wp-content\/uploads\/2025\/12\/2f624025-8079-4007-86e4-c66ba764b9b9-1067x800.jpg\" alt=\"\" width=\"1067\" height=\"800\" srcset=\"https:\/\/www.caudete.org\/ayuntamiento\/wp-content\/uploads\/2025\/12\/2f624025-8079-4007-86e4-c66ba764b9b9-1067x800.jpg 1067w, https:\/\/www.caudete.org\/ayuntamiento\/wp-content\/uploads\/2025\/12\/2f624025-8079-4007-86e4-c66ba764b9b9-1200x900.jpg 1200w, https:\/\/www.caudete.org\/ayuntamiento\/wp-content\/uploads\/2025\/12\/2f624025-8079-4007-86e4-c66ba764b9b9-293x220.jpg 293w, https:\/\/www.caudete.org\/ayuntamiento\/wp-content\/uploads\/2025\/12\/2f624025-8079-4007-86e4-c66ba764b9b9-768x576.jpg 768w, https:\/\/www.caudete.org\/ayuntamiento\/wp-content\/uploads\/2025\/12\/2f624025-8079-4007-86e4-c66ba764b9b9-1536x1152.jpg 1536w, https:\/\/www.caudete.org\/ayuntamiento\/wp-content\/uploads\/2025\/12\/2f624025-8079-4007-86e4-c66ba764b9b9.jpg 1600w\" sizes=\"(max-width: 1067px) 100vw, 1067px\" \/><\/p>\n<p data-start=\"3072\" data-end=\"3243\" data-is-last-node=\"\" data-is-only-node=\"\">\n<p data-start=\"3072\" data-end=\"3243\" data-is-last-node=\"\" data-is-only-node=\"\"><img loading=\"lazy\" decoding=\"async\" class=\"alignnone size-medium wp-image-32110\" src=\"https:\/\/www.caudete.org\/ayuntamiento\/wp-content\/uploads\/2025\/12\/453efed2-5c8d-44f0-ab45-c15f8351770f-600x800.jpg\" alt=\"\" width=\"600\" height=\"800\" srcset=\"https:\/\/www.caudete.org\/ayuntamiento\/wp-content\/uploads\/2025\/12\/453efed2-5c8d-44f0-ab45-c15f8351770f-600x800.jpg 600w, https:\/\/www.caudete.org\/ayuntamiento\/wp-content\/uploads\/2025\/12\/453efed2-5c8d-44f0-ab45-c15f8351770f-675x900.jpg 675w, https:\/\/www.caudete.org\/ayuntamiento\/wp-content\/uploads\/2025\/12\/453efed2-5c8d-44f0-ab45-c15f8351770f-165x220.jpg 165w, https:\/\/www.caudete.org\/ayuntamiento\/wp-content\/uploads\/2025\/12\/453efed2-5c8d-44f0-ab45-c15f8351770f-768x1024.jpg 768w, https:\/\/www.caudete.org\/ayuntamiento\/wp-content\/uploads\/2025\/12\/453efed2-5c8d-44f0-ab45-c15f8351770f-1152x1536.jpg 1152w, https:\/\/www.caudete.org\/ayuntamiento\/wp-content\/uploads\/2025\/12\/453efed2-5c8d-44f0-ab45-c15f8351770f.jpg 1200w\" sizes=\"(max-width: 600px) 100vw, 600px\" \/><\/p>\n<p data-start=\"3072\" data-end=\"3243\" data-is-last-node=\"\" data-is-only-node=\"\">\n<p data-start=\"3072\" data-end=\"3243\" data-is-last-node=\"\" data-is-only-node=\"\">\n<p data-start=\"3072\" data-end=\"3243\" data-is-last-node=\"\" data-is-only-node=\"\"><img loading=\"lazy\" decoding=\"async\" class=\"alignnone size-medium wp-image-32111\" src=\"https:\/\/www.caudete.org\/ayuntamiento\/wp-content\/uploads\/2025\/12\/04175800-8d59-437f-9041-63438f74830b-600x800.jpg\" alt=\"\" width=\"600\" height=\"800\" srcset=\"https:\/\/www.caudete.org\/ayuntamiento\/wp-content\/uploads\/2025\/12\/04175800-8d59-437f-9041-63438f74830b-600x800.jpg 600w, https:\/\/www.caudete.org\/ayuntamiento\/wp-content\/uploads\/2025\/12\/04175800-8d59-437f-9041-63438f74830b-675x900.jpg 675w, https:\/\/www.caudete.org\/ayuntamiento\/wp-content\/uploads\/2025\/12\/04175800-8d59-437f-9041-63438f74830b-165x220.jpg 165w, https:\/\/www.caudete.org\/ayuntamiento\/wp-content\/uploads\/2025\/12\/04175800-8d59-437f-9041-63438f74830b-768x1024.jpg 768w, https:\/\/www.caudete.org\/ayuntamiento\/wp-content\/uploads\/2025\/12\/04175800-8d59-437f-9041-63438f74830b-1152x1536.jpg 1152w, https:\/\/www.caudete.org\/ayuntamiento\/wp-content\/uploads\/2025\/12\/04175800-8d59-437f-9041-63438f74830b.jpg 1200w\" sizes=\"(max-width: 600px) 100vw, 600px\" \/><\/p>\n<p data-start=\"3072\" data-end=\"3243\" data-is-last-node=\"\" data-is-only-node=\"\">\n<p data-start=\"3072\" data-end=\"3243\" data-is-last-node=\"\" data-is-only-node=\"\">\n","protected":false},"excerpt":{"rendered":"<p>En la tarde de hoy, Nochebuena, el Concejal de Medio Ambiente del Muy Ilustre Ayuntamiento de Caudete, Francisco Jos\u00e9 Castell\u00f3, ha visitado las instalaciones municipales del albergue canino, donde actualmente pasar\u00e1n estas fechas tan especiales ocho peludos que, en su d\u00eda, fueron abandonados por sus propietarios. Durante la visita, el concejal ha podido comprobar de &hellip;<\/p>\n","protected":false},"author":7,"featured_media":32099,"comment_status":"closed","ping_status":"open","sticky":false,"template":"","format":"standard","meta":{"ngg_post_thumbnail":0,"footnotes":""},"categories":[29],"tags":[],"class_list":["post-32098","post","type-post","status-publish","format-standard","has-post-thumbnail","hentry","category-medio-ambiente"],"yoast_head":"<!-- This site is optimized with the Yoast SEO plugin v27.5 - https:\/\/yoast.com\/product\/yoast-seo-wordpress\/ -->\n<title>El concejal de Medio Ambiente visita el albergue canino municipal en Nochebuena y destaca el gran trabajo realizado durante 2025 - MI Ayuntamiento de Caudete<\/title>\n<meta name=\"description\" content=\"P\u00e1gina Oficial del Ayuntamiento de Caudete (Albacete)\" \/>\n<meta name=\"robots\" content=\"index, follow, max-snippet:-1, max-image-preview:large, max-video-preview:-1\" \/>\n<link rel=\"canonical\" href=\"https:\/\/www.caudete.org\/ayuntamiento\/el-concejal-de-medio-ambiente-visita-el-albergue-canino-municipal-en-nochebuena-y-destaca-el-gran-trabajo-realizado-durante-2025\/\" \/>\n<meta property=\"og:locale\" content=\"es_ES\" \/>\n<meta property=\"og:type\" content=\"article\" \/>\n<meta property=\"og:title\" content=\"El concejal de Medio Ambiente visita el albergue canino municipal en Nochebuena y destaca el gran trabajo realizado durante 2025 - MI Ayuntamiento de Caudete\" \/>\n<meta property=\"og:description\" content=\"P\u00e1gina Oficial del Ayuntamiento de Caudete (Albacete)\" \/>\n<meta property=\"og:url\" content=\"https:\/\/www.caudete.org\/ayuntamiento\/el-concejal-de-medio-ambiente-visita-el-albergue-canino-municipal-en-nochebuena-y-destaca-el-gran-trabajo-realizado-durante-2025\/\" \/>\n<meta property=\"og:site_name\" content=\"MI Ayuntamiento de Caudete\" \/>\n<meta property=\"article:publisher\" content=\"https:\/\/www.facebook.com\/ayuntamientocaudete\/\" \/>\n<meta property=\"article:published_time\" content=\"2025-12-24T17:19:52+00:00\" \/>\n<meta property=\"og:image\" content=\"https:\/\/www.caudete.org\/ayuntamiento\/wp-content\/uploads\/2025\/12\/45cfbf4c-56fd-4804-bbfb-b9aa571ad96b.jpg\" \/>\n\t<meta property=\"og:image:width\" content=\"1200\" \/>\n\t<meta property=\"og:image:height\" content=\"1600\" \/>\n\t<meta property=\"og:image:type\" content=\"image\/jpeg\" \/>\n<meta name=\"author\" content=\"ConceMediosComunicacion\" \/>\n<meta name=\"twitter:card\" content=\"summary_large_image\" \/>\n<meta name=\"twitter:label1\" content=\"Escrito por\" \/>\n\t<meta name=\"twitter:data1\" content=\"ConceMediosComunicacion\" \/>\n\t<meta name=\"twitter:label2\" content=\"Tiempo de lectura\" \/>\n\t<meta name=\"twitter:data2\" content=\"4 minutos\" \/>\n<script type=\"application\/ld+json\" class=\"yoast-schema-graph\">{\"@context\":\"https:\\\/\\\/schema.org\",\"@graph\":[{\"@type\":\"Article\",\"@id\":\"https:\\\/\\\/www.caudete.org\\\/ayuntamiento\\\/el-concejal-de-medio-ambiente-visita-el-albergue-canino-municipal-en-nochebuena-y-destaca-el-gran-trabajo-realizado-durante-2025\\\/#article\",\"isPartOf\":{\"@id\":\"https:\\\/\\\/www.caudete.org\\\/ayuntamiento\\\/el-concejal-de-medio-ambiente-visita-el-albergue-canino-municipal-en-nochebuena-y-destaca-el-gran-trabajo-realizado-durante-2025\\\/\"},\"author\":{\"name\":\"ConceMediosComunicacion\",\"@id\":\"https:\\\/\\\/www.caudete.org\\\/ayuntamiento\\\/#\\\/schema\\\/person\\\/20dfe238fe5ee9d5f5e69267aa623e05\"},\"headline\":\"El concejal de Medio Ambiente visita el albergue canino municipal en Nochebuena y destaca el gran trabajo realizado durante 2025\",\"datePublished\":\"2025-12-24T17:19:52+00:00\",\"mainEntityOfPage\":{\"@id\":\"https:\\\/\\\/www.caudete.org\\\/ayuntamiento\\\/el-concejal-de-medio-ambiente-visita-el-albergue-canino-municipal-en-nochebuena-y-destaca-el-gran-trabajo-realizado-durante-2025\\\/\"},\"wordCount\":507,\"image\":{\"@id\":\"https:\\\/\\\/www.caudete.org\\\/ayuntamiento\\\/el-concejal-de-medio-ambiente-visita-el-albergue-canino-municipal-en-nochebuena-y-destaca-el-gran-trabajo-realizado-durante-2025\\\/#primaryimage\"},\"thumbnailUrl\":\"https:\\\/\\\/www.caudete.org\\\/ayuntamiento\\\/wp-content\\\/uploads\\\/2025\\\/12\\\/45cfbf4c-56fd-4804-bbfb-b9aa571ad96b.jpg\",\"articleSection\":[\"Medio Ambiente\"],\"inLanguage\":\"es\"},{\"@type\":\"WebPage\",\"@id\":\"https:\\\/\\\/www.caudete.org\\\/ayuntamiento\\\/el-concejal-de-medio-ambiente-visita-el-albergue-canino-municipal-en-nochebuena-y-destaca-el-gran-trabajo-realizado-durante-2025\\\/\",\"url\":\"https:\\\/\\\/www.caudete.org\\\/ayuntamiento\\\/el-concejal-de-medio-ambiente-visita-el-albergue-canino-municipal-en-nochebuena-y-destaca-el-gran-trabajo-realizado-durante-2025\\\/\",\"name\":\"El concejal de Medio Ambiente visita el albergue canino municipal en Nochebuena y destaca el gran trabajo realizado durante 2025 - MI Ayuntamiento de Caudete\",\"isPartOf\":{\"@id\":\"https:\\\/\\\/www.caudete.org\\\/ayuntamiento\\\/#website\"},\"primaryImageOfPage\":{\"@id\":\"https:\\\/\\\/www.caudete.org\\\/ayuntamiento\\\/el-concejal-de-medio-ambiente-visita-el-albergue-canino-municipal-en-nochebuena-y-destaca-el-gran-trabajo-realizado-durante-2025\\\/#primaryimage\"},\"image\":{\"@id\":\"https:\\\/\\\/www.caudete.org\\\/ayuntamiento\\\/el-concejal-de-medio-ambiente-visita-el-albergue-canino-municipal-en-nochebuena-y-destaca-el-gran-trabajo-realizado-durante-2025\\\/#primaryimage\"},\"thumbnailUrl\":\"https:\\\/\\\/www.caudete.org\\\/ayuntamiento\\\/wp-content\\\/uploads\\\/2025\\\/12\\\/45cfbf4c-56fd-4804-bbfb-b9aa571ad96b.jpg\",\"datePublished\":\"2025-12-24T17:19:52+00:00\",\"author\":{\"@id\":\"https:\\\/\\\/www.caudete.org\\\/ayuntamiento\\\/#\\\/schema\\\/person\\\/20dfe238fe5ee9d5f5e69267aa623e05\"},\"description\":\"P\u00e1gina Oficial del Ayuntamiento de Caudete (Albacete)\",\"breadcrumb\":{\"@id\":\"https:\\\/\\\/www.caudete.org\\\/ayuntamiento\\\/el-concejal-de-medio-ambiente-visita-el-albergue-canino-municipal-en-nochebuena-y-destaca-el-gran-trabajo-realizado-durante-2025\\\/#breadcrumb\"},\"inLanguage\":\"es\",\"potentialAction\":[{\"@type\":\"ReadAction\",\"target\":[\"https:\\\/\\\/www.caudete.org\\\/ayuntamiento\\\/el-concejal-de-medio-ambiente-visita-el-albergue-canino-municipal-en-nochebuena-y-destaca-el-gran-trabajo-realizado-durante-2025\\\/\"]}]},{\"@type\":\"ImageObject\",\"inLanguage\":\"es\",\"@id\":\"https:\\\/\\\/www.caudete.org\\\/ayuntamiento\\\/el-concejal-de-medio-ambiente-visita-el-albergue-canino-municipal-en-nochebuena-y-destaca-el-gran-trabajo-realizado-durante-2025\\\/#primaryimage\",\"url\":\"https:\\\/\\\/www.caudete.org\\\/ayuntamiento\\\/wp-content\\\/uploads\\\/2025\\\/12\\\/45cfbf4c-56fd-4804-bbfb-b9aa571ad96b.jpg\",\"contentUrl\":\"https:\\\/\\\/www.caudete.org\\\/ayuntamiento\\\/wp-content\\\/uploads\\\/2025\\\/12\\\/45cfbf4c-56fd-4804-bbfb-b9aa571ad96b.jpg\",\"width\":1200,\"height\":1600},{\"@type\":\"BreadcrumbList\",\"@id\":\"https:\\\/\\\/www.caudete.org\\\/ayuntamiento\\\/el-concejal-de-medio-ambiente-visita-el-albergue-canino-municipal-en-nochebuena-y-destaca-el-gran-trabajo-realizado-durante-2025\\\/#breadcrumb\",\"itemListElement\":[{\"@type\":\"ListItem\",\"position\":1,\"name\":\"Inicio\",\"item\":\"https:\\\/\\\/www.caudete.org\\\/ayuntamiento\\\/\"},{\"@type\":\"ListItem\",\"position\":2,\"name\":\"El concejal de Medio Ambiente visita el albergue canino municipal en Nochebuena y destaca el gran trabajo realizado durante 2025\"}]},{\"@type\":\"WebSite\",\"@id\":\"https:\\\/\\\/www.caudete.org\\\/ayuntamiento\\\/#website\",\"url\":\"https:\\\/\\\/www.caudete.org\\\/ayuntamiento\\\/\",\"name\":\"MI Ayuntamiento de Caudete\",\"description\":\"P\u00e1gina Oficial del MI Ayuntamiento de Caudete\",\"potentialAction\":[{\"@type\":\"SearchAction\",\"target\":{\"@type\":\"EntryPoint\",\"urlTemplate\":\"https:\\\/\\\/www.caudete.org\\\/ayuntamiento\\\/?s={search_term_string}\"},\"query-input\":{\"@type\":\"PropertyValueSpecification\",\"valueRequired\":true,\"valueName\":\"search_term_string\"}}],\"inLanguage\":\"es\"},{\"@type\":\"Person\",\"@id\":\"https:\\\/\\\/www.caudete.org\\\/ayuntamiento\\\/#\\\/schema\\\/person\\\/20dfe238fe5ee9d5f5e69267aa623e05\",\"name\":\"ConceMediosComunicacion\",\"image\":{\"@type\":\"ImageObject\",\"inLanguage\":\"es\",\"@id\":\"https:\\\/\\\/secure.gravatar.com\\\/avatar\\\/9d162043ba1cd4ab14413e29fdb3655bfccde37e65ca99013604f8d2a19c636d?s=96&d=mm&r=g\",\"url\":\"https:\\\/\\\/secure.gravatar.com\\\/avatar\\\/9d162043ba1cd4ab14413e29fdb3655bfccde37e65ca99013604f8d2a19c636d?s=96&d=mm&r=g\",\"contentUrl\":\"https:\\\/\\\/secure.gravatar.com\\\/avatar\\\/9d162043ba1cd4ab14413e29fdb3655bfccde37e65ca99013604f8d2a19c636d?s=96&d=mm&r=g\",\"caption\":\"ConceMediosComunicacion\"},\"url\":\"https:\\\/\\\/www.caudete.org\\\/ayuntamiento\\\/author\\\/concemedioscomunicacion\\\/\"}]}<\/script>\n<!-- \/ Yoast SEO plugin. -->","yoast_head_json":{"title":"El concejal de Medio Ambiente visita el albergue canino municipal en Nochebuena y destaca el gran trabajo realizado durante 2025 - MI Ayuntamiento de Caudete","description":"P\u00e1gina Oficial del Ayuntamiento de Caudete (Albacete)","robots":{"index":"index","follow":"follow","max-snippet":"max-snippet:-1","max-image-preview":"max-image-preview:large","max-video-preview":"max-video-preview:-1"},"canonical":"https:\/\/www.caudete.org\/ayuntamiento\/el-concejal-de-medio-ambiente-visita-el-albergue-canino-municipal-en-nochebuena-y-destaca-el-gran-trabajo-realizado-durante-2025\/","og_locale":"es_ES","og_type":"article","og_title":"El concejal de Medio Ambiente visita el albergue canino municipal en Nochebuena y destaca el gran trabajo realizado durante 2025 - MI Ayuntamiento de Caudete","og_description":"P\u00e1gina Oficial del Ayuntamiento de Caudete (Albacete)","og_url":"https:\/\/www.caudete.org\/ayuntamiento\/el-concejal-de-medio-ambiente-visita-el-albergue-canino-municipal-en-nochebuena-y-destaca-el-gran-trabajo-realizado-durante-2025\/","og_site_name":"MI Ayuntamiento de Caudete","article_publisher":"https:\/\/www.facebook.com\/ayuntamientocaudete\/","article_published_time":"2025-12-24T17:19:52+00:00","og_image":[{"width":1200,"height":1600,"url":"https:\/\/www.caudete.org\/ayuntamiento\/wp-content\/uploads\/2025\/12\/45cfbf4c-56fd-4804-bbfb-b9aa571ad96b.jpg","type":"image\/jpeg"}],"author":"ConceMediosComunicacion","twitter_card":"summary_large_image","twitter_misc":{"Escrito por":"ConceMediosComunicacion","Tiempo de lectura":"4 minutos"},"schema":{"@context":"https:\/\/schema.org","@graph":[{"@type":"Article","@id":"https:\/\/www.caudete.org\/ayuntamiento\/el-concejal-de-medio-ambiente-visita-el-albergue-canino-municipal-en-nochebuena-y-destaca-el-gran-trabajo-realizado-durante-2025\/#article","isPartOf":{"@id":"https:\/\/www.caudete.org\/ayuntamiento\/el-concejal-de-medio-ambiente-visita-el-albergue-canino-municipal-en-nochebuena-y-destaca-el-gran-trabajo-realizado-durante-2025\/"},"author":{"name":"ConceMediosComunicacion","@id":"https:\/\/www.caudete.org\/ayuntamiento\/#\/schema\/person\/20dfe238fe5ee9d5f5e69267aa623e05"},"headline":"El concejal de Medio Ambiente visita el albergue canino municipal en Nochebuena y destaca el gran trabajo realizado durante 2025","datePublished":"2025-12-24T17:19:52+00:00","mainEntityOfPage":{"@id":"https:\/\/www.caudete.org\/ayuntamiento\/el-concejal-de-medio-ambiente-visita-el-albergue-canino-municipal-en-nochebuena-y-destaca-el-gran-trabajo-realizado-durante-2025\/"},"wordCount":507,"image":{"@id":"https:\/\/www.caudete.org\/ayuntamiento\/el-concejal-de-medio-ambiente-visita-el-albergue-canino-municipal-en-nochebuena-y-destaca-el-gran-trabajo-realizado-durante-2025\/#primaryimage"},"thumbnailUrl":"https:\/\/www.caudete.org\/ayuntamiento\/wp-content\/uploads\/2025\/12\/45cfbf4c-56fd-4804-bbfb-b9aa571ad96b.jpg","articleSection":["Medio Ambiente"],"inLanguage":"es"},{"@type":"WebPage","@id":"https:\/\/www.caudete.org\/ayuntamiento\/el-concejal-de-medio-ambiente-visita-el-albergue-canino-municipal-en-nochebuena-y-destaca-el-gran-trabajo-realizado-durante-2025\/","url":"https:\/\/www.caudete.org\/ayuntamiento\/el-concejal-de-medio-ambiente-visita-el-albergue-canino-municipal-en-nochebuena-y-destaca-el-gran-trabajo-realizado-durante-2025\/","name":"El concejal de Medio Ambiente visita el albergue canino municipal en Nochebuena y destaca el gran trabajo realizado durante 2025 - MI Ayuntamiento de Caudete","isPartOf":{"@id":"https:\/\/www.caudete.org\/ayuntamiento\/#website"},"primaryImageOfPage":{"@id":"https:\/\/www.caudete.org\/ayuntamiento\/el-concejal-de-medio-ambiente-visita-el-albergue-canino-municipal-en-nochebuena-y-destaca-el-gran-trabajo-realizado-durante-2025\/#primaryimage"},"image":{"@id":"https:\/\/www.caudete.org\/ayuntamiento\/el-concejal-de-medio-ambiente-visita-el-albergue-canino-municipal-en-nochebuena-y-destaca-el-gran-trabajo-realizado-durante-2025\/#primaryimage"},"thumbnailUrl":"https:\/\/www.caudete.org\/ayuntamiento\/wp-content\/uploads\/2025\/12\/45cfbf4c-56fd-4804-bbfb-b9aa571ad96b.jpg","datePublished":"2025-12-24T17:19:52+00:00","author":{"@id":"https:\/\/www.caudete.org\/ayuntamiento\/#\/schema\/person\/20dfe238fe5ee9d5f5e69267aa623e05"},"description":"P\u00e1gina Oficial del Ayuntamiento de Caudete (Albacete)","breadcrumb":{"@id":"https:\/\/www.caudete.org\/ayuntamiento\/el-concejal-de-medio-ambiente-visita-el-albergue-canino-municipal-en-nochebuena-y-destaca-el-gran-trabajo-realizado-durante-2025\/#breadcrumb"},"inLanguage":"es","potentialAction":[{"@type":"ReadAction","target":["https:\/\/www.caudete.org\/ayuntamiento\/el-concejal-de-medio-ambiente-visita-el-albergue-canino-municipal-en-nochebuena-y-destaca-el-gran-trabajo-realizado-durante-2025\/"]}]},{"@type":"ImageObject","inLanguage":"es","@id":"https:\/\/www.caudete.org\/ayuntamiento\/el-concejal-de-medio-ambiente-visita-el-albergue-canino-municipal-en-nochebuena-y-destaca-el-gran-trabajo-realizado-durante-2025\/#primaryimage","url":"https:\/\/www.caudete.org\/ayuntamiento\/wp-content\/uploads\/2025\/12\/45cfbf4c-56fd-4804-bbfb-b9aa571ad96b.jpg","contentUrl":"https:\/\/www.caudete.org\/ayuntamiento\/wp-content\/uploads\/2025\/12\/45cfbf4c-56fd-4804-bbfb-b9aa571ad96b.jpg","width":1200,"height":1600},{"@type":"BreadcrumbList","@id":"https:\/\/www.caudete.org\/ayuntamiento\/el-concejal-de-medio-ambiente-visita-el-albergue-canino-municipal-en-nochebuena-y-destaca-el-gran-trabajo-realizado-durante-2025\/#breadcrumb","itemListElement":[{"@type":"ListItem","position":1,"name":"Inicio","item":"https:\/\/www.caudete.org\/ayuntamiento\/"},{"@type":"ListItem","position":2,"name":"El concejal de Medio Ambiente visita el albergue canino municipal en Nochebuena y destaca el gran trabajo realizado durante 2025"}]},{"@type":"WebSite","@id":"https:\/\/www.caudete.org\/ayuntamiento\/#website","url":"https:\/\/www.caudete.org\/ayuntamiento\/","name":"MI Ayuntamiento de Caudete","description":"P\u00e1gina Oficial del MI Ayuntamiento de Caudete","potentialAction":[{"@type":"SearchAction","target":{"@type":"EntryPoint","urlTemplate":"https:\/\/www.caudete.org\/ayuntamiento\/?s={search_term_string}"},"query-input":{"@type":"PropertyValueSpecification","valueRequired":true,"valueName":"search_term_string"}}],"inLanguage":"es"},{"@type":"Person","@id":"https:\/\/www.caudete.org\/ayuntamiento\/#\/schema\/person\/20dfe238fe5ee9d5f5e69267aa623e05","name":"ConceMediosComunicacion","image":{"@type":"ImageObject","inLanguage":"es","@id":"https:\/\/secure.gravatar.com\/avatar\/9d162043ba1cd4ab14413e29fdb3655bfccde37e65ca99013604f8d2a19c636d?s=96&d=mm&r=g","url":"https:\/\/secure.gravatar.com\/avatar\/9d162043ba1cd4ab14413e29fdb3655bfccde37e65ca99013604f8d2a19c636d?s=96&d=mm&r=g","contentUrl":"https:\/\/secure.gravatar.com\/avatar\/9d162043ba1cd4ab14413e29fdb3655bfccde37e65ca99013604f8d2a19c636d?s=96&d=mm&r=g","caption":"ConceMediosComunicacion"},"url":"https:\/\/www.caudete.org\/ayuntamiento\/author\/concemedioscomunicacion\/"}]}},"_links":{"self":[{"href":"https:\/\/www.caudete.org\/ayuntamiento\/wp-json\/wp\/v2\/posts\/32098","targetHints":{"allow":["GET"]}}],"collection":[{"href":"https:\/\/www.caudete.org\/ayuntamiento\/wp-json\/wp\/v2\/posts"}],"about":[{"href":"https:\/\/www.caudete.org\/ayuntamiento\/wp-json\/wp\/v2\/types\/post"}],"author":[{"embeddable":true,"href":"https:\/\/www.caudete.org\/ayuntamiento\/wp-json\/wp\/v2\/users\/7"}],"replies":[{"embeddable":true,"href":"https:\/\/www.caudete.org\/ayuntamiento\/wp-json\/wp\/v2\/comments?post=32098"}],"version-history":[{"count":4,"href":"https:\/\/www.caudete.org\/ayuntamiento\/wp-json\/wp\/v2\/posts\/32098\/revisions"}],"predecessor-version":[{"id":32112,"href":"https:\/\/www.caudete.org\/ayuntamiento\/wp-json\/wp\/v2\/posts\/32098\/revisions\/32112"}],"wp:featuredmedia":[{"embeddable":true,"href":"https:\/\/www.caudete.org\/ayuntamiento\/wp-json\/wp\/v2\/media\/32099"}],"wp:attachment":[{"href":"https:\/\/www.caudete.org\/ayuntamiento\/wp-json\/wp\/v2\/media?parent=32098"}],"wp:term":[{"taxonomy":"category","embeddable":true,"href":"https:\/\/www.caudete.org\/ayuntamiento\/wp-json\/wp\/v2\/categories?post=32098"},{"taxonomy":"post_tag","embeddable":true,"href":"https:\/\/www.caudete.org\/ayuntamiento\/wp-json\/wp\/v2\/tags?post=32098"}],"curies":[{"name":"wp","href":"https:\/\/api.w.org\/{rel}","templated":true}]}}