{"id":32121,"date":"2025-12-26T12:05:58","date_gmt":"2025-12-26T11:05:58","guid":{"rendered":"https:\/\/www.caudete.org\/ayuntamiento\/?p=32121"},"modified":"2025-12-27T11:28:07","modified_gmt":"2025-12-27T10:28:07","slug":"el-ayuntamiento-saca-a-licitacion-el-plan-corresponsables-para-el-2026-por-3760089e","status":"publish","type":"post","link":"https:\/\/www.caudete.org\/ayuntamiento\/el-ayuntamiento-saca-a-licitacion-el-plan-corresponsables-para-el-2026-por-3760089e\/","title":{"rendered":"El ayuntamiento saca a licitaci\u00f3n el Plan Corresponsables para el 2026 por 37600&#8217;89\u20ac"},"content":{"rendered":"<p>El Concejal Mois\u00e9s L\u00f3pez, como Presidente de la Mesa de Contrataci\u00f3n, ha anunciado que el Ayuntamiento ha abierto la licitaci\u00f3n del contrato de servicios para prestaci\u00f3n del Plan Corresponsables, como servicio de conciliaci\u00f3n familiar para las familias caudetanas.<\/p>\n<p>La licitaci\u00f3n ha sido publicada en la Plataforma de Contratos del Estado, y los interesados podr\u00e1n presentar su oferta hasta el pr\u00f3ximo 8 de Enero a las 23.59 horas, seg\u00fan los criterios que establecen los Pliegos, a los cuales se puede acceder desde el siguiente enlace:<br \/>\n<a href=\"https:\/\/contrataciondelestado.es\/wps\/poc?uri=deeplink:detalle_licitacion&amp;idEvl=bQ4Bd3JstcMS7pcxhTeWOg%3D%3D\" target=\"_blank\" rel=\"nofollow\">https:\/\/contrataciondelestado.es\/wps\/poc?uri=deeplink:detalle_licitacion&amp;idEvl=bQ4Bd3JstcMS7pcxhTeWOg%3D%3D<\/a><\/p>\n<p>Tasado en un importe de 37.600\u201989\u20ac, el procedimiento es Abierto Simplificado, y la tramitaci\u00f3n es ordinaria, fij\u00e1ndose un periodo de ejecuci\u00f3n de 1 a\u00f1o, es decir, hasta el 31 de Diciembre de 2026 (exceptuando los meses de julio, agosto y septiembre).<\/p>\n<p>Desde 2022 Caudete disfruta de un servicio que cada d\u00eda es m\u00e1s demandado por la poblaci\u00f3n, y que acoge a un gran n\u00famero de familias y por tanto de ni\u00f1os, que ha ido creciendo y adapt\u00e1ndose a la demanda que se define como un \u201cservicio para facilitar la conciliaci\u00f3n familiar, personal y laboral, ya sea por motivos de trabajo, estudio u otras circunstancias personales y prestar los cuidados de atenci\u00f3n de ni\u00f1as y ni\u00f1os con edades comprendidas entre los 3 y los 12 a\u00f1os, matriculadas\/os en los Centros de Educaci\u00f3n Infantil y Primaria del municipio\u201d.<br \/>\nEl citado Corresponsables est\u00e1 coordinado desde el Ayuntamiento de Caudete por medio de la Concejal\u00eda de Igualdad y Bienestar Social, ya que proviene de la Secretar\u00eda de Estado de Igualdad y contra la Violencia de G\u00e9nero del Ministerio de Igualdad, materializado mediante una dotaci\u00f3n econ\u00f3mica de la Consejer\u00eda de Igualdad de la Junta de Comunidades de Castilla La Mancha, regulada anualmente por Decreto de concesi\u00f3n directa de subvenciones a municipios y Entidades de \u00c1mbito Territorial Inferior al Municipio (EATIM) de Castilla La Mancha para el desarrollo de actuaciones incluidas en el Plan Corresponsables.<\/p>\n","protected":false},"excerpt":{"rendered":"<p>El Concejal Mois\u00e9s L\u00f3pez, como Presidente de la Mesa de Contrataci\u00f3n, ha anunciado que el Ayuntamiento ha abierto la licitaci\u00f3n del contrato de servicios para prestaci\u00f3n del Plan Corresponsables, como servicio de conciliaci\u00f3n familiar para las familias caudetanas. La licitaci\u00f3n ha sido publicada en la Plataforma de Contratos del Estado, y los interesados podr\u00e1n presentar &hellip;<\/p>\n","protected":false},"author":5,"featured_media":17595,"comment_status":"closed","ping_status":"open","sticky":false,"template":"","format":"standard","meta":{"ngg_post_thumbnail":0,"footnotes":""},"categories":[20],"tags":[],"class_list":["post-32121","post","type-post","status-publish","format-standard","has-post-thumbnail","hentry","category-ayuntamiento"],"yoast_head":"<!-- This site is optimized with the Yoast SEO plugin v27.5 - https:\/\/yoast.com\/product\/yoast-seo-wordpress\/ -->\n<title>El ayuntamiento saca a licitaci\u00f3n el Plan Corresponsables para el 2026 por 37600&#039;89\u20ac - MI Ayuntamiento de Caudete<\/title>\n<meta name=\"description\" content=\"P\u00e1gina Oficial del Ayuntamiento de Caudete (Albacete)\" \/>\n<meta name=\"robots\" content=\"index, follow, max-snippet:-1, max-image-preview:large, max-video-preview:-1\" \/>\n<link rel=\"canonical\" href=\"https:\/\/www.caudete.org\/ayuntamiento\/el-ayuntamiento-saca-a-licitacion-el-plan-corresponsables-para-el-2026-por-3760089e\/\" \/>\n<meta property=\"og:locale\" content=\"es_ES\" \/>\n<meta property=\"og:type\" content=\"article\" \/>\n<meta property=\"og:title\" content=\"El ayuntamiento saca a licitaci\u00f3n el Plan Corresponsables para el 2026 por 37600&#039;89\u20ac - MI Ayuntamiento de Caudete\" \/>\n<meta property=\"og:description\" content=\"P\u00e1gina Oficial del Ayuntamiento de Caudete (Albacete)\" \/>\n<meta property=\"og:url\" content=\"https:\/\/www.caudete.org\/ayuntamiento\/el-ayuntamiento-saca-a-licitacion-el-plan-corresponsables-para-el-2026-por-3760089e\/\" \/>\n<meta property=\"og:site_name\" content=\"MI Ayuntamiento de Caudete\" \/>\n<meta property=\"article:publisher\" content=\"https:\/\/www.facebook.com\/ayuntamientocaudete\/\" \/>\n<meta property=\"article:published_time\" content=\"2025-12-26T11:05:58+00:00\" \/>\n<meta property=\"article:modified_time\" content=\"2025-12-27T10:28:07+00:00\" \/>\n<meta property=\"og:image\" content=\"https:\/\/www.caudete.org\/ayuntamiento\/wp-content\/uploads\/2021\/12\/CorresponsablesWEB.jpg\" \/>\n\t<meta property=\"og:image:width\" content=\"864\" \/>\n\t<meta property=\"og:image:height\" content=\"380\" \/>\n\t<meta property=\"og:image:type\" content=\"image\/jpeg\" \/>\n<meta name=\"author\" content=\"Dpto Informatica MI Ayuntamiento de Caudete\" \/>\n<meta name=\"twitter:card\" content=\"summary_large_image\" \/>\n<meta name=\"twitter:label1\" content=\"Escrito por\" \/>\n\t<meta name=\"twitter:data1\" content=\"Dpto Informatica MI Ayuntamiento de Caudete\" \/>\n\t<meta name=\"twitter:label2\" content=\"Tiempo de lectura\" \/>\n\t<meta name=\"twitter:data2\" content=\"2 minutos\" \/>\n<script type=\"application\/ld+json\" class=\"yoast-schema-graph\">{\"@context\":\"https:\\\/\\\/schema.org\",\"@graph\":[{\"@type\":\"Article\",\"@id\":\"https:\\\/\\\/www.caudete.org\\\/ayuntamiento\\\/el-ayuntamiento-saca-a-licitacion-el-plan-corresponsables-para-el-2026-por-3760089e\\\/#article\",\"isPartOf\":{\"@id\":\"https:\\\/\\\/www.caudete.org\\\/ayuntamiento\\\/el-ayuntamiento-saca-a-licitacion-el-plan-corresponsables-para-el-2026-por-3760089e\\\/\"},\"author\":{\"name\":\"Dpto Informatica MI Ayuntamiento de Caudete\",\"@id\":\"https:\\\/\\\/www.caudete.org\\\/ayuntamiento\\\/#\\\/schema\\\/person\\\/4b9eab41761957db9b1bf9c418d1ef46\"},\"headline\":\"El ayuntamiento saca a licitaci\u00f3n el Plan Corresponsables para el 2026 por 37600&#8217;89\u20ac\",\"datePublished\":\"2025-12-26T11:05:58+00:00\",\"dateModified\":\"2025-12-27T10:28:07+00:00\",\"mainEntityOfPage\":{\"@id\":\"https:\\\/\\\/www.caudete.org\\\/ayuntamiento\\\/el-ayuntamiento-saca-a-licitacion-el-plan-corresponsables-para-el-2026-por-3760089e\\\/\"},\"wordCount\":367,\"image\":{\"@id\":\"https:\\\/\\\/www.caudete.org\\\/ayuntamiento\\\/el-ayuntamiento-saca-a-licitacion-el-plan-corresponsables-para-el-2026-por-3760089e\\\/#primaryimage\"},\"thumbnailUrl\":\"https:\\\/\\\/www.caudete.org\\\/ayuntamiento\\\/wp-content\\\/uploads\\\/2021\\\/12\\\/CorresponsablesWEB.jpg\",\"articleSection\":[\"Ayuntamiento\"],\"inLanguage\":\"es\"},{\"@type\":\"WebPage\",\"@id\":\"https:\\\/\\\/www.caudete.org\\\/ayuntamiento\\\/el-ayuntamiento-saca-a-licitacion-el-plan-corresponsables-para-el-2026-por-3760089e\\\/\",\"url\":\"https:\\\/\\\/www.caudete.org\\\/ayuntamiento\\\/el-ayuntamiento-saca-a-licitacion-el-plan-corresponsables-para-el-2026-por-3760089e\\\/\",\"name\":\"El ayuntamiento saca a licitaci\u00f3n el Plan Corresponsables para el 2026 por 37600'89\u20ac - MI Ayuntamiento de Caudete\",\"isPartOf\":{\"@id\":\"https:\\\/\\\/www.caudete.org\\\/ayuntamiento\\\/#website\"},\"primaryImageOfPage\":{\"@id\":\"https:\\\/\\\/www.caudete.org\\\/ayuntamiento\\\/el-ayuntamiento-saca-a-licitacion-el-plan-corresponsables-para-el-2026-por-3760089e\\\/#primaryimage\"},\"image\":{\"@id\":\"https:\\\/\\\/www.caudete.org\\\/ayuntamiento\\\/el-ayuntamiento-saca-a-licitacion-el-plan-corresponsables-para-el-2026-por-3760089e\\\/#primaryimage\"},\"thumbnailUrl\":\"https:\\\/\\\/www.caudete.org\\\/ayuntamiento\\\/wp-content\\\/uploads\\\/2021\\\/12\\\/CorresponsablesWEB.jpg\",\"datePublished\":\"2025-12-26T11:05:58+00:00\",\"dateModified\":\"2025-12-27T10:28:07+00:00\",\"author\":{\"@id\":\"https:\\\/\\\/www.caudete.org\\\/ayuntamiento\\\/#\\\/schema\\\/person\\\/4b9eab41761957db9b1bf9c418d1ef46\"},\"description\":\"P\u00e1gina Oficial del Ayuntamiento de Caudete (Albacete)\",\"breadcrumb\":{\"@id\":\"https:\\\/\\\/www.caudete.org\\\/ayuntamiento\\\/el-ayuntamiento-saca-a-licitacion-el-plan-corresponsables-para-el-2026-por-3760089e\\\/#breadcrumb\"},\"inLanguage\":\"es\",\"potentialAction\":[{\"@type\":\"ReadAction\",\"target\":[\"https:\\\/\\\/www.caudete.org\\\/ayuntamiento\\\/el-ayuntamiento-saca-a-licitacion-el-plan-corresponsables-para-el-2026-por-3760089e\\\/\"]}]},{\"@type\":\"ImageObject\",\"inLanguage\":\"es\",\"@id\":\"https:\\\/\\\/www.caudete.org\\\/ayuntamiento\\\/el-ayuntamiento-saca-a-licitacion-el-plan-corresponsables-para-el-2026-por-3760089e\\\/#primaryimage\",\"url\":\"https:\\\/\\\/www.caudete.org\\\/ayuntamiento\\\/wp-content\\\/uploads\\\/2021\\\/12\\\/CorresponsablesWEB.jpg\",\"contentUrl\":\"https:\\\/\\\/www.caudete.org\\\/ayuntamiento\\\/wp-content\\\/uploads\\\/2021\\\/12\\\/CorresponsablesWEB.jpg\",\"width\":864,\"height\":380},{\"@type\":\"BreadcrumbList\",\"@id\":\"https:\\\/\\\/www.caudete.org\\\/ayuntamiento\\\/el-ayuntamiento-saca-a-licitacion-el-plan-corresponsables-para-el-2026-por-3760089e\\\/#breadcrumb\",\"itemListElement\":[{\"@type\":\"ListItem\",\"position\":1,\"name\":\"Inicio\",\"item\":\"https:\\\/\\\/www.caudete.org\\\/ayuntamiento\\\/\"},{\"@type\":\"ListItem\",\"position\":2,\"name\":\"El ayuntamiento saca a licitaci\u00f3n el Plan Corresponsables para el 2026 por 37600&#8217;89\u20ac\"}]},{\"@type\":\"WebSite\",\"@id\":\"https:\\\/\\\/www.caudete.org\\\/ayuntamiento\\\/#website\",\"url\":\"https:\\\/\\\/www.caudete.org\\\/ayuntamiento\\\/\",\"name\":\"MI Ayuntamiento de Caudete\",\"description\":\"P\u00e1gina Oficial del MI Ayuntamiento de Caudete\",\"potentialAction\":[{\"@type\":\"SearchAction\",\"target\":{\"@type\":\"EntryPoint\",\"urlTemplate\":\"https:\\\/\\\/www.caudete.org\\\/ayuntamiento\\\/?s={search_term_string}\"},\"query-input\":{\"@type\":\"PropertyValueSpecification\",\"valueRequired\":true,\"valueName\":\"search_term_string\"}}],\"inLanguage\":\"es\"},{\"@type\":\"Person\",\"@id\":\"https:\\\/\\\/www.caudete.org\\\/ayuntamiento\\\/#\\\/schema\\\/person\\\/4b9eab41761957db9b1bf9c418d1ef46\",\"name\":\"Dpto Informatica MI Ayuntamiento de Caudete\",\"image\":{\"@type\":\"ImageObject\",\"inLanguage\":\"es\",\"@id\":\"https:\\\/\\\/secure.gravatar.com\\\/avatar\\\/ac0321ee4a0a83e82a253e7b2d348ef539e2c8fe16d06b600bde04de1b364fa7?s=96&d=mm&r=g\",\"url\":\"https:\\\/\\\/secure.gravatar.com\\\/avatar\\\/ac0321ee4a0a83e82a253e7b2d348ef539e2c8fe16d06b600bde04de1b364fa7?s=96&d=mm&r=g\",\"contentUrl\":\"https:\\\/\\\/secure.gravatar.com\\\/avatar\\\/ac0321ee4a0a83e82a253e7b2d348ef539e2c8fe16d06b600bde04de1b364fa7?s=96&d=mm&r=g\",\"caption\":\"Dpto Informatica MI Ayuntamiento de Caudete\"},\"url\":\"https:\\\/\\\/www.caudete.org\\\/ayuntamiento\\\/author\\\/informatica\\\/\"}]}<\/script>\n<!-- \/ Yoast SEO plugin. -->","yoast_head_json":{"title":"El ayuntamiento saca a licitaci\u00f3n el Plan Corresponsables para el 2026 por 37600'89\u20ac - MI Ayuntamiento de Caudete","description":"P\u00e1gina Oficial del Ayuntamiento de Caudete (Albacete)","robots":{"index":"index","follow":"follow","max-snippet":"max-snippet:-1","max-image-preview":"max-image-preview:large","max-video-preview":"max-video-preview:-1"},"canonical":"https:\/\/www.caudete.org\/ayuntamiento\/el-ayuntamiento-saca-a-licitacion-el-plan-corresponsables-para-el-2026-por-3760089e\/","og_locale":"es_ES","og_type":"article","og_title":"El ayuntamiento saca a licitaci\u00f3n el Plan Corresponsables para el 2026 por 37600'89\u20ac - MI Ayuntamiento de Caudete","og_description":"P\u00e1gina Oficial del Ayuntamiento de Caudete (Albacete)","og_url":"https:\/\/www.caudete.org\/ayuntamiento\/el-ayuntamiento-saca-a-licitacion-el-plan-corresponsables-para-el-2026-por-3760089e\/","og_site_name":"MI Ayuntamiento de Caudete","article_publisher":"https:\/\/www.facebook.com\/ayuntamientocaudete\/","article_published_time":"2025-12-26T11:05:58+00:00","article_modified_time":"2025-12-27T10:28:07+00:00","og_image":[{"width":864,"height":380,"url":"https:\/\/www.caudete.org\/ayuntamiento\/wp-content\/uploads\/2021\/12\/CorresponsablesWEB.jpg","type":"image\/jpeg"}],"author":"Dpto Informatica MI Ayuntamiento de Caudete","twitter_card":"summary_large_image","twitter_misc":{"Escrito por":"Dpto Informatica MI Ayuntamiento de Caudete","Tiempo de lectura":"2 minutos"},"schema":{"@context":"https:\/\/schema.org","@graph":[{"@type":"Article","@id":"https:\/\/www.caudete.org\/ayuntamiento\/el-ayuntamiento-saca-a-licitacion-el-plan-corresponsables-para-el-2026-por-3760089e\/#article","isPartOf":{"@id":"https:\/\/www.caudete.org\/ayuntamiento\/el-ayuntamiento-saca-a-licitacion-el-plan-corresponsables-para-el-2026-por-3760089e\/"},"author":{"name":"Dpto Informatica MI Ayuntamiento de Caudete","@id":"https:\/\/www.caudete.org\/ayuntamiento\/#\/schema\/person\/4b9eab41761957db9b1bf9c418d1ef46"},"headline":"El ayuntamiento saca a licitaci\u00f3n el Plan Corresponsables para el 2026 por 37600&#8217;89\u20ac","datePublished":"2025-12-26T11:05:58+00:00","dateModified":"2025-12-27T10:28:07+00:00","mainEntityOfPage":{"@id":"https:\/\/www.caudete.org\/ayuntamiento\/el-ayuntamiento-saca-a-licitacion-el-plan-corresponsables-para-el-2026-por-3760089e\/"},"wordCount":367,"image":{"@id":"https:\/\/www.caudete.org\/ayuntamiento\/el-ayuntamiento-saca-a-licitacion-el-plan-corresponsables-para-el-2026-por-3760089e\/#primaryimage"},"thumbnailUrl":"https:\/\/www.caudete.org\/ayuntamiento\/wp-content\/uploads\/2021\/12\/CorresponsablesWEB.jpg","articleSection":["Ayuntamiento"],"inLanguage":"es"},{"@type":"WebPage","@id":"https:\/\/www.caudete.org\/ayuntamiento\/el-ayuntamiento-saca-a-licitacion-el-plan-corresponsables-para-el-2026-por-3760089e\/","url":"https:\/\/www.caudete.org\/ayuntamiento\/el-ayuntamiento-saca-a-licitacion-el-plan-corresponsables-para-el-2026-por-3760089e\/","name":"El ayuntamiento saca a licitaci\u00f3n el Plan Corresponsables para el 2026 por 37600'89\u20ac - MI Ayuntamiento de Caudete","isPartOf":{"@id":"https:\/\/www.caudete.org\/ayuntamiento\/#website"},"primaryImageOfPage":{"@id":"https:\/\/www.caudete.org\/ayuntamiento\/el-ayuntamiento-saca-a-licitacion-el-plan-corresponsables-para-el-2026-por-3760089e\/#primaryimage"},"image":{"@id":"https:\/\/www.caudete.org\/ayuntamiento\/el-ayuntamiento-saca-a-licitacion-el-plan-corresponsables-para-el-2026-por-3760089e\/#primaryimage"},"thumbnailUrl":"https:\/\/www.caudete.org\/ayuntamiento\/wp-content\/uploads\/2021\/12\/CorresponsablesWEB.jpg","datePublished":"2025-12-26T11:05:58+00:00","dateModified":"2025-12-27T10:28:07+00:00","author":{"@id":"https:\/\/www.caudete.org\/ayuntamiento\/#\/schema\/person\/4b9eab41761957db9b1bf9c418d1ef46"},"description":"P\u00e1gina Oficial del Ayuntamiento de Caudete (Albacete)","breadcrumb":{"@id":"https:\/\/www.caudete.org\/ayuntamiento\/el-ayuntamiento-saca-a-licitacion-el-plan-corresponsables-para-el-2026-por-3760089e\/#breadcrumb"},"inLanguage":"es","potentialAction":[{"@type":"ReadAction","target":["https:\/\/www.caudete.org\/ayuntamiento\/el-ayuntamiento-saca-a-licitacion-el-plan-corresponsables-para-el-2026-por-3760089e\/"]}]},{"@type":"ImageObject","inLanguage":"es","@id":"https:\/\/www.caudete.org\/ayuntamiento\/el-ayuntamiento-saca-a-licitacion-el-plan-corresponsables-para-el-2026-por-3760089e\/#primaryimage","url":"https:\/\/www.caudete.org\/ayuntamiento\/wp-content\/uploads\/2021\/12\/CorresponsablesWEB.jpg","contentUrl":"https:\/\/www.caudete.org\/ayuntamiento\/wp-content\/uploads\/2021\/12\/CorresponsablesWEB.jpg","width":864,"height":380},{"@type":"BreadcrumbList","@id":"https:\/\/www.caudete.org\/ayuntamiento\/el-ayuntamiento-saca-a-licitacion-el-plan-corresponsables-para-el-2026-por-3760089e\/#breadcrumb","itemListElement":[{"@type":"ListItem","position":1,"name":"Inicio","item":"https:\/\/www.caudete.org\/ayuntamiento\/"},{"@type":"ListItem","position":2,"name":"El ayuntamiento saca a licitaci\u00f3n el Plan Corresponsables para el 2026 por 37600&#8217;89\u20ac"}]},{"@type":"WebSite","@id":"https:\/\/www.caudete.org\/ayuntamiento\/#website","url":"https:\/\/www.caudete.org\/ayuntamiento\/","name":"MI Ayuntamiento de Caudete","description":"P\u00e1gina Oficial del MI Ayuntamiento de Caudete","potentialAction":[{"@type":"SearchAction","target":{"@type":"EntryPoint","urlTemplate":"https:\/\/www.caudete.org\/ayuntamiento\/?s={search_term_string}"},"query-input":{"@type":"PropertyValueSpecification","valueRequired":true,"valueName":"search_term_string"}}],"inLanguage":"es"},{"@type":"Person","@id":"https:\/\/www.caudete.org\/ayuntamiento\/#\/schema\/person\/4b9eab41761957db9b1bf9c418d1ef46","name":"Dpto Informatica MI Ayuntamiento de Caudete","image":{"@type":"ImageObject","inLanguage":"es","@id":"https:\/\/secure.gravatar.com\/avatar\/ac0321ee4a0a83e82a253e7b2d348ef539e2c8fe16d06b600bde04de1b364fa7?s=96&d=mm&r=g","url":"https:\/\/secure.gravatar.com\/avatar\/ac0321ee4a0a83e82a253e7b2d348ef539e2c8fe16d06b600bde04de1b364fa7?s=96&d=mm&r=g","contentUrl":"https:\/\/secure.gravatar.com\/avatar\/ac0321ee4a0a83e82a253e7b2d348ef539e2c8fe16d06b600bde04de1b364fa7?s=96&d=mm&r=g","caption":"Dpto Informatica MI Ayuntamiento de Caudete"},"url":"https:\/\/www.caudete.org\/ayuntamiento\/author\/informatica\/"}]}},"_links":{"self":[{"href":"https:\/\/www.caudete.org\/ayuntamiento\/wp-json\/wp\/v2\/posts\/32121","targetHints":{"allow":["GET"]}}],"collection":[{"href":"https:\/\/www.caudete.org\/ayuntamiento\/wp-json\/wp\/v2\/posts"}],"about":[{"href":"https:\/\/www.caudete.org\/ayuntamiento\/wp-json\/wp\/v2\/types\/post"}],"author":[{"embeddable":true,"href":"https:\/\/www.caudete.org\/ayuntamiento\/wp-json\/wp\/v2\/users\/5"}],"replies":[{"embeddable":true,"href":"https:\/\/www.caudete.org\/ayuntamiento\/wp-json\/wp\/v2\/comments?post=32121"}],"version-history":[{"count":2,"href":"https:\/\/www.caudete.org\/ayuntamiento\/wp-json\/wp\/v2\/posts\/32121\/revisions"}],"predecessor-version":[{"id":32123,"href":"https:\/\/www.caudete.org\/ayuntamiento\/wp-json\/wp\/v2\/posts\/32121\/revisions\/32123"}],"wp:featuredmedia":[{"embeddable":true,"href":"https:\/\/www.caudete.org\/ayuntamiento\/wp-json\/wp\/v2\/media\/17595"}],"wp:attachment":[{"href":"https:\/\/www.caudete.org\/ayuntamiento\/wp-json\/wp\/v2\/media?parent=32121"}],"wp:term":[{"taxonomy":"category","embeddable":true,"href":"https:\/\/www.caudete.org\/ayuntamiento\/wp-json\/wp\/v2\/categories?post=32121"},{"taxonomy":"post_tag","embeddable":true,"href":"https:\/\/www.caudete.org\/ayuntamiento\/wp-json\/wp\/v2\/tags?post=32121"}],"curies":[{"name":"wp","href":"https:\/\/api.w.org\/{rel}","templated":true}]}}