{"id":32124,"date":"2025-12-30T11:16:38","date_gmt":"2025-12-30T10:16:38","guid":{"rendered":"https:\/\/www.caudete.org\/ayuntamiento\/?p=32124"},"modified":"2025-12-30T13:08:58","modified_gmt":"2025-12-30T12:08:58","slug":"el-mercado-de-abastos-dara-su-impulso-final-durante-2026","status":"publish","type":"post","link":"https:\/\/www.caudete.org\/ayuntamiento\/el-mercado-de-abastos-dara-su-impulso-final-durante-2026\/","title":{"rendered":"El mercado de abastos dar\u00e1 su impulso final durante 2026"},"content":{"rendered":"<p>Los Concejales de Obras y de Comercio, Mois\u00e9s L\u00f3pez y Diego Cuenca, trasladan a los caudetanos que el pr\u00f3ximo a\u00f1o 2026 que dar\u00e1 comienzo en unos d\u00edas, permitir\u00e1 dar un fuerte impulso al Mercado de Abastos, poniendo fin a las obras proyectadas (D.m).<\/p>\n<p>Una extensa tramitaci\u00f3n administrativa con Iberdrola, ha sido la principal causa de la paralizaci\u00f3n de los trabajos, pues la ejecuci\u00f3n del proyecto el\u00e9ctrico condicionaba la obra del edificio.<\/p>\n<p>El Centro de Transformaci\u00f3n ubicado en el interior del Mercado, hace aproximadamente 20 a\u00f1os, ser\u00e1 sacado del interior, una cuesti\u00f3n de seguridad que se suma a la de ganarle espacio al recinto comercial, y que a su vez eliminar\u00e1 el cableado de fachada del edificio, y de parte de la zona, al quedar soterrados. De esta forma, la zona alta del Paseo Luis Golf asumir\u00e1 la obra civil necesaria para canalizar las l\u00edneas el\u00e9ctricas y el soterramiento del nuevo Centro de Transformaci\u00f3n, que quedar\u00e1 integrado en la zona con vegetaci\u00f3n.<\/p>\n<p>Para ello, los trabajos el\u00e9ctricos ser\u00e1n realizados por la mercantil Elecnor, S.A. mientras que las conexiones el\u00e9ctricas las realizar\u00e1 I-DE, como propietaria de las l\u00edneas. Para ello, la Excelent\u00edsima Diputaci\u00f3n Provincial de Albacete financia junto al Ayuntamiento el coste de los trabajos al 50% (aproximadamente) cada entidad, fruto de las negociaciones y acuerdos realizados entre ambos, y con cargo al POS-2025 y a una parte del Dipualba Responde Inversiones 2025.<\/p>\n<p>Las obras de rehabilitaci\u00f3n del Mercado, realizadas por MAYBE, S.L. tambi\u00e9n tendr\u00e1n su continuidad durante el ejercicio 2026, pudiendo completarse una vez realizados completamente los trabajos el\u00e9ctricos, lo que permitir\u00e1 cumplir con el objetivo de recuperar un edificio del patrimonio local para su rehabilitaci\u00f3n como espacio comercial. Proyecto que ha sido posible gracias a cofinanciaci\u00f3n del Estado y de la Excma. Diputaci\u00f3n Provincial en un 30% y la financiaci\u00f3n con recursos del Ayuntamiento en un 70% (aproximadamente), tal y como indic\u00f3 en el pasado Pleno el Concejal Mois\u00e9s L\u00f3pez.<\/p>\n<p>A ese respecto, el Concejal de Comercio, ha querido mostrar tambi\u00e9n que se encuentra trabajando sobre los espacios interiores que albergar\u00e1n actividad comercial, atendiendo propuestas y proyectos interesados en el Mercado, lo que a supone de antemano grandes expectativas de \u00e9xito para el Mercado de Abastos de Caudete.<\/p>\n<p>Ambos Ediles se comprometen, como hasta ahora han ido realizando, en ir actualizando informaci\u00f3n acerca de este ilusionante proyecto para Caudete, mostrando el estado de ejecuci\u00f3n de las obras en cada momento, y por tanto de los avances que se vayan realizando. Igualmente, no han querido dejar la oportunidad para pedir disculpas a comercios y vecinos afectados por las obras del Mercado, pidi\u00e9ndoles comprensi\u00f3n y confianza en el proyecto.<\/p>\n","protected":false},"excerpt":{"rendered":"<p>Los Concejales de Obras y de Comercio, Mois\u00e9s L\u00f3pez y Diego Cuenca, trasladan a los caudetanos que el pr\u00f3ximo a\u00f1o 2026 que dar\u00e1 comienzo en unos d\u00edas, permitir\u00e1 dar un fuerte impulso al Mercado de Abastos, poniendo fin a las obras proyectadas (D.m). Una extensa tramitaci\u00f3n administrativa con Iberdrola, ha sido la principal causa de &hellip;<\/p>\n","protected":false},"author":5,"featured_media":11664,"comment_status":"closed","ping_status":"open","sticky":false,"template":"","format":"standard","meta":{"ngg_post_thumbnail":0,"footnotes":""},"categories":[20],"tags":[],"class_list":["post-32124","post","type-post","status-publish","format-standard","has-post-thumbnail","hentry","category-ayuntamiento"],"yoast_head":"<!-- This site is optimized with the Yoast SEO plugin v27.5 - https:\/\/yoast.com\/product\/yoast-seo-wordpress\/ -->\n<title>El mercado de abastos dar\u00e1 su impulso final durante 2026 - MI Ayuntamiento de Caudete<\/title>\n<meta name=\"description\" content=\"P\u00e1gina Oficial del Ayuntamiento de Caudete (Albacete)\" \/>\n<meta name=\"robots\" content=\"index, follow, max-snippet:-1, max-image-preview:large, max-video-preview:-1\" \/>\n<link rel=\"canonical\" href=\"https:\/\/www.caudete.org\/ayuntamiento\/el-mercado-de-abastos-dara-su-impulso-final-durante-2026\/\" \/>\n<meta property=\"og:locale\" content=\"es_ES\" \/>\n<meta property=\"og:type\" content=\"article\" \/>\n<meta property=\"og:title\" content=\"El mercado de abastos dar\u00e1 su impulso final durante 2026 - MI Ayuntamiento de Caudete\" \/>\n<meta property=\"og:description\" content=\"P\u00e1gina Oficial del Ayuntamiento de Caudete (Albacete)\" \/>\n<meta property=\"og:url\" content=\"https:\/\/www.caudete.org\/ayuntamiento\/el-mercado-de-abastos-dara-su-impulso-final-durante-2026\/\" \/>\n<meta property=\"og:site_name\" content=\"MI Ayuntamiento de Caudete\" \/>\n<meta property=\"article:publisher\" content=\"https:\/\/www.facebook.com\/ayuntamientocaudete\/\" \/>\n<meta property=\"article:published_time\" content=\"2025-12-30T10:16:38+00:00\" \/>\n<meta property=\"article:modified_time\" content=\"2025-12-30T12:08:58+00:00\" \/>\n<meta property=\"og:image\" content=\"https:\/\/www.caudete.org\/ayuntamiento\/wp-content\/uploads\/2021\/01\/mercado_caudete.jpg\" \/>\n\t<meta property=\"og:image:width\" content=\"440\" \/>\n\t<meta property=\"og:image:height\" content=\"340\" \/>\n\t<meta property=\"og:image:type\" content=\"image\/jpeg\" \/>\n<meta name=\"author\" content=\"Dpto Informatica MI Ayuntamiento de Caudete\" \/>\n<meta name=\"twitter:card\" content=\"summary_large_image\" \/>\n<meta name=\"twitter:label1\" content=\"Escrito por\" \/>\n\t<meta name=\"twitter:data1\" content=\"Dpto Informatica MI Ayuntamiento de Caudete\" \/>\n\t<meta name=\"twitter:label2\" content=\"Tiempo de lectura\" \/>\n\t<meta name=\"twitter:data2\" content=\"3 minutos\" \/>\n<script type=\"application\/ld+json\" class=\"yoast-schema-graph\">{\"@context\":\"https:\\\/\\\/schema.org\",\"@graph\":[{\"@type\":\"Article\",\"@id\":\"https:\\\/\\\/www.caudete.org\\\/ayuntamiento\\\/el-mercado-de-abastos-dara-su-impulso-final-durante-2026\\\/#article\",\"isPartOf\":{\"@id\":\"https:\\\/\\\/www.caudete.org\\\/ayuntamiento\\\/el-mercado-de-abastos-dara-su-impulso-final-durante-2026\\\/\"},\"author\":{\"name\":\"Dpto Informatica MI Ayuntamiento de Caudete\",\"@id\":\"https:\\\/\\\/www.caudete.org\\\/ayuntamiento\\\/#\\\/schema\\\/person\\\/4b9eab41761957db9b1bf9c418d1ef46\"},\"headline\":\"El mercado de abastos dar\u00e1 su impulso final durante 2026\",\"datePublished\":\"2025-12-30T10:16:38+00:00\",\"dateModified\":\"2025-12-30T12:08:58+00:00\",\"mainEntityOfPage\":{\"@id\":\"https:\\\/\\\/www.caudete.org\\\/ayuntamiento\\\/el-mercado-de-abastos-dara-su-impulso-final-durante-2026\\\/\"},\"wordCount\":480,\"image\":{\"@id\":\"https:\\\/\\\/www.caudete.org\\\/ayuntamiento\\\/el-mercado-de-abastos-dara-su-impulso-final-durante-2026\\\/#primaryimage\"},\"thumbnailUrl\":\"https:\\\/\\\/www.caudete.org\\\/ayuntamiento\\\/wp-content\\\/uploads\\\/2021\\\/01\\\/mercado_caudete.jpg\",\"articleSection\":[\"Ayuntamiento\"],\"inLanguage\":\"es\"},{\"@type\":\"WebPage\",\"@id\":\"https:\\\/\\\/www.caudete.org\\\/ayuntamiento\\\/el-mercado-de-abastos-dara-su-impulso-final-durante-2026\\\/\",\"url\":\"https:\\\/\\\/www.caudete.org\\\/ayuntamiento\\\/el-mercado-de-abastos-dara-su-impulso-final-durante-2026\\\/\",\"name\":\"El mercado de abastos dar\u00e1 su impulso final durante 2026 - MI Ayuntamiento de Caudete\",\"isPartOf\":{\"@id\":\"https:\\\/\\\/www.caudete.org\\\/ayuntamiento\\\/#website\"},\"primaryImageOfPage\":{\"@id\":\"https:\\\/\\\/www.caudete.org\\\/ayuntamiento\\\/el-mercado-de-abastos-dara-su-impulso-final-durante-2026\\\/#primaryimage\"},\"image\":{\"@id\":\"https:\\\/\\\/www.caudete.org\\\/ayuntamiento\\\/el-mercado-de-abastos-dara-su-impulso-final-durante-2026\\\/#primaryimage\"},\"thumbnailUrl\":\"https:\\\/\\\/www.caudete.org\\\/ayuntamiento\\\/wp-content\\\/uploads\\\/2021\\\/01\\\/mercado_caudete.jpg\",\"datePublished\":\"2025-12-30T10:16:38+00:00\",\"dateModified\":\"2025-12-30T12:08:58+00:00\",\"author\":{\"@id\":\"https:\\\/\\\/www.caudete.org\\\/ayuntamiento\\\/#\\\/schema\\\/person\\\/4b9eab41761957db9b1bf9c418d1ef46\"},\"description\":\"P\u00e1gina Oficial del Ayuntamiento de Caudete (Albacete)\",\"breadcrumb\":{\"@id\":\"https:\\\/\\\/www.caudete.org\\\/ayuntamiento\\\/el-mercado-de-abastos-dara-su-impulso-final-durante-2026\\\/#breadcrumb\"},\"inLanguage\":\"es\",\"potentialAction\":[{\"@type\":\"ReadAction\",\"target\":[\"https:\\\/\\\/www.caudete.org\\\/ayuntamiento\\\/el-mercado-de-abastos-dara-su-impulso-final-durante-2026\\\/\"]}]},{\"@type\":\"ImageObject\",\"inLanguage\":\"es\",\"@id\":\"https:\\\/\\\/www.caudete.org\\\/ayuntamiento\\\/el-mercado-de-abastos-dara-su-impulso-final-durante-2026\\\/#primaryimage\",\"url\":\"https:\\\/\\\/www.caudete.org\\\/ayuntamiento\\\/wp-content\\\/uploads\\\/2021\\\/01\\\/mercado_caudete.jpg\",\"contentUrl\":\"https:\\\/\\\/www.caudete.org\\\/ayuntamiento\\\/wp-content\\\/uploads\\\/2021\\\/01\\\/mercado_caudete.jpg\",\"width\":440,\"height\":340},{\"@type\":\"BreadcrumbList\",\"@id\":\"https:\\\/\\\/www.caudete.org\\\/ayuntamiento\\\/el-mercado-de-abastos-dara-su-impulso-final-durante-2026\\\/#breadcrumb\",\"itemListElement\":[{\"@type\":\"ListItem\",\"position\":1,\"name\":\"Inicio\",\"item\":\"https:\\\/\\\/www.caudete.org\\\/ayuntamiento\\\/\"},{\"@type\":\"ListItem\",\"position\":2,\"name\":\"El mercado de abastos dar\u00e1 su impulso final durante 2026\"}]},{\"@type\":\"WebSite\",\"@id\":\"https:\\\/\\\/www.caudete.org\\\/ayuntamiento\\\/#website\",\"url\":\"https:\\\/\\\/www.caudete.org\\\/ayuntamiento\\\/\",\"name\":\"MI Ayuntamiento de Caudete\",\"description\":\"P\u00e1gina Oficial del MI Ayuntamiento de Caudete\",\"potentialAction\":[{\"@type\":\"SearchAction\",\"target\":{\"@type\":\"EntryPoint\",\"urlTemplate\":\"https:\\\/\\\/www.caudete.org\\\/ayuntamiento\\\/?s={search_term_string}\"},\"query-input\":{\"@type\":\"PropertyValueSpecification\",\"valueRequired\":true,\"valueName\":\"search_term_string\"}}],\"inLanguage\":\"es\"},{\"@type\":\"Person\",\"@id\":\"https:\\\/\\\/www.caudete.org\\\/ayuntamiento\\\/#\\\/schema\\\/person\\\/4b9eab41761957db9b1bf9c418d1ef46\",\"name\":\"Dpto Informatica MI Ayuntamiento de Caudete\",\"image\":{\"@type\":\"ImageObject\",\"inLanguage\":\"es\",\"@id\":\"https:\\\/\\\/secure.gravatar.com\\\/avatar\\\/ac0321ee4a0a83e82a253e7b2d348ef539e2c8fe16d06b600bde04de1b364fa7?s=96&d=mm&r=g\",\"url\":\"https:\\\/\\\/secure.gravatar.com\\\/avatar\\\/ac0321ee4a0a83e82a253e7b2d348ef539e2c8fe16d06b600bde04de1b364fa7?s=96&d=mm&r=g\",\"contentUrl\":\"https:\\\/\\\/secure.gravatar.com\\\/avatar\\\/ac0321ee4a0a83e82a253e7b2d348ef539e2c8fe16d06b600bde04de1b364fa7?s=96&d=mm&r=g\",\"caption\":\"Dpto Informatica MI Ayuntamiento de Caudete\"},\"url\":\"https:\\\/\\\/www.caudete.org\\\/ayuntamiento\\\/author\\\/informatica\\\/\"}]}<\/script>\n<!-- \/ Yoast SEO plugin. -->","yoast_head_json":{"title":"El mercado de abastos dar\u00e1 su impulso final durante 2026 - MI Ayuntamiento de Caudete","description":"P\u00e1gina Oficial del Ayuntamiento de Caudete (Albacete)","robots":{"index":"index","follow":"follow","max-snippet":"max-snippet:-1","max-image-preview":"max-image-preview:large","max-video-preview":"max-video-preview:-1"},"canonical":"https:\/\/www.caudete.org\/ayuntamiento\/el-mercado-de-abastos-dara-su-impulso-final-durante-2026\/","og_locale":"es_ES","og_type":"article","og_title":"El mercado de abastos dar\u00e1 su impulso final durante 2026 - MI Ayuntamiento de Caudete","og_description":"P\u00e1gina Oficial del Ayuntamiento de Caudete (Albacete)","og_url":"https:\/\/www.caudete.org\/ayuntamiento\/el-mercado-de-abastos-dara-su-impulso-final-durante-2026\/","og_site_name":"MI Ayuntamiento de Caudete","article_publisher":"https:\/\/www.facebook.com\/ayuntamientocaudete\/","article_published_time":"2025-12-30T10:16:38+00:00","article_modified_time":"2025-12-30T12:08:58+00:00","og_image":[{"width":440,"height":340,"url":"https:\/\/www.caudete.org\/ayuntamiento\/wp-content\/uploads\/2021\/01\/mercado_caudete.jpg","type":"image\/jpeg"}],"author":"Dpto Informatica MI Ayuntamiento de Caudete","twitter_card":"summary_large_image","twitter_misc":{"Escrito por":"Dpto Informatica MI Ayuntamiento de Caudete","Tiempo de lectura":"3 minutos"},"schema":{"@context":"https:\/\/schema.org","@graph":[{"@type":"Article","@id":"https:\/\/www.caudete.org\/ayuntamiento\/el-mercado-de-abastos-dara-su-impulso-final-durante-2026\/#article","isPartOf":{"@id":"https:\/\/www.caudete.org\/ayuntamiento\/el-mercado-de-abastos-dara-su-impulso-final-durante-2026\/"},"author":{"name":"Dpto Informatica MI Ayuntamiento de Caudete","@id":"https:\/\/www.caudete.org\/ayuntamiento\/#\/schema\/person\/4b9eab41761957db9b1bf9c418d1ef46"},"headline":"El mercado de abastos dar\u00e1 su impulso final durante 2026","datePublished":"2025-12-30T10:16:38+00:00","dateModified":"2025-12-30T12:08:58+00:00","mainEntityOfPage":{"@id":"https:\/\/www.caudete.org\/ayuntamiento\/el-mercado-de-abastos-dara-su-impulso-final-durante-2026\/"},"wordCount":480,"image":{"@id":"https:\/\/www.caudete.org\/ayuntamiento\/el-mercado-de-abastos-dara-su-impulso-final-durante-2026\/#primaryimage"},"thumbnailUrl":"https:\/\/www.caudete.org\/ayuntamiento\/wp-content\/uploads\/2021\/01\/mercado_caudete.jpg","articleSection":["Ayuntamiento"],"inLanguage":"es"},{"@type":"WebPage","@id":"https:\/\/www.caudete.org\/ayuntamiento\/el-mercado-de-abastos-dara-su-impulso-final-durante-2026\/","url":"https:\/\/www.caudete.org\/ayuntamiento\/el-mercado-de-abastos-dara-su-impulso-final-durante-2026\/","name":"El mercado de abastos dar\u00e1 su impulso final durante 2026 - MI Ayuntamiento de Caudete","isPartOf":{"@id":"https:\/\/www.caudete.org\/ayuntamiento\/#website"},"primaryImageOfPage":{"@id":"https:\/\/www.caudete.org\/ayuntamiento\/el-mercado-de-abastos-dara-su-impulso-final-durante-2026\/#primaryimage"},"image":{"@id":"https:\/\/www.caudete.org\/ayuntamiento\/el-mercado-de-abastos-dara-su-impulso-final-durante-2026\/#primaryimage"},"thumbnailUrl":"https:\/\/www.caudete.org\/ayuntamiento\/wp-content\/uploads\/2021\/01\/mercado_caudete.jpg","datePublished":"2025-12-30T10:16:38+00:00","dateModified":"2025-12-30T12:08:58+00:00","author":{"@id":"https:\/\/www.caudete.org\/ayuntamiento\/#\/schema\/person\/4b9eab41761957db9b1bf9c418d1ef46"},"description":"P\u00e1gina Oficial del Ayuntamiento de Caudete (Albacete)","breadcrumb":{"@id":"https:\/\/www.caudete.org\/ayuntamiento\/el-mercado-de-abastos-dara-su-impulso-final-durante-2026\/#breadcrumb"},"inLanguage":"es","potentialAction":[{"@type":"ReadAction","target":["https:\/\/www.caudete.org\/ayuntamiento\/el-mercado-de-abastos-dara-su-impulso-final-durante-2026\/"]}]},{"@type":"ImageObject","inLanguage":"es","@id":"https:\/\/www.caudete.org\/ayuntamiento\/el-mercado-de-abastos-dara-su-impulso-final-durante-2026\/#primaryimage","url":"https:\/\/www.caudete.org\/ayuntamiento\/wp-content\/uploads\/2021\/01\/mercado_caudete.jpg","contentUrl":"https:\/\/www.caudete.org\/ayuntamiento\/wp-content\/uploads\/2021\/01\/mercado_caudete.jpg","width":440,"height":340},{"@type":"BreadcrumbList","@id":"https:\/\/www.caudete.org\/ayuntamiento\/el-mercado-de-abastos-dara-su-impulso-final-durante-2026\/#breadcrumb","itemListElement":[{"@type":"ListItem","position":1,"name":"Inicio","item":"https:\/\/www.caudete.org\/ayuntamiento\/"},{"@type":"ListItem","position":2,"name":"El mercado de abastos dar\u00e1 su impulso final durante 2026"}]},{"@type":"WebSite","@id":"https:\/\/www.caudete.org\/ayuntamiento\/#website","url":"https:\/\/www.caudete.org\/ayuntamiento\/","name":"MI Ayuntamiento de Caudete","description":"P\u00e1gina Oficial del MI Ayuntamiento de Caudete","potentialAction":[{"@type":"SearchAction","target":{"@type":"EntryPoint","urlTemplate":"https:\/\/www.caudete.org\/ayuntamiento\/?s={search_term_string}"},"query-input":{"@type":"PropertyValueSpecification","valueRequired":true,"valueName":"search_term_string"}}],"inLanguage":"es"},{"@type":"Person","@id":"https:\/\/www.caudete.org\/ayuntamiento\/#\/schema\/person\/4b9eab41761957db9b1bf9c418d1ef46","name":"Dpto Informatica MI Ayuntamiento de Caudete","image":{"@type":"ImageObject","inLanguage":"es","@id":"https:\/\/secure.gravatar.com\/avatar\/ac0321ee4a0a83e82a253e7b2d348ef539e2c8fe16d06b600bde04de1b364fa7?s=96&d=mm&r=g","url":"https:\/\/secure.gravatar.com\/avatar\/ac0321ee4a0a83e82a253e7b2d348ef539e2c8fe16d06b600bde04de1b364fa7?s=96&d=mm&r=g","contentUrl":"https:\/\/secure.gravatar.com\/avatar\/ac0321ee4a0a83e82a253e7b2d348ef539e2c8fe16d06b600bde04de1b364fa7?s=96&d=mm&r=g","caption":"Dpto Informatica MI Ayuntamiento de Caudete"},"url":"https:\/\/www.caudete.org\/ayuntamiento\/author\/informatica\/"}]}},"_links":{"self":[{"href":"https:\/\/www.caudete.org\/ayuntamiento\/wp-json\/wp\/v2\/posts\/32124","targetHints":{"allow":["GET"]}}],"collection":[{"href":"https:\/\/www.caudete.org\/ayuntamiento\/wp-json\/wp\/v2\/posts"}],"about":[{"href":"https:\/\/www.caudete.org\/ayuntamiento\/wp-json\/wp\/v2\/types\/post"}],"author":[{"embeddable":true,"href":"https:\/\/www.caudete.org\/ayuntamiento\/wp-json\/wp\/v2\/users\/5"}],"replies":[{"embeddable":true,"href":"https:\/\/www.caudete.org\/ayuntamiento\/wp-json\/wp\/v2\/comments?post=32124"}],"version-history":[{"count":2,"href":"https:\/\/www.caudete.org\/ayuntamiento\/wp-json\/wp\/v2\/posts\/32124\/revisions"}],"predecessor-version":[{"id":32134,"href":"https:\/\/www.caudete.org\/ayuntamiento\/wp-json\/wp\/v2\/posts\/32124\/revisions\/32134"}],"wp:featuredmedia":[{"embeddable":true,"href":"https:\/\/www.caudete.org\/ayuntamiento\/wp-json\/wp\/v2\/media\/11664"}],"wp:attachment":[{"href":"https:\/\/www.caudete.org\/ayuntamiento\/wp-json\/wp\/v2\/media?parent=32124"}],"wp:term":[{"taxonomy":"category","embeddable":true,"href":"https:\/\/www.caudete.org\/ayuntamiento\/wp-json\/wp\/v2\/categories?post=32124"},{"taxonomy":"post_tag","embeddable":true,"href":"https:\/\/www.caudete.org\/ayuntamiento\/wp-json\/wp\/v2\/tags?post=32124"}],"curies":[{"name":"wp","href":"https:\/\/api.w.org\/{rel}","templated":true}]}}