{"id":32131,"date":"2025-12-30T12:45:34","date_gmt":"2025-12-30T11:45:34","guid":{"rendered":"https:\/\/www.caudete.org\/ayuntamiento\/?p=32131"},"modified":"2025-12-30T12:45:34","modified_gmt":"2025-12-30T11:45:34","slug":"caudete-acoge-despues-de-anos-la-celebracion-del-pleno-de-la-mancomunidad-de-montearagon-congregando-a-alcaldes-y-concejales-de-todos-los-municipios-integrantes","status":"publish","type":"post","link":"https:\/\/www.caudete.org\/ayuntamiento\/caudete-acoge-despues-de-anos-la-celebracion-del-pleno-de-la-mancomunidad-de-montearagon-congregando-a-alcaldes-y-concejales-de-todos-los-municipios-integrantes\/","title":{"rendered":"Caudete acoge, despu\u00e9s de a\u00f1os, la celebraci\u00f3n del Pleno de la Mancomunidad de Montearag\u00f3n, congregando a alcaldes y concejales de todos los municipios integrantes"},"content":{"rendered":"<p data-start=\"379\" data-end=\"734\">En la jornada de hoy, <strong data-start=\"401\" data-end=\"500\">Caudete ha tenido el honor de acoger la celebraci\u00f3n del Pleno de la Mancomunidad de Montearag\u00f3n<\/strong>, un acontecimiento institucional de especial relevancia que no se produc\u00eda en nuestra localidad desde hace a\u00f1os y que ha permitido reunir en nuestro municipio a alcaldes y concejales de los municipios que integran dicha Mancomunidad.<\/p>\n<p data-start=\"736\" data-end=\"1066\">Durante la sesi\u00f3n, presidida por el Presidente de la Mancomunidad y con la presencia del Secretario de la entidad, se abordaron asuntos de gran importancia para el conjunto de municipios, destacando especialmente el debate sobre la distribuci\u00f3n del servicio de mantenimiento y reparaci\u00f3n de caminos rurales para el ejercicio 2026.<\/p>\n<p data-start=\"1068\" data-end=\"1464\">Actualmente, la Mancomunidad dispone de <strong data-start=\"1108\" data-end=\"1131\">1.450 horas anuales<\/strong> destinadas al mantenimiento y reparaci\u00f3n de caminos rurales, horas que se reparten entre los 14 municipios que la integran atendiendo a sus necesidades espec\u00edficas. En el caso de Caudete, est\u00e1n asignadas <strong data-start=\"1336\" data-end=\"1357\">150 horas anuales<\/strong>, fundamentales para atender la extensa red de caminos rurales con la que cuenta nuestro t\u00e9rmino municipal.<\/p>\n<p data-start=\"1466\" data-end=\"2289\">En este punto, el <strong data-start=\"1484\" data-end=\"1561\">concejal del Muy Ilustre Ayuntamiento de Caudete, Francisco Jos\u00e9 Castell\u00f3<\/strong>, defendi\u00f3 con firmeza los intereses de nuestro municipio, dejando constancia en acta de la solicitud de <strong data-start=\"1666\" data-end=\"1690\">20 horas adicionales<\/strong>, siempre que existan municipios que puedan renunciar a parte de su asignaci\u00f3n. Esta petici\u00f3n se suma al intenso trabajo que ya se viene desarrollando desde la Concejal\u00eda en materia de caminos rurales, donde durante los \u00faltimos meses se est\u00e1n llevando a cabo actuaciones continuas de mejora, mantenimiento, adecuaci\u00f3n y refuerzo de tramos especialmente deteriorados.<br data-start=\"2056\" data-end=\"2059\" \/>Con ello, Caudete contin\u00faa avanzando en una estrategia clara: seguir mejorando la red de caminos rurales, garantizar la seguridad de los usuarios y facilitar la actividad agr\u00edcola, ganadera y de servicios vinculada al medio rural.<\/p>\n<p data-start=\"2291\" data-end=\"2607\">La celebraci\u00f3n de este Pleno en Caudete supone, adem\u00e1s, un <strong data-start=\"2350\" data-end=\"2390\">hito institucional muy significativo<\/strong>, recuperando para nuestra localidad un encuentro comarcal que no se celebraba aqu\u00ed desde hace a\u00f1os y situando nuevamente a Caudete como punto de referencia en la cooperaci\u00f3n municipal y en la defensa del mundo rural.<\/p>\n","protected":false},"excerpt":{"rendered":"<p>En la jornada de hoy, Caudete ha tenido el honor de acoger la celebraci\u00f3n del Pleno de la Mancomunidad de Montearag\u00f3n, un acontecimiento institucional de especial relevancia que no se produc\u00eda en nuestra localidad desde hace a\u00f1os y que ha permitido reunir en nuestro municipio a alcaldes y concejales de los municipios que integran dicha &hellip;<\/p>\n","protected":false},"author":7,"featured_media":32132,"comment_status":"closed","ping_status":"open","sticky":false,"template":"","format":"standard","meta":{"ngg_post_thumbnail":0,"footnotes":""},"categories":[50],"tags":[],"class_list":["post-32131","post","type-post","status-publish","format-standard","has-post-thumbnail","hentry","category-medio-rural"],"yoast_head":"<!-- This site is optimized with the Yoast SEO plugin v27.5 - https:\/\/yoast.com\/product\/yoast-seo-wordpress\/ -->\n<title>Caudete acoge, despu\u00e9s de a\u00f1os, la celebraci\u00f3n del Pleno de la Mancomunidad de Montearag\u00f3n, congregando a alcaldes y concejales de todos los municipios integrantes - MI Ayuntamiento de Caudete<\/title>\n<meta name=\"description\" content=\"P\u00e1gina Oficial del Ayuntamiento de Caudete (Albacete)\" \/>\n<meta name=\"robots\" content=\"index, follow, max-snippet:-1, max-image-preview:large, max-video-preview:-1\" \/>\n<link rel=\"canonical\" href=\"https:\/\/www.caudete.org\/ayuntamiento\/caudete-acoge-despues-de-anos-la-celebracion-del-pleno-de-la-mancomunidad-de-montearagon-congregando-a-alcaldes-y-concejales-de-todos-los-municipios-integrantes\/\" \/>\n<meta property=\"og:locale\" content=\"es_ES\" \/>\n<meta property=\"og:type\" content=\"article\" \/>\n<meta property=\"og:title\" content=\"Caudete acoge, despu\u00e9s de a\u00f1os, la celebraci\u00f3n del Pleno de la Mancomunidad de Montearag\u00f3n, congregando a alcaldes y concejales de todos los municipios integrantes - MI Ayuntamiento de Caudete\" \/>\n<meta property=\"og:description\" content=\"P\u00e1gina Oficial del Ayuntamiento de Caudete (Albacete)\" \/>\n<meta property=\"og:url\" content=\"https:\/\/www.caudete.org\/ayuntamiento\/caudete-acoge-despues-de-anos-la-celebracion-del-pleno-de-la-mancomunidad-de-montearagon-congregando-a-alcaldes-y-concejales-de-todos-los-municipios-integrantes\/\" \/>\n<meta property=\"og:site_name\" content=\"MI Ayuntamiento de Caudete\" \/>\n<meta property=\"article:publisher\" content=\"https:\/\/www.facebook.com\/ayuntamientocaudete\/\" \/>\n<meta property=\"article:published_time\" content=\"2025-12-30T11:45:34+00:00\" \/>\n<meta property=\"og:image\" content=\"https:\/\/www.caudete.org\/ayuntamiento\/wp-content\/uploads\/2025\/12\/5745801d-071b-4baf-bce5-0cbc9f7b69c8.jpg\" \/>\n\t<meta property=\"og:image:width\" content=\"1600\" \/>\n\t<meta property=\"og:image:height\" content=\"721\" \/>\n\t<meta property=\"og:image:type\" content=\"image\/jpeg\" \/>\n<meta name=\"author\" content=\"ConceMediosComunicacion\" \/>\n<meta name=\"twitter:card\" content=\"summary_large_image\" \/>\n<meta name=\"twitter:label1\" content=\"Escrito por\" \/>\n\t<meta name=\"twitter:data1\" content=\"ConceMediosComunicacion\" \/>\n\t<meta name=\"twitter:label2\" content=\"Tiempo de lectura\" \/>\n\t<meta name=\"twitter:data2\" content=\"2 minutos\" \/>\n<script type=\"application\/ld+json\" class=\"yoast-schema-graph\">{\"@context\":\"https:\\\/\\\/schema.org\",\"@graph\":[{\"@type\":\"Article\",\"@id\":\"https:\\\/\\\/www.caudete.org\\\/ayuntamiento\\\/caudete-acoge-despues-de-anos-la-celebracion-del-pleno-de-la-mancomunidad-de-montearagon-congregando-a-alcaldes-y-concejales-de-todos-los-municipios-integrantes\\\/#article\",\"isPartOf\":{\"@id\":\"https:\\\/\\\/www.caudete.org\\\/ayuntamiento\\\/caudete-acoge-despues-de-anos-la-celebracion-del-pleno-de-la-mancomunidad-de-montearagon-congregando-a-alcaldes-y-concejales-de-todos-los-municipios-integrantes\\\/\"},\"author\":{\"name\":\"ConceMediosComunicacion\",\"@id\":\"https:\\\/\\\/www.caudete.org\\\/ayuntamiento\\\/#\\\/schema\\\/person\\\/20dfe238fe5ee9d5f5e69267aa623e05\"},\"headline\":\"Caudete acoge, despu\u00e9s de a\u00f1os, la celebraci\u00f3n del Pleno de la Mancomunidad de Montearag\u00f3n, congregando a alcaldes y concejales de todos los municipios integrantes\",\"datePublished\":\"2025-12-30T11:45:34+00:00\",\"mainEntityOfPage\":{\"@id\":\"https:\\\/\\\/www.caudete.org\\\/ayuntamiento\\\/caudete-acoge-despues-de-anos-la-celebracion-del-pleno-de-la-mancomunidad-de-montearagon-congregando-a-alcaldes-y-concejales-de-todos-los-municipios-integrantes\\\/\"},\"wordCount\":380,\"image\":{\"@id\":\"https:\\\/\\\/www.caudete.org\\\/ayuntamiento\\\/caudete-acoge-despues-de-anos-la-celebracion-del-pleno-de-la-mancomunidad-de-montearagon-congregando-a-alcaldes-y-concejales-de-todos-los-municipios-integrantes\\\/#primaryimage\"},\"thumbnailUrl\":\"https:\\\/\\\/www.caudete.org\\\/ayuntamiento\\\/wp-content\\\/uploads\\\/2025\\\/12\\\/5745801d-071b-4baf-bce5-0cbc9f7b69c8.jpg\",\"articleSection\":[\"Medio Rural\"],\"inLanguage\":\"es\"},{\"@type\":\"WebPage\",\"@id\":\"https:\\\/\\\/www.caudete.org\\\/ayuntamiento\\\/caudete-acoge-despues-de-anos-la-celebracion-del-pleno-de-la-mancomunidad-de-montearagon-congregando-a-alcaldes-y-concejales-de-todos-los-municipios-integrantes\\\/\",\"url\":\"https:\\\/\\\/www.caudete.org\\\/ayuntamiento\\\/caudete-acoge-despues-de-anos-la-celebracion-del-pleno-de-la-mancomunidad-de-montearagon-congregando-a-alcaldes-y-concejales-de-todos-los-municipios-integrantes\\\/\",\"name\":\"Caudete acoge, despu\u00e9s de a\u00f1os, la celebraci\u00f3n del Pleno de la Mancomunidad de Montearag\u00f3n, congregando a alcaldes y concejales de todos los municipios integrantes - MI Ayuntamiento de Caudete\",\"isPartOf\":{\"@id\":\"https:\\\/\\\/www.caudete.org\\\/ayuntamiento\\\/#website\"},\"primaryImageOfPage\":{\"@id\":\"https:\\\/\\\/www.caudete.org\\\/ayuntamiento\\\/caudete-acoge-despues-de-anos-la-celebracion-del-pleno-de-la-mancomunidad-de-montearagon-congregando-a-alcaldes-y-concejales-de-todos-los-municipios-integrantes\\\/#primaryimage\"},\"image\":{\"@id\":\"https:\\\/\\\/www.caudete.org\\\/ayuntamiento\\\/caudete-acoge-despues-de-anos-la-celebracion-del-pleno-de-la-mancomunidad-de-montearagon-congregando-a-alcaldes-y-concejales-de-todos-los-municipios-integrantes\\\/#primaryimage\"},\"thumbnailUrl\":\"https:\\\/\\\/www.caudete.org\\\/ayuntamiento\\\/wp-content\\\/uploads\\\/2025\\\/12\\\/5745801d-071b-4baf-bce5-0cbc9f7b69c8.jpg\",\"datePublished\":\"2025-12-30T11:45:34+00:00\",\"author\":{\"@id\":\"https:\\\/\\\/www.caudete.org\\\/ayuntamiento\\\/#\\\/schema\\\/person\\\/20dfe238fe5ee9d5f5e69267aa623e05\"},\"description\":\"P\u00e1gina Oficial del Ayuntamiento de Caudete (Albacete)\",\"breadcrumb\":{\"@id\":\"https:\\\/\\\/www.caudete.org\\\/ayuntamiento\\\/caudete-acoge-despues-de-anos-la-celebracion-del-pleno-de-la-mancomunidad-de-montearagon-congregando-a-alcaldes-y-concejales-de-todos-los-municipios-integrantes\\\/#breadcrumb\"},\"inLanguage\":\"es\",\"potentialAction\":[{\"@type\":\"ReadAction\",\"target\":[\"https:\\\/\\\/www.caudete.org\\\/ayuntamiento\\\/caudete-acoge-despues-de-anos-la-celebracion-del-pleno-de-la-mancomunidad-de-montearagon-congregando-a-alcaldes-y-concejales-de-todos-los-municipios-integrantes\\\/\"]}]},{\"@type\":\"ImageObject\",\"inLanguage\":\"es\",\"@id\":\"https:\\\/\\\/www.caudete.org\\\/ayuntamiento\\\/caudete-acoge-despues-de-anos-la-celebracion-del-pleno-de-la-mancomunidad-de-montearagon-congregando-a-alcaldes-y-concejales-de-todos-los-municipios-integrantes\\\/#primaryimage\",\"url\":\"https:\\\/\\\/www.caudete.org\\\/ayuntamiento\\\/wp-content\\\/uploads\\\/2025\\\/12\\\/5745801d-071b-4baf-bce5-0cbc9f7b69c8.jpg\",\"contentUrl\":\"https:\\\/\\\/www.caudete.org\\\/ayuntamiento\\\/wp-content\\\/uploads\\\/2025\\\/12\\\/5745801d-071b-4baf-bce5-0cbc9f7b69c8.jpg\",\"width\":1600,\"height\":721},{\"@type\":\"BreadcrumbList\",\"@id\":\"https:\\\/\\\/www.caudete.org\\\/ayuntamiento\\\/caudete-acoge-despues-de-anos-la-celebracion-del-pleno-de-la-mancomunidad-de-montearagon-congregando-a-alcaldes-y-concejales-de-todos-los-municipios-integrantes\\\/#breadcrumb\",\"itemListElement\":[{\"@type\":\"ListItem\",\"position\":1,\"name\":\"Inicio\",\"item\":\"https:\\\/\\\/www.caudete.org\\\/ayuntamiento\\\/\"},{\"@type\":\"ListItem\",\"position\":2,\"name\":\"Caudete acoge, despu\u00e9s de a\u00f1os, la celebraci\u00f3n del Pleno de la Mancomunidad de Montearag\u00f3n, congregando a alcaldes y concejales de todos los municipios integrantes\"}]},{\"@type\":\"WebSite\",\"@id\":\"https:\\\/\\\/www.caudete.org\\\/ayuntamiento\\\/#website\",\"url\":\"https:\\\/\\\/www.caudete.org\\\/ayuntamiento\\\/\",\"name\":\"MI Ayuntamiento de Caudete\",\"description\":\"P\u00e1gina Oficial del MI Ayuntamiento de Caudete\",\"potentialAction\":[{\"@type\":\"SearchAction\",\"target\":{\"@type\":\"EntryPoint\",\"urlTemplate\":\"https:\\\/\\\/www.caudete.org\\\/ayuntamiento\\\/?s={search_term_string}\"},\"query-input\":{\"@type\":\"PropertyValueSpecification\",\"valueRequired\":true,\"valueName\":\"search_term_string\"}}],\"inLanguage\":\"es\"},{\"@type\":\"Person\",\"@id\":\"https:\\\/\\\/www.caudete.org\\\/ayuntamiento\\\/#\\\/schema\\\/person\\\/20dfe238fe5ee9d5f5e69267aa623e05\",\"name\":\"ConceMediosComunicacion\",\"image\":{\"@type\":\"ImageObject\",\"inLanguage\":\"es\",\"@id\":\"https:\\\/\\\/secure.gravatar.com\\\/avatar\\\/9d162043ba1cd4ab14413e29fdb3655bfccde37e65ca99013604f8d2a19c636d?s=96&d=mm&r=g\",\"url\":\"https:\\\/\\\/secure.gravatar.com\\\/avatar\\\/9d162043ba1cd4ab14413e29fdb3655bfccde37e65ca99013604f8d2a19c636d?s=96&d=mm&r=g\",\"contentUrl\":\"https:\\\/\\\/secure.gravatar.com\\\/avatar\\\/9d162043ba1cd4ab14413e29fdb3655bfccde37e65ca99013604f8d2a19c636d?s=96&d=mm&r=g\",\"caption\":\"ConceMediosComunicacion\"},\"url\":\"https:\\\/\\\/www.caudete.org\\\/ayuntamiento\\\/author\\\/concemedioscomunicacion\\\/\"}]}<\/script>\n<!-- \/ Yoast SEO plugin. -->","yoast_head_json":{"title":"Caudete acoge, despu\u00e9s de a\u00f1os, la celebraci\u00f3n del Pleno de la Mancomunidad de Montearag\u00f3n, congregando a alcaldes y concejales de todos los municipios integrantes - MI Ayuntamiento de Caudete","description":"P\u00e1gina Oficial del Ayuntamiento de Caudete (Albacete)","robots":{"index":"index","follow":"follow","max-snippet":"max-snippet:-1","max-image-preview":"max-image-preview:large","max-video-preview":"max-video-preview:-1"},"canonical":"https:\/\/www.caudete.org\/ayuntamiento\/caudete-acoge-despues-de-anos-la-celebracion-del-pleno-de-la-mancomunidad-de-montearagon-congregando-a-alcaldes-y-concejales-de-todos-los-municipios-integrantes\/","og_locale":"es_ES","og_type":"article","og_title":"Caudete acoge, despu\u00e9s de a\u00f1os, la celebraci\u00f3n del Pleno de la Mancomunidad de Montearag\u00f3n, congregando a alcaldes y concejales de todos los municipios integrantes - MI Ayuntamiento de Caudete","og_description":"P\u00e1gina Oficial del Ayuntamiento de Caudete (Albacete)","og_url":"https:\/\/www.caudete.org\/ayuntamiento\/caudete-acoge-despues-de-anos-la-celebracion-del-pleno-de-la-mancomunidad-de-montearagon-congregando-a-alcaldes-y-concejales-de-todos-los-municipios-integrantes\/","og_site_name":"MI Ayuntamiento de Caudete","article_publisher":"https:\/\/www.facebook.com\/ayuntamientocaudete\/","article_published_time":"2025-12-30T11:45:34+00:00","og_image":[{"width":1600,"height":721,"url":"https:\/\/www.caudete.org\/ayuntamiento\/wp-content\/uploads\/2025\/12\/5745801d-071b-4baf-bce5-0cbc9f7b69c8.jpg","type":"image\/jpeg"}],"author":"ConceMediosComunicacion","twitter_card":"summary_large_image","twitter_misc":{"Escrito por":"ConceMediosComunicacion","Tiempo de lectura":"2 minutos"},"schema":{"@context":"https:\/\/schema.org","@graph":[{"@type":"Article","@id":"https:\/\/www.caudete.org\/ayuntamiento\/caudete-acoge-despues-de-anos-la-celebracion-del-pleno-de-la-mancomunidad-de-montearagon-congregando-a-alcaldes-y-concejales-de-todos-los-municipios-integrantes\/#article","isPartOf":{"@id":"https:\/\/www.caudete.org\/ayuntamiento\/caudete-acoge-despues-de-anos-la-celebracion-del-pleno-de-la-mancomunidad-de-montearagon-congregando-a-alcaldes-y-concejales-de-todos-los-municipios-integrantes\/"},"author":{"name":"ConceMediosComunicacion","@id":"https:\/\/www.caudete.org\/ayuntamiento\/#\/schema\/person\/20dfe238fe5ee9d5f5e69267aa623e05"},"headline":"Caudete acoge, despu\u00e9s de a\u00f1os, la celebraci\u00f3n del Pleno de la Mancomunidad de Montearag\u00f3n, congregando a alcaldes y concejales de todos los municipios integrantes","datePublished":"2025-12-30T11:45:34+00:00","mainEntityOfPage":{"@id":"https:\/\/www.caudete.org\/ayuntamiento\/caudete-acoge-despues-de-anos-la-celebracion-del-pleno-de-la-mancomunidad-de-montearagon-congregando-a-alcaldes-y-concejales-de-todos-los-municipios-integrantes\/"},"wordCount":380,"image":{"@id":"https:\/\/www.caudete.org\/ayuntamiento\/caudete-acoge-despues-de-anos-la-celebracion-del-pleno-de-la-mancomunidad-de-montearagon-congregando-a-alcaldes-y-concejales-de-todos-los-municipios-integrantes\/#primaryimage"},"thumbnailUrl":"https:\/\/www.caudete.org\/ayuntamiento\/wp-content\/uploads\/2025\/12\/5745801d-071b-4baf-bce5-0cbc9f7b69c8.jpg","articleSection":["Medio Rural"],"inLanguage":"es"},{"@type":"WebPage","@id":"https:\/\/www.caudete.org\/ayuntamiento\/caudete-acoge-despues-de-anos-la-celebracion-del-pleno-de-la-mancomunidad-de-montearagon-congregando-a-alcaldes-y-concejales-de-todos-los-municipios-integrantes\/","url":"https:\/\/www.caudete.org\/ayuntamiento\/caudete-acoge-despues-de-anos-la-celebracion-del-pleno-de-la-mancomunidad-de-montearagon-congregando-a-alcaldes-y-concejales-de-todos-los-municipios-integrantes\/","name":"Caudete acoge, despu\u00e9s de a\u00f1os, la celebraci\u00f3n del Pleno de la Mancomunidad de Montearag\u00f3n, congregando a alcaldes y concejales de todos los municipios integrantes - MI Ayuntamiento de Caudete","isPartOf":{"@id":"https:\/\/www.caudete.org\/ayuntamiento\/#website"},"primaryImageOfPage":{"@id":"https:\/\/www.caudete.org\/ayuntamiento\/caudete-acoge-despues-de-anos-la-celebracion-del-pleno-de-la-mancomunidad-de-montearagon-congregando-a-alcaldes-y-concejales-de-todos-los-municipios-integrantes\/#primaryimage"},"image":{"@id":"https:\/\/www.caudete.org\/ayuntamiento\/caudete-acoge-despues-de-anos-la-celebracion-del-pleno-de-la-mancomunidad-de-montearagon-congregando-a-alcaldes-y-concejales-de-todos-los-municipios-integrantes\/#primaryimage"},"thumbnailUrl":"https:\/\/www.caudete.org\/ayuntamiento\/wp-content\/uploads\/2025\/12\/5745801d-071b-4baf-bce5-0cbc9f7b69c8.jpg","datePublished":"2025-12-30T11:45:34+00:00","author":{"@id":"https:\/\/www.caudete.org\/ayuntamiento\/#\/schema\/person\/20dfe238fe5ee9d5f5e69267aa623e05"},"description":"P\u00e1gina Oficial del Ayuntamiento de Caudete (Albacete)","breadcrumb":{"@id":"https:\/\/www.caudete.org\/ayuntamiento\/caudete-acoge-despues-de-anos-la-celebracion-del-pleno-de-la-mancomunidad-de-montearagon-congregando-a-alcaldes-y-concejales-de-todos-los-municipios-integrantes\/#breadcrumb"},"inLanguage":"es","potentialAction":[{"@type":"ReadAction","target":["https:\/\/www.caudete.org\/ayuntamiento\/caudete-acoge-despues-de-anos-la-celebracion-del-pleno-de-la-mancomunidad-de-montearagon-congregando-a-alcaldes-y-concejales-de-todos-los-municipios-integrantes\/"]}]},{"@type":"ImageObject","inLanguage":"es","@id":"https:\/\/www.caudete.org\/ayuntamiento\/caudete-acoge-despues-de-anos-la-celebracion-del-pleno-de-la-mancomunidad-de-montearagon-congregando-a-alcaldes-y-concejales-de-todos-los-municipios-integrantes\/#primaryimage","url":"https:\/\/www.caudete.org\/ayuntamiento\/wp-content\/uploads\/2025\/12\/5745801d-071b-4baf-bce5-0cbc9f7b69c8.jpg","contentUrl":"https:\/\/www.caudete.org\/ayuntamiento\/wp-content\/uploads\/2025\/12\/5745801d-071b-4baf-bce5-0cbc9f7b69c8.jpg","width":1600,"height":721},{"@type":"BreadcrumbList","@id":"https:\/\/www.caudete.org\/ayuntamiento\/caudete-acoge-despues-de-anos-la-celebracion-del-pleno-de-la-mancomunidad-de-montearagon-congregando-a-alcaldes-y-concejales-de-todos-los-municipios-integrantes\/#breadcrumb","itemListElement":[{"@type":"ListItem","position":1,"name":"Inicio","item":"https:\/\/www.caudete.org\/ayuntamiento\/"},{"@type":"ListItem","position":2,"name":"Caudete acoge, despu\u00e9s de a\u00f1os, la celebraci\u00f3n del Pleno de la Mancomunidad de Montearag\u00f3n, congregando a alcaldes y concejales de todos los municipios integrantes"}]},{"@type":"WebSite","@id":"https:\/\/www.caudete.org\/ayuntamiento\/#website","url":"https:\/\/www.caudete.org\/ayuntamiento\/","name":"MI Ayuntamiento de Caudete","description":"P\u00e1gina Oficial del MI Ayuntamiento de Caudete","potentialAction":[{"@type":"SearchAction","target":{"@type":"EntryPoint","urlTemplate":"https:\/\/www.caudete.org\/ayuntamiento\/?s={search_term_string}"},"query-input":{"@type":"PropertyValueSpecification","valueRequired":true,"valueName":"search_term_string"}}],"inLanguage":"es"},{"@type":"Person","@id":"https:\/\/www.caudete.org\/ayuntamiento\/#\/schema\/person\/20dfe238fe5ee9d5f5e69267aa623e05","name":"ConceMediosComunicacion","image":{"@type":"ImageObject","inLanguage":"es","@id":"https:\/\/secure.gravatar.com\/avatar\/9d162043ba1cd4ab14413e29fdb3655bfccde37e65ca99013604f8d2a19c636d?s=96&d=mm&r=g","url":"https:\/\/secure.gravatar.com\/avatar\/9d162043ba1cd4ab14413e29fdb3655bfccde37e65ca99013604f8d2a19c636d?s=96&d=mm&r=g","contentUrl":"https:\/\/secure.gravatar.com\/avatar\/9d162043ba1cd4ab14413e29fdb3655bfccde37e65ca99013604f8d2a19c636d?s=96&d=mm&r=g","caption":"ConceMediosComunicacion"},"url":"https:\/\/www.caudete.org\/ayuntamiento\/author\/concemedioscomunicacion\/"}]}},"_links":{"self":[{"href":"https:\/\/www.caudete.org\/ayuntamiento\/wp-json\/wp\/v2\/posts\/32131","targetHints":{"allow":["GET"]}}],"collection":[{"href":"https:\/\/www.caudete.org\/ayuntamiento\/wp-json\/wp\/v2\/posts"}],"about":[{"href":"https:\/\/www.caudete.org\/ayuntamiento\/wp-json\/wp\/v2\/types\/post"}],"author":[{"embeddable":true,"href":"https:\/\/www.caudete.org\/ayuntamiento\/wp-json\/wp\/v2\/users\/7"}],"replies":[{"embeddable":true,"href":"https:\/\/www.caudete.org\/ayuntamiento\/wp-json\/wp\/v2\/comments?post=32131"}],"version-history":[{"count":1,"href":"https:\/\/www.caudete.org\/ayuntamiento\/wp-json\/wp\/v2\/posts\/32131\/revisions"}],"predecessor-version":[{"id":32133,"href":"https:\/\/www.caudete.org\/ayuntamiento\/wp-json\/wp\/v2\/posts\/32131\/revisions\/32133"}],"wp:featuredmedia":[{"embeddable":true,"href":"https:\/\/www.caudete.org\/ayuntamiento\/wp-json\/wp\/v2\/media\/32132"}],"wp:attachment":[{"href":"https:\/\/www.caudete.org\/ayuntamiento\/wp-json\/wp\/v2\/media?parent=32131"}],"wp:term":[{"taxonomy":"category","embeddable":true,"href":"https:\/\/www.caudete.org\/ayuntamiento\/wp-json\/wp\/v2\/categories?post=32131"},{"taxonomy":"post_tag","embeddable":true,"href":"https:\/\/www.caudete.org\/ayuntamiento\/wp-json\/wp\/v2\/tags?post=32131"}],"curies":[{"name":"wp","href":"https:\/\/api.w.org\/{rel}","templated":true}]}}