{"id":32141,"date":"2026-01-02T09:02:15","date_gmt":"2026-01-02T08:02:15","guid":{"rendered":"https:\/\/www.caudete.org\/ayuntamiento\/?p=32141"},"modified":"2026-01-09T13:38:04","modified_gmt":"2026-01-09T12:38:04","slug":"el-proyecto-de-biogas-en-caudete-se-cierra-sin-costes-ni-reclamaciones-para-el-ayuntamiento","status":"publish","type":"post","link":"https:\/\/www.caudete.org\/ayuntamiento\/el-proyecto-de-biogas-en-caudete-se-cierra-sin-costes-ni-reclamaciones-para-el-ayuntamiento\/","title":{"rendered":"El proyecto de biog\u00e1s en Caudete se cierra sin costes ni reclamaciones para el Ayuntamiento"},"content":{"rendered":"<p>El Concejal Mois\u00e9s L\u00f3pez, ha dado a conocer que el cap\u00edtulo del proyecto del Biog\u00e1s en Caudete queda definitivamente cerrado. La empresa promotora ha confirmado de forma expresa que no ejecutar\u00e1 el proyecto en el municipio y que no presentar\u00e1 reclamaci\u00f3n econ\u00f3mica ni acci\u00f3n legal alguna contra el Ayuntamiento.<\/p>\n<p>Cuando se produjo la rescisi\u00f3n del arrendamiento por parte del entonces alcalde, Mois\u00e9s L\u00f3pez, la empresa comunic\u00f3 por escrito que no ejercer\u00eda ning\u00fan tipo de reclamaci\u00f3n, ni econ\u00f3mica ni judicial. Aunque la respuesta lleg\u00f3 pocos d\u00edas antes de expirar el plazo legal, qued\u00f3 durante un tiempo la duda sobre si el proyecto seguir\u00eda adelante en otro ubicaci\u00f3n diferente, en terrenos privados, o si, pese a aquel escrito, podr\u00edan emprenderse acciones posteriores.<\/p>\n<p>Esa incertidumbre se disip\u00f3 hace ya un par de meses, cuando el responsable de la empresa visit\u00f3 Caudete y traslad\u00f3 personalmente, en una reuni\u00f3n conjunta, tanto al actual alcalde, Jos\u00e9 Miguel Moll\u00e1, como al exalcalde Mois\u00e9s L\u00f3pez, que el proyecto no se ejecutar\u00eda en el municipio y que no exist\u00eda intenci\u00f3n alguna de reclamar cantidades econ\u00f3micas ni de iniciar procedimientos judiciales.<\/p>\n<p>Durante ese encuentro, la empresa agradeci\u00f3 de manera expresa a Mois\u00e9s L\u00f3pez el esfuerzo realizado en todo momento para sacar adelante el proyecto y manifest\u00f3 su comprensi\u00f3n respecto a la rescisi\u00f3n unilateral del contrato, reconociendo la claridad con la que se explicaron los motivos a la ciudadan\u00eda, y la diplomacia con la que se traslad\u00f3 a la empresa y a la prensa. Asimismo, la empresa se disculp\u00f3 por el desgaste personal y pol\u00edtico que todo el proceso hab\u00eda supuesto.<\/p>\n<p>Con esta confirmaci\u00f3n, el Ayuntamiento de Caudete no afrontar\u00e1 ning\u00fan coste derivado del proyecto de biog\u00e1s, motivo que pone de manifiesto una gesti\u00f3n \u00f3ptima en las negociaciones y buena voluntad por ambas partes.<\/p>\n<p>La noticia supone un cierre definitivo a un asunto que ha generado controversia y tensi\u00f3n durante a\u00f1os, y permite pasar p\u00e1gina con una certeza clara: el proyecto no se realizar\u00e1 y no tendr\u00e1 consecuencias econ\u00f3micas ni legales para el municipio.<\/p>\n<p><a href=\"https:\/\/www.caudete.org\/ayuntamiento\/wp-content\/uploads\/2026\/01\/CentralBiogas2.jpg\" rel='prettyPhoto'><img fetchpriority=\"high\" decoding=\"async\" class=\"alignnone size-full wp-image-32153\" src=\"https:\/\/www.caudete.org\/ayuntamiento\/wp-content\/uploads\/2026\/01\/CentralBiogas2.jpg\" alt=\"\" width=\"1158\" height=\"729\" srcset=\"https:\/\/www.caudete.org\/ayuntamiento\/wp-content\/uploads\/2026\/01\/CentralBiogas2.jpg 1158w, https:\/\/www.caudete.org\/ayuntamiento\/wp-content\/uploads\/2026\/01\/CentralBiogas2-350x220.jpg 350w, https:\/\/www.caudete.org\/ayuntamiento\/wp-content\/uploads\/2026\/01\/CentralBiogas2-768x483.jpg 768w\" sizes=\"(max-width: 1158px) 100vw, 1158px\" \/><\/a><\/p>\n","protected":false},"excerpt":{"rendered":"<p>El Concejal Mois\u00e9s L\u00f3pez, ha dado a conocer que el cap\u00edtulo del proyecto del Biog\u00e1s en Caudete queda definitivamente cerrado. La empresa promotora ha confirmado de forma expresa que no ejecutar\u00e1 el proyecto en el municipio y que no presentar\u00e1 reclamaci\u00f3n econ\u00f3mica ni acci\u00f3n legal alguna contra el Ayuntamiento. Cuando se produjo la rescisi\u00f3n del &hellip;<\/p>\n","protected":false},"author":5,"featured_media":32152,"comment_status":"closed","ping_status":"open","sticky":false,"template":"","format":"standard","meta":{"ngg_post_thumbnail":0,"footnotes":""},"categories":[20],"tags":[],"class_list":["post-32141","post","type-post","status-publish","format-standard","has-post-thumbnail","hentry","category-ayuntamiento"],"yoast_head":"<!-- This site is optimized with the Yoast SEO plugin v27.5 - https:\/\/yoast.com\/product\/yoast-seo-wordpress\/ -->\n<title>El proyecto de biog\u00e1s en Caudete se cierra sin costes ni reclamaciones para el Ayuntamiento - MI Ayuntamiento de Caudete<\/title>\n<meta name=\"description\" content=\"P\u00e1gina Oficial del Ayuntamiento de Caudete (Albacete)\" \/>\n<meta name=\"robots\" content=\"index, follow, max-snippet:-1, max-image-preview:large, max-video-preview:-1\" \/>\n<link rel=\"canonical\" href=\"https:\/\/www.caudete.org\/ayuntamiento\/el-proyecto-de-biogas-en-caudete-se-cierra-sin-costes-ni-reclamaciones-para-el-ayuntamiento\/\" \/>\n<meta property=\"og:locale\" content=\"es_ES\" \/>\n<meta property=\"og:type\" content=\"article\" \/>\n<meta property=\"og:title\" content=\"El proyecto de biog\u00e1s en Caudete se cierra sin costes ni reclamaciones para el Ayuntamiento - MI Ayuntamiento de Caudete\" \/>\n<meta property=\"og:description\" content=\"P\u00e1gina Oficial del Ayuntamiento de Caudete (Albacete)\" \/>\n<meta property=\"og:url\" content=\"https:\/\/www.caudete.org\/ayuntamiento\/el-proyecto-de-biogas-en-caudete-se-cierra-sin-costes-ni-reclamaciones-para-el-ayuntamiento\/\" \/>\n<meta property=\"og:site_name\" content=\"MI Ayuntamiento de Caudete\" \/>\n<meta property=\"article:publisher\" content=\"https:\/\/www.facebook.com\/ayuntamientocaudete\/\" \/>\n<meta property=\"article:published_time\" content=\"2026-01-02T08:02:15+00:00\" \/>\n<meta property=\"article:modified_time\" content=\"2026-01-09T12:38:04+00:00\" \/>\n<meta property=\"og:image\" content=\"https:\/\/www.caudete.org\/ayuntamiento\/wp-content\/uploads\/2026\/01\/CentralBiogas.jpg\" \/>\n\t<meta property=\"og:image:width\" content=\"1000\" \/>\n\t<meta property=\"og:image:height\" content=\"667\" \/>\n\t<meta property=\"og:image:type\" content=\"image\/jpeg\" \/>\n<meta name=\"author\" content=\"Dpto Informatica MI Ayuntamiento de Caudete\" \/>\n<meta name=\"twitter:card\" content=\"summary_large_image\" \/>\n<meta name=\"twitter:label1\" content=\"Escrito por\" \/>\n\t<meta name=\"twitter:data1\" content=\"Dpto Informatica MI Ayuntamiento de Caudete\" \/>\n\t<meta name=\"twitter:label2\" content=\"Tiempo de lectura\" \/>\n\t<meta name=\"twitter:data2\" content=\"2 minutos\" \/>\n<script type=\"application\/ld+json\" class=\"yoast-schema-graph\">{\"@context\":\"https:\\\/\\\/schema.org\",\"@graph\":[{\"@type\":\"Article\",\"@id\":\"https:\\\/\\\/www.caudete.org\\\/ayuntamiento\\\/el-proyecto-de-biogas-en-caudete-se-cierra-sin-costes-ni-reclamaciones-para-el-ayuntamiento\\\/#article\",\"isPartOf\":{\"@id\":\"https:\\\/\\\/www.caudete.org\\\/ayuntamiento\\\/el-proyecto-de-biogas-en-caudete-se-cierra-sin-costes-ni-reclamaciones-para-el-ayuntamiento\\\/\"},\"author\":{\"name\":\"Dpto Informatica MI Ayuntamiento de Caudete\",\"@id\":\"https:\\\/\\\/www.caudete.org\\\/ayuntamiento\\\/#\\\/schema\\\/person\\\/4b9eab41761957db9b1bf9c418d1ef46\"},\"headline\":\"El proyecto de biog\u00e1s en Caudete se cierra sin costes ni reclamaciones para el Ayuntamiento\",\"datePublished\":\"2026-01-02T08:02:15+00:00\",\"dateModified\":\"2026-01-09T12:38:04+00:00\",\"mainEntityOfPage\":{\"@id\":\"https:\\\/\\\/www.caudete.org\\\/ayuntamiento\\\/el-proyecto-de-biogas-en-caudete-se-cierra-sin-costes-ni-reclamaciones-para-el-ayuntamiento\\\/\"},\"wordCount\":389,\"image\":{\"@id\":\"https:\\\/\\\/www.caudete.org\\\/ayuntamiento\\\/el-proyecto-de-biogas-en-caudete-se-cierra-sin-costes-ni-reclamaciones-para-el-ayuntamiento\\\/#primaryimage\"},\"thumbnailUrl\":\"https:\\\/\\\/www.caudete.org\\\/ayuntamiento\\\/wp-content\\\/uploads\\\/2026\\\/01\\\/CentralBiogas.jpg\",\"articleSection\":[\"Ayuntamiento\"],\"inLanguage\":\"es\"},{\"@type\":\"WebPage\",\"@id\":\"https:\\\/\\\/www.caudete.org\\\/ayuntamiento\\\/el-proyecto-de-biogas-en-caudete-se-cierra-sin-costes-ni-reclamaciones-para-el-ayuntamiento\\\/\",\"url\":\"https:\\\/\\\/www.caudete.org\\\/ayuntamiento\\\/el-proyecto-de-biogas-en-caudete-se-cierra-sin-costes-ni-reclamaciones-para-el-ayuntamiento\\\/\",\"name\":\"El proyecto de biog\u00e1s en Caudete se cierra sin costes ni reclamaciones para el Ayuntamiento - MI Ayuntamiento de Caudete\",\"isPartOf\":{\"@id\":\"https:\\\/\\\/www.caudete.org\\\/ayuntamiento\\\/#website\"},\"primaryImageOfPage\":{\"@id\":\"https:\\\/\\\/www.caudete.org\\\/ayuntamiento\\\/el-proyecto-de-biogas-en-caudete-se-cierra-sin-costes-ni-reclamaciones-para-el-ayuntamiento\\\/#primaryimage\"},\"image\":{\"@id\":\"https:\\\/\\\/www.caudete.org\\\/ayuntamiento\\\/el-proyecto-de-biogas-en-caudete-se-cierra-sin-costes-ni-reclamaciones-para-el-ayuntamiento\\\/#primaryimage\"},\"thumbnailUrl\":\"https:\\\/\\\/www.caudete.org\\\/ayuntamiento\\\/wp-content\\\/uploads\\\/2026\\\/01\\\/CentralBiogas.jpg\",\"datePublished\":\"2026-01-02T08:02:15+00:00\",\"dateModified\":\"2026-01-09T12:38:04+00:00\",\"author\":{\"@id\":\"https:\\\/\\\/www.caudete.org\\\/ayuntamiento\\\/#\\\/schema\\\/person\\\/4b9eab41761957db9b1bf9c418d1ef46\"},\"description\":\"P\u00e1gina Oficial del Ayuntamiento de Caudete (Albacete)\",\"breadcrumb\":{\"@id\":\"https:\\\/\\\/www.caudete.org\\\/ayuntamiento\\\/el-proyecto-de-biogas-en-caudete-se-cierra-sin-costes-ni-reclamaciones-para-el-ayuntamiento\\\/#breadcrumb\"},\"inLanguage\":\"es\",\"potentialAction\":[{\"@type\":\"ReadAction\",\"target\":[\"https:\\\/\\\/www.caudete.org\\\/ayuntamiento\\\/el-proyecto-de-biogas-en-caudete-se-cierra-sin-costes-ni-reclamaciones-para-el-ayuntamiento\\\/\"]}]},{\"@type\":\"ImageObject\",\"inLanguage\":\"es\",\"@id\":\"https:\\\/\\\/www.caudete.org\\\/ayuntamiento\\\/el-proyecto-de-biogas-en-caudete-se-cierra-sin-costes-ni-reclamaciones-para-el-ayuntamiento\\\/#primaryimage\",\"url\":\"https:\\\/\\\/www.caudete.org\\\/ayuntamiento\\\/wp-content\\\/uploads\\\/2026\\\/01\\\/CentralBiogas.jpg\",\"contentUrl\":\"https:\\\/\\\/www.caudete.org\\\/ayuntamiento\\\/wp-content\\\/uploads\\\/2026\\\/01\\\/CentralBiogas.jpg\",\"width\":1000,\"height\":667},{\"@type\":\"BreadcrumbList\",\"@id\":\"https:\\\/\\\/www.caudete.org\\\/ayuntamiento\\\/el-proyecto-de-biogas-en-caudete-se-cierra-sin-costes-ni-reclamaciones-para-el-ayuntamiento\\\/#breadcrumb\",\"itemListElement\":[{\"@type\":\"ListItem\",\"position\":1,\"name\":\"Inicio\",\"item\":\"https:\\\/\\\/www.caudete.org\\\/ayuntamiento\\\/\"},{\"@type\":\"ListItem\",\"position\":2,\"name\":\"El proyecto de biog\u00e1s en Caudete se cierra sin costes ni reclamaciones para el Ayuntamiento\"}]},{\"@type\":\"WebSite\",\"@id\":\"https:\\\/\\\/www.caudete.org\\\/ayuntamiento\\\/#website\",\"url\":\"https:\\\/\\\/www.caudete.org\\\/ayuntamiento\\\/\",\"name\":\"MI Ayuntamiento de Caudete\",\"description\":\"P\u00e1gina Oficial del MI Ayuntamiento de Caudete\",\"potentialAction\":[{\"@type\":\"SearchAction\",\"target\":{\"@type\":\"EntryPoint\",\"urlTemplate\":\"https:\\\/\\\/www.caudete.org\\\/ayuntamiento\\\/?s={search_term_string}\"},\"query-input\":{\"@type\":\"PropertyValueSpecification\",\"valueRequired\":true,\"valueName\":\"search_term_string\"}}],\"inLanguage\":\"es\"},{\"@type\":\"Person\",\"@id\":\"https:\\\/\\\/www.caudete.org\\\/ayuntamiento\\\/#\\\/schema\\\/person\\\/4b9eab41761957db9b1bf9c418d1ef46\",\"name\":\"Dpto Informatica MI Ayuntamiento de Caudete\",\"image\":{\"@type\":\"ImageObject\",\"inLanguage\":\"es\",\"@id\":\"https:\\\/\\\/secure.gravatar.com\\\/avatar\\\/ac0321ee4a0a83e82a253e7b2d348ef539e2c8fe16d06b600bde04de1b364fa7?s=96&d=mm&r=g\",\"url\":\"https:\\\/\\\/secure.gravatar.com\\\/avatar\\\/ac0321ee4a0a83e82a253e7b2d348ef539e2c8fe16d06b600bde04de1b364fa7?s=96&d=mm&r=g\",\"contentUrl\":\"https:\\\/\\\/secure.gravatar.com\\\/avatar\\\/ac0321ee4a0a83e82a253e7b2d348ef539e2c8fe16d06b600bde04de1b364fa7?s=96&d=mm&r=g\",\"caption\":\"Dpto Informatica MI Ayuntamiento de Caudete\"},\"url\":\"https:\\\/\\\/www.caudete.org\\\/ayuntamiento\\\/author\\\/informatica\\\/\"}]}<\/script>\n<!-- \/ Yoast SEO plugin. -->","yoast_head_json":{"title":"El proyecto de biog\u00e1s en Caudete se cierra sin costes ni reclamaciones para el Ayuntamiento - MI Ayuntamiento de Caudete","description":"P\u00e1gina Oficial del Ayuntamiento de Caudete (Albacete)","robots":{"index":"index","follow":"follow","max-snippet":"max-snippet:-1","max-image-preview":"max-image-preview:large","max-video-preview":"max-video-preview:-1"},"canonical":"https:\/\/www.caudete.org\/ayuntamiento\/el-proyecto-de-biogas-en-caudete-se-cierra-sin-costes-ni-reclamaciones-para-el-ayuntamiento\/","og_locale":"es_ES","og_type":"article","og_title":"El proyecto de biog\u00e1s en Caudete se cierra sin costes ni reclamaciones para el Ayuntamiento - MI Ayuntamiento de Caudete","og_description":"P\u00e1gina Oficial del Ayuntamiento de Caudete (Albacete)","og_url":"https:\/\/www.caudete.org\/ayuntamiento\/el-proyecto-de-biogas-en-caudete-se-cierra-sin-costes-ni-reclamaciones-para-el-ayuntamiento\/","og_site_name":"MI Ayuntamiento de Caudete","article_publisher":"https:\/\/www.facebook.com\/ayuntamientocaudete\/","article_published_time":"2026-01-02T08:02:15+00:00","article_modified_time":"2026-01-09T12:38:04+00:00","og_image":[{"width":1000,"height":667,"url":"https:\/\/www.caudete.org\/ayuntamiento\/wp-content\/uploads\/2026\/01\/CentralBiogas.jpg","type":"image\/jpeg"}],"author":"Dpto Informatica MI Ayuntamiento de Caudete","twitter_card":"summary_large_image","twitter_misc":{"Escrito por":"Dpto Informatica MI Ayuntamiento de Caudete","Tiempo de lectura":"2 minutos"},"schema":{"@context":"https:\/\/schema.org","@graph":[{"@type":"Article","@id":"https:\/\/www.caudete.org\/ayuntamiento\/el-proyecto-de-biogas-en-caudete-se-cierra-sin-costes-ni-reclamaciones-para-el-ayuntamiento\/#article","isPartOf":{"@id":"https:\/\/www.caudete.org\/ayuntamiento\/el-proyecto-de-biogas-en-caudete-se-cierra-sin-costes-ni-reclamaciones-para-el-ayuntamiento\/"},"author":{"name":"Dpto Informatica MI Ayuntamiento de Caudete","@id":"https:\/\/www.caudete.org\/ayuntamiento\/#\/schema\/person\/4b9eab41761957db9b1bf9c418d1ef46"},"headline":"El proyecto de biog\u00e1s en Caudete se cierra sin costes ni reclamaciones para el Ayuntamiento","datePublished":"2026-01-02T08:02:15+00:00","dateModified":"2026-01-09T12:38:04+00:00","mainEntityOfPage":{"@id":"https:\/\/www.caudete.org\/ayuntamiento\/el-proyecto-de-biogas-en-caudete-se-cierra-sin-costes-ni-reclamaciones-para-el-ayuntamiento\/"},"wordCount":389,"image":{"@id":"https:\/\/www.caudete.org\/ayuntamiento\/el-proyecto-de-biogas-en-caudete-se-cierra-sin-costes-ni-reclamaciones-para-el-ayuntamiento\/#primaryimage"},"thumbnailUrl":"https:\/\/www.caudete.org\/ayuntamiento\/wp-content\/uploads\/2026\/01\/CentralBiogas.jpg","articleSection":["Ayuntamiento"],"inLanguage":"es"},{"@type":"WebPage","@id":"https:\/\/www.caudete.org\/ayuntamiento\/el-proyecto-de-biogas-en-caudete-se-cierra-sin-costes-ni-reclamaciones-para-el-ayuntamiento\/","url":"https:\/\/www.caudete.org\/ayuntamiento\/el-proyecto-de-biogas-en-caudete-se-cierra-sin-costes-ni-reclamaciones-para-el-ayuntamiento\/","name":"El proyecto de biog\u00e1s en Caudete se cierra sin costes ni reclamaciones para el Ayuntamiento - MI Ayuntamiento de Caudete","isPartOf":{"@id":"https:\/\/www.caudete.org\/ayuntamiento\/#website"},"primaryImageOfPage":{"@id":"https:\/\/www.caudete.org\/ayuntamiento\/el-proyecto-de-biogas-en-caudete-se-cierra-sin-costes-ni-reclamaciones-para-el-ayuntamiento\/#primaryimage"},"image":{"@id":"https:\/\/www.caudete.org\/ayuntamiento\/el-proyecto-de-biogas-en-caudete-se-cierra-sin-costes-ni-reclamaciones-para-el-ayuntamiento\/#primaryimage"},"thumbnailUrl":"https:\/\/www.caudete.org\/ayuntamiento\/wp-content\/uploads\/2026\/01\/CentralBiogas.jpg","datePublished":"2026-01-02T08:02:15+00:00","dateModified":"2026-01-09T12:38:04+00:00","author":{"@id":"https:\/\/www.caudete.org\/ayuntamiento\/#\/schema\/person\/4b9eab41761957db9b1bf9c418d1ef46"},"description":"P\u00e1gina Oficial del Ayuntamiento de Caudete (Albacete)","breadcrumb":{"@id":"https:\/\/www.caudete.org\/ayuntamiento\/el-proyecto-de-biogas-en-caudete-se-cierra-sin-costes-ni-reclamaciones-para-el-ayuntamiento\/#breadcrumb"},"inLanguage":"es","potentialAction":[{"@type":"ReadAction","target":["https:\/\/www.caudete.org\/ayuntamiento\/el-proyecto-de-biogas-en-caudete-se-cierra-sin-costes-ni-reclamaciones-para-el-ayuntamiento\/"]}]},{"@type":"ImageObject","inLanguage":"es","@id":"https:\/\/www.caudete.org\/ayuntamiento\/el-proyecto-de-biogas-en-caudete-se-cierra-sin-costes-ni-reclamaciones-para-el-ayuntamiento\/#primaryimage","url":"https:\/\/www.caudete.org\/ayuntamiento\/wp-content\/uploads\/2026\/01\/CentralBiogas.jpg","contentUrl":"https:\/\/www.caudete.org\/ayuntamiento\/wp-content\/uploads\/2026\/01\/CentralBiogas.jpg","width":1000,"height":667},{"@type":"BreadcrumbList","@id":"https:\/\/www.caudete.org\/ayuntamiento\/el-proyecto-de-biogas-en-caudete-se-cierra-sin-costes-ni-reclamaciones-para-el-ayuntamiento\/#breadcrumb","itemListElement":[{"@type":"ListItem","position":1,"name":"Inicio","item":"https:\/\/www.caudete.org\/ayuntamiento\/"},{"@type":"ListItem","position":2,"name":"El proyecto de biog\u00e1s en Caudete se cierra sin costes ni reclamaciones para el Ayuntamiento"}]},{"@type":"WebSite","@id":"https:\/\/www.caudete.org\/ayuntamiento\/#website","url":"https:\/\/www.caudete.org\/ayuntamiento\/","name":"MI Ayuntamiento de Caudete","description":"P\u00e1gina Oficial del MI Ayuntamiento de Caudete","potentialAction":[{"@type":"SearchAction","target":{"@type":"EntryPoint","urlTemplate":"https:\/\/www.caudete.org\/ayuntamiento\/?s={search_term_string}"},"query-input":{"@type":"PropertyValueSpecification","valueRequired":true,"valueName":"search_term_string"}}],"inLanguage":"es"},{"@type":"Person","@id":"https:\/\/www.caudete.org\/ayuntamiento\/#\/schema\/person\/4b9eab41761957db9b1bf9c418d1ef46","name":"Dpto Informatica MI Ayuntamiento de Caudete","image":{"@type":"ImageObject","inLanguage":"es","@id":"https:\/\/secure.gravatar.com\/avatar\/ac0321ee4a0a83e82a253e7b2d348ef539e2c8fe16d06b600bde04de1b364fa7?s=96&d=mm&r=g","url":"https:\/\/secure.gravatar.com\/avatar\/ac0321ee4a0a83e82a253e7b2d348ef539e2c8fe16d06b600bde04de1b364fa7?s=96&d=mm&r=g","contentUrl":"https:\/\/secure.gravatar.com\/avatar\/ac0321ee4a0a83e82a253e7b2d348ef539e2c8fe16d06b600bde04de1b364fa7?s=96&d=mm&r=g","caption":"Dpto Informatica MI Ayuntamiento de Caudete"},"url":"https:\/\/www.caudete.org\/ayuntamiento\/author\/informatica\/"}]}},"_links":{"self":[{"href":"https:\/\/www.caudete.org\/ayuntamiento\/wp-json\/wp\/v2\/posts\/32141","targetHints":{"allow":["GET"]}}],"collection":[{"href":"https:\/\/www.caudete.org\/ayuntamiento\/wp-json\/wp\/v2\/posts"}],"about":[{"href":"https:\/\/www.caudete.org\/ayuntamiento\/wp-json\/wp\/v2\/types\/post"}],"author":[{"embeddable":true,"href":"https:\/\/www.caudete.org\/ayuntamiento\/wp-json\/wp\/v2\/users\/5"}],"replies":[{"embeddable":true,"href":"https:\/\/www.caudete.org\/ayuntamiento\/wp-json\/wp\/v2\/comments?post=32141"}],"version-history":[{"count":2,"href":"https:\/\/www.caudete.org\/ayuntamiento\/wp-json\/wp\/v2\/posts\/32141\/revisions"}],"predecessor-version":[{"id":32154,"href":"https:\/\/www.caudete.org\/ayuntamiento\/wp-json\/wp\/v2\/posts\/32141\/revisions\/32154"}],"wp:featuredmedia":[{"embeddable":true,"href":"https:\/\/www.caudete.org\/ayuntamiento\/wp-json\/wp\/v2\/media\/32152"}],"wp:attachment":[{"href":"https:\/\/www.caudete.org\/ayuntamiento\/wp-json\/wp\/v2\/media?parent=32141"}],"wp:term":[{"taxonomy":"category","embeddable":true,"href":"https:\/\/www.caudete.org\/ayuntamiento\/wp-json\/wp\/v2\/categories?post=32141"},{"taxonomy":"post_tag","embeddable":true,"href":"https:\/\/www.caudete.org\/ayuntamiento\/wp-json\/wp\/v2\/tags?post=32141"}],"curies":[{"name":"wp","href":"https:\/\/api.w.org\/{rel}","templated":true}]}}