{"id":32143,"date":"2026-01-02T09:05:02","date_gmt":"2026-01-02T08:05:02","guid":{"rendered":"https:\/\/www.caudete.org\/ayuntamiento\/?p=32143"},"modified":"2026-01-02T09:15:52","modified_gmt":"2026-01-02T08:15:52","slug":"el-transito-indebido-de-vehiculos-en-plaza-del-carmen-obliga-a-reforzar-la-senalizacion-e-iniciar-proceso-sancionador","status":"publish","type":"post","link":"https:\/\/www.caudete.org\/ayuntamiento\/el-transito-indebido-de-vehiculos-en-plaza-del-carmen-obliga-a-reforzar-la-senalizacion-e-iniciar-proceso-sancionador\/","title":{"rendered":"El tr\u00e1nsito indebido de veh\u00ecculos en Plaza del Carmen obliga a reforzar la se\u00f1alizaci\u00f3n e iniciar proceso sancionador"},"content":{"rendered":"<p>Con motivo de las fiestas navide\u00f1as, en la Plaza del Carmen (como en otras v\u00edas del municipio) se ha procedido a la retirada del mobiliario urbano existente que delimita la zona peatonal de la rodada y que act\u00faa como barrera f\u00edsica, como es el caso de los maceteros y pivotes all\u00ed instalados.<\/p>\n<p>En los \u00faltimos d\u00edas se ha observado el incumplimiento aparentemente voluntario de gran cantidad de vecinos que aprovechando la retirada del expresado mobiliario, no han respetado la zona peatonal, usando \u00e9sta para acortar sus recorridos, cruzando literalmente la Plaza para dirigirse hacia la Calle El Molino o Las Moreras, cuando esa acci\u00f3n est\u00e1 totalmente prohibida, tanto estando instalados los pivotes y maceteros, como sin estarlo.<\/p>\n<p>Ante la expresada negligencia de algunos conductores y el evidente riesgo para los peatones, desde la Concejal\u00eda de Movilidad y por medio de la Brigada de Obras se ha procedido al acordonamiento mediante vallado m\u00f3vil y cinta del margen izquierdo de la plaza en direcci\u00f3n a la Calle Mayor, impidiendo de esta forma el cruce de veh\u00edculos de un lateral de la plaza al opuesto por donde est\u00e1 reservado para los peatones.<\/p>\n<p>De igual forma, se ha dado traslado de la situaci\u00f3n a la Polic\u00eda Local, quienes ejercer\u00e1n una especial vigilancia de forma intermitente procediendo a sancionar a aquellos veh\u00edculos que puedan infringir sorteando la l\u00ednea de acordonamiento.<\/p>\n<p>Tambi\u00e9n, el cuerpo policial proceder\u00e1 al revisado de las c\u00e1maras de seguridad para detectar a todos los veh\u00edculos que no han respetado la zona peatonal y la han usado como zona de tr\u00e1nsito, de forma indebida, para incoar el respectivo procedimiento sancionador.<\/p>\n<p><a href=\"https:\/\/www.caudete.org\/ayuntamiento\/wp-content\/uploads\/2026\/01\/WhatsApp-Image-2025-12-31-at-08.20.53-1.jpg\" rel='prettyPhoto'><img fetchpriority=\"high\" decoding=\"async\" class=\"alignnone size-full wp-image-32144\" src=\"https:\/\/www.caudete.org\/ayuntamiento\/wp-content\/uploads\/2026\/01\/WhatsApp-Image-2025-12-31-at-08.20.53-1.jpg\" alt=\"\" width=\"1000\" height=\"750\" srcset=\"https:\/\/www.caudete.org\/ayuntamiento\/wp-content\/uploads\/2026\/01\/WhatsApp-Image-2025-12-31-at-08.20.53-1.jpg 1000w, https:\/\/www.caudete.org\/ayuntamiento\/wp-content\/uploads\/2026\/01\/WhatsApp-Image-2025-12-31-at-08.20.53-1-293x220.jpg 293w, https:\/\/www.caudete.org\/ayuntamiento\/wp-content\/uploads\/2026\/01\/WhatsApp-Image-2025-12-31-at-08.20.53-1-768x576.jpg 768w\" sizes=\"(max-width: 1000px) 100vw, 1000px\" \/><\/a><\/p>\n","protected":false},"excerpt":{"rendered":"<p>Con motivo de las fiestas navide\u00f1as, en la Plaza del Carmen (como en otras v\u00edas del municipio) se ha procedido a la retirada del mobiliario urbano existente que delimita la zona peatonal de la rodada y que act\u00faa como barrera f\u00edsica, como es el caso de los maceteros y pivotes all\u00ed instalados. En los \u00faltimos &hellip;<\/p>\n","protected":false},"author":5,"featured_media":32145,"comment_status":"closed","ping_status":"open","sticky":false,"template":"","format":"standard","meta":{"ngg_post_thumbnail":0,"footnotes":""},"categories":[46],"tags":[],"class_list":["post-32143","post","type-post","status-publish","format-standard","has-post-thumbnail","hentry","category-movilidad-urbana"],"yoast_head":"<!-- This site is optimized with the Yoast SEO plugin v27.4 - https:\/\/yoast.com\/product\/yoast-seo-wordpress\/ -->\n<title>El tr\u00e1nsito indebido de veh\u00ecculos en Plaza del Carmen obliga a reforzar la se\u00f1alizaci\u00f3n e iniciar proceso sancionador - MI Ayuntamiento de Caudete<\/title>\n<meta name=\"description\" content=\"P\u00e1gina Oficial del Ayuntamiento de Caudete (Albacete)\" \/>\n<meta name=\"robots\" content=\"index, follow, max-snippet:-1, max-image-preview:large, max-video-preview:-1\" \/>\n<link rel=\"canonical\" href=\"https:\/\/www.caudete.org\/ayuntamiento\/el-transito-indebido-de-vehiculos-en-plaza-del-carmen-obliga-a-reforzar-la-senalizacion-e-iniciar-proceso-sancionador\/\" \/>\n<meta property=\"og:locale\" content=\"es_ES\" \/>\n<meta property=\"og:type\" content=\"article\" \/>\n<meta property=\"og:title\" content=\"El tr\u00e1nsito indebido de veh\u00ecculos en Plaza del Carmen obliga a reforzar la se\u00f1alizaci\u00f3n e iniciar proceso sancionador - MI Ayuntamiento de Caudete\" \/>\n<meta property=\"og:description\" content=\"P\u00e1gina Oficial del Ayuntamiento de Caudete (Albacete)\" \/>\n<meta property=\"og:url\" content=\"https:\/\/www.caudete.org\/ayuntamiento\/el-transito-indebido-de-vehiculos-en-plaza-del-carmen-obliga-a-reforzar-la-senalizacion-e-iniciar-proceso-sancionador\/\" \/>\n<meta property=\"og:site_name\" content=\"MI Ayuntamiento de Caudete\" \/>\n<meta property=\"article:publisher\" content=\"https:\/\/www.facebook.com\/ayuntamientocaudete\/\" \/>\n<meta property=\"article:published_time\" content=\"2026-01-02T08:05:02+00:00\" \/>\n<meta property=\"article:modified_time\" content=\"2026-01-02T08:15:52+00:00\" \/>\n<meta property=\"og:image\" content=\"https:\/\/www.caudete.org\/ayuntamiento\/wp-content\/uploads\/2026\/01\/WhatsApp-Image-2025-12-31-at-08.20.53.jpg\" \/>\n\t<meta property=\"og:image:width\" content=\"1000\" \/>\n\t<meta property=\"og:image:height\" content=\"750\" \/>\n\t<meta property=\"og:image:type\" content=\"image\/jpeg\" \/>\n<meta name=\"author\" content=\"Dpto Informatica MI Ayuntamiento de Caudete\" \/>\n<meta name=\"twitter:card\" content=\"summary_large_image\" \/>\n<meta name=\"twitter:label1\" content=\"Escrito por\" \/>\n\t<meta name=\"twitter:data1\" content=\"Dpto Informatica MI Ayuntamiento de Caudete\" \/>\n\t<meta name=\"twitter:label2\" content=\"Tiempo de lectura\" \/>\n\t<meta name=\"twitter:data2\" content=\"2 minutos\" \/>\n<script type=\"application\/ld+json\" class=\"yoast-schema-graph\">{\"@context\":\"https:\\\/\\\/schema.org\",\"@graph\":[{\"@type\":\"Article\",\"@id\":\"https:\\\/\\\/www.caudete.org\\\/ayuntamiento\\\/el-transito-indebido-de-vehiculos-en-plaza-del-carmen-obliga-a-reforzar-la-senalizacion-e-iniciar-proceso-sancionador\\\/#article\",\"isPartOf\":{\"@id\":\"https:\\\/\\\/www.caudete.org\\\/ayuntamiento\\\/el-transito-indebido-de-vehiculos-en-plaza-del-carmen-obliga-a-reforzar-la-senalizacion-e-iniciar-proceso-sancionador\\\/\"},\"author\":{\"name\":\"Dpto Informatica MI Ayuntamiento de Caudete\",\"@id\":\"https:\\\/\\\/www.caudete.org\\\/ayuntamiento\\\/#\\\/schema\\\/person\\\/4b9eab41761957db9b1bf9c418d1ef46\"},\"headline\":\"El tr\u00e1nsito indebido de veh\u00ecculos en Plaza del Carmen obliga a reforzar la se\u00f1alizaci\u00f3n e iniciar proceso sancionador\",\"datePublished\":\"2026-01-02T08:05:02+00:00\",\"dateModified\":\"2026-01-02T08:15:52+00:00\",\"mainEntityOfPage\":{\"@id\":\"https:\\\/\\\/www.caudete.org\\\/ayuntamiento\\\/el-transito-indebido-de-vehiculos-en-plaza-del-carmen-obliga-a-reforzar-la-senalizacion-e-iniciar-proceso-sancionador\\\/\"},\"wordCount\":308,\"publisher\":{\"@id\":\"https:\\\/\\\/www.caudete.org\\\/ayuntamiento\\\/#organization\"},\"image\":{\"@id\":\"https:\\\/\\\/www.caudete.org\\\/ayuntamiento\\\/el-transito-indebido-de-vehiculos-en-plaza-del-carmen-obliga-a-reforzar-la-senalizacion-e-iniciar-proceso-sancionador\\\/#primaryimage\"},\"thumbnailUrl\":\"https:\\\/\\\/www.caudete.org\\\/ayuntamiento\\\/wp-content\\\/uploads\\\/2026\\\/01\\\/WhatsApp-Image-2025-12-31-at-08.20.53.jpg\",\"articleSection\":[\"Movilidad Urbana\"],\"inLanguage\":\"es\"},{\"@type\":\"WebPage\",\"@id\":\"https:\\\/\\\/www.caudete.org\\\/ayuntamiento\\\/el-transito-indebido-de-vehiculos-en-plaza-del-carmen-obliga-a-reforzar-la-senalizacion-e-iniciar-proceso-sancionador\\\/\",\"url\":\"https:\\\/\\\/www.caudete.org\\\/ayuntamiento\\\/el-transito-indebido-de-vehiculos-en-plaza-del-carmen-obliga-a-reforzar-la-senalizacion-e-iniciar-proceso-sancionador\\\/\",\"name\":\"El tr\u00e1nsito indebido de veh\u00ecculos en Plaza del Carmen obliga a reforzar la se\u00f1alizaci\u00f3n e iniciar proceso sancionador - MI Ayuntamiento de Caudete\",\"isPartOf\":{\"@id\":\"https:\\\/\\\/www.caudete.org\\\/ayuntamiento\\\/#website\"},\"primaryImageOfPage\":{\"@id\":\"https:\\\/\\\/www.caudete.org\\\/ayuntamiento\\\/el-transito-indebido-de-vehiculos-en-plaza-del-carmen-obliga-a-reforzar-la-senalizacion-e-iniciar-proceso-sancionador\\\/#primaryimage\"},\"image\":{\"@id\":\"https:\\\/\\\/www.caudete.org\\\/ayuntamiento\\\/el-transito-indebido-de-vehiculos-en-plaza-del-carmen-obliga-a-reforzar-la-senalizacion-e-iniciar-proceso-sancionador\\\/#primaryimage\"},\"thumbnailUrl\":\"https:\\\/\\\/www.caudete.org\\\/ayuntamiento\\\/wp-content\\\/uploads\\\/2026\\\/01\\\/WhatsApp-Image-2025-12-31-at-08.20.53.jpg\",\"datePublished\":\"2026-01-02T08:05:02+00:00\",\"dateModified\":\"2026-01-02T08:15:52+00:00\",\"description\":\"P\u00e1gina Oficial del Ayuntamiento de Caudete (Albacete)\",\"breadcrumb\":{\"@id\":\"https:\\\/\\\/www.caudete.org\\\/ayuntamiento\\\/el-transito-indebido-de-vehiculos-en-plaza-del-carmen-obliga-a-reforzar-la-senalizacion-e-iniciar-proceso-sancionador\\\/#breadcrumb\"},\"inLanguage\":\"es\",\"potentialAction\":[{\"@type\":\"ReadAction\",\"target\":[\"https:\\\/\\\/www.caudete.org\\\/ayuntamiento\\\/el-transito-indebido-de-vehiculos-en-plaza-del-carmen-obliga-a-reforzar-la-senalizacion-e-iniciar-proceso-sancionador\\\/\"]}]},{\"@type\":\"ImageObject\",\"inLanguage\":\"es\",\"@id\":\"https:\\\/\\\/www.caudete.org\\\/ayuntamiento\\\/el-transito-indebido-de-vehiculos-en-plaza-del-carmen-obliga-a-reforzar-la-senalizacion-e-iniciar-proceso-sancionador\\\/#primaryimage\",\"url\":\"https:\\\/\\\/www.caudete.org\\\/ayuntamiento\\\/wp-content\\\/uploads\\\/2026\\\/01\\\/WhatsApp-Image-2025-12-31-at-08.20.53.jpg\",\"contentUrl\":\"https:\\\/\\\/www.caudete.org\\\/ayuntamiento\\\/wp-content\\\/uploads\\\/2026\\\/01\\\/WhatsApp-Image-2025-12-31-at-08.20.53.jpg\",\"width\":1000,\"height\":750},{\"@type\":\"BreadcrumbList\",\"@id\":\"https:\\\/\\\/www.caudete.org\\\/ayuntamiento\\\/el-transito-indebido-de-vehiculos-en-plaza-del-carmen-obliga-a-reforzar-la-senalizacion-e-iniciar-proceso-sancionador\\\/#breadcrumb\",\"itemListElement\":[{\"@type\":\"ListItem\",\"position\":1,\"name\":\"Inicio\",\"item\":\"https:\\\/\\\/www.caudete.org\\\/ayuntamiento\\\/\"},{\"@type\":\"ListItem\",\"position\":2,\"name\":\"El tr\u00e1nsito indebido de veh\u00ecculos en Plaza del Carmen obliga a reforzar la se\u00f1alizaci\u00f3n e iniciar proceso sancionador\"}]},{\"@type\":\"WebSite\",\"@id\":\"https:\\\/\\\/www.caudete.org\\\/ayuntamiento\\\/#website\",\"url\":\"https:\\\/\\\/www.caudete.org\\\/ayuntamiento\\\/\",\"name\":\"MI Ayuntamiento de Caudete\",\"description\":\"P\u00e1gina Oficial del MI Ayuntamiento de Caudete\",\"publisher\":{\"@id\":\"https:\\\/\\\/www.caudete.org\\\/ayuntamiento\\\/#organization\"},\"potentialAction\":[{\"@type\":\"SearchAction\",\"target\":{\"@type\":\"EntryPoint\",\"urlTemplate\":\"https:\\\/\\\/www.caudete.org\\\/ayuntamiento\\\/?s={search_term_string}\"},\"query-input\":{\"@type\":\"PropertyValueSpecification\",\"valueRequired\":true,\"valueName\":\"search_term_string\"}}],\"inLanguage\":\"es\"},{\"@type\":\"Organization\",\"@id\":\"https:\\\/\\\/www.caudete.org\\\/ayuntamiento\\\/#organization\",\"name\":\"Ayuntamiento de Caudete\",\"url\":\"https:\\\/\\\/www.caudete.org\\\/ayuntamiento\\\/\",\"logo\":{\"@type\":\"ImageObject\",\"inLanguage\":\"es\",\"@id\":\"https:\\\/\\\/www.caudete.org\\\/ayuntamiento\\\/#\\\/schema\\\/logo\\\/image\\\/\",\"url\":\"https:\\\/\\\/www.caudete.org\\\/ayuntamiento\\\/wp-content\\\/uploads\\\/2020\\\/11\\\/logo_ayuntamiento_caudete.jpg\",\"contentUrl\":\"https:\\\/\\\/www.caudete.org\\\/ayuntamiento\\\/wp-content\\\/uploads\\\/2020\\\/11\\\/logo_ayuntamiento_caudete.jpg\",\"width\":600,\"height\":150,\"caption\":\"Ayuntamiento de Caudete\"},\"image\":{\"@id\":\"https:\\\/\\\/www.caudete.org\\\/ayuntamiento\\\/#\\\/schema\\\/logo\\\/image\\\/\"},\"sameAs\":[\"https:\\\/\\\/www.facebook.com\\\/ayuntamientocaudete\\\/\",\"https:\\\/\\\/www.youtube.com\\\/channel\\\/UC6VztHaooNsGpw-tNoBEFnQ\"]},{\"@type\":\"Person\",\"@id\":\"https:\\\/\\\/www.caudete.org\\\/ayuntamiento\\\/#\\\/schema\\\/person\\\/4b9eab41761957db9b1bf9c418d1ef46\",\"name\":\"Dpto Informatica MI Ayuntamiento de Caudete\",\"image\":{\"@type\":\"ImageObject\",\"inLanguage\":\"es\",\"@id\":\"https:\\\/\\\/secure.gravatar.com\\\/avatar\\\/ac0321ee4a0a83e82a253e7b2d348ef539e2c8fe16d06b600bde04de1b364fa7?s=96&d=mm&r=g\",\"url\":\"https:\\\/\\\/secure.gravatar.com\\\/avatar\\\/ac0321ee4a0a83e82a253e7b2d348ef539e2c8fe16d06b600bde04de1b364fa7?s=96&d=mm&r=g\",\"contentUrl\":\"https:\\\/\\\/secure.gravatar.com\\\/avatar\\\/ac0321ee4a0a83e82a253e7b2d348ef539e2c8fe16d06b600bde04de1b364fa7?s=96&d=mm&r=g\",\"caption\":\"Dpto Informatica MI Ayuntamiento de Caudete\"},\"url\":\"https:\\\/\\\/www.caudete.org\\\/ayuntamiento\\\/author\\\/informatica\\\/\"}]}<\/script>\n<!-- \/ Yoast SEO plugin. -->","yoast_head_json":{"title":"El tr\u00e1nsito indebido de veh\u00ecculos en Plaza del Carmen obliga a reforzar la se\u00f1alizaci\u00f3n e iniciar proceso sancionador - MI Ayuntamiento de Caudete","description":"P\u00e1gina Oficial del Ayuntamiento de Caudete (Albacete)","robots":{"index":"index","follow":"follow","max-snippet":"max-snippet:-1","max-image-preview":"max-image-preview:large","max-video-preview":"max-video-preview:-1"},"canonical":"https:\/\/www.caudete.org\/ayuntamiento\/el-transito-indebido-de-vehiculos-en-plaza-del-carmen-obliga-a-reforzar-la-senalizacion-e-iniciar-proceso-sancionador\/","og_locale":"es_ES","og_type":"article","og_title":"El tr\u00e1nsito indebido de veh\u00ecculos en Plaza del Carmen obliga a reforzar la se\u00f1alizaci\u00f3n e iniciar proceso sancionador - MI Ayuntamiento de Caudete","og_description":"P\u00e1gina Oficial del Ayuntamiento de Caudete (Albacete)","og_url":"https:\/\/www.caudete.org\/ayuntamiento\/el-transito-indebido-de-vehiculos-en-plaza-del-carmen-obliga-a-reforzar-la-senalizacion-e-iniciar-proceso-sancionador\/","og_site_name":"MI Ayuntamiento de Caudete","article_publisher":"https:\/\/www.facebook.com\/ayuntamientocaudete\/","article_published_time":"2026-01-02T08:05:02+00:00","article_modified_time":"2026-01-02T08:15:52+00:00","og_image":[{"width":1000,"height":750,"url":"https:\/\/www.caudete.org\/ayuntamiento\/wp-content\/uploads\/2026\/01\/WhatsApp-Image-2025-12-31-at-08.20.53.jpg","type":"image\/jpeg"}],"author":"Dpto Informatica MI Ayuntamiento de Caudete","twitter_card":"summary_large_image","twitter_misc":{"Escrito por":"Dpto Informatica MI Ayuntamiento de Caudete","Tiempo de lectura":"2 minutos"},"schema":{"@context":"https:\/\/schema.org","@graph":[{"@type":"Article","@id":"https:\/\/www.caudete.org\/ayuntamiento\/el-transito-indebido-de-vehiculos-en-plaza-del-carmen-obliga-a-reforzar-la-senalizacion-e-iniciar-proceso-sancionador\/#article","isPartOf":{"@id":"https:\/\/www.caudete.org\/ayuntamiento\/el-transito-indebido-de-vehiculos-en-plaza-del-carmen-obliga-a-reforzar-la-senalizacion-e-iniciar-proceso-sancionador\/"},"author":{"name":"Dpto Informatica MI Ayuntamiento de Caudete","@id":"https:\/\/www.caudete.org\/ayuntamiento\/#\/schema\/person\/4b9eab41761957db9b1bf9c418d1ef46"},"headline":"El tr\u00e1nsito indebido de veh\u00ecculos en Plaza del Carmen obliga a reforzar la se\u00f1alizaci\u00f3n e iniciar proceso sancionador","datePublished":"2026-01-02T08:05:02+00:00","dateModified":"2026-01-02T08:15:52+00:00","mainEntityOfPage":{"@id":"https:\/\/www.caudete.org\/ayuntamiento\/el-transito-indebido-de-vehiculos-en-plaza-del-carmen-obliga-a-reforzar-la-senalizacion-e-iniciar-proceso-sancionador\/"},"wordCount":308,"publisher":{"@id":"https:\/\/www.caudete.org\/ayuntamiento\/#organization"},"image":{"@id":"https:\/\/www.caudete.org\/ayuntamiento\/el-transito-indebido-de-vehiculos-en-plaza-del-carmen-obliga-a-reforzar-la-senalizacion-e-iniciar-proceso-sancionador\/#primaryimage"},"thumbnailUrl":"https:\/\/www.caudete.org\/ayuntamiento\/wp-content\/uploads\/2026\/01\/WhatsApp-Image-2025-12-31-at-08.20.53.jpg","articleSection":["Movilidad Urbana"],"inLanguage":"es"},{"@type":"WebPage","@id":"https:\/\/www.caudete.org\/ayuntamiento\/el-transito-indebido-de-vehiculos-en-plaza-del-carmen-obliga-a-reforzar-la-senalizacion-e-iniciar-proceso-sancionador\/","url":"https:\/\/www.caudete.org\/ayuntamiento\/el-transito-indebido-de-vehiculos-en-plaza-del-carmen-obliga-a-reforzar-la-senalizacion-e-iniciar-proceso-sancionador\/","name":"El tr\u00e1nsito indebido de veh\u00ecculos en Plaza del Carmen obliga a reforzar la se\u00f1alizaci\u00f3n e iniciar proceso sancionador - MI Ayuntamiento de Caudete","isPartOf":{"@id":"https:\/\/www.caudete.org\/ayuntamiento\/#website"},"primaryImageOfPage":{"@id":"https:\/\/www.caudete.org\/ayuntamiento\/el-transito-indebido-de-vehiculos-en-plaza-del-carmen-obliga-a-reforzar-la-senalizacion-e-iniciar-proceso-sancionador\/#primaryimage"},"image":{"@id":"https:\/\/www.caudete.org\/ayuntamiento\/el-transito-indebido-de-vehiculos-en-plaza-del-carmen-obliga-a-reforzar-la-senalizacion-e-iniciar-proceso-sancionador\/#primaryimage"},"thumbnailUrl":"https:\/\/www.caudete.org\/ayuntamiento\/wp-content\/uploads\/2026\/01\/WhatsApp-Image-2025-12-31-at-08.20.53.jpg","datePublished":"2026-01-02T08:05:02+00:00","dateModified":"2026-01-02T08:15:52+00:00","description":"P\u00e1gina Oficial del Ayuntamiento de Caudete (Albacete)","breadcrumb":{"@id":"https:\/\/www.caudete.org\/ayuntamiento\/el-transito-indebido-de-vehiculos-en-plaza-del-carmen-obliga-a-reforzar-la-senalizacion-e-iniciar-proceso-sancionador\/#breadcrumb"},"inLanguage":"es","potentialAction":[{"@type":"ReadAction","target":["https:\/\/www.caudete.org\/ayuntamiento\/el-transito-indebido-de-vehiculos-en-plaza-del-carmen-obliga-a-reforzar-la-senalizacion-e-iniciar-proceso-sancionador\/"]}]},{"@type":"ImageObject","inLanguage":"es","@id":"https:\/\/www.caudete.org\/ayuntamiento\/el-transito-indebido-de-vehiculos-en-plaza-del-carmen-obliga-a-reforzar-la-senalizacion-e-iniciar-proceso-sancionador\/#primaryimage","url":"https:\/\/www.caudete.org\/ayuntamiento\/wp-content\/uploads\/2026\/01\/WhatsApp-Image-2025-12-31-at-08.20.53.jpg","contentUrl":"https:\/\/www.caudete.org\/ayuntamiento\/wp-content\/uploads\/2026\/01\/WhatsApp-Image-2025-12-31-at-08.20.53.jpg","width":1000,"height":750},{"@type":"BreadcrumbList","@id":"https:\/\/www.caudete.org\/ayuntamiento\/el-transito-indebido-de-vehiculos-en-plaza-del-carmen-obliga-a-reforzar-la-senalizacion-e-iniciar-proceso-sancionador\/#breadcrumb","itemListElement":[{"@type":"ListItem","position":1,"name":"Inicio","item":"https:\/\/www.caudete.org\/ayuntamiento\/"},{"@type":"ListItem","position":2,"name":"El tr\u00e1nsito indebido de veh\u00ecculos en Plaza del Carmen obliga a reforzar la se\u00f1alizaci\u00f3n e iniciar proceso sancionador"}]},{"@type":"WebSite","@id":"https:\/\/www.caudete.org\/ayuntamiento\/#website","url":"https:\/\/www.caudete.org\/ayuntamiento\/","name":"MI Ayuntamiento de Caudete","description":"P\u00e1gina Oficial del MI Ayuntamiento de Caudete","publisher":{"@id":"https:\/\/www.caudete.org\/ayuntamiento\/#organization"},"potentialAction":[{"@type":"SearchAction","target":{"@type":"EntryPoint","urlTemplate":"https:\/\/www.caudete.org\/ayuntamiento\/?s={search_term_string}"},"query-input":{"@type":"PropertyValueSpecification","valueRequired":true,"valueName":"search_term_string"}}],"inLanguage":"es"},{"@type":"Organization","@id":"https:\/\/www.caudete.org\/ayuntamiento\/#organization","name":"Ayuntamiento de Caudete","url":"https:\/\/www.caudete.org\/ayuntamiento\/","logo":{"@type":"ImageObject","inLanguage":"es","@id":"https:\/\/www.caudete.org\/ayuntamiento\/#\/schema\/logo\/image\/","url":"https:\/\/www.caudete.org\/ayuntamiento\/wp-content\/uploads\/2020\/11\/logo_ayuntamiento_caudete.jpg","contentUrl":"https:\/\/www.caudete.org\/ayuntamiento\/wp-content\/uploads\/2020\/11\/logo_ayuntamiento_caudete.jpg","width":600,"height":150,"caption":"Ayuntamiento de Caudete"},"image":{"@id":"https:\/\/www.caudete.org\/ayuntamiento\/#\/schema\/logo\/image\/"},"sameAs":["https:\/\/www.facebook.com\/ayuntamientocaudete\/","https:\/\/www.youtube.com\/channel\/UC6VztHaooNsGpw-tNoBEFnQ"]},{"@type":"Person","@id":"https:\/\/www.caudete.org\/ayuntamiento\/#\/schema\/person\/4b9eab41761957db9b1bf9c418d1ef46","name":"Dpto Informatica MI Ayuntamiento de Caudete","image":{"@type":"ImageObject","inLanguage":"es","@id":"https:\/\/secure.gravatar.com\/avatar\/ac0321ee4a0a83e82a253e7b2d348ef539e2c8fe16d06b600bde04de1b364fa7?s=96&d=mm&r=g","url":"https:\/\/secure.gravatar.com\/avatar\/ac0321ee4a0a83e82a253e7b2d348ef539e2c8fe16d06b600bde04de1b364fa7?s=96&d=mm&r=g","contentUrl":"https:\/\/secure.gravatar.com\/avatar\/ac0321ee4a0a83e82a253e7b2d348ef539e2c8fe16d06b600bde04de1b364fa7?s=96&d=mm&r=g","caption":"Dpto Informatica MI Ayuntamiento de Caudete"},"url":"https:\/\/www.caudete.org\/ayuntamiento\/author\/informatica\/"}]}},"_links":{"self":[{"href":"https:\/\/www.caudete.org\/ayuntamiento\/wp-json\/wp\/v2\/posts\/32143","targetHints":{"allow":["GET"]}}],"collection":[{"href":"https:\/\/www.caudete.org\/ayuntamiento\/wp-json\/wp\/v2\/posts"}],"about":[{"href":"https:\/\/www.caudete.org\/ayuntamiento\/wp-json\/wp\/v2\/types\/post"}],"author":[{"embeddable":true,"href":"https:\/\/www.caudete.org\/ayuntamiento\/wp-json\/wp\/v2\/users\/5"}],"replies":[{"embeddable":true,"href":"https:\/\/www.caudete.org\/ayuntamiento\/wp-json\/wp\/v2\/comments?post=32143"}],"version-history":[{"count":2,"href":"https:\/\/www.caudete.org\/ayuntamiento\/wp-json\/wp\/v2\/posts\/32143\/revisions"}],"predecessor-version":[{"id":32149,"href":"https:\/\/www.caudete.org\/ayuntamiento\/wp-json\/wp\/v2\/posts\/32143\/revisions\/32149"}],"wp:featuredmedia":[{"embeddable":true,"href":"https:\/\/www.caudete.org\/ayuntamiento\/wp-json\/wp\/v2\/media\/32145"}],"wp:attachment":[{"href":"https:\/\/www.caudete.org\/ayuntamiento\/wp-json\/wp\/v2\/media?parent=32143"}],"wp:term":[{"taxonomy":"category","embeddable":true,"href":"https:\/\/www.caudete.org\/ayuntamiento\/wp-json\/wp\/v2\/categories?post=32143"},{"taxonomy":"post_tag","embeddable":true,"href":"https:\/\/www.caudete.org\/ayuntamiento\/wp-json\/wp\/v2\/tags?post=32143"}],"curies":[{"name":"wp","href":"https:\/\/api.w.org\/{rel}","templated":true}]}}