{"id":32155,"date":"2026-01-02T10:10:48","date_gmt":"2026-01-02T09:10:48","guid":{"rendered":"https:\/\/www.caudete.org\/ayuntamiento\/?p=32155"},"modified":"2026-01-02T12:58:48","modified_gmt":"2026-01-02T11:58:48","slug":"informacion-actividades-reyes-magos-2026-en-caudete","status":"publish","type":"post","link":"https:\/\/www.caudete.org\/ayuntamiento\/informacion-actividades-reyes-magos-2026-en-caudete\/","title":{"rendered":"Informaci\u00f3n actividades Reyes Magos 2026 en Caudete"},"content":{"rendered":"<article class=\"text-token-text-primary w-full focus:outline-none [--shadow-height:45px] has-data-writing-block:pointer-events-none has-data-writing-block:-mt-(--shadow-height) has-data-writing-block:pt-(--shadow-height) [&amp;:has([data-writing-block])&gt;*]:pointer-events-auto scroll-mt-[calc(var(--header-height)+min(200px,max(70px,20svh)))]\" dir=\"auto\" tabindex=\"-1\" data-turn-id=\"request-WEB:53fb9b16-ae0b-40c7-b15b-df85a88ecce8-4\" data-testid=\"conversation-turn-10\" data-scroll-anchor=\"false\" data-turn=\"assistant\">\n<div class=\"text-base my-auto mx-auto [--thread-content-margin:--spacing(4)] @w-sm\/main:[--thread-content-margin:--spacing(6)] @w-lg\/main:[--thread-content-margin:--spacing(16)] px-(--thread-content-margin)\">\n<div class=\"[--thread-content-max-width:40rem] @w-lg\/main:[--thread-content-max-width:48rem] mx-auto max-w-(--thread-content-max-width) flex-1 group\/turn-messages focus-visible:outline-hidden relative flex w-full min-w-0 flex-col agent-turn\" tabindex=\"-1\">\n<div class=\"flex max-w-full flex-col grow\">\n<div class=\"min-h-8 text-message relative flex w-full flex-col items-end gap-2 text-start break-words whitespace-normal [.text-message+&amp;]:mt-1\" dir=\"auto\" data-message-author-role=\"assistant\" data-message-id=\"73af1757-2642-4dd3-a024-c3209cc6fec9\" data-message-model-slug=\"gpt-5-2\">\n<div class=\"flex w-full flex-col gap-1 empty:hidden first:pt-[1px]\">\n<div class=\"markdown prose dark:prose-invert w-full break-words light markdown-new-styling\">\n<p data-start=\"374\" data-end=\"743\">El <strong data-start=\"377\" data-end=\"416\">Muy Ilustre Ayuntamiento de Caudete<\/strong> informa a la ciudadan\u00eda&nbsp; los actos programados con motivo de la llegada de Sus Majestades los Reyes Magos de Oriente a nuestra localidad, <strong data-start=\"572\" data-end=\"648\">organizados&nbsp; por la Asociaci\u00f3n de los Reyes Magos de Caudete<\/strong>, contando con la colaboraci\u00f3n municipal.<\/p>\n<hr data-start=\"745\" data-end=\"748\">\n<h3 data-start=\"750\" data-end=\"774\">3 DE ENERO DE 2026<\/h3>\n<p data-start=\"775\" data-end=\"1056\"><strong data-start=\"775\" data-end=\"818\">Recogida de Cartas por los Pajes Reales<\/strong><br data-start=\"818\" data-end=\"821\">Lugar: Plaza del Carmen<br data-start=\"844\" data-end=\"847\">Horario: de 17:00 a 20:00 horas<br data-start=\"878\" data-end=\"881\">Durante la tarde tendr\u00e1 lugar la actuaci\u00f3n del grupo <strong data-start=\"934\" data-end=\"947\">CARCAJADA<\/strong>, con pinta caras, fotomat\u00f3n y diversas actividades de animaci\u00f3n destinadas a entretener a los ni\u00f1os y ni\u00f1as.<\/p>\n<hr data-start=\"1058\" data-end=\"1061\">\n<h3 data-start=\"1063\" data-end=\"1087\">4 DE ENERO DE 2026<\/h3>\n<p data-start=\"1088\" data-end=\"1363\"><strong data-start=\"1088\" data-end=\"1147\">Anuncio de la Llegada de Sus Majestades los Reyes Magos<\/strong><br data-start=\"1147\" data-end=\"1150\">Lugar: Sierra Oliva<br data-start=\"1169\" data-end=\"1172\">Horario: de 18:00 a 21:00 horas<br data-start=\"1203\" data-end=\"1206\">El anuncio se realizar\u00e1 mediante iluminaci\u00f3n artificial a cargo de los Pajes Reales, indicando la proximidad e inminente llegada de Sus Majestades a Caudete.<\/p>\n<hr data-start=\"1365\" data-end=\"1368\">\n<h3 data-start=\"1370\" data-end=\"1403\">5 DE ENERO DE 2026 \u2013 MA\u00d1ANA<\/h3>\n<p data-start=\"1404\" data-end=\"1659\"><strong data-start=\"1404\" data-end=\"1458\">Recogida de Regalos de los Socios de la Agrupaci\u00f3n<\/strong><br data-start=\"1458\" data-end=\"1461\">Lugar: Casa de Cultura<br data-start=\"1483\" data-end=\"1486\">Horario: de 9:30 a 16:00 horas<br data-start=\"1516\" data-end=\"1519\">Se habilitar\u00e1 una sala para el dep\u00f3sito, organizaci\u00f3n y preparaci\u00f3n de los regalos que ser\u00e1n repartidos posteriormente durante la Cabalgata.<\/p>\n<hr data-start=\"1661\" data-end=\"1664\">\n<h3 data-start=\"1666\" data-end=\"1699\">5 DE ENERO DE 2026 \u2013 MA\u00d1ANA<\/h3>\n<p data-start=\"1700\" data-end=\"2240\"><strong data-start=\"1700\" data-end=\"1727\">Preg\u00f3n del Heraldo Real<\/strong><br data-start=\"1727\" data-end=\"1730\">Hora: 11:00 horas<br data-start=\"1747\" data-end=\"1750\">Lugar de salida: Plaza de la Iglesia<br data-start=\"1786\" data-end=\"1789\">El Heraldo de Sus Majestades los Reyes Magos, acompa\u00f1ado de banda de m\u00fasica y Pajes Reales, anunciar\u00e1 su llegada recorriendo las siguientes v\u00edas:<br data-start=\"1934\" data-end=\"1937\">Avda. Virgen de Gracia, calle Echegaray, calle Alcalde Luis Pascual, calle Corona de Arag\u00f3n, calle Atleta Antonio Amor\u00f3s, calle El Molino, calle Ruiz Alc\u00e1zar, calle La Nieve, calle Pintor P\u00e9rez Gil, calle La Cruz, Avda. San Jaime, calle Las Eras, calle San Antonio Abad, finalizando en Plaza del Carmen.<\/p>\n<hr data-start=\"2242\" data-end=\"2245\">\n<h3 data-start=\"2247\" data-end=\"2279\">5 DE ENERO DE 2026 \u2013 TARDE<\/h3>\n<p data-start=\"2280\" data-end=\"2333\"><strong data-start=\"2280\" data-end=\"2333\">Recepci\u00f3n Oficial y Gran Cabalgata de Reyes Magos<\/strong><\/p>\n<p data-start=\"2335\" data-end=\"2450\">Recepci\u00f3n de Sus Majestades:<br data-start=\"2363\" data-end=\"2366\">Hora: 18:30 horas<br data-start=\"2383\" data-end=\"2386\">Lugar: Confluencia de calle Cuesta de la Ermita y calle San Luis<\/p>\n<p data-start=\"2452\" data-end=\"2750\">Inicio de la Cabalgata:<br data-start=\"2475\" data-end=\"2478\">Hora: 19:00 horas<br data-start=\"2495\" data-end=\"2498\">Recorrido: calle Madrid, calle San Antonio Abad, Plaza del Carmen, calle Mayor, calle Virgen de Gracia, calle Alcalde Luis Pascual, calle Corona de Arag\u00f3n, calle Atleta Antonio Amor\u00f3s, finalizando en calle La Zafra (confluencia con calle Garc\u00eda Lorca).<\/p>\n<p data-start=\"2752\" data-end=\"3286\">La Cabalgata estar\u00e1 compuesta por tres carrozas de los Reyes Magos, cada una acompa\u00f1ada de su banda de m\u00fasica correspondiente, una carroza del Nacimiento, aproximadamente 120 Pajes Reales, un cami\u00f3n destinado al transporte y reparto de regalos de los socios de la Agrupaci\u00f3n y animaci\u00f3n especial.<\/p>\n<hr data-start=\"3288\" data-end=\"3291\">\n<h3 data-start=\"3293\" data-end=\"3317\">6 DE ENERO DE 2026<\/h3>\n<p data-start=\"3318\" data-end=\"3358\"><strong data-start=\"3318\" data-end=\"3358\">Actos Tradicionales del D\u00eda de Reyes<\/strong><\/p>\n<p data-start=\"3360\" data-end=\"3599\">Hora de inicio: 11:00 horas<br data-start=\"3387\" data-end=\"3390\">Salida desde el Ayuntamiento hacia la Residencia de Ancianos de la localidad, acompa\u00f1ados de banda de m\u00fasica, continuando posteriormente hacia la Iglesia de Santa Catalina para la celebraci\u00f3n de la Eucarist\u00eda.<\/p>\n<p data-start=\"3601\" data-end=\"4098\">Finalizada la ceremonia religiosa, la comitiva se desplazar\u00e1 a la <strong data-start=\"3667\" data-end=\"3689\">Plaza de la M\u00fasica<\/strong>, donde se realizar\u00e1 la entrega de regalos por parte de Sus Majestades los Reyes Magos y la tradicional rifa con sorteo de juguetes.<br data-start=\"3821\" data-end=\"3824\">Se contar\u00e1 con la presencia y colaboraci\u00f3n de <strong data-start=\"3870\" data-end=\"3917\">Polic\u00eda Local, Cruz Roja y Protecci\u00f3n Civil<\/strong>.<br data-start=\"3918\" data-end=\"3921\">En la Plaza de la M\u00fasica se instalar\u00e1n los tres tronos reales, megafon\u00eda, elementos decorativos aportados por la Asociaci\u00f3n y vallado para la correcta organizaci\u00f3n de las filas.<\/p>\n<\/div>\n<\/div>\n<\/div>\n<\/div>\n<\/div>\n<\/div>\n<\/article>\n<article class=\"text-token-text-primary w-full focus:outline-none [--shadow-height:45px] has-data-writing-block:pointer-events-none has-data-writing-block:-mt-(--shadow-height) has-data-writing-block:pt-(--shadow-height) [&amp;:has([data-writing-block])&gt;*]:pointer-events-auto scroll-mt-[calc(var(--header-height)+min(200px,max(70px,20svh)))]\" dir=\"auto\" tabindex=\"-1\" data-turn-id=\"request-WEB:53fb9b16-ae0b-40c7-b15b-df85a88ecce8-5\" data-testid=\"conversation-turn-12\" data-scroll-anchor=\"false\" data-turn=\"assistant\">\n<div class=\"text-base my-auto mx-auto [--thread-content-margin:--spacing(4)] @w-sm\/main:[--thread-content-margin:--spacing(6)] @w-lg\/main:[--thread-content-margin:--spacing(16)] px-(--thread-content-margin)\">\n<div class=\"[--thread-content-max-width:40rem] @w-lg\/main:[--thread-content-max-width:48rem] mx-auto max-w-(--thread-content-max-width) flex-1 group\/turn-messages focus-visible:outline-hidden relative flex w-full min-w-0 flex-col agent-turn\" tabindex=\"-1\">\n<div class=\"flex max-w-full flex-col grow\">\n<div class=\"min-h-8 text-message relative flex w-full flex-col items-end gap-2 text-start break-words whitespace-normal [.text-message+&amp;]:mt-1\" dir=\"auto\" data-message-author-role=\"assistant\" data-message-id=\"dc9135ca-3daa-47ca-a149-236a29adc6c1\" data-message-model-slug=\"gpt-5-2\">\n<div class=\"flex w-full flex-col gap-1 empty:hidden first:pt-[1px]\">\n<div class=\"markdown prose dark:prose-invert w-full break-words light markdown-new-styling\">\n<p data-start=\"3125\" data-end=\"3351\">&nbsp;<\/p>\n<\/div>\n<\/div>\n<\/div>\n<\/div>\n<\/div>\n<\/div>\n<\/article>\n","protected":false},"excerpt":{"rendered":"<p>El Muy Ilustre Ayuntamiento de Caudete informa a la ciudadan\u00eda&nbsp; los actos programados con motivo de la llegada de Sus Majestades los Reyes Magos de Oriente a nuestra localidad, organizados&nbsp; por la Asociaci\u00f3n de los Reyes Magos de Caudete, contando con la colaboraci\u00f3n municipal. 3 DE ENERO DE 2026 Recogida de Cartas por los Pajes &hellip;<\/p>\n","protected":false},"author":7,"featured_media":32156,"comment_status":"closed","ping_status":"open","sticky":false,"template":"","format":"standard","meta":{"ngg_post_thumbnail":0,"footnotes":""},"categories":[31],"tags":[],"class_list":["post-32155","post","type-post","status-publish","format-standard","has-post-thumbnail","hentry","category-fiestas"],"yoast_head":"<!-- This site is optimized with the Yoast SEO plugin v27.5 - https:\/\/yoast.com\/product\/yoast-seo-wordpress\/ -->\n<title>Informaci\u00f3n actividades Reyes Magos 2026 en Caudete - MI Ayuntamiento de Caudete<\/title>\n<meta name=\"description\" content=\"P\u00e1gina Oficial del Ayuntamiento de Caudete (Albacete)\" \/>\n<meta name=\"robots\" content=\"index, follow, max-snippet:-1, max-image-preview:large, max-video-preview:-1\" \/>\n<link rel=\"canonical\" href=\"https:\/\/www.caudete.org\/ayuntamiento\/informacion-actividades-reyes-magos-2026-en-caudete\/\" \/>\n<meta property=\"og:locale\" content=\"es_ES\" \/>\n<meta property=\"og:type\" content=\"article\" \/>\n<meta property=\"og:title\" content=\"Informaci\u00f3n actividades Reyes Magos 2026 en Caudete - MI Ayuntamiento de Caudete\" \/>\n<meta property=\"og:description\" content=\"P\u00e1gina Oficial del Ayuntamiento de Caudete (Albacete)\" \/>\n<meta property=\"og:url\" content=\"https:\/\/www.caudete.org\/ayuntamiento\/informacion-actividades-reyes-magos-2026-en-caudete\/\" \/>\n<meta property=\"og:site_name\" content=\"MI Ayuntamiento de Caudete\" \/>\n<meta property=\"article:publisher\" content=\"https:\/\/www.facebook.com\/ayuntamientocaudete\/\" \/>\n<meta property=\"article:published_time\" content=\"2026-01-02T09:10:48+00:00\" \/>\n<meta property=\"article:modified_time\" content=\"2026-01-02T11:58:48+00:00\" \/>\n<meta property=\"og:image\" content=\"https:\/\/www.caudete.org\/ayuntamiento\/wp-content\/uploads\/2026\/01\/240_F_1806205928_5MOXT98wtV3dRfsEFRcRWF857OIsxNCt.jpg\" \/>\n\t<meta property=\"og:image:width\" content=\"525\" \/>\n\t<meta property=\"og:image:height\" content=\"240\" \/>\n\t<meta property=\"og:image:type\" content=\"image\/jpeg\" \/>\n<meta name=\"author\" content=\"ConceMediosComunicacion\" \/>\n<meta name=\"twitter:card\" content=\"summary_large_image\" \/>\n<meta name=\"twitter:label1\" content=\"Escrito por\" \/>\n\t<meta name=\"twitter:data1\" content=\"ConceMediosComunicacion\" \/>\n\t<meta name=\"twitter:label2\" content=\"Tiempo de lectura\" \/>\n\t<meta name=\"twitter:data2\" content=\"3 minutos\" \/>\n<script type=\"application\/ld+json\" class=\"yoast-schema-graph\">{\"@context\":\"https:\\\/\\\/schema.org\",\"@graph\":[{\"@type\":\"Article\",\"@id\":\"https:\\\/\\\/www.caudete.org\\\/ayuntamiento\\\/informacion-actividades-reyes-magos-2026-en-caudete\\\/#article\",\"isPartOf\":{\"@id\":\"https:\\\/\\\/www.caudete.org\\\/ayuntamiento\\\/informacion-actividades-reyes-magos-2026-en-caudete\\\/\"},\"author\":{\"name\":\"ConceMediosComunicacion\",\"@id\":\"https:\\\/\\\/www.caudete.org\\\/ayuntamiento\\\/#\\\/schema\\\/person\\\/20dfe238fe5ee9d5f5e69267aa623e05\"},\"headline\":\"Informaci\u00f3n actividades Reyes Magos 2026 en Caudete\",\"datePublished\":\"2026-01-02T09:10:48+00:00\",\"dateModified\":\"2026-01-02T11:58:48+00:00\",\"mainEntityOfPage\":{\"@id\":\"https:\\\/\\\/www.caudete.org\\\/ayuntamiento\\\/informacion-actividades-reyes-magos-2026-en-caudete\\\/\"},\"wordCount\":553,\"image\":{\"@id\":\"https:\\\/\\\/www.caudete.org\\\/ayuntamiento\\\/informacion-actividades-reyes-magos-2026-en-caudete\\\/#primaryimage\"},\"thumbnailUrl\":\"https:\\\/\\\/www.caudete.org\\\/ayuntamiento\\\/wp-content\\\/uploads\\\/2026\\\/01\\\/240_F_1806205928_5MOXT98wtV3dRfsEFRcRWF857OIsxNCt.jpg\",\"articleSection\":[\"Fiestas\"],\"inLanguage\":\"es\"},{\"@type\":\"WebPage\",\"@id\":\"https:\\\/\\\/www.caudete.org\\\/ayuntamiento\\\/informacion-actividades-reyes-magos-2026-en-caudete\\\/\",\"url\":\"https:\\\/\\\/www.caudete.org\\\/ayuntamiento\\\/informacion-actividades-reyes-magos-2026-en-caudete\\\/\",\"name\":\"Informaci\u00f3n actividades Reyes Magos 2026 en Caudete - MI Ayuntamiento de Caudete\",\"isPartOf\":{\"@id\":\"https:\\\/\\\/www.caudete.org\\\/ayuntamiento\\\/#website\"},\"primaryImageOfPage\":{\"@id\":\"https:\\\/\\\/www.caudete.org\\\/ayuntamiento\\\/informacion-actividades-reyes-magos-2026-en-caudete\\\/#primaryimage\"},\"image\":{\"@id\":\"https:\\\/\\\/www.caudete.org\\\/ayuntamiento\\\/informacion-actividades-reyes-magos-2026-en-caudete\\\/#primaryimage\"},\"thumbnailUrl\":\"https:\\\/\\\/www.caudete.org\\\/ayuntamiento\\\/wp-content\\\/uploads\\\/2026\\\/01\\\/240_F_1806205928_5MOXT98wtV3dRfsEFRcRWF857OIsxNCt.jpg\",\"datePublished\":\"2026-01-02T09:10:48+00:00\",\"dateModified\":\"2026-01-02T11:58:48+00:00\",\"author\":{\"@id\":\"https:\\\/\\\/www.caudete.org\\\/ayuntamiento\\\/#\\\/schema\\\/person\\\/20dfe238fe5ee9d5f5e69267aa623e05\"},\"description\":\"P\u00e1gina Oficial del Ayuntamiento de Caudete (Albacete)\",\"breadcrumb\":{\"@id\":\"https:\\\/\\\/www.caudete.org\\\/ayuntamiento\\\/informacion-actividades-reyes-magos-2026-en-caudete\\\/#breadcrumb\"},\"inLanguage\":\"es\",\"potentialAction\":[{\"@type\":\"ReadAction\",\"target\":[\"https:\\\/\\\/www.caudete.org\\\/ayuntamiento\\\/informacion-actividades-reyes-magos-2026-en-caudete\\\/\"]}]},{\"@type\":\"ImageObject\",\"inLanguage\":\"es\",\"@id\":\"https:\\\/\\\/www.caudete.org\\\/ayuntamiento\\\/informacion-actividades-reyes-magos-2026-en-caudete\\\/#primaryimage\",\"url\":\"https:\\\/\\\/www.caudete.org\\\/ayuntamiento\\\/wp-content\\\/uploads\\\/2026\\\/01\\\/240_F_1806205928_5MOXT98wtV3dRfsEFRcRWF857OIsxNCt.jpg\",\"contentUrl\":\"https:\\\/\\\/www.caudete.org\\\/ayuntamiento\\\/wp-content\\\/uploads\\\/2026\\\/01\\\/240_F_1806205928_5MOXT98wtV3dRfsEFRcRWF857OIsxNCt.jpg\",\"width\":525,\"height\":240},{\"@type\":\"BreadcrumbList\",\"@id\":\"https:\\\/\\\/www.caudete.org\\\/ayuntamiento\\\/informacion-actividades-reyes-magos-2026-en-caudete\\\/#breadcrumb\",\"itemListElement\":[{\"@type\":\"ListItem\",\"position\":1,\"name\":\"Inicio\",\"item\":\"https:\\\/\\\/www.caudete.org\\\/ayuntamiento\\\/\"},{\"@type\":\"ListItem\",\"position\":2,\"name\":\"Informaci\u00f3n actividades Reyes Magos 2026 en Caudete\"}]},{\"@type\":\"WebSite\",\"@id\":\"https:\\\/\\\/www.caudete.org\\\/ayuntamiento\\\/#website\",\"url\":\"https:\\\/\\\/www.caudete.org\\\/ayuntamiento\\\/\",\"name\":\"MI Ayuntamiento de Caudete\",\"description\":\"P\u00e1gina Oficial del MI Ayuntamiento de Caudete\",\"potentialAction\":[{\"@type\":\"SearchAction\",\"target\":{\"@type\":\"EntryPoint\",\"urlTemplate\":\"https:\\\/\\\/www.caudete.org\\\/ayuntamiento\\\/?s={search_term_string}\"},\"query-input\":{\"@type\":\"PropertyValueSpecification\",\"valueRequired\":true,\"valueName\":\"search_term_string\"}}],\"inLanguage\":\"es\"},{\"@type\":\"Person\",\"@id\":\"https:\\\/\\\/www.caudete.org\\\/ayuntamiento\\\/#\\\/schema\\\/person\\\/20dfe238fe5ee9d5f5e69267aa623e05\",\"name\":\"ConceMediosComunicacion\",\"image\":{\"@type\":\"ImageObject\",\"inLanguage\":\"es\",\"@id\":\"https:\\\/\\\/secure.gravatar.com\\\/avatar\\\/9d162043ba1cd4ab14413e29fdb3655bfccde37e65ca99013604f8d2a19c636d?s=96&d=mm&r=g\",\"url\":\"https:\\\/\\\/secure.gravatar.com\\\/avatar\\\/9d162043ba1cd4ab14413e29fdb3655bfccde37e65ca99013604f8d2a19c636d?s=96&d=mm&r=g\",\"contentUrl\":\"https:\\\/\\\/secure.gravatar.com\\\/avatar\\\/9d162043ba1cd4ab14413e29fdb3655bfccde37e65ca99013604f8d2a19c636d?s=96&d=mm&r=g\",\"caption\":\"ConceMediosComunicacion\"},\"url\":\"https:\\\/\\\/www.caudete.org\\\/ayuntamiento\\\/author\\\/concemedioscomunicacion\\\/\"}]}<\/script>\n<!-- \/ Yoast SEO plugin. -->","yoast_head_json":{"title":"Informaci\u00f3n actividades Reyes Magos 2026 en Caudete - MI Ayuntamiento de Caudete","description":"P\u00e1gina Oficial del Ayuntamiento de Caudete (Albacete)","robots":{"index":"index","follow":"follow","max-snippet":"max-snippet:-1","max-image-preview":"max-image-preview:large","max-video-preview":"max-video-preview:-1"},"canonical":"https:\/\/www.caudete.org\/ayuntamiento\/informacion-actividades-reyes-magos-2026-en-caudete\/","og_locale":"es_ES","og_type":"article","og_title":"Informaci\u00f3n actividades Reyes Magos 2026 en Caudete - MI Ayuntamiento de Caudete","og_description":"P\u00e1gina Oficial del Ayuntamiento de Caudete (Albacete)","og_url":"https:\/\/www.caudete.org\/ayuntamiento\/informacion-actividades-reyes-magos-2026-en-caudete\/","og_site_name":"MI Ayuntamiento de Caudete","article_publisher":"https:\/\/www.facebook.com\/ayuntamientocaudete\/","article_published_time":"2026-01-02T09:10:48+00:00","article_modified_time":"2026-01-02T11:58:48+00:00","og_image":[{"width":525,"height":240,"url":"https:\/\/www.caudete.org\/ayuntamiento\/wp-content\/uploads\/2026\/01\/240_F_1806205928_5MOXT98wtV3dRfsEFRcRWF857OIsxNCt.jpg","type":"image\/jpeg"}],"author":"ConceMediosComunicacion","twitter_card":"summary_large_image","twitter_misc":{"Escrito por":"ConceMediosComunicacion","Tiempo de lectura":"3 minutos"},"schema":{"@context":"https:\/\/schema.org","@graph":[{"@type":"Article","@id":"https:\/\/www.caudete.org\/ayuntamiento\/informacion-actividades-reyes-magos-2026-en-caudete\/#article","isPartOf":{"@id":"https:\/\/www.caudete.org\/ayuntamiento\/informacion-actividades-reyes-magos-2026-en-caudete\/"},"author":{"name":"ConceMediosComunicacion","@id":"https:\/\/www.caudete.org\/ayuntamiento\/#\/schema\/person\/20dfe238fe5ee9d5f5e69267aa623e05"},"headline":"Informaci\u00f3n actividades Reyes Magos 2026 en Caudete","datePublished":"2026-01-02T09:10:48+00:00","dateModified":"2026-01-02T11:58:48+00:00","mainEntityOfPage":{"@id":"https:\/\/www.caudete.org\/ayuntamiento\/informacion-actividades-reyes-magos-2026-en-caudete\/"},"wordCount":553,"image":{"@id":"https:\/\/www.caudete.org\/ayuntamiento\/informacion-actividades-reyes-magos-2026-en-caudete\/#primaryimage"},"thumbnailUrl":"https:\/\/www.caudete.org\/ayuntamiento\/wp-content\/uploads\/2026\/01\/240_F_1806205928_5MOXT98wtV3dRfsEFRcRWF857OIsxNCt.jpg","articleSection":["Fiestas"],"inLanguage":"es"},{"@type":"WebPage","@id":"https:\/\/www.caudete.org\/ayuntamiento\/informacion-actividades-reyes-magos-2026-en-caudete\/","url":"https:\/\/www.caudete.org\/ayuntamiento\/informacion-actividades-reyes-magos-2026-en-caudete\/","name":"Informaci\u00f3n actividades Reyes Magos 2026 en Caudete - MI Ayuntamiento de Caudete","isPartOf":{"@id":"https:\/\/www.caudete.org\/ayuntamiento\/#website"},"primaryImageOfPage":{"@id":"https:\/\/www.caudete.org\/ayuntamiento\/informacion-actividades-reyes-magos-2026-en-caudete\/#primaryimage"},"image":{"@id":"https:\/\/www.caudete.org\/ayuntamiento\/informacion-actividades-reyes-magos-2026-en-caudete\/#primaryimage"},"thumbnailUrl":"https:\/\/www.caudete.org\/ayuntamiento\/wp-content\/uploads\/2026\/01\/240_F_1806205928_5MOXT98wtV3dRfsEFRcRWF857OIsxNCt.jpg","datePublished":"2026-01-02T09:10:48+00:00","dateModified":"2026-01-02T11:58:48+00:00","author":{"@id":"https:\/\/www.caudete.org\/ayuntamiento\/#\/schema\/person\/20dfe238fe5ee9d5f5e69267aa623e05"},"description":"P\u00e1gina Oficial del Ayuntamiento de Caudete (Albacete)","breadcrumb":{"@id":"https:\/\/www.caudete.org\/ayuntamiento\/informacion-actividades-reyes-magos-2026-en-caudete\/#breadcrumb"},"inLanguage":"es","potentialAction":[{"@type":"ReadAction","target":["https:\/\/www.caudete.org\/ayuntamiento\/informacion-actividades-reyes-magos-2026-en-caudete\/"]}]},{"@type":"ImageObject","inLanguage":"es","@id":"https:\/\/www.caudete.org\/ayuntamiento\/informacion-actividades-reyes-magos-2026-en-caudete\/#primaryimage","url":"https:\/\/www.caudete.org\/ayuntamiento\/wp-content\/uploads\/2026\/01\/240_F_1806205928_5MOXT98wtV3dRfsEFRcRWF857OIsxNCt.jpg","contentUrl":"https:\/\/www.caudete.org\/ayuntamiento\/wp-content\/uploads\/2026\/01\/240_F_1806205928_5MOXT98wtV3dRfsEFRcRWF857OIsxNCt.jpg","width":525,"height":240},{"@type":"BreadcrumbList","@id":"https:\/\/www.caudete.org\/ayuntamiento\/informacion-actividades-reyes-magos-2026-en-caudete\/#breadcrumb","itemListElement":[{"@type":"ListItem","position":1,"name":"Inicio","item":"https:\/\/www.caudete.org\/ayuntamiento\/"},{"@type":"ListItem","position":2,"name":"Informaci\u00f3n actividades Reyes Magos 2026 en Caudete"}]},{"@type":"WebSite","@id":"https:\/\/www.caudete.org\/ayuntamiento\/#website","url":"https:\/\/www.caudete.org\/ayuntamiento\/","name":"MI Ayuntamiento de Caudete","description":"P\u00e1gina Oficial del MI Ayuntamiento de Caudete","potentialAction":[{"@type":"SearchAction","target":{"@type":"EntryPoint","urlTemplate":"https:\/\/www.caudete.org\/ayuntamiento\/?s={search_term_string}"},"query-input":{"@type":"PropertyValueSpecification","valueRequired":true,"valueName":"search_term_string"}}],"inLanguage":"es"},{"@type":"Person","@id":"https:\/\/www.caudete.org\/ayuntamiento\/#\/schema\/person\/20dfe238fe5ee9d5f5e69267aa623e05","name":"ConceMediosComunicacion","image":{"@type":"ImageObject","inLanguage":"es","@id":"https:\/\/secure.gravatar.com\/avatar\/9d162043ba1cd4ab14413e29fdb3655bfccde37e65ca99013604f8d2a19c636d?s=96&d=mm&r=g","url":"https:\/\/secure.gravatar.com\/avatar\/9d162043ba1cd4ab14413e29fdb3655bfccde37e65ca99013604f8d2a19c636d?s=96&d=mm&r=g","contentUrl":"https:\/\/secure.gravatar.com\/avatar\/9d162043ba1cd4ab14413e29fdb3655bfccde37e65ca99013604f8d2a19c636d?s=96&d=mm&r=g","caption":"ConceMediosComunicacion"},"url":"https:\/\/www.caudete.org\/ayuntamiento\/author\/concemedioscomunicacion\/"}]}},"_links":{"self":[{"href":"https:\/\/www.caudete.org\/ayuntamiento\/wp-json\/wp\/v2\/posts\/32155","targetHints":{"allow":["GET"]}}],"collection":[{"href":"https:\/\/www.caudete.org\/ayuntamiento\/wp-json\/wp\/v2\/posts"}],"about":[{"href":"https:\/\/www.caudete.org\/ayuntamiento\/wp-json\/wp\/v2\/types\/post"}],"author":[{"embeddable":true,"href":"https:\/\/www.caudete.org\/ayuntamiento\/wp-json\/wp\/v2\/users\/7"}],"replies":[{"embeddable":true,"href":"https:\/\/www.caudete.org\/ayuntamiento\/wp-json\/wp\/v2\/comments?post=32155"}],"version-history":[{"count":4,"href":"https:\/\/www.caudete.org\/ayuntamiento\/wp-json\/wp\/v2\/posts\/32155\/revisions"}],"predecessor-version":[{"id":32160,"href":"https:\/\/www.caudete.org\/ayuntamiento\/wp-json\/wp\/v2\/posts\/32155\/revisions\/32160"}],"wp:featuredmedia":[{"embeddable":true,"href":"https:\/\/www.caudete.org\/ayuntamiento\/wp-json\/wp\/v2\/media\/32156"}],"wp:attachment":[{"href":"https:\/\/www.caudete.org\/ayuntamiento\/wp-json\/wp\/v2\/media?parent=32155"}],"wp:term":[{"taxonomy":"category","embeddable":true,"href":"https:\/\/www.caudete.org\/ayuntamiento\/wp-json\/wp\/v2\/categories?post=32155"},{"taxonomy":"post_tag","embeddable":true,"href":"https:\/\/www.caudete.org\/ayuntamiento\/wp-json\/wp\/v2\/tags?post=32155"}],"curies":[{"name":"wp","href":"https:\/\/api.w.org\/{rel}","templated":true}]}}