{"id":32203,"date":"2026-01-12T09:18:32","date_gmt":"2026-01-12T08:18:32","guid":{"rendered":"https:\/\/www.caudete.org\/ayuntamiento\/?p=32203"},"modified":"2026-01-12T14:48:45","modified_gmt":"2026-01-12T13:48:45","slug":"concierto-presentacion-banda-sinfonica-de-albacete","status":"publish","type":"post","link":"https:\/\/www.caudete.org\/ayuntamiento\/concierto-presentacion-banda-sinfonica-de-albacete\/","title":{"rendered":"Concierto presentaci\u00f3n Banda Sinf\u00f3nica de Albacete"},"content":{"rendered":"<p style=\"text-align: justify;\">Este s\u00e1bado 10 de enero de 2026 se present\u00f3 al p\u00fablico y a los medios de comunicaci\u00f3n en el teatro Circo de la Capital la Banda Sinf\u00f3nica provincial de Albacete<\/p>\n<p style=\"text-align: justify;\">Mas de 200 int\u00e9rpretes entre m\u00fasicos y coros hubieron sobre el escenario entre los que se encontraban dos conocidas m\u00fasicos caudetanas, Leo y Zaida para interpretar la obra Carmina Burana, de Carl Orff en un teatro totalmente abarrotado de p\u00fablico.<\/p>\n<p>La orquesta la dirigi\u00f3 inicialmente su director Jos\u00e9 David Jare\u00f1o y, la obra central la dirigi\u00f3 el director de renombre internacional Crist\u00f3bal Soler. Cabe destacar la participaci\u00f3n del coro de universitario Sant Yago de Valencia.<\/p>\n<p>El Alcalde de Caudete Jos\u00e9 Miguel Moll\u00e1 quiso estar presente en esta puesta de largo de la orquesta provincial de Albacete como muestra de apoyo a nuestros m\u00fasicos y l\u00f3gicamente a la cultura de toda la provincia.<\/p>\n<p>Cabe decir que, la intenci\u00f3n de las autoridades es, ir moviendo tanto la orquesta como la obra por la principales localidades de la provincia, regi\u00f3n incluso Espa\u00f1a, por lo que, de ser as\u00ed, no descartamos tenerla entre nosotros en alg\u00fan momento no muy lejano.<\/p>\n<p>No podemos terminar sin hacer constar que la nueva Banda Sinf\u00f3nica provincial de Albacete pertenece a la federaci\u00f3n regional de de bandas de CLM.<\/p>\n<p style=\"text-align: justify;\"><img fetchpriority=\"high\" decoding=\"async\" class=\"alignnone size-full wp-image-32212\" src=\"https:\/\/www.caudete.org\/ayuntamiento\/wp-content\/uploads\/2026\/01\/WhatsApp-Image-2026-01-12-at-11.49.39.jpg\" alt=\"\" width=\"1000\" height=\"750\" srcset=\"https:\/\/www.caudete.org\/ayuntamiento\/wp-content\/uploads\/2026\/01\/WhatsApp-Image-2026-01-12-at-11.49.39.jpg 1000w, https:\/\/www.caudete.org\/ayuntamiento\/wp-content\/uploads\/2026\/01\/WhatsApp-Image-2026-01-12-at-11.49.39-293x220.jpg 293w, https:\/\/www.caudete.org\/ayuntamiento\/wp-content\/uploads\/2026\/01\/WhatsApp-Image-2026-01-12-at-11.49.39-768x576.jpg 768w\" sizes=\"(max-width: 1000px) 100vw, 1000px\" \/>&nbsp;&nbsp;<img decoding=\"async\" class=\"alignnone size-medium wp-image-32206\" src=\"https:\/\/www.caudete.org\/ayuntamiento\/wp-content\/uploads\/2026\/01\/WhatsApp-Image-2026-01-11-at-13.42.40.jpg\" alt=\"\" width=\"1000\" height=\"666\" srcset=\"https:\/\/www.caudete.org\/ayuntamiento\/wp-content\/uploads\/2026\/01\/WhatsApp-Image-2026-01-11-at-13.42.40.jpg 1000w, https:\/\/www.caudete.org\/ayuntamiento\/wp-content\/uploads\/2026\/01\/WhatsApp-Image-2026-01-11-at-13.42.40-330x220.jpg 330w, https:\/\/www.caudete.org\/ayuntamiento\/wp-content\/uploads\/2026\/01\/WhatsApp-Image-2026-01-11-at-13.42.40-768x511.jpg 768w\" sizes=\"(max-width: 1000px) 100vw, 1000px\" \/>&nbsp;<img decoding=\"async\" class=\"alignnone size-medium wp-image-32204\" src=\"https:\/\/www.caudete.org\/ayuntamiento\/wp-content\/uploads\/2026\/01\/WhatsApp-Image-2026-01-11-at-13.42.39-1.jpg\" alt=\"\" width=\"1000\" height=\"665\" srcset=\"https:\/\/www.caudete.org\/ayuntamiento\/wp-content\/uploads\/2026\/01\/WhatsApp-Image-2026-01-11-at-13.42.39-1.jpg 1000w, https:\/\/www.caudete.org\/ayuntamiento\/wp-content\/uploads\/2026\/01\/WhatsApp-Image-2026-01-11-at-13.42.39-1-331x220.jpg 331w, https:\/\/www.caudete.org\/ayuntamiento\/wp-content\/uploads\/2026\/01\/WhatsApp-Image-2026-01-11-at-13.42.39-1-768x511.jpg 768w\" sizes=\"(max-width: 1000px) 100vw, 1000px\" \/><br \/>\n<img loading=\"lazy\" decoding=\"async\" class=\"alignnone size-medium wp-image-32205\" src=\"https:\/\/www.caudete.org\/ayuntamiento\/wp-content\/uploads\/2026\/01\/WhatsApp-Image-2026-01-11-at-13.42.39.jpg\" alt=\"\" width=\"1000\" height=\"665\" srcset=\"https:\/\/www.caudete.org\/ayuntamiento\/wp-content\/uploads\/2026\/01\/WhatsApp-Image-2026-01-11-at-13.42.39.jpg 1000w, https:\/\/www.caudete.org\/ayuntamiento\/wp-content\/uploads\/2026\/01\/WhatsApp-Image-2026-01-11-at-13.42.39-331x220.jpg 331w, https:\/\/www.caudete.org\/ayuntamiento\/wp-content\/uploads\/2026\/01\/WhatsApp-Image-2026-01-11-at-13.42.39-768x511.jpg 768w\" sizes=\"(max-width: 1000px) 100vw, 1000px\" \/><br \/>\n<img loading=\"lazy\" decoding=\"async\" class=\"size-medium wp-image-32207 aligncenter\" src=\"https:\/\/www.caudete.org\/ayuntamiento\/wp-content\/uploads\/2026\/01\/WhatsApp-Image-2026-01-11-at-13.42.41-600x800.jpg\" alt=\"\" width=\"600\" height=\"800\" srcset=\"https:\/\/www.caudete.org\/ayuntamiento\/wp-content\/uploads\/2026\/01\/WhatsApp-Image-2026-01-11-at-13.42.41-600x800.jpg 600w, https:\/\/www.caudete.org\/ayuntamiento\/wp-content\/uploads\/2026\/01\/WhatsApp-Image-2026-01-11-at-13.42.41-675x900.jpg 675w, https:\/\/www.caudete.org\/ayuntamiento\/wp-content\/uploads\/2026\/01\/WhatsApp-Image-2026-01-11-at-13.42.41-165x220.jpg 165w, https:\/\/www.caudete.org\/ayuntamiento\/wp-content\/uploads\/2026\/01\/WhatsApp-Image-2026-01-11-at-13.42.41-768x1024.jpg 768w, https:\/\/www.caudete.org\/ayuntamiento\/wp-content\/uploads\/2026\/01\/WhatsApp-Image-2026-01-11-at-13.42.41.jpg 1000w\" sizes=\"(max-width: 600px) 100vw, 600px\" \/><\/p>\n","protected":false},"excerpt":{"rendered":"<p>Este s\u00e1bado 10 de enero de 2026 se present\u00f3 al p\u00fablico y a los medios de comunicaci\u00f3n en el teatro Circo de la Capital la Banda Sinf\u00f3nica provincial de Albacete Mas de 200 int\u00e9rpretes entre m\u00fasicos y coros hubieron sobre el escenario entre los que se encontraban dos conocidas m\u00fasicos caudetanas, Leo y Zaida para &hellip;<\/p>\n","protected":false},"author":6,"featured_media":32212,"comment_status":"closed","ping_status":"open","sticky":false,"template":"","format":"standard","meta":{"ngg_post_thumbnail":0,"footnotes":""},"categories":[20],"tags":[],"class_list":["post-32203","post","type-post","status-publish","format-standard","has-post-thumbnail","hentry","category-ayuntamiento"],"yoast_head":"<!-- This site is optimized with the Yoast SEO plugin v27.5 - https:\/\/yoast.com\/product\/yoast-seo-wordpress\/ -->\n<title>Concierto presentaci\u00f3n Banda Sinf\u00f3nica de Albacete - MI Ayuntamiento de Caudete<\/title>\n<meta name=\"description\" content=\"P\u00e1gina Oficial del Ayuntamiento de Caudete (Albacete)\" \/>\n<meta name=\"robots\" content=\"index, follow, max-snippet:-1, max-image-preview:large, max-video-preview:-1\" \/>\n<link rel=\"canonical\" href=\"https:\/\/www.caudete.org\/ayuntamiento\/concierto-presentacion-banda-sinfonica-de-albacete\/\" \/>\n<meta property=\"og:locale\" content=\"es_ES\" \/>\n<meta property=\"og:type\" content=\"article\" \/>\n<meta property=\"og:title\" content=\"Concierto presentaci\u00f3n Banda Sinf\u00f3nica de Albacete - MI Ayuntamiento de Caudete\" \/>\n<meta property=\"og:description\" content=\"P\u00e1gina Oficial del Ayuntamiento de Caudete (Albacete)\" \/>\n<meta property=\"og:url\" content=\"https:\/\/www.caudete.org\/ayuntamiento\/concierto-presentacion-banda-sinfonica-de-albacete\/\" \/>\n<meta property=\"og:site_name\" content=\"MI Ayuntamiento de Caudete\" \/>\n<meta property=\"article:publisher\" content=\"https:\/\/www.facebook.com\/ayuntamientocaudete\/\" \/>\n<meta property=\"article:published_time\" content=\"2026-01-12T08:18:32+00:00\" \/>\n<meta property=\"article:modified_time\" content=\"2026-01-12T13:48:45+00:00\" \/>\n<meta property=\"og:image\" content=\"https:\/\/www.caudete.org\/ayuntamiento\/wp-content\/uploads\/2026\/01\/WhatsApp-Image-2026-01-12-at-11.49.39.jpg\" \/>\n\t<meta property=\"og:image:width\" content=\"1000\" \/>\n\t<meta property=\"og:image:height\" content=\"750\" \/>\n\t<meta property=\"og:image:type\" content=\"image\/jpeg\" \/>\n<meta name=\"author\" content=\"informatica2\" \/>\n<meta name=\"twitter:card\" content=\"summary_large_image\" \/>\n<meta name=\"twitter:label1\" content=\"Escrito por\" \/>\n\t<meta name=\"twitter:data1\" content=\"informatica2\" \/>\n\t<meta name=\"twitter:label2\" content=\"Tiempo de lectura\" \/>\n\t<meta name=\"twitter:data2\" content=\"2 minutos\" \/>\n<script type=\"application\/ld+json\" class=\"yoast-schema-graph\">{\"@context\":\"https:\\\/\\\/schema.org\",\"@graph\":[{\"@type\":\"Article\",\"@id\":\"https:\\\/\\\/www.caudete.org\\\/ayuntamiento\\\/concierto-presentacion-banda-sinfonica-de-albacete\\\/#article\",\"isPartOf\":{\"@id\":\"https:\\\/\\\/www.caudete.org\\\/ayuntamiento\\\/concierto-presentacion-banda-sinfonica-de-albacete\\\/\"},\"author\":{\"name\":\"informatica2\",\"@id\":\"https:\\\/\\\/www.caudete.org\\\/ayuntamiento\\\/#\\\/schema\\\/person\\\/abfa5ffd5010a14e078c21e6e61b6291\"},\"headline\":\"Concierto presentaci\u00f3n Banda Sinf\u00f3nica de Albacete\",\"datePublished\":\"2026-01-12T08:18:32+00:00\",\"dateModified\":\"2026-01-12T13:48:45+00:00\",\"mainEntityOfPage\":{\"@id\":\"https:\\\/\\\/www.caudete.org\\\/ayuntamiento\\\/concierto-presentacion-banda-sinfonica-de-albacete\\\/\"},\"wordCount\":237,\"image\":{\"@id\":\"https:\\\/\\\/www.caudete.org\\\/ayuntamiento\\\/concierto-presentacion-banda-sinfonica-de-albacete\\\/#primaryimage\"},\"thumbnailUrl\":\"https:\\\/\\\/www.caudete.org\\\/ayuntamiento\\\/wp-content\\\/uploads\\\/2026\\\/01\\\/WhatsApp-Image-2026-01-12-at-11.49.39.jpg\",\"articleSection\":[\"Ayuntamiento\"],\"inLanguage\":\"es\"},{\"@type\":\"WebPage\",\"@id\":\"https:\\\/\\\/www.caudete.org\\\/ayuntamiento\\\/concierto-presentacion-banda-sinfonica-de-albacete\\\/\",\"url\":\"https:\\\/\\\/www.caudete.org\\\/ayuntamiento\\\/concierto-presentacion-banda-sinfonica-de-albacete\\\/\",\"name\":\"Concierto presentaci\u00f3n Banda Sinf\u00f3nica de Albacete - MI Ayuntamiento de Caudete\",\"isPartOf\":{\"@id\":\"https:\\\/\\\/www.caudete.org\\\/ayuntamiento\\\/#website\"},\"primaryImageOfPage\":{\"@id\":\"https:\\\/\\\/www.caudete.org\\\/ayuntamiento\\\/concierto-presentacion-banda-sinfonica-de-albacete\\\/#primaryimage\"},\"image\":{\"@id\":\"https:\\\/\\\/www.caudete.org\\\/ayuntamiento\\\/concierto-presentacion-banda-sinfonica-de-albacete\\\/#primaryimage\"},\"thumbnailUrl\":\"https:\\\/\\\/www.caudete.org\\\/ayuntamiento\\\/wp-content\\\/uploads\\\/2026\\\/01\\\/WhatsApp-Image-2026-01-12-at-11.49.39.jpg\",\"datePublished\":\"2026-01-12T08:18:32+00:00\",\"dateModified\":\"2026-01-12T13:48:45+00:00\",\"author\":{\"@id\":\"https:\\\/\\\/www.caudete.org\\\/ayuntamiento\\\/#\\\/schema\\\/person\\\/abfa5ffd5010a14e078c21e6e61b6291\"},\"description\":\"P\u00e1gina Oficial del Ayuntamiento de Caudete (Albacete)\",\"breadcrumb\":{\"@id\":\"https:\\\/\\\/www.caudete.org\\\/ayuntamiento\\\/concierto-presentacion-banda-sinfonica-de-albacete\\\/#breadcrumb\"},\"inLanguage\":\"es\",\"potentialAction\":[{\"@type\":\"ReadAction\",\"target\":[\"https:\\\/\\\/www.caudete.org\\\/ayuntamiento\\\/concierto-presentacion-banda-sinfonica-de-albacete\\\/\"]}]},{\"@type\":\"ImageObject\",\"inLanguage\":\"es\",\"@id\":\"https:\\\/\\\/www.caudete.org\\\/ayuntamiento\\\/concierto-presentacion-banda-sinfonica-de-albacete\\\/#primaryimage\",\"url\":\"https:\\\/\\\/www.caudete.org\\\/ayuntamiento\\\/wp-content\\\/uploads\\\/2026\\\/01\\\/WhatsApp-Image-2026-01-12-at-11.49.39.jpg\",\"contentUrl\":\"https:\\\/\\\/www.caudete.org\\\/ayuntamiento\\\/wp-content\\\/uploads\\\/2026\\\/01\\\/WhatsApp-Image-2026-01-12-at-11.49.39.jpg\",\"width\":1000,\"height\":750},{\"@type\":\"BreadcrumbList\",\"@id\":\"https:\\\/\\\/www.caudete.org\\\/ayuntamiento\\\/concierto-presentacion-banda-sinfonica-de-albacete\\\/#breadcrumb\",\"itemListElement\":[{\"@type\":\"ListItem\",\"position\":1,\"name\":\"Inicio\",\"item\":\"https:\\\/\\\/www.caudete.org\\\/ayuntamiento\\\/\"},{\"@type\":\"ListItem\",\"position\":2,\"name\":\"Concierto presentaci\u00f3n Banda Sinf\u00f3nica de Albacete\"}]},{\"@type\":\"WebSite\",\"@id\":\"https:\\\/\\\/www.caudete.org\\\/ayuntamiento\\\/#website\",\"url\":\"https:\\\/\\\/www.caudete.org\\\/ayuntamiento\\\/\",\"name\":\"MI Ayuntamiento de Caudete\",\"description\":\"P\u00e1gina Oficial del MI Ayuntamiento de Caudete\",\"potentialAction\":[{\"@type\":\"SearchAction\",\"target\":{\"@type\":\"EntryPoint\",\"urlTemplate\":\"https:\\\/\\\/www.caudete.org\\\/ayuntamiento\\\/?s={search_term_string}\"},\"query-input\":{\"@type\":\"PropertyValueSpecification\",\"valueRequired\":true,\"valueName\":\"search_term_string\"}}],\"inLanguage\":\"es\"},{\"@type\":\"Person\",\"@id\":\"https:\\\/\\\/www.caudete.org\\\/ayuntamiento\\\/#\\\/schema\\\/person\\\/abfa5ffd5010a14e078c21e6e61b6291\",\"name\":\"informatica2\",\"image\":{\"@type\":\"ImageObject\",\"inLanguage\":\"es\",\"@id\":\"https:\\\/\\\/secure.gravatar.com\\\/avatar\\\/b089890ff033a3e4d03eec00ecb5a14425217205c513f60ec32ebeaaeb5fa700?s=96&d=mm&r=g\",\"url\":\"https:\\\/\\\/secure.gravatar.com\\\/avatar\\\/b089890ff033a3e4d03eec00ecb5a14425217205c513f60ec32ebeaaeb5fa700?s=96&d=mm&r=g\",\"contentUrl\":\"https:\\\/\\\/secure.gravatar.com\\\/avatar\\\/b089890ff033a3e4d03eec00ecb5a14425217205c513f60ec32ebeaaeb5fa700?s=96&d=mm&r=g\",\"caption\":\"informatica2\"},\"url\":\"https:\\\/\\\/www.caudete.org\\\/ayuntamiento\\\/author\\\/informatica2\\\/\"}]}<\/script>\n<!-- \/ Yoast SEO plugin. -->","yoast_head_json":{"title":"Concierto presentaci\u00f3n Banda Sinf\u00f3nica de Albacete - MI Ayuntamiento de Caudete","description":"P\u00e1gina Oficial del Ayuntamiento de Caudete (Albacete)","robots":{"index":"index","follow":"follow","max-snippet":"max-snippet:-1","max-image-preview":"max-image-preview:large","max-video-preview":"max-video-preview:-1"},"canonical":"https:\/\/www.caudete.org\/ayuntamiento\/concierto-presentacion-banda-sinfonica-de-albacete\/","og_locale":"es_ES","og_type":"article","og_title":"Concierto presentaci\u00f3n Banda Sinf\u00f3nica de Albacete - MI Ayuntamiento de Caudete","og_description":"P\u00e1gina Oficial del Ayuntamiento de Caudete (Albacete)","og_url":"https:\/\/www.caudete.org\/ayuntamiento\/concierto-presentacion-banda-sinfonica-de-albacete\/","og_site_name":"MI Ayuntamiento de Caudete","article_publisher":"https:\/\/www.facebook.com\/ayuntamientocaudete\/","article_published_time":"2026-01-12T08:18:32+00:00","article_modified_time":"2026-01-12T13:48:45+00:00","og_image":[{"width":1000,"height":750,"url":"https:\/\/www.caudete.org\/ayuntamiento\/wp-content\/uploads\/2026\/01\/WhatsApp-Image-2026-01-12-at-11.49.39.jpg","type":"image\/jpeg"}],"author":"informatica2","twitter_card":"summary_large_image","twitter_misc":{"Escrito por":"informatica2","Tiempo de lectura":"2 minutos"},"schema":{"@context":"https:\/\/schema.org","@graph":[{"@type":"Article","@id":"https:\/\/www.caudete.org\/ayuntamiento\/concierto-presentacion-banda-sinfonica-de-albacete\/#article","isPartOf":{"@id":"https:\/\/www.caudete.org\/ayuntamiento\/concierto-presentacion-banda-sinfonica-de-albacete\/"},"author":{"name":"informatica2","@id":"https:\/\/www.caudete.org\/ayuntamiento\/#\/schema\/person\/abfa5ffd5010a14e078c21e6e61b6291"},"headline":"Concierto presentaci\u00f3n Banda Sinf\u00f3nica de Albacete","datePublished":"2026-01-12T08:18:32+00:00","dateModified":"2026-01-12T13:48:45+00:00","mainEntityOfPage":{"@id":"https:\/\/www.caudete.org\/ayuntamiento\/concierto-presentacion-banda-sinfonica-de-albacete\/"},"wordCount":237,"image":{"@id":"https:\/\/www.caudete.org\/ayuntamiento\/concierto-presentacion-banda-sinfonica-de-albacete\/#primaryimage"},"thumbnailUrl":"https:\/\/www.caudete.org\/ayuntamiento\/wp-content\/uploads\/2026\/01\/WhatsApp-Image-2026-01-12-at-11.49.39.jpg","articleSection":["Ayuntamiento"],"inLanguage":"es"},{"@type":"WebPage","@id":"https:\/\/www.caudete.org\/ayuntamiento\/concierto-presentacion-banda-sinfonica-de-albacete\/","url":"https:\/\/www.caudete.org\/ayuntamiento\/concierto-presentacion-banda-sinfonica-de-albacete\/","name":"Concierto presentaci\u00f3n Banda Sinf\u00f3nica de Albacete - MI Ayuntamiento de Caudete","isPartOf":{"@id":"https:\/\/www.caudete.org\/ayuntamiento\/#website"},"primaryImageOfPage":{"@id":"https:\/\/www.caudete.org\/ayuntamiento\/concierto-presentacion-banda-sinfonica-de-albacete\/#primaryimage"},"image":{"@id":"https:\/\/www.caudete.org\/ayuntamiento\/concierto-presentacion-banda-sinfonica-de-albacete\/#primaryimage"},"thumbnailUrl":"https:\/\/www.caudete.org\/ayuntamiento\/wp-content\/uploads\/2026\/01\/WhatsApp-Image-2026-01-12-at-11.49.39.jpg","datePublished":"2026-01-12T08:18:32+00:00","dateModified":"2026-01-12T13:48:45+00:00","author":{"@id":"https:\/\/www.caudete.org\/ayuntamiento\/#\/schema\/person\/abfa5ffd5010a14e078c21e6e61b6291"},"description":"P\u00e1gina Oficial del Ayuntamiento de Caudete (Albacete)","breadcrumb":{"@id":"https:\/\/www.caudete.org\/ayuntamiento\/concierto-presentacion-banda-sinfonica-de-albacete\/#breadcrumb"},"inLanguage":"es","potentialAction":[{"@type":"ReadAction","target":["https:\/\/www.caudete.org\/ayuntamiento\/concierto-presentacion-banda-sinfonica-de-albacete\/"]}]},{"@type":"ImageObject","inLanguage":"es","@id":"https:\/\/www.caudete.org\/ayuntamiento\/concierto-presentacion-banda-sinfonica-de-albacete\/#primaryimage","url":"https:\/\/www.caudete.org\/ayuntamiento\/wp-content\/uploads\/2026\/01\/WhatsApp-Image-2026-01-12-at-11.49.39.jpg","contentUrl":"https:\/\/www.caudete.org\/ayuntamiento\/wp-content\/uploads\/2026\/01\/WhatsApp-Image-2026-01-12-at-11.49.39.jpg","width":1000,"height":750},{"@type":"BreadcrumbList","@id":"https:\/\/www.caudete.org\/ayuntamiento\/concierto-presentacion-banda-sinfonica-de-albacete\/#breadcrumb","itemListElement":[{"@type":"ListItem","position":1,"name":"Inicio","item":"https:\/\/www.caudete.org\/ayuntamiento\/"},{"@type":"ListItem","position":2,"name":"Concierto presentaci\u00f3n Banda Sinf\u00f3nica de Albacete"}]},{"@type":"WebSite","@id":"https:\/\/www.caudete.org\/ayuntamiento\/#website","url":"https:\/\/www.caudete.org\/ayuntamiento\/","name":"MI Ayuntamiento de Caudete","description":"P\u00e1gina Oficial del MI Ayuntamiento de Caudete","potentialAction":[{"@type":"SearchAction","target":{"@type":"EntryPoint","urlTemplate":"https:\/\/www.caudete.org\/ayuntamiento\/?s={search_term_string}"},"query-input":{"@type":"PropertyValueSpecification","valueRequired":true,"valueName":"search_term_string"}}],"inLanguage":"es"},{"@type":"Person","@id":"https:\/\/www.caudete.org\/ayuntamiento\/#\/schema\/person\/abfa5ffd5010a14e078c21e6e61b6291","name":"informatica2","image":{"@type":"ImageObject","inLanguage":"es","@id":"https:\/\/secure.gravatar.com\/avatar\/b089890ff033a3e4d03eec00ecb5a14425217205c513f60ec32ebeaaeb5fa700?s=96&d=mm&r=g","url":"https:\/\/secure.gravatar.com\/avatar\/b089890ff033a3e4d03eec00ecb5a14425217205c513f60ec32ebeaaeb5fa700?s=96&d=mm&r=g","contentUrl":"https:\/\/secure.gravatar.com\/avatar\/b089890ff033a3e4d03eec00ecb5a14425217205c513f60ec32ebeaaeb5fa700?s=96&d=mm&r=g","caption":"informatica2"},"url":"https:\/\/www.caudete.org\/ayuntamiento\/author\/informatica2\/"}]}},"_links":{"self":[{"href":"https:\/\/www.caudete.org\/ayuntamiento\/wp-json\/wp\/v2\/posts\/32203","targetHints":{"allow":["GET"]}}],"collection":[{"href":"https:\/\/www.caudete.org\/ayuntamiento\/wp-json\/wp\/v2\/posts"}],"about":[{"href":"https:\/\/www.caudete.org\/ayuntamiento\/wp-json\/wp\/v2\/types\/post"}],"author":[{"embeddable":true,"href":"https:\/\/www.caudete.org\/ayuntamiento\/wp-json\/wp\/v2\/users\/6"}],"replies":[{"embeddable":true,"href":"https:\/\/www.caudete.org\/ayuntamiento\/wp-json\/wp\/v2\/comments?post=32203"}],"version-history":[{"count":9,"href":"https:\/\/www.caudete.org\/ayuntamiento\/wp-json\/wp\/v2\/posts\/32203\/revisions"}],"predecessor-version":[{"id":32217,"href":"https:\/\/www.caudete.org\/ayuntamiento\/wp-json\/wp\/v2\/posts\/32203\/revisions\/32217"}],"wp:featuredmedia":[{"embeddable":true,"href":"https:\/\/www.caudete.org\/ayuntamiento\/wp-json\/wp\/v2\/media\/32212"}],"wp:attachment":[{"href":"https:\/\/www.caudete.org\/ayuntamiento\/wp-json\/wp\/v2\/media?parent=32203"}],"wp:term":[{"taxonomy":"category","embeddable":true,"href":"https:\/\/www.caudete.org\/ayuntamiento\/wp-json\/wp\/v2\/categories?post=32203"},{"taxonomy":"post_tag","embeddable":true,"href":"https:\/\/www.caudete.org\/ayuntamiento\/wp-json\/wp\/v2\/tags?post=32203"}],"curies":[{"name":"wp","href":"https:\/\/api.w.org\/{rel}","templated":true}]}}