{"id":32218,"date":"2026-01-12T14:30:33","date_gmt":"2026-01-12T13:30:33","guid":{"rendered":"https:\/\/www.caudete.org\/ayuntamiento\/?p=32218"},"modified":"2026-01-12T14:46:05","modified_gmt":"2026-01-12T13:46:05","slug":"balance-del-operativo-especial-de-limpieza-y-recogida-para-las-fiestas-navidenas-de-caudete","status":"publish","type":"post","link":"https:\/\/www.caudete.org\/ayuntamiento\/balance-del-operativo-especial-de-limpieza-y-recogida-para-las-fiestas-navidenas-de-caudete\/","title":{"rendered":"Balance del operativo especial de limpieza y recogida, para las fiestas navide\u00f1as de Caudete"},"content":{"rendered":"<p>Pasados unos d\u00edas y una vez recuperada la normalidad tras las fiestas navide\u00f1as, el concejal de Medio Ambiente del Muy Ilustre Ayuntamiento de Caudete, Francisco Jos\u00e9 Castell\u00f3 Castell\u00f3, ha querido realizar un balance del dispositivo especial de limpieza puesto en marcha durante estas fechas, destacando que las medidas adoptadas por la Concejal\u00eda han permitido que Caudete haya lucido limpio, cuidado y en perfectas condiciones durante el desarrollo de todos los actos festivos.<\/p>\n<p>Durante estos d\u00edas se han celebrado numerosas actividades y eventos, como los actos organizados por la Asociaci\u00f3n de los Reyes Magos de Caudete, la Asociaci\u00f3n de los Bailes del Ni\u00f1o, los distintos actos institucionales, eventos deportivos de gran participaci\u00f3n como la tradicional Carrera San Silvestre, as\u00ed como el ocio vespertino y nocturno. Todo ello se ha desarrollado con una alta afluencia de p\u00fablico y sin que ello haya supuesto un aumento significativo de la suciedad en las calles, incluso a pesar de la huelga convocada por los trabajadores del Consorcio de Medio Ambiente de la Diputaci\u00f3n de Albacete, que afectaba a la recogida de envases.<\/p>\n<p>Desde la Concejal\u00eda de Medio Ambiente se planificaron con antelaci\u00f3n todos los actos y recorridos, reforzando las zonas m\u00e1s concurridas con papeleras adicionales y estableciendo previsiones horarias para que los servicios fueran lo m\u00e1s productivos posibles. La recogida de basura se realiz\u00f3 todos los d\u00edas, incluidos el 1 de enero y otros d\u00edas festivos, lo que contribuy\u00f3 de manera decisiva a mantener una imagen impecable del municipio durante toda la celebraci\u00f3n. Aun as\u00ed, fue necesario adaptarse a distintas circunstancias, cambiando en algunos casos d\u00edas de trabajo o modificando recorridos para garantizar el mejor resultado.<\/p>\n<p>Especial menci\u00f3n merece la Cabalgata de Reyes, inicialmente prevista para el d\u00eda 5 y trasladada finalmente al d\u00eda 6. Dada la gran afluencia de p\u00fablico y el uso de confeti y caramelos, se decidi\u00f3 activar uno de los servicios especiales de limpieza contemplados en el pliego, lo que permiti\u00f3 que las calles del recorrido quedaran limpias en cuanto finaliz\u00f3 la cabalgata, devolviendo la normalidad al municipio de forma inmediata.<\/p>\n<p>En general, la planificaci\u00f3n y las medidas adoptadas han hecho posible que Caudete haya disfrutado de unas fiestas intensas y participativas, manteniendo en todo momento una imagen cuidada del municipio. Desde el Ayuntamiento se quiere agradecer expresamente la labor, el esfuerzo y la dedicaci\u00f3n de los operarios de limpieza, cuyo trabajo ha sido clave para que estas fiestas se hayan desarrollado en las mejores condiciones posibles.<\/p>\n<p><strong>Francisco Jos\u00e9 Castell\u00f3 Castell\u00f3<\/strong><br \/>\nConcejal de Medio Ambiente, Medio Rural, Servicios, Comunicaci\u00f3n y Prensa<br \/>\n2\u00ba Teniente de Alcalde<br \/>\nMuy Ilustre Ayuntamiento de Caudete<\/p>\n<p>&nbsp;<\/p>\n<p><a href=\"https:\/\/www.caudete.org\/ayuntamiento\/wp-content\/uploads\/2026\/01\/WhatsApp-Image-2026-01-12-at-13.42.10-1.jpg\" rel='prettyPhoto'><img fetchpriority=\"high\" decoding=\"async\" class=\"alignnone size-full wp-image-32220\" src=\"https:\/\/www.caudete.org\/ayuntamiento\/wp-content\/uploads\/2026\/01\/WhatsApp-Image-2026-01-12-at-13.42.10-1.jpg\" alt=\"\" width=\"750\" height=\"1000\" srcset=\"https:\/\/www.caudete.org\/ayuntamiento\/wp-content\/uploads\/2026\/01\/WhatsApp-Image-2026-01-12-at-13.42.10-1.jpg 750w, https:\/\/www.caudete.org\/ayuntamiento\/wp-content\/uploads\/2026\/01\/WhatsApp-Image-2026-01-12-at-13.42.10-1-600x800.jpg 600w, https:\/\/www.caudete.org\/ayuntamiento\/wp-content\/uploads\/2026\/01\/WhatsApp-Image-2026-01-12-at-13.42.10-1-675x900.jpg 675w, https:\/\/www.caudete.org\/ayuntamiento\/wp-content\/uploads\/2026\/01\/WhatsApp-Image-2026-01-12-at-13.42.10-1-165x220.jpg 165w\" sizes=\"(max-width: 750px) 100vw, 750px\" \/><\/a><\/p>\n<p><a href=\"https:\/\/www.caudete.org\/ayuntamiento\/wp-content\/uploads\/2026\/01\/WhatsApp-Image-2026-01-12-at-13.42.30.jpg\" rel='prettyPhoto'><img decoding=\"async\" class=\"alignnone size-full wp-image-32221\" src=\"https:\/\/www.caudete.org\/ayuntamiento\/wp-content\/uploads\/2026\/01\/WhatsApp-Image-2026-01-12-at-13.42.30.jpg\" alt=\"\" width=\"1000\" height=\"685\" srcset=\"https:\/\/www.caudete.org\/ayuntamiento\/wp-content\/uploads\/2026\/01\/WhatsApp-Image-2026-01-12-at-13.42.30.jpg 1000w, https:\/\/www.caudete.org\/ayuntamiento\/wp-content\/uploads\/2026\/01\/WhatsApp-Image-2026-01-12-at-13.42.30-321x220.jpg 321w, https:\/\/www.caudete.org\/ayuntamiento\/wp-content\/uploads\/2026\/01\/WhatsApp-Image-2026-01-12-at-13.42.30-768x526.jpg 768w\" sizes=\"(max-width: 1000px) 100vw, 1000px\" \/><\/a><\/p>\n","protected":false},"excerpt":{"rendered":"<p>Pasados unos d\u00edas y una vez recuperada la normalidad tras las fiestas navide\u00f1as, el concejal de Medio Ambiente del Muy Ilustre Ayuntamiento de Caudete, Francisco Jos\u00e9 Castell\u00f3 Castell\u00f3, ha querido realizar un balance del dispositivo especial de limpieza puesto en marcha durante estas fechas, destacando que las medidas adoptadas por la Concejal\u00eda han permitido que &hellip;<\/p>\n","protected":false},"author":5,"featured_media":32219,"comment_status":"closed","ping_status":"open","sticky":false,"template":"","format":"standard","meta":{"ngg_post_thumbnail":0,"footnotes":""},"categories":[29],"tags":[],"class_list":["post-32218","post","type-post","status-publish","format-standard","has-post-thumbnail","hentry","category-medio-ambiente"],"yoast_head":"<!-- This site is optimized with the Yoast SEO plugin v27.5 - https:\/\/yoast.com\/product\/yoast-seo-wordpress\/ -->\n<title>Balance del operativo especial de limpieza y recogida, para las fiestas navide\u00f1as de Caudete - MI Ayuntamiento de Caudete<\/title>\n<meta name=\"description\" content=\"P\u00e1gina Oficial del Ayuntamiento de Caudete (Albacete)\" \/>\n<meta name=\"robots\" content=\"index, follow, max-snippet:-1, max-image-preview:large, max-video-preview:-1\" \/>\n<link rel=\"canonical\" href=\"https:\/\/www.caudete.org\/ayuntamiento\/balance-del-operativo-especial-de-limpieza-y-recogida-para-las-fiestas-navidenas-de-caudete\/\" \/>\n<meta property=\"og:locale\" content=\"es_ES\" \/>\n<meta property=\"og:type\" content=\"article\" \/>\n<meta property=\"og:title\" content=\"Balance del operativo especial de limpieza y recogida, para las fiestas navide\u00f1as de Caudete - MI Ayuntamiento de Caudete\" \/>\n<meta property=\"og:description\" content=\"P\u00e1gina Oficial del Ayuntamiento de Caudete (Albacete)\" \/>\n<meta property=\"og:url\" content=\"https:\/\/www.caudete.org\/ayuntamiento\/balance-del-operativo-especial-de-limpieza-y-recogida-para-las-fiestas-navidenas-de-caudete\/\" \/>\n<meta property=\"og:site_name\" content=\"MI Ayuntamiento de Caudete\" \/>\n<meta property=\"article:publisher\" content=\"https:\/\/www.facebook.com\/ayuntamientocaudete\/\" \/>\n<meta property=\"article:published_time\" content=\"2026-01-12T13:30:33+00:00\" \/>\n<meta property=\"article:modified_time\" content=\"2026-01-12T13:46:05+00:00\" \/>\n<meta property=\"og:image\" content=\"https:\/\/www.caudete.org\/ayuntamiento\/wp-content\/uploads\/2026\/01\/WhatsApp-Image-2026-01-12-at-13.42.45.jpg\" \/>\n\t<meta property=\"og:image:width\" content=\"1000\" \/>\n\t<meta property=\"og:image:height\" content=\"750\" \/>\n\t<meta property=\"og:image:type\" content=\"image\/jpeg\" \/>\n<meta name=\"author\" content=\"Dpto Informatica MI Ayuntamiento de Caudete\" \/>\n<meta name=\"twitter:card\" content=\"summary_large_image\" \/>\n<meta name=\"twitter:label1\" content=\"Escrito por\" \/>\n\t<meta name=\"twitter:data1\" content=\"Dpto Informatica MI Ayuntamiento de Caudete\" \/>\n\t<meta name=\"twitter:label2\" content=\"Tiempo de lectura\" \/>\n\t<meta name=\"twitter:data2\" content=\"3 minutos\" \/>\n<script type=\"application\/ld+json\" class=\"yoast-schema-graph\">{\"@context\":\"https:\\\/\\\/schema.org\",\"@graph\":[{\"@type\":\"Article\",\"@id\":\"https:\\\/\\\/www.caudete.org\\\/ayuntamiento\\\/balance-del-operativo-especial-de-limpieza-y-recogida-para-las-fiestas-navidenas-de-caudete\\\/#article\",\"isPartOf\":{\"@id\":\"https:\\\/\\\/www.caudete.org\\\/ayuntamiento\\\/balance-del-operativo-especial-de-limpieza-y-recogida-para-las-fiestas-navidenas-de-caudete\\\/\"},\"author\":{\"name\":\"Dpto Informatica MI Ayuntamiento de Caudete\",\"@id\":\"https:\\\/\\\/www.caudete.org\\\/ayuntamiento\\\/#\\\/schema\\\/person\\\/4b9eab41761957db9b1bf9c418d1ef46\"},\"headline\":\"Balance del operativo especial de limpieza y recogida, para las fiestas navide\u00f1as de Caudete\",\"datePublished\":\"2026-01-12T13:30:33+00:00\",\"dateModified\":\"2026-01-12T13:46:05+00:00\",\"mainEntityOfPage\":{\"@id\":\"https:\\\/\\\/www.caudete.org\\\/ayuntamiento\\\/balance-del-operativo-especial-de-limpieza-y-recogida-para-las-fiestas-navidenas-de-caudete\\\/\"},\"wordCount\":466,\"image\":{\"@id\":\"https:\\\/\\\/www.caudete.org\\\/ayuntamiento\\\/balance-del-operativo-especial-de-limpieza-y-recogida-para-las-fiestas-navidenas-de-caudete\\\/#primaryimage\"},\"thumbnailUrl\":\"https:\\\/\\\/www.caudete.org\\\/ayuntamiento\\\/wp-content\\\/uploads\\\/2026\\\/01\\\/WhatsApp-Image-2026-01-12-at-13.42.45.jpg\",\"articleSection\":[\"Medio Ambiente\"],\"inLanguage\":\"es\"},{\"@type\":\"WebPage\",\"@id\":\"https:\\\/\\\/www.caudete.org\\\/ayuntamiento\\\/balance-del-operativo-especial-de-limpieza-y-recogida-para-las-fiestas-navidenas-de-caudete\\\/\",\"url\":\"https:\\\/\\\/www.caudete.org\\\/ayuntamiento\\\/balance-del-operativo-especial-de-limpieza-y-recogida-para-las-fiestas-navidenas-de-caudete\\\/\",\"name\":\"Balance del operativo especial de limpieza y recogida, para las fiestas navide\u00f1as de Caudete - MI Ayuntamiento de Caudete\",\"isPartOf\":{\"@id\":\"https:\\\/\\\/www.caudete.org\\\/ayuntamiento\\\/#website\"},\"primaryImageOfPage\":{\"@id\":\"https:\\\/\\\/www.caudete.org\\\/ayuntamiento\\\/balance-del-operativo-especial-de-limpieza-y-recogida-para-las-fiestas-navidenas-de-caudete\\\/#primaryimage\"},\"image\":{\"@id\":\"https:\\\/\\\/www.caudete.org\\\/ayuntamiento\\\/balance-del-operativo-especial-de-limpieza-y-recogida-para-las-fiestas-navidenas-de-caudete\\\/#primaryimage\"},\"thumbnailUrl\":\"https:\\\/\\\/www.caudete.org\\\/ayuntamiento\\\/wp-content\\\/uploads\\\/2026\\\/01\\\/WhatsApp-Image-2026-01-12-at-13.42.45.jpg\",\"datePublished\":\"2026-01-12T13:30:33+00:00\",\"dateModified\":\"2026-01-12T13:46:05+00:00\",\"author\":{\"@id\":\"https:\\\/\\\/www.caudete.org\\\/ayuntamiento\\\/#\\\/schema\\\/person\\\/4b9eab41761957db9b1bf9c418d1ef46\"},\"description\":\"P\u00e1gina Oficial del Ayuntamiento de Caudete (Albacete)\",\"breadcrumb\":{\"@id\":\"https:\\\/\\\/www.caudete.org\\\/ayuntamiento\\\/balance-del-operativo-especial-de-limpieza-y-recogida-para-las-fiestas-navidenas-de-caudete\\\/#breadcrumb\"},\"inLanguage\":\"es\",\"potentialAction\":[{\"@type\":\"ReadAction\",\"target\":[\"https:\\\/\\\/www.caudete.org\\\/ayuntamiento\\\/balance-del-operativo-especial-de-limpieza-y-recogida-para-las-fiestas-navidenas-de-caudete\\\/\"]}]},{\"@type\":\"ImageObject\",\"inLanguage\":\"es\",\"@id\":\"https:\\\/\\\/www.caudete.org\\\/ayuntamiento\\\/balance-del-operativo-especial-de-limpieza-y-recogida-para-las-fiestas-navidenas-de-caudete\\\/#primaryimage\",\"url\":\"https:\\\/\\\/www.caudete.org\\\/ayuntamiento\\\/wp-content\\\/uploads\\\/2026\\\/01\\\/WhatsApp-Image-2026-01-12-at-13.42.45.jpg\",\"contentUrl\":\"https:\\\/\\\/www.caudete.org\\\/ayuntamiento\\\/wp-content\\\/uploads\\\/2026\\\/01\\\/WhatsApp-Image-2026-01-12-at-13.42.45.jpg\",\"width\":1000,\"height\":750},{\"@type\":\"BreadcrumbList\",\"@id\":\"https:\\\/\\\/www.caudete.org\\\/ayuntamiento\\\/balance-del-operativo-especial-de-limpieza-y-recogida-para-las-fiestas-navidenas-de-caudete\\\/#breadcrumb\",\"itemListElement\":[{\"@type\":\"ListItem\",\"position\":1,\"name\":\"Inicio\",\"item\":\"https:\\\/\\\/www.caudete.org\\\/ayuntamiento\\\/\"},{\"@type\":\"ListItem\",\"position\":2,\"name\":\"Balance del operativo especial de limpieza y recogida, para las fiestas navide\u00f1as de Caudete\"}]},{\"@type\":\"WebSite\",\"@id\":\"https:\\\/\\\/www.caudete.org\\\/ayuntamiento\\\/#website\",\"url\":\"https:\\\/\\\/www.caudete.org\\\/ayuntamiento\\\/\",\"name\":\"MI Ayuntamiento de Caudete\",\"description\":\"P\u00e1gina Oficial del MI Ayuntamiento de Caudete\",\"potentialAction\":[{\"@type\":\"SearchAction\",\"target\":{\"@type\":\"EntryPoint\",\"urlTemplate\":\"https:\\\/\\\/www.caudete.org\\\/ayuntamiento\\\/?s={search_term_string}\"},\"query-input\":{\"@type\":\"PropertyValueSpecification\",\"valueRequired\":true,\"valueName\":\"search_term_string\"}}],\"inLanguage\":\"es\"},{\"@type\":\"Person\",\"@id\":\"https:\\\/\\\/www.caudete.org\\\/ayuntamiento\\\/#\\\/schema\\\/person\\\/4b9eab41761957db9b1bf9c418d1ef46\",\"name\":\"Dpto Informatica MI Ayuntamiento de Caudete\",\"image\":{\"@type\":\"ImageObject\",\"inLanguage\":\"es\",\"@id\":\"https:\\\/\\\/secure.gravatar.com\\\/avatar\\\/ac0321ee4a0a83e82a253e7b2d348ef539e2c8fe16d06b600bde04de1b364fa7?s=96&d=mm&r=g\",\"url\":\"https:\\\/\\\/secure.gravatar.com\\\/avatar\\\/ac0321ee4a0a83e82a253e7b2d348ef539e2c8fe16d06b600bde04de1b364fa7?s=96&d=mm&r=g\",\"contentUrl\":\"https:\\\/\\\/secure.gravatar.com\\\/avatar\\\/ac0321ee4a0a83e82a253e7b2d348ef539e2c8fe16d06b600bde04de1b364fa7?s=96&d=mm&r=g\",\"caption\":\"Dpto Informatica MI Ayuntamiento de Caudete\"},\"url\":\"https:\\\/\\\/www.caudete.org\\\/ayuntamiento\\\/author\\\/informatica\\\/\"}]}<\/script>\n<!-- \/ Yoast SEO plugin. -->","yoast_head_json":{"title":"Balance del operativo especial de limpieza y recogida, para las fiestas navide\u00f1as de Caudete - MI Ayuntamiento de Caudete","description":"P\u00e1gina Oficial del Ayuntamiento de Caudete (Albacete)","robots":{"index":"index","follow":"follow","max-snippet":"max-snippet:-1","max-image-preview":"max-image-preview:large","max-video-preview":"max-video-preview:-1"},"canonical":"https:\/\/www.caudete.org\/ayuntamiento\/balance-del-operativo-especial-de-limpieza-y-recogida-para-las-fiestas-navidenas-de-caudete\/","og_locale":"es_ES","og_type":"article","og_title":"Balance del operativo especial de limpieza y recogida, para las fiestas navide\u00f1as de Caudete - MI Ayuntamiento de Caudete","og_description":"P\u00e1gina Oficial del Ayuntamiento de Caudete (Albacete)","og_url":"https:\/\/www.caudete.org\/ayuntamiento\/balance-del-operativo-especial-de-limpieza-y-recogida-para-las-fiestas-navidenas-de-caudete\/","og_site_name":"MI Ayuntamiento de Caudete","article_publisher":"https:\/\/www.facebook.com\/ayuntamientocaudete\/","article_published_time":"2026-01-12T13:30:33+00:00","article_modified_time":"2026-01-12T13:46:05+00:00","og_image":[{"width":1000,"height":750,"url":"https:\/\/www.caudete.org\/ayuntamiento\/wp-content\/uploads\/2026\/01\/WhatsApp-Image-2026-01-12-at-13.42.45.jpg","type":"image\/jpeg"}],"author":"Dpto Informatica MI Ayuntamiento de Caudete","twitter_card":"summary_large_image","twitter_misc":{"Escrito por":"Dpto Informatica MI Ayuntamiento de Caudete","Tiempo de lectura":"3 minutos"},"schema":{"@context":"https:\/\/schema.org","@graph":[{"@type":"Article","@id":"https:\/\/www.caudete.org\/ayuntamiento\/balance-del-operativo-especial-de-limpieza-y-recogida-para-las-fiestas-navidenas-de-caudete\/#article","isPartOf":{"@id":"https:\/\/www.caudete.org\/ayuntamiento\/balance-del-operativo-especial-de-limpieza-y-recogida-para-las-fiestas-navidenas-de-caudete\/"},"author":{"name":"Dpto Informatica MI Ayuntamiento de Caudete","@id":"https:\/\/www.caudete.org\/ayuntamiento\/#\/schema\/person\/4b9eab41761957db9b1bf9c418d1ef46"},"headline":"Balance del operativo especial de limpieza y recogida, para las fiestas navide\u00f1as de Caudete","datePublished":"2026-01-12T13:30:33+00:00","dateModified":"2026-01-12T13:46:05+00:00","mainEntityOfPage":{"@id":"https:\/\/www.caudete.org\/ayuntamiento\/balance-del-operativo-especial-de-limpieza-y-recogida-para-las-fiestas-navidenas-de-caudete\/"},"wordCount":466,"image":{"@id":"https:\/\/www.caudete.org\/ayuntamiento\/balance-del-operativo-especial-de-limpieza-y-recogida-para-las-fiestas-navidenas-de-caudete\/#primaryimage"},"thumbnailUrl":"https:\/\/www.caudete.org\/ayuntamiento\/wp-content\/uploads\/2026\/01\/WhatsApp-Image-2026-01-12-at-13.42.45.jpg","articleSection":["Medio Ambiente"],"inLanguage":"es"},{"@type":"WebPage","@id":"https:\/\/www.caudete.org\/ayuntamiento\/balance-del-operativo-especial-de-limpieza-y-recogida-para-las-fiestas-navidenas-de-caudete\/","url":"https:\/\/www.caudete.org\/ayuntamiento\/balance-del-operativo-especial-de-limpieza-y-recogida-para-las-fiestas-navidenas-de-caudete\/","name":"Balance del operativo especial de limpieza y recogida, para las fiestas navide\u00f1as de Caudete - MI Ayuntamiento de Caudete","isPartOf":{"@id":"https:\/\/www.caudete.org\/ayuntamiento\/#website"},"primaryImageOfPage":{"@id":"https:\/\/www.caudete.org\/ayuntamiento\/balance-del-operativo-especial-de-limpieza-y-recogida-para-las-fiestas-navidenas-de-caudete\/#primaryimage"},"image":{"@id":"https:\/\/www.caudete.org\/ayuntamiento\/balance-del-operativo-especial-de-limpieza-y-recogida-para-las-fiestas-navidenas-de-caudete\/#primaryimage"},"thumbnailUrl":"https:\/\/www.caudete.org\/ayuntamiento\/wp-content\/uploads\/2026\/01\/WhatsApp-Image-2026-01-12-at-13.42.45.jpg","datePublished":"2026-01-12T13:30:33+00:00","dateModified":"2026-01-12T13:46:05+00:00","author":{"@id":"https:\/\/www.caudete.org\/ayuntamiento\/#\/schema\/person\/4b9eab41761957db9b1bf9c418d1ef46"},"description":"P\u00e1gina Oficial del Ayuntamiento de Caudete (Albacete)","breadcrumb":{"@id":"https:\/\/www.caudete.org\/ayuntamiento\/balance-del-operativo-especial-de-limpieza-y-recogida-para-las-fiestas-navidenas-de-caudete\/#breadcrumb"},"inLanguage":"es","potentialAction":[{"@type":"ReadAction","target":["https:\/\/www.caudete.org\/ayuntamiento\/balance-del-operativo-especial-de-limpieza-y-recogida-para-las-fiestas-navidenas-de-caudete\/"]}]},{"@type":"ImageObject","inLanguage":"es","@id":"https:\/\/www.caudete.org\/ayuntamiento\/balance-del-operativo-especial-de-limpieza-y-recogida-para-las-fiestas-navidenas-de-caudete\/#primaryimage","url":"https:\/\/www.caudete.org\/ayuntamiento\/wp-content\/uploads\/2026\/01\/WhatsApp-Image-2026-01-12-at-13.42.45.jpg","contentUrl":"https:\/\/www.caudete.org\/ayuntamiento\/wp-content\/uploads\/2026\/01\/WhatsApp-Image-2026-01-12-at-13.42.45.jpg","width":1000,"height":750},{"@type":"BreadcrumbList","@id":"https:\/\/www.caudete.org\/ayuntamiento\/balance-del-operativo-especial-de-limpieza-y-recogida-para-las-fiestas-navidenas-de-caudete\/#breadcrumb","itemListElement":[{"@type":"ListItem","position":1,"name":"Inicio","item":"https:\/\/www.caudete.org\/ayuntamiento\/"},{"@type":"ListItem","position":2,"name":"Balance del operativo especial de limpieza y recogida, para las fiestas navide\u00f1as de Caudete"}]},{"@type":"WebSite","@id":"https:\/\/www.caudete.org\/ayuntamiento\/#website","url":"https:\/\/www.caudete.org\/ayuntamiento\/","name":"MI Ayuntamiento de Caudete","description":"P\u00e1gina Oficial del MI Ayuntamiento de Caudete","potentialAction":[{"@type":"SearchAction","target":{"@type":"EntryPoint","urlTemplate":"https:\/\/www.caudete.org\/ayuntamiento\/?s={search_term_string}"},"query-input":{"@type":"PropertyValueSpecification","valueRequired":true,"valueName":"search_term_string"}}],"inLanguage":"es"},{"@type":"Person","@id":"https:\/\/www.caudete.org\/ayuntamiento\/#\/schema\/person\/4b9eab41761957db9b1bf9c418d1ef46","name":"Dpto Informatica MI Ayuntamiento de Caudete","image":{"@type":"ImageObject","inLanguage":"es","@id":"https:\/\/secure.gravatar.com\/avatar\/ac0321ee4a0a83e82a253e7b2d348ef539e2c8fe16d06b600bde04de1b364fa7?s=96&d=mm&r=g","url":"https:\/\/secure.gravatar.com\/avatar\/ac0321ee4a0a83e82a253e7b2d348ef539e2c8fe16d06b600bde04de1b364fa7?s=96&d=mm&r=g","contentUrl":"https:\/\/secure.gravatar.com\/avatar\/ac0321ee4a0a83e82a253e7b2d348ef539e2c8fe16d06b600bde04de1b364fa7?s=96&d=mm&r=g","caption":"Dpto Informatica MI Ayuntamiento de Caudete"},"url":"https:\/\/www.caudete.org\/ayuntamiento\/author\/informatica\/"}]}},"_links":{"self":[{"href":"https:\/\/www.caudete.org\/ayuntamiento\/wp-json\/wp\/v2\/posts\/32218","targetHints":{"allow":["GET"]}}],"collection":[{"href":"https:\/\/www.caudete.org\/ayuntamiento\/wp-json\/wp\/v2\/posts"}],"about":[{"href":"https:\/\/www.caudete.org\/ayuntamiento\/wp-json\/wp\/v2\/types\/post"}],"author":[{"embeddable":true,"href":"https:\/\/www.caudete.org\/ayuntamiento\/wp-json\/wp\/v2\/users\/5"}],"replies":[{"embeddable":true,"href":"https:\/\/www.caudete.org\/ayuntamiento\/wp-json\/wp\/v2\/comments?post=32218"}],"version-history":[{"count":4,"href":"https:\/\/www.caudete.org\/ayuntamiento\/wp-json\/wp\/v2\/posts\/32218\/revisions"}],"predecessor-version":[{"id":32244,"href":"https:\/\/www.caudete.org\/ayuntamiento\/wp-json\/wp\/v2\/posts\/32218\/revisions\/32244"}],"wp:featuredmedia":[{"embeddable":true,"href":"https:\/\/www.caudete.org\/ayuntamiento\/wp-json\/wp\/v2\/media\/32219"}],"wp:attachment":[{"href":"https:\/\/www.caudete.org\/ayuntamiento\/wp-json\/wp\/v2\/media?parent=32218"}],"wp:term":[{"taxonomy":"category","embeddable":true,"href":"https:\/\/www.caudete.org\/ayuntamiento\/wp-json\/wp\/v2\/categories?post=32218"},{"taxonomy":"post_tag","embeddable":true,"href":"https:\/\/www.caudete.org\/ayuntamiento\/wp-json\/wp\/v2\/tags?post=32218"}],"curies":[{"name":"wp","href":"https:\/\/api.w.org\/{rel}","templated":true}]}}