{"id":32253,"date":"2026-01-12T21:38:16","date_gmt":"2026-01-12T20:38:16","guid":{"rendered":"https:\/\/www.caudete.org\/ayuntamiento\/?p=32253"},"modified":"2026-01-16T08:05:54","modified_gmt":"2026-01-16T07:05:54","slug":"huelga-de-medicos-de-familia-en-castilla-la-mancha-informacion-a-la-ciudadania","status":"publish","type":"post","link":"https:\/\/www.caudete.org\/ayuntamiento\/huelga-de-medicos-de-familia-en-castilla-la-mancha-informacion-a-la-ciudadania\/","title":{"rendered":"Huelga de m\u00e9dicos de familia en Castilla-La Mancha: informaci\u00f3n a la ciudadan\u00eda"},"content":{"rendered":"<p>Mar\u00eda Mart\u00ednez Garc\u00eda desde La Concejal\u00eda de Sanidad del M.I.Ayuntamiento de Caudete, ante las consultas recibidas, informa a la ciudadan\u00eda de la convocatoria de huelga de m\u00e9dicos de familia y pediatras de Atenci\u00f3n Primaria en Castilla-La Mancha, prevista para los d\u00edas 14 y 15 de enero, motivada por reivindicaciones laborales y profesionales del colectivo sanitario.<\/p>\n<p>Entre las principales demandas de los profesionales se encuentran la mejora de las condiciones laborales, la recuperaci\u00f3n de la carrera profesional y una reducci\u00f3n de la sobrecarga asistencial, con el objetivo de garantizar una atenci\u00f3n sanitaria de mayor calidad a la poblaci\u00f3n.<\/p>\n<p>La Consejer\u00eda de Sanidad ha establecido servicios m\u00ednimos, garantizando la atenci\u00f3n urgente en los centros de salud y en los servicios de urgencias, con una dotaci\u00f3n similar a la de un d\u00eda festivo, para asegurar la asistencia esencial durante las jornadas de huelga.<\/p>\n<p>Desde la Concejal\u00eda de Sanidad se informa de que los profesionales del Centro de Salud de Caudete pueden acogerse a la huelga, si bien no es posible conocer con antelaci\u00f3n qu\u00e9 m\u00e9dicos la secundar\u00e1n, ya que esta informaci\u00f3n solo se confirma la misma ma\u00f1ana de cada jornada de huelga, al tratarse de una decisi\u00f3n individual de cada profesional.<\/p>\n<p>Por este motivo, algunas consultas programadas no urgentes podr\u00edan verse afectadas o sufrir retrasos, recomend\u00e1ndose a la ciudadan\u00eda que, ante cualquier duda, contacte previamente con su centro de salud y haga un uso responsable de los servicios sanitarios, recurriendo a urgencias \u00fanicamente cuando sea necesario.<\/p>\n<p>El Ayuntamiento de Caudete agradece la comprensi\u00f3n de la poblaci\u00f3n y reconoce y apoya la labor de los profesionales sanitarios, reiterando su compromiso con la informaci\u00f3n transparente y la defensa de una sanidad p\u00fablica de calidad.<\/p>\n<p>&#8220;<b><i>Las reivindicaciones de los profesionales incluyen la recuperaci\u00f3n de la carrera profesional, una regulaci\u00f3n m\u00e1s adecuada de las guardias y turnos, as\u00ed como una mejora de las plantillas y reducci\u00f3n de la presi\u00f3n asistencial, para atender mejor a la poblaci\u00f3n.&#8221;&nbsp;<\/i><\/b>&nbsp;<\/p>\n<p>Mar\u00eda Mart\u00ednez Garc\u00eda<br \/>\nConcejal de Sanidad<br \/>\nM.I.Ayuntamiento de Caudete&nbsp;<\/p>\n","protected":false},"excerpt":{"rendered":"<p>Mar\u00eda Mart\u00ednez Garc\u00eda desde La Concejal\u00eda de Sanidad del M.I.Ayuntamiento de Caudete, ante las consultas recibidas, informa a la ciudadan\u00eda de la convocatoria de huelga de m\u00e9dicos de familia y pediatras de Atenci\u00f3n Primaria en Castilla-La Mancha, prevista para los d\u00edas 14 y 15 de enero, motivada por reivindicaciones laborales y profesionales del colectivo sanitario. &hellip;<\/p>\n","protected":false},"author":5,"featured_media":32254,"comment_status":"closed","ping_status":"open","sticky":false,"template":"","format":"standard","meta":{"ngg_post_thumbnail":0,"footnotes":""},"categories":[16],"tags":[],"class_list":["post-32253","post","type-post","status-publish","format-standard","has-post-thumbnail","hentry","category-sanidad"],"yoast_head":"<!-- This site is optimized with the Yoast SEO plugin v27.5 - https:\/\/yoast.com\/product\/yoast-seo-wordpress\/ -->\n<title>Huelga de m\u00e9dicos de familia en Castilla-La Mancha: informaci\u00f3n a la ciudadan\u00eda - MI Ayuntamiento de Caudete<\/title>\n<meta name=\"description\" content=\"P\u00e1gina Oficial del Ayuntamiento de Caudete (Albacete)\" \/>\n<meta name=\"robots\" content=\"index, follow, max-snippet:-1, max-image-preview:large, max-video-preview:-1\" \/>\n<link rel=\"canonical\" href=\"https:\/\/www.caudete.org\/ayuntamiento\/huelga-de-medicos-de-familia-en-castilla-la-mancha-informacion-a-la-ciudadania\/\" \/>\n<meta property=\"og:locale\" content=\"es_ES\" \/>\n<meta property=\"og:type\" content=\"article\" \/>\n<meta property=\"og:title\" content=\"Huelga de m\u00e9dicos de familia en Castilla-La Mancha: informaci\u00f3n a la ciudadan\u00eda - MI Ayuntamiento de Caudete\" \/>\n<meta property=\"og:description\" content=\"P\u00e1gina Oficial del Ayuntamiento de Caudete (Albacete)\" \/>\n<meta property=\"og:url\" content=\"https:\/\/www.caudete.org\/ayuntamiento\/huelga-de-medicos-de-familia-en-castilla-la-mancha-informacion-a-la-ciudadania\/\" \/>\n<meta property=\"og:site_name\" content=\"MI Ayuntamiento de Caudete\" \/>\n<meta property=\"article:publisher\" content=\"https:\/\/www.facebook.com\/ayuntamientocaudete\/\" \/>\n<meta property=\"article:published_time\" content=\"2026-01-12T20:38:16+00:00\" \/>\n<meta property=\"article:modified_time\" content=\"2026-01-16T07:05:54+00:00\" \/>\n<meta property=\"og:image\" content=\"https:\/\/www.caudete.org\/ayuntamiento\/wp-content\/uploads\/2026\/01\/MedicoHuelga.jpg\" \/>\n\t<meta property=\"og:image:width\" content=\"1000\" \/>\n\t<meta property=\"og:image:height\" content=\"562\" \/>\n\t<meta property=\"og:image:type\" content=\"image\/jpeg\" \/>\n<meta name=\"author\" content=\"Dpto Informatica MI Ayuntamiento de Caudete\" \/>\n<meta name=\"twitter:card\" content=\"summary_large_image\" \/>\n<meta name=\"twitter:label1\" content=\"Escrito por\" \/>\n\t<meta name=\"twitter:data1\" content=\"Dpto Informatica MI Ayuntamiento de Caudete\" \/>\n\t<meta name=\"twitter:label2\" content=\"Tiempo de lectura\" \/>\n\t<meta name=\"twitter:data2\" content=\"2 minutos\" \/>\n<script type=\"application\/ld+json\" class=\"yoast-schema-graph\">{\"@context\":\"https:\\\/\\\/schema.org\",\"@graph\":[{\"@type\":\"Article\",\"@id\":\"https:\\\/\\\/www.caudete.org\\\/ayuntamiento\\\/huelga-de-medicos-de-familia-en-castilla-la-mancha-informacion-a-la-ciudadania\\\/#article\",\"isPartOf\":{\"@id\":\"https:\\\/\\\/www.caudete.org\\\/ayuntamiento\\\/huelga-de-medicos-de-familia-en-castilla-la-mancha-informacion-a-la-ciudadania\\\/\"},\"author\":{\"name\":\"Dpto Informatica MI Ayuntamiento de Caudete\",\"@id\":\"https:\\\/\\\/www.caudete.org\\\/ayuntamiento\\\/#\\\/schema\\\/person\\\/4b9eab41761957db9b1bf9c418d1ef46\"},\"headline\":\"Huelga de m\u00e9dicos de familia en Castilla-La Mancha: informaci\u00f3n a la ciudadan\u00eda\",\"datePublished\":\"2026-01-12T20:38:16+00:00\",\"dateModified\":\"2026-01-16T07:05:54+00:00\",\"mainEntityOfPage\":{\"@id\":\"https:\\\/\\\/www.caudete.org\\\/ayuntamiento\\\/huelga-de-medicos-de-familia-en-castilla-la-mancha-informacion-a-la-ciudadania\\\/\"},\"wordCount\":388,\"image\":{\"@id\":\"https:\\\/\\\/www.caudete.org\\\/ayuntamiento\\\/huelga-de-medicos-de-familia-en-castilla-la-mancha-informacion-a-la-ciudadania\\\/#primaryimage\"},\"thumbnailUrl\":\"https:\\\/\\\/www.caudete.org\\\/ayuntamiento\\\/wp-content\\\/uploads\\\/2026\\\/01\\\/MedicoHuelga.jpg\",\"articleSection\":[\"Sanidad\"],\"inLanguage\":\"es\"},{\"@type\":\"WebPage\",\"@id\":\"https:\\\/\\\/www.caudete.org\\\/ayuntamiento\\\/huelga-de-medicos-de-familia-en-castilla-la-mancha-informacion-a-la-ciudadania\\\/\",\"url\":\"https:\\\/\\\/www.caudete.org\\\/ayuntamiento\\\/huelga-de-medicos-de-familia-en-castilla-la-mancha-informacion-a-la-ciudadania\\\/\",\"name\":\"Huelga de m\u00e9dicos de familia en Castilla-La Mancha: informaci\u00f3n a la ciudadan\u00eda - MI Ayuntamiento de Caudete\",\"isPartOf\":{\"@id\":\"https:\\\/\\\/www.caudete.org\\\/ayuntamiento\\\/#website\"},\"primaryImageOfPage\":{\"@id\":\"https:\\\/\\\/www.caudete.org\\\/ayuntamiento\\\/huelga-de-medicos-de-familia-en-castilla-la-mancha-informacion-a-la-ciudadania\\\/#primaryimage\"},\"image\":{\"@id\":\"https:\\\/\\\/www.caudete.org\\\/ayuntamiento\\\/huelga-de-medicos-de-familia-en-castilla-la-mancha-informacion-a-la-ciudadania\\\/#primaryimage\"},\"thumbnailUrl\":\"https:\\\/\\\/www.caudete.org\\\/ayuntamiento\\\/wp-content\\\/uploads\\\/2026\\\/01\\\/MedicoHuelga.jpg\",\"datePublished\":\"2026-01-12T20:38:16+00:00\",\"dateModified\":\"2026-01-16T07:05:54+00:00\",\"author\":{\"@id\":\"https:\\\/\\\/www.caudete.org\\\/ayuntamiento\\\/#\\\/schema\\\/person\\\/4b9eab41761957db9b1bf9c418d1ef46\"},\"description\":\"P\u00e1gina Oficial del Ayuntamiento de Caudete (Albacete)\",\"breadcrumb\":{\"@id\":\"https:\\\/\\\/www.caudete.org\\\/ayuntamiento\\\/huelga-de-medicos-de-familia-en-castilla-la-mancha-informacion-a-la-ciudadania\\\/#breadcrumb\"},\"inLanguage\":\"es\",\"potentialAction\":[{\"@type\":\"ReadAction\",\"target\":[\"https:\\\/\\\/www.caudete.org\\\/ayuntamiento\\\/huelga-de-medicos-de-familia-en-castilla-la-mancha-informacion-a-la-ciudadania\\\/\"]}]},{\"@type\":\"ImageObject\",\"inLanguage\":\"es\",\"@id\":\"https:\\\/\\\/www.caudete.org\\\/ayuntamiento\\\/huelga-de-medicos-de-familia-en-castilla-la-mancha-informacion-a-la-ciudadania\\\/#primaryimage\",\"url\":\"https:\\\/\\\/www.caudete.org\\\/ayuntamiento\\\/wp-content\\\/uploads\\\/2026\\\/01\\\/MedicoHuelga.jpg\",\"contentUrl\":\"https:\\\/\\\/www.caudete.org\\\/ayuntamiento\\\/wp-content\\\/uploads\\\/2026\\\/01\\\/MedicoHuelga.jpg\",\"width\":1000,\"height\":562},{\"@type\":\"BreadcrumbList\",\"@id\":\"https:\\\/\\\/www.caudete.org\\\/ayuntamiento\\\/huelga-de-medicos-de-familia-en-castilla-la-mancha-informacion-a-la-ciudadania\\\/#breadcrumb\",\"itemListElement\":[{\"@type\":\"ListItem\",\"position\":1,\"name\":\"Inicio\",\"item\":\"https:\\\/\\\/www.caudete.org\\\/ayuntamiento\\\/\"},{\"@type\":\"ListItem\",\"position\":2,\"name\":\"Huelga de m\u00e9dicos de familia en Castilla-La Mancha: informaci\u00f3n a la ciudadan\u00eda\"}]},{\"@type\":\"WebSite\",\"@id\":\"https:\\\/\\\/www.caudete.org\\\/ayuntamiento\\\/#website\",\"url\":\"https:\\\/\\\/www.caudete.org\\\/ayuntamiento\\\/\",\"name\":\"MI Ayuntamiento de Caudete\",\"description\":\"P\u00e1gina Oficial del MI Ayuntamiento de Caudete\",\"potentialAction\":[{\"@type\":\"SearchAction\",\"target\":{\"@type\":\"EntryPoint\",\"urlTemplate\":\"https:\\\/\\\/www.caudete.org\\\/ayuntamiento\\\/?s={search_term_string}\"},\"query-input\":{\"@type\":\"PropertyValueSpecification\",\"valueRequired\":true,\"valueName\":\"search_term_string\"}}],\"inLanguage\":\"es\"},{\"@type\":\"Person\",\"@id\":\"https:\\\/\\\/www.caudete.org\\\/ayuntamiento\\\/#\\\/schema\\\/person\\\/4b9eab41761957db9b1bf9c418d1ef46\",\"name\":\"Dpto Informatica MI Ayuntamiento de Caudete\",\"image\":{\"@type\":\"ImageObject\",\"inLanguage\":\"es\",\"@id\":\"https:\\\/\\\/secure.gravatar.com\\\/avatar\\\/ac0321ee4a0a83e82a253e7b2d348ef539e2c8fe16d06b600bde04de1b364fa7?s=96&d=mm&r=g\",\"url\":\"https:\\\/\\\/secure.gravatar.com\\\/avatar\\\/ac0321ee4a0a83e82a253e7b2d348ef539e2c8fe16d06b600bde04de1b364fa7?s=96&d=mm&r=g\",\"contentUrl\":\"https:\\\/\\\/secure.gravatar.com\\\/avatar\\\/ac0321ee4a0a83e82a253e7b2d348ef539e2c8fe16d06b600bde04de1b364fa7?s=96&d=mm&r=g\",\"caption\":\"Dpto Informatica MI Ayuntamiento de Caudete\"},\"url\":\"https:\\\/\\\/www.caudete.org\\\/ayuntamiento\\\/author\\\/informatica\\\/\"}]}<\/script>\n<!-- \/ Yoast SEO plugin. -->","yoast_head_json":{"title":"Huelga de m\u00e9dicos de familia en Castilla-La Mancha: informaci\u00f3n a la ciudadan\u00eda - MI Ayuntamiento de Caudete","description":"P\u00e1gina Oficial del Ayuntamiento de Caudete (Albacete)","robots":{"index":"index","follow":"follow","max-snippet":"max-snippet:-1","max-image-preview":"max-image-preview:large","max-video-preview":"max-video-preview:-1"},"canonical":"https:\/\/www.caudete.org\/ayuntamiento\/huelga-de-medicos-de-familia-en-castilla-la-mancha-informacion-a-la-ciudadania\/","og_locale":"es_ES","og_type":"article","og_title":"Huelga de m\u00e9dicos de familia en Castilla-La Mancha: informaci\u00f3n a la ciudadan\u00eda - MI Ayuntamiento de Caudete","og_description":"P\u00e1gina Oficial del Ayuntamiento de Caudete (Albacete)","og_url":"https:\/\/www.caudete.org\/ayuntamiento\/huelga-de-medicos-de-familia-en-castilla-la-mancha-informacion-a-la-ciudadania\/","og_site_name":"MI Ayuntamiento de Caudete","article_publisher":"https:\/\/www.facebook.com\/ayuntamientocaudete\/","article_published_time":"2026-01-12T20:38:16+00:00","article_modified_time":"2026-01-16T07:05:54+00:00","og_image":[{"width":1000,"height":562,"url":"https:\/\/www.caudete.org\/ayuntamiento\/wp-content\/uploads\/2026\/01\/MedicoHuelga.jpg","type":"image\/jpeg"}],"author":"Dpto Informatica MI Ayuntamiento de Caudete","twitter_card":"summary_large_image","twitter_misc":{"Escrito por":"Dpto Informatica MI Ayuntamiento de Caudete","Tiempo de lectura":"2 minutos"},"schema":{"@context":"https:\/\/schema.org","@graph":[{"@type":"Article","@id":"https:\/\/www.caudete.org\/ayuntamiento\/huelga-de-medicos-de-familia-en-castilla-la-mancha-informacion-a-la-ciudadania\/#article","isPartOf":{"@id":"https:\/\/www.caudete.org\/ayuntamiento\/huelga-de-medicos-de-familia-en-castilla-la-mancha-informacion-a-la-ciudadania\/"},"author":{"name":"Dpto Informatica MI Ayuntamiento de Caudete","@id":"https:\/\/www.caudete.org\/ayuntamiento\/#\/schema\/person\/4b9eab41761957db9b1bf9c418d1ef46"},"headline":"Huelga de m\u00e9dicos de familia en Castilla-La Mancha: informaci\u00f3n a la ciudadan\u00eda","datePublished":"2026-01-12T20:38:16+00:00","dateModified":"2026-01-16T07:05:54+00:00","mainEntityOfPage":{"@id":"https:\/\/www.caudete.org\/ayuntamiento\/huelga-de-medicos-de-familia-en-castilla-la-mancha-informacion-a-la-ciudadania\/"},"wordCount":388,"image":{"@id":"https:\/\/www.caudete.org\/ayuntamiento\/huelga-de-medicos-de-familia-en-castilla-la-mancha-informacion-a-la-ciudadania\/#primaryimage"},"thumbnailUrl":"https:\/\/www.caudete.org\/ayuntamiento\/wp-content\/uploads\/2026\/01\/MedicoHuelga.jpg","articleSection":["Sanidad"],"inLanguage":"es"},{"@type":"WebPage","@id":"https:\/\/www.caudete.org\/ayuntamiento\/huelga-de-medicos-de-familia-en-castilla-la-mancha-informacion-a-la-ciudadania\/","url":"https:\/\/www.caudete.org\/ayuntamiento\/huelga-de-medicos-de-familia-en-castilla-la-mancha-informacion-a-la-ciudadania\/","name":"Huelga de m\u00e9dicos de familia en Castilla-La Mancha: informaci\u00f3n a la ciudadan\u00eda - MI Ayuntamiento de Caudete","isPartOf":{"@id":"https:\/\/www.caudete.org\/ayuntamiento\/#website"},"primaryImageOfPage":{"@id":"https:\/\/www.caudete.org\/ayuntamiento\/huelga-de-medicos-de-familia-en-castilla-la-mancha-informacion-a-la-ciudadania\/#primaryimage"},"image":{"@id":"https:\/\/www.caudete.org\/ayuntamiento\/huelga-de-medicos-de-familia-en-castilla-la-mancha-informacion-a-la-ciudadania\/#primaryimage"},"thumbnailUrl":"https:\/\/www.caudete.org\/ayuntamiento\/wp-content\/uploads\/2026\/01\/MedicoHuelga.jpg","datePublished":"2026-01-12T20:38:16+00:00","dateModified":"2026-01-16T07:05:54+00:00","author":{"@id":"https:\/\/www.caudete.org\/ayuntamiento\/#\/schema\/person\/4b9eab41761957db9b1bf9c418d1ef46"},"description":"P\u00e1gina Oficial del Ayuntamiento de Caudete (Albacete)","breadcrumb":{"@id":"https:\/\/www.caudete.org\/ayuntamiento\/huelga-de-medicos-de-familia-en-castilla-la-mancha-informacion-a-la-ciudadania\/#breadcrumb"},"inLanguage":"es","potentialAction":[{"@type":"ReadAction","target":["https:\/\/www.caudete.org\/ayuntamiento\/huelga-de-medicos-de-familia-en-castilla-la-mancha-informacion-a-la-ciudadania\/"]}]},{"@type":"ImageObject","inLanguage":"es","@id":"https:\/\/www.caudete.org\/ayuntamiento\/huelga-de-medicos-de-familia-en-castilla-la-mancha-informacion-a-la-ciudadania\/#primaryimage","url":"https:\/\/www.caudete.org\/ayuntamiento\/wp-content\/uploads\/2026\/01\/MedicoHuelga.jpg","contentUrl":"https:\/\/www.caudete.org\/ayuntamiento\/wp-content\/uploads\/2026\/01\/MedicoHuelga.jpg","width":1000,"height":562},{"@type":"BreadcrumbList","@id":"https:\/\/www.caudete.org\/ayuntamiento\/huelga-de-medicos-de-familia-en-castilla-la-mancha-informacion-a-la-ciudadania\/#breadcrumb","itemListElement":[{"@type":"ListItem","position":1,"name":"Inicio","item":"https:\/\/www.caudete.org\/ayuntamiento\/"},{"@type":"ListItem","position":2,"name":"Huelga de m\u00e9dicos de familia en Castilla-La Mancha: informaci\u00f3n a la ciudadan\u00eda"}]},{"@type":"WebSite","@id":"https:\/\/www.caudete.org\/ayuntamiento\/#website","url":"https:\/\/www.caudete.org\/ayuntamiento\/","name":"MI Ayuntamiento de Caudete","description":"P\u00e1gina Oficial del MI Ayuntamiento de Caudete","potentialAction":[{"@type":"SearchAction","target":{"@type":"EntryPoint","urlTemplate":"https:\/\/www.caudete.org\/ayuntamiento\/?s={search_term_string}"},"query-input":{"@type":"PropertyValueSpecification","valueRequired":true,"valueName":"search_term_string"}}],"inLanguage":"es"},{"@type":"Person","@id":"https:\/\/www.caudete.org\/ayuntamiento\/#\/schema\/person\/4b9eab41761957db9b1bf9c418d1ef46","name":"Dpto Informatica MI Ayuntamiento de Caudete","image":{"@type":"ImageObject","inLanguage":"es","@id":"https:\/\/secure.gravatar.com\/avatar\/ac0321ee4a0a83e82a253e7b2d348ef539e2c8fe16d06b600bde04de1b364fa7?s=96&d=mm&r=g","url":"https:\/\/secure.gravatar.com\/avatar\/ac0321ee4a0a83e82a253e7b2d348ef539e2c8fe16d06b600bde04de1b364fa7?s=96&d=mm&r=g","contentUrl":"https:\/\/secure.gravatar.com\/avatar\/ac0321ee4a0a83e82a253e7b2d348ef539e2c8fe16d06b600bde04de1b364fa7?s=96&d=mm&r=g","caption":"Dpto Informatica MI Ayuntamiento de Caudete"},"url":"https:\/\/www.caudete.org\/ayuntamiento\/author\/informatica\/"}]}},"_links":{"self":[{"href":"https:\/\/www.caudete.org\/ayuntamiento\/wp-json\/wp\/v2\/posts\/32253","targetHints":{"allow":["GET"]}}],"collection":[{"href":"https:\/\/www.caudete.org\/ayuntamiento\/wp-json\/wp\/v2\/posts"}],"about":[{"href":"https:\/\/www.caudete.org\/ayuntamiento\/wp-json\/wp\/v2\/types\/post"}],"author":[{"embeddable":true,"href":"https:\/\/www.caudete.org\/ayuntamiento\/wp-json\/wp\/v2\/users\/5"}],"replies":[{"embeddable":true,"href":"https:\/\/www.caudete.org\/ayuntamiento\/wp-json\/wp\/v2\/comments?post=32253"}],"version-history":[{"count":1,"href":"https:\/\/www.caudete.org\/ayuntamiento\/wp-json\/wp\/v2\/posts\/32253\/revisions"}],"predecessor-version":[{"id":32255,"href":"https:\/\/www.caudete.org\/ayuntamiento\/wp-json\/wp\/v2\/posts\/32253\/revisions\/32255"}],"wp:featuredmedia":[{"embeddable":true,"href":"https:\/\/www.caudete.org\/ayuntamiento\/wp-json\/wp\/v2\/media\/32254"}],"wp:attachment":[{"href":"https:\/\/www.caudete.org\/ayuntamiento\/wp-json\/wp\/v2\/media?parent=32253"}],"wp:term":[{"taxonomy":"category","embeddable":true,"href":"https:\/\/www.caudete.org\/ayuntamiento\/wp-json\/wp\/v2\/categories?post=32253"},{"taxonomy":"post_tag","embeddable":true,"href":"https:\/\/www.caudete.org\/ayuntamiento\/wp-json\/wp\/v2\/tags?post=32253"}],"curies":[{"name":"wp","href":"https:\/\/api.w.org\/{rel}","templated":true}]}}