{"id":32256,"date":"2026-01-12T21:40:08","date_gmt":"2026-01-12T20:40:08","guid":{"rendered":"https:\/\/www.caudete.org\/ayuntamiento\/?p=32256"},"modified":"2026-01-13T08:49:43","modified_gmt":"2026-01-13T07:49:43","slug":"corresponsable-2026-pese-a-los-retrasos-y-recortes-de-la-junta-de-castilla-la-mancha","status":"publish","type":"post","link":"https:\/\/www.caudete.org\/ayuntamiento\/corresponsable-2026-pese-a-los-retrasos-y-recortes-de-la-junta-de-castilla-la-mancha\/","title":{"rendered":"Corresponsable 2026: Pese a los Retrasos y recortes de la Junta de Castilla-La Mancha"},"content":{"rendered":"<div>\n<div dir=\"auto\">Mar\u00eda Mart\u00ednez Garc\u00eda como Concejal de Servicios Sociales e Igualdad, Econom\u00eda y Hacienda, quiero explicar con claridad la situaci\u00f3n del Plan Corresponsables 2026, porque entendemos perfectamente la preocupaci\u00f3n de las familias y creemos que merecen una explicaci\u00f3n honesta y completa.<\/div>\n<div dir=\"auto\">&nbsp;<\/div>\n<div dir=\"auto\"><b><i>\u00bfPorque llega con retrasos y recortes de la Junta de Castilla-La Mancha?&nbsp;<\/i><\/b><\/div>\n<div dir=\"auto\">&nbsp;<\/div>\n<div dir=\"auto\">El Plan Corresponsables no puede iniciarse todav\u00eda porque depende de una resoluci\u00f3n anual del Gobierno de Castilla-La Mancha que, a d\u00eda de hoy, no ha sido publicada en ning\u00fan bolet\u00edn oficial, ni en el BOP ni en el BOE. Sin esa publicaci\u00f3n, los ayuntamientos no tenemos cobertura legal ni financiaci\u00f3n garantizada para poner en marcha el programa.<\/div>\n<div dir=\"auto\">&nbsp;<\/div>\n<div dir=\"auto\">\n<div dir=\"auto\">\ud83d\udfe1 <u>Situaci\u00f3n auton\u00f3mica: publicaci\u00f3n pendiente<\/u><\/div>\n<div dir=\"auto\">&nbsp;<\/div>\n<div dir=\"auto\">\u27a1\ufe0f <i><b>La Junta de Castilla-La Mancha ha anunciado que a lo largo de enero se publicar\u00e1 el decreto que regula el V Plan Corresponsables 2026, pero a d\u00eda de hoy todav\u00eda no se ha hecho efectivo en los boletines oficiales (ni BOP ni BOE). Esto significa que no existe todav\u00eda la norma reglada que habilita la financiaci\u00f3n y condiciones del programa para este a\u00f1o (incorporando requisitos, importes y criterios definitivos)<\/b><\/i><\/div>\n<div dir=\"auto\"><i><b>Gobierno de Castilla-La Mancha&nbsp;<\/b><\/i><\/div>\n<div dir=\"auto\">&nbsp;<\/div>\n<div dir=\"auto\">\ud83d\udd39 <b><i>La directora del Instituto de la Mujer ha indicado p\u00fablicamente que la normativa est\u00e1 en fase de cierre y se espera su publicaci\u00f3n este mes de enero, lo que generar\u00e1 el punto de inicio para que los ayuntamientos puedan formalizar ayudas y servicios.<\/i><\/b>&nbsp;<\/div>\n<\/div>\n<div dir=\"auto\">&nbsp;<\/div>\n<div dir=\"auto\">&#8220;Desde el M.I. Ayuntamiento de Caudete s\u00ed hemos hecho nuestro trabajo&#8221;&nbsp;<\/div>\n<div dir=\"auto\">&nbsp;<\/div>\n<div dir=\"auto\">La Concejal\u00eda de Servicios sociales e Igualdad ha sacado el proceso de licitaci\u00f3n del servicio, cuyo plazo para que las empresas se presentaran finaliz\u00f3 el 8 de enero. Pero aunque las empresas se hayan presentado, y se vaya a convocar la mesa de contrataci\u00f3n, no se puede adjudicar ni empezar el servicio sin la resoluci\u00f3n definitiva de la Junta, porque es la que fija las condiciones, los importes y autoriza la financiaci\u00f3n.<\/div>\n<div dir=\"auto\">&nbsp;<\/div>\n<div dir=\"auto\">Aun as\u00ed, este Ayuntamiento ha decidido adelantarse.&nbsp;<\/div>\n<div dir=\"auto\">Hemos llevado a la Junta de Gobierno Local la licitaci\u00f3n del Plan Corresponsables asumiendo la cofinanciaci\u00f3n municipal y trabajando sobre la resoluci\u00f3n provisional, porque consideramos que este servicio es esencial para las familias.&nbsp;<\/div>\n<div dir=\"auto\">&nbsp;<\/div>\n<div dir=\"auto\"><b><i>Este esfuerzo se realiza a pesar de los recortes y los retrasos derivados de las pol\u00edticas del Gobierno regional, que una vez m\u00e1s trasladan la carga a los ayuntamientos.<\/i><\/b><\/div>\n<div dir=\"auto\">&nbsp;<\/div>\n<div dir=\"auto\">Esta situaci\u00f3n no es exclusiva de Caudete. Otros municipios de Castilla-La Mancha, como Guadalajara, han manifestado p\u00fablicamente que no pueden garantizar el Plan Corresponsables 2026 por la falta de financiaci\u00f3n y de resoluci\u00f3n definitiva por parte de la Junta. Por tanto, estamos ante un problema auton\u00f3mico, no local.<\/div>\n<div dir=\"auto\">&nbsp;<\/div>\n<div dir=\"auto\">Quiero recordar tambi\u00e9n que el Plan Corresponsables es un servicio totalmente gratuito, pensado para ayudar a las familias en la conciliaci\u00f3n, no para sustituir sus responsabilidades, y que el Ayuntamiento est\u00e1 haciendo todo lo que est\u00e1 en su mano para que el perjuicio sea el menor posible.<\/div>\n<div dir=\"auto\">&nbsp;<\/div>\n<div dir=\"auto\">Nuestro objetivo es que el servicio se retome con normalidad durante el mes de enero, en cuanto la Junta publique la resoluci\u00f3n definitiva y podamos actuar con todas las garant\u00edas legales. Mientras tanto, seguimos trabajando, informando y asumiendo responsabilidades que no nos corresponder\u00edan si la gesti\u00f3n auton\u00f3mica fuera m\u00e1s \u00e1gil y comprometida con las pol\u00edticas sociales y de igualdad.<\/div>\n<div dir=\"auto\">&nbsp;<\/div>\n<div dir=\"auto\">Agradecemos la comprensi\u00f3n, el respeto en las comunicaciones y reiteramos que atenderemos y responderemos a todas las familias, porque entendemos su situaci\u00f3n y compartimos su preocupaci\u00f3n.<\/div>\n<\/div>\n<div dir=\"auto\">&nbsp;<\/div>\n<div dir=\"auto\">Para m\u00e1s informaci\u00f3n pueden dirigirse al Centro de la Mujer de Caudete, la t\u00e9cnica encargada les dar\u00e1 toda la informaci\u00f3n requerida, y las familias ser\u00e1n informadas en cuanto tengamos la fecha del nuevo curso 2026.<\/div>\n<div dir=\"auto\"><a href=\"https:\/\/www.caudete.org\/ayuntamiento\/wp-content\/uploads\/2026\/01\/CorresponsablesPeseAlosRecortes.jpg\" rel='prettyPhoto'><img fetchpriority=\"high\" decoding=\"async\" class=\"alignnone size-full wp-image-32257\" src=\"https:\/\/www.caudete.org\/ayuntamiento\/wp-content\/uploads\/2026\/01\/CorresponsablesPeseAlosRecortes.jpg\" alt=\"\" width=\"1000\" height=\"1333\" srcset=\"https:\/\/www.caudete.org\/ayuntamiento\/wp-content\/uploads\/2026\/01\/CorresponsablesPeseAlosRecortes.jpg 1000w, https:\/\/www.caudete.org\/ayuntamiento\/wp-content\/uploads\/2026\/01\/CorresponsablesPeseAlosRecortes-600x800.jpg 600w, https:\/\/www.caudete.org\/ayuntamiento\/wp-content\/uploads\/2026\/01\/CorresponsablesPeseAlosRecortes-675x900.jpg 675w, https:\/\/www.caudete.org\/ayuntamiento\/wp-content\/uploads\/2026\/01\/CorresponsablesPeseAlosRecortes-165x220.jpg 165w, https:\/\/www.caudete.org\/ayuntamiento\/wp-content\/uploads\/2026\/01\/CorresponsablesPeseAlosRecortes-768x1024.jpg 768w\" sizes=\"(max-width: 1000px) 100vw, 1000px\" \/><\/a><\/div>\n","protected":false},"excerpt":{"rendered":"<p>Mar\u00eda Mart\u00ednez Garc\u00eda como Concejal de Servicios Sociales e Igualdad, Econom\u00eda y Hacienda, quiero explicar con claridad la situaci\u00f3n del Plan Corresponsables 2026, porque entendemos perfectamente la preocupaci\u00f3n de las familias y creemos que merecen una explicaci\u00f3n honesta y completa. &nbsp; \u00bfPorque llega con retrasos y recortes de la Junta de Castilla-La Mancha?&nbsp; &nbsp; El &hellip;<\/p>\n","protected":false},"author":5,"featured_media":17595,"comment_status":"closed","ping_status":"open","sticky":false,"template":"","format":"standard","meta":{"ngg_post_thumbnail":0,"footnotes":""},"categories":[51],"tags":[],"class_list":["post-32256","post","type-post","status-publish","format-standard","has-post-thumbnail","hentry","category-bienestar-social"],"yoast_head":"<!-- This site is optimized with the Yoast SEO plugin v27.5 - https:\/\/yoast.com\/product\/yoast-seo-wordpress\/ -->\n<title>Corresponsable 2026: Pese a los Retrasos y recortes de la Junta de Castilla-La Mancha - MI Ayuntamiento de Caudete<\/title>\n<meta name=\"description\" content=\"P\u00e1gina Oficial del Ayuntamiento de Caudete (Albacete)\" \/>\n<meta name=\"robots\" content=\"index, follow, max-snippet:-1, max-image-preview:large, max-video-preview:-1\" \/>\n<link rel=\"canonical\" href=\"https:\/\/www.caudete.org\/ayuntamiento\/corresponsable-2026-pese-a-los-retrasos-y-recortes-de-la-junta-de-castilla-la-mancha\/\" \/>\n<meta property=\"og:locale\" content=\"es_ES\" \/>\n<meta property=\"og:type\" content=\"article\" \/>\n<meta property=\"og:title\" content=\"Corresponsable 2026: Pese a los Retrasos y recortes de la Junta de Castilla-La Mancha - MI Ayuntamiento de Caudete\" \/>\n<meta property=\"og:description\" content=\"P\u00e1gina Oficial del Ayuntamiento de Caudete (Albacete)\" \/>\n<meta property=\"og:url\" content=\"https:\/\/www.caudete.org\/ayuntamiento\/corresponsable-2026-pese-a-los-retrasos-y-recortes-de-la-junta-de-castilla-la-mancha\/\" \/>\n<meta property=\"og:site_name\" content=\"MI Ayuntamiento de Caudete\" \/>\n<meta property=\"article:publisher\" content=\"https:\/\/www.facebook.com\/ayuntamientocaudete\/\" \/>\n<meta property=\"article:published_time\" content=\"2026-01-12T20:40:08+00:00\" \/>\n<meta property=\"article:modified_time\" content=\"2026-01-13T07:49:43+00:00\" \/>\n<meta property=\"og:image\" content=\"https:\/\/www.caudete.org\/ayuntamiento\/wp-content\/uploads\/2021\/12\/CorresponsablesWEB.jpg\" \/>\n\t<meta property=\"og:image:width\" content=\"864\" \/>\n\t<meta property=\"og:image:height\" content=\"380\" \/>\n\t<meta property=\"og:image:type\" content=\"image\/jpeg\" \/>\n<meta name=\"author\" content=\"Dpto Informatica MI Ayuntamiento de Caudete\" \/>\n<meta name=\"twitter:card\" content=\"summary_large_image\" \/>\n<meta name=\"twitter:label1\" content=\"Escrito por\" \/>\n\t<meta name=\"twitter:data1\" content=\"Dpto Informatica MI Ayuntamiento de Caudete\" \/>\n\t<meta name=\"twitter:label2\" content=\"Tiempo de lectura\" \/>\n\t<meta name=\"twitter:data2\" content=\"4 minutos\" \/>\n<script type=\"application\/ld+json\" class=\"yoast-schema-graph\">{\"@context\":\"https:\\\/\\\/schema.org\",\"@graph\":[{\"@type\":\"Article\",\"@id\":\"https:\\\/\\\/www.caudete.org\\\/ayuntamiento\\\/corresponsable-2026-pese-a-los-retrasos-y-recortes-de-la-junta-de-castilla-la-mancha\\\/#article\",\"isPartOf\":{\"@id\":\"https:\\\/\\\/www.caudete.org\\\/ayuntamiento\\\/corresponsable-2026-pese-a-los-retrasos-y-recortes-de-la-junta-de-castilla-la-mancha\\\/\"},\"author\":{\"name\":\"Dpto Informatica MI Ayuntamiento de Caudete\",\"@id\":\"https:\\\/\\\/www.caudete.org\\\/ayuntamiento\\\/#\\\/schema\\\/person\\\/4b9eab41761957db9b1bf9c418d1ef46\"},\"headline\":\"Corresponsable 2026: Pese a los Retrasos y recortes de la Junta de Castilla-La Mancha\",\"datePublished\":\"2026-01-12T20:40:08+00:00\",\"dateModified\":\"2026-01-13T07:49:43+00:00\",\"mainEntityOfPage\":{\"@id\":\"https:\\\/\\\/www.caudete.org\\\/ayuntamiento\\\/corresponsable-2026-pese-a-los-retrasos-y-recortes-de-la-junta-de-castilla-la-mancha\\\/\"},\"wordCount\":681,\"image\":{\"@id\":\"https:\\\/\\\/www.caudete.org\\\/ayuntamiento\\\/corresponsable-2026-pese-a-los-retrasos-y-recortes-de-la-junta-de-castilla-la-mancha\\\/#primaryimage\"},\"thumbnailUrl\":\"https:\\\/\\\/www.caudete.org\\\/ayuntamiento\\\/wp-content\\\/uploads\\\/2021\\\/12\\\/CorresponsablesWEB.jpg\",\"articleSection\":[\"Bienestar Social\"],\"inLanguage\":\"es\"},{\"@type\":\"WebPage\",\"@id\":\"https:\\\/\\\/www.caudete.org\\\/ayuntamiento\\\/corresponsable-2026-pese-a-los-retrasos-y-recortes-de-la-junta-de-castilla-la-mancha\\\/\",\"url\":\"https:\\\/\\\/www.caudete.org\\\/ayuntamiento\\\/corresponsable-2026-pese-a-los-retrasos-y-recortes-de-la-junta-de-castilla-la-mancha\\\/\",\"name\":\"Corresponsable 2026: Pese a los Retrasos y recortes de la Junta de Castilla-La Mancha - MI Ayuntamiento de Caudete\",\"isPartOf\":{\"@id\":\"https:\\\/\\\/www.caudete.org\\\/ayuntamiento\\\/#website\"},\"primaryImageOfPage\":{\"@id\":\"https:\\\/\\\/www.caudete.org\\\/ayuntamiento\\\/corresponsable-2026-pese-a-los-retrasos-y-recortes-de-la-junta-de-castilla-la-mancha\\\/#primaryimage\"},\"image\":{\"@id\":\"https:\\\/\\\/www.caudete.org\\\/ayuntamiento\\\/corresponsable-2026-pese-a-los-retrasos-y-recortes-de-la-junta-de-castilla-la-mancha\\\/#primaryimage\"},\"thumbnailUrl\":\"https:\\\/\\\/www.caudete.org\\\/ayuntamiento\\\/wp-content\\\/uploads\\\/2021\\\/12\\\/CorresponsablesWEB.jpg\",\"datePublished\":\"2026-01-12T20:40:08+00:00\",\"dateModified\":\"2026-01-13T07:49:43+00:00\",\"author\":{\"@id\":\"https:\\\/\\\/www.caudete.org\\\/ayuntamiento\\\/#\\\/schema\\\/person\\\/4b9eab41761957db9b1bf9c418d1ef46\"},\"description\":\"P\u00e1gina Oficial del Ayuntamiento de Caudete (Albacete)\",\"breadcrumb\":{\"@id\":\"https:\\\/\\\/www.caudete.org\\\/ayuntamiento\\\/corresponsable-2026-pese-a-los-retrasos-y-recortes-de-la-junta-de-castilla-la-mancha\\\/#breadcrumb\"},\"inLanguage\":\"es\",\"potentialAction\":[{\"@type\":\"ReadAction\",\"target\":[\"https:\\\/\\\/www.caudete.org\\\/ayuntamiento\\\/corresponsable-2026-pese-a-los-retrasos-y-recortes-de-la-junta-de-castilla-la-mancha\\\/\"]}]},{\"@type\":\"ImageObject\",\"inLanguage\":\"es\",\"@id\":\"https:\\\/\\\/www.caudete.org\\\/ayuntamiento\\\/corresponsable-2026-pese-a-los-retrasos-y-recortes-de-la-junta-de-castilla-la-mancha\\\/#primaryimage\",\"url\":\"https:\\\/\\\/www.caudete.org\\\/ayuntamiento\\\/wp-content\\\/uploads\\\/2021\\\/12\\\/CorresponsablesWEB.jpg\",\"contentUrl\":\"https:\\\/\\\/www.caudete.org\\\/ayuntamiento\\\/wp-content\\\/uploads\\\/2021\\\/12\\\/CorresponsablesWEB.jpg\",\"width\":864,\"height\":380},{\"@type\":\"BreadcrumbList\",\"@id\":\"https:\\\/\\\/www.caudete.org\\\/ayuntamiento\\\/corresponsable-2026-pese-a-los-retrasos-y-recortes-de-la-junta-de-castilla-la-mancha\\\/#breadcrumb\",\"itemListElement\":[{\"@type\":\"ListItem\",\"position\":1,\"name\":\"Inicio\",\"item\":\"https:\\\/\\\/www.caudete.org\\\/ayuntamiento\\\/\"},{\"@type\":\"ListItem\",\"position\":2,\"name\":\"Corresponsable 2026: Pese a los Retrasos y recortes de la Junta de Castilla-La Mancha\"}]},{\"@type\":\"WebSite\",\"@id\":\"https:\\\/\\\/www.caudete.org\\\/ayuntamiento\\\/#website\",\"url\":\"https:\\\/\\\/www.caudete.org\\\/ayuntamiento\\\/\",\"name\":\"MI Ayuntamiento de Caudete\",\"description\":\"P\u00e1gina Oficial del MI Ayuntamiento de Caudete\",\"potentialAction\":[{\"@type\":\"SearchAction\",\"target\":{\"@type\":\"EntryPoint\",\"urlTemplate\":\"https:\\\/\\\/www.caudete.org\\\/ayuntamiento\\\/?s={search_term_string}\"},\"query-input\":{\"@type\":\"PropertyValueSpecification\",\"valueRequired\":true,\"valueName\":\"search_term_string\"}}],\"inLanguage\":\"es\"},{\"@type\":\"Person\",\"@id\":\"https:\\\/\\\/www.caudete.org\\\/ayuntamiento\\\/#\\\/schema\\\/person\\\/4b9eab41761957db9b1bf9c418d1ef46\",\"name\":\"Dpto Informatica MI Ayuntamiento de Caudete\",\"image\":{\"@type\":\"ImageObject\",\"inLanguage\":\"es\",\"@id\":\"https:\\\/\\\/secure.gravatar.com\\\/avatar\\\/ac0321ee4a0a83e82a253e7b2d348ef539e2c8fe16d06b600bde04de1b364fa7?s=96&d=mm&r=g\",\"url\":\"https:\\\/\\\/secure.gravatar.com\\\/avatar\\\/ac0321ee4a0a83e82a253e7b2d348ef539e2c8fe16d06b600bde04de1b364fa7?s=96&d=mm&r=g\",\"contentUrl\":\"https:\\\/\\\/secure.gravatar.com\\\/avatar\\\/ac0321ee4a0a83e82a253e7b2d348ef539e2c8fe16d06b600bde04de1b364fa7?s=96&d=mm&r=g\",\"caption\":\"Dpto Informatica MI Ayuntamiento de Caudete\"},\"url\":\"https:\\\/\\\/www.caudete.org\\\/ayuntamiento\\\/author\\\/informatica\\\/\"}]}<\/script>\n<!-- \/ Yoast SEO plugin. -->","yoast_head_json":{"title":"Corresponsable 2026: Pese a los Retrasos y recortes de la Junta de Castilla-La Mancha - MI Ayuntamiento de Caudete","description":"P\u00e1gina Oficial del Ayuntamiento de Caudete (Albacete)","robots":{"index":"index","follow":"follow","max-snippet":"max-snippet:-1","max-image-preview":"max-image-preview:large","max-video-preview":"max-video-preview:-1"},"canonical":"https:\/\/www.caudete.org\/ayuntamiento\/corresponsable-2026-pese-a-los-retrasos-y-recortes-de-la-junta-de-castilla-la-mancha\/","og_locale":"es_ES","og_type":"article","og_title":"Corresponsable 2026: Pese a los Retrasos y recortes de la Junta de Castilla-La Mancha - MI Ayuntamiento de Caudete","og_description":"P\u00e1gina Oficial del Ayuntamiento de Caudete (Albacete)","og_url":"https:\/\/www.caudete.org\/ayuntamiento\/corresponsable-2026-pese-a-los-retrasos-y-recortes-de-la-junta-de-castilla-la-mancha\/","og_site_name":"MI Ayuntamiento de Caudete","article_publisher":"https:\/\/www.facebook.com\/ayuntamientocaudete\/","article_published_time":"2026-01-12T20:40:08+00:00","article_modified_time":"2026-01-13T07:49:43+00:00","og_image":[{"width":864,"height":380,"url":"https:\/\/www.caudete.org\/ayuntamiento\/wp-content\/uploads\/2021\/12\/CorresponsablesWEB.jpg","type":"image\/jpeg"}],"author":"Dpto Informatica MI Ayuntamiento de Caudete","twitter_card":"summary_large_image","twitter_misc":{"Escrito por":"Dpto Informatica MI Ayuntamiento de Caudete","Tiempo de lectura":"4 minutos"},"schema":{"@context":"https:\/\/schema.org","@graph":[{"@type":"Article","@id":"https:\/\/www.caudete.org\/ayuntamiento\/corresponsable-2026-pese-a-los-retrasos-y-recortes-de-la-junta-de-castilla-la-mancha\/#article","isPartOf":{"@id":"https:\/\/www.caudete.org\/ayuntamiento\/corresponsable-2026-pese-a-los-retrasos-y-recortes-de-la-junta-de-castilla-la-mancha\/"},"author":{"name":"Dpto Informatica MI Ayuntamiento de Caudete","@id":"https:\/\/www.caudete.org\/ayuntamiento\/#\/schema\/person\/4b9eab41761957db9b1bf9c418d1ef46"},"headline":"Corresponsable 2026: Pese a los Retrasos y recortes de la Junta de Castilla-La Mancha","datePublished":"2026-01-12T20:40:08+00:00","dateModified":"2026-01-13T07:49:43+00:00","mainEntityOfPage":{"@id":"https:\/\/www.caudete.org\/ayuntamiento\/corresponsable-2026-pese-a-los-retrasos-y-recortes-de-la-junta-de-castilla-la-mancha\/"},"wordCount":681,"image":{"@id":"https:\/\/www.caudete.org\/ayuntamiento\/corresponsable-2026-pese-a-los-retrasos-y-recortes-de-la-junta-de-castilla-la-mancha\/#primaryimage"},"thumbnailUrl":"https:\/\/www.caudete.org\/ayuntamiento\/wp-content\/uploads\/2021\/12\/CorresponsablesWEB.jpg","articleSection":["Bienestar Social"],"inLanguage":"es"},{"@type":"WebPage","@id":"https:\/\/www.caudete.org\/ayuntamiento\/corresponsable-2026-pese-a-los-retrasos-y-recortes-de-la-junta-de-castilla-la-mancha\/","url":"https:\/\/www.caudete.org\/ayuntamiento\/corresponsable-2026-pese-a-los-retrasos-y-recortes-de-la-junta-de-castilla-la-mancha\/","name":"Corresponsable 2026: Pese a los Retrasos y recortes de la Junta de Castilla-La Mancha - MI Ayuntamiento de Caudete","isPartOf":{"@id":"https:\/\/www.caudete.org\/ayuntamiento\/#website"},"primaryImageOfPage":{"@id":"https:\/\/www.caudete.org\/ayuntamiento\/corresponsable-2026-pese-a-los-retrasos-y-recortes-de-la-junta-de-castilla-la-mancha\/#primaryimage"},"image":{"@id":"https:\/\/www.caudete.org\/ayuntamiento\/corresponsable-2026-pese-a-los-retrasos-y-recortes-de-la-junta-de-castilla-la-mancha\/#primaryimage"},"thumbnailUrl":"https:\/\/www.caudete.org\/ayuntamiento\/wp-content\/uploads\/2021\/12\/CorresponsablesWEB.jpg","datePublished":"2026-01-12T20:40:08+00:00","dateModified":"2026-01-13T07:49:43+00:00","author":{"@id":"https:\/\/www.caudete.org\/ayuntamiento\/#\/schema\/person\/4b9eab41761957db9b1bf9c418d1ef46"},"description":"P\u00e1gina Oficial del Ayuntamiento de Caudete (Albacete)","breadcrumb":{"@id":"https:\/\/www.caudete.org\/ayuntamiento\/corresponsable-2026-pese-a-los-retrasos-y-recortes-de-la-junta-de-castilla-la-mancha\/#breadcrumb"},"inLanguage":"es","potentialAction":[{"@type":"ReadAction","target":["https:\/\/www.caudete.org\/ayuntamiento\/corresponsable-2026-pese-a-los-retrasos-y-recortes-de-la-junta-de-castilla-la-mancha\/"]}]},{"@type":"ImageObject","inLanguage":"es","@id":"https:\/\/www.caudete.org\/ayuntamiento\/corresponsable-2026-pese-a-los-retrasos-y-recortes-de-la-junta-de-castilla-la-mancha\/#primaryimage","url":"https:\/\/www.caudete.org\/ayuntamiento\/wp-content\/uploads\/2021\/12\/CorresponsablesWEB.jpg","contentUrl":"https:\/\/www.caudete.org\/ayuntamiento\/wp-content\/uploads\/2021\/12\/CorresponsablesWEB.jpg","width":864,"height":380},{"@type":"BreadcrumbList","@id":"https:\/\/www.caudete.org\/ayuntamiento\/corresponsable-2026-pese-a-los-retrasos-y-recortes-de-la-junta-de-castilla-la-mancha\/#breadcrumb","itemListElement":[{"@type":"ListItem","position":1,"name":"Inicio","item":"https:\/\/www.caudete.org\/ayuntamiento\/"},{"@type":"ListItem","position":2,"name":"Corresponsable 2026: Pese a los Retrasos y recortes de la Junta de Castilla-La Mancha"}]},{"@type":"WebSite","@id":"https:\/\/www.caudete.org\/ayuntamiento\/#website","url":"https:\/\/www.caudete.org\/ayuntamiento\/","name":"MI Ayuntamiento de Caudete","description":"P\u00e1gina Oficial del MI Ayuntamiento de Caudete","potentialAction":[{"@type":"SearchAction","target":{"@type":"EntryPoint","urlTemplate":"https:\/\/www.caudete.org\/ayuntamiento\/?s={search_term_string}"},"query-input":{"@type":"PropertyValueSpecification","valueRequired":true,"valueName":"search_term_string"}}],"inLanguage":"es"},{"@type":"Person","@id":"https:\/\/www.caudete.org\/ayuntamiento\/#\/schema\/person\/4b9eab41761957db9b1bf9c418d1ef46","name":"Dpto Informatica MI Ayuntamiento de Caudete","image":{"@type":"ImageObject","inLanguage":"es","@id":"https:\/\/secure.gravatar.com\/avatar\/ac0321ee4a0a83e82a253e7b2d348ef539e2c8fe16d06b600bde04de1b364fa7?s=96&d=mm&r=g","url":"https:\/\/secure.gravatar.com\/avatar\/ac0321ee4a0a83e82a253e7b2d348ef539e2c8fe16d06b600bde04de1b364fa7?s=96&d=mm&r=g","contentUrl":"https:\/\/secure.gravatar.com\/avatar\/ac0321ee4a0a83e82a253e7b2d348ef539e2c8fe16d06b600bde04de1b364fa7?s=96&d=mm&r=g","caption":"Dpto Informatica MI Ayuntamiento de Caudete"},"url":"https:\/\/www.caudete.org\/ayuntamiento\/author\/informatica\/"}]}},"_links":{"self":[{"href":"https:\/\/www.caudete.org\/ayuntamiento\/wp-json\/wp\/v2\/posts\/32256","targetHints":{"allow":["GET"]}}],"collection":[{"href":"https:\/\/www.caudete.org\/ayuntamiento\/wp-json\/wp\/v2\/posts"}],"about":[{"href":"https:\/\/www.caudete.org\/ayuntamiento\/wp-json\/wp\/v2\/types\/post"}],"author":[{"embeddable":true,"href":"https:\/\/www.caudete.org\/ayuntamiento\/wp-json\/wp\/v2\/users\/5"}],"replies":[{"embeddable":true,"href":"https:\/\/www.caudete.org\/ayuntamiento\/wp-json\/wp\/v2\/comments?post=32256"}],"version-history":[{"count":2,"href":"https:\/\/www.caudete.org\/ayuntamiento\/wp-json\/wp\/v2\/posts\/32256\/revisions"}],"predecessor-version":[{"id":32259,"href":"https:\/\/www.caudete.org\/ayuntamiento\/wp-json\/wp\/v2\/posts\/32256\/revisions\/32259"}],"wp:featuredmedia":[{"embeddable":true,"href":"https:\/\/www.caudete.org\/ayuntamiento\/wp-json\/wp\/v2\/media\/17595"}],"wp:attachment":[{"href":"https:\/\/www.caudete.org\/ayuntamiento\/wp-json\/wp\/v2\/media?parent=32256"}],"wp:term":[{"taxonomy":"category","embeddable":true,"href":"https:\/\/www.caudete.org\/ayuntamiento\/wp-json\/wp\/v2\/categories?post=32256"},{"taxonomy":"post_tag","embeddable":true,"href":"https:\/\/www.caudete.org\/ayuntamiento\/wp-json\/wp\/v2\/tags?post=32256"}],"curies":[{"name":"wp","href":"https:\/\/api.w.org\/{rel}","templated":true}]}}