{"id":32290,"date":"2026-01-15T12:43:30","date_gmt":"2026-01-15T11:43:30","guid":{"rendered":"https:\/\/www.caudete.org\/ayuntamiento\/?p=32290"},"modified":"2026-01-15T12:43:30","modified_gmt":"2026-01-15T11:43:30","slug":"recibidos-nuevos-contenedores-de-residuos-solidos-urbanos-de-mayor-capacidad-en-caudete","status":"publish","type":"post","link":"https:\/\/www.caudete.org\/ayuntamiento\/recibidos-nuevos-contenedores-de-residuos-solidos-urbanos-de-mayor-capacidad-en-caudete\/","title":{"rendered":"Recibidos nuevos contenedores de residuos s\u00f3lidos urbanos de mayor capacidad en Caudete"},"content":{"rendered":"<p style=\"text-align: justify;\">El concejal de Medio Ambiente, Francisco Jos\u00e9 Castell\u00f3, informa de la recepci\u00f3n de nuevos contenedores de residuos s\u00f3lidos urbanos (RSU) de 1.100 litros de capacidad, superiores a los actualmente instalados en el municipio, que son de 800 litros. Esta ampliaci\u00f3n permitir\u00e1 mejorar el servicio en aquellas zonas donde se detecta una mayor generaci\u00f3n de residuos y evitar desbordes puntuales.<\/p>\n<p style=\"text-align: justify;\">Estos nuevos contenedores han sido cedidos por la Diputaci\u00f3n de Albacete y corresponden a un modelo espec\u00edfico que, en la actualidad, solo estar\u00e1 implantado en Caudete. Su llegada es fruto de la reuni\u00f3n mantenida entre el concejal de Medio Ambiente, Francisco Jos\u00e9 Castell\u00f3, y el diputado de Medio Ambiente de la Diputaci\u00f3n de Albacete, Jos\u00e9 Antonio G\u00f3mez, en la que se trasladaron las necesidades concretas del municipio.<\/p>\n<p style=\"text-align: justify;\">Los contenedores de 1.100 litros se instalar\u00e1n de manera progresiva en aquellos puntos donde t\u00e9cnicamente se ha determinado que es necesaria una mayor capacidad, con el objetivo de mejorar la imagen del municipio y optimizar el servicio de recogida.<\/p>\n<p style=\"text-align: justify;\">En dicha reuni\u00f3n, adem\u00e1s de la dotaci\u00f3n de contenedores de mayor capacidad, tambi\u00e9n se solicit\u00f3 un refuerzo del servicio de recogida de papel y cart\u00f3n, que pasar\u00e1 de un d\u00eda a dos d\u00edas a la semana. Este refuerzo se pondr\u00e1 en marcha coincidiendo con la entrada en funcionamiento del nuevo contrato del servicio de recogida de papel-cart\u00f3n.<\/p>\n<p style=\"text-align: justify;\">Asimismo, se abord\u00f3 la sustituci\u00f3n de contenedores que se encuentran rotos o deteriorados, que se renovar\u00e1n por otros nuevos. En concreto, se actuar\u00e1 sobre los contenedores de envases y de papel y cart\u00f3n (contenedores de aportaci\u00f3n), una actuaci\u00f3n necesaria no solo por motivos de seguridad e higiene, sino tambi\u00e9n para mejorar la est\u00e9tica y la imagen de los puntos de recogida del municipio.<\/p>\n<p style=\"text-align: justify;\">Con estas medidas, que se suman a la instalaci\u00f3n de nuevas papeleras en distintos puntos del municipio, Caudete apuesta de forma decidida por una localidad m\u00e1s limpia y cuidada.<\/p>\n<p style=\"text-align: justify;\">Desde el <strong>Muy Ilustre Ayuntamiento de Caudete<\/strong> se contin\u00faa trabajando, en colaboraci\u00f3n con otras administraciones, para mejorar los servicios p\u00fablicos y dar respuesta a las necesidades reales de los vecinos del municipio.<\/p>\n<p style=\"text-align: justify;\"><strong>Francisco Jos\u00e9 Castell\u00f3 Castell\u00f3<\/strong><br \/>\nConcejal de Medio Ambiente, Medio Rural, Servicios, Comunicaci\u00f3n y Prensa<br \/>\n2\u00ba teniente de alcalde<\/p>\n","protected":false},"excerpt":{"rendered":"<p>El concejal de Medio Ambiente, Francisco Jos\u00e9 Castell\u00f3, informa de la recepci\u00f3n de nuevos contenedores de residuos s\u00f3lidos urbanos (RSU) de 1.100 litros de capacidad, superiores a los actualmente instalados en el municipio, que son de 800 litros. Esta ampliaci\u00f3n permitir\u00e1 mejorar el servicio en aquellas zonas donde se detecta una mayor generaci\u00f3n de residuos &hellip;<\/p>\n","protected":false},"author":6,"featured_media":32291,"comment_status":"closed","ping_status":"open","sticky":false,"template":"","format":"standard","meta":{"ngg_post_thumbnail":0,"footnotes":""},"categories":[29],"tags":[],"class_list":["post-32290","post","type-post","status-publish","format-standard","has-post-thumbnail","hentry","category-medio-ambiente"],"yoast_head":"<!-- This site is optimized with the Yoast SEO plugin v27.5 - https:\/\/yoast.com\/product\/yoast-seo-wordpress\/ -->\n<title>Recibidos nuevos contenedores de residuos s\u00f3lidos urbanos de mayor capacidad en Caudete - MI Ayuntamiento de Caudete<\/title>\n<meta name=\"description\" content=\"P\u00e1gina Oficial del Ayuntamiento de Caudete (Albacete)\" \/>\n<meta name=\"robots\" content=\"index, follow, max-snippet:-1, max-image-preview:large, max-video-preview:-1\" \/>\n<link rel=\"canonical\" href=\"https:\/\/www.caudete.org\/ayuntamiento\/recibidos-nuevos-contenedores-de-residuos-solidos-urbanos-de-mayor-capacidad-en-caudete\/\" \/>\n<meta property=\"og:locale\" content=\"es_ES\" \/>\n<meta property=\"og:type\" content=\"article\" \/>\n<meta property=\"og:title\" content=\"Recibidos nuevos contenedores de residuos s\u00f3lidos urbanos de mayor capacidad en Caudete - MI Ayuntamiento de Caudete\" \/>\n<meta property=\"og:description\" content=\"P\u00e1gina Oficial del Ayuntamiento de Caudete (Albacete)\" \/>\n<meta property=\"og:url\" content=\"https:\/\/www.caudete.org\/ayuntamiento\/recibidos-nuevos-contenedores-de-residuos-solidos-urbanos-de-mayor-capacidad-en-caudete\/\" \/>\n<meta property=\"og:site_name\" content=\"MI Ayuntamiento de Caudete\" \/>\n<meta property=\"article:publisher\" content=\"https:\/\/www.facebook.com\/ayuntamientocaudete\/\" \/>\n<meta property=\"article:published_time\" content=\"2026-01-15T11:43:30+00:00\" \/>\n<meta property=\"og:image\" content=\"https:\/\/www.caudete.org\/ayuntamiento\/wp-content\/uploads\/2026\/01\/contenedor-port.jpg\" \/>\n\t<meta property=\"og:image:width\" content=\"864\" \/>\n\t<meta property=\"og:image:height\" content=\"380\" \/>\n\t<meta property=\"og:image:type\" content=\"image\/jpeg\" \/>\n<meta name=\"author\" content=\"informatica2\" \/>\n<meta name=\"twitter:card\" content=\"summary_large_image\" \/>\n<meta name=\"twitter:label1\" content=\"Escrito por\" \/>\n\t<meta name=\"twitter:data1\" content=\"informatica2\" \/>\n\t<meta name=\"twitter:label2\" content=\"Tiempo de lectura\" \/>\n\t<meta name=\"twitter:data2\" content=\"2 minutos\" \/>\n<script type=\"application\/ld+json\" class=\"yoast-schema-graph\">{\"@context\":\"https:\\\/\\\/schema.org\",\"@graph\":[{\"@type\":\"Article\",\"@id\":\"https:\\\/\\\/www.caudete.org\\\/ayuntamiento\\\/recibidos-nuevos-contenedores-de-residuos-solidos-urbanos-de-mayor-capacidad-en-caudete\\\/#article\",\"isPartOf\":{\"@id\":\"https:\\\/\\\/www.caudete.org\\\/ayuntamiento\\\/recibidos-nuevos-contenedores-de-residuos-solidos-urbanos-de-mayor-capacidad-en-caudete\\\/\"},\"author\":{\"name\":\"informatica2\",\"@id\":\"https:\\\/\\\/www.caudete.org\\\/ayuntamiento\\\/#\\\/schema\\\/person\\\/abfa5ffd5010a14e078c21e6e61b6291\"},\"headline\":\"Recibidos nuevos contenedores de residuos s\u00f3lidos urbanos de mayor capacidad en Caudete\",\"datePublished\":\"2026-01-15T11:43:30+00:00\",\"mainEntityOfPage\":{\"@id\":\"https:\\\/\\\/www.caudete.org\\\/ayuntamiento\\\/recibidos-nuevos-contenedores-de-residuos-solidos-urbanos-de-mayor-capacidad-en-caudete\\\/\"},\"wordCount\":405,\"image\":{\"@id\":\"https:\\\/\\\/www.caudete.org\\\/ayuntamiento\\\/recibidos-nuevos-contenedores-de-residuos-solidos-urbanos-de-mayor-capacidad-en-caudete\\\/#primaryimage\"},\"thumbnailUrl\":\"https:\\\/\\\/www.caudete.org\\\/ayuntamiento\\\/wp-content\\\/uploads\\\/2026\\\/01\\\/contenedor-port.jpg\",\"articleSection\":[\"Medio Ambiente\"],\"inLanguage\":\"es\"},{\"@type\":\"WebPage\",\"@id\":\"https:\\\/\\\/www.caudete.org\\\/ayuntamiento\\\/recibidos-nuevos-contenedores-de-residuos-solidos-urbanos-de-mayor-capacidad-en-caudete\\\/\",\"url\":\"https:\\\/\\\/www.caudete.org\\\/ayuntamiento\\\/recibidos-nuevos-contenedores-de-residuos-solidos-urbanos-de-mayor-capacidad-en-caudete\\\/\",\"name\":\"Recibidos nuevos contenedores de residuos s\u00f3lidos urbanos de mayor capacidad en Caudete - MI Ayuntamiento de Caudete\",\"isPartOf\":{\"@id\":\"https:\\\/\\\/www.caudete.org\\\/ayuntamiento\\\/#website\"},\"primaryImageOfPage\":{\"@id\":\"https:\\\/\\\/www.caudete.org\\\/ayuntamiento\\\/recibidos-nuevos-contenedores-de-residuos-solidos-urbanos-de-mayor-capacidad-en-caudete\\\/#primaryimage\"},\"image\":{\"@id\":\"https:\\\/\\\/www.caudete.org\\\/ayuntamiento\\\/recibidos-nuevos-contenedores-de-residuos-solidos-urbanos-de-mayor-capacidad-en-caudete\\\/#primaryimage\"},\"thumbnailUrl\":\"https:\\\/\\\/www.caudete.org\\\/ayuntamiento\\\/wp-content\\\/uploads\\\/2026\\\/01\\\/contenedor-port.jpg\",\"datePublished\":\"2026-01-15T11:43:30+00:00\",\"author\":{\"@id\":\"https:\\\/\\\/www.caudete.org\\\/ayuntamiento\\\/#\\\/schema\\\/person\\\/abfa5ffd5010a14e078c21e6e61b6291\"},\"description\":\"P\u00e1gina Oficial del Ayuntamiento de Caudete (Albacete)\",\"breadcrumb\":{\"@id\":\"https:\\\/\\\/www.caudete.org\\\/ayuntamiento\\\/recibidos-nuevos-contenedores-de-residuos-solidos-urbanos-de-mayor-capacidad-en-caudete\\\/#breadcrumb\"},\"inLanguage\":\"es\",\"potentialAction\":[{\"@type\":\"ReadAction\",\"target\":[\"https:\\\/\\\/www.caudete.org\\\/ayuntamiento\\\/recibidos-nuevos-contenedores-de-residuos-solidos-urbanos-de-mayor-capacidad-en-caudete\\\/\"]}]},{\"@type\":\"ImageObject\",\"inLanguage\":\"es\",\"@id\":\"https:\\\/\\\/www.caudete.org\\\/ayuntamiento\\\/recibidos-nuevos-contenedores-de-residuos-solidos-urbanos-de-mayor-capacidad-en-caudete\\\/#primaryimage\",\"url\":\"https:\\\/\\\/www.caudete.org\\\/ayuntamiento\\\/wp-content\\\/uploads\\\/2026\\\/01\\\/contenedor-port.jpg\",\"contentUrl\":\"https:\\\/\\\/www.caudete.org\\\/ayuntamiento\\\/wp-content\\\/uploads\\\/2026\\\/01\\\/contenedor-port.jpg\",\"width\":864,\"height\":380},{\"@type\":\"BreadcrumbList\",\"@id\":\"https:\\\/\\\/www.caudete.org\\\/ayuntamiento\\\/recibidos-nuevos-contenedores-de-residuos-solidos-urbanos-de-mayor-capacidad-en-caudete\\\/#breadcrumb\",\"itemListElement\":[{\"@type\":\"ListItem\",\"position\":1,\"name\":\"Inicio\",\"item\":\"https:\\\/\\\/www.caudete.org\\\/ayuntamiento\\\/\"},{\"@type\":\"ListItem\",\"position\":2,\"name\":\"Recibidos nuevos contenedores de residuos s\u00f3lidos urbanos de mayor capacidad en Caudete\"}]},{\"@type\":\"WebSite\",\"@id\":\"https:\\\/\\\/www.caudete.org\\\/ayuntamiento\\\/#website\",\"url\":\"https:\\\/\\\/www.caudete.org\\\/ayuntamiento\\\/\",\"name\":\"MI Ayuntamiento de Caudete\",\"description\":\"P\u00e1gina Oficial del MI Ayuntamiento de Caudete\",\"potentialAction\":[{\"@type\":\"SearchAction\",\"target\":{\"@type\":\"EntryPoint\",\"urlTemplate\":\"https:\\\/\\\/www.caudete.org\\\/ayuntamiento\\\/?s={search_term_string}\"},\"query-input\":{\"@type\":\"PropertyValueSpecification\",\"valueRequired\":true,\"valueName\":\"search_term_string\"}}],\"inLanguage\":\"es\"},{\"@type\":\"Person\",\"@id\":\"https:\\\/\\\/www.caudete.org\\\/ayuntamiento\\\/#\\\/schema\\\/person\\\/abfa5ffd5010a14e078c21e6e61b6291\",\"name\":\"informatica2\",\"image\":{\"@type\":\"ImageObject\",\"inLanguage\":\"es\",\"@id\":\"https:\\\/\\\/secure.gravatar.com\\\/avatar\\\/b089890ff033a3e4d03eec00ecb5a14425217205c513f60ec32ebeaaeb5fa700?s=96&d=mm&r=g\",\"url\":\"https:\\\/\\\/secure.gravatar.com\\\/avatar\\\/b089890ff033a3e4d03eec00ecb5a14425217205c513f60ec32ebeaaeb5fa700?s=96&d=mm&r=g\",\"contentUrl\":\"https:\\\/\\\/secure.gravatar.com\\\/avatar\\\/b089890ff033a3e4d03eec00ecb5a14425217205c513f60ec32ebeaaeb5fa700?s=96&d=mm&r=g\",\"caption\":\"informatica2\"},\"url\":\"https:\\\/\\\/www.caudete.org\\\/ayuntamiento\\\/author\\\/informatica2\\\/\"}]}<\/script>\n<!-- \/ Yoast SEO plugin. -->","yoast_head_json":{"title":"Recibidos nuevos contenedores de residuos s\u00f3lidos urbanos de mayor capacidad en Caudete - MI Ayuntamiento de Caudete","description":"P\u00e1gina Oficial del Ayuntamiento de Caudete (Albacete)","robots":{"index":"index","follow":"follow","max-snippet":"max-snippet:-1","max-image-preview":"max-image-preview:large","max-video-preview":"max-video-preview:-1"},"canonical":"https:\/\/www.caudete.org\/ayuntamiento\/recibidos-nuevos-contenedores-de-residuos-solidos-urbanos-de-mayor-capacidad-en-caudete\/","og_locale":"es_ES","og_type":"article","og_title":"Recibidos nuevos contenedores de residuos s\u00f3lidos urbanos de mayor capacidad en Caudete - MI Ayuntamiento de Caudete","og_description":"P\u00e1gina Oficial del Ayuntamiento de Caudete (Albacete)","og_url":"https:\/\/www.caudete.org\/ayuntamiento\/recibidos-nuevos-contenedores-de-residuos-solidos-urbanos-de-mayor-capacidad-en-caudete\/","og_site_name":"MI Ayuntamiento de Caudete","article_publisher":"https:\/\/www.facebook.com\/ayuntamientocaudete\/","article_published_time":"2026-01-15T11:43:30+00:00","og_image":[{"width":864,"height":380,"url":"https:\/\/www.caudete.org\/ayuntamiento\/wp-content\/uploads\/2026\/01\/contenedor-port.jpg","type":"image\/jpeg"}],"author":"informatica2","twitter_card":"summary_large_image","twitter_misc":{"Escrito por":"informatica2","Tiempo de lectura":"2 minutos"},"schema":{"@context":"https:\/\/schema.org","@graph":[{"@type":"Article","@id":"https:\/\/www.caudete.org\/ayuntamiento\/recibidos-nuevos-contenedores-de-residuos-solidos-urbanos-de-mayor-capacidad-en-caudete\/#article","isPartOf":{"@id":"https:\/\/www.caudete.org\/ayuntamiento\/recibidos-nuevos-contenedores-de-residuos-solidos-urbanos-de-mayor-capacidad-en-caudete\/"},"author":{"name":"informatica2","@id":"https:\/\/www.caudete.org\/ayuntamiento\/#\/schema\/person\/abfa5ffd5010a14e078c21e6e61b6291"},"headline":"Recibidos nuevos contenedores de residuos s\u00f3lidos urbanos de mayor capacidad en Caudete","datePublished":"2026-01-15T11:43:30+00:00","mainEntityOfPage":{"@id":"https:\/\/www.caudete.org\/ayuntamiento\/recibidos-nuevos-contenedores-de-residuos-solidos-urbanos-de-mayor-capacidad-en-caudete\/"},"wordCount":405,"image":{"@id":"https:\/\/www.caudete.org\/ayuntamiento\/recibidos-nuevos-contenedores-de-residuos-solidos-urbanos-de-mayor-capacidad-en-caudete\/#primaryimage"},"thumbnailUrl":"https:\/\/www.caudete.org\/ayuntamiento\/wp-content\/uploads\/2026\/01\/contenedor-port.jpg","articleSection":["Medio Ambiente"],"inLanguage":"es"},{"@type":"WebPage","@id":"https:\/\/www.caudete.org\/ayuntamiento\/recibidos-nuevos-contenedores-de-residuos-solidos-urbanos-de-mayor-capacidad-en-caudete\/","url":"https:\/\/www.caudete.org\/ayuntamiento\/recibidos-nuevos-contenedores-de-residuos-solidos-urbanos-de-mayor-capacidad-en-caudete\/","name":"Recibidos nuevos contenedores de residuos s\u00f3lidos urbanos de mayor capacidad en Caudete - MI Ayuntamiento de Caudete","isPartOf":{"@id":"https:\/\/www.caudete.org\/ayuntamiento\/#website"},"primaryImageOfPage":{"@id":"https:\/\/www.caudete.org\/ayuntamiento\/recibidos-nuevos-contenedores-de-residuos-solidos-urbanos-de-mayor-capacidad-en-caudete\/#primaryimage"},"image":{"@id":"https:\/\/www.caudete.org\/ayuntamiento\/recibidos-nuevos-contenedores-de-residuos-solidos-urbanos-de-mayor-capacidad-en-caudete\/#primaryimage"},"thumbnailUrl":"https:\/\/www.caudete.org\/ayuntamiento\/wp-content\/uploads\/2026\/01\/contenedor-port.jpg","datePublished":"2026-01-15T11:43:30+00:00","author":{"@id":"https:\/\/www.caudete.org\/ayuntamiento\/#\/schema\/person\/abfa5ffd5010a14e078c21e6e61b6291"},"description":"P\u00e1gina Oficial del Ayuntamiento de Caudete (Albacete)","breadcrumb":{"@id":"https:\/\/www.caudete.org\/ayuntamiento\/recibidos-nuevos-contenedores-de-residuos-solidos-urbanos-de-mayor-capacidad-en-caudete\/#breadcrumb"},"inLanguage":"es","potentialAction":[{"@type":"ReadAction","target":["https:\/\/www.caudete.org\/ayuntamiento\/recibidos-nuevos-contenedores-de-residuos-solidos-urbanos-de-mayor-capacidad-en-caudete\/"]}]},{"@type":"ImageObject","inLanguage":"es","@id":"https:\/\/www.caudete.org\/ayuntamiento\/recibidos-nuevos-contenedores-de-residuos-solidos-urbanos-de-mayor-capacidad-en-caudete\/#primaryimage","url":"https:\/\/www.caudete.org\/ayuntamiento\/wp-content\/uploads\/2026\/01\/contenedor-port.jpg","contentUrl":"https:\/\/www.caudete.org\/ayuntamiento\/wp-content\/uploads\/2026\/01\/contenedor-port.jpg","width":864,"height":380},{"@type":"BreadcrumbList","@id":"https:\/\/www.caudete.org\/ayuntamiento\/recibidos-nuevos-contenedores-de-residuos-solidos-urbanos-de-mayor-capacidad-en-caudete\/#breadcrumb","itemListElement":[{"@type":"ListItem","position":1,"name":"Inicio","item":"https:\/\/www.caudete.org\/ayuntamiento\/"},{"@type":"ListItem","position":2,"name":"Recibidos nuevos contenedores de residuos s\u00f3lidos urbanos de mayor capacidad en Caudete"}]},{"@type":"WebSite","@id":"https:\/\/www.caudete.org\/ayuntamiento\/#website","url":"https:\/\/www.caudete.org\/ayuntamiento\/","name":"MI Ayuntamiento de Caudete","description":"P\u00e1gina Oficial del MI Ayuntamiento de Caudete","potentialAction":[{"@type":"SearchAction","target":{"@type":"EntryPoint","urlTemplate":"https:\/\/www.caudete.org\/ayuntamiento\/?s={search_term_string}"},"query-input":{"@type":"PropertyValueSpecification","valueRequired":true,"valueName":"search_term_string"}}],"inLanguage":"es"},{"@type":"Person","@id":"https:\/\/www.caudete.org\/ayuntamiento\/#\/schema\/person\/abfa5ffd5010a14e078c21e6e61b6291","name":"informatica2","image":{"@type":"ImageObject","inLanguage":"es","@id":"https:\/\/secure.gravatar.com\/avatar\/b089890ff033a3e4d03eec00ecb5a14425217205c513f60ec32ebeaaeb5fa700?s=96&d=mm&r=g","url":"https:\/\/secure.gravatar.com\/avatar\/b089890ff033a3e4d03eec00ecb5a14425217205c513f60ec32ebeaaeb5fa700?s=96&d=mm&r=g","contentUrl":"https:\/\/secure.gravatar.com\/avatar\/b089890ff033a3e4d03eec00ecb5a14425217205c513f60ec32ebeaaeb5fa700?s=96&d=mm&r=g","caption":"informatica2"},"url":"https:\/\/www.caudete.org\/ayuntamiento\/author\/informatica2\/"}]}},"_links":{"self":[{"href":"https:\/\/www.caudete.org\/ayuntamiento\/wp-json\/wp\/v2\/posts\/32290","targetHints":{"allow":["GET"]}}],"collection":[{"href":"https:\/\/www.caudete.org\/ayuntamiento\/wp-json\/wp\/v2\/posts"}],"about":[{"href":"https:\/\/www.caudete.org\/ayuntamiento\/wp-json\/wp\/v2\/types\/post"}],"author":[{"embeddable":true,"href":"https:\/\/www.caudete.org\/ayuntamiento\/wp-json\/wp\/v2\/users\/6"}],"replies":[{"embeddable":true,"href":"https:\/\/www.caudete.org\/ayuntamiento\/wp-json\/wp\/v2\/comments?post=32290"}],"version-history":[{"count":1,"href":"https:\/\/www.caudete.org\/ayuntamiento\/wp-json\/wp\/v2\/posts\/32290\/revisions"}],"predecessor-version":[{"id":32292,"href":"https:\/\/www.caudete.org\/ayuntamiento\/wp-json\/wp\/v2\/posts\/32290\/revisions\/32292"}],"wp:featuredmedia":[{"embeddable":true,"href":"https:\/\/www.caudete.org\/ayuntamiento\/wp-json\/wp\/v2\/media\/32291"}],"wp:attachment":[{"href":"https:\/\/www.caudete.org\/ayuntamiento\/wp-json\/wp\/v2\/media?parent=32290"}],"wp:term":[{"taxonomy":"category","embeddable":true,"href":"https:\/\/www.caudete.org\/ayuntamiento\/wp-json\/wp\/v2\/categories?post=32290"},{"taxonomy":"post_tag","embeddable":true,"href":"https:\/\/www.caudete.org\/ayuntamiento\/wp-json\/wp\/v2\/tags?post=32290"}],"curies":[{"name":"wp","href":"https:\/\/api.w.org\/{rel}","templated":true}]}}