{"id":32293,"date":"2026-01-16T08:05:16","date_gmt":"2026-01-16T07:05:16","guid":{"rendered":"https:\/\/www.caudete.org\/ayuntamiento\/?p=32293"},"modified":"2026-01-16T08:05:16","modified_gmt":"2026-01-16T07:05:16","slug":"254-m%c2%b2-de-zonas-verdes-por-vecino-caudete-refuerza-su-pulmon-verde","status":"publish","type":"post","link":"https:\/\/www.caudete.org\/ayuntamiento\/254-m%c2%b2-de-zonas-verdes-por-vecino-caudete-refuerza-su-pulmon-verde\/","title":{"rendered":"25,4 m\u00b2 de zonas verdes por vecino: Caudete refuerza su pulm\u00f3n verde"},"content":{"rendered":"<p style=\"text-align: justify;\">Caudete contin\u00faa consolid\u00e1ndose como un aut\u00e9ntico <strong>pulm\u00f3n verde<\/strong>, reforzando sus zonas verdes y su arbolado urbano con nuevas plantaciones que mejoran la calidad de vida, la imagen del municipio y el bienestar de sus vecinos.<\/p>\n<p style=\"text-align: justify;\">Actualmente, el municipio cuenta con una <strong>superficie total de zonas verdes municipales de 254.000 metros cuadrados<\/strong>, lo que supone <strong>25,4 m\u00b2 de zonas verdes por habitante<\/strong>, una cifra que sit\u00faa a Caudete <strong>muy por encima de las recomendaciones de la Organizaci\u00f3n Mundial de la Salud (OMS)<\/strong>, que establece un m\u00ednimo de <strong>9 m\u00b2 por habitante<\/strong>.<\/p>\n<h3 class=\"western\" style=\"text-align: justify;\">\ud83d\udcca Impacto visual<\/h3>\n<ul style=\"text-align: justify;\">\n<li><strong>+16,4 m\u00b2 m\u00e1s por habitante<\/strong> de lo recomendado<\/li>\n<li><strong>182 % m\u00e1s de zonas verdes<\/strong> de lo que marca como m\u00ednimo la OMS<\/li>\n<li><strong>25,4 m\u00b2 frente a 9 m\u00b2<\/strong><\/li>\n<li>En t\u00e9rminos comparativos: Caudete alcanza el <strong>282 % del m\u00ednimo recomendado por la OMS<\/strong><\/li>\n<li>Es decir, <strong>casi el triple de lo exigido<\/strong> como est\u00e1ndar b\u00e1sico de salud urbana<\/li>\n<\/ul>\n<p style=\"text-align: justify;\">En esta l\u00ednea de trabajo, la <strong>Concejal\u00eda de Medio Ambiente del Muy Ilustre Ayuntamiento de Caudete<\/strong>, que dirige el concejal <strong>Francisco Jos\u00e9 Castell\u00f3 Castell\u00f3<\/strong>, est\u00e1 desarrollando durante el mes de enero nuevas actuaciones de reposici\u00f3n y plantaci\u00f3n de arbolado y arbustos, con el objetivo de seguir ampliando y cuidando este importante patrimonio verde del municipio.<\/p>\n<p style=\"text-align: justify;\">En total, se est\u00e1n plantando y\/o se van a plantar <strong>112 ejemplares<\/strong>, entre \u00e1rboles y arbustos.<\/p>\n<h3 class=\"western\" style=\"text-align: justify;\">\ud83c\udf3f Arbustos: especies adaptadas al entorno urbano<\/h3>\n<p style=\"text-align: justify;\">Se plantan <strong>84 arbustos<\/strong>, combinando reposiciones y nuevas plantaciones, seleccionados por su <strong>resistencia, bajo mantenimiento y valor ornamental<\/strong>:<\/p>\n<ul style=\"text-align: justify;\">\n<li><strong>Nandina domestica:<\/strong> arbusto muy decorativo, con cambios de color a lo largo del a\u00f1o y buena adaptaci\u00f3n a zonas urbanas.<\/li>\n<li><strong>Abelia floribunda:<\/strong> resistente y de floraci\u00f3n prolongada, ideal para aportar color y volumen.<\/li>\n<li><strong>Arbutus unedo (madro\u00f1o):<\/strong> especie mediterr\u00e1nea, r\u00fastica y bien adaptada al clima local.<\/li>\n<li><strong>Viburnum tinus:<\/strong> arbusto perenne, muy resistente y con floraci\u00f3n invernal.<\/li>\n<li><strong>Pittosporum tobira \u201cNana\u201d:<\/strong> compacto y de crecimiento controlado, adecuado para maceteros y espacios reducidos.<\/li>\n<li><strong>Photinia fraseri \u201cRed Robin\u201d:<\/strong> destaca por el color rojizo de sus brotes nuevos, aportando contraste visual.<\/li>\n<li><strong>Polygala myrtifolia:<\/strong> arbusto de floraci\u00f3n abundante, muy ornamental y resistente a la sequ\u00eda.<\/li>\n<\/ul>\n<h3 class=\"western\" style=\"text-align: justify;\">\ud83c\udf33 \u00c1rboles: sombra, adaptaci\u00f3n y seguridad<\/h3>\n<p style=\"text-align: justify;\">Se plantan <strong>28 \u00e1rboles<\/strong>, priorizando especies <strong>adecuadas para el entorno urbano<\/strong>:<\/p>\n<ul style=\"text-align: justify;\">\n<li><strong>Morus alba \u201cFruitless\u201d:<\/strong> aporta sombra sin generar suciedad al no producir fruto.<\/li>\n<li><strong>Celtis australis (almez):<\/strong> muy resistente, longevo y adecuado para alineaciones viarias.<\/li>\n<li><strong>Paulownia tomentosa:<\/strong> de crecimiento r\u00e1pido y gran hoja, ideal para generar sombra en espacios amplios.<\/li>\n<\/ul>\n<h3 class=\"western\" style=\"text-align: justify;\">\ud83d\udccd Zonas de actuaci\u00f3n<\/h3>\n<p style=\"text-align: justify;\">Las plantaciones se est\u00e1n realizando en distintos puntos del municipio:<\/p>\n<ul style=\"text-align: justify;\">\n<li><strong>Parque San Juan Carlos II (Pista Roja):<\/strong> 40 arbustos y 6 \u00e1rboles.<\/li>\n<li><strong>Avenida de Villena:<\/strong> 17 arbustos y 8 \u00e1rboles.<\/li>\n<li><strong>Avenida Virgen de Gracia:<\/strong> 6 arbustos y 2 \u00e1rboles.<\/li>\n<li><strong>Avenida de Miguel \u00c1ngel Blanco:<\/strong> 6 arbustos.<\/li>\n<li><strong>Urbanizaci\u00f3n de Las Jornetas:<\/strong> 9 \u00e1rboles.<\/li>\n<li><strong>Maceteros de la Plaza del Carmen:<\/strong> 3 arbustos.<\/li>\n<li><strong>Paseo Luis Golf:<\/strong> 12 arbustos.<\/li>\n<li><strong>Colegio El Paseo:<\/strong> 3 \u00e1rboles.<\/li>\n<\/ul>\n<p style=\"text-align: justify;\">Desde la Concejal\u00eda de Medio Ambiente se ha tenido especialmente en cuenta la <strong>ubicaci\u00f3n de cada especie<\/strong>, el espacio disponible y las caracter\u00edsticas de cada zona, garantizando un correcto desarrollo del arbolado y una integraci\u00f3n adecuada en el entorno urbano.<\/p>\n<p style=\"text-align: justify;\">Estas actuaciones refuerzan el compromiso municipal con un <strong>Caudete m\u00e1s verde, saludable y sostenible<\/strong>, manteniendo unos niveles de zonas verdes que superan ampliamente los est\u00e1ndares internacionales de salud urbana.<\/p>\n<p style=\"text-align: justify;\">Francisco Jos\u00e9 Castell\u00f3 Castell\u00f3<br \/>\nConcejal de Medio Ambiente, Medio Rural, Servicios, Comunicaci\u00f3n y Prensa<br \/>\n2\u00ba Teniente de Alcalde<br \/>\nMuy Ilustre Ayuntamiento de Caudete<\/p>\n","protected":false},"excerpt":{"rendered":"<p>Caudete contin\u00faa consolid\u00e1ndose como un aut\u00e9ntico pulm\u00f3n verde, reforzando sus zonas verdes y su arbolado urbano con nuevas plantaciones que mejoran la calidad de vida, la imagen del municipio y el bienestar de sus vecinos. Actualmente, el municipio cuenta con una superficie total de zonas verdes municipales de 254.000 metros cuadrados, lo que supone 25,4 &hellip;<\/p>\n","protected":false},"author":6,"featured_media":32294,"comment_status":"closed","ping_status":"open","sticky":false,"template":"","format":"standard","meta":{"ngg_post_thumbnail":0,"footnotes":""},"categories":[29],"tags":[],"class_list":["post-32293","post","type-post","status-publish","format-standard","has-post-thumbnail","hentry","category-medio-ambiente"],"yoast_head":"<!-- This site is optimized with the Yoast SEO plugin v27.5 - https:\/\/yoast.com\/product\/yoast-seo-wordpress\/ -->\n<title>25,4 m\u00b2 de zonas verdes por vecino: Caudete refuerza su pulm\u00f3n verde - MI Ayuntamiento de Caudete<\/title>\n<meta name=\"description\" content=\"P\u00e1gina Oficial del Ayuntamiento de Caudete (Albacete)\" \/>\n<meta name=\"robots\" content=\"index, follow, max-snippet:-1, max-image-preview:large, max-video-preview:-1\" \/>\n<link rel=\"canonical\" href=\"https:\/\/www.caudete.org\/ayuntamiento\/254-m\u00b2-de-zonas-verdes-por-vecino-caudete-refuerza-su-pulmon-verde\/\" \/>\n<meta property=\"og:locale\" content=\"es_ES\" \/>\n<meta property=\"og:type\" content=\"article\" \/>\n<meta property=\"og:title\" content=\"25,4 m\u00b2 de zonas verdes por vecino: Caudete refuerza su pulm\u00f3n verde - MI Ayuntamiento de Caudete\" \/>\n<meta property=\"og:description\" content=\"P\u00e1gina Oficial del Ayuntamiento de Caudete (Albacete)\" \/>\n<meta property=\"og:url\" content=\"https:\/\/www.caudete.org\/ayuntamiento\/254-m\u00b2-de-zonas-verdes-por-vecino-caudete-refuerza-su-pulmon-verde\/\" \/>\n<meta property=\"og:site_name\" content=\"MI Ayuntamiento de Caudete\" \/>\n<meta property=\"article:publisher\" content=\"https:\/\/www.facebook.com\/ayuntamientocaudete\/\" \/>\n<meta property=\"article:published_time\" content=\"2026-01-16T07:05:16+00:00\" \/>\n<meta property=\"og:image\" content=\"https:\/\/www.caudete.org\/ayuntamiento\/wp-content\/uploads\/2026\/01\/WhatsApp-Image-2026-01-15-at-17.14.22.jpg\" \/>\n\t<meta property=\"og:image:width\" content=\"1000\" \/>\n\t<meta property=\"og:image:height\" content=\"666\" \/>\n\t<meta property=\"og:image:type\" content=\"image\/jpeg\" \/>\n<meta name=\"author\" content=\"informatica2\" \/>\n<meta name=\"twitter:card\" content=\"summary_large_image\" \/>\n<meta name=\"twitter:label1\" content=\"Escrito por\" \/>\n\t<meta name=\"twitter:data1\" content=\"informatica2\" \/>\n\t<meta name=\"twitter:label2\" content=\"Tiempo de lectura\" \/>\n\t<meta name=\"twitter:data2\" content=\"3 minutos\" \/>\n<script type=\"application\/ld+json\" class=\"yoast-schema-graph\">{\"@context\":\"https:\\\/\\\/schema.org\",\"@graph\":[{\"@type\":\"Article\",\"@id\":\"https:\\\/\\\/www.caudete.org\\\/ayuntamiento\\\/254-m%c2%b2-de-zonas-verdes-por-vecino-caudete-refuerza-su-pulmon-verde\\\/#article\",\"isPartOf\":{\"@id\":\"https:\\\/\\\/www.caudete.org\\\/ayuntamiento\\\/254-m%c2%b2-de-zonas-verdes-por-vecino-caudete-refuerza-su-pulmon-verde\\\/\"},\"author\":{\"name\":\"informatica2\",\"@id\":\"https:\\\/\\\/www.caudete.org\\\/ayuntamiento\\\/#\\\/schema\\\/person\\\/abfa5ffd5010a14e078c21e6e61b6291\"},\"headline\":\"25,4 m\u00b2 de zonas verdes por vecino: Caudete refuerza su pulm\u00f3n verde\",\"datePublished\":\"2026-01-16T07:05:16+00:00\",\"mainEntityOfPage\":{\"@id\":\"https:\\\/\\\/www.caudete.org\\\/ayuntamiento\\\/254-m%c2%b2-de-zonas-verdes-por-vecino-caudete-refuerza-su-pulmon-verde\\\/\"},\"wordCount\":588,\"image\":{\"@id\":\"https:\\\/\\\/www.caudete.org\\\/ayuntamiento\\\/254-m%c2%b2-de-zonas-verdes-por-vecino-caudete-refuerza-su-pulmon-verde\\\/#primaryimage\"},\"thumbnailUrl\":\"https:\\\/\\\/www.caudete.org\\\/ayuntamiento\\\/wp-content\\\/uploads\\\/2026\\\/01\\\/WhatsApp-Image-2026-01-15-at-17.14.22.jpg\",\"articleSection\":[\"Medio Ambiente\"],\"inLanguage\":\"es\"},{\"@type\":\"WebPage\",\"@id\":\"https:\\\/\\\/www.caudete.org\\\/ayuntamiento\\\/254-m%c2%b2-de-zonas-verdes-por-vecino-caudete-refuerza-su-pulmon-verde\\\/\",\"url\":\"https:\\\/\\\/www.caudete.org\\\/ayuntamiento\\\/254-m%c2%b2-de-zonas-verdes-por-vecino-caudete-refuerza-su-pulmon-verde\\\/\",\"name\":\"25,4 m\u00b2 de zonas verdes por vecino: Caudete refuerza su pulm\u00f3n verde - MI Ayuntamiento de Caudete\",\"isPartOf\":{\"@id\":\"https:\\\/\\\/www.caudete.org\\\/ayuntamiento\\\/#website\"},\"primaryImageOfPage\":{\"@id\":\"https:\\\/\\\/www.caudete.org\\\/ayuntamiento\\\/254-m%c2%b2-de-zonas-verdes-por-vecino-caudete-refuerza-su-pulmon-verde\\\/#primaryimage\"},\"image\":{\"@id\":\"https:\\\/\\\/www.caudete.org\\\/ayuntamiento\\\/254-m%c2%b2-de-zonas-verdes-por-vecino-caudete-refuerza-su-pulmon-verde\\\/#primaryimage\"},\"thumbnailUrl\":\"https:\\\/\\\/www.caudete.org\\\/ayuntamiento\\\/wp-content\\\/uploads\\\/2026\\\/01\\\/WhatsApp-Image-2026-01-15-at-17.14.22.jpg\",\"datePublished\":\"2026-01-16T07:05:16+00:00\",\"author\":{\"@id\":\"https:\\\/\\\/www.caudete.org\\\/ayuntamiento\\\/#\\\/schema\\\/person\\\/abfa5ffd5010a14e078c21e6e61b6291\"},\"description\":\"P\u00e1gina Oficial del Ayuntamiento de Caudete (Albacete)\",\"breadcrumb\":{\"@id\":\"https:\\\/\\\/www.caudete.org\\\/ayuntamiento\\\/254-m%c2%b2-de-zonas-verdes-por-vecino-caudete-refuerza-su-pulmon-verde\\\/#breadcrumb\"},\"inLanguage\":\"es\",\"potentialAction\":[{\"@type\":\"ReadAction\",\"target\":[\"https:\\\/\\\/www.caudete.org\\\/ayuntamiento\\\/254-m%c2%b2-de-zonas-verdes-por-vecino-caudete-refuerza-su-pulmon-verde\\\/\"]}]},{\"@type\":\"ImageObject\",\"inLanguage\":\"es\",\"@id\":\"https:\\\/\\\/www.caudete.org\\\/ayuntamiento\\\/254-m%c2%b2-de-zonas-verdes-por-vecino-caudete-refuerza-su-pulmon-verde\\\/#primaryimage\",\"url\":\"https:\\\/\\\/www.caudete.org\\\/ayuntamiento\\\/wp-content\\\/uploads\\\/2026\\\/01\\\/WhatsApp-Image-2026-01-15-at-17.14.22.jpg\",\"contentUrl\":\"https:\\\/\\\/www.caudete.org\\\/ayuntamiento\\\/wp-content\\\/uploads\\\/2026\\\/01\\\/WhatsApp-Image-2026-01-15-at-17.14.22.jpg\",\"width\":1000,\"height\":666},{\"@type\":\"BreadcrumbList\",\"@id\":\"https:\\\/\\\/www.caudete.org\\\/ayuntamiento\\\/254-m%c2%b2-de-zonas-verdes-por-vecino-caudete-refuerza-su-pulmon-verde\\\/#breadcrumb\",\"itemListElement\":[{\"@type\":\"ListItem\",\"position\":1,\"name\":\"Inicio\",\"item\":\"https:\\\/\\\/www.caudete.org\\\/ayuntamiento\\\/\"},{\"@type\":\"ListItem\",\"position\":2,\"name\":\"25,4 m\u00b2 de zonas verdes por vecino: Caudete refuerza su pulm\u00f3n verde\"}]},{\"@type\":\"WebSite\",\"@id\":\"https:\\\/\\\/www.caudete.org\\\/ayuntamiento\\\/#website\",\"url\":\"https:\\\/\\\/www.caudete.org\\\/ayuntamiento\\\/\",\"name\":\"MI Ayuntamiento de Caudete\",\"description\":\"P\u00e1gina Oficial del MI Ayuntamiento de Caudete\",\"potentialAction\":[{\"@type\":\"SearchAction\",\"target\":{\"@type\":\"EntryPoint\",\"urlTemplate\":\"https:\\\/\\\/www.caudete.org\\\/ayuntamiento\\\/?s={search_term_string}\"},\"query-input\":{\"@type\":\"PropertyValueSpecification\",\"valueRequired\":true,\"valueName\":\"search_term_string\"}}],\"inLanguage\":\"es\"},{\"@type\":\"Person\",\"@id\":\"https:\\\/\\\/www.caudete.org\\\/ayuntamiento\\\/#\\\/schema\\\/person\\\/abfa5ffd5010a14e078c21e6e61b6291\",\"name\":\"informatica2\",\"image\":{\"@type\":\"ImageObject\",\"inLanguage\":\"es\",\"@id\":\"https:\\\/\\\/secure.gravatar.com\\\/avatar\\\/b089890ff033a3e4d03eec00ecb5a14425217205c513f60ec32ebeaaeb5fa700?s=96&d=mm&r=g\",\"url\":\"https:\\\/\\\/secure.gravatar.com\\\/avatar\\\/b089890ff033a3e4d03eec00ecb5a14425217205c513f60ec32ebeaaeb5fa700?s=96&d=mm&r=g\",\"contentUrl\":\"https:\\\/\\\/secure.gravatar.com\\\/avatar\\\/b089890ff033a3e4d03eec00ecb5a14425217205c513f60ec32ebeaaeb5fa700?s=96&d=mm&r=g\",\"caption\":\"informatica2\"},\"url\":\"https:\\\/\\\/www.caudete.org\\\/ayuntamiento\\\/author\\\/informatica2\\\/\"}]}<\/script>\n<!-- \/ Yoast SEO plugin. -->","yoast_head_json":{"title":"25,4 m\u00b2 de zonas verdes por vecino: Caudete refuerza su pulm\u00f3n verde - MI Ayuntamiento de Caudete","description":"P\u00e1gina Oficial del Ayuntamiento de Caudete (Albacete)","robots":{"index":"index","follow":"follow","max-snippet":"max-snippet:-1","max-image-preview":"max-image-preview:large","max-video-preview":"max-video-preview:-1"},"canonical":"https:\/\/www.caudete.org\/ayuntamiento\/254-m\u00b2-de-zonas-verdes-por-vecino-caudete-refuerza-su-pulmon-verde\/","og_locale":"es_ES","og_type":"article","og_title":"25,4 m\u00b2 de zonas verdes por vecino: Caudete refuerza su pulm\u00f3n verde - MI Ayuntamiento de Caudete","og_description":"P\u00e1gina Oficial del Ayuntamiento de Caudete (Albacete)","og_url":"https:\/\/www.caudete.org\/ayuntamiento\/254-m\u00b2-de-zonas-verdes-por-vecino-caudete-refuerza-su-pulmon-verde\/","og_site_name":"MI Ayuntamiento de Caudete","article_publisher":"https:\/\/www.facebook.com\/ayuntamientocaudete\/","article_published_time":"2026-01-16T07:05:16+00:00","og_image":[{"width":1000,"height":666,"url":"https:\/\/www.caudete.org\/ayuntamiento\/wp-content\/uploads\/2026\/01\/WhatsApp-Image-2026-01-15-at-17.14.22.jpg","type":"image\/jpeg"}],"author":"informatica2","twitter_card":"summary_large_image","twitter_misc":{"Escrito por":"informatica2","Tiempo de lectura":"3 minutos"},"schema":{"@context":"https:\/\/schema.org","@graph":[{"@type":"Article","@id":"https:\/\/www.caudete.org\/ayuntamiento\/254-m%c2%b2-de-zonas-verdes-por-vecino-caudete-refuerza-su-pulmon-verde\/#article","isPartOf":{"@id":"https:\/\/www.caudete.org\/ayuntamiento\/254-m%c2%b2-de-zonas-verdes-por-vecino-caudete-refuerza-su-pulmon-verde\/"},"author":{"name":"informatica2","@id":"https:\/\/www.caudete.org\/ayuntamiento\/#\/schema\/person\/abfa5ffd5010a14e078c21e6e61b6291"},"headline":"25,4 m\u00b2 de zonas verdes por vecino: Caudete refuerza su pulm\u00f3n verde","datePublished":"2026-01-16T07:05:16+00:00","mainEntityOfPage":{"@id":"https:\/\/www.caudete.org\/ayuntamiento\/254-m%c2%b2-de-zonas-verdes-por-vecino-caudete-refuerza-su-pulmon-verde\/"},"wordCount":588,"image":{"@id":"https:\/\/www.caudete.org\/ayuntamiento\/254-m%c2%b2-de-zonas-verdes-por-vecino-caudete-refuerza-su-pulmon-verde\/#primaryimage"},"thumbnailUrl":"https:\/\/www.caudete.org\/ayuntamiento\/wp-content\/uploads\/2026\/01\/WhatsApp-Image-2026-01-15-at-17.14.22.jpg","articleSection":["Medio Ambiente"],"inLanguage":"es"},{"@type":"WebPage","@id":"https:\/\/www.caudete.org\/ayuntamiento\/254-m%c2%b2-de-zonas-verdes-por-vecino-caudete-refuerza-su-pulmon-verde\/","url":"https:\/\/www.caudete.org\/ayuntamiento\/254-m%c2%b2-de-zonas-verdes-por-vecino-caudete-refuerza-su-pulmon-verde\/","name":"25,4 m\u00b2 de zonas verdes por vecino: Caudete refuerza su pulm\u00f3n verde - MI Ayuntamiento de Caudete","isPartOf":{"@id":"https:\/\/www.caudete.org\/ayuntamiento\/#website"},"primaryImageOfPage":{"@id":"https:\/\/www.caudete.org\/ayuntamiento\/254-m%c2%b2-de-zonas-verdes-por-vecino-caudete-refuerza-su-pulmon-verde\/#primaryimage"},"image":{"@id":"https:\/\/www.caudete.org\/ayuntamiento\/254-m%c2%b2-de-zonas-verdes-por-vecino-caudete-refuerza-su-pulmon-verde\/#primaryimage"},"thumbnailUrl":"https:\/\/www.caudete.org\/ayuntamiento\/wp-content\/uploads\/2026\/01\/WhatsApp-Image-2026-01-15-at-17.14.22.jpg","datePublished":"2026-01-16T07:05:16+00:00","author":{"@id":"https:\/\/www.caudete.org\/ayuntamiento\/#\/schema\/person\/abfa5ffd5010a14e078c21e6e61b6291"},"description":"P\u00e1gina Oficial del Ayuntamiento de Caudete (Albacete)","breadcrumb":{"@id":"https:\/\/www.caudete.org\/ayuntamiento\/254-m%c2%b2-de-zonas-verdes-por-vecino-caudete-refuerza-su-pulmon-verde\/#breadcrumb"},"inLanguage":"es","potentialAction":[{"@type":"ReadAction","target":["https:\/\/www.caudete.org\/ayuntamiento\/254-m%c2%b2-de-zonas-verdes-por-vecino-caudete-refuerza-su-pulmon-verde\/"]}]},{"@type":"ImageObject","inLanguage":"es","@id":"https:\/\/www.caudete.org\/ayuntamiento\/254-m%c2%b2-de-zonas-verdes-por-vecino-caudete-refuerza-su-pulmon-verde\/#primaryimage","url":"https:\/\/www.caudete.org\/ayuntamiento\/wp-content\/uploads\/2026\/01\/WhatsApp-Image-2026-01-15-at-17.14.22.jpg","contentUrl":"https:\/\/www.caudete.org\/ayuntamiento\/wp-content\/uploads\/2026\/01\/WhatsApp-Image-2026-01-15-at-17.14.22.jpg","width":1000,"height":666},{"@type":"BreadcrumbList","@id":"https:\/\/www.caudete.org\/ayuntamiento\/254-m%c2%b2-de-zonas-verdes-por-vecino-caudete-refuerza-su-pulmon-verde\/#breadcrumb","itemListElement":[{"@type":"ListItem","position":1,"name":"Inicio","item":"https:\/\/www.caudete.org\/ayuntamiento\/"},{"@type":"ListItem","position":2,"name":"25,4 m\u00b2 de zonas verdes por vecino: Caudete refuerza su pulm\u00f3n verde"}]},{"@type":"WebSite","@id":"https:\/\/www.caudete.org\/ayuntamiento\/#website","url":"https:\/\/www.caudete.org\/ayuntamiento\/","name":"MI Ayuntamiento de Caudete","description":"P\u00e1gina Oficial del MI Ayuntamiento de Caudete","potentialAction":[{"@type":"SearchAction","target":{"@type":"EntryPoint","urlTemplate":"https:\/\/www.caudete.org\/ayuntamiento\/?s={search_term_string}"},"query-input":{"@type":"PropertyValueSpecification","valueRequired":true,"valueName":"search_term_string"}}],"inLanguage":"es"},{"@type":"Person","@id":"https:\/\/www.caudete.org\/ayuntamiento\/#\/schema\/person\/abfa5ffd5010a14e078c21e6e61b6291","name":"informatica2","image":{"@type":"ImageObject","inLanguage":"es","@id":"https:\/\/secure.gravatar.com\/avatar\/b089890ff033a3e4d03eec00ecb5a14425217205c513f60ec32ebeaaeb5fa700?s=96&d=mm&r=g","url":"https:\/\/secure.gravatar.com\/avatar\/b089890ff033a3e4d03eec00ecb5a14425217205c513f60ec32ebeaaeb5fa700?s=96&d=mm&r=g","contentUrl":"https:\/\/secure.gravatar.com\/avatar\/b089890ff033a3e4d03eec00ecb5a14425217205c513f60ec32ebeaaeb5fa700?s=96&d=mm&r=g","caption":"informatica2"},"url":"https:\/\/www.caudete.org\/ayuntamiento\/author\/informatica2\/"}]}},"_links":{"self":[{"href":"https:\/\/www.caudete.org\/ayuntamiento\/wp-json\/wp\/v2\/posts\/32293","targetHints":{"allow":["GET"]}}],"collection":[{"href":"https:\/\/www.caudete.org\/ayuntamiento\/wp-json\/wp\/v2\/posts"}],"about":[{"href":"https:\/\/www.caudete.org\/ayuntamiento\/wp-json\/wp\/v2\/types\/post"}],"author":[{"embeddable":true,"href":"https:\/\/www.caudete.org\/ayuntamiento\/wp-json\/wp\/v2\/users\/6"}],"replies":[{"embeddable":true,"href":"https:\/\/www.caudete.org\/ayuntamiento\/wp-json\/wp\/v2\/comments?post=32293"}],"version-history":[{"count":1,"href":"https:\/\/www.caudete.org\/ayuntamiento\/wp-json\/wp\/v2\/posts\/32293\/revisions"}],"predecessor-version":[{"id":32295,"href":"https:\/\/www.caudete.org\/ayuntamiento\/wp-json\/wp\/v2\/posts\/32293\/revisions\/32295"}],"wp:featuredmedia":[{"embeddable":true,"href":"https:\/\/www.caudete.org\/ayuntamiento\/wp-json\/wp\/v2\/media\/32294"}],"wp:attachment":[{"href":"https:\/\/www.caudete.org\/ayuntamiento\/wp-json\/wp\/v2\/media?parent=32293"}],"wp:term":[{"taxonomy":"category","embeddable":true,"href":"https:\/\/www.caudete.org\/ayuntamiento\/wp-json\/wp\/v2\/categories?post=32293"},{"taxonomy":"post_tag","embeddable":true,"href":"https:\/\/www.caudete.org\/ayuntamiento\/wp-json\/wp\/v2\/tags?post=32293"}],"curies":[{"name":"wp","href":"https:\/\/api.w.org\/{rel}","templated":true}]}}