{"id":32302,"date":"2026-01-16T11:54:49","date_gmt":"2026-01-16T10:54:49","guid":{"rendered":"https:\/\/www.caudete.org\/ayuntamiento\/?p=32302"},"modified":"2026-01-16T13:34:20","modified_gmt":"2026-01-16T12:34:20","slug":"el-ayuntamiento-de-caudete-traslada-a-sanidad-la-preocupacion-vecinal-por-la-continuidad-medica","status":"publish","type":"post","link":"https:\/\/www.caudete.org\/ayuntamiento\/el-ayuntamiento-de-caudete-traslada-a-sanidad-la-preocupacion-vecinal-por-la-continuidad-medica\/","title":{"rendered":"El Ayuntamiento de Caudete traslada a Sanidad la preocupaci\u00f3n vecinal por la continuidad m\u00e9dica"},"content":{"rendered":"<p class=\"western\" style=\"text-align: justify;\"><span style=\"font-family: Georgia, serif;\"><span style=\"font-size: medium;\"><span lang=\"es-ES\">La Concejal\u00eda de Sanidad informa a la ciudadan\u00eda sobre las gestiones realizadas por la situaci\u00f3n sanitaria en Caudete durante el a\u00f1o 2024-2025.<\/span><\/span><\/span><\/p>\n<p class=\"first-paragraph\" style=\"text-align: justify;\"><span style=\"font-family: Georgia, serif;\"><span style=\"font-size: medium;\"><span lang=\"es-ES\">Mar\u00eda Mart\u00ednez Garc\u00eda Desde la Concejal\u00eda de Sanidad del M.I. Ayuntamiento de Caudete informa y trasladar a los vecinos y vecinas, con total transparencia, las actuaciones que se han llevado a cabo en el \u00faltimo a\u00f1o ante las preocupaciones existentes sobre el funcionamiento del Centro de Salud de Caudete y la atenci\u00f3n sanitaria del \u00c1rea de Almansa.<\/span><\/span><\/span><\/p>\n<h3 class=\"western\" style=\"text-align: justify;\"><span style=\"font-size: 14pt;\"><strong><span style=\"font-family: Georgia, serif;\"><span lang=\"es-ES\">Escuchar a la ciudadan\u00eda y actuar<\/span><\/span><\/strong><\/span><\/h3>\n<p class=\"first-paragraph\" style=\"text-align: justify;\"><span style=\"font-family: Georgia, serif;\"><span style=\"font-size: medium;\"><span lang=\"es-ES\">Durante 2024 y 2025, esta Concejal\u00eda ha recibido numerosas quejas y consultas de la poblaci\u00f3n relacionadas con:<\/span><\/span><\/span><\/p>\n<ul style=\"text-align: justify;\">\n<li>\n<p class=\"compact\"><span style=\"font-family: Georgia, serif;\"><span style=\"font-size: medium;\"><span lang=\"es-ES\">Dificultades para obtener cita m\u00e9dica.<\/span><\/span><\/span><\/p>\n<\/li>\n<li>\n<p class=\"compact\"><span style=\"font-family: Georgia, serif;\"><span style=\"font-size: medium;\"><span lang=\"es-ES\">Demoras en la atenci\u00f3n, tanto en consultas como en urgencias.<\/span><\/span><\/span><\/p>\n<\/li>\n<li>\n<p class=\"compact\"><span style=\"font-family: Georgia, serif;\"><span style=\"font-size: medium;\"><span lang=\"es-ES\">Falta de cobertura en determinadas especialidades.<\/span><\/span><\/span><\/p>\n<\/li>\n<li>\n<p class=\"compact\"><span style=\"font-family: Georgia, serif;\"><span style=\"font-size: medium;\"><span lang=\"es-ES\">Retrasos significativos en servicios hospitalarios del \u00c1rea de Salud.<\/span><\/span><\/span><\/p>\n<\/li>\n<\/ul>\n<p class=\"first-paragraph\" style=\"text-align: justify;\"><span style=\"font-family: Georgia, serif;\"><span style=\"font-size: medium;\"><span lang=\"es-ES\">Ante esta situaci\u00f3n, y entendiendo que la sanidad es una competencia auton\u00f3mica pero que el Ayuntamiento debe actuar como interlocutor y defensor de los intereses de Caudete, se han dado pasos formales y documentados para solicitar informaci\u00f3n y trasladar la preocupaci\u00f3n ciudadana a los organismos competentes.<\/span><\/span><\/span><\/p>\n<h3 class=\"western\" style=\"text-align: justify;\"><span style=\"font-family: Georgia, serif; font-size: 14pt;\"><span lang=\"es-ES\">Primera solicitud formal (abril de 2025)<\/span><\/span><\/h3>\n<p class=\"first-paragraph\" style=\"text-align: justify;\"><span style=\"font-family: Georgia, serif;\"><span style=\"font-size: medium;\"><span lang=\"es-ES\">El 23 de abril de 2025, desde el Ayuntamiento de Caudete se remiti\u00f3 una solicitud oficial a la Gerencia de Atenci\u00f3n Integrada de Almansa \u2013 Hospital de Almansa, en la que se solicitaba:<\/span><\/span><\/span><\/p>\n<ul style=\"text-align: justify;\">\n<li>\n<p class=\"compact\"><span style=\"font-family: Georgia, serif;\"><span style=\"font-size: medium;\"><span lang=\"es-ES\">Informaci\u00f3n actualizada sobre el personal sanitario disponible en el Centro de Salud de Caudete.<\/span><\/span><\/span><\/p>\n<\/li>\n<li>\n<p class=\"compact\"><span style=\"font-family: Georgia, serif;\"><span style=\"font-size: medium;\"><span lang=\"es-ES\">Datos sobre listas de espera y tiempos medios de atenci\u00f3n.<\/span><\/span><\/span><\/p>\n<\/li>\n<li>\n<p class=\"compact\"><span style=\"font-family: Georgia, serif;\"><span style=\"font-size: medium;\"><span lang=\"es-ES\">Medidas previstas para mejorar la situaci\u00f3n, incluyendo refuerzos de personal y mejoras en el servicio de urgencias.<\/span><\/span><\/span><\/p>\n<\/li>\n<\/ul>\n<p class=\"first-paragraph\" style=\"text-align: justify;\"><span style=\"font-family: Georgia, serif;\"><span style=\"font-size: medium;\"><span lang=\"es-ES\">El objetivo de esta primera actuaci\u00f3n fue conocer la situaci\u00f3n real y poder ofrecer una informaci\u00f3n veraz y contrastada a la ciudadan\u00eda.<\/span><\/span><\/span><\/p>\n<h3 class=\"western\" style=\"text-align: justify;\"><span style=\"font-family: Georgia, serif; font-size: 14pt;\"><span lang=\"es-ES\">Seguimiento y nueva instancia (diciembre de 2025)<\/span><\/span><\/h3>\n<p class=\"first-paragraph\" style=\"text-align: justify;\"><span style=\"font-family: Georgia, serif;\"><span style=\"font-size: medium;\"><span lang=\"es-ES\">Dado que las inquietudes vecinales han continuado y que la Concejal\u00eda mantiene una labor constante de colaboraci\u00f3n con el Centro de Salud en campa\u00f1as de vacunaci\u00f3n, acciones educativas y programas de salud comunitaria, el 12 de diciembre de 2025 se present\u00f3 una nueva instancia oficial.<\/span><\/span><\/span><\/p>\n<p style=\"text-align: justify;\"><span style=\"font-family: Georgia, serif;\"><span style=\"font-size: medium;\"><span lang=\"es-ES\">En esta segunda solicitud se pidi\u00f3, entre otras cuestiones:<\/span><\/span><\/span><\/p>\n<ul style=\"text-align: justify;\">\n<li>\n<p class=\"compact\"><span style=\"font-family: Georgia, serif;\"><span style=\"font-size: medium;\"><span lang=\"es-ES\">Informaci\u00f3n detallada sobre vacantes actuales de personal m\u00e9dico, enfermer\u00eda y sus previsiones de cobertura.<\/span><\/span><\/span><\/p>\n<\/li>\n<li>\n<p class=\"compact\"><span style=\"font-family: Georgia, serif;\"><span style=\"font-size: medium;\"><span lang=\"es-ES\">Datos sobre los servicios hospitalarios del \u00c1rea con mayores demoras y las previsiones de mejora.<\/span><\/span><\/span><\/p>\n<\/li>\n<li>\n<p class=\"compact\"><span style=\"font-family: Georgia, serif;\"><span style=\"font-size: medium;\"><span lang=\"es-ES\">La posibilidad de recibir esta informaci\u00f3n por escrito y, en su caso, mantener una reuni\u00f3n presencial.<\/span><\/span><\/span><\/p>\n<\/li>\n<li>\n<p class=\"compact\"><span style=\"font-family: Georgia, serif;\"><span style=\"font-size: medium;\"><span lang=\"es-ES\">Disponer de una programaci\u00f3n anual de acciones comunitarias en salud para poder planificar y difundir adecuadamente estas actividades en Caudete.<\/span><\/span><\/span><\/p>\n<\/li>\n<\/ul>\n<h3 class=\"western\" style=\"text-align: justify;\"><span style=\"font-family: Georgia, serif; font-size: 14pt;\"><span lang=\"es-ES\">Respuesta de la Gerencia y datos trasladados por el SESCAM<\/span><\/span><\/h3>\n<p class=\"first-paragraph\" style=\"text-align: justify;\"><span style=\"font-family: Georgia, serif;\"><span style=\"font-size: medium;\"><span lang=\"es-ES\">Desde la Gerencia de Atenci\u00f3n Integrada se ha remitido a esta Concejal\u00eda informaci\u00f3n cuantitativa sobre la actividad realizada en el Centro de Salud de Caudete durante los cuatro primeros meses del a\u00f1o 2025.<\/span><\/span><\/span><\/p>\n<p style=\"text-align: justify;\"><span style=\"font-family: Georgia, serif;\"><span style=\"font-size: medium;\"><span lang=\"es-ES\">Seg\u00fan los datos oficiales recibidos, en ese periodo se llevaron a cabo:<\/span><\/span><\/span><\/p>\n<ul style=\"text-align: justify;\">\n<li>\n<p class=\"compact\"><span style=\"font-family: Georgia, serif;\"><span style=\"font-size: medium;\"><b>13.714 consultas de Enfermer\u00eda<\/b><\/span><\/span><\/p>\n<\/li>\n<li>\n<p class=\"compact\"><span style=\"font-family: Georgia, serif;\"><span style=\"font-size: medium;\"><b>2.131 consultas de Pediatr\u00eda<\/b><\/span><\/span><\/p>\n<\/li>\n<li>\n<p class=\"compact\"><span style=\"font-family: Georgia, serif;\"><span style=\"font-size: medium;\"><span lang=\"es-ES\"><b>11.077 atenciones de urgencias de Atenci\u00f3n Primaria<\/b><\/span><\/span><\/span><\/p>\n<\/li>\n<li>\n<p class=\"compact\"><span style=\"font-family: Georgia, serif;\"><span style=\"font-size: medium;\"><b>1.460 consultas de Odontolog\u00eda<\/b><\/span><\/span><\/p>\n<\/li>\n<li>\n<p class=\"compact\"><span style=\"font-family: Georgia, serif;\"><span style=\"font-size: medium;\"><b>1.985 sesiones de Fisioterapia<\/b><\/span><\/span><\/p>\n<\/li>\n<li>\n<p class=\"compact\"><span style=\"font-family: Georgia, serif;\"><span style=\"font-size: medium;\"><b>1.835 consultas de Matrona<\/b><\/span><\/span><\/p>\n<\/li>\n<li>\n<p class=\"compact\"><span style=\"font-family: Georgia, serif;\"><span style=\"font-size: medium;\"><b>224 atenciones de Trabajo Social<\/b><\/span><\/span><\/p>\n<\/li>\n<\/ul>\n<p class=\"first-paragraph\" style=\"text-align: justify;\"><span style=\"font-family: Georgia, serif;\"><span style=\"font-size: medium;\"><span lang=\"es-ES\">En total, <\/span><span lang=\"es-ES\"><b>49.256 actuaciones sanitarias<\/b><\/span><span lang=\"es-ES\"> en el Centro de Salud de Caudete en apenas cuatro meses, lo que equivale, seg\u00fan la Gerencia, a que cada habitante del municipio haya sido atendido aproximadamente <\/span><span lang=\"es-ES\"><b>cinco veces<\/b><\/span><span lang=\"es-ES\"> en lo que va de a\u00f1o.<\/span><\/span><\/span><\/p>\n<h3 class=\"western\" style=\"text-align: justify;\"><span style=\"font-family: Georgia, serif; font-size: 14pt;\"><span lang=\"es-ES\">La otra realidad: la percepci\u00f3n de la ciudadan\u00eda<\/span><\/span><\/h3>\n<p class=\"first-paragraph\" style=\"text-align: justify;\"><span style=\"font-family: Georgia, serif;\"><span style=\"font-size: medium;\"><span lang=\"es-ES\">Estos datos reflejan una elevada actividad asistencial. Sin embargo, desde esta Concejal\u00eda consideramos imprescindible trasladar tambi\u00e9n la realidad que viven muchos vecinos y vecinas de Caudete y que ha dado lugar a una <\/span><span lang=\"es-ES\"><b>recogida de firmas ciudadana<\/b><\/span><span lang=\"es-ES\">.<\/span><\/span><\/span><\/p>\n<p style=\"text-align: justify;\"><span style=\"font-family: Georgia, serif;\"><span style=\"font-size: medium;\"><span lang=\"es-ES\">En dicho escrito, dirigido a la administraci\u00f3n sanitaria competente, se expone la preocupaci\u00f3n por:<\/span><\/span><\/span><\/p>\n<ul style=\"text-align: justify;\">\n<li>\n<p class=\"compact\"><span style=\"font-family: Georgia, serif;\"><span style=\"font-size: medium;\"><span lang=\"es-ES\">La <\/span><span lang=\"es-ES\"><b>falta de m\u00e9dicos de Atenci\u00f3n Primaria<\/b><\/span><span lang=\"es-ES\"> en el Centro de Salud.<\/span><\/span><\/span><\/p>\n<\/li>\n<li>\n<p class=\"compact\"><span style=\"font-family: Georgia, serif;\"><span style=\"font-size: medium;\"><span lang=\"es-ES\">La existencia de pacientes <\/span><span lang=\"es-ES\"><b>sin m\u00e9dico asignado<\/b><\/span><span lang=\"es-ES\">, siendo atendidos de forma aleatoria.<\/span><\/span><\/span><\/p>\n<\/li>\n<li>\n<p class=\"compact\"><span style=\"font-family: Georgia, serif;\"><span style=\"font-size: medium;\"><span lang=\"es-ES\">La <\/span><span lang=\"es-ES\"><b>ausencia de continuidad asistencial<\/b><\/span><span lang=\"es-ES\">, que dificulta el seguimiento adecuado de las enfermedades.<\/span><\/span><\/span><\/p>\n<\/li>\n<li>\n<p class=\"compact\"><span style=\"font-family: Georgia, serif;\"><span style=\"font-size: medium;\"><span lang=\"es-ES\">El impacto especialmente grave en <\/span><span lang=\"es-ES\"><b>pacientes cr\u00f3nicos<\/b><\/span><span lang=\"es-ES\">, que requieren un control m\u00e9dico estable.<\/span><\/span><\/span><\/p>\n<\/li>\n<\/ul>\n<p class=\"first-paragraph\" style=\"text-align: justify;\"><span style=\"font-family: Georgia, serif;\"><span style=\"font-size: medium;\"><span lang=\"es-ES\">Los vecinos solicitan la <\/span><span lang=\"es-ES\"><b>cobertura urgente de las plazas m\u00e9dicas necesarias<\/b><\/span><span lang=\"es-ES\"> para garantizar una atenci\u00f3n sanitaria digna, eficaz y con continuidad, respaldando esta petici\u00f3n mediante firmas.<\/span><\/span><\/span><\/p>\n<p style=\"text-align: justify;\"><strong><span style=\"font-family: Georgia, serif; font-size: 14pt;\"><span lang=\"es-ES\">Preguntas que deben abordarse<\/span><\/span><\/strong><\/p>\n<p class=\"first-paragraph\" style=\"text-align: justify;\"><span style=\"font-family: Georgia, serif;\"><span style=\"font-size: medium;\"><span lang=\"es-ES\">Desde la Concejal\u00eda de Sanidad entendemos que ambos planos \u2014los datos de actividad y la percepci\u00f3n ciudadana\u2014 deben analizarse conjuntamente. <\/span>Por ello, consideramos necesario plantear algunas cuestiones clave:<\/span><\/span><\/p>\n<ul style=\"text-align: justify;\">\n<li>\n<p class=\"compact\"><span style=\"font-family: Georgia, serif;\"><span style=\"font-size: medium;\"><span lang=\"es-ES\">Si el volumen de actuaciones es tan elevado, <\/span><span lang=\"es-ES\"><b>\u00bfexiste suficiente estabilidad en las plantillas m\u00e9dicas para garantizar la continuidad asistencial?<\/b><\/span><\/span><\/span><\/p>\n<\/li>\n<li>\n<p class=\"compact\"><span style=\"font-family: Georgia, serif;\"><span style=\"font-size: medium;\"><span lang=\"es-ES\"><b>\u00bfCu\u00e1ntos pacientes carecen actualmente de m\u00e9dico asignado?<\/b><\/span><\/span><\/span><\/p>\n<\/li>\n<li>\n<p class=\"compact\"><span style=\"font-family: Georgia, serif;\"><span style=\"font-size: medium;\"><span lang=\"es-ES\"><b>\u00bfC\u00f3mo se est\u00e1 garantizando el seguimiento de pacientes cr\u00f3nicos en un contexto de rotaci\u00f3n de profesionales?<\/b><\/span><\/span><\/span><\/p>\n<\/li>\n<li>\n<p class=\"compact\"><span style=\"font-family: Georgia, serif;\"><span style=\"font-size: medium;\"><span lang=\"es-ES\"><b>\u00bfQu\u00e9 medidas concretas est\u00e1n previstas para reforzar la Atenci\u00f3n Primaria en Caudete a corto y medio plazo?<\/b><\/span><\/span><\/span><\/p>\n<\/li>\n<\/ul>\n<p class=\"first-paragraph\" style=\"text-align: justify;\"><span style=\"font-family: Georgia, serif;\"><span style=\"font-size: medium;\"><span lang=\"es-ES\">Estas preguntas no buscan confrontaci\u00f3n, sino respuestas claras que permitan tranquilizar a la poblaci\u00f3n y mejorar la calidad asistencial.<\/span><\/span><\/span><\/p>\n<p class=\"first-paragraph\" style=\"text-align: justify;\"><strong><span style=\"font-family: Georgia, serif; font-size: 14pt;\"><span lang=\"es-ES\">Compromiso con la transparencia y el seguimiento<\/span><\/span><\/strong><\/p>\n<p class=\"first-paragraph\" style=\"text-align: justify;\"><span style=\"font-family: Georgia, serif;\"><span style=\"font-size: medium;\"><span lang=\"es-ES\">Aunque la gesti\u00f3n sanitaria no es competencia municipal, el Ayuntamiento de Caudete tiene la obligaci\u00f3n de escuchar a su ciudadan\u00eda, trasladar sus inquietudes y exigir explicaciones a las administraciones competentes.<\/span><\/span><\/span><\/p>\n<p style=\"text-align: justify;\"><span style=\"font-family: Georgia, serif;\"><span style=\"font-size: medium;\"><span lang=\"es-ES\">La Concejal\u00eda de Sanidad continuar\u00e1 realizando un seguimiento activo de la situaci\u00f3n, manteniendo el di\u00e1logo institucional con la Gerencia y defendiendo que los datos de actividad se traduzcan tambi\u00e9n en <\/span><span lang=\"es-ES\"><b>continuidad, calidad y seguridad asistencial<\/b><\/span><span lang=\"es-ES\"> para los ciudadanos de Caudete.<\/span><\/span><\/span><\/p>\n<p style=\"text-align: justify;\"><span style=\"font-family: Georgia, serif;\"><span style=\"font-size: medium;\"><span lang=\"es-ES\">Seguiremos informando de cualquier novedad relevante.<\/span><\/span><\/span><\/p>\n<p style=\"text-align: justify;\"><strong><span style=\"font-family: Georgia, serif; font-size: 14pt;\"><span lang=\"es-ES\">Pr\u00f3xima reuni\u00f3n con la Delegaci\u00f3n de Sanidad<\/span><\/span><\/strong><\/p>\n<p class=\"first-paragraph\" style=\"text-align: justify;\"><span style=\"font-family: Georgia, serif;\"><span style=\"font-size: medium;\"><span lang=\"es-ES\">Estas son las preguntas y preocupaciones que se trasladar\u00e1n de forma directa en la <\/span><span lang=\"es-ES\"><b>reuni\u00f3n prevista para el pr\u00f3ximo 26 de enero<\/b><\/span><span lang=\"es-ES\"> con la <\/span><span lang=\"es-ES\"><b>Delegada de Sanidad en Albacete<\/b><\/span><span lang=\"es-ES\">, a la que asistir\u00e1n el <\/span><span lang=\"es-ES\"><b>alcalde de Caudete, Jos\u00e9 Miguel Moll\u00e1<\/b><\/span><span lang=\"es-ES\">, y la <\/span><span lang=\"es-ES\"><b>concejala responsable del \u00e1rea de Sanidad, Mar\u00eda Mart\u00ednez Garc\u00eda<\/b><\/span><span lang=\"es-ES\">.<\/span><\/span><\/span><\/p>\n<p style=\"text-align: justify;\"><span style=\"font-family: Georgia, serif;\"><span style=\"font-size: medium;\"><span lang=\"es-ES\">El objetivo de este encuentro es obtener respuestas claras, conocer las medidas previstas y defender la necesidad de reforzar la Atenci\u00f3n Primaria en Caudete, especialmente en lo relativo a la estabilidad de las plantillas m\u00e9dicas y la continuidad asistencial.<\/span><\/span><\/span><\/p>\n<p style=\"text-align: justify;\"><span style=\"font-family: Georgia, serif;\"><span style=\"font-size: medium;\"><span lang=\"es-ES\">Tal y como se ha hecho hasta ahora, <\/span><span lang=\"es-ES\"><b>toda la informaci\u00f3n relevante ser\u00e1 trasladada a la ciudadan\u00eda con transparencia<\/b><\/span><span lang=\"es-ES\">, manteniendo informados a los Caudetanos de sobre los avances y conclusiones que se deriven de dicha reuni\u00f3n.<\/span><\/span><\/span><\/p>\n<p style=\"text-align: justify;\"><span style=\"font-family: Georgia, serif;\"><span style=\"font-size: medium;\"><span lang=\"es-ES\">Mar\u00eda Mart\u00ednez Garc\u00eda <\/span><\/span><\/span><\/p>\n<p style=\"text-align: justify;\"><span style=\"font-family: Georgia, serif;\"><span style=\"font-size: medium;\"><span lang=\"es-ES\">Concejal de Sanidad del M.I. Ayuntamiento de Caudete.<\/span><\/span><\/span><\/p>\n","protected":false},"excerpt":{"rendered":"<p>La Concejal\u00eda de Sanidad informa a la ciudadan\u00eda sobre las gestiones realizadas por la situaci\u00f3n sanitaria en Caudete durante el a\u00f1o 2024-2025. Mar\u00eda Mart\u00ednez Garc\u00eda Desde la Concejal\u00eda de Sanidad del M.I. Ayuntamiento de Caudete informa y trasladar a los vecinos y vecinas, con total transparencia, las actuaciones que se han llevado a cabo en &hellip;<\/p>\n","protected":false},"author":6,"featured_media":25422,"comment_status":"closed","ping_status":"open","sticky":false,"template":"","format":"standard","meta":{"ngg_post_thumbnail":0,"footnotes":""},"categories":[16],"tags":[],"class_list":["post-32302","post","type-post","status-publish","format-standard","has-post-thumbnail","hentry","category-sanidad"],"yoast_head":"<!-- This site is optimized with the Yoast SEO plugin v27.5 - https:\/\/yoast.com\/product\/yoast-seo-wordpress\/ -->\n<title>El Ayuntamiento de Caudete traslada a Sanidad la preocupaci\u00f3n vecinal por la continuidad m\u00e9dica - MI Ayuntamiento de Caudete<\/title>\n<meta name=\"description\" content=\"P\u00e1gina Oficial del Ayuntamiento de Caudete (Albacete)\" \/>\n<meta name=\"robots\" content=\"index, follow, max-snippet:-1, max-image-preview:large, max-video-preview:-1\" \/>\n<link rel=\"canonical\" href=\"https:\/\/www.caudete.org\/ayuntamiento\/el-ayuntamiento-de-caudete-traslada-a-sanidad-la-preocupacion-vecinal-por-la-continuidad-medica\/\" \/>\n<meta property=\"og:locale\" content=\"es_ES\" \/>\n<meta property=\"og:type\" content=\"article\" \/>\n<meta property=\"og:title\" content=\"El Ayuntamiento de Caudete traslada a Sanidad la preocupaci\u00f3n vecinal por la continuidad m\u00e9dica - MI Ayuntamiento de Caudete\" \/>\n<meta property=\"og:description\" content=\"P\u00e1gina Oficial del Ayuntamiento de Caudete (Albacete)\" \/>\n<meta property=\"og:url\" content=\"https:\/\/www.caudete.org\/ayuntamiento\/el-ayuntamiento-de-caudete-traslada-a-sanidad-la-preocupacion-vecinal-por-la-continuidad-medica\/\" \/>\n<meta property=\"og:site_name\" content=\"MI Ayuntamiento de Caudete\" \/>\n<meta property=\"article:publisher\" content=\"https:\/\/www.facebook.com\/ayuntamientocaudete\/\" \/>\n<meta property=\"article:published_time\" content=\"2026-01-16T10:54:49+00:00\" \/>\n<meta property=\"article:modified_time\" content=\"2026-01-16T12:34:20+00:00\" \/>\n<meta property=\"og:image\" content=\"https:\/\/www.caudete.org\/ayuntamiento\/wp-content\/uploads\/2024\/06\/CENTRO-SALUD-CAUDETE1.jpg\" \/>\n\t<meta property=\"og:image:width\" content=\"1200\" \/>\n\t<meta property=\"og:image:height\" content=\"641\" \/>\n\t<meta property=\"og:image:type\" content=\"image\/jpeg\" \/>\n<meta name=\"author\" content=\"informatica2\" \/>\n<meta name=\"twitter:card\" content=\"summary_large_image\" \/>\n<meta name=\"twitter:label1\" content=\"Escrito por\" \/>\n\t<meta name=\"twitter:data1\" content=\"informatica2\" \/>\n\t<meta name=\"twitter:label2\" content=\"Tiempo de lectura\" \/>\n\t<meta name=\"twitter:data2\" content=\"5 minutos\" \/>\n<script type=\"application\/ld+json\" class=\"yoast-schema-graph\">{\"@context\":\"https:\\\/\\\/schema.org\",\"@graph\":[{\"@type\":\"Article\",\"@id\":\"https:\\\/\\\/www.caudete.org\\\/ayuntamiento\\\/el-ayuntamiento-de-caudete-traslada-a-sanidad-la-preocupacion-vecinal-por-la-continuidad-medica\\\/#article\",\"isPartOf\":{\"@id\":\"https:\\\/\\\/www.caudete.org\\\/ayuntamiento\\\/el-ayuntamiento-de-caudete-traslada-a-sanidad-la-preocupacion-vecinal-por-la-continuidad-medica\\\/\"},\"author\":{\"name\":\"informatica2\",\"@id\":\"https:\\\/\\\/www.caudete.org\\\/ayuntamiento\\\/#\\\/schema\\\/person\\\/abfa5ffd5010a14e078c21e6e61b6291\"},\"headline\":\"El Ayuntamiento de Caudete traslada a Sanidad la preocupaci\u00f3n vecinal por la continuidad m\u00e9dica\",\"datePublished\":\"2026-01-16T10:54:49+00:00\",\"dateModified\":\"2026-01-16T12:34:20+00:00\",\"mainEntityOfPage\":{\"@id\":\"https:\\\/\\\/www.caudete.org\\\/ayuntamiento\\\/el-ayuntamiento-de-caudete-traslada-a-sanidad-la-preocupacion-vecinal-por-la-continuidad-medica\\\/\"},\"wordCount\":1104,\"image\":{\"@id\":\"https:\\\/\\\/www.caudete.org\\\/ayuntamiento\\\/el-ayuntamiento-de-caudete-traslada-a-sanidad-la-preocupacion-vecinal-por-la-continuidad-medica\\\/#primaryimage\"},\"thumbnailUrl\":\"https:\\\/\\\/www.caudete.org\\\/ayuntamiento\\\/wp-content\\\/uploads\\\/2024\\\/06\\\/CENTRO-SALUD-CAUDETE1.jpg\",\"articleSection\":[\"Sanidad\"],\"inLanguage\":\"es\"},{\"@type\":\"WebPage\",\"@id\":\"https:\\\/\\\/www.caudete.org\\\/ayuntamiento\\\/el-ayuntamiento-de-caudete-traslada-a-sanidad-la-preocupacion-vecinal-por-la-continuidad-medica\\\/\",\"url\":\"https:\\\/\\\/www.caudete.org\\\/ayuntamiento\\\/el-ayuntamiento-de-caudete-traslada-a-sanidad-la-preocupacion-vecinal-por-la-continuidad-medica\\\/\",\"name\":\"El Ayuntamiento de Caudete traslada a Sanidad la preocupaci\u00f3n vecinal por la continuidad m\u00e9dica - MI Ayuntamiento de Caudete\",\"isPartOf\":{\"@id\":\"https:\\\/\\\/www.caudete.org\\\/ayuntamiento\\\/#website\"},\"primaryImageOfPage\":{\"@id\":\"https:\\\/\\\/www.caudete.org\\\/ayuntamiento\\\/el-ayuntamiento-de-caudete-traslada-a-sanidad-la-preocupacion-vecinal-por-la-continuidad-medica\\\/#primaryimage\"},\"image\":{\"@id\":\"https:\\\/\\\/www.caudete.org\\\/ayuntamiento\\\/el-ayuntamiento-de-caudete-traslada-a-sanidad-la-preocupacion-vecinal-por-la-continuidad-medica\\\/#primaryimage\"},\"thumbnailUrl\":\"https:\\\/\\\/www.caudete.org\\\/ayuntamiento\\\/wp-content\\\/uploads\\\/2024\\\/06\\\/CENTRO-SALUD-CAUDETE1.jpg\",\"datePublished\":\"2026-01-16T10:54:49+00:00\",\"dateModified\":\"2026-01-16T12:34:20+00:00\",\"author\":{\"@id\":\"https:\\\/\\\/www.caudete.org\\\/ayuntamiento\\\/#\\\/schema\\\/person\\\/abfa5ffd5010a14e078c21e6e61b6291\"},\"description\":\"P\u00e1gina Oficial del Ayuntamiento de Caudete (Albacete)\",\"breadcrumb\":{\"@id\":\"https:\\\/\\\/www.caudete.org\\\/ayuntamiento\\\/el-ayuntamiento-de-caudete-traslada-a-sanidad-la-preocupacion-vecinal-por-la-continuidad-medica\\\/#breadcrumb\"},\"inLanguage\":\"es\",\"potentialAction\":[{\"@type\":\"ReadAction\",\"target\":[\"https:\\\/\\\/www.caudete.org\\\/ayuntamiento\\\/el-ayuntamiento-de-caudete-traslada-a-sanidad-la-preocupacion-vecinal-por-la-continuidad-medica\\\/\"]}]},{\"@type\":\"ImageObject\",\"inLanguage\":\"es\",\"@id\":\"https:\\\/\\\/www.caudete.org\\\/ayuntamiento\\\/el-ayuntamiento-de-caudete-traslada-a-sanidad-la-preocupacion-vecinal-por-la-continuidad-medica\\\/#primaryimage\",\"url\":\"https:\\\/\\\/www.caudete.org\\\/ayuntamiento\\\/wp-content\\\/uploads\\\/2024\\\/06\\\/CENTRO-SALUD-CAUDETE1.jpg\",\"contentUrl\":\"https:\\\/\\\/www.caudete.org\\\/ayuntamiento\\\/wp-content\\\/uploads\\\/2024\\\/06\\\/CENTRO-SALUD-CAUDETE1.jpg\",\"width\":1200,\"height\":641},{\"@type\":\"BreadcrumbList\",\"@id\":\"https:\\\/\\\/www.caudete.org\\\/ayuntamiento\\\/el-ayuntamiento-de-caudete-traslada-a-sanidad-la-preocupacion-vecinal-por-la-continuidad-medica\\\/#breadcrumb\",\"itemListElement\":[{\"@type\":\"ListItem\",\"position\":1,\"name\":\"Inicio\",\"item\":\"https:\\\/\\\/www.caudete.org\\\/ayuntamiento\\\/\"},{\"@type\":\"ListItem\",\"position\":2,\"name\":\"El Ayuntamiento de Caudete traslada a Sanidad la preocupaci\u00f3n vecinal por la continuidad m\u00e9dica\"}]},{\"@type\":\"WebSite\",\"@id\":\"https:\\\/\\\/www.caudete.org\\\/ayuntamiento\\\/#website\",\"url\":\"https:\\\/\\\/www.caudete.org\\\/ayuntamiento\\\/\",\"name\":\"MI Ayuntamiento de Caudete\",\"description\":\"P\u00e1gina Oficial del MI Ayuntamiento de Caudete\",\"potentialAction\":[{\"@type\":\"SearchAction\",\"target\":{\"@type\":\"EntryPoint\",\"urlTemplate\":\"https:\\\/\\\/www.caudete.org\\\/ayuntamiento\\\/?s={search_term_string}\"},\"query-input\":{\"@type\":\"PropertyValueSpecification\",\"valueRequired\":true,\"valueName\":\"search_term_string\"}}],\"inLanguage\":\"es\"},{\"@type\":\"Person\",\"@id\":\"https:\\\/\\\/www.caudete.org\\\/ayuntamiento\\\/#\\\/schema\\\/person\\\/abfa5ffd5010a14e078c21e6e61b6291\",\"name\":\"informatica2\",\"image\":{\"@type\":\"ImageObject\",\"inLanguage\":\"es\",\"@id\":\"https:\\\/\\\/secure.gravatar.com\\\/avatar\\\/b089890ff033a3e4d03eec00ecb5a14425217205c513f60ec32ebeaaeb5fa700?s=96&d=mm&r=g\",\"url\":\"https:\\\/\\\/secure.gravatar.com\\\/avatar\\\/b089890ff033a3e4d03eec00ecb5a14425217205c513f60ec32ebeaaeb5fa700?s=96&d=mm&r=g\",\"contentUrl\":\"https:\\\/\\\/secure.gravatar.com\\\/avatar\\\/b089890ff033a3e4d03eec00ecb5a14425217205c513f60ec32ebeaaeb5fa700?s=96&d=mm&r=g\",\"caption\":\"informatica2\"},\"url\":\"https:\\\/\\\/www.caudete.org\\\/ayuntamiento\\\/author\\\/informatica2\\\/\"}]}<\/script>\n<!-- \/ Yoast SEO plugin. -->","yoast_head_json":{"title":"El Ayuntamiento de Caudete traslada a Sanidad la preocupaci\u00f3n vecinal por la continuidad m\u00e9dica - MI Ayuntamiento de Caudete","description":"P\u00e1gina Oficial del Ayuntamiento de Caudete (Albacete)","robots":{"index":"index","follow":"follow","max-snippet":"max-snippet:-1","max-image-preview":"max-image-preview:large","max-video-preview":"max-video-preview:-1"},"canonical":"https:\/\/www.caudete.org\/ayuntamiento\/el-ayuntamiento-de-caudete-traslada-a-sanidad-la-preocupacion-vecinal-por-la-continuidad-medica\/","og_locale":"es_ES","og_type":"article","og_title":"El Ayuntamiento de Caudete traslada a Sanidad la preocupaci\u00f3n vecinal por la continuidad m\u00e9dica - MI Ayuntamiento de Caudete","og_description":"P\u00e1gina Oficial del Ayuntamiento de Caudete (Albacete)","og_url":"https:\/\/www.caudete.org\/ayuntamiento\/el-ayuntamiento-de-caudete-traslada-a-sanidad-la-preocupacion-vecinal-por-la-continuidad-medica\/","og_site_name":"MI Ayuntamiento de Caudete","article_publisher":"https:\/\/www.facebook.com\/ayuntamientocaudete\/","article_published_time":"2026-01-16T10:54:49+00:00","article_modified_time":"2026-01-16T12:34:20+00:00","og_image":[{"width":1200,"height":641,"url":"https:\/\/www.caudete.org\/ayuntamiento\/wp-content\/uploads\/2024\/06\/CENTRO-SALUD-CAUDETE1.jpg","type":"image\/jpeg"}],"author":"informatica2","twitter_card":"summary_large_image","twitter_misc":{"Escrito por":"informatica2","Tiempo de lectura":"5 minutos"},"schema":{"@context":"https:\/\/schema.org","@graph":[{"@type":"Article","@id":"https:\/\/www.caudete.org\/ayuntamiento\/el-ayuntamiento-de-caudete-traslada-a-sanidad-la-preocupacion-vecinal-por-la-continuidad-medica\/#article","isPartOf":{"@id":"https:\/\/www.caudete.org\/ayuntamiento\/el-ayuntamiento-de-caudete-traslada-a-sanidad-la-preocupacion-vecinal-por-la-continuidad-medica\/"},"author":{"name":"informatica2","@id":"https:\/\/www.caudete.org\/ayuntamiento\/#\/schema\/person\/abfa5ffd5010a14e078c21e6e61b6291"},"headline":"El Ayuntamiento de Caudete traslada a Sanidad la preocupaci\u00f3n vecinal por la continuidad m\u00e9dica","datePublished":"2026-01-16T10:54:49+00:00","dateModified":"2026-01-16T12:34:20+00:00","mainEntityOfPage":{"@id":"https:\/\/www.caudete.org\/ayuntamiento\/el-ayuntamiento-de-caudete-traslada-a-sanidad-la-preocupacion-vecinal-por-la-continuidad-medica\/"},"wordCount":1104,"image":{"@id":"https:\/\/www.caudete.org\/ayuntamiento\/el-ayuntamiento-de-caudete-traslada-a-sanidad-la-preocupacion-vecinal-por-la-continuidad-medica\/#primaryimage"},"thumbnailUrl":"https:\/\/www.caudete.org\/ayuntamiento\/wp-content\/uploads\/2024\/06\/CENTRO-SALUD-CAUDETE1.jpg","articleSection":["Sanidad"],"inLanguage":"es"},{"@type":"WebPage","@id":"https:\/\/www.caudete.org\/ayuntamiento\/el-ayuntamiento-de-caudete-traslada-a-sanidad-la-preocupacion-vecinal-por-la-continuidad-medica\/","url":"https:\/\/www.caudete.org\/ayuntamiento\/el-ayuntamiento-de-caudete-traslada-a-sanidad-la-preocupacion-vecinal-por-la-continuidad-medica\/","name":"El Ayuntamiento de Caudete traslada a Sanidad la preocupaci\u00f3n vecinal por la continuidad m\u00e9dica - MI Ayuntamiento de Caudete","isPartOf":{"@id":"https:\/\/www.caudete.org\/ayuntamiento\/#website"},"primaryImageOfPage":{"@id":"https:\/\/www.caudete.org\/ayuntamiento\/el-ayuntamiento-de-caudete-traslada-a-sanidad-la-preocupacion-vecinal-por-la-continuidad-medica\/#primaryimage"},"image":{"@id":"https:\/\/www.caudete.org\/ayuntamiento\/el-ayuntamiento-de-caudete-traslada-a-sanidad-la-preocupacion-vecinal-por-la-continuidad-medica\/#primaryimage"},"thumbnailUrl":"https:\/\/www.caudete.org\/ayuntamiento\/wp-content\/uploads\/2024\/06\/CENTRO-SALUD-CAUDETE1.jpg","datePublished":"2026-01-16T10:54:49+00:00","dateModified":"2026-01-16T12:34:20+00:00","author":{"@id":"https:\/\/www.caudete.org\/ayuntamiento\/#\/schema\/person\/abfa5ffd5010a14e078c21e6e61b6291"},"description":"P\u00e1gina Oficial del Ayuntamiento de Caudete (Albacete)","breadcrumb":{"@id":"https:\/\/www.caudete.org\/ayuntamiento\/el-ayuntamiento-de-caudete-traslada-a-sanidad-la-preocupacion-vecinal-por-la-continuidad-medica\/#breadcrumb"},"inLanguage":"es","potentialAction":[{"@type":"ReadAction","target":["https:\/\/www.caudete.org\/ayuntamiento\/el-ayuntamiento-de-caudete-traslada-a-sanidad-la-preocupacion-vecinal-por-la-continuidad-medica\/"]}]},{"@type":"ImageObject","inLanguage":"es","@id":"https:\/\/www.caudete.org\/ayuntamiento\/el-ayuntamiento-de-caudete-traslada-a-sanidad-la-preocupacion-vecinal-por-la-continuidad-medica\/#primaryimage","url":"https:\/\/www.caudete.org\/ayuntamiento\/wp-content\/uploads\/2024\/06\/CENTRO-SALUD-CAUDETE1.jpg","contentUrl":"https:\/\/www.caudete.org\/ayuntamiento\/wp-content\/uploads\/2024\/06\/CENTRO-SALUD-CAUDETE1.jpg","width":1200,"height":641},{"@type":"BreadcrumbList","@id":"https:\/\/www.caudete.org\/ayuntamiento\/el-ayuntamiento-de-caudete-traslada-a-sanidad-la-preocupacion-vecinal-por-la-continuidad-medica\/#breadcrumb","itemListElement":[{"@type":"ListItem","position":1,"name":"Inicio","item":"https:\/\/www.caudete.org\/ayuntamiento\/"},{"@type":"ListItem","position":2,"name":"El Ayuntamiento de Caudete traslada a Sanidad la preocupaci\u00f3n vecinal por la continuidad m\u00e9dica"}]},{"@type":"WebSite","@id":"https:\/\/www.caudete.org\/ayuntamiento\/#website","url":"https:\/\/www.caudete.org\/ayuntamiento\/","name":"MI Ayuntamiento de Caudete","description":"P\u00e1gina Oficial del MI Ayuntamiento de Caudete","potentialAction":[{"@type":"SearchAction","target":{"@type":"EntryPoint","urlTemplate":"https:\/\/www.caudete.org\/ayuntamiento\/?s={search_term_string}"},"query-input":{"@type":"PropertyValueSpecification","valueRequired":true,"valueName":"search_term_string"}}],"inLanguage":"es"},{"@type":"Person","@id":"https:\/\/www.caudete.org\/ayuntamiento\/#\/schema\/person\/abfa5ffd5010a14e078c21e6e61b6291","name":"informatica2","image":{"@type":"ImageObject","inLanguage":"es","@id":"https:\/\/secure.gravatar.com\/avatar\/b089890ff033a3e4d03eec00ecb5a14425217205c513f60ec32ebeaaeb5fa700?s=96&d=mm&r=g","url":"https:\/\/secure.gravatar.com\/avatar\/b089890ff033a3e4d03eec00ecb5a14425217205c513f60ec32ebeaaeb5fa700?s=96&d=mm&r=g","contentUrl":"https:\/\/secure.gravatar.com\/avatar\/b089890ff033a3e4d03eec00ecb5a14425217205c513f60ec32ebeaaeb5fa700?s=96&d=mm&r=g","caption":"informatica2"},"url":"https:\/\/www.caudete.org\/ayuntamiento\/author\/informatica2\/"}]}},"_links":{"self":[{"href":"https:\/\/www.caudete.org\/ayuntamiento\/wp-json\/wp\/v2\/posts\/32302","targetHints":{"allow":["GET"]}}],"collection":[{"href":"https:\/\/www.caudete.org\/ayuntamiento\/wp-json\/wp\/v2\/posts"}],"about":[{"href":"https:\/\/www.caudete.org\/ayuntamiento\/wp-json\/wp\/v2\/types\/post"}],"author":[{"embeddable":true,"href":"https:\/\/www.caudete.org\/ayuntamiento\/wp-json\/wp\/v2\/users\/6"}],"replies":[{"embeddable":true,"href":"https:\/\/www.caudete.org\/ayuntamiento\/wp-json\/wp\/v2\/comments?post=32302"}],"version-history":[{"count":3,"href":"https:\/\/www.caudete.org\/ayuntamiento\/wp-json\/wp\/v2\/posts\/32302\/revisions"}],"predecessor-version":[{"id":32314,"href":"https:\/\/www.caudete.org\/ayuntamiento\/wp-json\/wp\/v2\/posts\/32302\/revisions\/32314"}],"wp:featuredmedia":[{"embeddable":true,"href":"https:\/\/www.caudete.org\/ayuntamiento\/wp-json\/wp\/v2\/media\/25422"}],"wp:attachment":[{"href":"https:\/\/www.caudete.org\/ayuntamiento\/wp-json\/wp\/v2\/media?parent=32302"}],"wp:term":[{"taxonomy":"category","embeddable":true,"href":"https:\/\/www.caudete.org\/ayuntamiento\/wp-json\/wp\/v2\/categories?post=32302"},{"taxonomy":"post_tag","embeddable":true,"href":"https:\/\/www.caudete.org\/ayuntamiento\/wp-json\/wp\/v2\/tags?post=32302"}],"curies":[{"name":"wp","href":"https:\/\/api.w.org\/{rel}","templated":true}]}}