{"id":32304,"date":"2026-01-16T12:43:51","date_gmt":"2026-01-16T11:43:51","guid":{"rendered":"https:\/\/www.caudete.org\/ayuntamiento\/?p=32304"},"modified":"2026-01-16T13:26:47","modified_gmt":"2026-01-16T12:26:47","slug":"nueva-iluminacion-exterior-para-la-ermita-de-san-anton-para-potenciar-el-edificio-como-interes-historico","status":"publish","type":"post","link":"https:\/\/www.caudete.org\/ayuntamiento\/nueva-iluminacion-exterior-para-la-ermita-de-san-anton-para-potenciar-el-edificio-como-interes-historico\/","title":{"rendered":"Nueva iluminaci\u00f3n exterior para la Ermita de San Ant\u00f3n para potenciar el edificio como inter\u00e9s hist\u00f3rico"},"content":{"rendered":"<p style=\"text-align: justify;\"><span style=\"font-family: Georgia, serif;\"><span style=\"font-size: medium;\">Desde las Concejal\u00edas de Obras y de Patrimonio Hist\u00f3rico han materializado un nuevo alumbrado para la la Ermita de San Ant\u00f3n, con el objetivo de potenciar el edificio, al formar parte del cat\u00e1logo de edificios protegidos del municipio, y de los recursos que conforman el Plan Tur\u00edstico de Caudete aprobado en 2021.<\/span><\/span><\/p>\n<p style=\"text-align: justify;\" align=\"left\"><span style=\"font-family: Georgia, serif;\"><span style=\"font-size: medium;\">Los Concejales Mois\u00e9s L\u00f3pez y Diego Cuenca han sido tanto los encargados de su gesti\u00f3n como ahora de dar a conocer un proyecto que previamente hab\u00eda sido trasladado a la propia Cofrad\u00eda de San Antonio Abad, tanto en la fase de dise\u00f1o como de solicitud, concesi\u00f3n y ejecuci\u00f3n del mismo.<\/span><\/span><\/p>\n<p style=\"text-align: justify;\" align=\"left\"><span style=\"font-family: Georgia, serif;\"><span style=\"font-size: medium;\">La actuaci\u00f3n ha sido sufragada en m\u00e1s de un 90% gracias a la convocatoria de ayudas a ayuntamientos para la ejecuci\u00f3n de proyectos tur\u00edstico de la Excma. Diputaci\u00f3n Provincial de <\/span><\/span><span style=\"font-family: Georgia, serif;\"><span style=\"font-size: medium;\">Albacete, con la que se ha adquirido el suministro del material el\u00e9ctrico necesario para ejecutar el <\/span><\/span><span style=\"font-family: Georgia, serif;\"><span style=\"font-size: medium;\">proyecto, siendo la mano de obra costeada directamente por el Ayuntamiento, al ser realizada <\/span><\/span><span style=\"font-family: Georgia, serif;\"><span style=\"font-size: medium;\">por personal propio especializado integrante en la plantilla del Departamento de Obras.<\/span><\/span><\/p>\n<p style=\"text-align: justify;\" align=\"left\"><span style=\"font-family: Georgia, serif;\"><span style=\"font-size: medium;\">El objetivo principal ha sido por tanto dotar de la iluminaci\u00f3n exterior precisa que permita resaltar el edificio patrimonial centenario de entre los inmuebles del entorno en el que se ubica, mediante la <\/span><\/span><span style=\"font-family: Georgia, serif;\"><span style=\"font-size: medium;\">instalaci\u00f3n de proyectores led y la instalaci\u00f3n pertinente. Con ello, potenciar y poner en valor el <\/span><\/span><span style=\"font-family: Georgia, serif;\"><span style=\"font-size: medium;\">edificio, como recurso tur\u00edstico del municipio.<\/span><\/span><\/p>\n<p style=\"text-align: justify;\" align=\"left\"><span style=\"font-family: Georgia, serif;\"><span style=\"font-size: medium;\">Como objetivos secundarios, mejorar la iluminaci\u00f3n del espacio anexo ajardinado para cuidar el <\/span><\/span><span style=\"font-family: Georgia, serif;\"><span style=\"font-size: medium;\">entorno y mejorar el aspecto y la imagen del conjunto. Igualmente, mejorar las condiciones del <\/span><\/span><span style=\"font-family: Georgia, serif;\"><span style=\"font-size: medium;\">paisaje urbano y edificado, y con ello contribuir al cumplimiento de los ODS con los que el <\/span><\/span><span style=\"font-family: Georgia, serif;\"><span style=\"font-size: medium;\">Ayuntamiento de Caudete est\u00e1 comprometido, al ser la actuaci\u00f3n parte propia de uno de los <\/span><\/span><span style=\"font-family: Georgia, serif;\"><span style=\"font-size: medium;\">ejes del Plan de Acci\u00f3n Local.<\/span><\/span><\/p>\n<p style=\"text-align: justify;\" align=\"left\"><span style=\"font-family: Georgia, serif;\"><span style=\"font-size: medium;\">Hasta ahora, la Ermita de San Ant\u00f3n no pose\u00eda iluminaci\u00f3n especial o propia, de forma que el <\/span><\/span><span style=\"font-family: Georgia, serif;\"><span style=\"font-size: medium;\">edificio pasa relativamente inadvertido, al contar \u00fanicamente con el alumbrado p\u00fablico propio <\/span><\/span><span style=\"font-family: Georgia, serif;\"><span style=\"font-size: medium;\">de la v\u00eda p\u00fablica en la que se encuentra. Adem\u00e1s, el hecho de encontrarse a la entrada del <\/span><\/span><span style=\"font-family: Georgia, serif;\"><span style=\"font-size: medium;\">municipio, sin edificaciones anexas, y en el entorno de edificaciones aisladas en desuso, y de <\/span><\/span><span style=\"font-family: Georgia, serif;\"><span style=\"font-size: medium;\">solares, contribuye al hecho anteriormente descrito.<\/span><\/span><\/p>\n<p style=\"text-align: justify;\" align=\"left\"><span style=\"font-family: Georgia, serif;\"><span style=\"font-size: medium;\">La actuaci\u00f3n ha permitido por tanto mejorar las condiciones del inmueble como recurso tur\u00edstico y patrimonial, resaltando el mismo por la ubicaci\u00f3n en la que se encuentra (justo a la entrada del casco urbano desde el acceso norte a la poblaci\u00f3n por la A- 33), y quedar\u00eda en concordancia con otro elemento tur\u00edstico muy pr\u00f3ximo a \u00e9l, el recientemente recuperado Lavadero de San Ant\u00f3n.<\/span><\/span><\/p>\n<p style=\"text-align: justify;\" align=\"left\"><span style=\"font-family: Georgia, serif;\"><span style=\"font-size: medium;\">Con ello, ganar\u00edamos en imagen y promoci\u00f3n tur\u00edstica, y pasar\u00eda a formar parte de las <\/span><\/span><span style=\"font-family: Georgia, serif;\"><span style=\"font-size: medium;\">principales estampas destacadas del municipio, como actualmente lo es la Plaza de Toros, a <\/span><\/span><span style=\"font-family: Georgia, serif;\"><span style=\"font-size: medium;\">cuyo edificio en 2021 se le dot\u00f3 de una inversi\u00f3n similar a la propuesta para la Ermita de San <\/span><\/span><span style=\"font-family: Georgia, serif;\"><span style=\"font-size: medium;\">Ant\u00f3n (pero proporcionada a sus dimensiones). Estampas, que son promocionadas dentro de <\/span><\/span><span style=\"font-family: Georgia, serif;\"><span style=\"font-size: medium;\">las estrategias y proyectos tur\u00edsticos a nivel local, como comarcal y\/o provincial. Prueba de ello, las acciones que venimos desarrollando dentro del Plan Tur\u00edstico Local (aprobado en 2021 por <\/span><\/span><span style=\"font-family: Georgia, serif;\"><span style=\"font-size: medium;\">el Pleno Municipal), o de las realizadas por la Mancomunidad Monte Ib\u00e9rico por medio del <\/span><\/span><span style=\"font-family: Georgia, serif;\"><span style=\"font-size: medium;\">Grupo de Acci\u00f3n Local.<\/span><\/span><\/p>\n","protected":false},"excerpt":{"rendered":"<p>Desde las Concejal\u00edas de Obras y de Patrimonio Hist\u00f3rico han materializado un nuevo alumbrado para la la Ermita de San Ant\u00f3n, con el objetivo de potenciar el edificio, al formar parte del cat\u00e1logo de edificios protegidos del municipio, y de los recursos que conforman el Plan Tur\u00edstico de Caudete aprobado en 2021. Los Concejales Mois\u00e9s &hellip;<\/p>\n","protected":false},"author":6,"featured_media":11613,"comment_status":"closed","ping_status":"open","sticky":false,"template":"","format":"standard","meta":{"ngg_post_thumbnail":0,"footnotes":""},"categories":[45],"tags":[],"class_list":["post-32304","post","type-post","status-publish","format-standard","has-post-thumbnail","hentry","category-patrimonio"],"yoast_head":"<!-- This site is optimized with the Yoast SEO plugin v27.5 - https:\/\/yoast.com\/product\/yoast-seo-wordpress\/ -->\n<title>Nueva iluminaci\u00f3n exterior para la Ermita de San Ant\u00f3n para potenciar el edificio como inter\u00e9s hist\u00f3rico - MI Ayuntamiento de Caudete<\/title>\n<meta name=\"description\" content=\"P\u00e1gina Oficial del Ayuntamiento de Caudete (Albacete)\" \/>\n<meta name=\"robots\" content=\"index, follow, max-snippet:-1, max-image-preview:large, max-video-preview:-1\" \/>\n<link rel=\"canonical\" href=\"https:\/\/www.caudete.org\/ayuntamiento\/nueva-iluminacion-exterior-para-la-ermita-de-san-anton-para-potenciar-el-edificio-como-interes-historico\/\" \/>\n<meta property=\"og:locale\" content=\"es_ES\" \/>\n<meta property=\"og:type\" content=\"article\" \/>\n<meta property=\"og:title\" content=\"Nueva iluminaci\u00f3n exterior para la Ermita de San Ant\u00f3n para potenciar el edificio como inter\u00e9s hist\u00f3rico - MI Ayuntamiento de Caudete\" \/>\n<meta property=\"og:description\" content=\"P\u00e1gina Oficial del Ayuntamiento de Caudete (Albacete)\" \/>\n<meta property=\"og:url\" content=\"https:\/\/www.caudete.org\/ayuntamiento\/nueva-iluminacion-exterior-para-la-ermita-de-san-anton-para-potenciar-el-edificio-como-interes-historico\/\" \/>\n<meta property=\"og:site_name\" content=\"MI Ayuntamiento de Caudete\" \/>\n<meta property=\"article:publisher\" content=\"https:\/\/www.facebook.com\/ayuntamientocaudete\/\" \/>\n<meta property=\"article:published_time\" content=\"2026-01-16T11:43:51+00:00\" \/>\n<meta property=\"article:modified_time\" content=\"2026-01-16T12:26:47+00:00\" \/>\n<meta property=\"og:image\" content=\"https:\/\/www.caudete.org\/ayuntamiento\/wp-content\/uploads\/2021\/01\/san_anton_caudete.jpg\" \/>\n\t<meta property=\"og:image:width\" content=\"375\" \/>\n\t<meta property=\"og:image:height\" content=\"250\" \/>\n\t<meta property=\"og:image:type\" content=\"image\/jpeg\" \/>\n<meta name=\"author\" content=\"informatica2\" \/>\n<meta name=\"twitter:card\" content=\"summary_large_image\" \/>\n<meta name=\"twitter:label1\" content=\"Escrito por\" \/>\n\t<meta name=\"twitter:data1\" content=\"informatica2\" \/>\n\t<meta name=\"twitter:label2\" content=\"Tiempo de lectura\" \/>\n\t<meta name=\"twitter:data2\" content=\"3 minutos\" \/>\n<script type=\"application\/ld+json\" class=\"yoast-schema-graph\">{\"@context\":\"https:\\\/\\\/schema.org\",\"@graph\":[{\"@type\":\"Article\",\"@id\":\"https:\\\/\\\/www.caudete.org\\\/ayuntamiento\\\/nueva-iluminacion-exterior-para-la-ermita-de-san-anton-para-potenciar-el-edificio-como-interes-historico\\\/#article\",\"isPartOf\":{\"@id\":\"https:\\\/\\\/www.caudete.org\\\/ayuntamiento\\\/nueva-iluminacion-exterior-para-la-ermita-de-san-anton-para-potenciar-el-edificio-como-interes-historico\\\/\"},\"author\":{\"name\":\"informatica2\",\"@id\":\"https:\\\/\\\/www.caudete.org\\\/ayuntamiento\\\/#\\\/schema\\\/person\\\/abfa5ffd5010a14e078c21e6e61b6291\"},\"headline\":\"Nueva iluminaci\u00f3n exterior para la Ermita de San Ant\u00f3n para potenciar el edificio como inter\u00e9s hist\u00f3rico\",\"datePublished\":\"2026-01-16T11:43:51+00:00\",\"dateModified\":\"2026-01-16T12:26:47+00:00\",\"mainEntityOfPage\":{\"@id\":\"https:\\\/\\\/www.caudete.org\\\/ayuntamiento\\\/nueva-iluminacion-exterior-para-la-ermita-de-san-anton-para-potenciar-el-edificio-como-interes-historico\\\/\"},\"wordCount\":602,\"image\":{\"@id\":\"https:\\\/\\\/www.caudete.org\\\/ayuntamiento\\\/nueva-iluminacion-exterior-para-la-ermita-de-san-anton-para-potenciar-el-edificio-como-interes-historico\\\/#primaryimage\"},\"thumbnailUrl\":\"https:\\\/\\\/www.caudete.org\\\/ayuntamiento\\\/wp-content\\\/uploads\\\/2021\\\/01\\\/san_anton_caudete.jpg\",\"articleSection\":[\"Patrimonio\"],\"inLanguage\":\"es\"},{\"@type\":\"WebPage\",\"@id\":\"https:\\\/\\\/www.caudete.org\\\/ayuntamiento\\\/nueva-iluminacion-exterior-para-la-ermita-de-san-anton-para-potenciar-el-edificio-como-interes-historico\\\/\",\"url\":\"https:\\\/\\\/www.caudete.org\\\/ayuntamiento\\\/nueva-iluminacion-exterior-para-la-ermita-de-san-anton-para-potenciar-el-edificio-como-interes-historico\\\/\",\"name\":\"Nueva iluminaci\u00f3n exterior para la Ermita de San Ant\u00f3n para potenciar el edificio como inter\u00e9s hist\u00f3rico - MI Ayuntamiento de Caudete\",\"isPartOf\":{\"@id\":\"https:\\\/\\\/www.caudete.org\\\/ayuntamiento\\\/#website\"},\"primaryImageOfPage\":{\"@id\":\"https:\\\/\\\/www.caudete.org\\\/ayuntamiento\\\/nueva-iluminacion-exterior-para-la-ermita-de-san-anton-para-potenciar-el-edificio-como-interes-historico\\\/#primaryimage\"},\"image\":{\"@id\":\"https:\\\/\\\/www.caudete.org\\\/ayuntamiento\\\/nueva-iluminacion-exterior-para-la-ermita-de-san-anton-para-potenciar-el-edificio-como-interes-historico\\\/#primaryimage\"},\"thumbnailUrl\":\"https:\\\/\\\/www.caudete.org\\\/ayuntamiento\\\/wp-content\\\/uploads\\\/2021\\\/01\\\/san_anton_caudete.jpg\",\"datePublished\":\"2026-01-16T11:43:51+00:00\",\"dateModified\":\"2026-01-16T12:26:47+00:00\",\"author\":{\"@id\":\"https:\\\/\\\/www.caudete.org\\\/ayuntamiento\\\/#\\\/schema\\\/person\\\/abfa5ffd5010a14e078c21e6e61b6291\"},\"description\":\"P\u00e1gina Oficial del Ayuntamiento de Caudete (Albacete)\",\"breadcrumb\":{\"@id\":\"https:\\\/\\\/www.caudete.org\\\/ayuntamiento\\\/nueva-iluminacion-exterior-para-la-ermita-de-san-anton-para-potenciar-el-edificio-como-interes-historico\\\/#breadcrumb\"},\"inLanguage\":\"es\",\"potentialAction\":[{\"@type\":\"ReadAction\",\"target\":[\"https:\\\/\\\/www.caudete.org\\\/ayuntamiento\\\/nueva-iluminacion-exterior-para-la-ermita-de-san-anton-para-potenciar-el-edificio-como-interes-historico\\\/\"]}]},{\"@type\":\"ImageObject\",\"inLanguage\":\"es\",\"@id\":\"https:\\\/\\\/www.caudete.org\\\/ayuntamiento\\\/nueva-iluminacion-exterior-para-la-ermita-de-san-anton-para-potenciar-el-edificio-como-interes-historico\\\/#primaryimage\",\"url\":\"https:\\\/\\\/www.caudete.org\\\/ayuntamiento\\\/wp-content\\\/uploads\\\/2021\\\/01\\\/san_anton_caudete.jpg\",\"contentUrl\":\"https:\\\/\\\/www.caudete.org\\\/ayuntamiento\\\/wp-content\\\/uploads\\\/2021\\\/01\\\/san_anton_caudete.jpg\",\"width\":375,\"height\":250},{\"@type\":\"BreadcrumbList\",\"@id\":\"https:\\\/\\\/www.caudete.org\\\/ayuntamiento\\\/nueva-iluminacion-exterior-para-la-ermita-de-san-anton-para-potenciar-el-edificio-como-interes-historico\\\/#breadcrumb\",\"itemListElement\":[{\"@type\":\"ListItem\",\"position\":1,\"name\":\"Inicio\",\"item\":\"https:\\\/\\\/www.caudete.org\\\/ayuntamiento\\\/\"},{\"@type\":\"ListItem\",\"position\":2,\"name\":\"Nueva iluminaci\u00f3n exterior para la Ermita de San Ant\u00f3n para potenciar el edificio como inter\u00e9s hist\u00f3rico\"}]},{\"@type\":\"WebSite\",\"@id\":\"https:\\\/\\\/www.caudete.org\\\/ayuntamiento\\\/#website\",\"url\":\"https:\\\/\\\/www.caudete.org\\\/ayuntamiento\\\/\",\"name\":\"MI Ayuntamiento de Caudete\",\"description\":\"P\u00e1gina Oficial del MI Ayuntamiento de Caudete\",\"potentialAction\":[{\"@type\":\"SearchAction\",\"target\":{\"@type\":\"EntryPoint\",\"urlTemplate\":\"https:\\\/\\\/www.caudete.org\\\/ayuntamiento\\\/?s={search_term_string}\"},\"query-input\":{\"@type\":\"PropertyValueSpecification\",\"valueRequired\":true,\"valueName\":\"search_term_string\"}}],\"inLanguage\":\"es\"},{\"@type\":\"Person\",\"@id\":\"https:\\\/\\\/www.caudete.org\\\/ayuntamiento\\\/#\\\/schema\\\/person\\\/abfa5ffd5010a14e078c21e6e61b6291\",\"name\":\"informatica2\",\"image\":{\"@type\":\"ImageObject\",\"inLanguage\":\"es\",\"@id\":\"https:\\\/\\\/secure.gravatar.com\\\/avatar\\\/b089890ff033a3e4d03eec00ecb5a14425217205c513f60ec32ebeaaeb5fa700?s=96&d=mm&r=g\",\"url\":\"https:\\\/\\\/secure.gravatar.com\\\/avatar\\\/b089890ff033a3e4d03eec00ecb5a14425217205c513f60ec32ebeaaeb5fa700?s=96&d=mm&r=g\",\"contentUrl\":\"https:\\\/\\\/secure.gravatar.com\\\/avatar\\\/b089890ff033a3e4d03eec00ecb5a14425217205c513f60ec32ebeaaeb5fa700?s=96&d=mm&r=g\",\"caption\":\"informatica2\"},\"url\":\"https:\\\/\\\/www.caudete.org\\\/ayuntamiento\\\/author\\\/informatica2\\\/\"}]}<\/script>\n<!-- \/ Yoast SEO plugin. -->","yoast_head_json":{"title":"Nueva iluminaci\u00f3n exterior para la Ermita de San Ant\u00f3n para potenciar el edificio como inter\u00e9s hist\u00f3rico - MI Ayuntamiento de Caudete","description":"P\u00e1gina Oficial del Ayuntamiento de Caudete (Albacete)","robots":{"index":"index","follow":"follow","max-snippet":"max-snippet:-1","max-image-preview":"max-image-preview:large","max-video-preview":"max-video-preview:-1"},"canonical":"https:\/\/www.caudete.org\/ayuntamiento\/nueva-iluminacion-exterior-para-la-ermita-de-san-anton-para-potenciar-el-edificio-como-interes-historico\/","og_locale":"es_ES","og_type":"article","og_title":"Nueva iluminaci\u00f3n exterior para la Ermita de San Ant\u00f3n para potenciar el edificio como inter\u00e9s hist\u00f3rico - MI Ayuntamiento de Caudete","og_description":"P\u00e1gina Oficial del Ayuntamiento de Caudete (Albacete)","og_url":"https:\/\/www.caudete.org\/ayuntamiento\/nueva-iluminacion-exterior-para-la-ermita-de-san-anton-para-potenciar-el-edificio-como-interes-historico\/","og_site_name":"MI Ayuntamiento de Caudete","article_publisher":"https:\/\/www.facebook.com\/ayuntamientocaudete\/","article_published_time":"2026-01-16T11:43:51+00:00","article_modified_time":"2026-01-16T12:26:47+00:00","og_image":[{"width":375,"height":250,"url":"https:\/\/www.caudete.org\/ayuntamiento\/wp-content\/uploads\/2021\/01\/san_anton_caudete.jpg","type":"image\/jpeg"}],"author":"informatica2","twitter_card":"summary_large_image","twitter_misc":{"Escrito por":"informatica2","Tiempo de lectura":"3 minutos"},"schema":{"@context":"https:\/\/schema.org","@graph":[{"@type":"Article","@id":"https:\/\/www.caudete.org\/ayuntamiento\/nueva-iluminacion-exterior-para-la-ermita-de-san-anton-para-potenciar-el-edificio-como-interes-historico\/#article","isPartOf":{"@id":"https:\/\/www.caudete.org\/ayuntamiento\/nueva-iluminacion-exterior-para-la-ermita-de-san-anton-para-potenciar-el-edificio-como-interes-historico\/"},"author":{"name":"informatica2","@id":"https:\/\/www.caudete.org\/ayuntamiento\/#\/schema\/person\/abfa5ffd5010a14e078c21e6e61b6291"},"headline":"Nueva iluminaci\u00f3n exterior para la Ermita de San Ant\u00f3n para potenciar el edificio como inter\u00e9s hist\u00f3rico","datePublished":"2026-01-16T11:43:51+00:00","dateModified":"2026-01-16T12:26:47+00:00","mainEntityOfPage":{"@id":"https:\/\/www.caudete.org\/ayuntamiento\/nueva-iluminacion-exterior-para-la-ermita-de-san-anton-para-potenciar-el-edificio-como-interes-historico\/"},"wordCount":602,"image":{"@id":"https:\/\/www.caudete.org\/ayuntamiento\/nueva-iluminacion-exterior-para-la-ermita-de-san-anton-para-potenciar-el-edificio-como-interes-historico\/#primaryimage"},"thumbnailUrl":"https:\/\/www.caudete.org\/ayuntamiento\/wp-content\/uploads\/2021\/01\/san_anton_caudete.jpg","articleSection":["Patrimonio"],"inLanguage":"es"},{"@type":"WebPage","@id":"https:\/\/www.caudete.org\/ayuntamiento\/nueva-iluminacion-exterior-para-la-ermita-de-san-anton-para-potenciar-el-edificio-como-interes-historico\/","url":"https:\/\/www.caudete.org\/ayuntamiento\/nueva-iluminacion-exterior-para-la-ermita-de-san-anton-para-potenciar-el-edificio-como-interes-historico\/","name":"Nueva iluminaci\u00f3n exterior para la Ermita de San Ant\u00f3n para potenciar el edificio como inter\u00e9s hist\u00f3rico - MI Ayuntamiento de Caudete","isPartOf":{"@id":"https:\/\/www.caudete.org\/ayuntamiento\/#website"},"primaryImageOfPage":{"@id":"https:\/\/www.caudete.org\/ayuntamiento\/nueva-iluminacion-exterior-para-la-ermita-de-san-anton-para-potenciar-el-edificio-como-interes-historico\/#primaryimage"},"image":{"@id":"https:\/\/www.caudete.org\/ayuntamiento\/nueva-iluminacion-exterior-para-la-ermita-de-san-anton-para-potenciar-el-edificio-como-interes-historico\/#primaryimage"},"thumbnailUrl":"https:\/\/www.caudete.org\/ayuntamiento\/wp-content\/uploads\/2021\/01\/san_anton_caudete.jpg","datePublished":"2026-01-16T11:43:51+00:00","dateModified":"2026-01-16T12:26:47+00:00","author":{"@id":"https:\/\/www.caudete.org\/ayuntamiento\/#\/schema\/person\/abfa5ffd5010a14e078c21e6e61b6291"},"description":"P\u00e1gina Oficial del Ayuntamiento de Caudete (Albacete)","breadcrumb":{"@id":"https:\/\/www.caudete.org\/ayuntamiento\/nueva-iluminacion-exterior-para-la-ermita-de-san-anton-para-potenciar-el-edificio-como-interes-historico\/#breadcrumb"},"inLanguage":"es","potentialAction":[{"@type":"ReadAction","target":["https:\/\/www.caudete.org\/ayuntamiento\/nueva-iluminacion-exterior-para-la-ermita-de-san-anton-para-potenciar-el-edificio-como-interes-historico\/"]}]},{"@type":"ImageObject","inLanguage":"es","@id":"https:\/\/www.caudete.org\/ayuntamiento\/nueva-iluminacion-exterior-para-la-ermita-de-san-anton-para-potenciar-el-edificio-como-interes-historico\/#primaryimage","url":"https:\/\/www.caudete.org\/ayuntamiento\/wp-content\/uploads\/2021\/01\/san_anton_caudete.jpg","contentUrl":"https:\/\/www.caudete.org\/ayuntamiento\/wp-content\/uploads\/2021\/01\/san_anton_caudete.jpg","width":375,"height":250},{"@type":"BreadcrumbList","@id":"https:\/\/www.caudete.org\/ayuntamiento\/nueva-iluminacion-exterior-para-la-ermita-de-san-anton-para-potenciar-el-edificio-como-interes-historico\/#breadcrumb","itemListElement":[{"@type":"ListItem","position":1,"name":"Inicio","item":"https:\/\/www.caudete.org\/ayuntamiento\/"},{"@type":"ListItem","position":2,"name":"Nueva iluminaci\u00f3n exterior para la Ermita de San Ant\u00f3n para potenciar el edificio como inter\u00e9s hist\u00f3rico"}]},{"@type":"WebSite","@id":"https:\/\/www.caudete.org\/ayuntamiento\/#website","url":"https:\/\/www.caudete.org\/ayuntamiento\/","name":"MI Ayuntamiento de Caudete","description":"P\u00e1gina Oficial del MI Ayuntamiento de Caudete","potentialAction":[{"@type":"SearchAction","target":{"@type":"EntryPoint","urlTemplate":"https:\/\/www.caudete.org\/ayuntamiento\/?s={search_term_string}"},"query-input":{"@type":"PropertyValueSpecification","valueRequired":true,"valueName":"search_term_string"}}],"inLanguage":"es"},{"@type":"Person","@id":"https:\/\/www.caudete.org\/ayuntamiento\/#\/schema\/person\/abfa5ffd5010a14e078c21e6e61b6291","name":"informatica2","image":{"@type":"ImageObject","inLanguage":"es","@id":"https:\/\/secure.gravatar.com\/avatar\/b089890ff033a3e4d03eec00ecb5a14425217205c513f60ec32ebeaaeb5fa700?s=96&d=mm&r=g","url":"https:\/\/secure.gravatar.com\/avatar\/b089890ff033a3e4d03eec00ecb5a14425217205c513f60ec32ebeaaeb5fa700?s=96&d=mm&r=g","contentUrl":"https:\/\/secure.gravatar.com\/avatar\/b089890ff033a3e4d03eec00ecb5a14425217205c513f60ec32ebeaaeb5fa700?s=96&d=mm&r=g","caption":"informatica2"},"url":"https:\/\/www.caudete.org\/ayuntamiento\/author\/informatica2\/"}]}},"_links":{"self":[{"href":"https:\/\/www.caudete.org\/ayuntamiento\/wp-json\/wp\/v2\/posts\/32304","targetHints":{"allow":["GET"]}}],"collection":[{"href":"https:\/\/www.caudete.org\/ayuntamiento\/wp-json\/wp\/v2\/posts"}],"about":[{"href":"https:\/\/www.caudete.org\/ayuntamiento\/wp-json\/wp\/v2\/types\/post"}],"author":[{"embeddable":true,"href":"https:\/\/www.caudete.org\/ayuntamiento\/wp-json\/wp\/v2\/users\/6"}],"replies":[{"embeddable":true,"href":"https:\/\/www.caudete.org\/ayuntamiento\/wp-json\/wp\/v2\/comments?post=32304"}],"version-history":[{"count":1,"href":"https:\/\/www.caudete.org\/ayuntamiento\/wp-json\/wp\/v2\/posts\/32304\/revisions"}],"predecessor-version":[{"id":32305,"href":"https:\/\/www.caudete.org\/ayuntamiento\/wp-json\/wp\/v2\/posts\/32304\/revisions\/32305"}],"wp:featuredmedia":[{"embeddable":true,"href":"https:\/\/www.caudete.org\/ayuntamiento\/wp-json\/wp\/v2\/media\/11613"}],"wp:attachment":[{"href":"https:\/\/www.caudete.org\/ayuntamiento\/wp-json\/wp\/v2\/media?parent=32304"}],"wp:term":[{"taxonomy":"category","embeddable":true,"href":"https:\/\/www.caudete.org\/ayuntamiento\/wp-json\/wp\/v2\/categories?post=32304"},{"taxonomy":"post_tag","embeddable":true,"href":"https:\/\/www.caudete.org\/ayuntamiento\/wp-json\/wp\/v2\/tags?post=32304"}],"curies":[{"name":"wp","href":"https:\/\/api.w.org\/{rel}","templated":true}]}}