{"id":32315,"date":"2026-01-19T10:42:49","date_gmt":"2026-01-19T09:42:49","guid":{"rendered":"https:\/\/www.caudete.org\/ayuntamiento\/?p=32315"},"modified":"2026-01-19T10:48:33","modified_gmt":"2026-01-19T09:48:33","slug":"minuto-de-silencio-en-memoria-de-las-victimas-del-terrible-accidente-de-ferrocarril","status":"publish","type":"post","link":"https:\/\/www.caudete.org\/ayuntamiento\/minuto-de-silencio-en-memoria-de-las-victimas-del-terrible-accidente-de-ferrocarril\/","title":{"rendered":"Minuto de silencio en memoria de las v\u00edctimas del terrible accidente de ferrocarril"},"content":{"rendered":"<p style=\"text-align: justify;\">Este lunes, 19 de enero de 2026, a las 12:00 horas, la Federaci\u00f3n Espa\u00f1ola de Municipios y Provincias (FEMP), convoca un minuto de silencio en memoria de las v\u00edctimas del terrible accidente de ferrocarril que tuvo lugar ayer domingo en Adamuz (C\u00f3rdoba).<\/p>\n<p style=\"text-align: justify;\">La FEMP invita a todas las instituciones, entidades, trabajadores y ciudadanos a participar en este minuto de silencio como muestra de recuerdo y cari\u00f1o por las v\u00edctimas mortales, los heridos y sus familias, al tiempo que agradece la labor de todos los servicios m\u00e9dicos, de emergencia y los gestos solidarios de todos los vecinos que est\u00e1n ayudando a los afectados.<\/p>\n<p style=\"text-align: justify;\">En la confianza de que esta convocatoria resulte de su inter\u00e9s, saludos cordiales.<\/p>\n","protected":false},"excerpt":{"rendered":"<p>Este lunes, 19 de enero de 2026, a las 12:00 horas, la Federaci\u00f3n Espa\u00f1ola de Municipios y Provincias (FEMP), convoca un minuto de silencio en memoria de las v\u00edctimas del terrible accidente de ferrocarril que tuvo lugar ayer domingo en Adamuz (C\u00f3rdoba). La FEMP invita a todas las instituciones, entidades, trabajadores y ciudadanos a participar &hellip;<\/p>\n","protected":false},"author":6,"featured_media":32317,"comment_status":"closed","ping_status":"open","sticky":false,"template":"","format":"standard","meta":{"ngg_post_thumbnail":0,"footnotes":""},"categories":[20],"tags":[],"class_list":["post-32315","post","type-post","status-publish","format-standard","has-post-thumbnail","hentry","category-ayuntamiento"],"yoast_head":"<!-- This site is optimized with the Yoast SEO plugin v27.5 - https:\/\/yoast.com\/product\/yoast-seo-wordpress\/ -->\n<title>Minuto de silencio en memoria de las v\u00edctimas del terrible accidente de ferrocarril - MI Ayuntamiento de Caudete<\/title>\n<meta name=\"description\" content=\"P\u00e1gina Oficial del Ayuntamiento de Caudete (Albacete)\" \/>\n<meta name=\"robots\" content=\"index, follow, max-snippet:-1, max-image-preview:large, max-video-preview:-1\" \/>\n<link rel=\"canonical\" href=\"https:\/\/www.caudete.org\/ayuntamiento\/minuto-de-silencio-en-memoria-de-las-victimas-del-terrible-accidente-de-ferrocarril\/\" \/>\n<meta property=\"og:locale\" content=\"es_ES\" \/>\n<meta property=\"og:type\" content=\"article\" \/>\n<meta property=\"og:title\" content=\"Minuto de silencio en memoria de las v\u00edctimas del terrible accidente de ferrocarril - MI Ayuntamiento de Caudete\" \/>\n<meta property=\"og:description\" content=\"P\u00e1gina Oficial del Ayuntamiento de Caudete (Albacete)\" \/>\n<meta property=\"og:url\" content=\"https:\/\/www.caudete.org\/ayuntamiento\/minuto-de-silencio-en-memoria-de-las-victimas-del-terrible-accidente-de-ferrocarril\/\" \/>\n<meta property=\"og:site_name\" content=\"MI Ayuntamiento de Caudete\" \/>\n<meta property=\"article:publisher\" content=\"https:\/\/www.facebook.com\/ayuntamientocaudete\/\" \/>\n<meta property=\"article:published_time\" content=\"2026-01-19T09:42:49+00:00\" \/>\n<meta property=\"article:modified_time\" content=\"2026-01-19T09:48:33+00:00\" \/>\n<meta property=\"og:image\" content=\"https:\/\/www.caudete.org\/ayuntamiento\/wp-content\/uploads\/2026\/01\/ayuntamiento_luto.jpg\" \/>\n\t<meta property=\"og:image:width\" content=\"700\" \/>\n\t<meta property=\"og:image:height\" content=\"344\" \/>\n\t<meta property=\"og:image:type\" content=\"image\/jpeg\" \/>\n<meta name=\"author\" content=\"informatica2\" \/>\n<meta name=\"twitter:card\" content=\"summary_large_image\" \/>\n<meta name=\"twitter:label1\" content=\"Escrito por\" \/>\n\t<meta name=\"twitter:data1\" content=\"informatica2\" \/>\n\t<meta name=\"twitter:label2\" content=\"Tiempo de lectura\" \/>\n\t<meta name=\"twitter:data2\" content=\"1 minuto\" \/>\n<script type=\"application\/ld+json\" class=\"yoast-schema-graph\">{\"@context\":\"https:\\\/\\\/schema.org\",\"@graph\":[{\"@type\":\"Article\",\"@id\":\"https:\\\/\\\/www.caudete.org\\\/ayuntamiento\\\/minuto-de-silencio-en-memoria-de-las-victimas-del-terrible-accidente-de-ferrocarril\\\/#article\",\"isPartOf\":{\"@id\":\"https:\\\/\\\/www.caudete.org\\\/ayuntamiento\\\/minuto-de-silencio-en-memoria-de-las-victimas-del-terrible-accidente-de-ferrocarril\\\/\"},\"author\":{\"name\":\"informatica2\",\"@id\":\"https:\\\/\\\/www.caudete.org\\\/ayuntamiento\\\/#\\\/schema\\\/person\\\/abfa5ffd5010a14e078c21e6e61b6291\"},\"headline\":\"Minuto de silencio en memoria de las v\u00edctimas del terrible accidente de ferrocarril\",\"datePublished\":\"2026-01-19T09:42:49+00:00\",\"dateModified\":\"2026-01-19T09:48:33+00:00\",\"mainEntityOfPage\":{\"@id\":\"https:\\\/\\\/www.caudete.org\\\/ayuntamiento\\\/minuto-de-silencio-en-memoria-de-las-victimas-del-terrible-accidente-de-ferrocarril\\\/\"},\"wordCount\":135,\"image\":{\"@id\":\"https:\\\/\\\/www.caudete.org\\\/ayuntamiento\\\/minuto-de-silencio-en-memoria-de-las-victimas-del-terrible-accidente-de-ferrocarril\\\/#primaryimage\"},\"thumbnailUrl\":\"https:\\\/\\\/www.caudete.org\\\/ayuntamiento\\\/wp-content\\\/uploads\\\/2026\\\/01\\\/ayuntamiento_luto.jpg\",\"articleSection\":[\"Ayuntamiento\"],\"inLanguage\":\"es\"},{\"@type\":\"WebPage\",\"@id\":\"https:\\\/\\\/www.caudete.org\\\/ayuntamiento\\\/minuto-de-silencio-en-memoria-de-las-victimas-del-terrible-accidente-de-ferrocarril\\\/\",\"url\":\"https:\\\/\\\/www.caudete.org\\\/ayuntamiento\\\/minuto-de-silencio-en-memoria-de-las-victimas-del-terrible-accidente-de-ferrocarril\\\/\",\"name\":\"Minuto de silencio en memoria de las v\u00edctimas del terrible accidente de ferrocarril - MI Ayuntamiento de Caudete\",\"isPartOf\":{\"@id\":\"https:\\\/\\\/www.caudete.org\\\/ayuntamiento\\\/#website\"},\"primaryImageOfPage\":{\"@id\":\"https:\\\/\\\/www.caudete.org\\\/ayuntamiento\\\/minuto-de-silencio-en-memoria-de-las-victimas-del-terrible-accidente-de-ferrocarril\\\/#primaryimage\"},\"image\":{\"@id\":\"https:\\\/\\\/www.caudete.org\\\/ayuntamiento\\\/minuto-de-silencio-en-memoria-de-las-victimas-del-terrible-accidente-de-ferrocarril\\\/#primaryimage\"},\"thumbnailUrl\":\"https:\\\/\\\/www.caudete.org\\\/ayuntamiento\\\/wp-content\\\/uploads\\\/2026\\\/01\\\/ayuntamiento_luto.jpg\",\"datePublished\":\"2026-01-19T09:42:49+00:00\",\"dateModified\":\"2026-01-19T09:48:33+00:00\",\"author\":{\"@id\":\"https:\\\/\\\/www.caudete.org\\\/ayuntamiento\\\/#\\\/schema\\\/person\\\/abfa5ffd5010a14e078c21e6e61b6291\"},\"description\":\"P\u00e1gina Oficial del Ayuntamiento de Caudete (Albacete)\",\"breadcrumb\":{\"@id\":\"https:\\\/\\\/www.caudete.org\\\/ayuntamiento\\\/minuto-de-silencio-en-memoria-de-las-victimas-del-terrible-accidente-de-ferrocarril\\\/#breadcrumb\"},\"inLanguage\":\"es\",\"potentialAction\":[{\"@type\":\"ReadAction\",\"target\":[\"https:\\\/\\\/www.caudete.org\\\/ayuntamiento\\\/minuto-de-silencio-en-memoria-de-las-victimas-del-terrible-accidente-de-ferrocarril\\\/\"]}]},{\"@type\":\"ImageObject\",\"inLanguage\":\"es\",\"@id\":\"https:\\\/\\\/www.caudete.org\\\/ayuntamiento\\\/minuto-de-silencio-en-memoria-de-las-victimas-del-terrible-accidente-de-ferrocarril\\\/#primaryimage\",\"url\":\"https:\\\/\\\/www.caudete.org\\\/ayuntamiento\\\/wp-content\\\/uploads\\\/2026\\\/01\\\/ayuntamiento_luto.jpg\",\"contentUrl\":\"https:\\\/\\\/www.caudete.org\\\/ayuntamiento\\\/wp-content\\\/uploads\\\/2026\\\/01\\\/ayuntamiento_luto.jpg\",\"width\":700,\"height\":344},{\"@type\":\"BreadcrumbList\",\"@id\":\"https:\\\/\\\/www.caudete.org\\\/ayuntamiento\\\/minuto-de-silencio-en-memoria-de-las-victimas-del-terrible-accidente-de-ferrocarril\\\/#breadcrumb\",\"itemListElement\":[{\"@type\":\"ListItem\",\"position\":1,\"name\":\"Inicio\",\"item\":\"https:\\\/\\\/www.caudete.org\\\/ayuntamiento\\\/\"},{\"@type\":\"ListItem\",\"position\":2,\"name\":\"Minuto de silencio en memoria de las v\u00edctimas del terrible accidente de ferrocarril\"}]},{\"@type\":\"WebSite\",\"@id\":\"https:\\\/\\\/www.caudete.org\\\/ayuntamiento\\\/#website\",\"url\":\"https:\\\/\\\/www.caudete.org\\\/ayuntamiento\\\/\",\"name\":\"MI Ayuntamiento de Caudete\",\"description\":\"P\u00e1gina Oficial del MI Ayuntamiento de Caudete\",\"potentialAction\":[{\"@type\":\"SearchAction\",\"target\":{\"@type\":\"EntryPoint\",\"urlTemplate\":\"https:\\\/\\\/www.caudete.org\\\/ayuntamiento\\\/?s={search_term_string}\"},\"query-input\":{\"@type\":\"PropertyValueSpecification\",\"valueRequired\":true,\"valueName\":\"search_term_string\"}}],\"inLanguage\":\"es\"},{\"@type\":\"Person\",\"@id\":\"https:\\\/\\\/www.caudete.org\\\/ayuntamiento\\\/#\\\/schema\\\/person\\\/abfa5ffd5010a14e078c21e6e61b6291\",\"name\":\"informatica2\",\"image\":{\"@type\":\"ImageObject\",\"inLanguage\":\"es\",\"@id\":\"https:\\\/\\\/secure.gravatar.com\\\/avatar\\\/b089890ff033a3e4d03eec00ecb5a14425217205c513f60ec32ebeaaeb5fa700?s=96&d=mm&r=g\",\"url\":\"https:\\\/\\\/secure.gravatar.com\\\/avatar\\\/b089890ff033a3e4d03eec00ecb5a14425217205c513f60ec32ebeaaeb5fa700?s=96&d=mm&r=g\",\"contentUrl\":\"https:\\\/\\\/secure.gravatar.com\\\/avatar\\\/b089890ff033a3e4d03eec00ecb5a14425217205c513f60ec32ebeaaeb5fa700?s=96&d=mm&r=g\",\"caption\":\"informatica2\"},\"url\":\"https:\\\/\\\/www.caudete.org\\\/ayuntamiento\\\/author\\\/informatica2\\\/\"}]}<\/script>\n<!-- \/ Yoast SEO plugin. -->","yoast_head_json":{"title":"Minuto de silencio en memoria de las v\u00edctimas del terrible accidente de ferrocarril - MI Ayuntamiento de Caudete","description":"P\u00e1gina Oficial del Ayuntamiento de Caudete (Albacete)","robots":{"index":"index","follow":"follow","max-snippet":"max-snippet:-1","max-image-preview":"max-image-preview:large","max-video-preview":"max-video-preview:-1"},"canonical":"https:\/\/www.caudete.org\/ayuntamiento\/minuto-de-silencio-en-memoria-de-las-victimas-del-terrible-accidente-de-ferrocarril\/","og_locale":"es_ES","og_type":"article","og_title":"Minuto de silencio en memoria de las v\u00edctimas del terrible accidente de ferrocarril - MI Ayuntamiento de Caudete","og_description":"P\u00e1gina Oficial del Ayuntamiento de Caudete (Albacete)","og_url":"https:\/\/www.caudete.org\/ayuntamiento\/minuto-de-silencio-en-memoria-de-las-victimas-del-terrible-accidente-de-ferrocarril\/","og_site_name":"MI Ayuntamiento de Caudete","article_publisher":"https:\/\/www.facebook.com\/ayuntamientocaudete\/","article_published_time":"2026-01-19T09:42:49+00:00","article_modified_time":"2026-01-19T09:48:33+00:00","og_image":[{"width":700,"height":344,"url":"https:\/\/www.caudete.org\/ayuntamiento\/wp-content\/uploads\/2026\/01\/ayuntamiento_luto.jpg","type":"image\/jpeg"}],"author":"informatica2","twitter_card":"summary_large_image","twitter_misc":{"Escrito por":"informatica2","Tiempo de lectura":"1 minuto"},"schema":{"@context":"https:\/\/schema.org","@graph":[{"@type":"Article","@id":"https:\/\/www.caudete.org\/ayuntamiento\/minuto-de-silencio-en-memoria-de-las-victimas-del-terrible-accidente-de-ferrocarril\/#article","isPartOf":{"@id":"https:\/\/www.caudete.org\/ayuntamiento\/minuto-de-silencio-en-memoria-de-las-victimas-del-terrible-accidente-de-ferrocarril\/"},"author":{"name":"informatica2","@id":"https:\/\/www.caudete.org\/ayuntamiento\/#\/schema\/person\/abfa5ffd5010a14e078c21e6e61b6291"},"headline":"Minuto de silencio en memoria de las v\u00edctimas del terrible accidente de ferrocarril","datePublished":"2026-01-19T09:42:49+00:00","dateModified":"2026-01-19T09:48:33+00:00","mainEntityOfPage":{"@id":"https:\/\/www.caudete.org\/ayuntamiento\/minuto-de-silencio-en-memoria-de-las-victimas-del-terrible-accidente-de-ferrocarril\/"},"wordCount":135,"image":{"@id":"https:\/\/www.caudete.org\/ayuntamiento\/minuto-de-silencio-en-memoria-de-las-victimas-del-terrible-accidente-de-ferrocarril\/#primaryimage"},"thumbnailUrl":"https:\/\/www.caudete.org\/ayuntamiento\/wp-content\/uploads\/2026\/01\/ayuntamiento_luto.jpg","articleSection":["Ayuntamiento"],"inLanguage":"es"},{"@type":"WebPage","@id":"https:\/\/www.caudete.org\/ayuntamiento\/minuto-de-silencio-en-memoria-de-las-victimas-del-terrible-accidente-de-ferrocarril\/","url":"https:\/\/www.caudete.org\/ayuntamiento\/minuto-de-silencio-en-memoria-de-las-victimas-del-terrible-accidente-de-ferrocarril\/","name":"Minuto de silencio en memoria de las v\u00edctimas del terrible accidente de ferrocarril - MI Ayuntamiento de Caudete","isPartOf":{"@id":"https:\/\/www.caudete.org\/ayuntamiento\/#website"},"primaryImageOfPage":{"@id":"https:\/\/www.caudete.org\/ayuntamiento\/minuto-de-silencio-en-memoria-de-las-victimas-del-terrible-accidente-de-ferrocarril\/#primaryimage"},"image":{"@id":"https:\/\/www.caudete.org\/ayuntamiento\/minuto-de-silencio-en-memoria-de-las-victimas-del-terrible-accidente-de-ferrocarril\/#primaryimage"},"thumbnailUrl":"https:\/\/www.caudete.org\/ayuntamiento\/wp-content\/uploads\/2026\/01\/ayuntamiento_luto.jpg","datePublished":"2026-01-19T09:42:49+00:00","dateModified":"2026-01-19T09:48:33+00:00","author":{"@id":"https:\/\/www.caudete.org\/ayuntamiento\/#\/schema\/person\/abfa5ffd5010a14e078c21e6e61b6291"},"description":"P\u00e1gina Oficial del Ayuntamiento de Caudete (Albacete)","breadcrumb":{"@id":"https:\/\/www.caudete.org\/ayuntamiento\/minuto-de-silencio-en-memoria-de-las-victimas-del-terrible-accidente-de-ferrocarril\/#breadcrumb"},"inLanguage":"es","potentialAction":[{"@type":"ReadAction","target":["https:\/\/www.caudete.org\/ayuntamiento\/minuto-de-silencio-en-memoria-de-las-victimas-del-terrible-accidente-de-ferrocarril\/"]}]},{"@type":"ImageObject","inLanguage":"es","@id":"https:\/\/www.caudete.org\/ayuntamiento\/minuto-de-silencio-en-memoria-de-las-victimas-del-terrible-accidente-de-ferrocarril\/#primaryimage","url":"https:\/\/www.caudete.org\/ayuntamiento\/wp-content\/uploads\/2026\/01\/ayuntamiento_luto.jpg","contentUrl":"https:\/\/www.caudete.org\/ayuntamiento\/wp-content\/uploads\/2026\/01\/ayuntamiento_luto.jpg","width":700,"height":344},{"@type":"BreadcrumbList","@id":"https:\/\/www.caudete.org\/ayuntamiento\/minuto-de-silencio-en-memoria-de-las-victimas-del-terrible-accidente-de-ferrocarril\/#breadcrumb","itemListElement":[{"@type":"ListItem","position":1,"name":"Inicio","item":"https:\/\/www.caudete.org\/ayuntamiento\/"},{"@type":"ListItem","position":2,"name":"Minuto de silencio en memoria de las v\u00edctimas del terrible accidente de ferrocarril"}]},{"@type":"WebSite","@id":"https:\/\/www.caudete.org\/ayuntamiento\/#website","url":"https:\/\/www.caudete.org\/ayuntamiento\/","name":"MI Ayuntamiento de Caudete","description":"P\u00e1gina Oficial del MI Ayuntamiento de Caudete","potentialAction":[{"@type":"SearchAction","target":{"@type":"EntryPoint","urlTemplate":"https:\/\/www.caudete.org\/ayuntamiento\/?s={search_term_string}"},"query-input":{"@type":"PropertyValueSpecification","valueRequired":true,"valueName":"search_term_string"}}],"inLanguage":"es"},{"@type":"Person","@id":"https:\/\/www.caudete.org\/ayuntamiento\/#\/schema\/person\/abfa5ffd5010a14e078c21e6e61b6291","name":"informatica2","image":{"@type":"ImageObject","inLanguage":"es","@id":"https:\/\/secure.gravatar.com\/avatar\/b089890ff033a3e4d03eec00ecb5a14425217205c513f60ec32ebeaaeb5fa700?s=96&d=mm&r=g","url":"https:\/\/secure.gravatar.com\/avatar\/b089890ff033a3e4d03eec00ecb5a14425217205c513f60ec32ebeaaeb5fa700?s=96&d=mm&r=g","contentUrl":"https:\/\/secure.gravatar.com\/avatar\/b089890ff033a3e4d03eec00ecb5a14425217205c513f60ec32ebeaaeb5fa700?s=96&d=mm&r=g","caption":"informatica2"},"url":"https:\/\/www.caudete.org\/ayuntamiento\/author\/informatica2\/"}]}},"_links":{"self":[{"href":"https:\/\/www.caudete.org\/ayuntamiento\/wp-json\/wp\/v2\/posts\/32315","targetHints":{"allow":["GET"]}}],"collection":[{"href":"https:\/\/www.caudete.org\/ayuntamiento\/wp-json\/wp\/v2\/posts"}],"about":[{"href":"https:\/\/www.caudete.org\/ayuntamiento\/wp-json\/wp\/v2\/types\/post"}],"author":[{"embeddable":true,"href":"https:\/\/www.caudete.org\/ayuntamiento\/wp-json\/wp\/v2\/users\/6"}],"replies":[{"embeddable":true,"href":"https:\/\/www.caudete.org\/ayuntamiento\/wp-json\/wp\/v2\/comments?post=32315"}],"version-history":[{"count":1,"href":"https:\/\/www.caudete.org\/ayuntamiento\/wp-json\/wp\/v2\/posts\/32315\/revisions"}],"predecessor-version":[{"id":32316,"href":"https:\/\/www.caudete.org\/ayuntamiento\/wp-json\/wp\/v2\/posts\/32315\/revisions\/32316"}],"wp:featuredmedia":[{"embeddable":true,"href":"https:\/\/www.caudete.org\/ayuntamiento\/wp-json\/wp\/v2\/media\/32317"}],"wp:attachment":[{"href":"https:\/\/www.caudete.org\/ayuntamiento\/wp-json\/wp\/v2\/media?parent=32315"}],"wp:term":[{"taxonomy":"category","embeddable":true,"href":"https:\/\/www.caudete.org\/ayuntamiento\/wp-json\/wp\/v2\/categories?post=32315"},{"taxonomy":"post_tag","embeddable":true,"href":"https:\/\/www.caudete.org\/ayuntamiento\/wp-json\/wp\/v2\/tags?post=32315"}],"curies":[{"name":"wp","href":"https:\/\/api.w.org\/{rel}","templated":true}]}}