{"id":32331,"date":"2026-01-21T08:07:01","date_gmt":"2026-01-21T07:07:01","guid":{"rendered":"https:\/\/www.caudete.org\/ayuntamiento\/?p=32331"},"modified":"2026-01-21T10:32:20","modified_gmt":"2026-01-21T09:32:20","slug":"calendario-2026-del-mercadillo-de-los-viernes","status":"publish","type":"post","link":"https:\/\/www.caudete.org\/ayuntamiento\/calendario-2026-del-mercadillo-de-los-viernes\/","title":{"rendered":"Calendario 2026 del mercadillo de los viernes"},"content":{"rendered":"<p style=\"text-align: justify;\">El Concejal de Comercio, Diego Cuenca Olivares, encargado tambi\u00e9n de la gesti\u00f3n del mercadillo ambulante que tradicionalmente se celebra los viernes, ha dado a conocer el calendario de celebraci\u00f3n del mismo para el presente ejercicio 2026.<\/p>\n<p style=\"text-align: justify;\">En este caso, durante este a\u00f1o se celebrar\u00e1n un total de 52 jornadas siempre que el tiempo y la meteorolog\u00eda lo permita, no estando prevista de forma programada la suspensi\u00f3n de ning\u00fan viernes. Ello obedece en parte a que las Fiestas Patronales no se ven afectadas por un viernes, y los festivos que caen en dicho d\u00eda de la semana han sido estudiados para no hacer perder la celebraci\u00f3n comercial.<\/p>\n<p style=\"text-align: justify;\">De esta forma, el Edil ha trasladado que tan solo se ver\u00e1n afectados respecto a su fecha original las siguientes jornadas:<\/p>\n<ul style=\"text-align: justify;\">\n<li>1. Viernes Santo, 3 de abril de 2026: Dada la celebraci\u00f3n religiosa de esta jornada, se celebrar\u00e1 el mercadillo el jueves 2 de abril de 2026.<\/li>\n<li>3. Navidad, 25 de diciembre de 2026: Se adelantar\u00e1 el mercadillo al jueves 24 de diciembre de 2026 (d\u00eda de Nochebuena).<\/li>\n<li>4. A\u00f1o Nuevo, 1 de enero de 2027: Se adelantar\u00e1 el mercadillo al jueves 31 de diciembre de 2026 (d\u00eda de Nochevieja).<\/li>\n<\/ul>\n<p style=\"text-align: justify;\">Por otro lado, ha querido remarcar que tan solo otro festivo laboral cae en viernes, la Fiesta del Trabajo, 1 de mayo de 2026, en cuyo caso el mercadillo se celebrar\u00e1 con normalidad, sin cambios ni ajustes.<\/p>\n<p style=\"text-align: justify;\">Todo ello, fue dictaminado favorablemente en Junta de Gobierno Local celebrada el pasado 24\/11\/2025 a propuesta del propio Concejal, con el objetivo de poder trasladar una mayor organizaci\u00f3n a los mercaderes y total claridad informativa a los vecinos de Caudete usuarios de este servicio.<\/p>\n","protected":false},"excerpt":{"rendered":"<p>El Concejal de Comercio, Diego Cuenca Olivares, encargado tambi\u00e9n de la gesti\u00f3n del mercadillo ambulante que tradicionalmente se celebra los viernes, ha dado a conocer el calendario de celebraci\u00f3n del mismo para el presente ejercicio 2026. En este caso, durante este a\u00f1o se celebrar\u00e1n un total de 52 jornadas siempre que el tiempo y la &hellip;<\/p>\n","protected":false},"author":6,"featured_media":24714,"comment_status":"closed","ping_status":"open","sticky":false,"template":"","format":"standard","meta":{"ngg_post_thumbnail":0,"footnotes":""},"categories":[42],"tags":[],"class_list":["post-32331","post","type-post","status-publish","format-standard","has-post-thumbnail","hentry","category-comercio"],"yoast_head":"<!-- This site is optimized with the Yoast SEO plugin v27.5 - https:\/\/yoast.com\/product\/yoast-seo-wordpress\/ -->\n<title>Calendario 2026 del mercadillo de los viernes - MI Ayuntamiento de Caudete<\/title>\n<meta name=\"description\" content=\"P\u00e1gina Oficial del Ayuntamiento de Caudete (Albacete)\" \/>\n<meta name=\"robots\" content=\"index, follow, max-snippet:-1, max-image-preview:large, max-video-preview:-1\" \/>\n<link rel=\"canonical\" href=\"https:\/\/www.caudete.org\/ayuntamiento\/calendario-2026-del-mercadillo-de-los-viernes\/\" \/>\n<meta property=\"og:locale\" content=\"es_ES\" \/>\n<meta property=\"og:type\" content=\"article\" \/>\n<meta property=\"og:title\" content=\"Calendario 2026 del mercadillo de los viernes - MI Ayuntamiento de Caudete\" \/>\n<meta property=\"og:description\" content=\"P\u00e1gina Oficial del Ayuntamiento de Caudete (Albacete)\" \/>\n<meta property=\"og:url\" content=\"https:\/\/www.caudete.org\/ayuntamiento\/calendario-2026-del-mercadillo-de-los-viernes\/\" \/>\n<meta property=\"og:site_name\" content=\"MI Ayuntamiento de Caudete\" \/>\n<meta property=\"article:publisher\" content=\"https:\/\/www.facebook.com\/ayuntamientocaudete\/\" \/>\n<meta property=\"article:published_time\" content=\"2026-01-21T07:07:01+00:00\" \/>\n<meta property=\"article:modified_time\" content=\"2026-01-21T09:32:20+00:00\" \/>\n<meta property=\"og:image\" content=\"https:\/\/www.caudete.org\/ayuntamiento\/wp-content\/uploads\/2024\/03\/mercadillo2.jpg\" \/>\n\t<meta property=\"og:image:width\" content=\"1920\" \/>\n\t<meta property=\"og:image:height\" content=\"958\" \/>\n\t<meta property=\"og:image:type\" content=\"image\/jpeg\" \/>\n<meta name=\"author\" content=\"informatica2\" \/>\n<meta name=\"twitter:card\" content=\"summary_large_image\" \/>\n<meta name=\"twitter:label1\" content=\"Escrito por\" \/>\n\t<meta name=\"twitter:data1\" content=\"informatica2\" \/>\n\t<meta name=\"twitter:label2\" content=\"Tiempo de lectura\" \/>\n\t<meta name=\"twitter:data2\" content=\"2 minutos\" \/>\n<script type=\"application\/ld+json\" class=\"yoast-schema-graph\">{\"@context\":\"https:\\\/\\\/schema.org\",\"@graph\":[{\"@type\":\"Article\",\"@id\":\"https:\\\/\\\/www.caudete.org\\\/ayuntamiento\\\/calendario-2026-del-mercadillo-de-los-viernes\\\/#article\",\"isPartOf\":{\"@id\":\"https:\\\/\\\/www.caudete.org\\\/ayuntamiento\\\/calendario-2026-del-mercadillo-de-los-viernes\\\/\"},\"author\":{\"name\":\"informatica2\",\"@id\":\"https:\\\/\\\/www.caudete.org\\\/ayuntamiento\\\/#\\\/schema\\\/person\\\/abfa5ffd5010a14e078c21e6e61b6291\"},\"headline\":\"Calendario 2026 del mercadillo de los viernes\",\"datePublished\":\"2026-01-21T07:07:01+00:00\",\"dateModified\":\"2026-01-21T09:32:20+00:00\",\"mainEntityOfPage\":{\"@id\":\"https:\\\/\\\/www.caudete.org\\\/ayuntamiento\\\/calendario-2026-del-mercadillo-de-los-viernes\\\/\"},\"wordCount\":279,\"image\":{\"@id\":\"https:\\\/\\\/www.caudete.org\\\/ayuntamiento\\\/calendario-2026-del-mercadillo-de-los-viernes\\\/#primaryimage\"},\"thumbnailUrl\":\"https:\\\/\\\/www.caudete.org\\\/ayuntamiento\\\/wp-content\\\/uploads\\\/2024\\\/03\\\/mercadillo2.jpg\",\"articleSection\":[\"Comercio\"],\"inLanguage\":\"es\"},{\"@type\":\"WebPage\",\"@id\":\"https:\\\/\\\/www.caudete.org\\\/ayuntamiento\\\/calendario-2026-del-mercadillo-de-los-viernes\\\/\",\"url\":\"https:\\\/\\\/www.caudete.org\\\/ayuntamiento\\\/calendario-2026-del-mercadillo-de-los-viernes\\\/\",\"name\":\"Calendario 2026 del mercadillo de los viernes - MI Ayuntamiento de Caudete\",\"isPartOf\":{\"@id\":\"https:\\\/\\\/www.caudete.org\\\/ayuntamiento\\\/#website\"},\"primaryImageOfPage\":{\"@id\":\"https:\\\/\\\/www.caudete.org\\\/ayuntamiento\\\/calendario-2026-del-mercadillo-de-los-viernes\\\/#primaryimage\"},\"image\":{\"@id\":\"https:\\\/\\\/www.caudete.org\\\/ayuntamiento\\\/calendario-2026-del-mercadillo-de-los-viernes\\\/#primaryimage\"},\"thumbnailUrl\":\"https:\\\/\\\/www.caudete.org\\\/ayuntamiento\\\/wp-content\\\/uploads\\\/2024\\\/03\\\/mercadillo2.jpg\",\"datePublished\":\"2026-01-21T07:07:01+00:00\",\"dateModified\":\"2026-01-21T09:32:20+00:00\",\"author\":{\"@id\":\"https:\\\/\\\/www.caudete.org\\\/ayuntamiento\\\/#\\\/schema\\\/person\\\/abfa5ffd5010a14e078c21e6e61b6291\"},\"description\":\"P\u00e1gina Oficial del Ayuntamiento de Caudete (Albacete)\",\"breadcrumb\":{\"@id\":\"https:\\\/\\\/www.caudete.org\\\/ayuntamiento\\\/calendario-2026-del-mercadillo-de-los-viernes\\\/#breadcrumb\"},\"inLanguage\":\"es\",\"potentialAction\":[{\"@type\":\"ReadAction\",\"target\":[\"https:\\\/\\\/www.caudete.org\\\/ayuntamiento\\\/calendario-2026-del-mercadillo-de-los-viernes\\\/\"]}]},{\"@type\":\"ImageObject\",\"inLanguage\":\"es\",\"@id\":\"https:\\\/\\\/www.caudete.org\\\/ayuntamiento\\\/calendario-2026-del-mercadillo-de-los-viernes\\\/#primaryimage\",\"url\":\"https:\\\/\\\/www.caudete.org\\\/ayuntamiento\\\/wp-content\\\/uploads\\\/2024\\\/03\\\/mercadillo2.jpg\",\"contentUrl\":\"https:\\\/\\\/www.caudete.org\\\/ayuntamiento\\\/wp-content\\\/uploads\\\/2024\\\/03\\\/mercadillo2.jpg\",\"width\":1920,\"height\":958},{\"@type\":\"BreadcrumbList\",\"@id\":\"https:\\\/\\\/www.caudete.org\\\/ayuntamiento\\\/calendario-2026-del-mercadillo-de-los-viernes\\\/#breadcrumb\",\"itemListElement\":[{\"@type\":\"ListItem\",\"position\":1,\"name\":\"Inicio\",\"item\":\"https:\\\/\\\/www.caudete.org\\\/ayuntamiento\\\/\"},{\"@type\":\"ListItem\",\"position\":2,\"name\":\"Calendario 2026 del mercadillo de los viernes\"}]},{\"@type\":\"WebSite\",\"@id\":\"https:\\\/\\\/www.caudete.org\\\/ayuntamiento\\\/#website\",\"url\":\"https:\\\/\\\/www.caudete.org\\\/ayuntamiento\\\/\",\"name\":\"MI Ayuntamiento de Caudete\",\"description\":\"P\u00e1gina Oficial del MI Ayuntamiento de Caudete\",\"potentialAction\":[{\"@type\":\"SearchAction\",\"target\":{\"@type\":\"EntryPoint\",\"urlTemplate\":\"https:\\\/\\\/www.caudete.org\\\/ayuntamiento\\\/?s={search_term_string}\"},\"query-input\":{\"@type\":\"PropertyValueSpecification\",\"valueRequired\":true,\"valueName\":\"search_term_string\"}}],\"inLanguage\":\"es\"},{\"@type\":\"Person\",\"@id\":\"https:\\\/\\\/www.caudete.org\\\/ayuntamiento\\\/#\\\/schema\\\/person\\\/abfa5ffd5010a14e078c21e6e61b6291\",\"name\":\"informatica2\",\"image\":{\"@type\":\"ImageObject\",\"inLanguage\":\"es\",\"@id\":\"https:\\\/\\\/secure.gravatar.com\\\/avatar\\\/b089890ff033a3e4d03eec00ecb5a14425217205c513f60ec32ebeaaeb5fa700?s=96&d=mm&r=g\",\"url\":\"https:\\\/\\\/secure.gravatar.com\\\/avatar\\\/b089890ff033a3e4d03eec00ecb5a14425217205c513f60ec32ebeaaeb5fa700?s=96&d=mm&r=g\",\"contentUrl\":\"https:\\\/\\\/secure.gravatar.com\\\/avatar\\\/b089890ff033a3e4d03eec00ecb5a14425217205c513f60ec32ebeaaeb5fa700?s=96&d=mm&r=g\",\"caption\":\"informatica2\"},\"url\":\"https:\\\/\\\/www.caudete.org\\\/ayuntamiento\\\/author\\\/informatica2\\\/\"}]}<\/script>\n<!-- \/ Yoast SEO plugin. -->","yoast_head_json":{"title":"Calendario 2026 del mercadillo de los viernes - MI Ayuntamiento de Caudete","description":"P\u00e1gina Oficial del Ayuntamiento de Caudete (Albacete)","robots":{"index":"index","follow":"follow","max-snippet":"max-snippet:-1","max-image-preview":"max-image-preview:large","max-video-preview":"max-video-preview:-1"},"canonical":"https:\/\/www.caudete.org\/ayuntamiento\/calendario-2026-del-mercadillo-de-los-viernes\/","og_locale":"es_ES","og_type":"article","og_title":"Calendario 2026 del mercadillo de los viernes - MI Ayuntamiento de Caudete","og_description":"P\u00e1gina Oficial del Ayuntamiento de Caudete (Albacete)","og_url":"https:\/\/www.caudete.org\/ayuntamiento\/calendario-2026-del-mercadillo-de-los-viernes\/","og_site_name":"MI Ayuntamiento de Caudete","article_publisher":"https:\/\/www.facebook.com\/ayuntamientocaudete\/","article_published_time":"2026-01-21T07:07:01+00:00","article_modified_time":"2026-01-21T09:32:20+00:00","og_image":[{"width":1920,"height":958,"url":"https:\/\/www.caudete.org\/ayuntamiento\/wp-content\/uploads\/2024\/03\/mercadillo2.jpg","type":"image\/jpeg"}],"author":"informatica2","twitter_card":"summary_large_image","twitter_misc":{"Escrito por":"informatica2","Tiempo de lectura":"2 minutos"},"schema":{"@context":"https:\/\/schema.org","@graph":[{"@type":"Article","@id":"https:\/\/www.caudete.org\/ayuntamiento\/calendario-2026-del-mercadillo-de-los-viernes\/#article","isPartOf":{"@id":"https:\/\/www.caudete.org\/ayuntamiento\/calendario-2026-del-mercadillo-de-los-viernes\/"},"author":{"name":"informatica2","@id":"https:\/\/www.caudete.org\/ayuntamiento\/#\/schema\/person\/abfa5ffd5010a14e078c21e6e61b6291"},"headline":"Calendario 2026 del mercadillo de los viernes","datePublished":"2026-01-21T07:07:01+00:00","dateModified":"2026-01-21T09:32:20+00:00","mainEntityOfPage":{"@id":"https:\/\/www.caudete.org\/ayuntamiento\/calendario-2026-del-mercadillo-de-los-viernes\/"},"wordCount":279,"image":{"@id":"https:\/\/www.caudete.org\/ayuntamiento\/calendario-2026-del-mercadillo-de-los-viernes\/#primaryimage"},"thumbnailUrl":"https:\/\/www.caudete.org\/ayuntamiento\/wp-content\/uploads\/2024\/03\/mercadillo2.jpg","articleSection":["Comercio"],"inLanguage":"es"},{"@type":"WebPage","@id":"https:\/\/www.caudete.org\/ayuntamiento\/calendario-2026-del-mercadillo-de-los-viernes\/","url":"https:\/\/www.caudete.org\/ayuntamiento\/calendario-2026-del-mercadillo-de-los-viernes\/","name":"Calendario 2026 del mercadillo de los viernes - MI Ayuntamiento de Caudete","isPartOf":{"@id":"https:\/\/www.caudete.org\/ayuntamiento\/#website"},"primaryImageOfPage":{"@id":"https:\/\/www.caudete.org\/ayuntamiento\/calendario-2026-del-mercadillo-de-los-viernes\/#primaryimage"},"image":{"@id":"https:\/\/www.caudete.org\/ayuntamiento\/calendario-2026-del-mercadillo-de-los-viernes\/#primaryimage"},"thumbnailUrl":"https:\/\/www.caudete.org\/ayuntamiento\/wp-content\/uploads\/2024\/03\/mercadillo2.jpg","datePublished":"2026-01-21T07:07:01+00:00","dateModified":"2026-01-21T09:32:20+00:00","author":{"@id":"https:\/\/www.caudete.org\/ayuntamiento\/#\/schema\/person\/abfa5ffd5010a14e078c21e6e61b6291"},"description":"P\u00e1gina Oficial del Ayuntamiento de Caudete (Albacete)","breadcrumb":{"@id":"https:\/\/www.caudete.org\/ayuntamiento\/calendario-2026-del-mercadillo-de-los-viernes\/#breadcrumb"},"inLanguage":"es","potentialAction":[{"@type":"ReadAction","target":["https:\/\/www.caudete.org\/ayuntamiento\/calendario-2026-del-mercadillo-de-los-viernes\/"]}]},{"@type":"ImageObject","inLanguage":"es","@id":"https:\/\/www.caudete.org\/ayuntamiento\/calendario-2026-del-mercadillo-de-los-viernes\/#primaryimage","url":"https:\/\/www.caudete.org\/ayuntamiento\/wp-content\/uploads\/2024\/03\/mercadillo2.jpg","contentUrl":"https:\/\/www.caudete.org\/ayuntamiento\/wp-content\/uploads\/2024\/03\/mercadillo2.jpg","width":1920,"height":958},{"@type":"BreadcrumbList","@id":"https:\/\/www.caudete.org\/ayuntamiento\/calendario-2026-del-mercadillo-de-los-viernes\/#breadcrumb","itemListElement":[{"@type":"ListItem","position":1,"name":"Inicio","item":"https:\/\/www.caudete.org\/ayuntamiento\/"},{"@type":"ListItem","position":2,"name":"Calendario 2026 del mercadillo de los viernes"}]},{"@type":"WebSite","@id":"https:\/\/www.caudete.org\/ayuntamiento\/#website","url":"https:\/\/www.caudete.org\/ayuntamiento\/","name":"MI Ayuntamiento de Caudete","description":"P\u00e1gina Oficial del MI Ayuntamiento de Caudete","potentialAction":[{"@type":"SearchAction","target":{"@type":"EntryPoint","urlTemplate":"https:\/\/www.caudete.org\/ayuntamiento\/?s={search_term_string}"},"query-input":{"@type":"PropertyValueSpecification","valueRequired":true,"valueName":"search_term_string"}}],"inLanguage":"es"},{"@type":"Person","@id":"https:\/\/www.caudete.org\/ayuntamiento\/#\/schema\/person\/abfa5ffd5010a14e078c21e6e61b6291","name":"informatica2","image":{"@type":"ImageObject","inLanguage":"es","@id":"https:\/\/secure.gravatar.com\/avatar\/b089890ff033a3e4d03eec00ecb5a14425217205c513f60ec32ebeaaeb5fa700?s=96&d=mm&r=g","url":"https:\/\/secure.gravatar.com\/avatar\/b089890ff033a3e4d03eec00ecb5a14425217205c513f60ec32ebeaaeb5fa700?s=96&d=mm&r=g","contentUrl":"https:\/\/secure.gravatar.com\/avatar\/b089890ff033a3e4d03eec00ecb5a14425217205c513f60ec32ebeaaeb5fa700?s=96&d=mm&r=g","caption":"informatica2"},"url":"https:\/\/www.caudete.org\/ayuntamiento\/author\/informatica2\/"}]}},"_links":{"self":[{"href":"https:\/\/www.caudete.org\/ayuntamiento\/wp-json\/wp\/v2\/posts\/32331","targetHints":{"allow":["GET"]}}],"collection":[{"href":"https:\/\/www.caudete.org\/ayuntamiento\/wp-json\/wp\/v2\/posts"}],"about":[{"href":"https:\/\/www.caudete.org\/ayuntamiento\/wp-json\/wp\/v2\/types\/post"}],"author":[{"embeddable":true,"href":"https:\/\/www.caudete.org\/ayuntamiento\/wp-json\/wp\/v2\/users\/6"}],"replies":[{"embeddable":true,"href":"https:\/\/www.caudete.org\/ayuntamiento\/wp-json\/wp\/v2\/comments?post=32331"}],"version-history":[{"count":1,"href":"https:\/\/www.caudete.org\/ayuntamiento\/wp-json\/wp\/v2\/posts\/32331\/revisions"}],"predecessor-version":[{"id":32332,"href":"https:\/\/www.caudete.org\/ayuntamiento\/wp-json\/wp\/v2\/posts\/32331\/revisions\/32332"}],"wp:featuredmedia":[{"embeddable":true,"href":"https:\/\/www.caudete.org\/ayuntamiento\/wp-json\/wp\/v2\/media\/24714"}],"wp:attachment":[{"href":"https:\/\/www.caudete.org\/ayuntamiento\/wp-json\/wp\/v2\/media?parent=32331"}],"wp:term":[{"taxonomy":"category","embeddable":true,"href":"https:\/\/www.caudete.org\/ayuntamiento\/wp-json\/wp\/v2\/categories?post=32331"},{"taxonomy":"post_tag","embeddable":true,"href":"https:\/\/www.caudete.org\/ayuntamiento\/wp-json\/wp\/v2\/tags?post=32331"}],"curies":[{"name":"wp","href":"https:\/\/api.w.org\/{rel}","templated":true}]}}